{"id":4641,"date":"2013-08-28T13:29:06","date_gmt":"2013-08-28T16:29:06","guid":{"rendered":"http:\/\/www.encontraminasgerais.com.br\/itabira\/?p=4641"},"modified":"2013-08-28T13:29:22","modified_gmt":"2013-08-28T16:29:22","slug":"festival-de-pipas-comeca-em-1-de-setembro-em-itabira","status":"publish","type":"post","link":"https:\/\/www.encontraminasgerais.com.br\/itabira\/festival-de-pipas-comeca-em-1-de-setembro-em-itabira\/","title":{"rendered":"Festival de Pipas come\u00e7a em 1 de setembro em Itabira"},"content":{"rendered":"<p style=\"text-align: justify;\">O Festival de Pipas que aconteceria no dia 18 de agosto, foi cancelado devido ao tempo chuvoso, e a Secretaria Municipal de Esportes e Lazer (SMEL) marcou nova data para o evento, que ser\u00e1 no domingo, 1\u00ba de setembro. O local e o hor\u00e1rio foram mantidos: Pico do Amor, a partir das 8h.<\/p>\n<p style=\"text-align: justify;\">Os objetivos do festival s\u00e3o promover entretenimento e divers\u00e3o para a popula\u00e7\u00e3o, incentivar a cria\u00e7\u00e3o de pipas, provocar a integra\u00e7\u00e3o entre amigos, pais e filhos. Busca-se, tamb\u00e9m, o despertar a consci\u00eancia ecol\u00f3gica, partindo da reflex\u00e3o sobre a import\u00e2ncia do uso de materiais adequados na cria\u00e7\u00e3o das pipas, longe da rede el\u00e9trica e sem uso de cerol.<\/p>\n<p style=\"text-align: justify;\">As inscri\u00e7\u00f5es podem ser feitas na SMEL ou no local do evento, das 8h \u00e0s 9h30.<\/p>\n<p style=\"text-align: justify;\"><strong>Programa\u00e7\u00e3o:<\/strong><\/p>\n<p style=\"text-align: justify;\">&#8211;\u00a0 8h \u00e0s 9h30 \u2013 inscri\u00e7\u00e3o e ativa\u00e7\u00e3o do hospital das pipas;<\/p>\n<p style=\"text-align: justify;\">&#8211;\u00a0 9h30 \u00e0s 10h \u2013 palestra sobre a pipa e meio ambiente;<\/p>\n<p style=\"text-align: justify;\">&#8211; 10h15 \u2013 in\u00edcio das competi\u00e7\u00f5es;<\/p>\n<p style=\"text-align: justify;\">&#8211; 13h \u2013 fim das competi\u00e7\u00f5es (apura\u00e7\u00e3o dos resultados);<\/p>\n<p style=\"text-align: justify;\">&#8211; 13h30 \u2013 encerramento e entrega da premia\u00e7\u00e3o.<\/p>\n<p style=\"text-align: justify;\"><strong>\u00a0Categorias:<\/strong><\/p>\n<p style=\"text-align: justify;\">&#8211; engenhosidade;<\/p>\n<p style=\"text-align: justify;\">&#8211; tamanho (maior e menor pipa);<\/p>\n<p style=\"text-align: justify;\">&#8211;\u00a0 idade (participante mais novo e mais idoso);<\/p>\n<p style=\"text-align: justify;\">&#8211;\u00a0 manobra;<\/p>\n<p style=\"text-align: justify;\">&#8211; destaque do Festival de Pipas;<\/p>\n<p style=\"text-align: justify;\">Haver\u00e1 premia\u00e7\u00e3o para os primeiros colocados.<\/p>\n<p style=\"text-align: justify;\">Outras Informa\u00e7\u00f5es: 3839 2202.<\/p>\n","protected":false},"excerpt":{"rendered":"<p>O Festival de Pipas que aconteceria no dia 18 de agosto, foi cancelado devido ao tempo chuvoso, e a Secretaria Municipal de Esportes e Lazer (SMEL) marcou nova data para o evento, que ser\u00e1 no domingo, 1\u00ba de setembro. O local e o hor\u00e1rio foram mantidos: Pico do Amor, a partir das 8h. Os objetivos do festival s\u00e3o promover entretenimento e divers\u00e3o para a popula\u00e7\u00e3o, incentivar a cria\u00e7\u00e3o de pipas, provocar a integra\u00e7\u00e3o entre amigos, pais e filhos. Busca-se, tamb\u00e9m, o despertar a consci\u00eancia ecol\u00f3gica, partindo da reflex\u00e3o sobre a import\u00e2ncia do uso de materiais adequados na cria\u00e7\u00e3o das pipas, <\/p>\n","protected":false},"author":1,"featured_media":4642,"comment_status":"open","ping_status":"open","sticky":false,"template":"","format":"standard","meta":{"footnotes":""},"categories":[5],"tags":[],"class_list":["post-4641","post","type-post","status-publish","format-standard","has-post-thumbnail","hentry","category-noticias","has_thumb"],"yoast_head":"<!-- This site is optimized with the Yoast SEO plugin v28.1 - https:\/\/yoast.com\/product\/yoast-seo-wordpress\/ -->\n<title>Festival de Pipas come\u00e7a em 1 de setembro em Itabira | Guia Comercial de Itabira MG<\/title>\n<meta name=\"robots\" content=\"index, follow, max-snippet:-1, max-image-preview:large, max-video-preview:-1\" \/>\n<link rel=\"canonical\" href=\"https:\/\/www.encontraminasgerais.com.br\/itabira\/festival-de-pipas-comeca-em-1-de-setembro-em-itabira\/\" \/>\n<meta property=\"og:locale\" content=\"pt_BR\" \/>\n<meta property=\"og:type\" content=\"article\" \/>\n<meta property=\"og:title\" content=\"Festival de Pipas come\u00e7a em 1 de setembro em Itabira | Guia Comercial de Itabira MG\" \/>\n<meta property=\"og:description\" content=\"O Festival de Pipas que aconteceria no dia 18 de agosto, foi cancelado devido ao tempo chuvoso, e a Secretaria Municipal de Esportes e Lazer (SMEL) marcou nova data para o evento, que ser\u00e1 no domingo, 1\u00ba de setembro. O local e o hor\u00e1rio foram mantidos: Pico do Amor, a partir das 8h. Os objetivos do festival s\u00e3o promover entretenimento e divers\u00e3o para a popula\u00e7\u00e3o, incentivar a cria\u00e7\u00e3o de pipas, provocar a integra\u00e7\u00e3o entre amigos, pais e filhos. Busca-se, tamb\u00e9m, o despertar a consci\u00eancia ecol\u00f3gica, partindo da reflex\u00e3o sobre a import\u00e2ncia do uso de materiais adequados na cria\u00e7\u00e3o das pipas,\" \/>\n<meta property=\"og:url\" content=\"https:\/\/www.encontraminasgerais.com.br\/itabira\/festival-de-pipas-comeca-em-1-de-setembro-em-itabira\/\" \/>\n<meta property=\"og:site_name\" content=\"Guia Comercial de Itabira MG\" \/>\n<meta property=\"article:published_time\" content=\"2013-08-28T16:29:06+00:00\" \/>\n<meta property=\"article:modified_time\" content=\"2013-08-28T16:29:22+00:00\" \/>\n<meta property=\"og:image\" content=\"https:\/\/www.encontraminasgerais.com.br\/itabira\/wp-content\/uploads\/2013\/08\/festival-de-pipas.jpg\" \/>\n\t<meta property=\"og:image:width\" content=\"3329\" \/>\n\t<meta property=\"og:image:height\" content=\"1413\" \/>\n\t<meta property=\"og:image:type\" content=\"image\/jpeg\" \/>\n<meta name=\"author\" content=\"Encontra Itabira\" \/>\n<meta name=\"twitter:card\" content=\"summary_large_image\" \/>\n<meta name=\"twitter:label1\" content=\"Escrito por\" \/>\n\t<meta name=\"twitter:data1\" content=\"Encontra Itabira\" \/>\n\t<meta name=\"twitter:label2\" content=\"Est. tempo de leitura\" \/>\n\t<meta name=\"twitter:data2\" content=\"1 minuto\" \/>\n<script type=\"application\/ld+json\" class=\"yoast-schema-graph\">{\"@context\":\"https:\\\/\\\/schema.org\",\"@graph\":[{\"@type\":\"Article\",\"@id\":\"https:\\\/\\\/www.encontraminasgerais.com.br\\\/itabira\\\/festival-de-pipas-comeca-em-1-de-setembro-em-itabira\\\/#article\",\"isPartOf\":{\"@id\":\"https:\\\/\\\/www.encontraminasgerais.com.br\\\/itabira\\\/festival-de-pipas-comeca-em-1-de-setembro-em-itabira\\\/\"},\"author\":{\"name\":\"Encontra Itabira\",\"@id\":\"https:\\\/\\\/www.encontraminasgerais.com.br\\\/itabira\\\/#\\\/schema\\\/person\\\/9ae8a8f5ce59322c92e2499b550870b0\"},\"headline\":\"Festival de Pipas come\u00e7a em 1 de setembro em Itabira\",\"datePublished\":\"2013-08-28T16:29:06+00:00\",\"dateModified\":\"2013-08-28T16:29:22+00:00\",\"mainEntityOfPage\":{\"@id\":\"https:\\\/\\\/www.encontraminasgerais.com.br\\\/itabira\\\/festival-de-pipas-comeca-em-1-de-setembro-em-itabira\\\/\"},\"wordCount\":233,\"commentCount\":0,\"image\":{\"@id\":\"https:\\\/\\\/www.encontraminasgerais.com.br\\\/itabira\\\/festival-de-pipas-comeca-em-1-de-setembro-em-itabira\\\/#primaryimage\"},\"thumbnailUrl\":\"https:\\\/\\\/www.encontraminasgerais.com.br\\\/itabira\\\/wp-content\\\/uploads\\\/2013\\\/08\\\/festival-de-pipas.jpg\",\"articleSection\":[\"Not\u00edcias Itabira\"],\"inLanguage\":\"pt-BR\",\"potentialAction\":[{\"@type\":\"CommentAction\",\"name\":\"Comment\",\"target\":[\"https:\\\/\\\/www.encontraminasgerais.com.br\\\/itabira\\\/festival-de-pipas-comeca-em-1-de-setembro-em-itabira\\\/#respond\"]}]},{\"@type\":\"WebPage\",\"@id\":\"https:\\\/\\\/www.encontraminasgerais.com.br\\\/itabira\\\/festival-de-pipas-comeca-em-1-de-setembro-em-itabira\\\/\",\"url\":\"https:\\\/\\\/www.encontraminasgerais.com.br\\\/itabira\\\/festival-de-pipas-comeca-em-1-de-setembro-em-itabira\\\/\",\"name\":\"Festival de Pipas come\u00e7a em 1 de setembro em Itabira | Guia Comercial de Itabira MG\",\"isPartOf\":{\"@id\":\"https:\\\/\\\/www.encontraminasgerais.com.br\\\/itabira\\\/#website\"},\"primaryImageOfPage\":{\"@id\":\"https:\\\/\\\/www.encontraminasgerais.com.br\\\/itabira\\\/festival-de-pipas-comeca-em-1-de-setembro-em-itabira\\\/#primaryimage\"},\"image\":{\"@id\":\"https:\\\/\\\/www.encontraminasgerais.com.br\\\/itabira\\\/festival-de-pipas-comeca-em-1-de-setembro-em-itabira\\\/#primaryimage\"},\"thumbnailUrl\":\"https:\\\/\\\/www.encontraminasgerais.com.br\\\/itabira\\\/wp-content\\\/uploads\\\/2013\\\/08\\\/festival-de-pipas.jpg\",\"datePublished\":\"2013-08-28T16:29:06+00:00\",\"dateModified\":\"2013-08-28T16:29:22+00:00\",\"author\":{\"@id\":\"https:\\\/\\\/www.encontraminasgerais.com.br\\\/itabira\\\/#\\\/schema\\\/person\\\/9ae8a8f5ce59322c92e2499b550870b0\"},\"inLanguage\":\"pt-BR\",\"potentialAction\":[{\"@type\":\"ReadAction\",\"target\":[\"https:\\\/\\\/www.encontraminasgerais.com.br\\\/itabira\\\/festival-de-pipas-comeca-em-1-de-setembro-em-itabira\\\/\"]}]},{\"@type\":\"ImageObject\",\"inLanguage\":\"pt-BR\",\"@id\":\"https:\\\/\\\/www.encontraminasgerais.com.br\\\/itabira\\\/festival-de-pipas-comeca-em-1-de-setembro-em-itabira\\\/#primaryimage\",\"url\":\"https:\\\/\\\/www.encontraminasgerais.com.br\\\/itabira\\\/wp-content\\\/uploads\\\/2013\\\/08\\\/festival-de-pipas.jpg\",\"contentUrl\":\"https:\\\/\\\/www.encontraminasgerais.com.br\\\/itabira\\\/wp-content\\\/uploads\\\/2013\\\/08\\\/festival-de-pipas.jpg\",\"width\":3329,\"height\":1413},{\"@type\":\"WebSite\",\"@id\":\"https:\\\/\\\/www.encontraminasgerais.com.br\\\/itabira\\\/#website\",\"url\":\"https:\\\/\\\/www.encontraminasgerais.com.br\\\/itabira\\\/\",\"name\":\"Guia Comercial de Itabira MG\",\"description\":\"ENCONTRA ITABIRA - O guia comercial de neg\u00f3cios e empresas, cultura e divers\u00e3o na cidade de Itabira. Feito 100% para voc\u00ea morador!\",\"potentialAction\":[{\"@type\":\"SearchAction\",\"target\":{\"@type\":\"EntryPoint\",\"urlTemplate\":\"https:\\\/\\\/www.encontraminasgerais.com.br\\\/itabira\\\/?s={search_term_string}\"},\"query-input\":{\"@type\":\"PropertyValueSpecification\",\"valueRequired\":true,\"valueName\":\"search_term_string\"}}],\"inLanguage\":\"pt-BR\"},{\"@type\":\"Person\",\"@id\":\"https:\\\/\\\/www.encontraminasgerais.com.br\\\/itabira\\\/#\\\/schema\\\/person\\\/9ae8a8f5ce59322c92e2499b550870b0\",\"name\":\"Encontra Itabira\",\"image\":{\"@type\":\"ImageObject\",\"inLanguage\":\"pt-BR\",\"@id\":\"https:\\\/\\\/secure.gravatar.com\\\/avatar\\\/c50c17820bcf322f0a8fd6b110b8c0918141409dc69076470f6fca5fee70a5d4?s=96&d=mm&r=g\",\"url\":\"https:\\\/\\\/secure.gravatar.com\\\/avatar\\\/c50c17820bcf322f0a8fd6b110b8c0918141409dc69076470f6fca5fee70a5d4?s=96&d=mm&r=g\",\"contentUrl\":\"https:\\\/\\\/secure.gravatar.com\\\/avatar\\\/c50c17820bcf322f0a8fd6b110b8c0918141409dc69076470f6fca5fee70a5d4?s=96&d=mm&r=g\",\"caption\":\"Encontra Itabira\"},\"url\":\"https:\\\/\\\/www.encontraminasgerais.com.br\\\/itabira\\\/author\\\/encontraitabira\\\/\"}]}<\/script>\n<!-- \/ Yoast SEO plugin. -->","yoast_head_json":{"title":"Festival de Pipas come\u00e7a em 1 de setembro em Itabira | Guia Comercial de Itabira MG","robots":{"index":"index","follow":"follow","max-snippet":"max-snippet:-1","max-image-preview":"max-image-preview:large","max-video-preview":"max-video-preview:-1"},"canonical":"https:\/\/www.encontraminasgerais.com.br\/itabira\/festival-de-pipas-comeca-em-1-de-setembro-em-itabira\/","og_locale":"pt_BR","og_type":"article","og_title":"Festival de Pipas come\u00e7a em 1 de setembro em Itabira | Guia Comercial de Itabira MG","og_description":"O Festival de Pipas que aconteceria no dia 18 de agosto, foi cancelado devido ao tempo chuvoso, e a Secretaria Municipal de Esportes e Lazer (SMEL) marcou nova data para o evento, que ser\u00e1 no domingo, 1\u00ba de setembro. O local e o hor\u00e1rio foram mantidos: Pico do Amor, a partir das 8h. Os objetivos do festival s\u00e3o promover entretenimento e divers\u00e3o para a popula\u00e7\u00e3o, incentivar a cria\u00e7\u00e3o de pipas, provocar a integra\u00e7\u00e3o entre amigos, pais e filhos. Busca-se, tamb\u00e9m, o despertar a consci\u00eancia ecol\u00f3gica, partindo da reflex\u00e3o sobre a import\u00e2ncia do uso de materiais adequados na cria\u00e7\u00e3o das pipas,","og_url":"https:\/\/www.encontraminasgerais.com.br\/itabira\/festival-de-pipas-comeca-em-1-de-setembro-em-itabira\/","og_site_name":"Guia Comercial de Itabira MG","article_published_time":"2013-08-28T16:29:06+00:00","article_modified_time":"2013-08-28T16:29:22+00:00","og_image":[{"width":3329,"height":1413,"url":"https:\/\/www.encontraminasgerais.com.br\/itabira\/wp-content\/uploads\/2013\/08\/festival-de-pipas.jpg","type":"image\/jpeg"}],"author":"Encontra Itabira","twitter_card":"summary_large_image","twitter_misc":{"Escrito por":"Encontra Itabira","Est. tempo de leitura":"1 minuto"},"schema":{"@context":"https:\/\/schema.org","@graph":[{"@type":"Article","@id":"https:\/\/www.encontraminasgerais.com.br\/itabira\/festival-de-pipas-comeca-em-1-de-setembro-em-itabira\/#article","isPartOf":{"@id":"https:\/\/www.encontraminasgerais.com.br\/itabira\/festival-de-pipas-comeca-em-1-de-setembro-em-itabira\/"},"author":{"name":"Encontra Itabira","@id":"https:\/\/www.encontraminasgerais.com.br\/itabira\/#\/schema\/person\/9ae8a8f5ce59322c92e2499b550870b0"},"headline":"Festival de Pipas come\u00e7a em 1 de setembro em Itabira","datePublished":"2013-08-28T16:29:06+00:00","dateModified":"2013-08-28T16:29:22+00:00","mainEntityOfPage":{"@id":"https:\/\/www.encontraminasgerais.com.br\/itabira\/festival-de-pipas-comeca-em-1-de-setembro-em-itabira\/"},"wordCount":233,"commentCount":0,"image":{"@id":"https:\/\/www.encontraminasgerais.com.br\/itabira\/festival-de-pipas-comeca-em-1-de-setembro-em-itabira\/#primaryimage"},"thumbnailUrl":"https:\/\/www.encontraminasgerais.com.br\/itabira\/wp-content\/uploads\/2013\/08\/festival-de-pipas.jpg","articleSection":["Not\u00edcias Itabira"],"inLanguage":"pt-BR","potentialAction":[{"@type":"CommentAction","name":"Comment","target":["https:\/\/www.encontraminasgerais.com.br\/itabira\/festival-de-pipas-comeca-em-1-de-setembro-em-itabira\/#respond"]}]},{"@type":"WebPage","@id":"https:\/\/www.encontraminasgerais.com.br\/itabira\/festival-de-pipas-comeca-em-1-de-setembro-em-itabira\/","url":"https:\/\/www.encontraminasgerais.com.br\/itabira\/festival-de-pipas-comeca-em-1-de-setembro-em-itabira\/","name":"Festival de Pipas come\u00e7a em 1 de setembro em Itabira | Guia Comercial de Itabira MG","isPartOf":{"@id":"https:\/\/www.encontraminasgerais.com.br\/itabira\/#website"},"primaryImageOfPage":{"@id":"https:\/\/www.encontraminasgerais.com.br\/itabira\/festival-de-pipas-comeca-em-1-de-setembro-em-itabira\/#primaryimage"},"image":{"@id":"https:\/\/www.encontraminasgerais.com.br\/itabira\/festival-de-pipas-comeca-em-1-de-setembro-em-itabira\/#primaryimage"},"thumbnailUrl":"https:\/\/www.encontraminasgerais.com.br\/itabira\/wp-content\/uploads\/2013\/08\/festival-de-pipas.jpg","datePublished":"2013-08-28T16:29:06+00:00","dateModified":"2013-08-28T16:29:22+00:00","author":{"@id":"https:\/\/www.encontraminasgerais.com.br\/itabira\/#\/schema\/person\/9ae8a8f5ce59322c92e2499b550870b0"},"inLanguage":"pt-BR","potentialAction":[{"@type":"ReadAction","target":["https:\/\/www.encontraminasgerais.com.br\/itabira\/festival-de-pipas-comeca-em-1-de-setembro-em-itabira\/"]}]},{"@type":"ImageObject","inLanguage":"pt-BR","@id":"https:\/\/www.encontraminasgerais.com.br\/itabira\/festival-de-pipas-comeca-em-1-de-setembro-em-itabira\/#primaryimage","url":"https:\/\/www.encontraminasgerais.com.br\/itabira\/wp-content\/uploads\/2013\/08\/festival-de-pipas.jpg","contentUrl":"https:\/\/www.encontraminasgerais.com.br\/itabira\/wp-content\/uploads\/2013\/08\/festival-de-pipas.jpg","width":3329,"height":1413},{"@type":"WebSite","@id":"https:\/\/www.encontraminasgerais.com.br\/itabira\/#website","url":"https:\/\/www.encontraminasgerais.com.br\/itabira\/","name":"Guia Comercial de Itabira MG","description":"ENCONTRA ITABIRA - O guia comercial de neg\u00f3cios e empresas, cultura e divers\u00e3o na cidade de Itabira. Feito 100% para voc\u00ea morador!","potentialAction":[{"@type":"SearchAction","target":{"@type":"EntryPoint","urlTemplate":"https:\/\/www.encontraminasgerais.com.br\/itabira\/?s={search_term_string}"},"query-input":{"@type":"PropertyValueSpecification","valueRequired":true,"valueName":"search_term_string"}}],"inLanguage":"pt-BR"},{"@type":"Person","@id":"https:\/\/www.encontraminasgerais.com.br\/itabira\/#\/schema\/person\/9ae8a8f5ce59322c92e2499b550870b0","name":"Encontra Itabira","image":{"@type":"ImageObject","inLanguage":"pt-BR","@id":"https:\/\/secure.gravatar.com\/avatar\/c50c17820bcf322f0a8fd6b110b8c0918141409dc69076470f6fca5fee70a5d4?s=96&d=mm&r=g","url":"https:\/\/secure.gravatar.com\/avatar\/c50c17820bcf322f0a8fd6b110b8c0918141409dc69076470f6fca5fee70a5d4?s=96&d=mm&r=g","contentUrl":"https:\/\/secure.gravatar.com\/avatar\/c50c17820bcf322f0a8fd6b110b8c0918141409dc69076470f6fca5fee70a5d4?s=96&d=mm&r=g","caption":"Encontra Itabira"},"url":"https:\/\/www.encontraminasgerais.com.br\/itabira\/author\/encontraitabira\/"}]}},"_links":{"self":[{"href":"https:\/\/www.encontraminasgerais.com.br\/itabira\/wp-json\/wp\/v2\/posts\/4641","targetHints":{"allow":["GET"]}}],"collection":[{"href":"https:\/\/www.encontraminasgerais.com.br\/itabira\/wp-json\/wp\/v2\/posts"}],"about":[{"href":"https:\/\/www.encontraminasgerais.com.br\/itabira\/wp-json\/wp\/v2\/types\/post"}],"author":[{"embeddable":true,"href":"https:\/\/www.encontraminasgerais.com.br\/itabira\/wp-json\/wp\/v2\/users\/1"}],"replies":[{"embeddable":true,"href":"https:\/\/www.encontraminasgerais.com.br\/itabira\/wp-json\/wp\/v2\/comments?post=4641"}],"version-history":[{"count":0,"href":"https:\/\/www.encontraminasgerais.com.br\/itabira\/wp-json\/wp\/v2\/posts\/4641\/revisions"}],"wp:featuredmedia":[{"embeddable":true,"href":"https:\/\/www.encontraminasgerais.com.br\/itabira\/wp-json\/wp\/v2\/media\/4642"}],"wp:attachment":[{"href":"https:\/\/www.encontraminasgerais.com.br\/itabira\/wp-json\/wp\/v2\/media?parent=4641"}],"wp:term":[{"taxonomy":"category","embeddable":true,"href":"https:\/\/www.encontraminasgerais.com.br\/itabira\/wp-json\/wp\/v2\/categories?post=4641"},{"taxonomy":"post_tag","embeddable":true,"href":"https:\/\/www.encontraminasgerais.com.br\/itabira\/wp-json\/wp\/v2\/tags?post=4641"}],"curies":[{"name":"wp","href":"https:\/\/api.w.org\/{rel}","templated":true}]}}