{"id":4646,"date":"2013-09-17T10:48:24","date_gmt":"2013-09-17T13:48:24","guid":{"rendered":"http:\/\/www.encontraminasgerais.com.br\/itabira\/?p=4646"},"modified":"2013-09-17T10:48:49","modified_gmt":"2013-09-17T13:48:49","slug":"sede-do-procon-de-itabira-sera-transferida-para-novo-local","status":"publish","type":"post","link":"https:\/\/www.encontraminasgerais.com.br\/itabira\/sede-do-procon-de-itabira-sera-transferida-para-novo-local\/","title":{"rendered":"Sede do Procon de Itabira ser\u00e1 transferida para novo local"},"content":{"rendered":"<p style=\"text-align: justify;\">Na pr\u00f3xima semana, a sede do Procon ser\u00e1 transferida para novo endere\u00e7o. O \u00f3rg\u00e3o de defesa do consumidor que hoje atende na rua Nova Era, n\u00ba 17, Centro, vai mudar para a rua Padre Ol\u00edmpio, n\u00ba 01, bairro Par\u00e1, pr\u00f3ximo \u00e0 ag\u00eancia do Instituto Nacional de Seguridade Social (INSS) em Itabira. Devido \u00e0 mudan\u00e7a, n\u00e3o haver\u00e1 atendimento ao p\u00fablico at\u00e9 a mudan\u00e7a. A partir do dia 18, os atendimentos j\u00e1 ser\u00e3o feitos no novo local.<\/p>\n<p style=\"text-align: justify;\">De acordo com o secret\u00e1rio-executivo do Procon, Henrique Nery, \u201ca sede da rua Nova Era, com a demanda de hoje, ficou ultrapassada. A nova sede ter\u00e1 cinco salas individualizadas para atendimentos, sendo que duas delas ser\u00e3o especializadas para atendimentos aos idosos, gestantes e portadores de necessidades especiais. Tamb\u00e9m possui \u00e1rea ampla para arquivamento dos processos e acomoda\u00e7\u00f5es para o atendimento ao p\u00fablico\u201d. Em m\u00e9dia, o Procon atende 50 pessoas diariamente.<\/p>\n<p style=\"text-align: justify;\">Ele acrescentou que, na sede atual, o valor do aluguel seria reajustado: passaria de R$ 2.033 para R$ 4 mil. Entretanto, surgiu a proposta do im\u00f3vel no bairro Par\u00e1 que possui espa\u00e7o maior e salas com acessibilidade aos portadores de necessidades especiais pelo mesmo valor p\u00f3s-reajuste.<\/p>\n<p style=\"text-align: justify;\">A sede atual possui 171,64m\u00b2 de \u00e1rea constru\u00edda: s\u00e3o tr\u00eas quartos, um banheiro, sala, copa, cozinha, \u00e1rea de servi\u00e7o e garagem. J\u00e1 a nova sede possui 244,23m\u00b2 de \u00e1rea constru\u00edda: 77,43m\u00b2 do por\u00e3o, 84,92m\u00b2 do 1\u00ba pavimento e 81,88m\u00b2 do 2\u00ba pavimento. No im\u00f3vel h\u00e1 quatro quartos, sala, copa, cozinha, \u00e1rea de servi\u00e7o e dois banheiros.<\/p>\n","protected":false},"excerpt":{"rendered":"<p>Na pr\u00f3xima semana, a sede do Procon ser\u00e1 transferida para novo endere\u00e7o. O \u00f3rg\u00e3o de defesa do consumidor que hoje atende na rua Nova Era, n\u00ba 17, Centro, vai mudar para a rua Padre Ol\u00edmpio, n\u00ba 01, bairro Par\u00e1, pr\u00f3ximo \u00e0 ag\u00eancia do Instituto Nacional de Seguridade Social (INSS) em Itabira. Devido \u00e0 mudan\u00e7a, n\u00e3o haver\u00e1 atendimento ao p\u00fablico at\u00e9 a mudan\u00e7a. A partir do dia 18, os atendimentos j\u00e1 ser\u00e3o feitos no novo local. De acordo com o secret\u00e1rio-executivo do Procon, Henrique Nery, \u201ca sede da rua Nova Era, com a demanda de hoje, ficou ultrapassada. A nova sede <\/p>\n","protected":false},"author":1,"featured_media":4647,"comment_status":"open","ping_status":"open","sticky":false,"template":"","format":"standard","meta":{"footnotes":""},"categories":[5],"tags":[],"class_list":["post-4646","post","type-post","status-publish","format-standard","has-post-thumbnail","hentry","category-noticias","has_thumb"],"yoast_head":"<!-- This site is optimized with the Yoast SEO plugin v28.1 - https:\/\/yoast.com\/product\/yoast-seo-wordpress\/ -->\n<title>Sede do Procon de Itabira ser\u00e1 transferida para novo local | Guia Comercial de Itabira MG<\/title>\n<meta name=\"robots\" content=\"index, follow, max-snippet:-1, max-image-preview:large, max-video-preview:-1\" \/>\n<link rel=\"canonical\" href=\"https:\/\/www.encontraminasgerais.com.br\/itabira\/sede-do-procon-de-itabira-sera-transferida-para-novo-local\/\" \/>\n<meta property=\"og:locale\" content=\"pt_BR\" \/>\n<meta property=\"og:type\" content=\"article\" \/>\n<meta property=\"og:title\" content=\"Sede do Procon de Itabira ser\u00e1 transferida para novo local | Guia Comercial de Itabira MG\" \/>\n<meta property=\"og:description\" content=\"Na pr\u00f3xima semana, a sede do Procon ser\u00e1 transferida para novo endere\u00e7o. O \u00f3rg\u00e3o de defesa do consumidor que hoje atende na rua Nova Era, n\u00ba 17, Centro, vai mudar para a rua Padre Ol\u00edmpio, n\u00ba 01, bairro Par\u00e1, pr\u00f3ximo \u00e0 ag\u00eancia do Instituto Nacional de Seguridade Social (INSS) em Itabira. Devido \u00e0 mudan\u00e7a, n\u00e3o haver\u00e1 atendimento ao p\u00fablico at\u00e9 a mudan\u00e7a. A partir do dia 18, os atendimentos j\u00e1 ser\u00e3o feitos no novo local. De acordo com o secret\u00e1rio-executivo do Procon, Henrique Nery, \u201ca sede da rua Nova Era, com a demanda de hoje, ficou ultrapassada. A nova sede\" \/>\n<meta property=\"og:url\" content=\"https:\/\/www.encontraminasgerais.com.br\/itabira\/sede-do-procon-de-itabira-sera-transferida-para-novo-local\/\" \/>\n<meta property=\"og:site_name\" content=\"Guia Comercial de Itabira MG\" \/>\n<meta property=\"article:published_time\" content=\"2013-09-17T13:48:24+00:00\" \/>\n<meta property=\"article:modified_time\" content=\"2013-09-17T13:48:49+00:00\" \/>\n<meta property=\"og:image\" content=\"https:\/\/www.encontraminasgerais.com.br\/itabira\/wp-content\/uploads\/2013\/09\/procon-itabira.jpg\" \/>\n\t<meta property=\"og:image:width\" content=\"640\" \/>\n\t<meta property=\"og:image:height\" content=\"330\" \/>\n\t<meta property=\"og:image:type\" content=\"image\/jpeg\" \/>\n<meta name=\"author\" content=\"Encontra Itabira\" \/>\n<meta name=\"twitter:card\" content=\"summary_large_image\" \/>\n<meta name=\"twitter:label1\" content=\"Escrito por\" \/>\n\t<meta name=\"twitter:data1\" content=\"Encontra Itabira\" \/>\n\t<meta name=\"twitter:label2\" content=\"Est. tempo de leitura\" \/>\n\t<meta name=\"twitter:data2\" content=\"1 minuto\" \/>\n<script type=\"application\/ld+json\" class=\"yoast-schema-graph\">{\"@context\":\"https:\\\/\\\/schema.org\",\"@graph\":[{\"@type\":\"Article\",\"@id\":\"https:\\\/\\\/www.encontraminasgerais.com.br\\\/itabira\\\/sede-do-procon-de-itabira-sera-transferida-para-novo-local\\\/#article\",\"isPartOf\":{\"@id\":\"https:\\\/\\\/www.encontraminasgerais.com.br\\\/itabira\\\/sede-do-procon-de-itabira-sera-transferida-para-novo-local\\\/\"},\"author\":{\"name\":\"Encontra Itabira\",\"@id\":\"https:\\\/\\\/www.encontraminasgerais.com.br\\\/itabira\\\/#\\\/schema\\\/person\\\/9ae8a8f5ce59322c92e2499b550870b0\"},\"headline\":\"Sede do Procon de Itabira ser\u00e1 transferida para novo local\",\"datePublished\":\"2013-09-17T13:48:24+00:00\",\"dateModified\":\"2013-09-17T13:48:49+00:00\",\"mainEntityOfPage\":{\"@id\":\"https:\\\/\\\/www.encontraminasgerais.com.br\\\/itabira\\\/sede-do-procon-de-itabira-sera-transferida-para-novo-local\\\/\"},\"wordCount\":275,\"commentCount\":0,\"image\":{\"@id\":\"https:\\\/\\\/www.encontraminasgerais.com.br\\\/itabira\\\/sede-do-procon-de-itabira-sera-transferida-para-novo-local\\\/#primaryimage\"},\"thumbnailUrl\":\"https:\\\/\\\/www.encontraminasgerais.com.br\\\/itabira\\\/wp-content\\\/uploads\\\/2013\\\/09\\\/procon-itabira.jpg\",\"articleSection\":[\"Not\u00edcias Itabira\"],\"inLanguage\":\"pt-BR\",\"potentialAction\":[{\"@type\":\"CommentAction\",\"name\":\"Comment\",\"target\":[\"https:\\\/\\\/www.encontraminasgerais.com.br\\\/itabira\\\/sede-do-procon-de-itabira-sera-transferida-para-novo-local\\\/#respond\"]}]},{\"@type\":\"WebPage\",\"@id\":\"https:\\\/\\\/www.encontraminasgerais.com.br\\\/itabira\\\/sede-do-procon-de-itabira-sera-transferida-para-novo-local\\\/\",\"url\":\"https:\\\/\\\/www.encontraminasgerais.com.br\\\/itabira\\\/sede-do-procon-de-itabira-sera-transferida-para-novo-local\\\/\",\"name\":\"Sede do Procon de Itabira ser\u00e1 transferida para novo local | Guia Comercial de Itabira MG\",\"isPartOf\":{\"@id\":\"https:\\\/\\\/www.encontraminasgerais.com.br\\\/itabira\\\/#website\"},\"primaryImageOfPage\":{\"@id\":\"https:\\\/\\\/www.encontraminasgerais.com.br\\\/itabira\\\/sede-do-procon-de-itabira-sera-transferida-para-novo-local\\\/#primaryimage\"},\"image\":{\"@id\":\"https:\\\/\\\/www.encontraminasgerais.com.br\\\/itabira\\\/sede-do-procon-de-itabira-sera-transferida-para-novo-local\\\/#primaryimage\"},\"thumbnailUrl\":\"https:\\\/\\\/www.encontraminasgerais.com.br\\\/itabira\\\/wp-content\\\/uploads\\\/2013\\\/09\\\/procon-itabira.jpg\",\"datePublished\":\"2013-09-17T13:48:24+00:00\",\"dateModified\":\"2013-09-17T13:48:49+00:00\",\"author\":{\"@id\":\"https:\\\/\\\/www.encontraminasgerais.com.br\\\/itabira\\\/#\\\/schema\\\/person\\\/9ae8a8f5ce59322c92e2499b550870b0\"},\"inLanguage\":\"pt-BR\",\"potentialAction\":[{\"@type\":\"ReadAction\",\"target\":[\"https:\\\/\\\/www.encontraminasgerais.com.br\\\/itabira\\\/sede-do-procon-de-itabira-sera-transferida-para-novo-local\\\/\"]}]},{\"@type\":\"ImageObject\",\"inLanguage\":\"pt-BR\",\"@id\":\"https:\\\/\\\/www.encontraminasgerais.com.br\\\/itabira\\\/sede-do-procon-de-itabira-sera-transferida-para-novo-local\\\/#primaryimage\",\"url\":\"https:\\\/\\\/www.encontraminasgerais.com.br\\\/itabira\\\/wp-content\\\/uploads\\\/2013\\\/09\\\/procon-itabira.jpg\",\"contentUrl\":\"https:\\\/\\\/www.encontraminasgerais.com.br\\\/itabira\\\/wp-content\\\/uploads\\\/2013\\\/09\\\/procon-itabira.jpg\",\"width\":640,\"height\":330},{\"@type\":\"WebSite\",\"@id\":\"https:\\\/\\\/www.encontraminasgerais.com.br\\\/itabira\\\/#website\",\"url\":\"https:\\\/\\\/www.encontraminasgerais.com.br\\\/itabira\\\/\",\"name\":\"Guia Comercial de Itabira MG\",\"description\":\"ENCONTRA ITABIRA - O guia comercial de neg\u00f3cios e empresas, cultura e divers\u00e3o na cidade de Itabira. Feito 100% para voc\u00ea morador!\",\"potentialAction\":[{\"@type\":\"SearchAction\",\"target\":{\"@type\":\"EntryPoint\",\"urlTemplate\":\"https:\\\/\\\/www.encontraminasgerais.com.br\\\/itabira\\\/?s={search_term_string}\"},\"query-input\":{\"@type\":\"PropertyValueSpecification\",\"valueRequired\":true,\"valueName\":\"search_term_string\"}}],\"inLanguage\":\"pt-BR\"},{\"@type\":\"Person\",\"@id\":\"https:\\\/\\\/www.encontraminasgerais.com.br\\\/itabira\\\/#\\\/schema\\\/person\\\/9ae8a8f5ce59322c92e2499b550870b0\",\"name\":\"Encontra Itabira\",\"image\":{\"@type\":\"ImageObject\",\"inLanguage\":\"pt-BR\",\"@id\":\"https:\\\/\\\/secure.gravatar.com\\\/avatar\\\/c50c17820bcf322f0a8fd6b110b8c0918141409dc69076470f6fca5fee70a5d4?s=96&d=mm&r=g\",\"url\":\"https:\\\/\\\/secure.gravatar.com\\\/avatar\\\/c50c17820bcf322f0a8fd6b110b8c0918141409dc69076470f6fca5fee70a5d4?s=96&d=mm&r=g\",\"contentUrl\":\"https:\\\/\\\/secure.gravatar.com\\\/avatar\\\/c50c17820bcf322f0a8fd6b110b8c0918141409dc69076470f6fca5fee70a5d4?s=96&d=mm&r=g\",\"caption\":\"Encontra Itabira\"},\"url\":\"https:\\\/\\\/www.encontraminasgerais.com.br\\\/itabira\\\/author\\\/encontraitabira\\\/\"}]}<\/script>\n<!-- \/ Yoast SEO plugin. -->","yoast_head_json":{"title":"Sede do Procon de Itabira ser\u00e1 transferida para novo local | Guia Comercial de Itabira MG","robots":{"index":"index","follow":"follow","max-snippet":"max-snippet:-1","max-image-preview":"max-image-preview:large","max-video-preview":"max-video-preview:-1"},"canonical":"https:\/\/www.encontraminasgerais.com.br\/itabira\/sede-do-procon-de-itabira-sera-transferida-para-novo-local\/","og_locale":"pt_BR","og_type":"article","og_title":"Sede do Procon de Itabira ser\u00e1 transferida para novo local | Guia Comercial de Itabira MG","og_description":"Na pr\u00f3xima semana, a sede do Procon ser\u00e1 transferida para novo endere\u00e7o. O \u00f3rg\u00e3o de defesa do consumidor que hoje atende na rua Nova Era, n\u00ba 17, Centro, vai mudar para a rua Padre Ol\u00edmpio, n\u00ba 01, bairro Par\u00e1, pr\u00f3ximo \u00e0 ag\u00eancia do Instituto Nacional de Seguridade Social (INSS) em Itabira. Devido \u00e0 mudan\u00e7a, n\u00e3o haver\u00e1 atendimento ao p\u00fablico at\u00e9 a mudan\u00e7a. A partir do dia 18, os atendimentos j\u00e1 ser\u00e3o feitos no novo local. De acordo com o secret\u00e1rio-executivo do Procon, Henrique Nery, \u201ca sede da rua Nova Era, com a demanda de hoje, ficou ultrapassada. A nova sede","og_url":"https:\/\/www.encontraminasgerais.com.br\/itabira\/sede-do-procon-de-itabira-sera-transferida-para-novo-local\/","og_site_name":"Guia Comercial de Itabira MG","article_published_time":"2013-09-17T13:48:24+00:00","article_modified_time":"2013-09-17T13:48:49+00:00","og_image":[{"width":640,"height":330,"url":"https:\/\/www.encontraminasgerais.com.br\/itabira\/wp-content\/uploads\/2013\/09\/procon-itabira.jpg","type":"image\/jpeg"}],"author":"Encontra Itabira","twitter_card":"summary_large_image","twitter_misc":{"Escrito por":"Encontra Itabira","Est. tempo de leitura":"1 minuto"},"schema":{"@context":"https:\/\/schema.org","@graph":[{"@type":"Article","@id":"https:\/\/www.encontraminasgerais.com.br\/itabira\/sede-do-procon-de-itabira-sera-transferida-para-novo-local\/#article","isPartOf":{"@id":"https:\/\/www.encontraminasgerais.com.br\/itabira\/sede-do-procon-de-itabira-sera-transferida-para-novo-local\/"},"author":{"name":"Encontra Itabira","@id":"https:\/\/www.encontraminasgerais.com.br\/itabira\/#\/schema\/person\/9ae8a8f5ce59322c92e2499b550870b0"},"headline":"Sede do Procon de Itabira ser\u00e1 transferida para novo local","datePublished":"2013-09-17T13:48:24+00:00","dateModified":"2013-09-17T13:48:49+00:00","mainEntityOfPage":{"@id":"https:\/\/www.encontraminasgerais.com.br\/itabira\/sede-do-procon-de-itabira-sera-transferida-para-novo-local\/"},"wordCount":275,"commentCount":0,"image":{"@id":"https:\/\/www.encontraminasgerais.com.br\/itabira\/sede-do-procon-de-itabira-sera-transferida-para-novo-local\/#primaryimage"},"thumbnailUrl":"https:\/\/www.encontraminasgerais.com.br\/itabira\/wp-content\/uploads\/2013\/09\/procon-itabira.jpg","articleSection":["Not\u00edcias Itabira"],"inLanguage":"pt-BR","potentialAction":[{"@type":"CommentAction","name":"Comment","target":["https:\/\/www.encontraminasgerais.com.br\/itabira\/sede-do-procon-de-itabira-sera-transferida-para-novo-local\/#respond"]}]},{"@type":"WebPage","@id":"https:\/\/www.encontraminasgerais.com.br\/itabira\/sede-do-procon-de-itabira-sera-transferida-para-novo-local\/","url":"https:\/\/www.encontraminasgerais.com.br\/itabira\/sede-do-procon-de-itabira-sera-transferida-para-novo-local\/","name":"Sede do Procon de Itabira ser\u00e1 transferida para novo local | Guia Comercial de Itabira MG","isPartOf":{"@id":"https:\/\/www.encontraminasgerais.com.br\/itabira\/#website"},"primaryImageOfPage":{"@id":"https:\/\/www.encontraminasgerais.com.br\/itabira\/sede-do-procon-de-itabira-sera-transferida-para-novo-local\/#primaryimage"},"image":{"@id":"https:\/\/www.encontraminasgerais.com.br\/itabira\/sede-do-procon-de-itabira-sera-transferida-para-novo-local\/#primaryimage"},"thumbnailUrl":"https:\/\/www.encontraminasgerais.com.br\/itabira\/wp-content\/uploads\/2013\/09\/procon-itabira.jpg","datePublished":"2013-09-17T13:48:24+00:00","dateModified":"2013-09-17T13:48:49+00:00","author":{"@id":"https:\/\/www.encontraminasgerais.com.br\/itabira\/#\/schema\/person\/9ae8a8f5ce59322c92e2499b550870b0"},"inLanguage":"pt-BR","potentialAction":[{"@type":"ReadAction","target":["https:\/\/www.encontraminasgerais.com.br\/itabira\/sede-do-procon-de-itabira-sera-transferida-para-novo-local\/"]}]},{"@type":"ImageObject","inLanguage":"pt-BR","@id":"https:\/\/www.encontraminasgerais.com.br\/itabira\/sede-do-procon-de-itabira-sera-transferida-para-novo-local\/#primaryimage","url":"https:\/\/www.encontraminasgerais.com.br\/itabira\/wp-content\/uploads\/2013\/09\/procon-itabira.jpg","contentUrl":"https:\/\/www.encontraminasgerais.com.br\/itabira\/wp-content\/uploads\/2013\/09\/procon-itabira.jpg","width":640,"height":330},{"@type":"WebSite","@id":"https:\/\/www.encontraminasgerais.com.br\/itabira\/#website","url":"https:\/\/www.encontraminasgerais.com.br\/itabira\/","name":"Guia Comercial de Itabira MG","description":"ENCONTRA ITABIRA - O guia comercial de neg\u00f3cios e empresas, cultura e divers\u00e3o na cidade de Itabira. Feito 100% para voc\u00ea morador!","potentialAction":[{"@type":"SearchAction","target":{"@type":"EntryPoint","urlTemplate":"https:\/\/www.encontraminasgerais.com.br\/itabira\/?s={search_term_string}"},"query-input":{"@type":"PropertyValueSpecification","valueRequired":true,"valueName":"search_term_string"}}],"inLanguage":"pt-BR"},{"@type":"Person","@id":"https:\/\/www.encontraminasgerais.com.br\/itabira\/#\/schema\/person\/9ae8a8f5ce59322c92e2499b550870b0","name":"Encontra Itabira","image":{"@type":"ImageObject","inLanguage":"pt-BR","@id":"https:\/\/secure.gravatar.com\/avatar\/c50c17820bcf322f0a8fd6b110b8c0918141409dc69076470f6fca5fee70a5d4?s=96&d=mm&r=g","url":"https:\/\/secure.gravatar.com\/avatar\/c50c17820bcf322f0a8fd6b110b8c0918141409dc69076470f6fca5fee70a5d4?s=96&d=mm&r=g","contentUrl":"https:\/\/secure.gravatar.com\/avatar\/c50c17820bcf322f0a8fd6b110b8c0918141409dc69076470f6fca5fee70a5d4?s=96&d=mm&r=g","caption":"Encontra Itabira"},"url":"https:\/\/www.encontraminasgerais.com.br\/itabira\/author\/encontraitabira\/"}]}},"_links":{"self":[{"href":"https:\/\/www.encontraminasgerais.com.br\/itabira\/wp-json\/wp\/v2\/posts\/4646","targetHints":{"allow":["GET"]}}],"collection":[{"href":"https:\/\/www.encontraminasgerais.com.br\/itabira\/wp-json\/wp\/v2\/posts"}],"about":[{"href":"https:\/\/www.encontraminasgerais.com.br\/itabira\/wp-json\/wp\/v2\/types\/post"}],"author":[{"embeddable":true,"href":"https:\/\/www.encontraminasgerais.com.br\/itabira\/wp-json\/wp\/v2\/users\/1"}],"replies":[{"embeddable":true,"href":"https:\/\/www.encontraminasgerais.com.br\/itabira\/wp-json\/wp\/v2\/comments?post=4646"}],"version-history":[{"count":0,"href":"https:\/\/www.encontraminasgerais.com.br\/itabira\/wp-json\/wp\/v2\/posts\/4646\/revisions"}],"wp:featuredmedia":[{"embeddable":true,"href":"https:\/\/www.encontraminasgerais.com.br\/itabira\/wp-json\/wp\/v2\/media\/4647"}],"wp:attachment":[{"href":"https:\/\/www.encontraminasgerais.com.br\/itabira\/wp-json\/wp\/v2\/media?parent=4646"}],"wp:term":[{"taxonomy":"category","embeddable":true,"href":"https:\/\/www.encontraminasgerais.com.br\/itabira\/wp-json\/wp\/v2\/categories?post=4646"},{"taxonomy":"post_tag","embeddable":true,"href":"https:\/\/www.encontraminasgerais.com.br\/itabira\/wp-json\/wp\/v2\/tags?post=4646"}],"curies":[{"name":"wp","href":"https:\/\/api.w.org\/{rel}","templated":true}]}}