{"id":4649,"date":"2013-09-24T11:45:00","date_gmt":"2013-09-24T14:45:00","guid":{"rendered":"http:\/\/www.encontraminasgerais.com.br\/itabira\/?p=4649"},"modified":"2013-09-24T11:45:31","modified_gmt":"2013-09-24T14:45:31","slug":"inscricoes-abertas-para-conferencia-de-politicas-publicas-sobre-drogas-em-itabira","status":"publish","type":"post","link":"https:\/\/www.encontraminasgerais.com.br\/itabira\/inscricoes-abertas-para-conferencia-de-politicas-publicas-sobre-drogas-em-itabira\/","title":{"rendered":"Inscri\u00e7\u00f5es abertas para confer\u00eancia de Pol\u00edticas P\u00fablicas sobre Drogas em Itabira"},"content":{"rendered":"<p style=\"text-align: justify;\">Na pr\u00f3xima quinta-feira (26), ser\u00e1 realizado em Itabira a 2\u00aa Confer\u00eancia Municipal de Pol\u00edticas P\u00fablicas sobre Drogas. O evento acontecer\u00e1 no audit\u00f3rio da Funda\u00e7\u00e3o Comunit\u00e1ria de Ensino Superior de Itabira (Funcesi), de 7h30 \u00e0s 17h30. A confer\u00eancia \u00e9 aberta a todos os p\u00fablicos e as inscri\u00e7\u00f5es j\u00e1 est\u00e3o abertas.<\/p>\n<p style=\"text-align: justify;\">Com o tema \u201cPol\u00edticas sobre drogas: cen\u00e1rios, avan\u00e7os e desafios\u201d, o evento ser\u00e1 realizado pelo Conselho Municipal de Pol\u00edticas P\u00fablicas sobre Drogas (Comppud) com o apoio da Prefeitura de Itabira, por meio da Secretaria Municipal de Sa\u00fade. Ser\u00e3o abordados os seguintes eixos: viol\u00eancia e seguran\u00e7a p\u00fablica; drogas \u2013 preven\u00e7\u00e3o, tratamento e reinser\u00e7\u00e3o social; cidadania e pol\u00edticas p\u00fablicas.<\/p>\n<p style=\"text-align: justify;\">O presidente do Comppud Rangel S\u00e1 de Oliveira destacou a import\u00e2ncia da participa\u00e7\u00e3o da comunidade. \u201cVamos levantar as quest\u00f5es referentes \u00e0s drogas em nosso munic\u00edpio, selecionar propostas e eleger delegados para a confer\u00eancia estadual. Quanto maior o n\u00famero de delegados, maior ser\u00e1 nossa representatividade\u201d. A confer\u00eancia estadual acontecer\u00e1 em novembro, em local a definir.<\/p>\n<p style=\"text-align: justify;\">As inscri\u00e7\u00f5es podem ser feitas pelo e-mail comppuditabiramg@hotmail.com ou pelo telefone (31) 3839-2620.<\/p>\n<p style=\"text-align: justify;\"><strong>Veja a programa\u00e7\u00e3o completa:<\/strong><\/p>\n<p style=\"text-align: justify;\">7h30 \u2013 Credenciamento<\/p>\n<p style=\"text-align: justify;\">8h40 \u2013 Abertura<\/p>\n<p style=\"text-align: justify;\">9h \u2013 Leitura e aprova\u00e7\u00e3o do regimento interno<\/p>\n<p style=\"text-align: justify;\">9h15 \u2013 Palestra \u201cPreven\u00e7\u00e3o, tratamento e reinser\u00e7\u00e3o social\u201d com Ronaldo Viana (superintendente da Terra da Sobriedade e coordenador do Programa Papo Legal \u2013 Belo Horizonte)<\/p>\n<p style=\"text-align: justify;\">10h30 \u2013 Palestra \u201cInterna\u00e7\u00e3o compuls\u00f3ria\u201d com Renata Almeida Barbosa (coordenadora do curso de Direito da Funcesi)<\/p>\n<p style=\"text-align: justify;\">11h15 \u2013 Debate<\/p>\n<p style=\"text-align: justify;\">12h \u2013 Intervalo para o almo\u00e7o<\/p>\n<p style=\"text-align: justify;\">13h \u2013 Trabalhos dos grupos tem\u00e1ticos<\/p>\n<p style=\"text-align: justify;\">15h30 \u2013 Caf\u00e9<\/p>\n<p style=\"text-align: justify;\">16h \u2013 Plen\u00e1ria final<\/p>\n<p style=\"text-align: justify;\">17h \u2013 Elei\u00e7\u00e3o dos delegados para a confer\u00eancia estadual<\/p>\n<p style=\"text-align: justify;\">17h30 \u2013 Encerramento<\/p>\n<div id=\"attachment_4650\" style=\"width: 650px\" class=\"wp-caption aligncenter\"><a href=\"http:\/\/www.encontraminasgerais.com.br\/itabira\/wp-content\/uploads\/2013\/09\/politicas-sobre-drogas.jpg\"><img loading=\"lazy\" decoding=\"async\" aria-describedby=\"caption-attachment-4650\" class=\"size-full wp-image-4650\" alt=\"Inscri\u00e7\u00f5es abertas para confer\u00eancia de Pol\u00edticas P\u00fablicas sobre Drogas\" src=\"http:\/\/www.encontraminasgerais.com.br\/itabira\/wp-content\/uploads\/2013\/09\/politicas-sobre-drogas.jpg\" width=\"640\" height=\"330\" srcset=\"https:\/\/www.encontraminasgerais.com.br\/itabira\/wp-content\/uploads\/2013\/09\/politicas-sobre-drogas.jpg 640w, https:\/\/www.encontraminasgerais.com.br\/itabira\/wp-content\/uploads\/2013\/09\/politicas-sobre-drogas-300x154.jpg 300w\" sizes=\"auto, (max-width: 640px) 100vw, 640px\" \/><\/a><p id=\"caption-attachment-4650\" class=\"wp-caption-text\">Inscri\u00e7\u00f5es abertas para confer\u00eancia de Pol\u00edticas P\u00fablicas sobre Drogas<\/p><\/div>\n<p style=\"text-align: justify;\">\n","protected":false},"excerpt":{"rendered":"<p>Na pr\u00f3xima quinta-feira (26), ser\u00e1 realizado em Itabira a 2\u00aa Confer\u00eancia Municipal de Pol\u00edticas P\u00fablicas sobre Drogas. O evento acontecer\u00e1 no audit\u00f3rio da Funda\u00e7\u00e3o Comunit\u00e1ria de Ensino Superior de Itabira (Funcesi), de 7h30 \u00e0s 17h30. A confer\u00eancia \u00e9 aberta a todos os p\u00fablicos e as inscri\u00e7\u00f5es j\u00e1 est\u00e3o abertas. Com o tema \u201cPol\u00edticas sobre drogas: cen\u00e1rios, avan\u00e7os e desafios\u201d, o evento ser\u00e1 realizado pelo Conselho Municipal de Pol\u00edticas P\u00fablicas sobre Drogas (Comppud) com o apoio da Prefeitura de Itabira, por meio da Secretaria Municipal de Sa\u00fade. Ser\u00e3o abordados os seguintes eixos: viol\u00eancia e seguran\u00e7a p\u00fablica; drogas \u2013 preven\u00e7\u00e3o, tratamento e <\/p>\n","protected":false},"author":1,"featured_media":4650,"comment_status":"open","ping_status":"open","sticky":false,"template":"","format":"standard","meta":{"footnotes":""},"categories":[5],"tags":[],"class_list":["post-4649","post","type-post","status-publish","format-standard","has-post-thumbnail","hentry","category-noticias","has_thumb"],"yoast_head":"<!-- This site is optimized with the Yoast SEO plugin v28.1 - https:\/\/yoast.com\/product\/yoast-seo-wordpress\/ -->\n<title>Inscri\u00e7\u00f5es abertas para confer\u00eancia de Pol\u00edticas P\u00fablicas sobre Drogas em Itabira | Guia Comercial de Itabira MG<\/title>\n<meta name=\"robots\" content=\"index, follow, max-snippet:-1, max-image-preview:large, max-video-preview:-1\" \/>\n<link rel=\"canonical\" href=\"https:\/\/www.encontraminasgerais.com.br\/itabira\/inscricoes-abertas-para-conferencia-de-politicas-publicas-sobre-drogas-em-itabira\/\" \/>\n<meta property=\"og:locale\" content=\"pt_BR\" \/>\n<meta property=\"og:type\" content=\"article\" \/>\n<meta property=\"og:title\" content=\"Inscri\u00e7\u00f5es abertas para confer\u00eancia de Pol\u00edticas P\u00fablicas sobre Drogas em Itabira | Guia Comercial de Itabira MG\" \/>\n<meta property=\"og:description\" content=\"Na pr\u00f3xima quinta-feira (26), ser\u00e1 realizado em Itabira a 2\u00aa Confer\u00eancia Municipal de Pol\u00edticas P\u00fablicas sobre Drogas. O evento acontecer\u00e1 no audit\u00f3rio da Funda\u00e7\u00e3o Comunit\u00e1ria de Ensino Superior de Itabira (Funcesi), de 7h30 \u00e0s 17h30. A confer\u00eancia \u00e9 aberta a todos os p\u00fablicos e as inscri\u00e7\u00f5es j\u00e1 est\u00e3o abertas. Com o tema \u201cPol\u00edticas sobre drogas: cen\u00e1rios, avan\u00e7os e desafios\u201d, o evento ser\u00e1 realizado pelo Conselho Municipal de Pol\u00edticas P\u00fablicas sobre Drogas (Comppud) com o apoio da Prefeitura de Itabira, por meio da Secretaria Municipal de Sa\u00fade. Ser\u00e3o abordados os seguintes eixos: viol\u00eancia e seguran\u00e7a p\u00fablica; drogas \u2013 preven\u00e7\u00e3o, tratamento e\" \/>\n<meta property=\"og:url\" content=\"https:\/\/www.encontraminasgerais.com.br\/itabira\/inscricoes-abertas-para-conferencia-de-politicas-publicas-sobre-drogas-em-itabira\/\" \/>\n<meta property=\"og:site_name\" content=\"Guia Comercial de Itabira MG\" \/>\n<meta property=\"article:published_time\" content=\"2013-09-24T14:45:00+00:00\" \/>\n<meta property=\"article:modified_time\" content=\"2013-09-24T14:45:31+00:00\" \/>\n<meta property=\"og:image\" content=\"https:\/\/www.encontraminasgerais.com.br\/itabira\/wp-content\/uploads\/2013\/09\/politicas-sobre-drogas.jpg\" \/>\n\t<meta property=\"og:image:width\" content=\"640\" \/>\n\t<meta property=\"og:image:height\" content=\"330\" \/>\n\t<meta property=\"og:image:type\" content=\"image\/jpeg\" \/>\n<meta name=\"author\" content=\"Encontra Itabira\" \/>\n<meta name=\"twitter:card\" content=\"summary_large_image\" \/>\n<meta name=\"twitter:label1\" content=\"Escrito por\" \/>\n\t<meta name=\"twitter:data1\" content=\"Encontra Itabira\" \/>\n\t<meta name=\"twitter:label2\" content=\"Est. tempo de leitura\" \/>\n\t<meta name=\"twitter:data2\" content=\"2 minutos\" \/>\n<script type=\"application\/ld+json\" class=\"yoast-schema-graph\">{\"@context\":\"https:\\\/\\\/schema.org\",\"@graph\":[{\"@type\":\"Article\",\"@id\":\"https:\\\/\\\/www.encontraminasgerais.com.br\\\/itabira\\\/inscricoes-abertas-para-conferencia-de-politicas-publicas-sobre-drogas-em-itabira\\\/#article\",\"isPartOf\":{\"@id\":\"https:\\\/\\\/www.encontraminasgerais.com.br\\\/itabira\\\/inscricoes-abertas-para-conferencia-de-politicas-publicas-sobre-drogas-em-itabira\\\/\"},\"author\":{\"name\":\"Encontra Itabira\",\"@id\":\"https:\\\/\\\/www.encontraminasgerais.com.br\\\/itabira\\\/#\\\/schema\\\/person\\\/9ae8a8f5ce59322c92e2499b550870b0\"},\"headline\":\"Inscri\u00e7\u00f5es abertas para confer\u00eancia de Pol\u00edticas P\u00fablicas sobre Drogas em Itabira\",\"datePublished\":\"2013-09-24T14:45:00+00:00\",\"dateModified\":\"2013-09-24T14:45:31+00:00\",\"mainEntityOfPage\":{\"@id\":\"https:\\\/\\\/www.encontraminasgerais.com.br\\\/itabira\\\/inscricoes-abertas-para-conferencia-de-politicas-publicas-sobre-drogas-em-itabira\\\/\"},\"wordCount\":329,\"commentCount\":0,\"image\":{\"@id\":\"https:\\\/\\\/www.encontraminasgerais.com.br\\\/itabira\\\/inscricoes-abertas-para-conferencia-de-politicas-publicas-sobre-drogas-em-itabira\\\/#primaryimage\"},\"thumbnailUrl\":\"https:\\\/\\\/www.encontraminasgerais.com.br\\\/itabira\\\/wp-content\\\/uploads\\\/2013\\\/09\\\/politicas-sobre-drogas.jpg\",\"articleSection\":[\"Not\u00edcias Itabira\"],\"inLanguage\":\"pt-BR\",\"potentialAction\":[{\"@type\":\"CommentAction\",\"name\":\"Comment\",\"target\":[\"https:\\\/\\\/www.encontraminasgerais.com.br\\\/itabira\\\/inscricoes-abertas-para-conferencia-de-politicas-publicas-sobre-drogas-em-itabira\\\/#respond\"]}]},{\"@type\":\"WebPage\",\"@id\":\"https:\\\/\\\/www.encontraminasgerais.com.br\\\/itabira\\\/inscricoes-abertas-para-conferencia-de-politicas-publicas-sobre-drogas-em-itabira\\\/\",\"url\":\"https:\\\/\\\/www.encontraminasgerais.com.br\\\/itabira\\\/inscricoes-abertas-para-conferencia-de-politicas-publicas-sobre-drogas-em-itabira\\\/\",\"name\":\"Inscri\u00e7\u00f5es abertas para confer\u00eancia de Pol\u00edticas P\u00fablicas sobre Drogas em Itabira | Guia Comercial de Itabira MG\",\"isPartOf\":{\"@id\":\"https:\\\/\\\/www.encontraminasgerais.com.br\\\/itabira\\\/#website\"},\"primaryImageOfPage\":{\"@id\":\"https:\\\/\\\/www.encontraminasgerais.com.br\\\/itabira\\\/inscricoes-abertas-para-conferencia-de-politicas-publicas-sobre-drogas-em-itabira\\\/#primaryimage\"},\"image\":{\"@id\":\"https:\\\/\\\/www.encontraminasgerais.com.br\\\/itabira\\\/inscricoes-abertas-para-conferencia-de-politicas-publicas-sobre-drogas-em-itabira\\\/#primaryimage\"},\"thumbnailUrl\":\"https:\\\/\\\/www.encontraminasgerais.com.br\\\/itabira\\\/wp-content\\\/uploads\\\/2013\\\/09\\\/politicas-sobre-drogas.jpg\",\"datePublished\":\"2013-09-24T14:45:00+00:00\",\"dateModified\":\"2013-09-24T14:45:31+00:00\",\"author\":{\"@id\":\"https:\\\/\\\/www.encontraminasgerais.com.br\\\/itabira\\\/#\\\/schema\\\/person\\\/9ae8a8f5ce59322c92e2499b550870b0\"},\"inLanguage\":\"pt-BR\",\"potentialAction\":[{\"@type\":\"ReadAction\",\"target\":[\"https:\\\/\\\/www.encontraminasgerais.com.br\\\/itabira\\\/inscricoes-abertas-para-conferencia-de-politicas-publicas-sobre-drogas-em-itabira\\\/\"]}]},{\"@type\":\"ImageObject\",\"inLanguage\":\"pt-BR\",\"@id\":\"https:\\\/\\\/www.encontraminasgerais.com.br\\\/itabira\\\/inscricoes-abertas-para-conferencia-de-politicas-publicas-sobre-drogas-em-itabira\\\/#primaryimage\",\"url\":\"https:\\\/\\\/www.encontraminasgerais.com.br\\\/itabira\\\/wp-content\\\/uploads\\\/2013\\\/09\\\/politicas-sobre-drogas.jpg\",\"contentUrl\":\"https:\\\/\\\/www.encontraminasgerais.com.br\\\/itabira\\\/wp-content\\\/uploads\\\/2013\\\/09\\\/politicas-sobre-drogas.jpg\",\"width\":640,\"height\":330,\"caption\":\"Inscri\u00e7\u00f5es abertas para confer\u00eancia de Pol\u00edticas P\u00fablicas sobre Drogas\"},{\"@type\":\"WebSite\",\"@id\":\"https:\\\/\\\/www.encontraminasgerais.com.br\\\/itabira\\\/#website\",\"url\":\"https:\\\/\\\/www.encontraminasgerais.com.br\\\/itabira\\\/\",\"name\":\"Guia Comercial de Itabira MG\",\"description\":\"ENCONTRA ITABIRA - O guia comercial de neg\u00f3cios e empresas, cultura e divers\u00e3o na cidade de Itabira. Feito 100% para voc\u00ea morador!\",\"potentialAction\":[{\"@type\":\"SearchAction\",\"target\":{\"@type\":\"EntryPoint\",\"urlTemplate\":\"https:\\\/\\\/www.encontraminasgerais.com.br\\\/itabira\\\/?s={search_term_string}\"},\"query-input\":{\"@type\":\"PropertyValueSpecification\",\"valueRequired\":true,\"valueName\":\"search_term_string\"}}],\"inLanguage\":\"pt-BR\"},{\"@type\":\"Person\",\"@id\":\"https:\\\/\\\/www.encontraminasgerais.com.br\\\/itabira\\\/#\\\/schema\\\/person\\\/9ae8a8f5ce59322c92e2499b550870b0\",\"name\":\"Encontra Itabira\",\"image\":{\"@type\":\"ImageObject\",\"inLanguage\":\"pt-BR\",\"@id\":\"https:\\\/\\\/secure.gravatar.com\\\/avatar\\\/c50c17820bcf322f0a8fd6b110b8c0918141409dc69076470f6fca5fee70a5d4?s=96&d=mm&r=g\",\"url\":\"https:\\\/\\\/secure.gravatar.com\\\/avatar\\\/c50c17820bcf322f0a8fd6b110b8c0918141409dc69076470f6fca5fee70a5d4?s=96&d=mm&r=g\",\"contentUrl\":\"https:\\\/\\\/secure.gravatar.com\\\/avatar\\\/c50c17820bcf322f0a8fd6b110b8c0918141409dc69076470f6fca5fee70a5d4?s=96&d=mm&r=g\",\"caption\":\"Encontra Itabira\"},\"url\":\"https:\\\/\\\/www.encontraminasgerais.com.br\\\/itabira\\\/author\\\/encontraitabira\\\/\"}]}<\/script>\n<!-- \/ Yoast SEO plugin. -->","yoast_head_json":{"title":"Inscri\u00e7\u00f5es abertas para confer\u00eancia de Pol\u00edticas P\u00fablicas sobre Drogas em Itabira | Guia Comercial de Itabira MG","robots":{"index":"index","follow":"follow","max-snippet":"max-snippet:-1","max-image-preview":"max-image-preview:large","max-video-preview":"max-video-preview:-1"},"canonical":"https:\/\/www.encontraminasgerais.com.br\/itabira\/inscricoes-abertas-para-conferencia-de-politicas-publicas-sobre-drogas-em-itabira\/","og_locale":"pt_BR","og_type":"article","og_title":"Inscri\u00e7\u00f5es abertas para confer\u00eancia de Pol\u00edticas P\u00fablicas sobre Drogas em Itabira | Guia Comercial de Itabira MG","og_description":"Na pr\u00f3xima quinta-feira (26), ser\u00e1 realizado em Itabira a 2\u00aa Confer\u00eancia Municipal de Pol\u00edticas P\u00fablicas sobre Drogas. O evento acontecer\u00e1 no audit\u00f3rio da Funda\u00e7\u00e3o Comunit\u00e1ria de Ensino Superior de Itabira (Funcesi), de 7h30 \u00e0s 17h30. A confer\u00eancia \u00e9 aberta a todos os p\u00fablicos e as inscri\u00e7\u00f5es j\u00e1 est\u00e3o abertas. Com o tema \u201cPol\u00edticas sobre drogas: cen\u00e1rios, avan\u00e7os e desafios\u201d, o evento ser\u00e1 realizado pelo Conselho Municipal de Pol\u00edticas P\u00fablicas sobre Drogas (Comppud) com o apoio da Prefeitura de Itabira, por meio da Secretaria Municipal de Sa\u00fade. Ser\u00e3o abordados os seguintes eixos: viol\u00eancia e seguran\u00e7a p\u00fablica; drogas \u2013 preven\u00e7\u00e3o, tratamento e","og_url":"https:\/\/www.encontraminasgerais.com.br\/itabira\/inscricoes-abertas-para-conferencia-de-politicas-publicas-sobre-drogas-em-itabira\/","og_site_name":"Guia Comercial de Itabira MG","article_published_time":"2013-09-24T14:45:00+00:00","article_modified_time":"2013-09-24T14:45:31+00:00","og_image":[{"width":640,"height":330,"url":"https:\/\/www.encontraminasgerais.com.br\/itabira\/wp-content\/uploads\/2013\/09\/politicas-sobre-drogas.jpg","type":"image\/jpeg"}],"author":"Encontra Itabira","twitter_card":"summary_large_image","twitter_misc":{"Escrito por":"Encontra Itabira","Est. tempo de leitura":"2 minutos"},"schema":{"@context":"https:\/\/schema.org","@graph":[{"@type":"Article","@id":"https:\/\/www.encontraminasgerais.com.br\/itabira\/inscricoes-abertas-para-conferencia-de-politicas-publicas-sobre-drogas-em-itabira\/#article","isPartOf":{"@id":"https:\/\/www.encontraminasgerais.com.br\/itabira\/inscricoes-abertas-para-conferencia-de-politicas-publicas-sobre-drogas-em-itabira\/"},"author":{"name":"Encontra Itabira","@id":"https:\/\/www.encontraminasgerais.com.br\/itabira\/#\/schema\/person\/9ae8a8f5ce59322c92e2499b550870b0"},"headline":"Inscri\u00e7\u00f5es abertas para confer\u00eancia de Pol\u00edticas P\u00fablicas sobre Drogas em Itabira","datePublished":"2013-09-24T14:45:00+00:00","dateModified":"2013-09-24T14:45:31+00:00","mainEntityOfPage":{"@id":"https:\/\/www.encontraminasgerais.com.br\/itabira\/inscricoes-abertas-para-conferencia-de-politicas-publicas-sobre-drogas-em-itabira\/"},"wordCount":329,"commentCount":0,"image":{"@id":"https:\/\/www.encontraminasgerais.com.br\/itabira\/inscricoes-abertas-para-conferencia-de-politicas-publicas-sobre-drogas-em-itabira\/#primaryimage"},"thumbnailUrl":"https:\/\/www.encontraminasgerais.com.br\/itabira\/wp-content\/uploads\/2013\/09\/politicas-sobre-drogas.jpg","articleSection":["Not\u00edcias Itabira"],"inLanguage":"pt-BR","potentialAction":[{"@type":"CommentAction","name":"Comment","target":["https:\/\/www.encontraminasgerais.com.br\/itabira\/inscricoes-abertas-para-conferencia-de-politicas-publicas-sobre-drogas-em-itabira\/#respond"]}]},{"@type":"WebPage","@id":"https:\/\/www.encontraminasgerais.com.br\/itabira\/inscricoes-abertas-para-conferencia-de-politicas-publicas-sobre-drogas-em-itabira\/","url":"https:\/\/www.encontraminasgerais.com.br\/itabira\/inscricoes-abertas-para-conferencia-de-politicas-publicas-sobre-drogas-em-itabira\/","name":"Inscri\u00e7\u00f5es abertas para confer\u00eancia de Pol\u00edticas P\u00fablicas sobre Drogas em Itabira | Guia Comercial de Itabira MG","isPartOf":{"@id":"https:\/\/www.encontraminasgerais.com.br\/itabira\/#website"},"primaryImageOfPage":{"@id":"https:\/\/www.encontraminasgerais.com.br\/itabira\/inscricoes-abertas-para-conferencia-de-politicas-publicas-sobre-drogas-em-itabira\/#primaryimage"},"image":{"@id":"https:\/\/www.encontraminasgerais.com.br\/itabira\/inscricoes-abertas-para-conferencia-de-politicas-publicas-sobre-drogas-em-itabira\/#primaryimage"},"thumbnailUrl":"https:\/\/www.encontraminasgerais.com.br\/itabira\/wp-content\/uploads\/2013\/09\/politicas-sobre-drogas.jpg","datePublished":"2013-09-24T14:45:00+00:00","dateModified":"2013-09-24T14:45:31+00:00","author":{"@id":"https:\/\/www.encontraminasgerais.com.br\/itabira\/#\/schema\/person\/9ae8a8f5ce59322c92e2499b550870b0"},"inLanguage":"pt-BR","potentialAction":[{"@type":"ReadAction","target":["https:\/\/www.encontraminasgerais.com.br\/itabira\/inscricoes-abertas-para-conferencia-de-politicas-publicas-sobre-drogas-em-itabira\/"]}]},{"@type":"ImageObject","inLanguage":"pt-BR","@id":"https:\/\/www.encontraminasgerais.com.br\/itabira\/inscricoes-abertas-para-conferencia-de-politicas-publicas-sobre-drogas-em-itabira\/#primaryimage","url":"https:\/\/www.encontraminasgerais.com.br\/itabira\/wp-content\/uploads\/2013\/09\/politicas-sobre-drogas.jpg","contentUrl":"https:\/\/www.encontraminasgerais.com.br\/itabira\/wp-content\/uploads\/2013\/09\/politicas-sobre-drogas.jpg","width":640,"height":330,"caption":"Inscri\u00e7\u00f5es abertas para confer\u00eancia de Pol\u00edticas P\u00fablicas sobre Drogas"},{"@type":"WebSite","@id":"https:\/\/www.encontraminasgerais.com.br\/itabira\/#website","url":"https:\/\/www.encontraminasgerais.com.br\/itabira\/","name":"Guia Comercial de Itabira MG","description":"ENCONTRA ITABIRA - O guia comercial de neg\u00f3cios e empresas, cultura e divers\u00e3o na cidade de Itabira. Feito 100% para voc\u00ea morador!","potentialAction":[{"@type":"SearchAction","target":{"@type":"EntryPoint","urlTemplate":"https:\/\/www.encontraminasgerais.com.br\/itabira\/?s={search_term_string}"},"query-input":{"@type":"PropertyValueSpecification","valueRequired":true,"valueName":"search_term_string"}}],"inLanguage":"pt-BR"},{"@type":"Person","@id":"https:\/\/www.encontraminasgerais.com.br\/itabira\/#\/schema\/person\/9ae8a8f5ce59322c92e2499b550870b0","name":"Encontra Itabira","image":{"@type":"ImageObject","inLanguage":"pt-BR","@id":"https:\/\/secure.gravatar.com\/avatar\/c50c17820bcf322f0a8fd6b110b8c0918141409dc69076470f6fca5fee70a5d4?s=96&d=mm&r=g","url":"https:\/\/secure.gravatar.com\/avatar\/c50c17820bcf322f0a8fd6b110b8c0918141409dc69076470f6fca5fee70a5d4?s=96&d=mm&r=g","contentUrl":"https:\/\/secure.gravatar.com\/avatar\/c50c17820bcf322f0a8fd6b110b8c0918141409dc69076470f6fca5fee70a5d4?s=96&d=mm&r=g","caption":"Encontra Itabira"},"url":"https:\/\/www.encontraminasgerais.com.br\/itabira\/author\/encontraitabira\/"}]}},"_links":{"self":[{"href":"https:\/\/www.encontraminasgerais.com.br\/itabira\/wp-json\/wp\/v2\/posts\/4649","targetHints":{"allow":["GET"]}}],"collection":[{"href":"https:\/\/www.encontraminasgerais.com.br\/itabira\/wp-json\/wp\/v2\/posts"}],"about":[{"href":"https:\/\/www.encontraminasgerais.com.br\/itabira\/wp-json\/wp\/v2\/types\/post"}],"author":[{"embeddable":true,"href":"https:\/\/www.encontraminasgerais.com.br\/itabira\/wp-json\/wp\/v2\/users\/1"}],"replies":[{"embeddable":true,"href":"https:\/\/www.encontraminasgerais.com.br\/itabira\/wp-json\/wp\/v2\/comments?post=4649"}],"version-history":[{"count":0,"href":"https:\/\/www.encontraminasgerais.com.br\/itabira\/wp-json\/wp\/v2\/posts\/4649\/revisions"}],"wp:featuredmedia":[{"embeddable":true,"href":"https:\/\/www.encontraminasgerais.com.br\/itabira\/wp-json\/wp\/v2\/media\/4650"}],"wp:attachment":[{"href":"https:\/\/www.encontraminasgerais.com.br\/itabira\/wp-json\/wp\/v2\/media?parent=4649"}],"wp:term":[{"taxonomy":"category","embeddable":true,"href":"https:\/\/www.encontraminasgerais.com.br\/itabira\/wp-json\/wp\/v2\/categories?post=4649"},{"taxonomy":"post_tag","embeddable":true,"href":"https:\/\/www.encontraminasgerais.com.br\/itabira\/wp-json\/wp\/v2\/tags?post=4649"}],"curies":[{"name":"wp","href":"https:\/\/api.w.org\/{rel}","templated":true}]}}