{"id":5036,"date":"2025-11-19T11:58:00","date_gmt":"2025-11-19T14:58:00","guid":{"rendered":"https:\/\/www.encontraminasgerais.com.br\/itabira\/propag-20-instituicoes-e-autarquias-federais-tem-interesse-em-imoveis-oferecidos-por-zema-a-uniao\/"},"modified":"2025-11-19T11:58:00","modified_gmt":"2025-11-19T14:58:00","slug":"propag-20-instituicoes-e-autarquias-federais-tem-interesse-em-imoveis-oferecidos-por-zema-a-uniao","status":"publish","type":"post","link":"https:\/\/www.encontraminasgerais.com.br\/itabira\/propag-20-instituicoes-e-autarquias-federais-tem-interesse-em-imoveis-oferecidos-por-zema-a-uniao\/","title":{"rendered":"Propag: 20 institui\u00e7\u00f5es e autarquias federais t\u00eam interesse em im\u00f3veis oferecidos por Zema \u00e0 Uni\u00e3o"},"content":{"rendered":"<h2>O Contexto da D\u00edvida P\u00fablica de Minas Gerais<\/h2>\n<p>A d\u00edvida p\u00fablica tem sido um tema recorrente nas discuss\u00f5es sobre a sa\u00fade financeira dos estados brasileiros, e Minas Gerais n\u00e3o \u00e9 exce\u00e7\u00e3o. Nos \u00faltimos anos, o estado enfrentou uma crescente press\u00e3o financeira, resultante de uma combina\u00e7\u00e3o complexa de fatores. Os altos \u00edndices de endividamento, aliados a uma baixa arrecada\u00e7\u00e3o de impostos, tornaram a situa\u00e7\u00e3o insustent\u00e1vel. Este cen\u00e1rio se agrava com a necessidade de investimentos em infraestrutura e servi\u00e7os p\u00fablicos, que s\u00e3o cruciais para o desenvolvimento social e econ\u00f4mico.<\/p>\n<p>Atualmente, a d\u00edvida p\u00fablica de Minas Gerais ultrapassa os R$ 100 bilh\u00f5es, gerando desafios significativos para a administra\u00e7\u00e3o p\u00fablica. O estado tem buscado formas de equilibrar suas contas e, nesse contexto, o Programa de Pleno Pagamento das D\u00edvidas dos Estados (Propag) surge como uma potencial solu\u00e7\u00e3o, estabelecendo um caminho para a redu\u00e7\u00e3o do endividamento por meio de im\u00f3veis p\u00fablicos.<\/p>\n<h2>A Import\u00e2ncia do Propag para Minas<\/h2>\n<p>O Propag foi criado com o objetivo de permitir que os estados, incluindo Minas Gerais, transfiram im\u00f3veis p\u00fablicos \u00e0 Uni\u00e3o para abater suas d\u00edvidas. Essa estrat\u00e9gia \u00e9 vista como uma forma inovadora de reverter a situa\u00e7\u00e3o financeira, utilizando ativos que muitas vezes est\u00e3o subutilizados ou abandonados. No caso de Minas Gerais, o governo estima que a transfer\u00eancia de im\u00f3veis poderia resultar em uma redu\u00e7\u00e3o de aproximadamente R$ 1,9 bilh\u00e3o da d\u00edvida.<\/p>\n<p><img decoding=\"async\" src=\"https:\/\/www.encontraminasgerais.com.br\/itabira\/wp-content\/uploads\/2025\/11\/propag-20-instituicoes-e-autarquias-federais-tem-interesse-em-imoveis-oferecidos-por-zema-a-uniao.webp\" alt=\"im\u00f3veis oferecidos por Zema \u00e0 Uni\u00e3o\" loading=\"lazy\" \/><\/p>\n<p>A import\u00e2ncia do Propag n\u00e3o pode ser subestimada. Para o estado, essa pode ser uma oportunidade de reavivar a economia, ampliar os investimentos em \u00e1reas sociais e infraestrutura e, consequentemente, oferecer uma melhor qualidade de vida \u00e0 popula\u00e7\u00e3o. Al\u00e9m disso, o programa pode contribuir para a revitaliza\u00e7\u00e3o de \u00e1reas urbanas, transformando im\u00f3veis ociosos em espa\u00e7os produtivos.<\/p>\n<h2>Lista de Institui\u00e7\u00f5es Interessadas<\/h2>\n<p>O sucesso do Propag tamb\u00e9m se deve \u00e0 ampla participa\u00e7\u00e3o de institui\u00e7\u00f5es federais e autarquias que manifestaram interesse nos im\u00f3veis oferecidos pelo governo de Minas. Mais de 20 \u00f3rg\u00e3os, incluindo universidades, tribunais, minist\u00e9rios e ag\u00eancias reguladoras, est\u00e3o em processo de solicita\u00e7\u00e3o desses espa\u00e7os. Entre os interessados est\u00e3o institui\u00e7\u00f5es como o Minist\u00e9rio P\u00fablico Federal, a Pol\u00edcia Rodovi\u00e1ria Federal, e diversas universidades que desempenham pap\u00e9is fundamentais na educa\u00e7\u00e3o e pesquisa no estado.<\/p>\n<p>A presen\u00e7a dessas institui\u00e7\u00f5es na lista de interessadas \u00e9 uma demonstra\u00e7\u00e3o clara da relev\u00e2ncia dos im\u00f3veis disponibilizados. Muitas delas buscam espa\u00e7os para expandir suas opera\u00e7\u00f5es, melhorar a infraestrutura e proporcionar melhores condi\u00e7\u00f5es de trabalho. Essa mobiliza\u00e7\u00e3o pode tamb\u00e9m incentivar a reforma e a reutiliza\u00e7\u00e3o de edif\u00edcios hist\u00f3ricos, promovendo a preserva\u00e7\u00e3o da cultura e da hist\u00f3ria local.<\/p>\n<h2>O Papel do Governo de Zema<\/h2>\n<p>O governador Romeu Zema tem adotado uma postura proativa em rela\u00e7\u00e3o \u00e0 redu\u00e7\u00e3o da d\u00edvida p\u00fablica. A vis\u00e3o de sua administra\u00e7\u00e3o \u00e9 de que a transpar\u00eancia e a efici\u00eancia nas finan\u00e7as p\u00fablicas s\u00e3o essenciais para restabelecer a confian\u00e7a da popula\u00e7\u00e3o nas institui\u00e7\u00f5es governamentais. Neste sentido, a proposta de transfer\u00eancia de im\u00f3veis \u00e0 Uni\u00e3o \u00e9 um passo estrat\u00e9gico que j\u00e1 vem sendo discutido no Legislativo.<\/p>\n<p>Zema tem enfatizado a import\u00e2ncia do di\u00e1logo com diferentes setores da sociedade, buscando uma abordagem colaborativa na implementa\u00e7\u00e3o do Propag. A disposi\u00e7\u00e3o de seu governo em ceder im\u00f3veis que possam ser \u00fateis para a Uni\u00e3o representa n\u00e3o apenas uma tentativa de resolver a crise fiscal, mas tamb\u00e9m um compromisso com a sa\u00fade financeira do estado a longo prazo.<\/p>\n<h2>Impactos nas Universidades e Institutos<\/h2>\n<p>A transfer\u00eancia dos im\u00f3veis para institui\u00e7\u00f5es de ensino, como universidades e institutos federais, pode ter um impacto significativo no ambiente acad\u00eamico e de pesquisa de Minas Gerais. As universidades, por exemplo, t\u00eam em seus planos a expans\u00e3o de campus e de centros de pesquisa que s\u00e3o vitais para o progresso cient\u00edfico e para a forma\u00e7\u00e3o de profissionais qualificados.<\/p>\n<p>Al\u00e9m disso, esse movimento pode estimular a inova\u00e7\u00e3o e o desenvolvimento de novas tecnologias. O fortalecimento das institui\u00e7\u00f5es de ensino \u00e9 crucial para o desenvolvimento regional e pode resultar em gera\u00e7\u00e3o de empregos e aumento da renda local. Por exemplo, a escolha da Universidade Federal de S\u00e3o Jo\u00e3o del-Rei para receber um im\u00f3vel para um hospital universit\u00e1rio \u00e9 um exemplo claro de como o Propag pode contribuir diretamente para a sa\u00fade p\u00fablica.<\/p>\n<h2>Interesse do Poder Judici\u00e1rio<\/h2>\n<p>O Poder Judici\u00e1rio tamb\u00e9m demonstrou interesse nos im\u00f3veis que est\u00e3o dispon\u00edveis atrav\u00e9s do Propag. O Tribunal Regional Federal da 6\u00aa Regi\u00e3o, por exemplo, solicitou a realoca\u00e7\u00e3o de suas instala\u00e7\u00f5es devido a problemas de infraestrutura. A atual sede n\u00e3o atende mais \u00e0s demandas do tribunal, e a absor\u00e7\u00e3o de um novo im\u00f3vel pode resolver problemas de log\u00edstica e capacidade.<\/p>\n<p>Essa solicita\u00e7\u00e3o reflete a necessidade de um poder judici\u00e1rio eficiente que tenha as condi\u00e7\u00f5es adequadas para atuar de forma efetiva e em tempo h\u00e1bil. Al\u00e9m disso, a transfer\u00eancia de im\u00f3veis para as diversas esferas do Judici\u00e1rio pode implicar em investimentos e melhorias que beneficiar\u00e3o a popula\u00e7\u00e3o ao final, por meio de uma justi\u00e7a mais acess\u00edvel e c\u00e9lere.<\/p>\n<h2>Detalhes dos Im\u00f3veis em Discuss\u00e3o<\/h2>\n<p>A lista de im\u00f3veis proposta pelo governo de Minas \u00e9 extensa e inclui uma variedade de propriedades, desde edif\u00edcios administrativos at\u00e9 terrenos para desenvolvimento de projetos. Um exemplo significativo \u00e9 o Palace Cassino e Hotel, que a Universidade Federal de Alfenas busca para integrar ao seu campus. Esse im\u00f3vel, al\u00e9m de ter um grande valor hist\u00f3rico, pode servir como um arranjo inovador para as necessidades da universidade.<\/p>\n<p>Outras propostas incluem edif\u00edcios que atualmente abrigam institui\u00e7\u00f5es como o Conselho Estadual de Educa\u00e7\u00e3o e a Emater (Empresa Mineira de Assist\u00eancia T\u00e9cnica e Extens\u00e3o Rural). O interesse por esses im\u00f3veis \u00e9 motivado n\u00e3o apenas pela localiza\u00e7\u00e3o, mas tamb\u00e9m pelo potencial para revitaliza\u00e7\u00e3o urbana e para a promo\u00e7\u00e3o de atividades educacionais e culturais.<\/p>\n<h2>Aspectos Legais e Procedimentais<\/h2>\n<p>A transfer\u00eancia de im\u00f3veis da esfera estadual para federal atrav\u00e9s do Propag envolve uma s\u00e9rie de procedimentos legais e aprova\u00e7\u00f5es necess\u00e1rias. O projeto deve ser enviado \u00e0 Assembleia Legislativa, que \u00e9 respons\u00e1vel pela an\u00e1lise e vota\u00e7\u00e3o. Esse tr\u00e2mite legislativo \u00e9 crucial para garantir que a legisla\u00e7\u00e3o que rege as transfer\u00eancias de ativos p\u00fablicos seja respeitada e que todos os aspectos legais sejam seguidos.<\/p>\n<p>Al\u00e9m disso, as institui\u00e7\u00f5es que manifestam interesse devem assegurar que t\u00eam a capacidade administrativa e financeira para gerir os im\u00f3veis de forma eficaz. O gerenciamento de bens p\u00fablicos exige uma abordagem cuidadosa para garantir que os cidad\u00e3os se beneficiem plenamente das propriedades e que os investimentos realizados sejam mantidos ao longo do tempo.<\/p>\n<h2>Poss\u00edveis Economias para o Governo<\/h2>\n<p>Uma das principais vantagens do Propag \u00e9 a possibilidade de economias significativas para o governo de Minas Gerais. Com a transfer\u00eancia de im\u00f3veis, o estado pode n\u00e3o apenas reduzir sua d\u00edvida, mas tamb\u00e9m evitar os custos cont\u00ednuos de manuten\u00e7\u00e3o de propriedades que n\u00e3o est\u00e3o sendo utilizadas adequadamente. A substitui\u00e7\u00e3o de ativos ociosos por redu\u00e7\u00e3o da d\u00edvida representa uma estrat\u00e9gia financeira inteligente e de longo alcance.<\/p>\n<p>Adicionalmente, esses im\u00f3veis podem ser utilizados de maneira mais produtiva por institui\u00e7\u00f5es que t\u00eam planejamento e vis\u00e3o de futuro, resultando em retornos n\u00e3o apenas financeiros, mas tamb\u00e9m sociais. O incentivo \u00e0 utiliza\u00e7\u00e3o desses espa\u00e7os pode gerar um efeito positivo em toda a regi\u00e3o, revitalizando \u00e1reas antes esquecidas e impulsionando a economia local.<\/p>\n<h2>Futuro do Programa de Transfer\u00eancia de Im\u00f3veis<\/h2>\n<p>O futuro do Programa de Transfer\u00eancia de Im\u00f3veis parece promissor, principalmente se as expectativas em rela\u00e7\u00e3o \u00e0 participa\u00e7\u00e3o de diversas institui\u00e7\u00f5es se concretizarem. O empenho das institui\u00e7\u00f5es federais e o apoio da popula\u00e7\u00e3o s\u00e3o cruciais para o sucesso do programa.<\/p>\n<p>\u00c0 medida que o debate avan\u00e7a na Assembleia Legislativa e com os demais atores envolvidos, a transpar\u00eancia e a colabora\u00e7\u00e3o ser\u00e3o vitais para que esse movimento n\u00e3o apenas reduza a d\u00edvida p\u00fablica, mas tamb\u00e9m impulsione um novo ciclo de desenvolvimento para Minas Gerais. A utiliza\u00e7\u00e3o eficiente de im\u00f3veis p\u00fablicos para fins educacionais, de infraestrutura e de servi\u00e7os sociais pode estabelecer um novo paradigma de gest\u00e3o p\u00fablica no estado, levando a uma maior efici\u00eancia, inova\u00e7\u00e3o, e ao fortalecimento dos la\u00e7os comunit\u00e1rios.<\/p>\n","protected":false},"excerpt":{"rendered":"<p>Institui\u00e7\u00f5es e autarquias federais demonstram interesse em im\u00f3veis de Zema.<\/p>\n","protected":false},"author":1,"featured_media":5035,"comment_status":"open","ping_status":"open","sticky":false,"template":"","format":"standard","meta":{"footnotes":""},"categories":[5],"tags":[],"class_list":["post-5036","post","type-post","status-publish","format-standard","has-post-thumbnail","hentry","category-noticias","has_thumb"],"yoast_head":"<!-- This site is optimized with the Yoast SEO plugin v28.1 - https:\/\/yoast.com\/product\/yoast-seo-wordpress\/ -->\n<title>Propag: 20 institui\u00e7\u00f5es e autarquias federais t\u00eam interesse em im\u00f3veis oferecidos por Zema \u00e0 Uni\u00e3o | Guia Comercial de Itabira MG<\/title>\n<meta name=\"robots\" content=\"index, follow, max-snippet:-1, max-image-preview:large, max-video-preview:-1\" \/>\n<link rel=\"canonical\" href=\"https:\/\/www.encontraminasgerais.com.br\/itabira\/propag-20-instituicoes-e-autarquias-federais-tem-interesse-em-imoveis-oferecidos-por-zema-a-uniao\/\" \/>\n<meta property=\"og:locale\" content=\"pt_BR\" \/>\n<meta property=\"og:type\" content=\"article\" \/>\n<meta property=\"og:title\" content=\"Propag: 20 institui\u00e7\u00f5es e autarquias federais t\u00eam interesse em im\u00f3veis oferecidos por Zema \u00e0 Uni\u00e3o | Guia Comercial de Itabira MG\" \/>\n<meta property=\"og:description\" content=\"Institui\u00e7\u00f5es e autarquias federais demonstram interesse em im\u00f3veis de Zema.\" \/>\n<meta property=\"og:url\" content=\"https:\/\/www.encontraminasgerais.com.br\/itabira\/propag-20-instituicoes-e-autarquias-federais-tem-interesse-em-imoveis-oferecidos-por-zema-a-uniao\/\" \/>\n<meta property=\"og:site_name\" content=\"Guia Comercial de Itabira MG\" \/>\n<meta property=\"article:published_time\" content=\"2025-11-19T14:58:00+00:00\" \/>\n<meta property=\"og:image\" content=\"https:\/\/www.encontraminasgerais.com.br\/itabira\/wp-content\/uploads\/2025\/11\/propag-20-instituicoes-e-autarquias-federais-tem-interesse-em-imoveis-oferecidos-por-zema-a-uniao.webp\" \/>\n<meta name=\"author\" content=\"Encontra Itabira\" \/>\n<meta name=\"twitter:card\" content=\"summary_large_image\" \/>\n<meta name=\"twitter:label1\" content=\"Escrito por\" \/>\n\t<meta name=\"twitter:data1\" content=\"Encontra Itabira\" \/>\n\t<meta name=\"twitter:label2\" content=\"Est. tempo de leitura\" \/>\n\t<meta name=\"twitter:data2\" content=\"7 minutos\" \/>\n<script type=\"application\/ld+json\" class=\"yoast-schema-graph\">{\"@context\":\"https:\\\/\\\/schema.org\",\"@graph\":[{\"@type\":\"Article\",\"@id\":\"https:\\\/\\\/www.encontraminasgerais.com.br\\\/itabira\\\/propag-20-instituicoes-e-autarquias-federais-tem-interesse-em-imoveis-oferecidos-por-zema-a-uniao\\\/#article\",\"isPartOf\":{\"@id\":\"https:\\\/\\\/www.encontraminasgerais.com.br\\\/itabira\\\/propag-20-instituicoes-e-autarquias-federais-tem-interesse-em-imoveis-oferecidos-por-zema-a-uniao\\\/\"},\"author\":{\"name\":\"Encontra Itabira\",\"@id\":\"https:\\\/\\\/www.encontraminasgerais.com.br\\\/itabira\\\/#\\\/schema\\\/person\\\/9ae8a8f5ce59322c92e2499b550870b0\"},\"headline\":\"Propag: 20 institui\u00e7\u00f5es e autarquias federais t\u00eam interesse em im\u00f3veis oferecidos por Zema \u00e0 Uni\u00e3o\",\"datePublished\":\"2025-11-19T14:58:00+00:00\",\"mainEntityOfPage\":{\"@id\":\"https:\\\/\\\/www.encontraminasgerais.com.br\\\/itabira\\\/propag-20-instituicoes-e-autarquias-federais-tem-interesse-em-imoveis-oferecidos-por-zema-a-uniao\\\/\"},\"wordCount\":1519,\"commentCount\":0,\"image\":{\"@id\":\"https:\\\/\\\/www.encontraminasgerais.com.br\\\/itabira\\\/propag-20-instituicoes-e-autarquias-federais-tem-interesse-em-imoveis-oferecidos-por-zema-a-uniao\\\/#primaryimage\"},\"thumbnailUrl\":\"https:\\\/\\\/www.encontraminasgerais.com.br\\\/itabira\\\/wp-content\\\/uploads\\\/2025\\\/11\\\/propag-20-instituicoes-e-autarquias-federais-tem-interesse-em-imoveis-oferecidos-por-zema-a-uniao.webp\",\"articleSection\":[\"Not\u00edcias Itabira\"],\"inLanguage\":\"pt-BR\",\"potentialAction\":[{\"@type\":\"CommentAction\",\"name\":\"Comment\",\"target\":[\"https:\\\/\\\/www.encontraminasgerais.com.br\\\/itabira\\\/propag-20-instituicoes-e-autarquias-federais-tem-interesse-em-imoveis-oferecidos-por-zema-a-uniao\\\/#respond\"]}]},{\"@type\":\"WebPage\",\"@id\":\"https:\\\/\\\/www.encontraminasgerais.com.br\\\/itabira\\\/propag-20-instituicoes-e-autarquias-federais-tem-interesse-em-imoveis-oferecidos-por-zema-a-uniao\\\/\",\"url\":\"https:\\\/\\\/www.encontraminasgerais.com.br\\\/itabira\\\/propag-20-instituicoes-e-autarquias-federais-tem-interesse-em-imoveis-oferecidos-por-zema-a-uniao\\\/\",\"name\":\"Propag: 20 institui\u00e7\u00f5es e autarquias federais t\u00eam interesse em im\u00f3veis oferecidos por Zema \u00e0 Uni\u00e3o | Guia Comercial de Itabira MG\",\"isPartOf\":{\"@id\":\"https:\\\/\\\/www.encontraminasgerais.com.br\\\/itabira\\\/#website\"},\"primaryImageOfPage\":{\"@id\":\"https:\\\/\\\/www.encontraminasgerais.com.br\\\/itabira\\\/propag-20-instituicoes-e-autarquias-federais-tem-interesse-em-imoveis-oferecidos-por-zema-a-uniao\\\/#primaryimage\"},\"image\":{\"@id\":\"https:\\\/\\\/www.encontraminasgerais.com.br\\\/itabira\\\/propag-20-instituicoes-e-autarquias-federais-tem-interesse-em-imoveis-oferecidos-por-zema-a-uniao\\\/#primaryimage\"},\"thumbnailUrl\":\"https:\\\/\\\/www.encontraminasgerais.com.br\\\/itabira\\\/wp-content\\\/uploads\\\/2025\\\/11\\\/propag-20-instituicoes-e-autarquias-federais-tem-interesse-em-imoveis-oferecidos-por-zema-a-uniao.webp\",\"datePublished\":\"2025-11-19T14:58:00+00:00\",\"author\":{\"@id\":\"https:\\\/\\\/www.encontraminasgerais.com.br\\\/itabira\\\/#\\\/schema\\\/person\\\/9ae8a8f5ce59322c92e2499b550870b0\"},\"inLanguage\":\"pt-BR\",\"potentialAction\":[{\"@type\":\"ReadAction\",\"target\":[\"https:\\\/\\\/www.encontraminasgerais.com.br\\\/itabira\\\/propag-20-instituicoes-e-autarquias-federais-tem-interesse-em-imoveis-oferecidos-por-zema-a-uniao\\\/\"]}]},{\"@type\":\"ImageObject\",\"inLanguage\":\"pt-BR\",\"@id\":\"https:\\\/\\\/www.encontraminasgerais.com.br\\\/itabira\\\/propag-20-instituicoes-e-autarquias-federais-tem-interesse-em-imoveis-oferecidos-por-zema-a-uniao\\\/#primaryimage\",\"url\":\"https:\\\/\\\/www.encontraminasgerais.com.br\\\/itabira\\\/wp-content\\\/uploads\\\/2025\\\/11\\\/propag-20-instituicoes-e-autarquias-federais-tem-interesse-em-imoveis-oferecidos-por-zema-a-uniao.webp\",\"contentUrl\":\"https:\\\/\\\/www.encontraminasgerais.com.br\\\/itabira\\\/wp-content\\\/uploads\\\/2025\\\/11\\\/propag-20-instituicoes-e-autarquias-federais-tem-interesse-em-imoveis-oferecidos-por-zema-a-uniao.webp\",\"width\":320,\"height\":280,\"caption\":\"im\u00f3veis oferecidos por Zema \u00e0 Uni\u00e3o\"},{\"@type\":\"WebSite\",\"@id\":\"https:\\\/\\\/www.encontraminasgerais.com.br\\\/itabira\\\/#website\",\"url\":\"https:\\\/\\\/www.encontraminasgerais.com.br\\\/itabira\\\/\",\"name\":\"Guia Comercial de Itabira MG\",\"description\":\"ENCONTRA ITABIRA - O guia comercial de neg\u00f3cios e empresas, cultura e divers\u00e3o na cidade de Itabira. Feito 100% para voc\u00ea morador!\",\"potentialAction\":[{\"@type\":\"SearchAction\",\"target\":{\"@type\":\"EntryPoint\",\"urlTemplate\":\"https:\\\/\\\/www.encontraminasgerais.com.br\\\/itabira\\\/?s={search_term_string}\"},\"query-input\":{\"@type\":\"PropertyValueSpecification\",\"valueRequired\":true,\"valueName\":\"search_term_string\"}}],\"inLanguage\":\"pt-BR\"},{\"@type\":\"Person\",\"@id\":\"https:\\\/\\\/www.encontraminasgerais.com.br\\\/itabira\\\/#\\\/schema\\\/person\\\/9ae8a8f5ce59322c92e2499b550870b0\",\"name\":\"Encontra Itabira\",\"image\":{\"@type\":\"ImageObject\",\"inLanguage\":\"pt-BR\",\"@id\":\"https:\\\/\\\/secure.gravatar.com\\\/avatar\\\/c50c17820bcf322f0a8fd6b110b8c0918141409dc69076470f6fca5fee70a5d4?s=96&d=mm&r=g\",\"url\":\"https:\\\/\\\/secure.gravatar.com\\\/avatar\\\/c50c17820bcf322f0a8fd6b110b8c0918141409dc69076470f6fca5fee70a5d4?s=96&d=mm&r=g\",\"contentUrl\":\"https:\\\/\\\/secure.gravatar.com\\\/avatar\\\/c50c17820bcf322f0a8fd6b110b8c0918141409dc69076470f6fca5fee70a5d4?s=96&d=mm&r=g\",\"caption\":\"Encontra Itabira\"},\"url\":\"https:\\\/\\\/www.encontraminasgerais.com.br\\\/itabira\\\/author\\\/encontraitabira\\\/\"}]}<\/script>\n<!-- \/ Yoast SEO plugin. -->","yoast_head_json":{"title":"Propag: 20 institui\u00e7\u00f5es e autarquias federais t\u00eam interesse em im\u00f3veis oferecidos por Zema \u00e0 Uni\u00e3o | Guia Comercial de Itabira MG","robots":{"index":"index","follow":"follow","max-snippet":"max-snippet:-1","max-image-preview":"max-image-preview:large","max-video-preview":"max-video-preview:-1"},"canonical":"https:\/\/www.encontraminasgerais.com.br\/itabira\/propag-20-instituicoes-e-autarquias-federais-tem-interesse-em-imoveis-oferecidos-por-zema-a-uniao\/","og_locale":"pt_BR","og_type":"article","og_title":"Propag: 20 institui\u00e7\u00f5es e autarquias federais t\u00eam interesse em im\u00f3veis oferecidos por Zema \u00e0 Uni\u00e3o | Guia Comercial de Itabira MG","og_description":"Institui\u00e7\u00f5es e autarquias federais demonstram interesse em im\u00f3veis de Zema.","og_url":"https:\/\/www.encontraminasgerais.com.br\/itabira\/propag-20-instituicoes-e-autarquias-federais-tem-interesse-em-imoveis-oferecidos-por-zema-a-uniao\/","og_site_name":"Guia Comercial de Itabira MG","article_published_time":"2025-11-19T14:58:00+00:00","og_image":[{"url":"https:\/\/www.encontraminasgerais.com.br\/itabira\/wp-content\/uploads\/2025\/11\/propag-20-instituicoes-e-autarquias-federais-tem-interesse-em-imoveis-oferecidos-por-zema-a-uniao.webp","type":"","width":"","height":""}],"author":"Encontra Itabira","twitter_card":"summary_large_image","twitter_misc":{"Escrito por":"Encontra Itabira","Est. tempo de leitura":"7 minutos"},"schema":{"@context":"https:\/\/schema.org","@graph":[{"@type":"Article","@id":"https:\/\/www.encontraminasgerais.com.br\/itabira\/propag-20-instituicoes-e-autarquias-federais-tem-interesse-em-imoveis-oferecidos-por-zema-a-uniao\/#article","isPartOf":{"@id":"https:\/\/www.encontraminasgerais.com.br\/itabira\/propag-20-instituicoes-e-autarquias-federais-tem-interesse-em-imoveis-oferecidos-por-zema-a-uniao\/"},"author":{"name":"Encontra Itabira","@id":"https:\/\/www.encontraminasgerais.com.br\/itabira\/#\/schema\/person\/9ae8a8f5ce59322c92e2499b550870b0"},"headline":"Propag: 20 institui\u00e7\u00f5es e autarquias federais t\u00eam interesse em im\u00f3veis oferecidos por Zema \u00e0 Uni\u00e3o","datePublished":"2025-11-19T14:58:00+00:00","mainEntityOfPage":{"@id":"https:\/\/www.encontraminasgerais.com.br\/itabira\/propag-20-instituicoes-e-autarquias-federais-tem-interesse-em-imoveis-oferecidos-por-zema-a-uniao\/"},"wordCount":1519,"commentCount":0,"image":{"@id":"https:\/\/www.encontraminasgerais.com.br\/itabira\/propag-20-instituicoes-e-autarquias-federais-tem-interesse-em-imoveis-oferecidos-por-zema-a-uniao\/#primaryimage"},"thumbnailUrl":"https:\/\/www.encontraminasgerais.com.br\/itabira\/wp-content\/uploads\/2025\/11\/propag-20-instituicoes-e-autarquias-federais-tem-interesse-em-imoveis-oferecidos-por-zema-a-uniao.webp","articleSection":["Not\u00edcias Itabira"],"inLanguage":"pt-BR","potentialAction":[{"@type":"CommentAction","name":"Comment","target":["https:\/\/www.encontraminasgerais.com.br\/itabira\/propag-20-instituicoes-e-autarquias-federais-tem-interesse-em-imoveis-oferecidos-por-zema-a-uniao\/#respond"]}]},{"@type":"WebPage","@id":"https:\/\/www.encontraminasgerais.com.br\/itabira\/propag-20-instituicoes-e-autarquias-federais-tem-interesse-em-imoveis-oferecidos-por-zema-a-uniao\/","url":"https:\/\/www.encontraminasgerais.com.br\/itabira\/propag-20-instituicoes-e-autarquias-federais-tem-interesse-em-imoveis-oferecidos-por-zema-a-uniao\/","name":"Propag: 20 institui\u00e7\u00f5es e autarquias federais t\u00eam interesse em im\u00f3veis oferecidos por Zema \u00e0 Uni\u00e3o | Guia Comercial de Itabira MG","isPartOf":{"@id":"https:\/\/www.encontraminasgerais.com.br\/itabira\/#website"},"primaryImageOfPage":{"@id":"https:\/\/www.encontraminasgerais.com.br\/itabira\/propag-20-instituicoes-e-autarquias-federais-tem-interesse-em-imoveis-oferecidos-por-zema-a-uniao\/#primaryimage"},"image":{"@id":"https:\/\/www.encontraminasgerais.com.br\/itabira\/propag-20-instituicoes-e-autarquias-federais-tem-interesse-em-imoveis-oferecidos-por-zema-a-uniao\/#primaryimage"},"thumbnailUrl":"https:\/\/www.encontraminasgerais.com.br\/itabira\/wp-content\/uploads\/2025\/11\/propag-20-instituicoes-e-autarquias-federais-tem-interesse-em-imoveis-oferecidos-por-zema-a-uniao.webp","datePublished":"2025-11-19T14:58:00+00:00","author":{"@id":"https:\/\/www.encontraminasgerais.com.br\/itabira\/#\/schema\/person\/9ae8a8f5ce59322c92e2499b550870b0"},"inLanguage":"pt-BR","potentialAction":[{"@type":"ReadAction","target":["https:\/\/www.encontraminasgerais.com.br\/itabira\/propag-20-instituicoes-e-autarquias-federais-tem-interesse-em-imoveis-oferecidos-por-zema-a-uniao\/"]}]},{"@type":"ImageObject","inLanguage":"pt-BR","@id":"https:\/\/www.encontraminasgerais.com.br\/itabira\/propag-20-instituicoes-e-autarquias-federais-tem-interesse-em-imoveis-oferecidos-por-zema-a-uniao\/#primaryimage","url":"https:\/\/www.encontraminasgerais.com.br\/itabira\/wp-content\/uploads\/2025\/11\/propag-20-instituicoes-e-autarquias-federais-tem-interesse-em-imoveis-oferecidos-por-zema-a-uniao.webp","contentUrl":"https:\/\/www.encontraminasgerais.com.br\/itabira\/wp-content\/uploads\/2025\/11\/propag-20-instituicoes-e-autarquias-federais-tem-interesse-em-imoveis-oferecidos-por-zema-a-uniao.webp","width":320,"height":280,"caption":"im\u00f3veis oferecidos por Zema \u00e0 Uni\u00e3o"},{"@type":"WebSite","@id":"https:\/\/www.encontraminasgerais.com.br\/itabira\/#website","url":"https:\/\/www.encontraminasgerais.com.br\/itabira\/","name":"Guia Comercial de Itabira MG","description":"ENCONTRA ITABIRA - O guia comercial de neg\u00f3cios e empresas, cultura e divers\u00e3o na cidade de Itabira. Feito 100% para voc\u00ea morador!","potentialAction":[{"@type":"SearchAction","target":{"@type":"EntryPoint","urlTemplate":"https:\/\/www.encontraminasgerais.com.br\/itabira\/?s={search_term_string}"},"query-input":{"@type":"PropertyValueSpecification","valueRequired":true,"valueName":"search_term_string"}}],"inLanguage":"pt-BR"},{"@type":"Person","@id":"https:\/\/www.encontraminasgerais.com.br\/itabira\/#\/schema\/person\/9ae8a8f5ce59322c92e2499b550870b0","name":"Encontra Itabira","image":{"@type":"ImageObject","inLanguage":"pt-BR","@id":"https:\/\/secure.gravatar.com\/avatar\/c50c17820bcf322f0a8fd6b110b8c0918141409dc69076470f6fca5fee70a5d4?s=96&d=mm&r=g","url":"https:\/\/secure.gravatar.com\/avatar\/c50c17820bcf322f0a8fd6b110b8c0918141409dc69076470f6fca5fee70a5d4?s=96&d=mm&r=g","contentUrl":"https:\/\/secure.gravatar.com\/avatar\/c50c17820bcf322f0a8fd6b110b8c0918141409dc69076470f6fca5fee70a5d4?s=96&d=mm&r=g","caption":"Encontra Itabira"},"url":"https:\/\/www.encontraminasgerais.com.br\/itabira\/author\/encontraitabira\/"}]}},"_links":{"self":[{"href":"https:\/\/www.encontraminasgerais.com.br\/itabira\/wp-json\/wp\/v2\/posts\/5036","targetHints":{"allow":["GET"]}}],"collection":[{"href":"https:\/\/www.encontraminasgerais.com.br\/itabira\/wp-json\/wp\/v2\/posts"}],"about":[{"href":"https:\/\/www.encontraminasgerais.com.br\/itabira\/wp-json\/wp\/v2\/types\/post"}],"author":[{"embeddable":true,"href":"https:\/\/www.encontraminasgerais.com.br\/itabira\/wp-json\/wp\/v2\/users\/1"}],"replies":[{"embeddable":true,"href":"https:\/\/www.encontraminasgerais.com.br\/itabira\/wp-json\/wp\/v2\/comments?post=5036"}],"version-history":[{"count":0,"href":"https:\/\/www.encontraminasgerais.com.br\/itabira\/wp-json\/wp\/v2\/posts\/5036\/revisions"}],"wp:featuredmedia":[{"embeddable":true,"href":"https:\/\/www.encontraminasgerais.com.br\/itabira\/wp-json\/wp\/v2\/media\/5035"}],"wp:attachment":[{"href":"https:\/\/www.encontraminasgerais.com.br\/itabira\/wp-json\/wp\/v2\/media?parent=5036"}],"wp:term":[{"taxonomy":"category","embeddable":true,"href":"https:\/\/www.encontraminasgerais.com.br\/itabira\/wp-json\/wp\/v2\/categories?post=5036"},{"taxonomy":"post_tag","embeddable":true,"href":"https:\/\/www.encontraminasgerais.com.br\/itabira\/wp-json\/wp\/v2\/tags?post=5036"}],"curies":[{"name":"wp","href":"https:\/\/api.w.org\/{rel}","templated":true}]}}