{"id":5044,"date":"2025-11-21T12:52:00","date_gmt":"2025-11-21T15:52:00","guid":{"rendered":"https:\/\/www.encontraminasgerais.com.br\/itabira\/trem-de-ferias-comeca-a-circular-em-2026-pela-estrada-de-ferro-vitoria-a-minas\/"},"modified":"2025-11-21T12:52:00","modified_gmt":"2025-11-21T15:52:00","slug":"trem-de-ferias-comeca-a-circular-em-2026-pela-estrada-de-ferro-vitoria-a-minas","status":"publish","type":"post","link":"https:\/\/www.encontraminasgerais.com.br\/itabira\/trem-de-ferias-comeca-a-circular-em-2026-pela-estrada-de-ferro-vitoria-a-minas\/","title":{"rendered":"Trem de F\u00e9rias come\u00e7a a circular em 2026 pela Estrada de Ferro Vit\u00f3ria a Minas"},"content":{"rendered":"<h2>Hor\u00e1rios e Datas das Viagens Noturnas<\/h2>\n<p>A partir de janeiro de 2026, o Trem de F\u00e9rias, que faz a rota da Estrada de Ferro Vit\u00f3ria a Minas, inicia seu servi\u00e7o noturno, proporcionando uma nova op\u00e7\u00e3o de transporte para os passageiros. As viagens noturnas ocorrer\u00e3o nos meses de <strong>janeiro, julho e dezembro<\/strong> e est\u00e3o programadas para facilitar a conex\u00e3o entre as cidades de <strong>Belo Horizonte<\/strong> e <strong>Cariacica<\/strong>. Os hor\u00e1rios principais incluem a partida de <strong>Cariacica<\/strong> \u00e0s 18h, com chegada em <strong>Belo Horizonte<\/strong> prevista para as 7h50 do dia seguinte, e a partida de <strong>Belo Horizonte<\/strong> \u00e0s 19h, com chegada em <strong>Cariacica<\/strong> \u00e0s 8h15.<\/p>\n<p>Os passageiros poder\u00e3o visitar destinos importantes como Itabira, Nova Era, Ipatinga e Governador Valadares. Essas rotas foram escolhidas para atender a demanda crescente por viagens noturnas, especialmente durante os per\u00edodos de f\u00e9rias, quando as pessoas costumam se deslocar para encontrar familiares ou mesmo para lazer. \u00c9 importante destacar que as passagens para essas viagens estar\u00e3o dispon\u00edveis a partir de 20 de novembro, podendo ser adquiridas tanto pelo site da <strong>Vale<\/strong> como nas bilheteiras durante o expediente.<\/p>\n<h2>A Comodidade das Classes Executiva e Econ\u00f4mica<\/h2>\n<p>O Trem de F\u00e9rias mant\u00e9m a divis\u00e3o em <strong>duas classes<\/strong>, a <strong>executiva<\/strong> e a <strong>econ\u00f4mica<\/strong>, permitindo que os passageiros escolham o n\u00edvel de conforto que desejam para sua viagem. A classe executiva oferece poltronas mais espa\u00e7osas e confort\u00e1veis, ideal para quem busca uma experi\u00eancia mais tranquila e relaxante durante os trajetos, enquanto a classe econ\u00f4mica \u00e9 projetada para atender \u00e0queles que buscam uma op\u00e7\u00e3o mais acess\u00edvel, sem abrir m\u00e3o da seguran\u00e7a e qualidade do servi\u00e7o.<\/p>\n<p><img decoding=\"async\" src=\"https:\/\/www.encontraminasgerais.com.br\/itabira\/wp-content\/uploads\/2025\/12\/trem-de-ferias-comeca-a-circular-em-2026-pela-estrada-de-ferro-vitoria-a-minas.webp\" alt=\"Trem de F\u00e9rias\" loading=\"lazy\" \/><\/p>\n<p>Al\u00e9m disso, ambos os servi\u00e7os garantem acessibilidade, contando com elevadores para cadeirantes e espa\u00e7o para passageiros com mobilidade reduzida. A infraestrutura das esta\u00e7\u00f5es tamb\u00e9m foi aprimorada com refor\u00e7o na ilumina\u00e7\u00e3o, aumentando a seguran\u00e7a durante o embarque e desembarque, especialmente durante as viagens noturnas.<\/p>\n<h2>Como Comprar Passagens para o Trem de F\u00e9rias<\/h2>\n<p>A compra de passagens para o Trem de F\u00e9rias \u00e9 um processo simples e conveniente. Os interessados podem acessar o <strong>site da Vale<\/strong> a partir de 20 de novembro para verificar a disponibilidade das passagens e realizar a compra. As op\u00e7\u00f5es de pagamento s\u00e3o variadas, incluindo cart\u00f5es de cr\u00e9dito e d\u00e9bito, al\u00e9m de poss\u00edvel atendimento nas bilheteiras das esta\u00e7\u00f5es durante o hor\u00e1rio comercial.<\/p>\n<p>\u00c9 crucial que os passageiros se planejem e adquiram suas passagens com anteced\u00eancia, especialmente durante os meses de janeiro, julho e dezembro, quando a procura tende a ser maior devido aos per\u00edodos de f\u00e9rias. Os pre\u00e7os das passagens se mant\u00eam iguais aos valores das viagens diurnas, facilitando o acesso e a escolha dos passageiros.<\/p>\n<h2>Seguran\u00e7a Durante as Viagens Noturnas<\/h2>\n<p>A seguran\u00e7a dos passageiros \u00e9 uma prioridade para a opera\u00e7\u00e3o do Trem de F\u00e9rias, especialmente em hor\u00e1rios noturnos. Para garantir uma viagem tranquila, ser\u00e3o implementadas diversas medidas de seguran\u00e7a, como o aumento da ilumina\u00e7\u00e3o nas esta\u00e7\u00f5es e a presen\u00e7a de profissionais treinados nas \u00e1reas de embarque e desembarque.<\/p>\n<p>Adicionalmente, o trem contar\u00e1 com c\u00e2meras de seguran\u00e7a em sua composi\u00e7\u00e3o, monitorando a movimenta\u00e7\u00e3o durante todo o trajeto. Al\u00e9m disso, o acesso \u00e0s bilheteiras ser\u00e1 restrito, sem venda de passagens durante a noite, o que minimiza a circula\u00e7\u00e3o de pessoas n\u00e3o autorizadas nas esta\u00e7\u00f5es. Essa aten\u00e7\u00e3o aos detalhes visa proporcionar aos passageiros um ambiente seguro e acolhedor durante suas viagens.<\/p>\n<h2>Experi\u00eancia Gastron\u00f4mica a Bordo<\/h2>\n<p>Viajar de trem n\u00e3o \u00e9 apenas sobre o destino; a experi\u00eancia a bordo tamb\u00e9m \u00e9 fundamental. O Trem de F\u00e9rias oferecer\u00e1 um servi\u00e7o de lanches e refei\u00e7\u00f5es, pensando no conforto e satisfa\u00e7\u00e3o dos passageiros durante as viagens noturnas. O card\u00e1pio ser\u00e1 otimizado para incluir op\u00e7\u00f5es diversificadas, com alimentos frescos e saud\u00e1veis, al\u00e9m de bebidas quentes e frias.<\/p>\n<p>Os passageiros poder\u00e3o desfrutar de um lanche enquanto admiram a paisagem durante a viagem, e a experi\u00eancia gastron\u00f4mica ser\u00e1 cuidadosamente planejada para atender a todos os gostos e prefer\u00eancias. Essa \u00e9 uma excelente oportunidade para relaxar e aproveitar o momento, tornando a jornada ainda mais prazerosa.<\/p>\n<h2>Melhores Destinos do Trem de F\u00e9rias<\/h2>\n<p>O Trem de F\u00e9rias conecta diversas cidades vibrantes e cheias de cultura, sendo uma \u00f3tima forma de explorar essas localidades. Entre os destinos dispon\u00edveis, encontra-se <strong>Cariacica<\/strong>, a cidade onde ser\u00e1 o ponto de partida e chegada das viagens. Esta cidade \u00e9 conhecida por sua rica hist\u00f3ria e belas paisagens naturais.<\/p>\n<p>Outra parada importante \u00e9 <strong>Belo Horizonte<\/strong>, capital de Minas Gerais, famosa por sua culin\u00e1ria e hospitalidade. A cidade oferece uma variedade de atra\u00e7\u00f5es tur\u00edsticas, como museus, parques e eventos culturais que atraem visitantes de diferentes partes do Brasil. Outros destinos como <strong>Ipatinga<\/strong>, <strong>Nova Era<\/strong> e <strong>Governador Valadares<\/strong> tamb\u00e9m oferecem experi\u00eancias \u00fanicas, cada uma com suas caracter\u00edsticas locais e oportunidades para os turistas vivenciarem a cultura mineira e capixaba.<\/p>\n<h2>Infraestrutura e Acessibilidade nas Esta\u00e7\u00f5es<\/h2>\n<p>A infraestrutura das esta\u00e7\u00f5es do Trem de F\u00e9rias tem recebido investimentos significativos, garantindo que todas as necessidades dos passageiros sejam atendidas. As esta\u00e7\u00f5es passar\u00e3o por um refor\u00e7o na ilumina\u00e7\u00e3o e melhorias nas \u00e1reas de espera, oferecendo um ambiente mais acolhedor e seguro para os viajantes.<\/p>\n<p>Al\u00e9m disso, a acessibilidade \u00e9 uma preocupa\u00e7\u00e3o central, com a presen\u00e7a de elevadores e rampas que facilitam o acesso ao trem para todos os passageiros, incluindo aqueles com defici\u00eancia. Os banheiros tamb\u00e9m est\u00e3o adequadamente adaptados para garantir que todos os viajantes possam utilizar as instala\u00e7\u00f5es com seguran\u00e7a e conforto.<\/p>\n<h2>Expectativas para o Primeiro M\u00eas de Opera\u00e7\u00e3o<\/h2>\n<p>O primeiro m\u00eas de opera\u00e7\u00e3o do Trem de F\u00e9rias \u00e9 aguardado com grande expectativa tanto por parte da empresa quanto pelos passageiros. Este per\u00edodo servir\u00e1 como um piloto para ajustes no formato das viagens noturnas. Meio importante de transporte na regi\u00e3o, espera-se que a demanda supere as expectativas, mostrando a necessidade de aumentar a frequ\u00eancia das viagens.<\/p>\n<p>Por ser um novo servi\u00e7o, tanto a equipe quanto os engenheiros de opera\u00e7\u00e3o estar\u00e3o monitorando todos os aspectos das viagens, buscando feedback dos passageiros sobre os servi\u00e7os ofertados, como seguran\u00e7a, conforto e atendimento. Isso ser\u00e1 crucial para aprimorar a qualidade do servi\u00e7o e garantir que o Trem de F\u00e9rias atenda plenamente \u00e0s necessidades dos clientes.<\/p>\n<h2>Respostas \u00e0s Perguntas Frequentes<\/h2>\n<p>Com a introdu\u00e7\u00e3o do Trem de F\u00e9rias, v\u00e1rias perguntas surgem entre os potenciais usu\u00e1rios. Aqui est\u00e3o algumas respostas que podem ajudar:<\/p>\n<h3>Qual \u00e9 a principal diferen\u00e7a entre a classe executiva e econ\u00f4mica?<\/h3>\n<p>A classe executiva oferece mais conforto e comodidade, com assentos mais espa\u00e7osos e um espa\u00e7o maior entre as poltronas, enquanto a classe econ\u00f4mica \u00e9 uma op\u00e7\u00e3o mais acess\u00edvel com assentos funcionais e confort\u00e1veis.<\/p>\n<h3>Posso levar minha bagagem?<\/h3>\n<p>Sim, os passageiros poder\u00e3o levar bagagens, mas \u00e9 importante seguir as diretrizes estabelecidas pela empresa, que incluem limita\u00e7\u00f5es de peso e tamanho para garantir conforto durante a viagem.<\/p>\n<h3>Quais s\u00e3o as formas de pagamento?<\/h3>\n<p>As passagens podem ser compradas com cart\u00f5es de cr\u00e9dito, de d\u00e9bito, al\u00e9m de serem aceitas compras em dinheiro nas bilheteiras durante hor\u00e1rio comercial.<\/p>\n<h3>\u00c9 seguro viajar \u00e0 noite?<\/h3>\n<p>Sim, a seguran\u00e7a \u00e9 uma prioridade, e diversas medidas est\u00e3o sendo adotadas para garantir um ambiente seguro, como monitoramento por c\u00e2meras e presen\u00e7a de funcion\u00e1rios nas esta\u00e7\u00f5es e trens.<\/p>\n<h2>Prepare-se para Aventuras Noturnas inesquec\u00edveis<\/h2>\n<p>O Trem de F\u00e9rias promete ser uma experi\u00eancia memor\u00e1vel em suas viagens noturnas. O conceito de viajar \u00e0 noite permite aos passageiros aproveitar melhor seus dias, chegando aos seus destinos descansados e prontos para aproveitar cada momento.<\/p>\n<p>Seja para visitar amigos e familiares ou explorar novas experi\u00eancias nas cidades mineiras e capixabas, o Trem de F\u00e9rias se apresenta como uma alternativa vi\u00e1vel e confort\u00e1vel. Prepare-se para vivenciar uma nova forma de viajar, com seguran\u00e7a, comodidade e a possibilidade de vivenciar a cultura local ao longo do caminho.<\/p>\n","protected":false},"excerpt":{"rendered":"<p>Trem de F\u00e9rias ter\u00e1 viagens noturnas emocionantes a partir de 2026.<\/p>\n","protected":false},"author":1,"featured_media":5043,"comment_status":"open","ping_status":"open","sticky":false,"template":"","format":"standard","meta":{"footnotes":""},"categories":[5],"tags":[],"class_list":["post-5044","post","type-post","status-publish","format-standard","has-post-thumbnail","hentry","category-noticias","has_thumb"],"yoast_head":"<!-- This site is optimized with the Yoast SEO plugin v28.1 - https:\/\/yoast.com\/product\/yoast-seo-wordpress\/ -->\n<title>Trem de F\u00e9rias come\u00e7a a circular em 2026 pela Estrada de Ferro Vit\u00f3ria a Minas | Guia Comercial de Itabira MG<\/title>\n<meta name=\"robots\" content=\"index, follow, max-snippet:-1, max-image-preview:large, max-video-preview:-1\" \/>\n<link rel=\"canonical\" href=\"https:\/\/www.encontraminasgerais.com.br\/itabira\/trem-de-ferias-comeca-a-circular-em-2026-pela-estrada-de-ferro-vitoria-a-minas\/\" \/>\n<meta property=\"og:locale\" content=\"pt_BR\" \/>\n<meta property=\"og:type\" content=\"article\" \/>\n<meta property=\"og:title\" content=\"Trem de F\u00e9rias come\u00e7a a circular em 2026 pela Estrada de Ferro Vit\u00f3ria a Minas | Guia Comercial de Itabira MG\" \/>\n<meta property=\"og:description\" content=\"Trem de F\u00e9rias ter\u00e1 viagens noturnas emocionantes a partir de 2026.\" \/>\n<meta property=\"og:url\" content=\"https:\/\/www.encontraminasgerais.com.br\/itabira\/trem-de-ferias-comeca-a-circular-em-2026-pela-estrada-de-ferro-vitoria-a-minas\/\" \/>\n<meta property=\"og:site_name\" content=\"Guia Comercial de Itabira MG\" \/>\n<meta property=\"article:published_time\" content=\"2025-11-21T15:52:00+00:00\" \/>\n<meta property=\"og:image\" content=\"https:\/\/www.encontraminasgerais.com.br\/itabira\/wp-content\/uploads\/2025\/12\/trem-de-ferias-comeca-a-circular-em-2026-pela-estrada-de-ferro-vitoria-a-minas.webp\" \/>\n<meta name=\"author\" content=\"Encontra Itabira\" \/>\n<meta name=\"twitter:card\" content=\"summary_large_image\" \/>\n<meta name=\"twitter:label1\" content=\"Escrito por\" \/>\n\t<meta name=\"twitter:data1\" content=\"Encontra Itabira\" \/>\n\t<meta name=\"twitter:label2\" content=\"Est. tempo de leitura\" \/>\n\t<meta name=\"twitter:data2\" content=\"7 minutos\" \/>\n<script type=\"application\/ld+json\" class=\"yoast-schema-graph\">{\"@context\":\"https:\\\/\\\/schema.org\",\"@graph\":[{\"@type\":\"Article\",\"@id\":\"https:\\\/\\\/www.encontraminasgerais.com.br\\\/itabira\\\/trem-de-ferias-comeca-a-circular-em-2026-pela-estrada-de-ferro-vitoria-a-minas\\\/#article\",\"isPartOf\":{\"@id\":\"https:\\\/\\\/www.encontraminasgerais.com.br\\\/itabira\\\/trem-de-ferias-comeca-a-circular-em-2026-pela-estrada-de-ferro-vitoria-a-minas\\\/\"},\"author\":{\"name\":\"Encontra Itabira\",\"@id\":\"https:\\\/\\\/www.encontraminasgerais.com.br\\\/itabira\\\/#\\\/schema\\\/person\\\/9ae8a8f5ce59322c92e2499b550870b0\"},\"headline\":\"Trem de F\u00e9rias come\u00e7a a circular em 2026 pela Estrada de Ferro Vit\u00f3ria a Minas\",\"datePublished\":\"2025-11-21T15:52:00+00:00\",\"mainEntityOfPage\":{\"@id\":\"https:\\\/\\\/www.encontraminasgerais.com.br\\\/itabira\\\/trem-de-ferias-comeca-a-circular-em-2026-pela-estrada-de-ferro-vitoria-a-minas\\\/\"},\"wordCount\":1406,\"commentCount\":0,\"image\":{\"@id\":\"https:\\\/\\\/www.encontraminasgerais.com.br\\\/itabira\\\/trem-de-ferias-comeca-a-circular-em-2026-pela-estrada-de-ferro-vitoria-a-minas\\\/#primaryimage\"},\"thumbnailUrl\":\"https:\\\/\\\/www.encontraminasgerais.com.br\\\/itabira\\\/wp-content\\\/uploads\\\/2025\\\/12\\\/trem-de-ferias-comeca-a-circular-em-2026-pela-estrada-de-ferro-vitoria-a-minas.webp\",\"articleSection\":[\"Not\u00edcias Itabira\"],\"inLanguage\":\"pt-BR\",\"potentialAction\":[{\"@type\":\"CommentAction\",\"name\":\"Comment\",\"target\":[\"https:\\\/\\\/www.encontraminasgerais.com.br\\\/itabira\\\/trem-de-ferias-comeca-a-circular-em-2026-pela-estrada-de-ferro-vitoria-a-minas\\\/#respond\"]}]},{\"@type\":\"WebPage\",\"@id\":\"https:\\\/\\\/www.encontraminasgerais.com.br\\\/itabira\\\/trem-de-ferias-comeca-a-circular-em-2026-pela-estrada-de-ferro-vitoria-a-minas\\\/\",\"url\":\"https:\\\/\\\/www.encontraminasgerais.com.br\\\/itabira\\\/trem-de-ferias-comeca-a-circular-em-2026-pela-estrada-de-ferro-vitoria-a-minas\\\/\",\"name\":\"Trem de F\u00e9rias come\u00e7a a circular em 2026 pela Estrada de Ferro Vit\u00f3ria a Minas | Guia Comercial de Itabira MG\",\"isPartOf\":{\"@id\":\"https:\\\/\\\/www.encontraminasgerais.com.br\\\/itabira\\\/#website\"},\"primaryImageOfPage\":{\"@id\":\"https:\\\/\\\/www.encontraminasgerais.com.br\\\/itabira\\\/trem-de-ferias-comeca-a-circular-em-2026-pela-estrada-de-ferro-vitoria-a-minas\\\/#primaryimage\"},\"image\":{\"@id\":\"https:\\\/\\\/www.encontraminasgerais.com.br\\\/itabira\\\/trem-de-ferias-comeca-a-circular-em-2026-pela-estrada-de-ferro-vitoria-a-minas\\\/#primaryimage\"},\"thumbnailUrl\":\"https:\\\/\\\/www.encontraminasgerais.com.br\\\/itabira\\\/wp-content\\\/uploads\\\/2025\\\/12\\\/trem-de-ferias-comeca-a-circular-em-2026-pela-estrada-de-ferro-vitoria-a-minas.webp\",\"datePublished\":\"2025-11-21T15:52:00+00:00\",\"author\":{\"@id\":\"https:\\\/\\\/www.encontraminasgerais.com.br\\\/itabira\\\/#\\\/schema\\\/person\\\/9ae8a8f5ce59322c92e2499b550870b0\"},\"inLanguage\":\"pt-BR\",\"potentialAction\":[{\"@type\":\"ReadAction\",\"target\":[\"https:\\\/\\\/www.encontraminasgerais.com.br\\\/itabira\\\/trem-de-ferias-comeca-a-circular-em-2026-pela-estrada-de-ferro-vitoria-a-minas\\\/\"]}]},{\"@type\":\"ImageObject\",\"inLanguage\":\"pt-BR\",\"@id\":\"https:\\\/\\\/www.encontraminasgerais.com.br\\\/itabira\\\/trem-de-ferias-comeca-a-circular-em-2026-pela-estrada-de-ferro-vitoria-a-minas\\\/#primaryimage\",\"url\":\"https:\\\/\\\/www.encontraminasgerais.com.br\\\/itabira\\\/wp-content\\\/uploads\\\/2025\\\/12\\\/trem-de-ferias-comeca-a-circular-em-2026-pela-estrada-de-ferro-vitoria-a-minas.webp\",\"contentUrl\":\"https:\\\/\\\/www.encontraminasgerais.com.br\\\/itabira\\\/wp-content\\\/uploads\\\/2025\\\/12\\\/trem-de-ferias-comeca-a-circular-em-2026-pela-estrada-de-ferro-vitoria-a-minas.webp\",\"width\":320,\"height\":280,\"caption\":\"Trem de F\u00e9rias\"},{\"@type\":\"WebSite\",\"@id\":\"https:\\\/\\\/www.encontraminasgerais.com.br\\\/itabira\\\/#website\",\"url\":\"https:\\\/\\\/www.encontraminasgerais.com.br\\\/itabira\\\/\",\"name\":\"Guia Comercial de Itabira MG\",\"description\":\"ENCONTRA ITABIRA - O guia comercial de neg\u00f3cios e empresas, cultura e divers\u00e3o na cidade de Itabira. Feito 100% para voc\u00ea morador!\",\"potentialAction\":[{\"@type\":\"SearchAction\",\"target\":{\"@type\":\"EntryPoint\",\"urlTemplate\":\"https:\\\/\\\/www.encontraminasgerais.com.br\\\/itabira\\\/?s={search_term_string}\"},\"query-input\":{\"@type\":\"PropertyValueSpecification\",\"valueRequired\":true,\"valueName\":\"search_term_string\"}}],\"inLanguage\":\"pt-BR\"},{\"@type\":\"Person\",\"@id\":\"https:\\\/\\\/www.encontraminasgerais.com.br\\\/itabira\\\/#\\\/schema\\\/person\\\/9ae8a8f5ce59322c92e2499b550870b0\",\"name\":\"Encontra Itabira\",\"image\":{\"@type\":\"ImageObject\",\"inLanguage\":\"pt-BR\",\"@id\":\"https:\\\/\\\/secure.gravatar.com\\\/avatar\\\/c50c17820bcf322f0a8fd6b110b8c0918141409dc69076470f6fca5fee70a5d4?s=96&d=mm&r=g\",\"url\":\"https:\\\/\\\/secure.gravatar.com\\\/avatar\\\/c50c17820bcf322f0a8fd6b110b8c0918141409dc69076470f6fca5fee70a5d4?s=96&d=mm&r=g\",\"contentUrl\":\"https:\\\/\\\/secure.gravatar.com\\\/avatar\\\/c50c17820bcf322f0a8fd6b110b8c0918141409dc69076470f6fca5fee70a5d4?s=96&d=mm&r=g\",\"caption\":\"Encontra Itabira\"},\"url\":\"https:\\\/\\\/www.encontraminasgerais.com.br\\\/itabira\\\/author\\\/encontraitabira\\\/\"}]}<\/script>\n<!-- \/ Yoast SEO plugin. -->","yoast_head_json":{"title":"Trem de F\u00e9rias come\u00e7a a circular em 2026 pela Estrada de Ferro Vit\u00f3ria a Minas | Guia Comercial de Itabira MG","robots":{"index":"index","follow":"follow","max-snippet":"max-snippet:-1","max-image-preview":"max-image-preview:large","max-video-preview":"max-video-preview:-1"},"canonical":"https:\/\/www.encontraminasgerais.com.br\/itabira\/trem-de-ferias-comeca-a-circular-em-2026-pela-estrada-de-ferro-vitoria-a-minas\/","og_locale":"pt_BR","og_type":"article","og_title":"Trem de F\u00e9rias come\u00e7a a circular em 2026 pela Estrada de Ferro Vit\u00f3ria a Minas | Guia Comercial de Itabira MG","og_description":"Trem de F\u00e9rias ter\u00e1 viagens noturnas emocionantes a partir de 2026.","og_url":"https:\/\/www.encontraminasgerais.com.br\/itabira\/trem-de-ferias-comeca-a-circular-em-2026-pela-estrada-de-ferro-vitoria-a-minas\/","og_site_name":"Guia Comercial de Itabira MG","article_published_time":"2025-11-21T15:52:00+00:00","og_image":[{"url":"https:\/\/www.encontraminasgerais.com.br\/itabira\/wp-content\/uploads\/2025\/12\/trem-de-ferias-comeca-a-circular-em-2026-pela-estrada-de-ferro-vitoria-a-minas.webp","type":"","width":"","height":""}],"author":"Encontra Itabira","twitter_card":"summary_large_image","twitter_misc":{"Escrito por":"Encontra Itabira","Est. tempo de leitura":"7 minutos"},"schema":{"@context":"https:\/\/schema.org","@graph":[{"@type":"Article","@id":"https:\/\/www.encontraminasgerais.com.br\/itabira\/trem-de-ferias-comeca-a-circular-em-2026-pela-estrada-de-ferro-vitoria-a-minas\/#article","isPartOf":{"@id":"https:\/\/www.encontraminasgerais.com.br\/itabira\/trem-de-ferias-comeca-a-circular-em-2026-pela-estrada-de-ferro-vitoria-a-minas\/"},"author":{"name":"Encontra Itabira","@id":"https:\/\/www.encontraminasgerais.com.br\/itabira\/#\/schema\/person\/9ae8a8f5ce59322c92e2499b550870b0"},"headline":"Trem de F\u00e9rias come\u00e7a a circular em 2026 pela Estrada de Ferro Vit\u00f3ria a Minas","datePublished":"2025-11-21T15:52:00+00:00","mainEntityOfPage":{"@id":"https:\/\/www.encontraminasgerais.com.br\/itabira\/trem-de-ferias-comeca-a-circular-em-2026-pela-estrada-de-ferro-vitoria-a-minas\/"},"wordCount":1406,"commentCount":0,"image":{"@id":"https:\/\/www.encontraminasgerais.com.br\/itabira\/trem-de-ferias-comeca-a-circular-em-2026-pela-estrada-de-ferro-vitoria-a-minas\/#primaryimage"},"thumbnailUrl":"https:\/\/www.encontraminasgerais.com.br\/itabira\/wp-content\/uploads\/2025\/12\/trem-de-ferias-comeca-a-circular-em-2026-pela-estrada-de-ferro-vitoria-a-minas.webp","articleSection":["Not\u00edcias Itabira"],"inLanguage":"pt-BR","potentialAction":[{"@type":"CommentAction","name":"Comment","target":["https:\/\/www.encontraminasgerais.com.br\/itabira\/trem-de-ferias-comeca-a-circular-em-2026-pela-estrada-de-ferro-vitoria-a-minas\/#respond"]}]},{"@type":"WebPage","@id":"https:\/\/www.encontraminasgerais.com.br\/itabira\/trem-de-ferias-comeca-a-circular-em-2026-pela-estrada-de-ferro-vitoria-a-minas\/","url":"https:\/\/www.encontraminasgerais.com.br\/itabira\/trem-de-ferias-comeca-a-circular-em-2026-pela-estrada-de-ferro-vitoria-a-minas\/","name":"Trem de F\u00e9rias come\u00e7a a circular em 2026 pela Estrada de Ferro Vit\u00f3ria a Minas | Guia Comercial de Itabira MG","isPartOf":{"@id":"https:\/\/www.encontraminasgerais.com.br\/itabira\/#website"},"primaryImageOfPage":{"@id":"https:\/\/www.encontraminasgerais.com.br\/itabira\/trem-de-ferias-comeca-a-circular-em-2026-pela-estrada-de-ferro-vitoria-a-minas\/#primaryimage"},"image":{"@id":"https:\/\/www.encontraminasgerais.com.br\/itabira\/trem-de-ferias-comeca-a-circular-em-2026-pela-estrada-de-ferro-vitoria-a-minas\/#primaryimage"},"thumbnailUrl":"https:\/\/www.encontraminasgerais.com.br\/itabira\/wp-content\/uploads\/2025\/12\/trem-de-ferias-comeca-a-circular-em-2026-pela-estrada-de-ferro-vitoria-a-minas.webp","datePublished":"2025-11-21T15:52:00+00:00","author":{"@id":"https:\/\/www.encontraminasgerais.com.br\/itabira\/#\/schema\/person\/9ae8a8f5ce59322c92e2499b550870b0"},"inLanguage":"pt-BR","potentialAction":[{"@type":"ReadAction","target":["https:\/\/www.encontraminasgerais.com.br\/itabira\/trem-de-ferias-comeca-a-circular-em-2026-pela-estrada-de-ferro-vitoria-a-minas\/"]}]},{"@type":"ImageObject","inLanguage":"pt-BR","@id":"https:\/\/www.encontraminasgerais.com.br\/itabira\/trem-de-ferias-comeca-a-circular-em-2026-pela-estrada-de-ferro-vitoria-a-minas\/#primaryimage","url":"https:\/\/www.encontraminasgerais.com.br\/itabira\/wp-content\/uploads\/2025\/12\/trem-de-ferias-comeca-a-circular-em-2026-pela-estrada-de-ferro-vitoria-a-minas.webp","contentUrl":"https:\/\/www.encontraminasgerais.com.br\/itabira\/wp-content\/uploads\/2025\/12\/trem-de-ferias-comeca-a-circular-em-2026-pela-estrada-de-ferro-vitoria-a-minas.webp","width":320,"height":280,"caption":"Trem de F\u00e9rias"},{"@type":"WebSite","@id":"https:\/\/www.encontraminasgerais.com.br\/itabira\/#website","url":"https:\/\/www.encontraminasgerais.com.br\/itabira\/","name":"Guia Comercial de Itabira MG","description":"ENCONTRA ITABIRA - O guia comercial de neg\u00f3cios e empresas, cultura e divers\u00e3o na cidade de Itabira. Feito 100% para voc\u00ea morador!","potentialAction":[{"@type":"SearchAction","target":{"@type":"EntryPoint","urlTemplate":"https:\/\/www.encontraminasgerais.com.br\/itabira\/?s={search_term_string}"},"query-input":{"@type":"PropertyValueSpecification","valueRequired":true,"valueName":"search_term_string"}}],"inLanguage":"pt-BR"},{"@type":"Person","@id":"https:\/\/www.encontraminasgerais.com.br\/itabira\/#\/schema\/person\/9ae8a8f5ce59322c92e2499b550870b0","name":"Encontra Itabira","image":{"@type":"ImageObject","inLanguage":"pt-BR","@id":"https:\/\/secure.gravatar.com\/avatar\/c50c17820bcf322f0a8fd6b110b8c0918141409dc69076470f6fca5fee70a5d4?s=96&d=mm&r=g","url":"https:\/\/secure.gravatar.com\/avatar\/c50c17820bcf322f0a8fd6b110b8c0918141409dc69076470f6fca5fee70a5d4?s=96&d=mm&r=g","contentUrl":"https:\/\/secure.gravatar.com\/avatar\/c50c17820bcf322f0a8fd6b110b8c0918141409dc69076470f6fca5fee70a5d4?s=96&d=mm&r=g","caption":"Encontra Itabira"},"url":"https:\/\/www.encontraminasgerais.com.br\/itabira\/author\/encontraitabira\/"}]}},"_links":{"self":[{"href":"https:\/\/www.encontraminasgerais.com.br\/itabira\/wp-json\/wp\/v2\/posts\/5044","targetHints":{"allow":["GET"]}}],"collection":[{"href":"https:\/\/www.encontraminasgerais.com.br\/itabira\/wp-json\/wp\/v2\/posts"}],"about":[{"href":"https:\/\/www.encontraminasgerais.com.br\/itabira\/wp-json\/wp\/v2\/types\/post"}],"author":[{"embeddable":true,"href":"https:\/\/www.encontraminasgerais.com.br\/itabira\/wp-json\/wp\/v2\/users\/1"}],"replies":[{"embeddable":true,"href":"https:\/\/www.encontraminasgerais.com.br\/itabira\/wp-json\/wp\/v2\/comments?post=5044"}],"version-history":[{"count":0,"href":"https:\/\/www.encontraminasgerais.com.br\/itabira\/wp-json\/wp\/v2\/posts\/5044\/revisions"}],"wp:featuredmedia":[{"embeddable":true,"href":"https:\/\/www.encontraminasgerais.com.br\/itabira\/wp-json\/wp\/v2\/media\/5043"}],"wp:attachment":[{"href":"https:\/\/www.encontraminasgerais.com.br\/itabira\/wp-json\/wp\/v2\/media?parent=5044"}],"wp:term":[{"taxonomy":"category","embeddable":true,"href":"https:\/\/www.encontraminasgerais.com.br\/itabira\/wp-json\/wp\/v2\/categories?post=5044"},{"taxonomy":"post_tag","embeddable":true,"href":"https:\/\/www.encontraminasgerais.com.br\/itabira\/wp-json\/wp\/v2\/tags?post=5044"}],"curies":[{"name":"wp","href":"https:\/\/api.w.org\/{rel}","templated":true}]}}