{"id":5050,"date":"2025-11-22T08:25:00","date_gmt":"2025-11-22T11:25:00","guid":{"rendered":"https:\/\/www.encontraminasgerais.com.br\/itabira\/passagens-do-trem-vitoria\/"},"modified":"2025-11-22T08:25:00","modified_gmt":"2025-11-22T11:25:00","slug":"passagens-do-trem-vitoria","status":"publish","type":"post","link":"https:\/\/www.encontraminasgerais.com.br\/itabira\/passagens-do-trem-vitoria\/","title":{"rendered":"Passagens do trem Vit\u00f3ria"},"content":{"rendered":"<h2>Onde Comprar Passagens<\/h2>\n<p>A aquisi\u00e7\u00e3o das passagens do novo Trem Vit\u00f3ria-Minas, que facilitar\u00e1 as viagens noturnas entre Minas Gerais e Esp\u00edrito Santo, pode ser realizada de maneira pr\u00e1tica. As passagens est\u00e3o dispon\u00edveis tanto online quanto nas bilheteiras das esta\u00e7\u00f5es ao longo da Estrada de Ferro Vit\u00f3ria a Minas (EFVM). O acesso online \u00e9 feito pelo site oficial da Vale, que gerencia a opera\u00e7\u00e3o deste servi\u00e7o. No site, \u00e9 poss\u00edvel visualizar as rotas, hor\u00e1rios e fazer a reserva conforme a conveni\u00eancia do viajante.<\/p>\n<p>A venda antecipada das passagens \u00e9 altamente recomendada, especialmente porque o in\u00edcio das opera\u00e7\u00f5es est\u00e1 agendado para coincidir com os meses de alta demanda, ou seja, janeiro, julho e dezembro. Rigorosamente durante esses per\u00edodos, a expectativa \u00e9 que a procura por bilhetes cres\u00e7a consideravelmente. Portanto, garantir a passagem com anteced\u00eancia n\u00e3o s\u00f3 assegura um lugar, como tamb\u00e9m evita poss\u00edveis frustra\u00e7\u00f5es na hora da viagem.<\/p>\n<h2>Pre\u00e7os das Passagens Noturnas<\/h2>\n<p>Os pre\u00e7os das passagens para o Trem de F\u00e9rias entre Belo Horizonte e Cariacica se mant\u00eam competitivos e acess\u00edveis. O valor da passagem na classe executiva \u00e9 de R$ 116, enquanto na classe econ\u00f4mica, o pre\u00e7o \u00e9 de R$ 81. No entanto, \u00e9 importante ressaltar que a Vale j\u00e1 anunciou a possibilidade de um reajuste nos valores a partir de 10 de dezembro, portanto, \u00e9 prudente realizar a compra antes dessa data, caso esteja planejando uma viagem no in\u00edcio de 2026.<\/p>\n<p><img decoding=\"async\" src=\"https:\/\/www.encontraminasgerais.com.br\/itabira\/wp-content\/uploads\/2025\/12\/passagens-do-trem-vitoria.webp\" alt=\"passagens do trem Vit\u00f3ria-Minas\" loading=\"lazy\" \/><\/p>\n<p>Al\u00e9m dos pre\u00e7os das passagens, \u00e9 aconselh\u00e1vel ficar atento a eventuais promo\u00e7\u00f5es ou pacotes que possam ser lan\u00e7ados visando a alta temporada. O conforto e a seguran\u00e7a oferecidos pela nova opera\u00e7\u00e3o noturna s\u00e3o um grande atrativo, e os pre\u00e7os tornam-se ainda mais atraentes considerando o car\u00e1ter pr\u00e1tico e inovador do servi\u00e7o.<\/p>\n<h2>Hor\u00e1rios do Trem de F\u00e9rias<\/h2>\n<p>O Trem de F\u00e9rias apresenta uma programa\u00e7\u00e3o variada de hor\u00e1rios, com diferentes sa\u00eddas tanto no sentido Esp\u00edrito Santo \u2013 Minas Gerais quanto no sentido contr\u00e1rio. As informa\u00e7\u00f5es detalhadas dos hor\u00e1rios s\u00e3o fundamentais para quem deseja planejar sua viagem de maneira otimizada.<\/p>\n<p><strong>Sentido Esp\u00edrito Santo \u2013 Minas Gerais:<\/strong><\/p>\n<ul>\n<li>Cariacica \u2013 18h<\/li>\n<li>Fund\u00e3o \u2013 19h<\/li>\n<li>Colatina \u2013 20h26<\/li>\n<li>Baixo Guandu \u2013 21h12<\/li>\n<li>Aimor\u00e9s \u2013 21h22<\/li>\n<li>Resplendor \u2013 22h03<\/li>\n<li>Conselheiro Pena \u2013 22h40<\/li>\n<li>Governador Valadares \u2013 23h57<\/li>\n<li>Ipatinga \u2013 1h55<\/li>\n<li>Nova Era \u2013 3h15<\/li>\n<li>Conex\u00e3o Nova Era \u2013 Itabira \u2013 3h35<\/li>\n<li>Rio Piracicaba \u2013 4h01<\/li>\n<li>Bar\u00e3o de Cocais \u2013 5h07<\/li>\n<li>Belo Horizonte \u2013 7h50<\/li>\n<\/ul>\n<p><strong>Sentido Minas Gerais \u2013 Esp\u00edrito Santo:<\/strong><\/p>\n<ul>\n<li>Belo Horizonte \u2013 19h<\/li>\n<li>Bar\u00e3o de Cocais \u2013 20h45<\/li>\n<li>Rio Piracicaba \u2013 21h51<\/li>\n<li>Nova Era \u2013 22h34<\/li>\n<li>Conex\u00e3o Itabira \u2013 Nova Era \u2013 21h<\/li>\n<li>Ipatinga \u2013 23h54<\/li>\n<li>Governador Valadares \u2013 1h49<\/li>\n<li>Conselheiro Pena \u2013 3h11<\/li>\n<li>Resplendor \u2013 3h49<\/li>\n<li>Aimor\u00e9s \u2013 4h32<\/li>\n<li>Baixo Guandu \u2013 4h42<\/li>\n<li>Colatina \u2013 5h30<\/li>\n<li>Fund\u00e3o \u2013 6h56<\/li>\n<li>Cariacica \u2013 8h15<\/li>\n<\/ul>\n<p>Esses hor\u00e1rios visam proporcionar uma flexibilidade maior aos viajantes, permitindo que possam escolher o melhor momento para embarcar.<\/p>\n<h2>Vantagens da Viagem Noturna<\/h2>\n<p>Optar pela viagem noturna no Trem Vit\u00f3ria-Minas traz diversas vantagens que fazem essa experi\u00eancia ainda mais atrativa. Passar a noite viajando significa otimizar o tempo, uma vez que o viajante pode descansar e acordar j\u00e1 no destino escolhido. Isso se torna especialmente interessante para aqueles que pretendem aproveitar o dia logo ap\u00f3s a chegada.<\/p>\n<p>Al\u00e9m disso, o trem oferece um ambiente confort\u00e1vel e seguro, preparado para atender \u00e0s necessidades dos passageiros. Com composi\u00e7\u00f5es climatizadas, vag\u00f5es-restaurante e acomoda\u00e7\u00f5es para pessoas com mobilidade reduzida, a viagem se dissocia de desconfortos, brindando uma experi\u00eancia que prioriza o bem-estar do usu\u00e1rio.<\/p>\n<p>Outro benef\u00edcio relevante \u00e9 a possibilidade de apreciar a vista panor\u00e2mica dos trajetos noturnos, que por muitas vezes s\u00e3o subestimadas. Viajar pela regi\u00e3o durante a noite propicia uma rutina diferente, permitindo observar pontos de interesse sob uma nova perspectiva.<\/p>\n<h2>Altera\u00e7\u00f5es na Malha Ferrovi\u00e1ria<\/h2>\n<p>A implementa\u00e7\u00e3o do Trem de F\u00e9rias tamb\u00e9m est\u00e1 ligada a mudan\u00e7as significativas na infraestrutura da malha ferrovi\u00e1ria. Recentemente, a Estrada de Ferro Vit\u00f3ria a Minas passou por um processo de moderniza\u00e7\u00e3o, que incluiu a elimina\u00e7\u00e3o de paradas em 16 cidades, resultando na otimiza\u00e7\u00e3o da rota e, consequentemente, na redu\u00e7\u00e3o do tempo de viagem. Essa altera\u00e7\u00e3o \u00e9 um reflexo direto das exig\u00eancias atuais dos passageiros, que buscam efici\u00eancia e conveni\u00eancia.<\/p>\n<p>Essa moderniza\u00e7\u00e3o n\u00e3o se restringiu apenas ao aumento da efici\u00eancia operacional, mas tamb\u00e9m \u00e0 implementa\u00e7\u00e3o de medidas que garantam a seguran\u00e7a dos usu\u00e1rios. Esta\u00e7\u00f5es mais bem iluminadas e com melhor fluxo de passageiros s\u00e3o parte desse novo cen\u00e1rio que visa elevar a experi\u00eancia de viagem.<\/p>\n<h2>Conex\u00f5es Dispon\u00edveis<\/h2>\n<p>Uma das grandes novidades com a introdu\u00e7\u00e3o do Trem de F\u00e9rias \u00e9 a nova conex\u00e3o entre Itabira e Nova Era, uma reivindica\u00e7\u00e3o hist\u00f3rica dos usu\u00e1rios que agora se torna realidade. Essa interliga\u00e7\u00e3o certamente representa uma melhoria significativa para a popula\u00e7\u00e3o local, pois amplia as op\u00e7\u00f5es de deslocamento e facilita a mobilidade.<\/p>\n<p>Al\u00e9m disso, o trem continua oferecendo v\u00e1rias rotas para diversas cidades ao longo do percurso, o que garante que os viajantes tenham mais op\u00e7\u00f5es em suas jornadas. O sistema de conex\u00f5es \u00e9 um atrativo para quem deseja visitar mais de um destino durante sua viagem, oferecendo a versatilidade que muitos passageiros buscam.<\/p>\n<h2>Infraestrutura e Conforto<\/h2>\n<p>Os trens utilizados na nova opera\u00e7\u00e3o noturna t\u00eam sido adaptados para maximizar o conforto dos passageiros. Com ve\u00edculos climatizados, as viagens s\u00e3o feitas em um ambiente agrad\u00e1vel, independentemente das condi\u00e7\u00f5es clim\u00e1ticas externas. Outro aspecto que merece destaque s\u00e3o as comodidades dispon\u00edveis, como tomadas el\u00e9tricas e um vag\u00e3o-restaurante, onde os passageiros podem fazer refei\u00e7\u00f5es durante a viagem.<\/p>\n<p>A acessibilidade tamb\u00e9m \u00e9 um ponto chave, pois a inclus\u00e3o de elevadores e assentos reservados para pessoas com mobilidade reduzida mostram um compromisso com a inclus\u00e3o social, permitindo que todos tenham acesso a esse meio de transporte. Essa dedica\u00e7\u00e3o \u00e0 infraestrutura n\u00e3o s\u00f3 adiciona valor \u00e0 experi\u00eancia do passageiro, mas tamb\u00e9m estabelece um novo padr\u00e3o de qualidade para o transporte ferrovi\u00e1rio no Brasil.<\/p>\n<h2>Seguran\u00e7a nas Viagens Noturnas<\/h2>\n<p>A seguran\u00e7a \u00e9 uma preocupa\u00e7\u00e3o central nas novas opera\u00e7\u00f5es do Trem Vit\u00f3ria-Minas. As composi\u00e7\u00f5es foram equipadas com detectores de fuma\u00e7a e monitores de v\u00eddeo, que garantem uma viagem segura para todos os passageiros. Al\u00e9m disso, as esta\u00e7\u00f5es tamb\u00e9m foram refor\u00e7adas com ilumina\u00e7\u00e3o adequada, proporcionando um ambiente mais seguro durante o embarque e desembarque, especialmente durante a noite.<\/p>\n<p>Esses esfor\u00e7os s\u00e3o um reflexo do compromisso da Vale em criar um servi\u00e7o que priorize a seguran\u00e7a dos usu\u00e1rios. A cont\u00ednua avalia\u00e7\u00e3o do fluxo de passageiros no primeiro m\u00eas de opera\u00e7\u00f5es permitir\u00e1 ajustes necess\u00e1rios e garante que a experi\u00eancia de viagem atenda \u00e0s expectativas de seguran\u00e7a e conforto.<\/p>\n<h2>Opera\u00e7\u00e3o em Alta Temporada<\/h2>\n<p>A escolha de iniciar as opera\u00e7\u00f5es do Trem de F\u00e9rias durante a alta temporada reflete a demanda crescente por viagens noturnas. Janeiro, julho e dezembro s\u00e3o meses em que a movimenta\u00e7\u00e3o de passageiros aumenta consideravelmente, impulsionando a necessidade de um servi\u00e7o que atenda a essas demandas espec\u00edficas. O in\u00edcio das opera\u00e7\u00f5es neste per\u00edodo estrat\u00e9gico permitir\u00e1 avaliar a aceita\u00e7\u00e3o do p\u00fablico e realizar os ajustes necess\u00e1rios em tempo real.<\/p>\n<p>Ademais, a experi\u00eancia de sucesso nos primeiros meses ser\u00e1 fundamental para potencializar futuras opera\u00e7\u00f5es de viagem de acordo com a demanda. A adapta\u00e7\u00e3o \u00e0 rotina do usu\u00e1rio e a implementa\u00e7\u00e3o de feedbacks ser\u00e3o primordiais para garantir que o servi\u00e7o se consolide e ofere\u00e7a a melhor experi\u00eancia poss\u00edvel.<\/p>\n<h2>O que Esperar do Trem de F\u00e9rias<\/h2>\n<p>O Trem de F\u00e9rias se apresenta como uma alternativa inovadora e pr\u00e1tica para a locomo\u00e7\u00e3o entre Minas Gerais e Esp\u00edrito Santo. Espera-se que esse novo servi\u00e7o n\u00e3o apenas otimize o tempo de viagem, mas tamb\u00e9m transforme a experi\u00eancia do passageiro com um servi\u00e7o que n\u00e3o deve nada aos modelos internacionais de transporte ferrovi\u00e1rio. Desde a compra das passagens at\u00e9 a viv\u00eancia do trajeto, a ess\u00eancia desse projeto \u00e9 proporcionar uma viagem memor\u00e1vel, que antecipa as necessidades e desejos dos usu\u00e1rios.<\/p>\n<p>Com um compromisso firme com a moderniza\u00e7\u00e3o e melhoria cont\u00ednua, a expectativa \u00e9 que o Trem de F\u00e9rias se torne rapidamente uma op\u00e7\u00e3o preferencial para diversos viajantes. Assim, sua opera\u00e7\u00e3o e sucesso podem abrir portas para mais iniciativas como essa ao longo do territ\u00f3rio nacional, refor\u00e7ando o papel das ferrovias como um meio de transporte eficiente, seguro e acess\u00edvel.<\/p>\n","protected":false},"excerpt":{"rendered":"<p>Saiba como comprar passagens do trem Vit\u00f3ria-Minas noturno nesta semana.<\/p>\n","protected":false},"author":1,"featured_media":5049,"comment_status":"open","ping_status":"open","sticky":false,"template":"","format":"standard","meta":{"footnotes":""},"categories":[5],"tags":[],"class_list":["post-5050","post","type-post","status-publish","format-standard","has-post-thumbnail","hentry","category-noticias","has_thumb"],"yoast_head":"<!-- This site is optimized with the Yoast SEO plugin v28.1 - https:\/\/yoast.com\/product\/yoast-seo-wordpress\/ -->\n<title>Passagens do trem Vit\u00f3ria | Guia Comercial de Itabira MG<\/title>\n<meta name=\"robots\" content=\"index, follow, max-snippet:-1, max-image-preview:large, max-video-preview:-1\" \/>\n<link rel=\"canonical\" href=\"https:\/\/www.encontraminasgerais.com.br\/itabira\/passagens-do-trem-vitoria\/\" \/>\n<meta property=\"og:locale\" content=\"pt_BR\" \/>\n<meta property=\"og:type\" content=\"article\" \/>\n<meta property=\"og:title\" content=\"Passagens do trem Vit\u00f3ria | Guia Comercial de Itabira MG\" \/>\n<meta property=\"og:description\" content=\"Saiba como comprar passagens do trem Vit\u00f3ria-Minas noturno nesta semana.\" \/>\n<meta property=\"og:url\" content=\"https:\/\/www.encontraminasgerais.com.br\/itabira\/passagens-do-trem-vitoria\/\" \/>\n<meta property=\"og:site_name\" content=\"Guia Comercial de Itabira MG\" \/>\n<meta property=\"article:published_time\" content=\"2025-11-22T11:25:00+00:00\" \/>\n<meta property=\"og:image\" content=\"https:\/\/www.encontraminasgerais.com.br\/itabira\/wp-content\/uploads\/2025\/12\/passagens-do-trem-vitoria.webp\" \/>\n<meta name=\"author\" content=\"Encontra Itabira\" \/>\n<meta name=\"twitter:card\" content=\"summary_large_image\" \/>\n<meta name=\"twitter:label1\" content=\"Escrito por\" \/>\n\t<meta name=\"twitter:data1\" content=\"Encontra Itabira\" \/>\n\t<meta name=\"twitter:label2\" content=\"Est. tempo de leitura\" \/>\n\t<meta name=\"twitter:data2\" content=\"7 minutos\" \/>\n<script type=\"application\/ld+json\" class=\"yoast-schema-graph\">{\"@context\":\"https:\\\/\\\/schema.org\",\"@graph\":[{\"@type\":\"Article\",\"@id\":\"https:\\\/\\\/www.encontraminasgerais.com.br\\\/itabira\\\/passagens-do-trem-vitoria\\\/#article\",\"isPartOf\":{\"@id\":\"https:\\\/\\\/www.encontraminasgerais.com.br\\\/itabira\\\/passagens-do-trem-vitoria\\\/\"},\"author\":{\"name\":\"Encontra Itabira\",\"@id\":\"https:\\\/\\\/www.encontraminasgerais.com.br\\\/itabira\\\/#\\\/schema\\\/person\\\/9ae8a8f5ce59322c92e2499b550870b0\"},\"headline\":\"Passagens do trem Vit\u00f3ria\",\"datePublished\":\"2025-11-22T11:25:00+00:00\",\"mainEntityOfPage\":{\"@id\":\"https:\\\/\\\/www.encontraminasgerais.com.br\\\/itabira\\\/passagens-do-trem-vitoria\\\/\"},\"wordCount\":1485,\"commentCount\":0,\"image\":{\"@id\":\"https:\\\/\\\/www.encontraminasgerais.com.br\\\/itabira\\\/passagens-do-trem-vitoria\\\/#primaryimage\"},\"thumbnailUrl\":\"https:\\\/\\\/www.encontraminasgerais.com.br\\\/itabira\\\/wp-content\\\/uploads\\\/2025\\\/12\\\/passagens-do-trem-vitoria.webp\",\"articleSection\":[\"Not\u00edcias Itabira\"],\"inLanguage\":\"pt-BR\",\"potentialAction\":[{\"@type\":\"CommentAction\",\"name\":\"Comment\",\"target\":[\"https:\\\/\\\/www.encontraminasgerais.com.br\\\/itabira\\\/passagens-do-trem-vitoria\\\/#respond\"]}]},{\"@type\":\"WebPage\",\"@id\":\"https:\\\/\\\/www.encontraminasgerais.com.br\\\/itabira\\\/passagens-do-trem-vitoria\\\/\",\"url\":\"https:\\\/\\\/www.encontraminasgerais.com.br\\\/itabira\\\/passagens-do-trem-vitoria\\\/\",\"name\":\"Passagens do trem Vit\u00f3ria | Guia Comercial de Itabira MG\",\"isPartOf\":{\"@id\":\"https:\\\/\\\/www.encontraminasgerais.com.br\\\/itabira\\\/#website\"},\"primaryImageOfPage\":{\"@id\":\"https:\\\/\\\/www.encontraminasgerais.com.br\\\/itabira\\\/passagens-do-trem-vitoria\\\/#primaryimage\"},\"image\":{\"@id\":\"https:\\\/\\\/www.encontraminasgerais.com.br\\\/itabira\\\/passagens-do-trem-vitoria\\\/#primaryimage\"},\"thumbnailUrl\":\"https:\\\/\\\/www.encontraminasgerais.com.br\\\/itabira\\\/wp-content\\\/uploads\\\/2025\\\/12\\\/passagens-do-trem-vitoria.webp\",\"datePublished\":\"2025-11-22T11:25:00+00:00\",\"author\":{\"@id\":\"https:\\\/\\\/www.encontraminasgerais.com.br\\\/itabira\\\/#\\\/schema\\\/person\\\/9ae8a8f5ce59322c92e2499b550870b0\"},\"inLanguage\":\"pt-BR\",\"potentialAction\":[{\"@type\":\"ReadAction\",\"target\":[\"https:\\\/\\\/www.encontraminasgerais.com.br\\\/itabira\\\/passagens-do-trem-vitoria\\\/\"]}]},{\"@type\":\"ImageObject\",\"inLanguage\":\"pt-BR\",\"@id\":\"https:\\\/\\\/www.encontraminasgerais.com.br\\\/itabira\\\/passagens-do-trem-vitoria\\\/#primaryimage\",\"url\":\"https:\\\/\\\/www.encontraminasgerais.com.br\\\/itabira\\\/wp-content\\\/uploads\\\/2025\\\/12\\\/passagens-do-trem-vitoria.webp\",\"contentUrl\":\"https:\\\/\\\/www.encontraminasgerais.com.br\\\/itabira\\\/wp-content\\\/uploads\\\/2025\\\/12\\\/passagens-do-trem-vitoria.webp\",\"width\":320,\"height\":280,\"caption\":\"passagens do trem Vit\u00f3ria-Minas\"},{\"@type\":\"WebSite\",\"@id\":\"https:\\\/\\\/www.encontraminasgerais.com.br\\\/itabira\\\/#website\",\"url\":\"https:\\\/\\\/www.encontraminasgerais.com.br\\\/itabira\\\/\",\"name\":\"Guia Comercial de Itabira MG\",\"description\":\"ENCONTRA ITABIRA - O guia comercial de neg\u00f3cios e empresas, cultura e divers\u00e3o na cidade de Itabira. Feito 100% para voc\u00ea morador!\",\"potentialAction\":[{\"@type\":\"SearchAction\",\"target\":{\"@type\":\"EntryPoint\",\"urlTemplate\":\"https:\\\/\\\/www.encontraminasgerais.com.br\\\/itabira\\\/?s={search_term_string}\"},\"query-input\":{\"@type\":\"PropertyValueSpecification\",\"valueRequired\":true,\"valueName\":\"search_term_string\"}}],\"inLanguage\":\"pt-BR\"},{\"@type\":\"Person\",\"@id\":\"https:\\\/\\\/www.encontraminasgerais.com.br\\\/itabira\\\/#\\\/schema\\\/person\\\/9ae8a8f5ce59322c92e2499b550870b0\",\"name\":\"Encontra Itabira\",\"image\":{\"@type\":\"ImageObject\",\"inLanguage\":\"pt-BR\",\"@id\":\"https:\\\/\\\/secure.gravatar.com\\\/avatar\\\/c50c17820bcf322f0a8fd6b110b8c0918141409dc69076470f6fca5fee70a5d4?s=96&d=mm&r=g\",\"url\":\"https:\\\/\\\/secure.gravatar.com\\\/avatar\\\/c50c17820bcf322f0a8fd6b110b8c0918141409dc69076470f6fca5fee70a5d4?s=96&d=mm&r=g\",\"contentUrl\":\"https:\\\/\\\/secure.gravatar.com\\\/avatar\\\/c50c17820bcf322f0a8fd6b110b8c0918141409dc69076470f6fca5fee70a5d4?s=96&d=mm&r=g\",\"caption\":\"Encontra Itabira\"},\"url\":\"https:\\\/\\\/www.encontraminasgerais.com.br\\\/itabira\\\/author\\\/encontraitabira\\\/\"}]}<\/script>\n<!-- \/ Yoast SEO plugin. -->","yoast_head_json":{"title":"Passagens do trem Vit\u00f3ria | Guia Comercial de Itabira MG","robots":{"index":"index","follow":"follow","max-snippet":"max-snippet:-1","max-image-preview":"max-image-preview:large","max-video-preview":"max-video-preview:-1"},"canonical":"https:\/\/www.encontraminasgerais.com.br\/itabira\/passagens-do-trem-vitoria\/","og_locale":"pt_BR","og_type":"article","og_title":"Passagens do trem Vit\u00f3ria | Guia Comercial de Itabira MG","og_description":"Saiba como comprar passagens do trem Vit\u00f3ria-Minas noturno nesta semana.","og_url":"https:\/\/www.encontraminasgerais.com.br\/itabira\/passagens-do-trem-vitoria\/","og_site_name":"Guia Comercial de Itabira MG","article_published_time":"2025-11-22T11:25:00+00:00","og_image":[{"url":"https:\/\/www.encontraminasgerais.com.br\/itabira\/wp-content\/uploads\/2025\/12\/passagens-do-trem-vitoria.webp","type":"","width":"","height":""}],"author":"Encontra Itabira","twitter_card":"summary_large_image","twitter_misc":{"Escrito por":"Encontra Itabira","Est. tempo de leitura":"7 minutos"},"schema":{"@context":"https:\/\/schema.org","@graph":[{"@type":"Article","@id":"https:\/\/www.encontraminasgerais.com.br\/itabira\/passagens-do-trem-vitoria\/#article","isPartOf":{"@id":"https:\/\/www.encontraminasgerais.com.br\/itabira\/passagens-do-trem-vitoria\/"},"author":{"name":"Encontra Itabira","@id":"https:\/\/www.encontraminasgerais.com.br\/itabira\/#\/schema\/person\/9ae8a8f5ce59322c92e2499b550870b0"},"headline":"Passagens do trem Vit\u00f3ria","datePublished":"2025-11-22T11:25:00+00:00","mainEntityOfPage":{"@id":"https:\/\/www.encontraminasgerais.com.br\/itabira\/passagens-do-trem-vitoria\/"},"wordCount":1485,"commentCount":0,"image":{"@id":"https:\/\/www.encontraminasgerais.com.br\/itabira\/passagens-do-trem-vitoria\/#primaryimage"},"thumbnailUrl":"https:\/\/www.encontraminasgerais.com.br\/itabira\/wp-content\/uploads\/2025\/12\/passagens-do-trem-vitoria.webp","articleSection":["Not\u00edcias Itabira"],"inLanguage":"pt-BR","potentialAction":[{"@type":"CommentAction","name":"Comment","target":["https:\/\/www.encontraminasgerais.com.br\/itabira\/passagens-do-trem-vitoria\/#respond"]}]},{"@type":"WebPage","@id":"https:\/\/www.encontraminasgerais.com.br\/itabira\/passagens-do-trem-vitoria\/","url":"https:\/\/www.encontraminasgerais.com.br\/itabira\/passagens-do-trem-vitoria\/","name":"Passagens do trem Vit\u00f3ria | Guia Comercial de Itabira MG","isPartOf":{"@id":"https:\/\/www.encontraminasgerais.com.br\/itabira\/#website"},"primaryImageOfPage":{"@id":"https:\/\/www.encontraminasgerais.com.br\/itabira\/passagens-do-trem-vitoria\/#primaryimage"},"image":{"@id":"https:\/\/www.encontraminasgerais.com.br\/itabira\/passagens-do-trem-vitoria\/#primaryimage"},"thumbnailUrl":"https:\/\/www.encontraminasgerais.com.br\/itabira\/wp-content\/uploads\/2025\/12\/passagens-do-trem-vitoria.webp","datePublished":"2025-11-22T11:25:00+00:00","author":{"@id":"https:\/\/www.encontraminasgerais.com.br\/itabira\/#\/schema\/person\/9ae8a8f5ce59322c92e2499b550870b0"},"inLanguage":"pt-BR","potentialAction":[{"@type":"ReadAction","target":["https:\/\/www.encontraminasgerais.com.br\/itabira\/passagens-do-trem-vitoria\/"]}]},{"@type":"ImageObject","inLanguage":"pt-BR","@id":"https:\/\/www.encontraminasgerais.com.br\/itabira\/passagens-do-trem-vitoria\/#primaryimage","url":"https:\/\/www.encontraminasgerais.com.br\/itabira\/wp-content\/uploads\/2025\/12\/passagens-do-trem-vitoria.webp","contentUrl":"https:\/\/www.encontraminasgerais.com.br\/itabira\/wp-content\/uploads\/2025\/12\/passagens-do-trem-vitoria.webp","width":320,"height":280,"caption":"passagens do trem Vit\u00f3ria-Minas"},{"@type":"WebSite","@id":"https:\/\/www.encontraminasgerais.com.br\/itabira\/#website","url":"https:\/\/www.encontraminasgerais.com.br\/itabira\/","name":"Guia Comercial de Itabira MG","description":"ENCONTRA ITABIRA - O guia comercial de neg\u00f3cios e empresas, cultura e divers\u00e3o na cidade de Itabira. Feito 100% para voc\u00ea morador!","potentialAction":[{"@type":"SearchAction","target":{"@type":"EntryPoint","urlTemplate":"https:\/\/www.encontraminasgerais.com.br\/itabira\/?s={search_term_string}"},"query-input":{"@type":"PropertyValueSpecification","valueRequired":true,"valueName":"search_term_string"}}],"inLanguage":"pt-BR"},{"@type":"Person","@id":"https:\/\/www.encontraminasgerais.com.br\/itabira\/#\/schema\/person\/9ae8a8f5ce59322c92e2499b550870b0","name":"Encontra Itabira","image":{"@type":"ImageObject","inLanguage":"pt-BR","@id":"https:\/\/secure.gravatar.com\/avatar\/c50c17820bcf322f0a8fd6b110b8c0918141409dc69076470f6fca5fee70a5d4?s=96&d=mm&r=g","url":"https:\/\/secure.gravatar.com\/avatar\/c50c17820bcf322f0a8fd6b110b8c0918141409dc69076470f6fca5fee70a5d4?s=96&d=mm&r=g","contentUrl":"https:\/\/secure.gravatar.com\/avatar\/c50c17820bcf322f0a8fd6b110b8c0918141409dc69076470f6fca5fee70a5d4?s=96&d=mm&r=g","caption":"Encontra Itabira"},"url":"https:\/\/www.encontraminasgerais.com.br\/itabira\/author\/encontraitabira\/"}]}},"_links":{"self":[{"href":"https:\/\/www.encontraminasgerais.com.br\/itabira\/wp-json\/wp\/v2\/posts\/5050","targetHints":{"allow":["GET"]}}],"collection":[{"href":"https:\/\/www.encontraminasgerais.com.br\/itabira\/wp-json\/wp\/v2\/posts"}],"about":[{"href":"https:\/\/www.encontraminasgerais.com.br\/itabira\/wp-json\/wp\/v2\/types\/post"}],"author":[{"embeddable":true,"href":"https:\/\/www.encontraminasgerais.com.br\/itabira\/wp-json\/wp\/v2\/users\/1"}],"replies":[{"embeddable":true,"href":"https:\/\/www.encontraminasgerais.com.br\/itabira\/wp-json\/wp\/v2\/comments?post=5050"}],"version-history":[{"count":0,"href":"https:\/\/www.encontraminasgerais.com.br\/itabira\/wp-json\/wp\/v2\/posts\/5050\/revisions"}],"wp:featuredmedia":[{"embeddable":true,"href":"https:\/\/www.encontraminasgerais.com.br\/itabira\/wp-json\/wp\/v2\/media\/5049"}],"wp:attachment":[{"href":"https:\/\/www.encontraminasgerais.com.br\/itabira\/wp-json\/wp\/v2\/media?parent=5050"}],"wp:term":[{"taxonomy":"category","embeddable":true,"href":"https:\/\/www.encontraminasgerais.com.br\/itabira\/wp-json\/wp\/v2\/categories?post=5050"},{"taxonomy":"post_tag","embeddable":true,"href":"https:\/\/www.encontraminasgerais.com.br\/itabira\/wp-json\/wp\/v2\/tags?post=5050"}],"curies":[{"name":"wp","href":"https:\/\/api.w.org\/{rel}","templated":true}]}}