{"id":5052,"date":"2025-11-22T09:31:00","date_gmt":"2025-11-22T12:31:00","guid":{"rendered":"https:\/\/www.encontraminasgerais.com.br\/itabira\/grs-itabira-promove-capacitacao-para-administracao-da-vacina-bcg-intradermica\/"},"modified":"2025-11-22T09:31:00","modified_gmt":"2025-11-22T12:31:00","slug":"grs-itabira-promove-capacitacao-para-administracao-da-vacina-bcg-intradermica","status":"publish","type":"post","link":"https:\/\/www.encontraminasgerais.com.br\/itabira\/grs-itabira-promove-capacitacao-para-administracao-da-vacina-bcg-intradermica\/","title":{"rendered":"GRS Itabira Promove Capacita\u00e7\u00e3o Para Administra\u00e7\u00e3o Da Vacina BCG Intrad\u00e9rmica"},"content":{"rendered":"<h2>Import\u00e2ncia da Vacina BCG<\/h2>\n<p>A vacina BCG, que significa Bacilo Calmette-Gu\u00e9rin, \u00e9 uma das vacinas mais importantes na prote\u00e7\u00e3o contra a tuberculose, especialmente em suas formas mais graves, como a meningite tuberculosa e a tuberculose miliar. A tuberculose \u00e9 uma doen\u00e7a bacteriana altamente contagiosa, que afeta principalmente os pulm\u00f5es, mas tamb\u00e9m pode atingir outras partes do corpo, causando complica\u00e7\u00f5es s\u00e9rias. A vacina \u00e9 aplicada nos primeiros dias de vida do rec\u00e9m-nascido, criando uma resposta imunol\u00f3gica que ajuda a proteger as crian\u00e7as.<\/p>\n<p>Al\u00e9m de prevenir a infec\u00e7\u00e3o, a BCG tamb\u00e9m atua na redu\u00e7\u00e3o da severidade da doen\u00e7a em casos onde a infec\u00e7\u00e3o ocorre, devendo ser parte essencial de qualquer programa de imuniza\u00e7\u00e3o infantil. O objetivo \u00e9 garantir que, mesmo em situa\u00e7\u00f5es em que a exposi\u00e7\u00e3o ao bacilo da tuberculose aconte\u00e7a, a doen\u00e7a n\u00e3o se desenvolva de forma severa. A &#8220;marquinha&#8221; que a vacina deixa no bra\u00e7o \u00e9 um sinal positivo de que a vacina foi eficaz em estimular a imunidade da crian\u00e7a, e, por isso, seu manejo adequado \u00e9 crucial para a sa\u00fade p\u00fablica.<\/p>\n<h2>Objetivos da Capacita\u00e7\u00e3o em Itabira<\/h2>\n<p>A capacita\u00e7\u00e3o promovida pela Ger\u00eancia Regional de Sa\u00fade de Itabira visa aprimorar o conhecimento e habilidades dos profissionais de sa\u00fade na administra\u00e7\u00e3o da vacina BCG. Entre os objetivos principais est\u00e3o:<\/p>\n<p><img decoding=\"async\" src=\"https:\/\/www.encontraminasgerais.com.br\/itabira\/wp-content\/uploads\/2025\/12\/grs-itabira-promove-capacitacao-para-administracao-da-vacina-bcg-intradermica.webp\" alt=\"capacita\u00e7\u00e3o vacina BCG\" loading=\"lazy\" \/><\/p>\n<ul>\n<li>Aprimorar a t\u00e9cnica de aplica\u00e7\u00e3o da vacina BCG, assegurando que seja realizada de maneira correta e segura.<\/li>\n<li>Educar os profissionais sobre a import\u00e2ncia da BCG e as particularidades de sua aplica\u00e7\u00e3o intrad\u00e9rmica.<\/li>\n<li>Uniformizar a abordagem entre os profissionais de sa\u00fade das diferentes microrregi\u00f5es, garantindo que todos estejam alinhados aos padr\u00f5es do Programa Nacional de Imuniza\u00e7\u00f5es.<\/li>\n<li>Proporcionar um espa\u00e7o de aprendizado onde os participantes possam tirar d\u00favidas e compartilhar experi\u00eancias sobre imuniza\u00e7\u00e3o.<\/li>\n<\/ul>\n<p>Com estes objetivos em mente, a capacita\u00e7\u00e3o n\u00e3o apenas visa qualificar a pr\u00e1tica, mas tamb\u00e9m criar um impacto positivo na cobertura vacinal e na preven\u00e7\u00e3o das doen\u00e7as que a vacina BCG ajuda a combater.<\/p>\n<h2>P\u00fablico-Alvo da Capacita\u00e7\u00e3o<\/h2>\n<p>A capacita\u00e7\u00e3o foi direcionada a profissionais de sa\u00fade que atuam nas microrregi\u00f5es de Guanh\u00e3es, Itabira e Jo\u00e3o Monlevade. O p\u00fablico-alvo inclui enfermeiros, t\u00e9cnicos de enfermagem e outros profissionais que trabalham nas salas de vacina\u00e7\u00e3o, pois s\u00e3o eles que est\u00e3o na linha de frente na administra\u00e7\u00e3o da vacina. A inclus\u00e3o de diferentes categorias profissionais \u00e9 fundamental para uma abordagem integrada e efetiva no processo de imuniza\u00e7\u00e3o. Ao capacitar deste modo, a Ger\u00eancia Regional de Sa\u00fade busca garantir que todos os envolvidos na aplica\u00e7\u00e3o das vacinas estejam bem informados e treinados, promovendo assim a seguran\u00e7a e efic\u00e1cia das imuniza\u00e7\u00f5es realizadas.<\/p>\n<h2>Dura\u00e7\u00e3o e Estrutura do Treinamento<\/h2>\n<p>A capacita\u00e7\u00e3o foi estruturada em duas etapas. No primeiro dia, as atividades ocorreram durante 8 horas, das 8h \u00e0s 17h, focando na parte te\u00f3rica. Essa parte incluiu palestras e discuss\u00f5es sobre a vacina BCG, suas especificidades e os protocolos de aplica\u00e7\u00e3o correta. No segundo dia, houve uma oficina pr\u00e1tica de 4 horas, das 8h \u00e0s 12h, onde os participantes puderam praticar a t\u00e9cnica de administra\u00e7\u00e3o da vacina. A divis\u00e3o da capacita\u00e7\u00e3o em teoria e pr\u00e1tica \u00e9 uma metodologia eficaz, pois permite aos profissionais absorverem o conhecimento e, em seguida, aplic\u00e1-lo, refor\u00e7ando o aprendizado.<\/p>\n<h2>Metodologia de Ensino Empregada<\/h2>\n<p>A metodologia utilizada durante a capacita\u00e7\u00e3o foi interativa e focada na troca de conhecimento. Al\u00e9m de palestras, foram realizados debates e oficinas pr\u00e1ticas onde os participantes puderam, sob supervis\u00e3o, realizar a administra\u00e7\u00e3o da vacina BCG. Essa abordagem \u00e9 fundamental, pois o aprendizado pr\u00e1tico complementa a teoria, garantindo que os profissionais se sintam mais seguros ao aplicar a vacina em suas rotinas di\u00e1rias.<\/p>\n<p>O instrutor respons\u00e1vel, Roberthy dos Santos Ravaiani, enfatizou a import\u00e2ncia do manuseio correto da vacina e discutiu como lidar com situa\u00e7\u00f5es adversas que podem ocorrer durante a aplica\u00e7\u00e3o, preparando os profissionais para diferentes cen\u00e1rios que podem se apresentar. Essa troca de experi\u00eancias entre colegas e especialistas contribui para um ambiente de aprendizado colaborativo, onde todos podem aprender uns com os outros.<\/p>\n<h2>Aspectos Te\u00f3ricos da Vacina BCG<\/h2>\n<p>Durante a parte te\u00f3rica da capacita\u00e7\u00e3o, os profissionais de sa\u00fade aprenderam sobre os componentes e caracter\u00edsticas da vacina BCG, incluindo:<\/p>\n<ul>\n<li>O que \u00e9 BCG: A vacina \u00e9 composta por uma cepa viva atenuada do Mycobacterium bovis, que proporciona prote\u00e7\u00e3o contra a tuberculose.<\/li>\n<li>Indica\u00e7\u00f5es da vacina: Principalmente em rec\u00e9m-nascidos e crian\u00e7as em risco de tuberculose.<\/li>\n<li>Efeitos colaterais: A vacina \u00e9 geralmente segura, mas pode provocar rea\u00e7\u00f5es locais, como inflama\u00e7\u00e3o e a famosa cicatriz.<\/li>\n<li>Import\u00e2ncia da vacina\u00e7\u00e3o em massa: O fortalecimento da imuniza\u00e7\u00e3o da popula\u00e7\u00e3o \u00e9 crucial para controlar a tuberculose e reduzir sua incid\u00eancia na sociedade.<\/li>\n<\/ul>\n<p>Os profissionais tamb\u00e9m tiveram a oportunidade de discutir estudos de caso e as melhores pr\u00e1ticas adotadas em diferentes regi\u00f5es, o que enriqueceu ainda mais seus conhecimentos.<\/p>\n<h2>Pr\u00e1tica e Manuseio da Vacina<\/h2>\n<p>A parte pr\u00e1tica da capacita\u00e7\u00e3o foi onde realmente se solidificaram os conhecimentos te\u00f3ricos adquiridos. Os profissionais aprenderam n\u00e3o s\u00f3 a t\u00e9cnica correta de inje\u00e7\u00e3o intrad\u00e9rmica, mas tamb\u00e9m como manusear a vacina, desde o armazenamento at\u00e9 a prepara\u00e7\u00e3o da seringa para aplica\u00e7\u00e3o. Os pontos abordados inclu\u00edram:<\/p>\n<ul>\n<li>Prepara\u00e7\u00e3o do local da aplica\u00e7\u00e3o: A higieniza\u00e7\u00e3o adequada da \u00e1rea a ser injetada e o uso correto dos equipamentos de prote\u00e7\u00e3o.<\/li>\n<li>T\u00e9cnica de aplica\u00e7\u00e3o: A forma correta de administrar a vacina intrad\u00e9rmica, que envolve inserir a agulha apenas na camada superficial da pele.<\/li>\n<li>Monitoramento ap\u00f3s a aplica\u00e7\u00e3o: A observa\u00e7\u00e3o da crian\u00e7a ap\u00f3s a vacina\u00e7\u00e3o para identificar qualquer rea\u00e7\u00e3o adversa imediata.<\/li>\n<\/ul>\n<p>A pr\u00e1tica supervisionada foi um diferencial, pois permitiu que os profissionais praticassem e recebessem feedback imediato sobre suas t\u00e9cnicas, aprimorando sua confian\u00e7a e proporcionando um aprendizado mais eficaz.<\/p>\n<h2>Impacto da Forma\u00e7\u00e3o na Sa\u00fade P\u00fablica<\/h2>\n<p>O impacto de treinamentos como o promovido pela Ger\u00eancia Regional de Sa\u00fade \u00e9 significativo. Profissionais bem treinados aumentam a efici\u00eancia do processo de vacina\u00e7\u00e3o e garantem que as crian\u00e7as recebam a prote\u00e7\u00e3o necess\u00e1ria contra doen\u00e7as, como a tuberculose. A forma\u00e7\u00e3o cont\u00ednua \u00e9 uma estrat\u00e9gia eficaz para melhorar as taxas de imuniza\u00e7\u00e3o e administrar vacinas de forma segura e eficaz, refletindo diretamente na sa\u00fade p\u00fablica da comunidade.<\/p>\n<p>Al\u00e9m disso, uma equipe capacitadora tende a gerar uma maior conscientiza\u00e7\u00e3o sobre a import\u00e2ncia da vacina\u00e7\u00e3o, levando a um aumento na aceita\u00e7\u00e3o das vacinas pela popula\u00e7\u00e3o. Quando os profissionais se sentem seguros em suas habilidades, isso se traduz em um melhor atendimento aos pacientes e, consequentemente, em uma melhor sa\u00fade coletiva.<\/p>\n<h2>Depoimentos dos Profissionais Participantes<\/h2>\n<p>Os feedbacks dos profissionais que participaram da capacita\u00e7\u00e3o foram extremamente positivos. Muitos expressaram gratid\u00e3o pela oportunidade de atualiza\u00e7\u00e3o e revelaram que a forma\u00e7\u00e3o tinha sido um marco na sua pr\u00e1tica profissional. Eles relataram sentir-se mais preparados e confiantes para aplicar a vacina BCG e lidarem com diferentes situa\u00e7\u00f5es que possam surgir durante a administra\u00e7\u00e3o da vacina. A intera\u00e7\u00e3o entre os participantes tamb\u00e9m foi destacada como muito valiosa, pois permitiu o compartilhamento de experi\u00eancias e desafios comuns nas suas localidades.<\/p>\n<p>Aline Graziele Fernandes Martins da Costa, coordenadora de Vigil\u00e2ncia Epidemiol\u00f3gica da GRS Itabira, comentou sobre a import\u00e2ncia do entusiasmo dos participantes, ressaltando que isso \u00e9 fundamental para a promo\u00e7\u00e3o de um ambiente de aprendizado colaborativo.<\/p>\n<h2>Futuras Iniciativas de Capacita\u00e7\u00e3o<\/h2>\n<p>Com o sucesso da capacita\u00e7\u00e3o em Itabira, planos para futuras iniciativas est\u00e3o sendo considerados. A continuidade da forma\u00e7\u00e3o de profissionais de sa\u00fade \u00e9 uma prioridade, visto que a sa\u00fade p\u00fablica depende do cont\u00ednuo aprimoramento das compet\u00eancias desses profissionais. Futuras capacita\u00e7\u00f5es poder\u00e3o incluir:<\/p>\n<ul>\n<li>Forma\u00e7\u00f5es adicionais sobre outras vacinas do calend\u00e1rio nacional.<\/li>\n<li>Semin\u00e1rios sobre preven\u00e7\u00e3o de doen\u00e7as e promo\u00e7\u00e3o da sa\u00fade, agregando conhecimentos sobre o impacto das vacinas na sa\u00fade p\u00fablica.<\/li>\n<li>Oficinas pr\u00e1ticas em outros locais, visando alcan\u00e7ar ainda mais profissionais e aumentar a cobertura vacinal.<\/li>\n<\/ul>\n<p>A conscientiza\u00e7\u00e3o da import\u00e2ncia da vacina\u00e7\u00e3o come\u00e7a com a educa\u00e7\u00e3o e o treinamento daqueles que est\u00e3o na linha de frente. As a\u00e7\u00f5es da GRS Itabira demonstram um compromisso com a sa\u00fade da popula\u00e7\u00e3o e a forma\u00e7\u00e3o de um sistema de sa\u00fade mais robusto e eficiente.<\/p>\n","protected":false},"excerpt":{"rendered":"<p>A GRS Itabira capacita profissionais para administra\u00e7\u00e3o segura da vacina BCG em rec\u00e9m-nascidos.<\/p>\n","protected":false},"author":1,"featured_media":5051,"comment_status":"open","ping_status":"open","sticky":false,"template":"","format":"standard","meta":{"footnotes":""},"categories":[5],"tags":[],"class_list":["post-5052","post","type-post","status-publish","format-standard","has-post-thumbnail","hentry","category-noticias","has_thumb"],"yoast_head":"<!-- This site is optimized with the Yoast SEO plugin v28.1 - https:\/\/yoast.com\/product\/yoast-seo-wordpress\/ -->\n<title>GRS Itabira Promove Capacita\u00e7\u00e3o Para Administra\u00e7\u00e3o Da Vacina BCG Intrad\u00e9rmica | Guia Comercial de Itabira MG<\/title>\n<meta name=\"robots\" content=\"index, follow, max-snippet:-1, max-image-preview:large, max-video-preview:-1\" \/>\n<link rel=\"canonical\" href=\"https:\/\/www.encontraminasgerais.com.br\/itabira\/grs-itabira-promove-capacitacao-para-administracao-da-vacina-bcg-intradermica\/\" \/>\n<meta property=\"og:locale\" content=\"pt_BR\" \/>\n<meta property=\"og:type\" content=\"article\" \/>\n<meta property=\"og:title\" content=\"GRS Itabira Promove Capacita\u00e7\u00e3o Para Administra\u00e7\u00e3o Da Vacina BCG Intrad\u00e9rmica | Guia Comercial de Itabira MG\" \/>\n<meta property=\"og:description\" content=\"A GRS Itabira capacita profissionais para administra\u00e7\u00e3o segura da vacina BCG em rec\u00e9m-nascidos.\" \/>\n<meta property=\"og:url\" content=\"https:\/\/www.encontraminasgerais.com.br\/itabira\/grs-itabira-promove-capacitacao-para-administracao-da-vacina-bcg-intradermica\/\" \/>\n<meta property=\"og:site_name\" content=\"Guia Comercial de Itabira MG\" \/>\n<meta property=\"article:published_time\" content=\"2025-11-22T12:31:00+00:00\" \/>\n<meta property=\"og:image\" content=\"https:\/\/www.encontraminasgerais.com.br\/itabira\/wp-content\/uploads\/2025\/12\/grs-itabira-promove-capacitacao-para-administracao-da-vacina-bcg-intradermica.webp\" \/>\n<meta name=\"author\" content=\"Encontra Itabira\" \/>\n<meta name=\"twitter:card\" content=\"summary_large_image\" \/>\n<meta name=\"twitter:label1\" content=\"Escrito por\" \/>\n\t<meta name=\"twitter:data1\" content=\"Encontra Itabira\" \/>\n\t<meta name=\"twitter:label2\" content=\"Est. tempo de leitura\" \/>\n\t<meta name=\"twitter:data2\" content=\"7 minutos\" \/>\n<script type=\"application\/ld+json\" class=\"yoast-schema-graph\">{\"@context\":\"https:\\\/\\\/schema.org\",\"@graph\":[{\"@type\":\"Article\",\"@id\":\"https:\\\/\\\/www.encontraminasgerais.com.br\\\/itabira\\\/grs-itabira-promove-capacitacao-para-administracao-da-vacina-bcg-intradermica\\\/#article\",\"isPartOf\":{\"@id\":\"https:\\\/\\\/www.encontraminasgerais.com.br\\\/itabira\\\/grs-itabira-promove-capacitacao-para-administracao-da-vacina-bcg-intradermica\\\/\"},\"author\":{\"name\":\"Encontra Itabira\",\"@id\":\"https:\\\/\\\/www.encontraminasgerais.com.br\\\/itabira\\\/#\\\/schema\\\/person\\\/9ae8a8f5ce59322c92e2499b550870b0\"},\"headline\":\"GRS Itabira Promove Capacita\u00e7\u00e3o Para Administra\u00e7\u00e3o Da Vacina BCG Intrad\u00e9rmica\",\"datePublished\":\"2025-11-22T12:31:00+00:00\",\"mainEntityOfPage\":{\"@id\":\"https:\\\/\\\/www.encontraminasgerais.com.br\\\/itabira\\\/grs-itabira-promove-capacitacao-para-administracao-da-vacina-bcg-intradermica\\\/\"},\"wordCount\":1490,\"commentCount\":0,\"image\":{\"@id\":\"https:\\\/\\\/www.encontraminasgerais.com.br\\\/itabira\\\/grs-itabira-promove-capacitacao-para-administracao-da-vacina-bcg-intradermica\\\/#primaryimage\"},\"thumbnailUrl\":\"https:\\\/\\\/www.encontraminasgerais.com.br\\\/itabira\\\/wp-content\\\/uploads\\\/2025\\\/12\\\/grs-itabira-promove-capacitacao-para-administracao-da-vacina-bcg-intradermica.webp\",\"articleSection\":[\"Not\u00edcias Itabira\"],\"inLanguage\":\"pt-BR\",\"potentialAction\":[{\"@type\":\"CommentAction\",\"name\":\"Comment\",\"target\":[\"https:\\\/\\\/www.encontraminasgerais.com.br\\\/itabira\\\/grs-itabira-promove-capacitacao-para-administracao-da-vacina-bcg-intradermica\\\/#respond\"]}]},{\"@type\":\"WebPage\",\"@id\":\"https:\\\/\\\/www.encontraminasgerais.com.br\\\/itabira\\\/grs-itabira-promove-capacitacao-para-administracao-da-vacina-bcg-intradermica\\\/\",\"url\":\"https:\\\/\\\/www.encontraminasgerais.com.br\\\/itabira\\\/grs-itabira-promove-capacitacao-para-administracao-da-vacina-bcg-intradermica\\\/\",\"name\":\"GRS Itabira Promove Capacita\u00e7\u00e3o Para Administra\u00e7\u00e3o Da Vacina BCG Intrad\u00e9rmica | Guia Comercial de Itabira MG\",\"isPartOf\":{\"@id\":\"https:\\\/\\\/www.encontraminasgerais.com.br\\\/itabira\\\/#website\"},\"primaryImageOfPage\":{\"@id\":\"https:\\\/\\\/www.encontraminasgerais.com.br\\\/itabira\\\/grs-itabira-promove-capacitacao-para-administracao-da-vacina-bcg-intradermica\\\/#primaryimage\"},\"image\":{\"@id\":\"https:\\\/\\\/www.encontraminasgerais.com.br\\\/itabira\\\/grs-itabira-promove-capacitacao-para-administracao-da-vacina-bcg-intradermica\\\/#primaryimage\"},\"thumbnailUrl\":\"https:\\\/\\\/www.encontraminasgerais.com.br\\\/itabira\\\/wp-content\\\/uploads\\\/2025\\\/12\\\/grs-itabira-promove-capacitacao-para-administracao-da-vacina-bcg-intradermica.webp\",\"datePublished\":\"2025-11-22T12:31:00+00:00\",\"author\":{\"@id\":\"https:\\\/\\\/www.encontraminasgerais.com.br\\\/itabira\\\/#\\\/schema\\\/person\\\/9ae8a8f5ce59322c92e2499b550870b0\"},\"inLanguage\":\"pt-BR\",\"potentialAction\":[{\"@type\":\"ReadAction\",\"target\":[\"https:\\\/\\\/www.encontraminasgerais.com.br\\\/itabira\\\/grs-itabira-promove-capacitacao-para-administracao-da-vacina-bcg-intradermica\\\/\"]}]},{\"@type\":\"ImageObject\",\"inLanguage\":\"pt-BR\",\"@id\":\"https:\\\/\\\/www.encontraminasgerais.com.br\\\/itabira\\\/grs-itabira-promove-capacitacao-para-administracao-da-vacina-bcg-intradermica\\\/#primaryimage\",\"url\":\"https:\\\/\\\/www.encontraminasgerais.com.br\\\/itabira\\\/wp-content\\\/uploads\\\/2025\\\/12\\\/grs-itabira-promove-capacitacao-para-administracao-da-vacina-bcg-intradermica.webp\",\"contentUrl\":\"https:\\\/\\\/www.encontraminasgerais.com.br\\\/itabira\\\/wp-content\\\/uploads\\\/2025\\\/12\\\/grs-itabira-promove-capacitacao-para-administracao-da-vacina-bcg-intradermica.webp\",\"width\":320,\"height\":280,\"caption\":\"capacita\u00e7\u00e3o vacina BCG\"},{\"@type\":\"WebSite\",\"@id\":\"https:\\\/\\\/www.encontraminasgerais.com.br\\\/itabira\\\/#website\",\"url\":\"https:\\\/\\\/www.encontraminasgerais.com.br\\\/itabira\\\/\",\"name\":\"Guia Comercial de Itabira MG\",\"description\":\"ENCONTRA ITABIRA - O guia comercial de neg\u00f3cios e empresas, cultura e divers\u00e3o na cidade de Itabira. Feito 100% para voc\u00ea morador!\",\"potentialAction\":[{\"@type\":\"SearchAction\",\"target\":{\"@type\":\"EntryPoint\",\"urlTemplate\":\"https:\\\/\\\/www.encontraminasgerais.com.br\\\/itabira\\\/?s={search_term_string}\"},\"query-input\":{\"@type\":\"PropertyValueSpecification\",\"valueRequired\":true,\"valueName\":\"search_term_string\"}}],\"inLanguage\":\"pt-BR\"},{\"@type\":\"Person\",\"@id\":\"https:\\\/\\\/www.encontraminasgerais.com.br\\\/itabira\\\/#\\\/schema\\\/person\\\/9ae8a8f5ce59322c92e2499b550870b0\",\"name\":\"Encontra Itabira\",\"image\":{\"@type\":\"ImageObject\",\"inLanguage\":\"pt-BR\",\"@id\":\"https:\\\/\\\/secure.gravatar.com\\\/avatar\\\/c50c17820bcf322f0a8fd6b110b8c0918141409dc69076470f6fca5fee70a5d4?s=96&d=mm&r=g\",\"url\":\"https:\\\/\\\/secure.gravatar.com\\\/avatar\\\/c50c17820bcf322f0a8fd6b110b8c0918141409dc69076470f6fca5fee70a5d4?s=96&d=mm&r=g\",\"contentUrl\":\"https:\\\/\\\/secure.gravatar.com\\\/avatar\\\/c50c17820bcf322f0a8fd6b110b8c0918141409dc69076470f6fca5fee70a5d4?s=96&d=mm&r=g\",\"caption\":\"Encontra Itabira\"},\"url\":\"https:\\\/\\\/www.encontraminasgerais.com.br\\\/itabira\\\/author\\\/encontraitabira\\\/\"}]}<\/script>\n<!-- \/ Yoast SEO plugin. -->","yoast_head_json":{"title":"GRS Itabira Promove Capacita\u00e7\u00e3o Para Administra\u00e7\u00e3o Da Vacina BCG Intrad\u00e9rmica | Guia Comercial de Itabira MG","robots":{"index":"index","follow":"follow","max-snippet":"max-snippet:-1","max-image-preview":"max-image-preview:large","max-video-preview":"max-video-preview:-1"},"canonical":"https:\/\/www.encontraminasgerais.com.br\/itabira\/grs-itabira-promove-capacitacao-para-administracao-da-vacina-bcg-intradermica\/","og_locale":"pt_BR","og_type":"article","og_title":"GRS Itabira Promove Capacita\u00e7\u00e3o Para Administra\u00e7\u00e3o Da Vacina BCG Intrad\u00e9rmica | Guia Comercial de Itabira MG","og_description":"A GRS Itabira capacita profissionais para administra\u00e7\u00e3o segura da vacina BCG em rec\u00e9m-nascidos.","og_url":"https:\/\/www.encontraminasgerais.com.br\/itabira\/grs-itabira-promove-capacitacao-para-administracao-da-vacina-bcg-intradermica\/","og_site_name":"Guia Comercial de Itabira MG","article_published_time":"2025-11-22T12:31:00+00:00","og_image":[{"url":"https:\/\/www.encontraminasgerais.com.br\/itabira\/wp-content\/uploads\/2025\/12\/grs-itabira-promove-capacitacao-para-administracao-da-vacina-bcg-intradermica.webp","type":"","width":"","height":""}],"author":"Encontra Itabira","twitter_card":"summary_large_image","twitter_misc":{"Escrito por":"Encontra Itabira","Est. tempo de leitura":"7 minutos"},"schema":{"@context":"https:\/\/schema.org","@graph":[{"@type":"Article","@id":"https:\/\/www.encontraminasgerais.com.br\/itabira\/grs-itabira-promove-capacitacao-para-administracao-da-vacina-bcg-intradermica\/#article","isPartOf":{"@id":"https:\/\/www.encontraminasgerais.com.br\/itabira\/grs-itabira-promove-capacitacao-para-administracao-da-vacina-bcg-intradermica\/"},"author":{"name":"Encontra Itabira","@id":"https:\/\/www.encontraminasgerais.com.br\/itabira\/#\/schema\/person\/9ae8a8f5ce59322c92e2499b550870b0"},"headline":"GRS Itabira Promove Capacita\u00e7\u00e3o Para Administra\u00e7\u00e3o Da Vacina BCG Intrad\u00e9rmica","datePublished":"2025-11-22T12:31:00+00:00","mainEntityOfPage":{"@id":"https:\/\/www.encontraminasgerais.com.br\/itabira\/grs-itabira-promove-capacitacao-para-administracao-da-vacina-bcg-intradermica\/"},"wordCount":1490,"commentCount":0,"image":{"@id":"https:\/\/www.encontraminasgerais.com.br\/itabira\/grs-itabira-promove-capacitacao-para-administracao-da-vacina-bcg-intradermica\/#primaryimage"},"thumbnailUrl":"https:\/\/www.encontraminasgerais.com.br\/itabira\/wp-content\/uploads\/2025\/12\/grs-itabira-promove-capacitacao-para-administracao-da-vacina-bcg-intradermica.webp","articleSection":["Not\u00edcias Itabira"],"inLanguage":"pt-BR","potentialAction":[{"@type":"CommentAction","name":"Comment","target":["https:\/\/www.encontraminasgerais.com.br\/itabira\/grs-itabira-promove-capacitacao-para-administracao-da-vacina-bcg-intradermica\/#respond"]}]},{"@type":"WebPage","@id":"https:\/\/www.encontraminasgerais.com.br\/itabira\/grs-itabira-promove-capacitacao-para-administracao-da-vacina-bcg-intradermica\/","url":"https:\/\/www.encontraminasgerais.com.br\/itabira\/grs-itabira-promove-capacitacao-para-administracao-da-vacina-bcg-intradermica\/","name":"GRS Itabira Promove Capacita\u00e7\u00e3o Para Administra\u00e7\u00e3o Da Vacina BCG Intrad\u00e9rmica | Guia Comercial de Itabira MG","isPartOf":{"@id":"https:\/\/www.encontraminasgerais.com.br\/itabira\/#website"},"primaryImageOfPage":{"@id":"https:\/\/www.encontraminasgerais.com.br\/itabira\/grs-itabira-promove-capacitacao-para-administracao-da-vacina-bcg-intradermica\/#primaryimage"},"image":{"@id":"https:\/\/www.encontraminasgerais.com.br\/itabira\/grs-itabira-promove-capacitacao-para-administracao-da-vacina-bcg-intradermica\/#primaryimage"},"thumbnailUrl":"https:\/\/www.encontraminasgerais.com.br\/itabira\/wp-content\/uploads\/2025\/12\/grs-itabira-promove-capacitacao-para-administracao-da-vacina-bcg-intradermica.webp","datePublished":"2025-11-22T12:31:00+00:00","author":{"@id":"https:\/\/www.encontraminasgerais.com.br\/itabira\/#\/schema\/person\/9ae8a8f5ce59322c92e2499b550870b0"},"inLanguage":"pt-BR","potentialAction":[{"@type":"ReadAction","target":["https:\/\/www.encontraminasgerais.com.br\/itabira\/grs-itabira-promove-capacitacao-para-administracao-da-vacina-bcg-intradermica\/"]}]},{"@type":"ImageObject","inLanguage":"pt-BR","@id":"https:\/\/www.encontraminasgerais.com.br\/itabira\/grs-itabira-promove-capacitacao-para-administracao-da-vacina-bcg-intradermica\/#primaryimage","url":"https:\/\/www.encontraminasgerais.com.br\/itabira\/wp-content\/uploads\/2025\/12\/grs-itabira-promove-capacitacao-para-administracao-da-vacina-bcg-intradermica.webp","contentUrl":"https:\/\/www.encontraminasgerais.com.br\/itabira\/wp-content\/uploads\/2025\/12\/grs-itabira-promove-capacitacao-para-administracao-da-vacina-bcg-intradermica.webp","width":320,"height":280,"caption":"capacita\u00e7\u00e3o vacina BCG"},{"@type":"WebSite","@id":"https:\/\/www.encontraminasgerais.com.br\/itabira\/#website","url":"https:\/\/www.encontraminasgerais.com.br\/itabira\/","name":"Guia Comercial de Itabira MG","description":"ENCONTRA ITABIRA - O guia comercial de neg\u00f3cios e empresas, cultura e divers\u00e3o na cidade de Itabira. Feito 100% para voc\u00ea morador!","potentialAction":[{"@type":"SearchAction","target":{"@type":"EntryPoint","urlTemplate":"https:\/\/www.encontraminasgerais.com.br\/itabira\/?s={search_term_string}"},"query-input":{"@type":"PropertyValueSpecification","valueRequired":true,"valueName":"search_term_string"}}],"inLanguage":"pt-BR"},{"@type":"Person","@id":"https:\/\/www.encontraminasgerais.com.br\/itabira\/#\/schema\/person\/9ae8a8f5ce59322c92e2499b550870b0","name":"Encontra Itabira","image":{"@type":"ImageObject","inLanguage":"pt-BR","@id":"https:\/\/secure.gravatar.com\/avatar\/c50c17820bcf322f0a8fd6b110b8c0918141409dc69076470f6fca5fee70a5d4?s=96&d=mm&r=g","url":"https:\/\/secure.gravatar.com\/avatar\/c50c17820bcf322f0a8fd6b110b8c0918141409dc69076470f6fca5fee70a5d4?s=96&d=mm&r=g","contentUrl":"https:\/\/secure.gravatar.com\/avatar\/c50c17820bcf322f0a8fd6b110b8c0918141409dc69076470f6fca5fee70a5d4?s=96&d=mm&r=g","caption":"Encontra Itabira"},"url":"https:\/\/www.encontraminasgerais.com.br\/itabira\/author\/encontraitabira\/"}]}},"_links":{"self":[{"href":"https:\/\/www.encontraminasgerais.com.br\/itabira\/wp-json\/wp\/v2\/posts\/5052","targetHints":{"allow":["GET"]}}],"collection":[{"href":"https:\/\/www.encontraminasgerais.com.br\/itabira\/wp-json\/wp\/v2\/posts"}],"about":[{"href":"https:\/\/www.encontraminasgerais.com.br\/itabira\/wp-json\/wp\/v2\/types\/post"}],"author":[{"embeddable":true,"href":"https:\/\/www.encontraminasgerais.com.br\/itabira\/wp-json\/wp\/v2\/users\/1"}],"replies":[{"embeddable":true,"href":"https:\/\/www.encontraminasgerais.com.br\/itabira\/wp-json\/wp\/v2\/comments?post=5052"}],"version-history":[{"count":0,"href":"https:\/\/www.encontraminasgerais.com.br\/itabira\/wp-json\/wp\/v2\/posts\/5052\/revisions"}],"wp:featuredmedia":[{"embeddable":true,"href":"https:\/\/www.encontraminasgerais.com.br\/itabira\/wp-json\/wp\/v2\/media\/5051"}],"wp:attachment":[{"href":"https:\/\/www.encontraminasgerais.com.br\/itabira\/wp-json\/wp\/v2\/media?parent=5052"}],"wp:term":[{"taxonomy":"category","embeddable":true,"href":"https:\/\/www.encontraminasgerais.com.br\/itabira\/wp-json\/wp\/v2\/categories?post=5052"},{"taxonomy":"post_tag","embeddable":true,"href":"https:\/\/www.encontraminasgerais.com.br\/itabira\/wp-json\/wp\/v2\/tags?post=5052"}],"curies":[{"name":"wp","href":"https:\/\/api.w.org\/{rel}","templated":true}]}}