{"id":5075,"date":"2025-12-16T07:23:00","date_gmt":"2025-12-16T10:23:00","guid":{"rendered":"https:\/\/www.encontraminasgerais.com.br\/itabira\/ao-vivo-lula-inaugura-centro-de-radioterapia-em-minas-gerais\/"},"modified":"2025-12-16T07:23:00","modified_gmt":"2025-12-16T10:23:00","slug":"ao-vivo-lula-inaugura-centro-de-radioterapia-em-minas-gerais","status":"publish","type":"post","link":"https:\/\/www.encontraminasgerais.com.br\/itabira\/ao-vivo-lula-inaugura-centro-de-radioterapia-em-minas-gerais\/","title":{"rendered":"Ao vivo: Lula inaugura centro de radioterapia em Minas Gerais"},"content":{"rendered":"<h2>Import\u00e2ncia da Radioterapia no Tratamento de C\u00e2ncer<\/h2>\n<p>A radioterapia \u00e9 uma das ferramentas mais vitais no combate ao c\u00e2ncer, sendo um tratamento que utiliza radia\u00e7\u00f5es ionizantes para destruir c\u00e9lulas tumorais e impedir sua multiplica\u00e7\u00e3o. Este m\u00e9todo \u00e9 fundamental n\u00e3o apenas para a cura de alguns tipos de c\u00e2ncer, mas tamb\u00e9m para o controle de outros, onde o foco \u00e9 aliviar sintomas e melhorar a qualidade de vida dos pacientes.<\/p>\n<p>Quando se trata de tratar o c\u00e2ncer, a radioterapia pode ser utilizada isoladamente ou em conjunto com terapias como a quimioterapia e a cirurgia. Ela funciona de maneira semelhante a um feixe de luz projetado em um ponto espec\u00edfico, permitindo a destrui\u00e7\u00e3o das c\u00e9lulas malignas situadas naquela \u00e1rea, minimizando o dano aos tecidos saud\u00e1veis adjacentes. A tecnologia utilizada atualmente para administrar a radioterapia tem avan\u00e7ado consideravelmente, possibilitando tratamentos mais seguros e eficazes.<\/p>\n<p>Dados apontam que aproximadamente 50% dos pacientes com c\u00e2ncer recebem radia\u00e7\u00e3o em algum momento durante seu tratamento. Este fato enfatiza a import\u00e2ncia da radioterapia dentro do contexto oncol\u00f3gico moderno e demonstra a necessidade crescente por centros especializados onde essa terapia possa ser realizada com qualidade e efici\u00eancia.<\/p>\n<p><img decoding=\"async\" src=\"https:\/\/www.encontraminasgerais.com.br\/itabira\/wp-content\/uploads\/2025\/12\/ao-vivo-lula-inaugura-centro-de-radioterapia-em-minas-gerais.webp\" alt=\"\" loading=\"lazy\" \/><\/p>\n<h2>O que Representa a Inaugura\u00e7\u00e3o para a Sa\u00fade P\u00fablica<\/h2>\n<p>A inaugura\u00e7\u00e3o de um centro de radioterapia, como ocorreu no Hospital Nossa Senhora das Dores em Minas Gerais, representa um marco significativo para a sa\u00fade p\u00fablica do Brasil. Essa iniciativa n\u00e3o apenas amplia o acesso ao tratamento de c\u00e2ncer, como tamb\u00e9m reflete o comprometimento do governo em fornecer servi\u00e7os de sa\u00fade de qualidade para toda a popula\u00e7\u00e3o.<\/p>\n<p>Esse novo centro n\u00e3o apenas traz um avan\u00e7o na infraestrutura de sa\u00fade, mas tamb\u00e9m pode proporcionar um aumento no diagn\u00f3stico precoce e no tratamento efetivo do c\u00e2ncer, impactando positivamente os \u00edndices de sobreviv\u00eancia. Com a presen\u00e7a de especialistas capacitados e tecnologia avan\u00e7ada, os pacientes ter\u00e3o acesso a tratamentos que podem realmente fazer a diferen\u00e7a em suas vidas. Esse \u00e9 um passo fundamental para reduzir as disparidades na assist\u00eancia m\u00e9dica, especialmente em regi\u00f5es onde o acesso a tratamentos oncol\u00f3gicos \u00e9 limitado.<\/p>\n<h2>A Sa\u00fade em Minas Gerais e Seus Desafios<\/h2>\n<p>Minas Gerais, um dos estados brasileiros com a maior popula\u00e7\u00e3o, enfrenta diversos desafios em sua \u00e1rea de sa\u00fade. Atribui\u00e7\u00f5es como a desigualdade no acesso a tratamento, a falta de especializa\u00e7\u00e3o em algumas \u00e1reas e a escassez de recursos financeiros para sa\u00fade s\u00e3o quest\u00f5es que impactam profundamente a vida dos cidad\u00e3os mineiros. Diante desse panorama, a inaugura\u00e7\u00e3o do Centro de Radioterapia \u00e9 um sinal de progresso e esperan\u00e7a.<\/p>\n<p>Al\u00e9m disso, a presen\u00e7a de um centro de radioterapia em Minas Gerais pode atrair mais especialistas para a regi\u00e3o, contribuindo para a forma\u00e7\u00e3o de um ecossistema de sa\u00fade mais robusto. Especializa\u00e7\u00f5es em oncologia podem se desenvolver, garantindo melhores condi\u00e7\u00f5es formativas para profissionais, e resultando em um tratamento mais eficaz e humanizado para os pacientes. <\/p>\n<h2>Testemunhos de Pacientes e Profissionais<\/h2>\n<p>O impacto de um novo centro de radioterapia \u00e9 frequentemente evidenciado n\u00e3o apenas atrav\u00e9s de n\u00fameros e estat\u00edsticas, mas tamb\u00e9m pelas hist\u00f3rias pessoais de pacientes e profissionais de sa\u00fade. Pacientes, como os que j\u00e1 receberam tratamento em outras institui\u00e7\u00f5es, compartilham a import\u00e2ncia de ter acesso a servi\u00e7os de sa\u00fade pr\u00f3ximos de suas resid\u00eancias. Eles destacam como essa proximidade pode facilitar n\u00e3o apenas o tratamento, mas tamb\u00e9m o suporte emocional que \u00e9 t\u00e3o crucial durante a luta contra o c\u00e2ncer.<\/p>\n<p>Profissionais da sa\u00fade que trabalham nesses centros tamb\u00e9m relatam a satisfa\u00e7\u00e3o em estar do lado desses pacientes em momentos t\u00e3o cr\u00edticos. A possibilidade de utilizar tecnologia avan\u00e7ada e t\u00e9cnicas inovadoras \u00e9 uma experi\u00eancia enriquecedora, tanto para os m\u00e9dicos quanto para as equipes multidisciplinares envolvidas no tratamento. Depoimentos de m\u00e9dicos e enfermeiros ressaltam que a radioterapia \u00e9 uma esperan\u00e7a para muitos, e a inaugura\u00e7\u00e3o de novos centros simboliza a expans\u00e3o dessa esperan\u00e7a para mais pessoas.<\/p>\n<h2>Investimentos do Governo em Sa\u00fade<\/h2>\n<p>O investimento em sa\u00fade p\u00fablica, especialmente em \u00e1reas t\u00e3o sens\u00edveis quanto o tratamento do c\u00e2ncer, \u00e9 uma prioridade que muitos governos t\u00eam adotado. Estes investimentos n\u00e3o se limitam \u00e0 constru\u00e7\u00e3o de novos centros, mas abrangem tamb\u00e9m processos de forma\u00e7\u00e3o e capacita\u00e7\u00e3o de profissionais, aquisi\u00e7\u00e3o de equipamentos de ponta e cria\u00e7\u00e3o de programas que visem promover a sa\u00fade preventiva.<\/p>\n<p>A aloca\u00e7\u00e3o de recursos para o setor de sa\u00fade \u00e9 vital, e iniciativas como a inaugura\u00e7\u00e3o de centros de radioterapia em diversas localidades do Brasil s\u00e3o um reflexo desse compromisso. O objetivo \u00e9 que todos os cidad\u00e3os, independentemente de sua localiza\u00e7\u00e3o geogr\u00e1fica, possam ter acesso a tratamentos de sa\u00fade de qualidade. Com isso, espera-se reduzir as estat\u00edsticas alarmantes de mortalidade por c\u00e2ncer, que ainda s\u00e3o preocupantes no pa\u00eds.<\/p>\n<h2>Outros Centros de Radioterapia Pelo Pa\u00eds<\/h2>\n<p>Al\u00e9m do centro inaugurado em Minas Gerais, o Brasil passou a contar com um n\u00famero crescente de unidades de radioterapia em diversas regi\u00f5es. Estas inaugura\u00e7\u00f5es t\u00eam se tornado mais frequentes nos \u00faltimos anos, com o objetivo de descentralizar o acesso e oferecer tratamento adequado em locais que anteriormente n\u00e3o tinham essa infraestrutura.<\/p>\n<p>Cidades como S\u00e3o Paulo, Rio de Janeiro e Bras\u00edlia j\u00e1 contam com centros estabelecidos, por\u00e9m, pa\u00edses em desenvolvimento como o Brasil precisam olhar para as \u00e1reas rurais e para as comunidades menos favorecidas, onde o acesso \u00e0 sa\u00fade ainda \u00e9 um desafio. A expans\u00e3o dos centros de radioterapia \u00e9 um passo importante para democratizar a assist\u00eancia m\u00e9dica no Brasil.<\/p>\n<h2>Atores Pol\u00edticos e o Avan\u00e7o na Sa\u00fade<\/h2>\n<p>Os atores pol\u00edticos desempenham um papel crucial no fomento de avan\u00e7os na sa\u00fade p\u00fablica, seja atrav\u00e9s da aloca\u00e7\u00e3o de recursos ou por meio da implementa\u00e7\u00e3o de pol\u00edticas p\u00fablicas que priorizam a sa\u00fade. A atua\u00e7\u00e3o de l\u00edderes locais e nacionais \u00e9 fundamental para criar um ambiente prop\u00edcio ao crescimento e desenvolvimento de servi\u00e7os de sa\u00fade, como os centros de radioterapia.<\/p>\n<p>O envolvimento de pol\u00edticos em cerim\u00f4nias e inaugura\u00e7\u00f5es de centros de sa\u00fade \u00e9 uma forma de mostrar o comprometimento com a popula\u00e7\u00e3o, trazendo visibilidade para temas que precisam ser abordados. Essas a\u00e7\u00f5es podem criar uma press\u00e3o positiva para que mais investimentos sejam direcionados \u00e0 sa\u00fade p\u00fablica.<\/p>\n<h2>Eventos e Cerim\u00f4nias Relacionadas<\/h2>\n<p>As inaugura\u00e7\u00f5es de centros de sa\u00fade, como os de radioterapia, costumam ser marcadas por eventos solenes, que atraem a presen\u00e7a de diversas autoridades, especialistas da \u00e1rea e, claro, pacientes que poder\u00e3o se beneficiar dos novos servi\u00e7os. Essas cerim\u00f4nias s\u00e3o momentos significativos, onde s\u00e3o celebradas conquistas e renovado o compromisso com a sa\u00fade.<\/p>\n<p>Estes eventos n\u00e3o somente ajudam a gerar conscientiza\u00e7\u00e3o sobre a import\u00e2ncia da radioterapia, mas tamb\u00e9m promovem o compartilhamento de informa\u00e7\u00f5es que podem ser cruciais para a popula\u00e7\u00e3o. O apoio \u00e0 sa\u00fade \u00e9 uma causa que une fam\u00edlias, amigos e profissionais, criando uma rede positiva de suporte em tempos dif\u00edceis.<\/p>\n<h2>Perspectivas Futuras para a Sa\u00fade no Brasil<\/h2>\n<p>As perspectivas para a sa\u00fade no Brasil s\u00e3o promissoras, especialmente com a inaugura\u00e7\u00e3o de novos centros de radioterapia e a crescente conscientiza\u00e7\u00e3o sobre a import\u00e2ncia da preven\u00e7\u00e3o do c\u00e2ncer. A continuidade dos investimentos ser\u00e1 essencial para garantir que este avan\u00e7o n\u00e3o seja tempor\u00e1rio, mas uma tend\u00eancia a longo prazo.<\/p>\n<p>Como sociedade, a luta contra o c\u00e2ncer pode ser refor\u00e7ada com programas de educa\u00e7\u00e3o e conscientiza\u00e7\u00e3o, que ensinem sobre a import\u00e2ncia da detec\u00e7\u00e3o precoce e dos tratamentos dispon\u00edveis. Isso n\u00e3o s\u00f3 ajuda a salvar vidas, mas tamb\u00e9m pode reduzir os custos associados \u00e0 sa\u00fade a longo prazo, aliviando a carga do sistema p\u00fablico.<\/p>\n<h2>Como a Radioterapia Pode Salvar Vidas<\/h2>\n<p>A radioterapia transforma-se, frequentemente, em uma quest\u00e3o de vida ou morte para muitos pacientes com c\u00e2ncer. Ao destruir c\u00e9lulas malignas, ela n\u00e3o apenas contribui para a cura, mas tamb\u00e9m melhora a qualidade de vida daqueles que enfrentam o diagn\u00f3stico. A efic\u00e1cia da radioterapia em v\u00e1rias formas de c\u00e2ncer demonstra sua import\u00e2ncia ineg\u00e1vel no arsenal de tratamentos dispon\u00edveis.<\/p>\n<p>Al\u00e9m disso, a radioterapia pode ser utilizada como parte de um tratamento combinado, ajudando a aumentar a efic\u00e1cia de outros terapias, como a quimioterapia. Cada avan\u00e7o nessa \u00e1rea traz esperan\u00e7a renovada e abre novas possibilidades para pacientes que antes viam poucas chances de recupera\u00e7\u00e3o.<\/p>\n<p>O futuro se mostra mais otimista com a opera\u00e7\u00e3o de novos centros de radioterapia, que ajudar\u00e3o incont\u00e1veis pacientes a combater essa doen\u00e7a. Portanto, a inaugura\u00e7\u00e3o de um novo centro de radioterapia \u00e9 mais do que uma cerim\u00f4nia simb\u00f3lica; \u00e9 um sinal real de progresso e uma a\u00e7\u00e3o significativa em dire\u00e7\u00e3o a uma sa\u00fade mais acess\u00edvel e eficaz.<\/p>\n","protected":false},"excerpt":{"rendered":"<p>Lula inaugura centro de radioterapia em Minas, um passo significativo na sa\u00fade p\u00fablica.<\/p>\n","protected":false},"author":1,"featured_media":5074,"comment_status":"open","ping_status":"open","sticky":false,"template":"","format":"standard","meta":{"footnotes":""},"categories":[5],"tags":[],"class_list":["post-5075","post","type-post","status-publish","format-standard","has-post-thumbnail","hentry","category-noticias","has_thumb"],"yoast_head":"<!-- This site is optimized with the Yoast SEO plugin v27.2 - https:\/\/yoast.com\/product\/yoast-seo-wordpress\/ -->\n<title>Ao vivo: Lula inaugura centro de radioterapia em Minas Gerais | Guia Comercial de Itabira MG<\/title>\n<meta name=\"robots\" content=\"index, follow, max-snippet:-1, max-image-preview:large, max-video-preview:-1\" \/>\n<link rel=\"canonical\" href=\"https:\/\/www.encontraminasgerais.com.br\/itabira\/ao-vivo-lula-inaugura-centro-de-radioterapia-em-minas-gerais\/\" \/>\n<meta property=\"og:locale\" content=\"pt_BR\" \/>\n<meta property=\"og:type\" content=\"article\" \/>\n<meta property=\"og:title\" content=\"Ao vivo: Lula inaugura centro de radioterapia em Minas Gerais | Guia Comercial de Itabira MG\" \/>\n<meta property=\"og:description\" content=\"Lula inaugura centro de radioterapia em Minas, um passo significativo na sa\u00fade p\u00fablica.\" \/>\n<meta property=\"og:url\" content=\"https:\/\/www.encontraminasgerais.com.br\/itabira\/ao-vivo-lula-inaugura-centro-de-radioterapia-em-minas-gerais\/\" \/>\n<meta property=\"og:site_name\" content=\"Guia Comercial de Itabira MG\" \/>\n<meta property=\"article:published_time\" content=\"2025-12-16T10:23:00+00:00\" \/>\n<meta property=\"og:image\" content=\"https:\/\/www.encontraminasgerais.com.br\/itabira\/wp-content\/uploads\/2025\/12\/ao-vivo-lula-inaugura-centro-de-radioterapia-em-minas-gerais.webp\" \/>\n<meta name=\"author\" content=\"Encontra Itabira\" \/>\n<meta name=\"twitter:card\" content=\"summary_large_image\" \/>\n<meta name=\"twitter:label1\" content=\"Escrito por\" \/>\n\t<meta name=\"twitter:data1\" content=\"Encontra Itabira\" \/>\n\t<meta name=\"twitter:label2\" content=\"Est. tempo de leitura\" \/>\n\t<meta name=\"twitter:data2\" content=\"8 minutos\" \/>\n<script type=\"application\/ld+json\" class=\"yoast-schema-graph\">{\"@context\":\"https:\/\/schema.org\",\"@graph\":[{\"@type\":\"Article\",\"@id\":\"https:\/\/www.encontraminasgerais.com.br\/itabira\/ao-vivo-lula-inaugura-centro-de-radioterapia-em-minas-gerais\/#article\",\"isPartOf\":{\"@id\":\"https:\/\/www.encontraminasgerais.com.br\/itabira\/ao-vivo-lula-inaugura-centro-de-radioterapia-em-minas-gerais\/\"},\"author\":{\"name\":\"Encontra Itabira\",\"@id\":\"https:\/\/www.encontraminasgerais.com.br\/itabira\/#\/schema\/person\/9ae8a8f5ce59322c92e2499b550870b0\"},\"headline\":\"Ao vivo: Lula inaugura centro de radioterapia em Minas Gerais\",\"datePublished\":\"2025-12-16T10:23:00+00:00\",\"mainEntityOfPage\":{\"@id\":\"https:\/\/www.encontraminasgerais.com.br\/itabira\/ao-vivo-lula-inaugura-centro-de-radioterapia-em-minas-gerais\/\"},\"wordCount\":1579,\"commentCount\":0,\"image\":{\"@id\":\"https:\/\/www.encontraminasgerais.com.br\/itabira\/ao-vivo-lula-inaugura-centro-de-radioterapia-em-minas-gerais\/#primaryimage\"},\"thumbnailUrl\":\"https:\/\/www.encontraminasgerais.com.br\/itabira\/wp-content\/uploads\/2025\/12\/ao-vivo-lula-inaugura-centro-de-radioterapia-em-minas-gerais.webp\",\"articleSection\":[\"Not\u00edcias Itabira\"],\"inLanguage\":\"pt-BR\",\"potentialAction\":[{\"@type\":\"CommentAction\",\"name\":\"Comment\",\"target\":[\"https:\/\/www.encontraminasgerais.com.br\/itabira\/ao-vivo-lula-inaugura-centro-de-radioterapia-em-minas-gerais\/#respond\"]}]},{\"@type\":\"WebPage\",\"@id\":\"https:\/\/www.encontraminasgerais.com.br\/itabira\/ao-vivo-lula-inaugura-centro-de-radioterapia-em-minas-gerais\/\",\"url\":\"https:\/\/www.encontraminasgerais.com.br\/itabira\/ao-vivo-lula-inaugura-centro-de-radioterapia-em-minas-gerais\/\",\"name\":\"Ao vivo: Lula inaugura centro de radioterapia em Minas Gerais | Guia Comercial de Itabira MG\",\"isPartOf\":{\"@id\":\"https:\/\/www.encontraminasgerais.com.br\/itabira\/#website\"},\"primaryImageOfPage\":{\"@id\":\"https:\/\/www.encontraminasgerais.com.br\/itabira\/ao-vivo-lula-inaugura-centro-de-radioterapia-em-minas-gerais\/#primaryimage\"},\"image\":{\"@id\":\"https:\/\/www.encontraminasgerais.com.br\/itabira\/ao-vivo-lula-inaugura-centro-de-radioterapia-em-minas-gerais\/#primaryimage\"},\"thumbnailUrl\":\"https:\/\/www.encontraminasgerais.com.br\/itabira\/wp-content\/uploads\/2025\/12\/ao-vivo-lula-inaugura-centro-de-radioterapia-em-minas-gerais.webp\",\"datePublished\":\"2025-12-16T10:23:00+00:00\",\"author\":{\"@id\":\"https:\/\/www.encontraminasgerais.com.br\/itabira\/#\/schema\/person\/9ae8a8f5ce59322c92e2499b550870b0\"},\"inLanguage\":\"pt-BR\",\"potentialAction\":[{\"@type\":\"ReadAction\",\"target\":[\"https:\/\/www.encontraminasgerais.com.br\/itabira\/ao-vivo-lula-inaugura-centro-de-radioterapia-em-minas-gerais\/\"]}]},{\"@type\":\"ImageObject\",\"inLanguage\":\"pt-BR\",\"@id\":\"https:\/\/www.encontraminasgerais.com.br\/itabira\/ao-vivo-lula-inaugura-centro-de-radioterapia-em-minas-gerais\/#primaryimage\",\"url\":\"https:\/\/www.encontraminasgerais.com.br\/itabira\/wp-content\/uploads\/2025\/12\/ao-vivo-lula-inaugura-centro-de-radioterapia-em-minas-gerais.webp\",\"contentUrl\":\"https:\/\/www.encontraminasgerais.com.br\/itabira\/wp-content\/uploads\/2025\/12\/ao-vivo-lula-inaugura-centro-de-radioterapia-em-minas-gerais.webp\",\"width\":320,\"height\":280},{\"@type\":\"WebSite\",\"@id\":\"https:\/\/www.encontraminasgerais.com.br\/itabira\/#website\",\"url\":\"https:\/\/www.encontraminasgerais.com.br\/itabira\/\",\"name\":\"Guia Comercial de Itabira MG\",\"description\":\"ENCONTRA ITABIRA - O guia comercial de neg\u00f3cios e empresas, cultura e divers\u00e3o na cidade de Itabira. Feito 100% para voc\u00ea morador!\",\"potentialAction\":[{\"@type\":\"SearchAction\",\"target\":{\"@type\":\"EntryPoint\",\"urlTemplate\":\"https:\/\/www.encontraminasgerais.com.br\/itabira\/?s={search_term_string}\"},\"query-input\":{\"@type\":\"PropertyValueSpecification\",\"valueRequired\":true,\"valueName\":\"search_term_string\"}}],\"inLanguage\":\"pt-BR\"},{\"@type\":\"Person\",\"@id\":\"https:\/\/www.encontraminasgerais.com.br\/itabira\/#\/schema\/person\/9ae8a8f5ce59322c92e2499b550870b0\",\"name\":\"Encontra Itabira\",\"image\":{\"@type\":\"ImageObject\",\"inLanguage\":\"pt-BR\",\"@id\":\"https:\/\/secure.gravatar.com\/avatar\/c50c17820bcf322f0a8fd6b110b8c0918141409dc69076470f6fca5fee70a5d4?s=96&d=mm&r=g\",\"url\":\"https:\/\/secure.gravatar.com\/avatar\/c50c17820bcf322f0a8fd6b110b8c0918141409dc69076470f6fca5fee70a5d4?s=96&d=mm&r=g\",\"contentUrl\":\"https:\/\/secure.gravatar.com\/avatar\/c50c17820bcf322f0a8fd6b110b8c0918141409dc69076470f6fca5fee70a5d4?s=96&d=mm&r=g\",\"caption\":\"Encontra Itabira\"},\"url\":\"https:\/\/www.encontraminasgerais.com.br\/itabira\/author\/encontraitabira\/\"}]}<\/script>\n<!-- \/ Yoast SEO plugin. -->","yoast_head_json":{"title":"Ao vivo: Lula inaugura centro de radioterapia em Minas Gerais | Guia Comercial de Itabira MG","robots":{"index":"index","follow":"follow","max-snippet":"max-snippet:-1","max-image-preview":"max-image-preview:large","max-video-preview":"max-video-preview:-1"},"canonical":"https:\/\/www.encontraminasgerais.com.br\/itabira\/ao-vivo-lula-inaugura-centro-de-radioterapia-em-minas-gerais\/","og_locale":"pt_BR","og_type":"article","og_title":"Ao vivo: Lula inaugura centro de radioterapia em Minas Gerais | Guia Comercial de Itabira MG","og_description":"Lula inaugura centro de radioterapia em Minas, um passo significativo na sa\u00fade p\u00fablica.","og_url":"https:\/\/www.encontraminasgerais.com.br\/itabira\/ao-vivo-lula-inaugura-centro-de-radioterapia-em-minas-gerais\/","og_site_name":"Guia Comercial de Itabira MG","article_published_time":"2025-12-16T10:23:00+00:00","og_image":[{"url":"https:\/\/www.encontraminasgerais.com.br\/itabira\/wp-content\/uploads\/2025\/12\/ao-vivo-lula-inaugura-centro-de-radioterapia-em-minas-gerais.webp","type":"","width":"","height":""}],"author":"Encontra Itabira","twitter_card":"summary_large_image","twitter_misc":{"Escrito por":"Encontra Itabira","Est. tempo de leitura":"8 minutos"},"schema":{"@context":"https:\/\/schema.org","@graph":[{"@type":"Article","@id":"https:\/\/www.encontraminasgerais.com.br\/itabira\/ao-vivo-lula-inaugura-centro-de-radioterapia-em-minas-gerais\/#article","isPartOf":{"@id":"https:\/\/www.encontraminasgerais.com.br\/itabira\/ao-vivo-lula-inaugura-centro-de-radioterapia-em-minas-gerais\/"},"author":{"name":"Encontra Itabira","@id":"https:\/\/www.encontraminasgerais.com.br\/itabira\/#\/schema\/person\/9ae8a8f5ce59322c92e2499b550870b0"},"headline":"Ao vivo: Lula inaugura centro de radioterapia em Minas Gerais","datePublished":"2025-12-16T10:23:00+00:00","mainEntityOfPage":{"@id":"https:\/\/www.encontraminasgerais.com.br\/itabira\/ao-vivo-lula-inaugura-centro-de-radioterapia-em-minas-gerais\/"},"wordCount":1579,"commentCount":0,"image":{"@id":"https:\/\/www.encontraminasgerais.com.br\/itabira\/ao-vivo-lula-inaugura-centro-de-radioterapia-em-minas-gerais\/#primaryimage"},"thumbnailUrl":"https:\/\/www.encontraminasgerais.com.br\/itabira\/wp-content\/uploads\/2025\/12\/ao-vivo-lula-inaugura-centro-de-radioterapia-em-minas-gerais.webp","articleSection":["Not\u00edcias Itabira"],"inLanguage":"pt-BR","potentialAction":[{"@type":"CommentAction","name":"Comment","target":["https:\/\/www.encontraminasgerais.com.br\/itabira\/ao-vivo-lula-inaugura-centro-de-radioterapia-em-minas-gerais\/#respond"]}]},{"@type":"WebPage","@id":"https:\/\/www.encontraminasgerais.com.br\/itabira\/ao-vivo-lula-inaugura-centro-de-radioterapia-em-minas-gerais\/","url":"https:\/\/www.encontraminasgerais.com.br\/itabira\/ao-vivo-lula-inaugura-centro-de-radioterapia-em-minas-gerais\/","name":"Ao vivo: Lula inaugura centro de radioterapia em Minas Gerais | Guia Comercial de Itabira MG","isPartOf":{"@id":"https:\/\/www.encontraminasgerais.com.br\/itabira\/#website"},"primaryImageOfPage":{"@id":"https:\/\/www.encontraminasgerais.com.br\/itabira\/ao-vivo-lula-inaugura-centro-de-radioterapia-em-minas-gerais\/#primaryimage"},"image":{"@id":"https:\/\/www.encontraminasgerais.com.br\/itabira\/ao-vivo-lula-inaugura-centro-de-radioterapia-em-minas-gerais\/#primaryimage"},"thumbnailUrl":"https:\/\/www.encontraminasgerais.com.br\/itabira\/wp-content\/uploads\/2025\/12\/ao-vivo-lula-inaugura-centro-de-radioterapia-em-minas-gerais.webp","datePublished":"2025-12-16T10:23:00+00:00","author":{"@id":"https:\/\/www.encontraminasgerais.com.br\/itabira\/#\/schema\/person\/9ae8a8f5ce59322c92e2499b550870b0"},"inLanguage":"pt-BR","potentialAction":[{"@type":"ReadAction","target":["https:\/\/www.encontraminasgerais.com.br\/itabira\/ao-vivo-lula-inaugura-centro-de-radioterapia-em-minas-gerais\/"]}]},{"@type":"ImageObject","inLanguage":"pt-BR","@id":"https:\/\/www.encontraminasgerais.com.br\/itabira\/ao-vivo-lula-inaugura-centro-de-radioterapia-em-minas-gerais\/#primaryimage","url":"https:\/\/www.encontraminasgerais.com.br\/itabira\/wp-content\/uploads\/2025\/12\/ao-vivo-lula-inaugura-centro-de-radioterapia-em-minas-gerais.webp","contentUrl":"https:\/\/www.encontraminasgerais.com.br\/itabira\/wp-content\/uploads\/2025\/12\/ao-vivo-lula-inaugura-centro-de-radioterapia-em-minas-gerais.webp","width":320,"height":280},{"@type":"WebSite","@id":"https:\/\/www.encontraminasgerais.com.br\/itabira\/#website","url":"https:\/\/www.encontraminasgerais.com.br\/itabira\/","name":"Guia Comercial de Itabira MG","description":"ENCONTRA ITABIRA - O guia comercial de neg\u00f3cios e empresas, cultura e divers\u00e3o na cidade de Itabira. Feito 100% para voc\u00ea morador!","potentialAction":[{"@type":"SearchAction","target":{"@type":"EntryPoint","urlTemplate":"https:\/\/www.encontraminasgerais.com.br\/itabira\/?s={search_term_string}"},"query-input":{"@type":"PropertyValueSpecification","valueRequired":true,"valueName":"search_term_string"}}],"inLanguage":"pt-BR"},{"@type":"Person","@id":"https:\/\/www.encontraminasgerais.com.br\/itabira\/#\/schema\/person\/9ae8a8f5ce59322c92e2499b550870b0","name":"Encontra Itabira","image":{"@type":"ImageObject","inLanguage":"pt-BR","@id":"https:\/\/secure.gravatar.com\/avatar\/c50c17820bcf322f0a8fd6b110b8c0918141409dc69076470f6fca5fee70a5d4?s=96&d=mm&r=g","url":"https:\/\/secure.gravatar.com\/avatar\/c50c17820bcf322f0a8fd6b110b8c0918141409dc69076470f6fca5fee70a5d4?s=96&d=mm&r=g","contentUrl":"https:\/\/secure.gravatar.com\/avatar\/c50c17820bcf322f0a8fd6b110b8c0918141409dc69076470f6fca5fee70a5d4?s=96&d=mm&r=g","caption":"Encontra Itabira"},"url":"https:\/\/www.encontraminasgerais.com.br\/itabira\/author\/encontraitabira\/"}]}},"_links":{"self":[{"href":"https:\/\/www.encontraminasgerais.com.br\/itabira\/wp-json\/wp\/v2\/posts\/5075","targetHints":{"allow":["GET"]}}],"collection":[{"href":"https:\/\/www.encontraminasgerais.com.br\/itabira\/wp-json\/wp\/v2\/posts"}],"about":[{"href":"https:\/\/www.encontraminasgerais.com.br\/itabira\/wp-json\/wp\/v2\/types\/post"}],"author":[{"embeddable":true,"href":"https:\/\/www.encontraminasgerais.com.br\/itabira\/wp-json\/wp\/v2\/users\/1"}],"replies":[{"embeddable":true,"href":"https:\/\/www.encontraminasgerais.com.br\/itabira\/wp-json\/wp\/v2\/comments?post=5075"}],"version-history":[{"count":0,"href":"https:\/\/www.encontraminasgerais.com.br\/itabira\/wp-json\/wp\/v2\/posts\/5075\/revisions"}],"wp:featuredmedia":[{"embeddable":true,"href":"https:\/\/www.encontraminasgerais.com.br\/itabira\/wp-json\/wp\/v2\/media\/5074"}],"wp:attachment":[{"href":"https:\/\/www.encontraminasgerais.com.br\/itabira\/wp-json\/wp\/v2\/media?parent=5075"}],"wp:term":[{"taxonomy":"category","embeddable":true,"href":"https:\/\/www.encontraminasgerais.com.br\/itabira\/wp-json\/wp\/v2\/categories?post=5075"},{"taxonomy":"post_tag","embeddable":true,"href":"https:\/\/www.encontraminasgerais.com.br\/itabira\/wp-json\/wp\/v2\/tags?post=5075"}],"curies":[{"name":"wp","href":"https:\/\/api.w.org\/{rel}","templated":true}]}}