{"id":5077,"date":"2025-12-16T12:16:00","date_gmt":"2025-12-16T15:16:00","guid":{"rendered":"https:\/\/www.encontraminasgerais.com.br\/itabira\/governo-do-brasil-inaugura-cinco-centros-de-radioterapia-e-anuncia-mais-de-r-100-milhoes-do-novo-pac-saude-para-minas-gerais\/"},"modified":"2025-12-16T12:16:00","modified_gmt":"2025-12-16T15:16:00","slug":"governo-do-brasil-inaugura-cinco-centros-de-radioterapia-e-anuncia-mais-de-r-100-milhoes-do-novo-pac-saude-para-minas-gerais","status":"publish","type":"post","link":"https:\/\/www.encontraminasgerais.com.br\/itabira\/governo-do-brasil-inaugura-cinco-centros-de-radioterapia-e-anuncia-mais-de-r-100-milhoes-do-novo-pac-saude-para-minas-gerais\/","title":{"rendered":"Governo do Brasil inaugura cinco centros de radioterapia e anuncia mais de R$ 100 milh\u00f5es do Novo PAC Sa\u00fade para Minas Gerais"},"content":{"rendered":"<h2>Expans\u00e3o da Radioterapia no Brasil<\/h2>\n<p>A radioterapia \u00e9 um dos pilares fundamentais no tratamento de diversas formas de c\u00e2ncer. Nos \u00faltimos anos, o Brasil tem se empenhado na expans\u00e3o desse servi\u00e7o por meio de programas governamentais focados na sa\u00fade p\u00fablica. A inaugura\u00e7\u00e3o de cinco novos centros de radioterapia \u00e9 um dos marcos desse compromisso, evidenciando a prioridade do governo em aumentar o acesso ao tratamento oncol\u00f3gico. Estes centros est\u00e3o localizados em regi\u00f5es estrat\u00e9gicas, aumentando a cobertura e autorizando pacientes a receber tratamento pr\u00f3ximo de suas resid\u00eancias.<\/p>\n<p>O programa conhecido como &#8220;Agora Tem Especialistas&#8221; visa, entre outras coisas, suavizar a desigualdade no acesso \u00e0 sa\u00fade, uma vez que a radioterapia, quando n\u00e3o disponibilizada localmente, pode exigir que pacientes e suas fam\u00edlias desloquem-se por longas dist\u00e2ncias, muitas vezes invi\u00e1veis. Ao atingir a meta de proporcionar esse tipo de tratamento em todos os estados, o Brasil se aproxima de equacionar a necessidade de atendimento especializado em oncologia, reduzindo o tempo de espera e elevando a qualidade do cuidado recebido pelos cidad\u00e3os.<\/p>\n<p>Ademais, a introdu\u00e7\u00e3o de aceleradores lineares nos novos centros representa um passo significativo em termos de tecnologia na \u00e1rea da sa\u00fade. Esses equipamentos s\u00e3o essenciais para a administra\u00e7\u00e3o de radioterapia, permitindo tratamentos mais precisos e eficazes, o que se traduz em melhores taxas de sobreviv\u00eancia para os pacientes. O investimento cont\u00ednuo na moderniza\u00e7\u00e3o e expans\u00e3o dos centros de atendimento reflete um compromisso firme com a sa\u00fade p\u00fablica, contribuindo para o bem-estar e a qualidade de vida da popula\u00e7\u00e3o.<\/p>\n<p><img decoding=\"async\" src=\"https:\/\/www.encontraminasgerais.com.br\/itabira\/wp-content\/uploads\/2025\/12\/governo-do-brasil-inaugura-cinco-centros-de-radioterapia-e-anuncia-mais-de-r-100-milhoes-do-novo-pac.webp\" alt=\"radioterapia\" loading=\"lazy\" \/><\/p>\n<h2>Investimentos Significativos em Minas Gerais<\/h2>\n<p>Minas Gerais, um dos maiores estados do Brasil, recebeu investimentos significativos em sa\u00fade, com um total superior a R$ 100 milh\u00f5es do Novo PAC Sa\u00fade. Esta aloca\u00e7\u00e3o financeira \u00e9 um investimento crucial n\u00e3o apenas na constru\u00e7\u00e3o de unidades de sa\u00fade, como policl\u00ednicas e centros especializados em reabilita\u00e7\u00e3o, mas tamb\u00e9m na moderniza\u00e7\u00e3o da infraestrutura existente. Os investimentos foram estrategicamente direcionados para duas novas policl\u00ednicas nos munic\u00edpios de Ipatinga e Divin\u00f3polis, projetadas para atender a uma grande popula\u00e7\u00e3o e oferecer uma gama abrangente de servi\u00e7os m\u00e9dicos.<\/p>\n<p>Al\u00e9m disso, com a cria\u00e7\u00e3o de Centros Especializados em Reabilita\u00e7\u00e3o (CERs) nas cidades de Betim, Juiz de Fora e Muria\u00e9, o governo n\u00e3o apenas busca atender as demandas de sa\u00fade de pessoas com defici\u00eancia, mas tamb\u00e9m neutralizar vazios assistenciais que historicamente tem assolado Minas Gerais. Com essa iniciativa, mais de um milh\u00e3o de pessoas ter\u00e3o acesso a servi\u00e7os especializados, aumentando a capacidade do Sistema \u00danico de Sa\u00fade (SUS) de oferecer atendimento integral.<\/p>\n<p>O impacto dessas medidas \u00e9 vasto e ben\u00e9fico. Primeiro, ao garantir que servi\u00e7os essenciais estejam dispon\u00edveis para a popula\u00e7\u00e3o local, o estado est\u00e1 promovendo n\u00e3o apenas a sa\u00fade, mas tamb\u00e9m a justi\u00e7a social, possibilitando que pacientes recebam cuidados adequados, independentemente de sua localiza\u00e7\u00e3o geogr\u00e1fica. Al\u00e9m disso, a inter-rela\u00e7\u00e3o entre diferentes servi\u00e7os de sa\u00fade fortalece o tratamento cont\u00ednuo e especializado, essencial para o sucesso do tratamento oncol\u00f3gico, especialmente em circunst\u00e2ncias onde a experi\u00eancia do paciente \u00e9 crucial.<\/p>\n<h2>Entregas Simult\u00e2neas nas Principais Cidades<\/h2>\n<p>A entrega simult\u00e2nea de centros de radioterapia em localidades como Itabira, Goi\u00e2nia, S\u00e3o Lu\u00eds, Mar\u00edlia e Colatina \u00e9 uma demonstra\u00e7\u00e3o clara de que o governo est\u00e1 priorizando a descentraliza\u00e7\u00e3o do atendimento oncol\u00f3gico. Essa estrat\u00e9gia n\u00e3o s\u00f3 melhora o acesso, mas tamb\u00e9m permite que pacientes recebam tratamento em um ambiente mais familiar e acolhedor, o que pode ser particularmente importante no tratamento de condi\u00e7\u00f5es como o c\u00e2ncer.<\/p>\n<p>Esses centros oferecem um alcance muito maior do que era anteriormente poss\u00edvel, diminuindo a m\u00e9dia nacional de deslocamento para tratamento que, at\u00e9 ent\u00e3o, era de 145 km. Cada novo centro, equipado com aceleradores lineares, tem a capacidade de tratar 600 pacientes novos por ano, traduzindo-se em um aumento significativo no n\u00famero de atendimentos e, consequentemente, na qualidade de vida desses pacientes. Al\u00e9m disso, as entregas simult\u00e2neas refletem a abordagem integrada do governo para lidar com a sa\u00fade na sociedade brasileira, abordando n\u00e3o apenas as necessidades imediatas dos pacientes, mas tamb\u00e9m buscando solu\u00e7\u00f5es de longo prazo para problemas de sa\u00fade cr\u00f4nicos.<\/p>\n<h2>Equipamentos de \u00daltima Gera\u00e7\u00e3o para Tratamento<\/h2>\n<p>Os aceleradores lineares s\u00e3o equipamentos fundamentais na luta contra o c\u00e2ncer, sendo essenciais para a administra\u00e7\u00e3o de radioterapia de alta precis\u00e3o. A moderniza\u00e7\u00e3o dos centros de tratamento com a incorpora\u00e7\u00e3o desses equipamentos de \u00faltima gera\u00e7\u00e3o representa um avan\u00e7o significativo na efic\u00e1cia do tratamento e na seguran\u00e7a dos pacientes. Com a atualiza\u00e7\u00e3o tecnol\u00f3gica, os hospitais n\u00e3o s\u00f3 poder\u00e3o oferecer terapias mais eficazes, como tamb\u00e9m aumentar a precis\u00e3o das doses de radia\u00e7\u00e3o, minimizando os efeitos colaterais indesejados.<\/p>\n<p>Essa atualiza\u00e7\u00e3o \u00e9 ainda mais crucial em um contexto onde a personaliza\u00e7\u00e3o do tratamento se torna cada vez mais importante. Com os novos equipamentos, a radioterapia pode ser ajustada e adaptada \u00e0s necessidades individuais de cada paciente, levando em considera\u00e7\u00e3o o est\u00e1gio do c\u00e2ncer e as condi\u00e7\u00f5es gerais de sa\u00fade. Assim, os centros n\u00e3o apenas tratam a doen\u00e7a, mas tamb\u00e9m consideram o bem-estar do paciente como um todo.<\/p>\n<p>Al\u00e9m disso, com os novos centros e equipamentos, haver\u00e1 um impacto positivo na forma\u00e7\u00e3o de profissionais de sa\u00fade, que poder\u00e3o receber treinamento e se especializar no uso dessas tecnologias avan\u00e7adas. \u00c9 um ciclo virtuoso que n\u00e3o apenas promove o tratamento imediato, mas tamb\u00e9m investe no futuro da medicina oncol\u00f3gica no Brasil, assegurando que o pa\u00eds esteja alinhado com as melhores pr\u00e1ticas e m\u00e9todos internacionais de tratamento.<\/p>\n<h2>Benef\u00edcios da Radioterapia aos Pacientes<\/h2>\n<p>O tratamento com radioterapia \u00e9 uma parte inexor\u00e1vel do combate ao c\u00e2ncer, oferecendo uma alternativa ou um complemento \u00e0s op\u00e7\u00f5es cir\u00fargicas e \u00e0 quimioterapia. Entre os principais benef\u00edcios est\u00e3o a possibilidade de um tratamento menos invasivo, que pode resultar em menos complica\u00e7\u00f5es. \u00c9 importante destacar que, com o aumento do acesso \u00e0 radioterapia, os pacientes t\u00eam a oportunidade de iniciar o tratamento mais rapidamente, o que \u00e9 fundamental para a efic\u00e1cia em muitos casos de c\u00e2ncer.<\/p>\n<p>Outro benef\u00edcio significativo \u00e9 a capacidade da radioterapia de ser utilizada em diferentes tipos de c\u00e2ncer, o que permite tratar uma ampla gama de condi\u00e7\u00f5es. Com a expans\u00e3o dos centros de radioterapia e a moderniza\u00e7\u00e3o dos equipamentos, muitos mais pacientes poder\u00e3o ter acesso a tratamentos que antes eram limitados por quest\u00f5es geogr\u00e1ficas ou financeiras.<\/p>\n<p>Al\u00e9m do mais, a radioterapia proporciona um cuidado mais confort\u00e1vel e eficaz. Gra\u00e7as \u00e0 localiza\u00e7\u00e3o dos novos centros em munic\u00edpios menores, os pacientes podem evitar longas desloca\u00e7\u00f5es e, consequentemente, o estresse que isso acarreta. Isso n\u00e3o \u00e9 apenas uma comodidade, mas tamb\u00e9m um fator que influencia diretamente a experi\u00eancia do paciente durante o tratamento, contribuindo para sua sa\u00fade mental e emocional.<\/p>\n<h2>Redu\u00e7\u00e3o do Deslocamento para Tratamento Oncol\u00f3gico<\/h2>\n<p>Um dos maiores desafios enfrentados pelos pacientes oncol\u00f3gicos \u00e9 a dist\u00e2ncia que precisam percorrer para acessar o tratamento. A inaugura\u00e7\u00e3o dos novos centros de radioterapia e a prepara\u00e7\u00e3o dos equipamentos, como os aceleradores, s\u00e3o um passo importante para reduzir esse desafio. Como mencionado anteriormente, a m\u00e9dia de deslocamento at\u00e9 um centro de tratamento havaia sido de 145 km, o que \u00e9 um obst\u00e1culo significante que muitos pacientes enfrentavam.<\/p>\n<p>Com a implementa\u00e7\u00e3o dos novos centros, a expectativa \u00e9 que a maioria dos pacientes consiga ter acesso a tratamentos a uma dist\u00e2ncia mais razo\u00e1vel, diminuindo as barreiras de acesso. Essa mudan\u00e7a representa n\u00e3o s\u00f3 uma melhoria na log\u00edstica do cuidado, mas tamb\u00e9m um impacto positivo significativo na qualidade de vida dos pacientes e no suporte que eles recebem de suas fam\u00edlias durante o tratamento.<\/p>\n<p>A redu\u00e7\u00e3o do deslocamento tamb\u00e9m significa menos custos associados ao transporte, que podem ser um fardo pesado para fam\u00edlias que j\u00e1 est\u00e3o enfrentando as dificuldades de um diagn\u00f3stico de c\u00e2ncer. Essa medida se alinha com a necessidade de um sistema de sa\u00fade mais justo e equitativo, onde todos possam receber o cuidado necess\u00e1rio, independentemente de sua localiza\u00e7\u00e3o geogr\u00e1fica.<\/p>\n<h2>Planos Futuros para Mais Unidades de Sa\u00fade<\/h2>\n<p>Os planos do governo para o futuro incluem a distribui\u00e7\u00e3o de 121 novos aceleradores lineares em todo o pa\u00eds at\u00e9 o fim de 2026. Com esses novos centros e equipamentos, mais de 84.700 pacientes ser\u00e3o beneficiados anualmente, um padr\u00e3o estrat\u00e9gico para elevar o tratamento oncol\u00f3gico em todos os estados brasileiros. Isso reflete uma longa an\u00e1lise de demandas regionais e vazios assistenciais que evidenciam a necessidade urgente de ampliar o acesso aos servi\u00e7os de sa\u00fade.<\/p>\n<p>Al\u00e9m disso, a abordagem de expans\u00e3o significa mais investimentos tamb\u00e9m em capacita\u00e7\u00e3o de profissionais de sa\u00fade, garantindo que eles estejam prontos para operar os novos equipamentos e adaptar os tratamentos \u00e0s necessidades de seus pacientes. Isso n\u00e3o apenas garante a efic\u00e1cia do tratamento, mas tamb\u00e9m estabelece um padr\u00e3o elevado de cuidado que ser\u00e1 sentido em todo o sistema de sa\u00fade.<\/p>\n<p>O incentivo para financiar a constru\u00e7\u00e3o de novas unidades de sa\u00fade nas principais \u00e1reas que apresentam a lacuna de cuidados, \u00e9 um passo essencial em dire\u00e7\u00e3o a um SUS que oferece um atendimento mais completo e acess\u00edvel a todos os cidad\u00e3os. Assim, a inten\u00e7\u00e3o \u00e9 que essa expans\u00e3o seja constantemente revisada e aprimorada para se adaptar \u00e0s necessidades da popula\u00e7\u00e3o.<\/p>\n<h2>Integra\u00e7\u00e3o com o SUS e Programas Governamentais<\/h2>\n<p>A integra\u00e7\u00e3o da radioterapia com o Sistema \u00danico de Sa\u00fade (SUS) \u00e9 vital para garantir que todos os cidad\u00e3os tenham acesso igualit\u00e1rio ao tratamento. O governo federal, por meio de iniciativas como o &#8220;Agora Tem Especialistas&#8221;, n\u00e3o apenas refor\u00e7a a import\u00e2ncia de disponibilizar tecnologia avan\u00e7ada, mas tamb\u00e9m se preocupa em formar uma rede que opere de forma sin\u00e9rgica. Essa rede pode atendimento a um maior n\u00famero de pacientes.<\/p>\n<p>Um dos aspectos mais relevantes dessa integra\u00e7\u00e3o \u00e9 que ela promove a continuidade do cuidado e troca de informa\u00e7\u00f5es entre diferentes n\u00edveis de aten\u00e7\u00e3o \u00e0 sa\u00fade. Isso significa que, se um paciente tem que ir a um centro de radioterapia, ele deve ser parte de um sistema que o apoie em todas as etapas do tratamento. Isso diminui a possibilidade de falhas no atendimento e melhora a efic\u00e1cia do tratamento.<\/p>\n<p>Com uma integra\u00e7\u00e3o bem-sucedida com o SUS e outros programas de sa\u00fade, o Brasil poder\u00e1 n\u00e3o s\u00f3 atender \u00e0 demanda atual, mas tamb\u00e9m ser proativo na preven\u00e7\u00e3o de doen\u00e7as, redu\u00e7\u00e3o de complica\u00e7\u00f5es e promo\u00e7\u00e3o da sa\u00fade geral. Esse tipo de abordagem \u00e9 fundamental para mudar a forma como a sa\u00fade \u00e9 gerenciada no pa\u00eds, possibilitando um futuro mais saud\u00e1vel para todos os brasileiros.<\/p>\n<h2>Impacto na Qualidade de Vida dos Pacientes<\/h2>\n<p>O avan\u00e7o na oferta de centros de radioterapia e a moderniza\u00e7\u00e3o desses servi\u00e7os t\u00eam um impacto direto e profundo na qualidade de vida dos pacientes diagnosticados com c\u00e2ncer. A possibilidade de tratamento mais pr\u00f3ximo de casa, a redu\u00e7\u00e3o das viagens longas e o acesso mais r\u00e1pido a terapias adequadas melhoram n\u00e3o apenas a condi\u00e7\u00e3o f\u00edsica, mas tamb\u00e9m o bem-estar geral dos pacientes. Isso \u00e9 especialmente importante em um momento de fragilidade emocional, como \u00e9 o diagn\u00f3stico de c\u00e2ncer.<\/p>\n<p>Al\u00e9m disso, o acesso \u00e0 radioterapia local ajuda a manter a rede de suporte que muitos pacientes precisam durante o tratamento, como familiares e amigos. Essa rede social, que \u00e9 fundamental em um momento t\u00e3o delicado, muitas vezes pode ser comprometida quando um paciente precisa viajar longas dist\u00e2ncias para receber cuidados. Com a expans\u00e3o dos servi\u00e7os de sa\u00fade, muitos mais pacientes poder\u00e3o contar com o apoio de seus entes queridos durante os tratamentos.<\/p>\n<p>Consequentemente, o fortalecimento dos centros de tratamento oncol\u00f3gico contribui tamb\u00e9m para a melhoria da sa\u00fade mental, reduzindo a ansiedade e o estresse associados ao tratamento. Com um acesso mais f\u00e1cil e tratamentos mais eficientes, os pacientes e suas fam\u00edlias podem perceber n\u00e3o apenas uma melhora na condi\u00e7\u00e3o de sa\u00fade, mas tamb\u00e9m uma maior esperan\u00e7a e qualidade de vida que s\u00e3o t\u00e3o essenciais na luta contra o c\u00e2ncer.<\/p>\n<h2>A Import\u00e2ncia da Preven\u00e7\u00e3o e Detec\u00e7\u00e3o Precoce<\/h2>\n<p>Embora o foco seja muitas vezes colocado no tratamento do c\u00e2ncer, a preven\u00e7\u00e3o e a detec\u00e7\u00e3o precoce permanecem vitais. A expans\u00e3o dos centros de radioterapia no Brasil \u00e9 uma resposta a um problema crescente, mas \u00e9 igualmente importante que haja iniciativas para educar a popula\u00e7\u00e3o sobre a import\u00e2ncia da detec\u00e7\u00e3o precoce. Screening e exames regulares podem ajudar a identificar c\u00e2ncer em est\u00e1gios iniciais, aumentando as chances de tratamento bem-sucedido.<\/p>\n<p>Os novos centros de radioterapia n\u00e3o atuam de maneira isolada; eles devem ser parte de uma abordagem mais ampla que inclui educa\u00e7\u00e3o em sa\u00fade, acesso a informa\u00e7\u00f5es e programas de rastreamento que forne\u00e7am aos cidad\u00e3os as ferramentas necess\u00e1rias para cuidar de sua sa\u00fade. Isso implica n\u00e3o apenas em tratamento, mas na promo\u00e7\u00e3o de um estilo de vida saud\u00e1vel e na conscientiza\u00e7\u00e3o sobre os fatores de risco associados ao c\u00e2ncer.<\/p>\n<p>Portanto, a iniciativa do governo em aumentar o acesso \u00e0 radoterapia deve ser complementada por um empenho constante em promover a educa\u00e7\u00e3o e conscientiza\u00e7\u00e3o sobre a sa\u00fade. O resultado esperado \u00e9 uma popula\u00e7\u00e3o mais saud\u00e1vel e mais bem informada, capaz de fazer escolhas conscientes em termos de preven\u00e7\u00e3o e cuidado com a sa\u00fade, assegurando um futuro mais brilhante para todos os brasileiros.<\/p>\n","protected":false},"excerpt":{"rendered":"<p>Centros de radioterapia no Brasil expandem op\u00e7\u00f5es de tratamento para pacientes com c\u00e2ncer.<\/p>\n","protected":false},"author":1,"featured_media":5076,"comment_status":"open","ping_status":"open","sticky":false,"template":"","format":"standard","meta":{"footnotes":""},"categories":[5],"tags":[],"class_list":["post-5077","post","type-post","status-publish","format-standard","has-post-thumbnail","hentry","category-noticias","has_thumb"],"yoast_head":"<!-- This site is optimized with the Yoast SEO plugin v28.1 - https:\/\/yoast.com\/product\/yoast-seo-wordpress\/ -->\n<title>Governo do Brasil inaugura cinco centros de radioterapia e anuncia mais de R$ 100 milh\u00f5es do Novo PAC Sa\u00fade para Minas Gerais | Guia Comercial de Itabira MG<\/title>\n<meta name=\"robots\" content=\"index, follow, max-snippet:-1, max-image-preview:large, max-video-preview:-1\" \/>\n<link rel=\"canonical\" href=\"https:\/\/www.encontraminasgerais.com.br\/itabira\/governo-do-brasil-inaugura-cinco-centros-de-radioterapia-e-anuncia-mais-de-r-100-milhoes-do-novo-pac-saude-para-minas-gerais\/\" \/>\n<meta property=\"og:locale\" content=\"pt_BR\" \/>\n<meta property=\"og:type\" content=\"article\" \/>\n<meta property=\"og:title\" content=\"Governo do Brasil inaugura cinco centros de radioterapia e anuncia mais de R$ 100 milh\u00f5es do Novo PAC Sa\u00fade para Minas Gerais | Guia Comercial de Itabira MG\" \/>\n<meta property=\"og:description\" content=\"Centros de radioterapia no Brasil expandem op\u00e7\u00f5es de tratamento para pacientes com c\u00e2ncer.\" \/>\n<meta property=\"og:url\" content=\"https:\/\/www.encontraminasgerais.com.br\/itabira\/governo-do-brasil-inaugura-cinco-centros-de-radioterapia-e-anuncia-mais-de-r-100-milhoes-do-novo-pac-saude-para-minas-gerais\/\" \/>\n<meta property=\"og:site_name\" content=\"Guia Comercial de Itabira MG\" \/>\n<meta property=\"article:published_time\" content=\"2025-12-16T15:16:00+00:00\" \/>\n<meta property=\"og:image\" content=\"https:\/\/www.encontraminasgerais.com.br\/itabira\/wp-content\/uploads\/2025\/12\/governo-do-brasil-inaugura-cinco-centros-de-radioterapia-e-anuncia-mais-de-r-100-milhoes-do-novo-pac.webp\" \/>\n<meta name=\"author\" content=\"Encontra Itabira\" \/>\n<meta name=\"twitter:card\" content=\"summary_large_image\" \/>\n<meta name=\"twitter:label1\" content=\"Escrito por\" \/>\n\t<meta name=\"twitter:data1\" content=\"Encontra Itabira\" \/>\n\t<meta name=\"twitter:label2\" content=\"Est. tempo de leitura\" \/>\n\t<meta name=\"twitter:data2\" content=\"12 minutos\" \/>\n<script type=\"application\/ld+json\" class=\"yoast-schema-graph\">{\"@context\":\"https:\\\/\\\/schema.org\",\"@graph\":[{\"@type\":\"Article\",\"@id\":\"https:\\\/\\\/www.encontraminasgerais.com.br\\\/itabira\\\/governo-do-brasil-inaugura-cinco-centros-de-radioterapia-e-anuncia-mais-de-r-100-milhoes-do-novo-pac-saude-para-minas-gerais\\\/#article\",\"isPartOf\":{\"@id\":\"https:\\\/\\\/www.encontraminasgerais.com.br\\\/itabira\\\/governo-do-brasil-inaugura-cinco-centros-de-radioterapia-e-anuncia-mais-de-r-100-milhoes-do-novo-pac-saude-para-minas-gerais\\\/\"},\"author\":{\"name\":\"Encontra Itabira\",\"@id\":\"https:\\\/\\\/www.encontraminasgerais.com.br\\\/itabira\\\/#\\\/schema\\\/person\\\/9ae8a8f5ce59322c92e2499b550870b0\"},\"headline\":\"Governo do Brasil inaugura cinco centros de radioterapia e anuncia mais de R$ 100 milh\u00f5es do Novo PAC Sa\u00fade para Minas Gerais\",\"datePublished\":\"2025-12-16T15:16:00+00:00\",\"mainEntityOfPage\":{\"@id\":\"https:\\\/\\\/www.encontraminasgerais.com.br\\\/itabira\\\/governo-do-brasil-inaugura-cinco-centros-de-radioterapia-e-anuncia-mais-de-r-100-milhoes-do-novo-pac-saude-para-minas-gerais\\\/\"},\"wordCount\":2404,\"commentCount\":0,\"image\":{\"@id\":\"https:\\\/\\\/www.encontraminasgerais.com.br\\\/itabira\\\/governo-do-brasil-inaugura-cinco-centros-de-radioterapia-e-anuncia-mais-de-r-100-milhoes-do-novo-pac-saude-para-minas-gerais\\\/#primaryimage\"},\"thumbnailUrl\":\"https:\\\/\\\/www.encontraminasgerais.com.br\\\/itabira\\\/wp-content\\\/uploads\\\/2025\\\/12\\\/governo-do-brasil-inaugura-cinco-centros-de-radioterapia-e-anuncia-mais-de-r-100-milhoes-do-novo-pac.webp\",\"articleSection\":[\"Not\u00edcias Itabira\"],\"inLanguage\":\"pt-BR\",\"potentialAction\":[{\"@type\":\"CommentAction\",\"name\":\"Comment\",\"target\":[\"https:\\\/\\\/www.encontraminasgerais.com.br\\\/itabira\\\/governo-do-brasil-inaugura-cinco-centros-de-radioterapia-e-anuncia-mais-de-r-100-milhoes-do-novo-pac-saude-para-minas-gerais\\\/#respond\"]}]},{\"@type\":\"WebPage\",\"@id\":\"https:\\\/\\\/www.encontraminasgerais.com.br\\\/itabira\\\/governo-do-brasil-inaugura-cinco-centros-de-radioterapia-e-anuncia-mais-de-r-100-milhoes-do-novo-pac-saude-para-minas-gerais\\\/\",\"url\":\"https:\\\/\\\/www.encontraminasgerais.com.br\\\/itabira\\\/governo-do-brasil-inaugura-cinco-centros-de-radioterapia-e-anuncia-mais-de-r-100-milhoes-do-novo-pac-saude-para-minas-gerais\\\/\",\"name\":\"Governo do Brasil inaugura cinco centros de radioterapia e anuncia mais de R$ 100 milh\u00f5es do Novo PAC Sa\u00fade para Minas Gerais | Guia Comercial de Itabira MG\",\"isPartOf\":{\"@id\":\"https:\\\/\\\/www.encontraminasgerais.com.br\\\/itabira\\\/#website\"},\"primaryImageOfPage\":{\"@id\":\"https:\\\/\\\/www.encontraminasgerais.com.br\\\/itabira\\\/governo-do-brasil-inaugura-cinco-centros-de-radioterapia-e-anuncia-mais-de-r-100-milhoes-do-novo-pac-saude-para-minas-gerais\\\/#primaryimage\"},\"image\":{\"@id\":\"https:\\\/\\\/www.encontraminasgerais.com.br\\\/itabira\\\/governo-do-brasil-inaugura-cinco-centros-de-radioterapia-e-anuncia-mais-de-r-100-milhoes-do-novo-pac-saude-para-minas-gerais\\\/#primaryimage\"},\"thumbnailUrl\":\"https:\\\/\\\/www.encontraminasgerais.com.br\\\/itabira\\\/wp-content\\\/uploads\\\/2025\\\/12\\\/governo-do-brasil-inaugura-cinco-centros-de-radioterapia-e-anuncia-mais-de-r-100-milhoes-do-novo-pac.webp\",\"datePublished\":\"2025-12-16T15:16:00+00:00\",\"author\":{\"@id\":\"https:\\\/\\\/www.encontraminasgerais.com.br\\\/itabira\\\/#\\\/schema\\\/person\\\/9ae8a8f5ce59322c92e2499b550870b0\"},\"inLanguage\":\"pt-BR\",\"potentialAction\":[{\"@type\":\"ReadAction\",\"target\":[\"https:\\\/\\\/www.encontraminasgerais.com.br\\\/itabira\\\/governo-do-brasil-inaugura-cinco-centros-de-radioterapia-e-anuncia-mais-de-r-100-milhoes-do-novo-pac-saude-para-minas-gerais\\\/\"]}]},{\"@type\":\"ImageObject\",\"inLanguage\":\"pt-BR\",\"@id\":\"https:\\\/\\\/www.encontraminasgerais.com.br\\\/itabira\\\/governo-do-brasil-inaugura-cinco-centros-de-radioterapia-e-anuncia-mais-de-r-100-milhoes-do-novo-pac-saude-para-minas-gerais\\\/#primaryimage\",\"url\":\"https:\\\/\\\/www.encontraminasgerais.com.br\\\/itabira\\\/wp-content\\\/uploads\\\/2025\\\/12\\\/governo-do-brasil-inaugura-cinco-centros-de-radioterapia-e-anuncia-mais-de-r-100-milhoes-do-novo-pac.webp\",\"contentUrl\":\"https:\\\/\\\/www.encontraminasgerais.com.br\\\/itabira\\\/wp-content\\\/uploads\\\/2025\\\/12\\\/governo-do-brasil-inaugura-cinco-centros-de-radioterapia-e-anuncia-mais-de-r-100-milhoes-do-novo-pac.webp\",\"width\":320,\"height\":280,\"caption\":\"radioterapia\"},{\"@type\":\"WebSite\",\"@id\":\"https:\\\/\\\/www.encontraminasgerais.com.br\\\/itabira\\\/#website\",\"url\":\"https:\\\/\\\/www.encontraminasgerais.com.br\\\/itabira\\\/\",\"name\":\"Guia Comercial de Itabira MG\",\"description\":\"ENCONTRA ITABIRA - O guia comercial de neg\u00f3cios e empresas, cultura e divers\u00e3o na cidade de Itabira. Feito 100% para voc\u00ea morador!\",\"potentialAction\":[{\"@type\":\"SearchAction\",\"target\":{\"@type\":\"EntryPoint\",\"urlTemplate\":\"https:\\\/\\\/www.encontraminasgerais.com.br\\\/itabira\\\/?s={search_term_string}\"},\"query-input\":{\"@type\":\"PropertyValueSpecification\",\"valueRequired\":true,\"valueName\":\"search_term_string\"}}],\"inLanguage\":\"pt-BR\"},{\"@type\":\"Person\",\"@id\":\"https:\\\/\\\/www.encontraminasgerais.com.br\\\/itabira\\\/#\\\/schema\\\/person\\\/9ae8a8f5ce59322c92e2499b550870b0\",\"name\":\"Encontra Itabira\",\"image\":{\"@type\":\"ImageObject\",\"inLanguage\":\"pt-BR\",\"@id\":\"https:\\\/\\\/secure.gravatar.com\\\/avatar\\\/c50c17820bcf322f0a8fd6b110b8c0918141409dc69076470f6fca5fee70a5d4?s=96&d=mm&r=g\",\"url\":\"https:\\\/\\\/secure.gravatar.com\\\/avatar\\\/c50c17820bcf322f0a8fd6b110b8c0918141409dc69076470f6fca5fee70a5d4?s=96&d=mm&r=g\",\"contentUrl\":\"https:\\\/\\\/secure.gravatar.com\\\/avatar\\\/c50c17820bcf322f0a8fd6b110b8c0918141409dc69076470f6fca5fee70a5d4?s=96&d=mm&r=g\",\"caption\":\"Encontra Itabira\"},\"url\":\"https:\\\/\\\/www.encontraminasgerais.com.br\\\/itabira\\\/author\\\/encontraitabira\\\/\"}]}<\/script>\n<!-- \/ Yoast SEO plugin. -->","yoast_head_json":{"title":"Governo do Brasil inaugura cinco centros de radioterapia e anuncia mais de R$ 100 milh\u00f5es do Novo PAC Sa\u00fade para Minas Gerais | Guia Comercial de Itabira MG","robots":{"index":"index","follow":"follow","max-snippet":"max-snippet:-1","max-image-preview":"max-image-preview:large","max-video-preview":"max-video-preview:-1"},"canonical":"https:\/\/www.encontraminasgerais.com.br\/itabira\/governo-do-brasil-inaugura-cinco-centros-de-radioterapia-e-anuncia-mais-de-r-100-milhoes-do-novo-pac-saude-para-minas-gerais\/","og_locale":"pt_BR","og_type":"article","og_title":"Governo do Brasil inaugura cinco centros de radioterapia e anuncia mais de R$ 100 milh\u00f5es do Novo PAC Sa\u00fade para Minas Gerais | Guia Comercial de Itabira MG","og_description":"Centros de radioterapia no Brasil expandem op\u00e7\u00f5es de tratamento para pacientes com c\u00e2ncer.","og_url":"https:\/\/www.encontraminasgerais.com.br\/itabira\/governo-do-brasil-inaugura-cinco-centros-de-radioterapia-e-anuncia-mais-de-r-100-milhoes-do-novo-pac-saude-para-minas-gerais\/","og_site_name":"Guia Comercial de Itabira MG","article_published_time":"2025-12-16T15:16:00+00:00","og_image":[{"url":"https:\/\/www.encontraminasgerais.com.br\/itabira\/wp-content\/uploads\/2025\/12\/governo-do-brasil-inaugura-cinco-centros-de-radioterapia-e-anuncia-mais-de-r-100-milhoes-do-novo-pac.webp","type":"","width":"","height":""}],"author":"Encontra Itabira","twitter_card":"summary_large_image","twitter_misc":{"Escrito por":"Encontra Itabira","Est. tempo de leitura":"12 minutos"},"schema":{"@context":"https:\/\/schema.org","@graph":[{"@type":"Article","@id":"https:\/\/www.encontraminasgerais.com.br\/itabira\/governo-do-brasil-inaugura-cinco-centros-de-radioterapia-e-anuncia-mais-de-r-100-milhoes-do-novo-pac-saude-para-minas-gerais\/#article","isPartOf":{"@id":"https:\/\/www.encontraminasgerais.com.br\/itabira\/governo-do-brasil-inaugura-cinco-centros-de-radioterapia-e-anuncia-mais-de-r-100-milhoes-do-novo-pac-saude-para-minas-gerais\/"},"author":{"name":"Encontra Itabira","@id":"https:\/\/www.encontraminasgerais.com.br\/itabira\/#\/schema\/person\/9ae8a8f5ce59322c92e2499b550870b0"},"headline":"Governo do Brasil inaugura cinco centros de radioterapia e anuncia mais de R$ 100 milh\u00f5es do Novo PAC Sa\u00fade para Minas Gerais","datePublished":"2025-12-16T15:16:00+00:00","mainEntityOfPage":{"@id":"https:\/\/www.encontraminasgerais.com.br\/itabira\/governo-do-brasil-inaugura-cinco-centros-de-radioterapia-e-anuncia-mais-de-r-100-milhoes-do-novo-pac-saude-para-minas-gerais\/"},"wordCount":2404,"commentCount":0,"image":{"@id":"https:\/\/www.encontraminasgerais.com.br\/itabira\/governo-do-brasil-inaugura-cinco-centros-de-radioterapia-e-anuncia-mais-de-r-100-milhoes-do-novo-pac-saude-para-minas-gerais\/#primaryimage"},"thumbnailUrl":"https:\/\/www.encontraminasgerais.com.br\/itabira\/wp-content\/uploads\/2025\/12\/governo-do-brasil-inaugura-cinco-centros-de-radioterapia-e-anuncia-mais-de-r-100-milhoes-do-novo-pac.webp","articleSection":["Not\u00edcias Itabira"],"inLanguage":"pt-BR","potentialAction":[{"@type":"CommentAction","name":"Comment","target":["https:\/\/www.encontraminasgerais.com.br\/itabira\/governo-do-brasil-inaugura-cinco-centros-de-radioterapia-e-anuncia-mais-de-r-100-milhoes-do-novo-pac-saude-para-minas-gerais\/#respond"]}]},{"@type":"WebPage","@id":"https:\/\/www.encontraminasgerais.com.br\/itabira\/governo-do-brasil-inaugura-cinco-centros-de-radioterapia-e-anuncia-mais-de-r-100-milhoes-do-novo-pac-saude-para-minas-gerais\/","url":"https:\/\/www.encontraminasgerais.com.br\/itabira\/governo-do-brasil-inaugura-cinco-centros-de-radioterapia-e-anuncia-mais-de-r-100-milhoes-do-novo-pac-saude-para-minas-gerais\/","name":"Governo do Brasil inaugura cinco centros de radioterapia e anuncia mais de R$ 100 milh\u00f5es do Novo PAC Sa\u00fade para Minas Gerais | Guia Comercial de Itabira MG","isPartOf":{"@id":"https:\/\/www.encontraminasgerais.com.br\/itabira\/#website"},"primaryImageOfPage":{"@id":"https:\/\/www.encontraminasgerais.com.br\/itabira\/governo-do-brasil-inaugura-cinco-centros-de-radioterapia-e-anuncia-mais-de-r-100-milhoes-do-novo-pac-saude-para-minas-gerais\/#primaryimage"},"image":{"@id":"https:\/\/www.encontraminasgerais.com.br\/itabira\/governo-do-brasil-inaugura-cinco-centros-de-radioterapia-e-anuncia-mais-de-r-100-milhoes-do-novo-pac-saude-para-minas-gerais\/#primaryimage"},"thumbnailUrl":"https:\/\/www.encontraminasgerais.com.br\/itabira\/wp-content\/uploads\/2025\/12\/governo-do-brasil-inaugura-cinco-centros-de-radioterapia-e-anuncia-mais-de-r-100-milhoes-do-novo-pac.webp","datePublished":"2025-12-16T15:16:00+00:00","author":{"@id":"https:\/\/www.encontraminasgerais.com.br\/itabira\/#\/schema\/person\/9ae8a8f5ce59322c92e2499b550870b0"},"inLanguage":"pt-BR","potentialAction":[{"@type":"ReadAction","target":["https:\/\/www.encontraminasgerais.com.br\/itabira\/governo-do-brasil-inaugura-cinco-centros-de-radioterapia-e-anuncia-mais-de-r-100-milhoes-do-novo-pac-saude-para-minas-gerais\/"]}]},{"@type":"ImageObject","inLanguage":"pt-BR","@id":"https:\/\/www.encontraminasgerais.com.br\/itabira\/governo-do-brasil-inaugura-cinco-centros-de-radioterapia-e-anuncia-mais-de-r-100-milhoes-do-novo-pac-saude-para-minas-gerais\/#primaryimage","url":"https:\/\/www.encontraminasgerais.com.br\/itabira\/wp-content\/uploads\/2025\/12\/governo-do-brasil-inaugura-cinco-centros-de-radioterapia-e-anuncia-mais-de-r-100-milhoes-do-novo-pac.webp","contentUrl":"https:\/\/www.encontraminasgerais.com.br\/itabira\/wp-content\/uploads\/2025\/12\/governo-do-brasil-inaugura-cinco-centros-de-radioterapia-e-anuncia-mais-de-r-100-milhoes-do-novo-pac.webp","width":320,"height":280,"caption":"radioterapia"},{"@type":"WebSite","@id":"https:\/\/www.encontraminasgerais.com.br\/itabira\/#website","url":"https:\/\/www.encontraminasgerais.com.br\/itabira\/","name":"Guia Comercial de Itabira MG","description":"ENCONTRA ITABIRA - O guia comercial de neg\u00f3cios e empresas, cultura e divers\u00e3o na cidade de Itabira. Feito 100% para voc\u00ea morador!","potentialAction":[{"@type":"SearchAction","target":{"@type":"EntryPoint","urlTemplate":"https:\/\/www.encontraminasgerais.com.br\/itabira\/?s={search_term_string}"},"query-input":{"@type":"PropertyValueSpecification","valueRequired":true,"valueName":"search_term_string"}}],"inLanguage":"pt-BR"},{"@type":"Person","@id":"https:\/\/www.encontraminasgerais.com.br\/itabira\/#\/schema\/person\/9ae8a8f5ce59322c92e2499b550870b0","name":"Encontra Itabira","image":{"@type":"ImageObject","inLanguage":"pt-BR","@id":"https:\/\/secure.gravatar.com\/avatar\/c50c17820bcf322f0a8fd6b110b8c0918141409dc69076470f6fca5fee70a5d4?s=96&d=mm&r=g","url":"https:\/\/secure.gravatar.com\/avatar\/c50c17820bcf322f0a8fd6b110b8c0918141409dc69076470f6fca5fee70a5d4?s=96&d=mm&r=g","contentUrl":"https:\/\/secure.gravatar.com\/avatar\/c50c17820bcf322f0a8fd6b110b8c0918141409dc69076470f6fca5fee70a5d4?s=96&d=mm&r=g","caption":"Encontra Itabira"},"url":"https:\/\/www.encontraminasgerais.com.br\/itabira\/author\/encontraitabira\/"}]}},"_links":{"self":[{"href":"https:\/\/www.encontraminasgerais.com.br\/itabira\/wp-json\/wp\/v2\/posts\/5077","targetHints":{"allow":["GET"]}}],"collection":[{"href":"https:\/\/www.encontraminasgerais.com.br\/itabira\/wp-json\/wp\/v2\/posts"}],"about":[{"href":"https:\/\/www.encontraminasgerais.com.br\/itabira\/wp-json\/wp\/v2\/types\/post"}],"author":[{"embeddable":true,"href":"https:\/\/www.encontraminasgerais.com.br\/itabira\/wp-json\/wp\/v2\/users\/1"}],"replies":[{"embeddable":true,"href":"https:\/\/www.encontraminasgerais.com.br\/itabira\/wp-json\/wp\/v2\/comments?post=5077"}],"version-history":[{"count":0,"href":"https:\/\/www.encontraminasgerais.com.br\/itabira\/wp-json\/wp\/v2\/posts\/5077\/revisions"}],"wp:featuredmedia":[{"embeddable":true,"href":"https:\/\/www.encontraminasgerais.com.br\/itabira\/wp-json\/wp\/v2\/media\/5076"}],"wp:attachment":[{"href":"https:\/\/www.encontraminasgerais.com.br\/itabira\/wp-json\/wp\/v2\/media?parent=5077"}],"wp:term":[{"taxonomy":"category","embeddable":true,"href":"https:\/\/www.encontraminasgerais.com.br\/itabira\/wp-json\/wp\/v2\/categories?post=5077"},{"taxonomy":"post_tag","embeddable":true,"href":"https:\/\/www.encontraminasgerais.com.br\/itabira\/wp-json\/wp\/v2\/tags?post=5077"}],"curies":[{"name":"wp","href":"https:\/\/api.w.org\/{rel}","templated":true}]}}