{"id":5081,"date":"2025-12-27T06:36:00","date_gmt":"2025-12-27T09:36:00","guid":{"rendered":"https:\/\/www.encontraminasgerais.com.br\/itabira\/?p=5081"},"modified":"2025-12-27T06:36:00","modified_gmt":"2025-12-27T09:36:00","slug":"comercio-de-itabira-tera-horarios-especiais-na-vespera-de-natal-dia-25-sera-fechado","status":"publish","type":"post","link":"https:\/\/www.encontraminasgerais.com.br\/itabira\/comercio-de-itabira-tera-horarios-especiais-na-vespera-de-natal-dia-25-sera-fechado\/","title":{"rendered":"Com\u00e9rcio de Itabira ter\u00e1 hor\u00e1rios especiais na v\u00e9spera de Natal; dia 25 ser\u00e1 fechado"},"content":{"rendered":"<h2>Hor\u00e1rios do Com\u00e9rcio de Itabira na V\u00e9spera de Natal<\/h2>\n<p>Em Itabira, a v\u00e9spera de Natal traz expectativas elevadas para o com\u00e9rcio local, com hor\u00e1rios especiais que visam atender a demanda dos consumidores que buscam as \u00faltimas aquisi\u00e7\u00f5es de presentes. No dia <strong>23 de dezembro<\/strong>, as lojas estar\u00e3o abertas das 9h \u00e0s 21h, proporcionando um tempo adicional para aqueles que deixam as compras para a \u00faltima hora. Essa estrat\u00e9gia se revela fundamental para o com\u00e9rcio, pois o Natal \u00e9 uma das \u00e9pocas mais movimentadas do ano.<\/p>\n<p>No dia <strong>24 de dezembro<\/strong>, as lojas funcionar\u00e3o at\u00e9 as 18h, o que tamb\u00e9m representa um esfor\u00e7o para acomodar os clientes que se preparam para a celebra\u00e7\u00e3o natalina. A exemplo de anos anteriores, a expectativa \u00e9 que o fluxo de consumidores nas lojas aumente substancialmente nesses dias, n\u00e3o somente devido \u00e0 busca por presentes, mas tamb\u00e9m pela atmosfera festiva que permeia a cidade nesta \u00e9poca.<\/p>\n<h2>Abertura Ampliada: Oportunidades para Compras<\/h2>\n<p>A abertura ampliada do com\u00e9rcio \u00e9 uma tentativa de otimizar a experi\u00eancia de compra, permitindo que os clientes tenham mais flexibilidade em suas agendas. Muitos consumidores, especialmente aqueles que trabalham durante a semana, podem ter dificuldades em encontrar tempo para fazer suas compras. Assim, estender o hor\u00e1rio de funcionamento oferece uma oportunidade para que todos consigam adquirir os produtos desejados sem a pressa do dia a dia.<\/p>\n<p><img decoding=\"async\" src=\"https:\/\/www.encontraminasgerais.com.br\/itabira\/wp-content\/uploads\/2025\/12\/comercio-de-itabira-tera-horarios-especiais-na-vespera-de-natal-dia-25-sera-fechado.webp\" alt=\"Com\u00e9rcio de Itabira\" loading=\"lazy\" \/><\/p>\n<p>Al\u00e9m disso, essa iniciativa cria um ambiente animado nas ruas, com a ilumina\u00e7\u00e3o natalina e a decora\u00e7\u00e3o festiva contribuindo para um clima de celebra\u00e7\u00e3o. As lojas se adaptam ao per\u00edodo, oferecendo promo\u00e7\u00f5es e criando vitrines atrativas que cativam tanto os moradores quanto os visitantes da cidade, potencializando as vendas e proporcionando uma significativa receita para os empres\u00e1rios locais.<\/p>\n<h2>Fluxo de Consumidores e Expectativas de Vendas<\/h2>\n<p>O fluxo de consumidores durante a v\u00e9spera de Natal \u00e9 um reflexo direto da confian\u00e7a do p\u00fablico na economia. Em Itabira, a expectativa para este ano \u00e9 otimista, com muitos empres\u00e1rios acreditando que as vendas devem superar as do ano anterior. A an\u00e1lise deve considerar fatores como os empregos gerados na cidade e a circula\u00e7\u00e3o de renda, que favorecem um maior poder aquisitivo.<\/p>\n<p>A C\u00e2mara de Dirigentes Lojistas (CDL) tem um papel relevante ao monitorar e relatar as tend\u00eancias de consumo, ajudando a moldar as expectativas do varejo. De acordo com suas proje\u00e7\u00f5es, a expectativa de crescimento nas vendas pode variar de 5% a 10% em rela\u00e7\u00e3o ao ano passado, impulsionado principalmente por campanhas de marketing agressivas e um retorno gradual \u00e0 normalidade ap\u00f3s per\u00edodos de restri\u00e7\u00f5es sanit\u00e1rias.<\/p>\n<h2>Hor\u00e1rios Especiais para o Dia 24 de Dezembro<\/h2>\n<p>No dia 24 de dezembro, o com\u00e9rcio de Itabira funcionar\u00e1 das 9h \u00e0s 18h. Este hor\u00e1rio foi estabelecido para atender especialmente aqueles que deixaram as compras para o \u00faltimo momento, permitindo que os consumidores tenham um dia inteiro para explorar as op\u00e7\u00f5es dispon\u00edveis. A import\u00e2ncia desse dia \u00e9 evidente, pois muitos presentear\u00e3o amigos e familiares, al\u00e9m de adquirir itens tradicionais para as ceias de Natal.<\/p>\n<p>A organiza\u00e7\u00e3o do com\u00e9rcio local para este dia espec\u00edfico \u00e9 crucial, pois muitas lojas mobilizam esfor\u00e7os extras, como contrata\u00e7\u00e3o tempor\u00e1ria de funcion\u00e1rios e adapta\u00e7\u00f5es na log\u00edstica interna para lidar com o aumento do movimento. Vendedores treinados e prontos para oferecer um atendimento excepcional s\u00e3o essenciais, pois a experi\u00eancia do consumidor pode impactar diretamente na decis\u00e3o de compra e na fideliza\u00e7\u00e3o.<\/p>\n<h2>Import\u00e2ncia do Com\u00e9rcio na \u00c9poca Natalina<\/h2>\n<p>O com\u00e9rcio desempenha um papel vital na economia durante o per\u00edodo natalino, n\u00e3o apenas gerando receitas, mas tamb\u00e9m promovendo um sentido de comunidade e conex\u00e3o entre os consumidores e os lojistas. Para muitos pequenos e m\u00e9dios empres\u00e1rios, o Natal representa uma oportunidade \u00fanica de renovar estoques e oferecer produtos que, de outra forma, podem n\u00e3o ter alto giro ao longo do ano.<\/p>\n<p>a<br \/>Al\u00e9m disso, a \u00e9poca do Natal propicia um sentimento de solidariedade e partilha, onde muitas lojas investem em a\u00e7\u00f5es sociais, como doa\u00e7\u00f5es e promo\u00e7\u00f5es que incentivam a contribui\u00e7\u00e3o para causas nobres, tornando-se uma extens\u00e3o do esp\u00edrito natalino. Essa combina\u00e7\u00e3o de com\u00e9rcio, altru\u00edsmo e festividades fortalece o tecido social da comunidade e promove um ambiente saud\u00e1vel para o crescimento econ\u00f4mico.<\/p>\n<h2>Impacto do Hor\u00e1rio Ampliado nas Vendas<\/h2>\n<p>A amplia\u00e7\u00e3o dos hor\u00e1rios de funcionamento no com\u00e9rcio pode resultar em um aumento significativo nas vendas. Com mais horas dispon\u00edveis, os consumidores tendem a gastar mais tempo nas lojas, o que normalmente gera um maior volume de compras, especialmente em categorias de produtos como roupas, eletr\u00f4nicos e itens de decora\u00e7\u00e3o natalina.<\/p>\n<p>Estudos demonstram que per\u00edodos de hor\u00e1rio extendido podem estimular um efeito positivo nas compras por impulso. Quando as lojas est\u00e3o abertas por mais tempo, os clientes t\u00eam mais possibilidades de explorar as ofertas e, consequentemente, acabam comprando mais do que originalmente planejaram. Al\u00e9m disso, a presen\u00e7a de promo\u00e7\u00f5es e eventos exclusivos durante estes per\u00edodos pode atrair um n\u00famero ainda maior de consumidores.<\/p>\n<h2>Encerramento das Atividades no Dia de Natal<\/h2>\n<p>O dia 25 de dezembro \u00e9 marcado pela celebra\u00e7\u00e3o do Natal, e, como tradi\u00e7\u00e3o em Itabira, o com\u00e9rcio permanecer\u00e1 fechado. O fechamento das lojas durante essa data n\u00e3o apenas respeita a import\u00e2ncia da ocasi\u00e3o, mas tamb\u00e9m permite que os trabalhadores e empres\u00e1rios desfrutem do feriado com suas fam\u00edlias. Essa pr\u00e1tica \u00e9 comum em muitas cidades e \u00e9 acolhida com respeito por todos os envolvidos.<\/p>\n<p>O fechamento no dia de Natal tamb\u00e9m serve para refor\u00e7ar o sentido de pausa e reflex\u00e3o que essa data simboliza. Muitas pessoas utilizam o feriado para fortalecer la\u00e7os familiares e celebrar valores essenciais como o amor, a paz e a solidariedade, afastando-se do ritmo acelerado do com\u00e9rcio e das atividades di\u00e1rias.<\/p>\n<h2>O que Os Lojistas Esperam para o Natal<\/h2>\n<p>Os lojistas de Itabira est\u00e3o otimistas em rela\u00e7\u00e3o \u00e0s vendas de Natal. A expectativa \u00e9 que, com as medidas adotadas, como hor\u00e1rios especiais e promo\u00e7\u00f5es, as vendas cheguem a patamares recordes. Os comerciantes t\u00eam observado um aumento no fluxo de pessoas nas lojas e buscam oferecer um atendimento personalizado para garantir que a experi\u00eancia de compra seja inesquec\u00edvel.<\/p>\n<p>As expectativas s\u00e3o impulsionadas pelo fortalecimento das redes sociais e pelo com\u00e9rcio eletr\u00f4nico, que t\u00eam contribu\u00eddo de forma significativa para que os consumidores conhe\u00e7am as op\u00e7\u00f5es dispon\u00edveis e planejem suas compras com anteced\u00eancia. Muitos empres\u00e1rios desenvolveram estrat\u00e9gias de marketing digital para alcan\u00e7ar uma audi\u00eancia mais ampla, especialmente os jovens, que s\u00e3o mais propensos a buscar promo\u00e7\u00f5es e ofertas online.<\/p>\n<h2>Dicas para Compras de \u00daltima Hora<\/h2>\n<p>Para aqueles que deixaram suas compras de Natal para a \u00faltima hora, algumas dicas podem ajudar a garantir uma experi\u00eancia de compra bem-sucedida:<\/p>\n<ul>\n<li><strong>Plique uma lista:<\/strong> Manter uma lista do que voc\u00ea precisa comprar ajuda a evitar compras por impulso e garante que voc\u00ea n\u00e3o se esque\u00e7a dos itens mais importantes.<\/li>\n<li><strong>Compare pre\u00e7os:<\/strong> Antes de decidir, confira pre\u00e7os em diferentes lojas, online e f\u00edsicas, para ter certeza de que voc\u00ea est\u00e1 fazendo uma boa compra.<\/li>\n<li><strong>Promo\u00e7\u00f5es:<\/strong> Fique atento a promo\u00e7\u00f5es e liquida\u00e7\u00f5es dispon\u00edveis, que s\u00e3o mais comuns durante este per\u00edodo.<\/li>\n<li><strong>Budget:<\/strong> Estabele\u00e7a um or\u00e7amento para suas compras, isso ajuda a controlar os gastos e priorizar itens essenciais.<\/li>\n<li><strong>Hor\u00e1rio mais calmo:<\/strong> Tente visitar as lojas em hor\u00e1rios menos movimentados, como pela manh\u00e3 ou \u00e0 noite, para uma experi\u00eancia mais tranquila.<\/li>\n<\/ul>\n","protected":false},"excerpt":{"rendered":"<p>Com\u00e9rcio de Itabira ter\u00e1 hor\u00e1rios especiais na v\u00e9spera de Natal e ser\u00e1 fechado no dia 25.<\/p>\n","protected":false},"author":1,"featured_media":5080,"comment_status":"open","ping_status":"open","sticky":false,"template":"","format":"standard","meta":{"footnotes":""},"categories":[5],"tags":[],"class_list":["post-5081","post","type-post","status-publish","format-standard","has-post-thumbnail","hentry","category-noticias","has_thumb"],"yoast_head":"<!-- This site is optimized with the Yoast SEO plugin v28.1 - https:\/\/yoast.com\/product\/yoast-seo-wordpress\/ -->\n<title>Com\u00e9rcio de Itabira ter\u00e1 hor\u00e1rios especiais na v\u00e9spera de Natal; dia 25 ser\u00e1 fechado | Guia Comercial de Itabira MG<\/title>\n<meta name=\"robots\" content=\"index, follow, max-snippet:-1, max-image-preview:large, max-video-preview:-1\" \/>\n<link rel=\"canonical\" href=\"https:\/\/www.encontraminasgerais.com.br\/itabira\/comercio-de-itabira-tera-horarios-especiais-na-vespera-de-natal-dia-25-sera-fechado\/\" \/>\n<meta property=\"og:locale\" content=\"pt_BR\" \/>\n<meta property=\"og:type\" content=\"article\" \/>\n<meta property=\"og:title\" content=\"Com\u00e9rcio de Itabira ter\u00e1 hor\u00e1rios especiais na v\u00e9spera de Natal; dia 25 ser\u00e1 fechado | Guia Comercial de Itabira MG\" \/>\n<meta property=\"og:description\" content=\"Com\u00e9rcio de Itabira ter\u00e1 hor\u00e1rios especiais na v\u00e9spera de Natal e ser\u00e1 fechado no dia 25.\" \/>\n<meta property=\"og:url\" content=\"https:\/\/www.encontraminasgerais.com.br\/itabira\/comercio-de-itabira-tera-horarios-especiais-na-vespera-de-natal-dia-25-sera-fechado\/\" \/>\n<meta property=\"og:site_name\" content=\"Guia Comercial de Itabira MG\" \/>\n<meta property=\"article:published_time\" content=\"2025-12-27T09:36:00+00:00\" \/>\n<meta property=\"og:image\" content=\"https:\/\/www.encontraminasgerais.com.br\/itabira\/wp-content\/uploads\/2025\/12\/comercio-de-itabira-tera-horarios-especiais-na-vespera-de-natal-dia-25-sera-fechado.webp\" \/>\n\t<meta property=\"og:image:width\" content=\"320\" \/>\n\t<meta property=\"og:image:height\" content=\"280\" \/>\n\t<meta property=\"og:image:type\" content=\"image\/webp\" \/>\n<meta name=\"author\" content=\"Encontra Itabira\" \/>\n<meta name=\"twitter:card\" content=\"summary_large_image\" \/>\n<meta name=\"twitter:label1\" content=\"Escrito por\" \/>\n\t<meta name=\"twitter:data1\" content=\"Encontra Itabira\" \/>\n\t<meta name=\"twitter:label2\" content=\"Est. tempo de leitura\" \/>\n\t<meta name=\"twitter:data2\" content=\"7 minutos\" \/>\n<script type=\"application\/ld+json\" class=\"yoast-schema-graph\">{\"@context\":\"https:\\\/\\\/schema.org\",\"@graph\":[{\"@type\":\"Article\",\"@id\":\"https:\\\/\\\/www.encontraminasgerais.com.br\\\/itabira\\\/comercio-de-itabira-tera-horarios-especiais-na-vespera-de-natal-dia-25-sera-fechado\\\/#article\",\"isPartOf\":{\"@id\":\"https:\\\/\\\/www.encontraminasgerais.com.br\\\/itabira\\\/comercio-de-itabira-tera-horarios-especiais-na-vespera-de-natal-dia-25-sera-fechado\\\/\"},\"author\":{\"name\":\"Encontra Itabira\",\"@id\":\"https:\\\/\\\/www.encontraminasgerais.com.br\\\/itabira\\\/#\\\/schema\\\/person\\\/9ae8a8f5ce59322c92e2499b550870b0\"},\"headline\":\"Com\u00e9rcio de Itabira ter\u00e1 hor\u00e1rios especiais na v\u00e9spera de Natal; dia 25 ser\u00e1 fechado\",\"datePublished\":\"2025-12-27T09:36:00+00:00\",\"mainEntityOfPage\":{\"@id\":\"https:\\\/\\\/www.encontraminasgerais.com.br\\\/itabira\\\/comercio-de-itabira-tera-horarios-especiais-na-vespera-de-natal-dia-25-sera-fechado\\\/\"},\"wordCount\":1325,\"commentCount\":0,\"image\":{\"@id\":\"https:\\\/\\\/www.encontraminasgerais.com.br\\\/itabira\\\/comercio-de-itabira-tera-horarios-especiais-na-vespera-de-natal-dia-25-sera-fechado\\\/#primaryimage\"},\"thumbnailUrl\":\"https:\\\/\\\/www.encontraminasgerais.com.br\\\/itabira\\\/wp-content\\\/uploads\\\/2025\\\/12\\\/comercio-de-itabira-tera-horarios-especiais-na-vespera-de-natal-dia-25-sera-fechado.webp\",\"articleSection\":[\"Not\u00edcias Itabira\"],\"inLanguage\":\"pt-BR\",\"potentialAction\":[{\"@type\":\"CommentAction\",\"name\":\"Comment\",\"target\":[\"https:\\\/\\\/www.encontraminasgerais.com.br\\\/itabira\\\/comercio-de-itabira-tera-horarios-especiais-na-vespera-de-natal-dia-25-sera-fechado\\\/#respond\"]}]},{\"@type\":\"WebPage\",\"@id\":\"https:\\\/\\\/www.encontraminasgerais.com.br\\\/itabira\\\/comercio-de-itabira-tera-horarios-especiais-na-vespera-de-natal-dia-25-sera-fechado\\\/\",\"url\":\"https:\\\/\\\/www.encontraminasgerais.com.br\\\/itabira\\\/comercio-de-itabira-tera-horarios-especiais-na-vespera-de-natal-dia-25-sera-fechado\\\/\",\"name\":\"Com\u00e9rcio de Itabira ter\u00e1 hor\u00e1rios especiais na v\u00e9spera de Natal; dia 25 ser\u00e1 fechado | Guia Comercial de Itabira MG\",\"isPartOf\":{\"@id\":\"https:\\\/\\\/www.encontraminasgerais.com.br\\\/itabira\\\/#website\"},\"primaryImageOfPage\":{\"@id\":\"https:\\\/\\\/www.encontraminasgerais.com.br\\\/itabira\\\/comercio-de-itabira-tera-horarios-especiais-na-vespera-de-natal-dia-25-sera-fechado\\\/#primaryimage\"},\"image\":{\"@id\":\"https:\\\/\\\/www.encontraminasgerais.com.br\\\/itabira\\\/comercio-de-itabira-tera-horarios-especiais-na-vespera-de-natal-dia-25-sera-fechado\\\/#primaryimage\"},\"thumbnailUrl\":\"https:\\\/\\\/www.encontraminasgerais.com.br\\\/itabira\\\/wp-content\\\/uploads\\\/2025\\\/12\\\/comercio-de-itabira-tera-horarios-especiais-na-vespera-de-natal-dia-25-sera-fechado.webp\",\"datePublished\":\"2025-12-27T09:36:00+00:00\",\"author\":{\"@id\":\"https:\\\/\\\/www.encontraminasgerais.com.br\\\/itabira\\\/#\\\/schema\\\/person\\\/9ae8a8f5ce59322c92e2499b550870b0\"},\"inLanguage\":\"pt-BR\",\"potentialAction\":[{\"@type\":\"ReadAction\",\"target\":[\"https:\\\/\\\/www.encontraminasgerais.com.br\\\/itabira\\\/comercio-de-itabira-tera-horarios-especiais-na-vespera-de-natal-dia-25-sera-fechado\\\/\"]}]},{\"@type\":\"ImageObject\",\"inLanguage\":\"pt-BR\",\"@id\":\"https:\\\/\\\/www.encontraminasgerais.com.br\\\/itabira\\\/comercio-de-itabira-tera-horarios-especiais-na-vespera-de-natal-dia-25-sera-fechado\\\/#primaryimage\",\"url\":\"https:\\\/\\\/www.encontraminasgerais.com.br\\\/itabira\\\/wp-content\\\/uploads\\\/2025\\\/12\\\/comercio-de-itabira-tera-horarios-especiais-na-vespera-de-natal-dia-25-sera-fechado.webp\",\"contentUrl\":\"https:\\\/\\\/www.encontraminasgerais.com.br\\\/itabira\\\/wp-content\\\/uploads\\\/2025\\\/12\\\/comercio-de-itabira-tera-horarios-especiais-na-vespera-de-natal-dia-25-sera-fechado.webp\",\"width\":320,\"height\":280,\"caption\":\"Com\u00e9rcio de Itabira\"},{\"@type\":\"WebSite\",\"@id\":\"https:\\\/\\\/www.encontraminasgerais.com.br\\\/itabira\\\/#website\",\"url\":\"https:\\\/\\\/www.encontraminasgerais.com.br\\\/itabira\\\/\",\"name\":\"Guia Comercial de Itabira MG\",\"description\":\"ENCONTRA ITABIRA - O guia comercial de neg\u00f3cios e empresas, cultura e divers\u00e3o na cidade de Itabira. Feito 100% para voc\u00ea morador!\",\"potentialAction\":[{\"@type\":\"SearchAction\",\"target\":{\"@type\":\"EntryPoint\",\"urlTemplate\":\"https:\\\/\\\/www.encontraminasgerais.com.br\\\/itabira\\\/?s={search_term_string}\"},\"query-input\":{\"@type\":\"PropertyValueSpecification\",\"valueRequired\":true,\"valueName\":\"search_term_string\"}}],\"inLanguage\":\"pt-BR\"},{\"@type\":\"Person\",\"@id\":\"https:\\\/\\\/www.encontraminasgerais.com.br\\\/itabira\\\/#\\\/schema\\\/person\\\/9ae8a8f5ce59322c92e2499b550870b0\",\"name\":\"Encontra Itabira\",\"image\":{\"@type\":\"ImageObject\",\"inLanguage\":\"pt-BR\",\"@id\":\"https:\\\/\\\/secure.gravatar.com\\\/avatar\\\/c50c17820bcf322f0a8fd6b110b8c0918141409dc69076470f6fca5fee70a5d4?s=96&d=mm&r=g\",\"url\":\"https:\\\/\\\/secure.gravatar.com\\\/avatar\\\/c50c17820bcf322f0a8fd6b110b8c0918141409dc69076470f6fca5fee70a5d4?s=96&d=mm&r=g\",\"contentUrl\":\"https:\\\/\\\/secure.gravatar.com\\\/avatar\\\/c50c17820bcf322f0a8fd6b110b8c0918141409dc69076470f6fca5fee70a5d4?s=96&d=mm&r=g\",\"caption\":\"Encontra Itabira\"},\"url\":\"https:\\\/\\\/www.encontraminasgerais.com.br\\\/itabira\\\/author\\\/encontraitabira\\\/\"}]}<\/script>\n<!-- \/ Yoast SEO plugin. -->","yoast_head_json":{"title":"Com\u00e9rcio de Itabira ter\u00e1 hor\u00e1rios especiais na v\u00e9spera de Natal; dia 25 ser\u00e1 fechado | Guia Comercial de Itabira MG","robots":{"index":"index","follow":"follow","max-snippet":"max-snippet:-1","max-image-preview":"max-image-preview:large","max-video-preview":"max-video-preview:-1"},"canonical":"https:\/\/www.encontraminasgerais.com.br\/itabira\/comercio-de-itabira-tera-horarios-especiais-na-vespera-de-natal-dia-25-sera-fechado\/","og_locale":"pt_BR","og_type":"article","og_title":"Com\u00e9rcio de Itabira ter\u00e1 hor\u00e1rios especiais na v\u00e9spera de Natal; dia 25 ser\u00e1 fechado | Guia Comercial de Itabira MG","og_description":"Com\u00e9rcio de Itabira ter\u00e1 hor\u00e1rios especiais na v\u00e9spera de Natal e ser\u00e1 fechado no dia 25.","og_url":"https:\/\/www.encontraminasgerais.com.br\/itabira\/comercio-de-itabira-tera-horarios-especiais-na-vespera-de-natal-dia-25-sera-fechado\/","og_site_name":"Guia Comercial de Itabira MG","article_published_time":"2025-12-27T09:36:00+00:00","og_image":[{"width":320,"height":280,"url":"https:\/\/www.encontraminasgerais.com.br\/itabira\/wp-content\/uploads\/2025\/12\/comercio-de-itabira-tera-horarios-especiais-na-vespera-de-natal-dia-25-sera-fechado.webp","type":"image\/webp"}],"author":"Encontra Itabira","twitter_card":"summary_large_image","twitter_misc":{"Escrito por":"Encontra Itabira","Est. tempo de leitura":"7 minutos"},"schema":{"@context":"https:\/\/schema.org","@graph":[{"@type":"Article","@id":"https:\/\/www.encontraminasgerais.com.br\/itabira\/comercio-de-itabira-tera-horarios-especiais-na-vespera-de-natal-dia-25-sera-fechado\/#article","isPartOf":{"@id":"https:\/\/www.encontraminasgerais.com.br\/itabira\/comercio-de-itabira-tera-horarios-especiais-na-vespera-de-natal-dia-25-sera-fechado\/"},"author":{"name":"Encontra Itabira","@id":"https:\/\/www.encontraminasgerais.com.br\/itabira\/#\/schema\/person\/9ae8a8f5ce59322c92e2499b550870b0"},"headline":"Com\u00e9rcio de Itabira ter\u00e1 hor\u00e1rios especiais na v\u00e9spera de Natal; dia 25 ser\u00e1 fechado","datePublished":"2025-12-27T09:36:00+00:00","mainEntityOfPage":{"@id":"https:\/\/www.encontraminasgerais.com.br\/itabira\/comercio-de-itabira-tera-horarios-especiais-na-vespera-de-natal-dia-25-sera-fechado\/"},"wordCount":1325,"commentCount":0,"image":{"@id":"https:\/\/www.encontraminasgerais.com.br\/itabira\/comercio-de-itabira-tera-horarios-especiais-na-vespera-de-natal-dia-25-sera-fechado\/#primaryimage"},"thumbnailUrl":"https:\/\/www.encontraminasgerais.com.br\/itabira\/wp-content\/uploads\/2025\/12\/comercio-de-itabira-tera-horarios-especiais-na-vespera-de-natal-dia-25-sera-fechado.webp","articleSection":["Not\u00edcias Itabira"],"inLanguage":"pt-BR","potentialAction":[{"@type":"CommentAction","name":"Comment","target":["https:\/\/www.encontraminasgerais.com.br\/itabira\/comercio-de-itabira-tera-horarios-especiais-na-vespera-de-natal-dia-25-sera-fechado\/#respond"]}]},{"@type":"WebPage","@id":"https:\/\/www.encontraminasgerais.com.br\/itabira\/comercio-de-itabira-tera-horarios-especiais-na-vespera-de-natal-dia-25-sera-fechado\/","url":"https:\/\/www.encontraminasgerais.com.br\/itabira\/comercio-de-itabira-tera-horarios-especiais-na-vespera-de-natal-dia-25-sera-fechado\/","name":"Com\u00e9rcio de Itabira ter\u00e1 hor\u00e1rios especiais na v\u00e9spera de Natal; dia 25 ser\u00e1 fechado | Guia Comercial de Itabira MG","isPartOf":{"@id":"https:\/\/www.encontraminasgerais.com.br\/itabira\/#website"},"primaryImageOfPage":{"@id":"https:\/\/www.encontraminasgerais.com.br\/itabira\/comercio-de-itabira-tera-horarios-especiais-na-vespera-de-natal-dia-25-sera-fechado\/#primaryimage"},"image":{"@id":"https:\/\/www.encontraminasgerais.com.br\/itabira\/comercio-de-itabira-tera-horarios-especiais-na-vespera-de-natal-dia-25-sera-fechado\/#primaryimage"},"thumbnailUrl":"https:\/\/www.encontraminasgerais.com.br\/itabira\/wp-content\/uploads\/2025\/12\/comercio-de-itabira-tera-horarios-especiais-na-vespera-de-natal-dia-25-sera-fechado.webp","datePublished":"2025-12-27T09:36:00+00:00","author":{"@id":"https:\/\/www.encontraminasgerais.com.br\/itabira\/#\/schema\/person\/9ae8a8f5ce59322c92e2499b550870b0"},"inLanguage":"pt-BR","potentialAction":[{"@type":"ReadAction","target":["https:\/\/www.encontraminasgerais.com.br\/itabira\/comercio-de-itabira-tera-horarios-especiais-na-vespera-de-natal-dia-25-sera-fechado\/"]}]},{"@type":"ImageObject","inLanguage":"pt-BR","@id":"https:\/\/www.encontraminasgerais.com.br\/itabira\/comercio-de-itabira-tera-horarios-especiais-na-vespera-de-natal-dia-25-sera-fechado\/#primaryimage","url":"https:\/\/www.encontraminasgerais.com.br\/itabira\/wp-content\/uploads\/2025\/12\/comercio-de-itabira-tera-horarios-especiais-na-vespera-de-natal-dia-25-sera-fechado.webp","contentUrl":"https:\/\/www.encontraminasgerais.com.br\/itabira\/wp-content\/uploads\/2025\/12\/comercio-de-itabira-tera-horarios-especiais-na-vespera-de-natal-dia-25-sera-fechado.webp","width":320,"height":280,"caption":"Com\u00e9rcio de Itabira"},{"@type":"WebSite","@id":"https:\/\/www.encontraminasgerais.com.br\/itabira\/#website","url":"https:\/\/www.encontraminasgerais.com.br\/itabira\/","name":"Guia Comercial de Itabira MG","description":"ENCONTRA ITABIRA - O guia comercial de neg\u00f3cios e empresas, cultura e divers\u00e3o na cidade de Itabira. Feito 100% para voc\u00ea morador!","potentialAction":[{"@type":"SearchAction","target":{"@type":"EntryPoint","urlTemplate":"https:\/\/www.encontraminasgerais.com.br\/itabira\/?s={search_term_string}"},"query-input":{"@type":"PropertyValueSpecification","valueRequired":true,"valueName":"search_term_string"}}],"inLanguage":"pt-BR"},{"@type":"Person","@id":"https:\/\/www.encontraminasgerais.com.br\/itabira\/#\/schema\/person\/9ae8a8f5ce59322c92e2499b550870b0","name":"Encontra Itabira","image":{"@type":"ImageObject","inLanguage":"pt-BR","@id":"https:\/\/secure.gravatar.com\/avatar\/c50c17820bcf322f0a8fd6b110b8c0918141409dc69076470f6fca5fee70a5d4?s=96&d=mm&r=g","url":"https:\/\/secure.gravatar.com\/avatar\/c50c17820bcf322f0a8fd6b110b8c0918141409dc69076470f6fca5fee70a5d4?s=96&d=mm&r=g","contentUrl":"https:\/\/secure.gravatar.com\/avatar\/c50c17820bcf322f0a8fd6b110b8c0918141409dc69076470f6fca5fee70a5d4?s=96&d=mm&r=g","caption":"Encontra Itabira"},"url":"https:\/\/www.encontraminasgerais.com.br\/itabira\/author\/encontraitabira\/"}]}},"_links":{"self":[{"href":"https:\/\/www.encontraminasgerais.com.br\/itabira\/wp-json\/wp\/v2\/posts\/5081","targetHints":{"allow":["GET"]}}],"collection":[{"href":"https:\/\/www.encontraminasgerais.com.br\/itabira\/wp-json\/wp\/v2\/posts"}],"about":[{"href":"https:\/\/www.encontraminasgerais.com.br\/itabira\/wp-json\/wp\/v2\/types\/post"}],"author":[{"embeddable":true,"href":"https:\/\/www.encontraminasgerais.com.br\/itabira\/wp-json\/wp\/v2\/users\/1"}],"replies":[{"embeddable":true,"href":"https:\/\/www.encontraminasgerais.com.br\/itabira\/wp-json\/wp\/v2\/comments?post=5081"}],"version-history":[{"count":0,"href":"https:\/\/www.encontraminasgerais.com.br\/itabira\/wp-json\/wp\/v2\/posts\/5081\/revisions"}],"wp:featuredmedia":[{"embeddable":true,"href":"https:\/\/www.encontraminasgerais.com.br\/itabira\/wp-json\/wp\/v2\/media\/5080"}],"wp:attachment":[{"href":"https:\/\/www.encontraminasgerais.com.br\/itabira\/wp-json\/wp\/v2\/media?parent=5081"}],"wp:term":[{"taxonomy":"category","embeddable":true,"href":"https:\/\/www.encontraminasgerais.com.br\/itabira\/wp-json\/wp\/v2\/categories?post=5081"},{"taxonomy":"post_tag","embeddable":true,"href":"https:\/\/www.encontraminasgerais.com.br\/itabira\/wp-json\/wp\/v2\/tags?post=5081"}],"curies":[{"name":"wp","href":"https:\/\/api.w.org\/{rel}","templated":true}]}}