{"id":5099,"date":"2025-12-30T07:36:00","date_gmt":"2025-12-30T10:36:00","guid":{"rendered":"https:\/\/www.encontraminasgerais.com.br\/itabira\/marco-antonio-lage-afirma-que-itabira-fechara-2025-em-equilibrio-fiscal\/"},"modified":"2025-12-30T07:36:00","modified_gmt":"2025-12-30T10:36:00","slug":"marco-antonio-lage-afirma-que-itabira-fechara-2025-em-equilibrio-fiscal","status":"publish","type":"post","link":"https:\/\/www.encontraminasgerais.com.br\/itabira\/marco-antonio-lage-afirma-que-itabira-fechara-2025-em-equilibrio-fiscal\/","title":{"rendered":"Marco Ant\u00f4nio Lage afirma que Itabira fechar\u00e1 2025 em equil\u00edbrio fiscal"},"content":{"rendered":"<h2>Responsabilidades Municipais em Aumento<\/h2>\n<p>Nos \u00faltimos anos, a din\u00e2mica de gest\u00e3o p\u00fablica nos munic\u00edpios brasileiros tem se alterado significativamente. Um dos principais fatores que contribui para essa mudan\u00e7a \u00e9 o aumento das responsabilidades que s\u00e3o repassadas aos munic\u00edpios pelos governos federal e estadual. Essa tend\u00eancia, que se intensificou com a descentraliza\u00e7\u00e3o de servi\u00e7os e a federaliza\u00e7\u00e3o de pol\u00edticas, exige uma reavalia\u00e7\u00e3o do papel das prefeituras.<\/p>\n<p>As prefeituras t\u00eam absorvido novas fun\u00e7\u00f5es e demandas nas \u00e1reas de sa\u00fade, educa\u00e7\u00e3o e seguran\u00e7a p\u00fablica. Por exemplo, com o aumento das exig\u00eancias na sa\u00fade, os munic\u00edpios acabam arcando com custos que, em muitos casos, n\u00e3o eram de sua responsabilidade original. Essa situa\u00e7\u00e3o gera um impacto direto nas finan\u00e7as locais, obrigando as gest\u00f5es a se adaptarem rapidamente para manter a qualidade dos servi\u00e7os oferecidos \u00e0 popula\u00e7\u00e3o.<\/p>\n<p>Al\u00e9m disso, o contexto socioecon\u00f4mico brasileiro tamb\u00e9m influencia a situa\u00e7\u00e3o fiscal das cidades. O crescimento populacional e a urbaniza\u00e7\u00e3o acelerada trazem uma demanda cada vez maior por infraestrutura e servi\u00e7os p\u00fablicos. Assim, as prefeituras precisam ser \u00e1geis na adapta\u00e7\u00e3o de suas pol\u00edticas fiscais e or\u00e7ament\u00e1rias para responder \u00e0 press\u00e3o por servi\u00e7os adequados e em n\u00famero suficiente.<\/p>\n<p><img decoding=\"async\" src=\"https:\/\/www.encontraminasgerais.com.br\/itabira\/wp-content\/uploads\/2025\/12\/marco-antonio-lage-afirma-que-itabira-fechara-2025-em-equilibrio-fiscal.webp\" alt=\"equil\u00edbrio fiscal Itabira\" loading=\"lazy\" \/><\/p>\n<p style=\"font-weight:bold;\">A centraliza\u00e7\u00e3o de responsabilidades, sem o correspondente aumento de recursos, cria um cen\u00e1rio desafiador para muitos munic\u00edpios, obrigando-os a buscar estrat\u00e9gias inovadoras para equilibrar suas contas e garantir servi\u00e7os de qualidade.<\/p>\n<h2>A Crise Fiscal e suas Implica\u00e7\u00f5es<\/h2>\n<p>A crise fiscal enfrentada por muitos munic\u00edpios do Brasil \u00e9 um reflexo da insufici\u00eancia de recursos or\u00e7ament\u00e1rios diante de uma carga crescente de despesas. De acordo com dados da Confedera\u00e7\u00e3o Nacional dos Munic\u00edpios (CNM), cerca de um em cada seis munic\u00edpios brasileiros deve encerrar o ano com d\u00e9ficit or\u00e7ament\u00e1rio. Isso revela a gravidade da situa\u00e7\u00e3o que muitos prefeitos enfrentam ao tentar equilibrar as contas p\u00fablicas.<\/p>\n<p>A crise fiscal n\u00e3o se limita apenas \u00e0 falta de recursos; ela tamb\u00e9m exacerba desigualdades regionais e impede a implementa\u00e7\u00e3o de pol\u00edticas p\u00fablicas. Munic\u00edpios com menor capacidade de arrecada\u00e7\u00e3o s\u00e3o frequentemente deixados para tr\u00e1s, comprometendo o desenvolvimento local e a qualidade de vida dos cidad\u00e3os. A falta de investimento, especialmente em \u00e1reas priorit\u00e1rias como sa\u00fade e seguran\u00e7a, tem consequ\u00eancias diretas e vis\u00edveis no bem-estar da popula\u00e7\u00e3o.<\/p>\n<p>O reflexo desta situa\u00e7\u00e3o pode ser visto em diversos indicadores sociais, como aumento da pobreza, da viol\u00eancia, e a deteriora\u00e7\u00e3o da infraestrutura urbana no Brasil. As administra\u00e7\u00f5es municipais se veem, portanto, diante de um dilema: como atender \u00e0s necessidades crescentes da popula\u00e7\u00e3o, com recursos cada vez mais escassos?<\/p>\n<p style=\"font-weight:bold;\">Com essa press\u00e3o, a responsabilidade dos prefeitos aumenta, levando muitos a adotar medidas de austeridade e cortes or\u00e7ament\u00e1rios, que muitas vezes afetam diretamente servi\u00e7os essenciais para a popula\u00e7\u00e3o.<\/p>\n<h2>Medidas Adotadas por Itabira<\/h2>\n<p>O munic\u00edpio de Itabira, sob a lideran\u00e7a do prefeito Marco Ant\u00f4nio Lage, se destaca por sua abordagem estrat\u00e9gica e respons\u00e1vel no enfrentamento da crise fiscal. Em suas declara\u00e7\u00f5es, Lage enfatiza que, ao contr\u00e1rio de muitos outros munic\u00edpios que caminham rumo ao d\u00e9ficit, Itabira finalizar\u00e1 o ano em equil\u00edbrio fiscal, resultado de uma s\u00e9rie de a\u00e7\u00f5es efetivas de controle e gest\u00e3o.<\/p>\n<p>Uma das principais iniciativas adotadas na administra\u00e7\u00e3o de Lage foi a implementa\u00e7\u00e3o de um decreto que determinou cortes significativos nos gastos das secretarias municipais. O prefeito informou que este decreto resultou em uma redu\u00e7\u00e3o de 30% nas despesas, o que permitiu ao munic\u00edpio equilibrar seu or\u00e7amento. Os cortes foram cuidadosamente analisados e visaram eliminar desperd\u00edcios sem comprometer a qualidade dos servi\u00e7os essenciais.<\/p>\n<p>A gest\u00e3o da prefeitura em Itabira buscou n\u00e3o apenas a conten\u00e7\u00e3o de gastos, mas tamb\u00e9m a reavalia\u00e7\u00e3o constante das necessidades de investimento e os resultados gerados por cada real aplicado. Esta pr\u00e1tica de vigil\u00e2ncia fiscal promoveu uma cultura de efici\u00eancia no uso do recurso p\u00fablico, refletindo na sa\u00fade financeira do munic\u00edpio.<\/p>\n<p style=\"font-weight:bold;\">Al\u00e9m disso, \u00e9 crucial notar que as a\u00e7\u00f5es de Itabira n\u00e3o se resumem a cortar despesas. A administra\u00e7\u00e3o tamb\u00e9m tem promovido investimentos em \u00e1reas priorit\u00e1rias como a sa\u00fade e a seguran\u00e7a p\u00fablica, buscando sempre o bem-estar da popula\u00e7\u00e3o.<\/p>\n<h2>O Papel da Gest\u00e3o Financeira<\/h2>\n<p>Uma gest\u00e3o financeira eficaz \u00e9 um dos pilares que sustentam o equil\u00edbrio fiscal em Itabira. O trabalho realizado pela administra\u00e7\u00e3o p\u00fablica, sob a dire\u00e7\u00e3o de Marco Ant\u00f4nio Lage, destaca a import\u00e2ncia de se ter uma abordagem planejada e estruturada em quest\u00f5es or\u00e7ament\u00e1rias. Isso significa mais do que apenas cortar custos; trata-se de implementar uma gest\u00e3o que busque maximizar a efici\u00eancia e a efic\u00e1cia dos servi\u00e7os p\u00fablicos.<\/p>\n<p>Uma das estrat\u00e9gias adotadas foi o fortalecimento das compet\u00eancias t\u00e9cnicas da administra\u00e7\u00e3o. A capacita\u00e7\u00e3o cont\u00ednua dos servidos p\u00fablicos e a ades\u00e3o a melhores pr\u00e1ticas de gest\u00e3o fiscal foram fundamentais para que Itabira conseguisse n\u00e3o apenas atender \u00e0s exig\u00eancias atuais, mas tamb\u00e9m prever futuros desafios e se preparar para mitig\u00e1-los.<\/p>\n<p>Al\u00e9m disso, a administra\u00e7\u00e3o tamb\u00e9m buscou envolvimento da comunidade para uma maior transpar\u00eancia nas a\u00e7\u00f5es fiscais. Isso \u00e9 realizado por meio da cria\u00e7\u00e3o de mecanismos que permitem que os cidad\u00e3os acompanhem e participem das decis\u00f5es or\u00e7ament\u00e1rias, garantindo que a gest\u00e3o dos recursos p\u00fablicos esteja alinhada com as expectativas e necessidades da popula\u00e7\u00e3o.<\/p>\n<p style=\"font-weight:bold;\">Assim, a gest\u00e3o financeira respons\u00e1vel e transparente em Itabira se torna um exemplo positivo, mostrando que com planejamento e compromisso, \u00e9 poss\u00edvel alcan\u00e7ar um equil\u00edbrio fiscal mesmo diante de um cen\u00e1rio adverso.<\/p>\n<h2>Corte de Gastos: Um Caminho Necess\u00e1rio<\/h2>\n<p>Os cortes de gastos s\u00e3o frequentemente considerados uma medida dr\u00e1stica, mas em situa\u00e7\u00f5es de crise fiscal, como a vivida por muitos munic\u00edpios brasileiros, tornam-se uma necessida. Em Itabira, o prefeito Marco Ant\u00f4nio Lage deixou claro que essa decis\u00e3o n\u00e3o foi apenas uma quest\u00e3o de necessidade econ\u00f4mica, mas uma oportunidade de promover uma gest\u00e3o mais eficiente e respons\u00e1vel.<\/p>\n<p>O corte de 30% nas despesas municipais, decidido em 2025, revelou-se uma estrat\u00e9gia eficaz e fundamental para garantir a sa\u00fade fiscal do municipio. Lage compara essa pr\u00e1tica \u00e0 manuten\u00e7\u00e3o de lares e empresas, onde a vigil\u00e2ncia constante sobre os gastos \u00e9 essencial para evitar surpresas financeiras.<\/p>\n<p>O que se observou em Itabira, ap\u00f3s a implementa\u00e7\u00e3o desse corte, foi uma substancial melhora no controle or\u00e7ament\u00e1rio. A administra\u00e7\u00e3o conseguiu reavaliar quais gastos eram, de fato, essenciais e quais poderiam ser considerados sup\u00e9rfluos. De acordo com o prefeito, essa reavalia\u00e7\u00e3o levou \u00e0 descoberta de desperd\u00edcios e inefici\u00eancias que n\u00e3o eram percebidos antes, permitindo a elimina\u00e7\u00e3o de despesas desnecess\u00e1rias.<\/p>\n<p style=\"font-weight:bold;\">Vale ressaltar que o corte de gastos n\u00e3o implica apenas em reduzir investimento; ao contr\u00e1rio, em Itabira, foi uma maneira de redirecionar recursos para \u00e1reas que realmente necessitam de mais aten\u00e7\u00e3o e investimento, garantindo que servi\u00e7os essenciais continuem a funcionar adequadamente e que a popula\u00e7\u00e3o n\u00e3o sinta o impacto negativo dessas medidas.<\/p>\n<h2>Comparativo entre Munic\u00edpios<\/h2>\n<p>A situa\u00e7\u00e3o fiscal de Itabira se contrasta fortemente com a de outros munic\u00edpios em Minas Gerais e em todo Brasil. Enquanto a m\u00e9dia nacional indica que muitos munic\u00edpios enfrentam s\u00e9rios problemas fiscais, Itabira se destaca como um exemplo positivo, navegando a tempestade financeira com prud\u00eancia e responsabilidade.<\/p>\n<p>Dados da Associa\u00e7\u00e3o Mineira de Munic\u00edpios (AMM) mostram que cerca de 30% das cidades em Minas Gerais fecham o ano com d\u00e9ficit. Em contraste, Itabira se posiciona como um munic\u00edpio que, apesar da press\u00e3o externa e do aumento das responsabilidades, conseguiu administrar sua economia de maneira a evitar esses resultados negativos.<\/p>\n<p>A compara\u00e7\u00e3o entre Itabira e outros munic\u00edpios \u00e9 reveladora. Muitas dessas cidades, que apresentam d\u00e9ficits significativos, t\u00eam sido for\u00e7adas a aumentar impostos, cortar servi\u00e7os essenciais ou at\u00e9 mesmo recorrer a empr\u00e9stimos emergenciais. Isso, por sua vez, pode criar um ciclo vicioso de endividamento e deteriora\u00e7\u00e3o da qualidade dos servi\u00e7os oferecidos \u00e0 popula\u00e7\u00e3o.<\/p>\n<p style=\"font-weight:bold;\">O desafio enfrentado por munic\u00edpios em crise n\u00e3o reside apenas na gest\u00e3o do presente, mas na capacidade de garantir um futuro sustent\u00e1vel. Assim, a resili\u00eancia econ\u00f4mica de Itabira torna-se ainda mais evidente, ao demonstrar que, com boas pr\u00e1ticas de gest\u00e3o e uma abordagem respons\u00e1vel, \u00e9 poss\u00edvel enfrentar crises fiscais e sair mais fortalecido delas.<\/p>\n<h2>Seguran\u00e7a e Bem-Estar da Popula\u00e7\u00e3o<\/h2>\n<p>A seguran\u00e7a e o bem-estar da popula\u00e7\u00e3o s\u00e3o, sem d\u00favida, as principais prioridades de qualquer administra\u00e7\u00e3o p\u00fablica. Em Itabira, a gest\u00e3o fiscal equilibrada tem resultado em investimentos que visam garantir a seguran\u00e7a e o bem-estar dos cidad\u00e3os. Marco Ant\u00f4nio Lage e sua equipe t\u00eam priorizado situa\u00e7\u00f5es que possam melhorar a vida dos moradores, apesar das dificuldades financeiras enfrentadas por muitos munic\u00edpios.<\/p>\n<p>A seguran\u00e7a p\u00fablica, que se tornou uma preocupa\u00e7\u00e3o crescente em muitas cidades brasileiras, em Itabira, se mant\u00e9m como um dos pilares principais das pol\u00edticas adotadas. Embora o munic\u00edpio assuma custos que v\u00e3o al\u00e9m de sua responsabilidade oficial, o investimento em seguran\u00e7a se justifica pela necessidade de garantir vidas e proteger o patrim\u00f4nio da popula\u00e7\u00e3o.<\/p>\n<p>A administra\u00e7\u00e3o de Itabira tem trabalhado n\u00e3o apenas para aumentar o efetivo e os recursos da seguran\u00e7a p\u00fablica, mas tamb\u00e9m para implementar pol\u00edticas que promovam a preven\u00e7\u00e3o. Programas que envolvem a comunidade e a\u00e7\u00f5es educativas se mostraram eficazes na redu\u00e7\u00e3o da criminalidade e na melhoria da qualidade de vida local.<\/p>\n<p style=\"font-weight:bold;\">Al\u00e9m disso, \u00e9 importante ressaltar que um munic\u00edpio fiscalmente equilibrado, como Itabira, pode mobilizar recursos para garantir acesso a servi\u00e7os de sa\u00fade, educa\u00e7\u00e3o e assist\u00eancia social de qualidade, todos fundamentais para o bem-estar da popula\u00e7\u00e3o. A gest\u00e3o respons\u00e1vel se reflete diretamente na melhoria da vida dos cidad\u00e3os, tornando-os mais seguros e satisfeitos com os servi\u00e7os p\u00fablicos oferecidos.<\/p>\n<h2>O Que Esperar para 2026?<\/h2>\n<p>O olhar para o futuro \u00e9 sempre permeado por desafios e oportunidades. No contexto de Itabira, a perspectiva para 2026 \u00e9 de continuidade nas a\u00e7\u00f5es que v\u00eam sendo implementadas nos \u00faltimos anos. Marco Ant\u00f4nio Lage j\u00e1 anunciou que se manter\u00e1 o foco na austeridade fiscal, mas com a certeza de que ser\u00e1 poss\u00edvel garantir a oferta de servi\u00e7os indispens\u00e1veis \u00e0 popula\u00e7\u00e3o.<\/p>\n<p>O planejamento para o pr\u00f3ximo ano inclui a continuidade da reavalia\u00e7\u00e3o das despesas, garantindo que cada recurso seja utilizado da melhor forma poss\u00edvel. Al\u00e9m disso, uma das metas definidas pela administra\u00e7\u00e3o \u00e9 a preserva\u00e7\u00e3o dos investimentos sociais, essencial para garantir que a qualidade de vida dos cidad\u00e3os n\u00e3o seja comprometida.<\/p>\n<p>Um dos maiores desafios que Itabira poder\u00e1 enfrentar em 2026 \u00e9 a manuten\u00e7\u00e3o do equil\u00edbrio fiscal em um cen\u00e1rio em que as demandas sociais crescem. O prefeito mencionou que as mudan\u00e7as nas leis federais e estaduais podem trazer novos desafios, portanto a administra\u00e7\u00e3o precisa se manter atenta e \u00e1gil para responder a essas novas exig\u00eancias.<\/p>\n<p style=\"font-weight:bold;\">Assim, a expectativa para 2026 \u00e9 de que Itabira continue como um exemplo de gest\u00e3o respons\u00e1vel e sustent\u00e1vel, fortalecendo seus pilares e criando um ambiente prop\u00edcio para o desenvolvimento e bem-estar de seus cidad\u00e3os.<\/p>\n<h2>Eventos e Impactos Futuros<\/h2>\n<p>O discurso sobre equil\u00edbrio fiscal e responsabilidade na gest\u00e3o p\u00fablica n\u00e3o se limita ao atual cen\u00e1rio, mas tamb\u00e9m deve ser visto em uma perspectiva de longo prazo. Em Itabira, a administra\u00e7\u00e3o de Marco Ant\u00f4nio Lage demonstra que cada a\u00e7\u00e3o realizada hoje tem impactos diretos no futuro da cidade e sua popula\u00e7\u00e3o.<\/p>\n<p>Um ponto importante a ser destacado \u00e9 o envolvimento da comunidade nos eventos e a\u00e7\u00f5es que promovem a transpar\u00eancia e a participa\u00e7\u00e3o cidad\u00e3. Quando os cidad\u00e3os se sentem parte do processo, as iniciativas t\u00eam maior chance de sucesso e cria\u00e7\u00e3o de um legado positivo para gera\u00e7\u00f5es futuras.<\/p>\n<p>Al\u00e9m disso, a combina\u00e7\u00e3o de boa gest\u00e3o fiscal com a promo\u00e7\u00e3o do desenvolvimento sustent\u00e1vel poder\u00e1 levar Itabira a se destacar ainda mais no cen\u00e1rio regional. Iniciativas voltadas para a sustentabilidade e efetividade na aplica\u00e7\u00e3o de recursos trazem benef\u00edcios n\u00e3o apenas econ\u00f4micos, mas tamb\u00e9m ambientais e sociais.<\/p>\n<p style=\"font-weight:bold;\">Assim, ao olhar para o futuro, Itabira se posiciona como um modelo a ser seguido, onde cada decis\u00e3o e cada investimento s\u00e3o pensados considerando seu impacto a longo prazo, reafirmando o compromisso com uma gest\u00e3o p\u00fablica que prezam pelo bem-estar da popula\u00e7\u00e3o.<\/p>\n<h2>A Import\u00e2ncia do Equil\u00edbrio Fiscal<\/h2>\n<p>O equil\u00edbrio fiscal \u00e9 uma condi\u00e7\u00e3o essencial para que os munic\u00edpios possam garantir a qualidade dos servi\u00e7os p\u00fablicos e promover melhorias na vida da popula\u00e7\u00e3o. Como demonstrado no caso de Itabira, uma gest\u00e3o consciente e planejada \u00e9 capaz de transformar desafios em oportunidades.<\/p>\n<p>Al\u00e9m do aspecto econ\u00f4mico, o equil\u00edbrio fiscal tamb\u00e9m est\u00e1 diretamente relacionado \u00e0 \u00e9tica e \u00e0 transpar\u00eancia na administra\u00e7\u00e3o p\u00fablica. Municipalidades que trabalham para garantir uma situa\u00e7\u00e3o financeira est\u00e1vel, est\u00e3o tamb\u00e9m comprometidas com a entrega de resultados e servi\u00e7os que atendam \u00e0s necessidades dos cidad\u00e3os.<\/p>\n<p>Por fim, ao ter um or\u00e7amento equilibrado, os munic\u00edpios t\u00eam maior liberdade para investir em \u00e1reas que realmente impactam a vida das pessoas. Isso tem um efeito cascata, pois a satisfa\u00e7\u00e3o da popula\u00e7\u00e3o em rela\u00e7\u00e3o ao seu governo e aos servi\u00e7os prestados resulta em maior participa\u00e7\u00e3o cidad\u00e3 e engajamento com as pol\u00edticas p\u00fablicas.<\/p>\n<p style=\"font-weight:bold;\">O exemplo de Itabira ilustra que \u00e9 poss\u00edvel enfrentar desafios fiscais com responsabilidade e que outras cidades podem aprender com essa experi\u00eancia, buscando sempre o equil\u00edbrio que \u00e9 a chave para o desenvolvimento sustent\u00e1vel e a promo\u00e7\u00e3o do bem-estar social.<\/p>\n","protected":false},"excerpt":{"rendered":"<p>Itabira se prepara para fechar 2025 em equil\u00edbrio fiscal, garante prefeito.<\/p>\n","protected":false},"author":1,"featured_media":5098,"comment_status":"open","ping_status":"open","sticky":false,"template":"","format":"standard","meta":{"footnotes":""},"categories":[5],"tags":[],"class_list":["post-5099","post","type-post","status-publish","format-standard","has-post-thumbnail","hentry","category-noticias","has_thumb"],"yoast_head":"<!-- This site is optimized with the Yoast SEO plugin v28.1 - https:\/\/yoast.com\/product\/yoast-seo-wordpress\/ -->\n<title>Marco Ant\u00f4nio Lage afirma que Itabira fechar\u00e1 2025 em equil\u00edbrio fiscal | Guia Comercial de Itabira MG<\/title>\n<meta name=\"robots\" content=\"index, follow, max-snippet:-1, max-image-preview:large, max-video-preview:-1\" \/>\n<link rel=\"canonical\" href=\"https:\/\/www.encontraminasgerais.com.br\/itabira\/marco-antonio-lage-afirma-que-itabira-fechara-2025-em-equilibrio-fiscal\/\" \/>\n<meta property=\"og:locale\" content=\"pt_BR\" \/>\n<meta property=\"og:type\" content=\"article\" \/>\n<meta property=\"og:title\" content=\"Marco Ant\u00f4nio Lage afirma que Itabira fechar\u00e1 2025 em equil\u00edbrio fiscal | Guia Comercial de Itabira MG\" \/>\n<meta property=\"og:description\" content=\"Itabira se prepara para fechar 2025 em equil\u00edbrio fiscal, garante prefeito.\" \/>\n<meta property=\"og:url\" content=\"https:\/\/www.encontraminasgerais.com.br\/itabira\/marco-antonio-lage-afirma-que-itabira-fechara-2025-em-equilibrio-fiscal\/\" \/>\n<meta property=\"og:site_name\" content=\"Guia Comercial de Itabira MG\" \/>\n<meta property=\"article:published_time\" content=\"2025-12-30T10:36:00+00:00\" \/>\n<meta property=\"og:image\" content=\"https:\/\/www.encontraminasgerais.com.br\/itabira\/wp-content\/uploads\/2025\/12\/marco-antonio-lage-afirma-que-itabira-fechara-2025-em-equilibrio-fiscal.webp\" \/>\n<meta name=\"author\" content=\"Encontra Itabira\" \/>\n<meta name=\"twitter:card\" content=\"summary_large_image\" \/>\n<meta name=\"twitter:label1\" content=\"Escrito por\" \/>\n\t<meta name=\"twitter:data1\" content=\"Encontra Itabira\" \/>\n\t<meta name=\"twitter:label2\" content=\"Est. tempo de leitura\" \/>\n\t<meta name=\"twitter:data2\" content=\"12 minutos\" \/>\n<script type=\"application\/ld+json\" class=\"yoast-schema-graph\">{\"@context\":\"https:\\\/\\\/schema.org\",\"@graph\":[{\"@type\":\"Article\",\"@id\":\"https:\\\/\\\/www.encontraminasgerais.com.br\\\/itabira\\\/marco-antonio-lage-afirma-que-itabira-fechara-2025-em-equilibrio-fiscal\\\/#article\",\"isPartOf\":{\"@id\":\"https:\\\/\\\/www.encontraminasgerais.com.br\\\/itabira\\\/marco-antonio-lage-afirma-que-itabira-fechara-2025-em-equilibrio-fiscal\\\/\"},\"author\":{\"name\":\"Encontra Itabira\",\"@id\":\"https:\\\/\\\/www.encontraminasgerais.com.br\\\/itabira\\\/#\\\/schema\\\/person\\\/9ae8a8f5ce59322c92e2499b550870b0\"},\"headline\":\"Marco Ant\u00f4nio Lage afirma que Itabira fechar\u00e1 2025 em equil\u00edbrio fiscal\",\"datePublished\":\"2025-12-30T10:36:00+00:00\",\"mainEntityOfPage\":{\"@id\":\"https:\\\/\\\/www.encontraminasgerais.com.br\\\/itabira\\\/marco-antonio-lage-afirma-que-itabira-fechara-2025-em-equilibrio-fiscal\\\/\"},\"wordCount\":2445,\"commentCount\":0,\"image\":{\"@id\":\"https:\\\/\\\/www.encontraminasgerais.com.br\\\/itabira\\\/marco-antonio-lage-afirma-que-itabira-fechara-2025-em-equilibrio-fiscal\\\/#primaryimage\"},\"thumbnailUrl\":\"https:\\\/\\\/www.encontraminasgerais.com.br\\\/itabira\\\/wp-content\\\/uploads\\\/2025\\\/12\\\/marco-antonio-lage-afirma-que-itabira-fechara-2025-em-equilibrio-fiscal.webp\",\"articleSection\":[\"Not\u00edcias Itabira\"],\"inLanguage\":\"pt-BR\",\"potentialAction\":[{\"@type\":\"CommentAction\",\"name\":\"Comment\",\"target\":[\"https:\\\/\\\/www.encontraminasgerais.com.br\\\/itabira\\\/marco-antonio-lage-afirma-que-itabira-fechara-2025-em-equilibrio-fiscal\\\/#respond\"]}]},{\"@type\":\"WebPage\",\"@id\":\"https:\\\/\\\/www.encontraminasgerais.com.br\\\/itabira\\\/marco-antonio-lage-afirma-que-itabira-fechara-2025-em-equilibrio-fiscal\\\/\",\"url\":\"https:\\\/\\\/www.encontraminasgerais.com.br\\\/itabira\\\/marco-antonio-lage-afirma-que-itabira-fechara-2025-em-equilibrio-fiscal\\\/\",\"name\":\"Marco Ant\u00f4nio Lage afirma que Itabira fechar\u00e1 2025 em equil\u00edbrio fiscal | Guia Comercial de Itabira MG\",\"isPartOf\":{\"@id\":\"https:\\\/\\\/www.encontraminasgerais.com.br\\\/itabira\\\/#website\"},\"primaryImageOfPage\":{\"@id\":\"https:\\\/\\\/www.encontraminasgerais.com.br\\\/itabira\\\/marco-antonio-lage-afirma-que-itabira-fechara-2025-em-equilibrio-fiscal\\\/#primaryimage\"},\"image\":{\"@id\":\"https:\\\/\\\/www.encontraminasgerais.com.br\\\/itabira\\\/marco-antonio-lage-afirma-que-itabira-fechara-2025-em-equilibrio-fiscal\\\/#primaryimage\"},\"thumbnailUrl\":\"https:\\\/\\\/www.encontraminasgerais.com.br\\\/itabira\\\/wp-content\\\/uploads\\\/2025\\\/12\\\/marco-antonio-lage-afirma-que-itabira-fechara-2025-em-equilibrio-fiscal.webp\",\"datePublished\":\"2025-12-30T10:36:00+00:00\",\"author\":{\"@id\":\"https:\\\/\\\/www.encontraminasgerais.com.br\\\/itabira\\\/#\\\/schema\\\/person\\\/9ae8a8f5ce59322c92e2499b550870b0\"},\"inLanguage\":\"pt-BR\",\"potentialAction\":[{\"@type\":\"ReadAction\",\"target\":[\"https:\\\/\\\/www.encontraminasgerais.com.br\\\/itabira\\\/marco-antonio-lage-afirma-que-itabira-fechara-2025-em-equilibrio-fiscal\\\/\"]}]},{\"@type\":\"ImageObject\",\"inLanguage\":\"pt-BR\",\"@id\":\"https:\\\/\\\/www.encontraminasgerais.com.br\\\/itabira\\\/marco-antonio-lage-afirma-que-itabira-fechara-2025-em-equilibrio-fiscal\\\/#primaryimage\",\"url\":\"https:\\\/\\\/www.encontraminasgerais.com.br\\\/itabira\\\/wp-content\\\/uploads\\\/2025\\\/12\\\/marco-antonio-lage-afirma-que-itabira-fechara-2025-em-equilibrio-fiscal.webp\",\"contentUrl\":\"https:\\\/\\\/www.encontraminasgerais.com.br\\\/itabira\\\/wp-content\\\/uploads\\\/2025\\\/12\\\/marco-antonio-lage-afirma-que-itabira-fechara-2025-em-equilibrio-fiscal.webp\",\"width\":320,\"height\":280,\"caption\":\"equil\u00edbrio fiscal Itabira\"},{\"@type\":\"WebSite\",\"@id\":\"https:\\\/\\\/www.encontraminasgerais.com.br\\\/itabira\\\/#website\",\"url\":\"https:\\\/\\\/www.encontraminasgerais.com.br\\\/itabira\\\/\",\"name\":\"Guia Comercial de Itabira MG\",\"description\":\"ENCONTRA ITABIRA - O guia comercial de neg\u00f3cios e empresas, cultura e divers\u00e3o na cidade de Itabira. Feito 100% para voc\u00ea morador!\",\"potentialAction\":[{\"@type\":\"SearchAction\",\"target\":{\"@type\":\"EntryPoint\",\"urlTemplate\":\"https:\\\/\\\/www.encontraminasgerais.com.br\\\/itabira\\\/?s={search_term_string}\"},\"query-input\":{\"@type\":\"PropertyValueSpecification\",\"valueRequired\":true,\"valueName\":\"search_term_string\"}}],\"inLanguage\":\"pt-BR\"},{\"@type\":\"Person\",\"@id\":\"https:\\\/\\\/www.encontraminasgerais.com.br\\\/itabira\\\/#\\\/schema\\\/person\\\/9ae8a8f5ce59322c92e2499b550870b0\",\"name\":\"Encontra Itabira\",\"image\":{\"@type\":\"ImageObject\",\"inLanguage\":\"pt-BR\",\"@id\":\"https:\\\/\\\/secure.gravatar.com\\\/avatar\\\/c50c17820bcf322f0a8fd6b110b8c0918141409dc69076470f6fca5fee70a5d4?s=96&d=mm&r=g\",\"url\":\"https:\\\/\\\/secure.gravatar.com\\\/avatar\\\/c50c17820bcf322f0a8fd6b110b8c0918141409dc69076470f6fca5fee70a5d4?s=96&d=mm&r=g\",\"contentUrl\":\"https:\\\/\\\/secure.gravatar.com\\\/avatar\\\/c50c17820bcf322f0a8fd6b110b8c0918141409dc69076470f6fca5fee70a5d4?s=96&d=mm&r=g\",\"caption\":\"Encontra Itabira\"},\"url\":\"https:\\\/\\\/www.encontraminasgerais.com.br\\\/itabira\\\/author\\\/encontraitabira\\\/\"}]}<\/script>\n<!-- \/ Yoast SEO plugin. -->","yoast_head_json":{"title":"Marco Ant\u00f4nio Lage afirma que Itabira fechar\u00e1 2025 em equil\u00edbrio fiscal | Guia Comercial de Itabira MG","robots":{"index":"index","follow":"follow","max-snippet":"max-snippet:-1","max-image-preview":"max-image-preview:large","max-video-preview":"max-video-preview:-1"},"canonical":"https:\/\/www.encontraminasgerais.com.br\/itabira\/marco-antonio-lage-afirma-que-itabira-fechara-2025-em-equilibrio-fiscal\/","og_locale":"pt_BR","og_type":"article","og_title":"Marco Ant\u00f4nio Lage afirma que Itabira fechar\u00e1 2025 em equil\u00edbrio fiscal | Guia Comercial de Itabira MG","og_description":"Itabira se prepara para fechar 2025 em equil\u00edbrio fiscal, garante prefeito.","og_url":"https:\/\/www.encontraminasgerais.com.br\/itabira\/marco-antonio-lage-afirma-que-itabira-fechara-2025-em-equilibrio-fiscal\/","og_site_name":"Guia Comercial de Itabira MG","article_published_time":"2025-12-30T10:36:00+00:00","og_image":[{"url":"https:\/\/www.encontraminasgerais.com.br\/itabira\/wp-content\/uploads\/2025\/12\/marco-antonio-lage-afirma-que-itabira-fechara-2025-em-equilibrio-fiscal.webp","type":"","width":"","height":""}],"author":"Encontra Itabira","twitter_card":"summary_large_image","twitter_misc":{"Escrito por":"Encontra Itabira","Est. tempo de leitura":"12 minutos"},"schema":{"@context":"https:\/\/schema.org","@graph":[{"@type":"Article","@id":"https:\/\/www.encontraminasgerais.com.br\/itabira\/marco-antonio-lage-afirma-que-itabira-fechara-2025-em-equilibrio-fiscal\/#article","isPartOf":{"@id":"https:\/\/www.encontraminasgerais.com.br\/itabira\/marco-antonio-lage-afirma-que-itabira-fechara-2025-em-equilibrio-fiscal\/"},"author":{"name":"Encontra Itabira","@id":"https:\/\/www.encontraminasgerais.com.br\/itabira\/#\/schema\/person\/9ae8a8f5ce59322c92e2499b550870b0"},"headline":"Marco Ant\u00f4nio Lage afirma que Itabira fechar\u00e1 2025 em equil\u00edbrio fiscal","datePublished":"2025-12-30T10:36:00+00:00","mainEntityOfPage":{"@id":"https:\/\/www.encontraminasgerais.com.br\/itabira\/marco-antonio-lage-afirma-que-itabira-fechara-2025-em-equilibrio-fiscal\/"},"wordCount":2445,"commentCount":0,"image":{"@id":"https:\/\/www.encontraminasgerais.com.br\/itabira\/marco-antonio-lage-afirma-que-itabira-fechara-2025-em-equilibrio-fiscal\/#primaryimage"},"thumbnailUrl":"https:\/\/www.encontraminasgerais.com.br\/itabira\/wp-content\/uploads\/2025\/12\/marco-antonio-lage-afirma-que-itabira-fechara-2025-em-equilibrio-fiscal.webp","articleSection":["Not\u00edcias Itabira"],"inLanguage":"pt-BR","potentialAction":[{"@type":"CommentAction","name":"Comment","target":["https:\/\/www.encontraminasgerais.com.br\/itabira\/marco-antonio-lage-afirma-que-itabira-fechara-2025-em-equilibrio-fiscal\/#respond"]}]},{"@type":"WebPage","@id":"https:\/\/www.encontraminasgerais.com.br\/itabira\/marco-antonio-lage-afirma-que-itabira-fechara-2025-em-equilibrio-fiscal\/","url":"https:\/\/www.encontraminasgerais.com.br\/itabira\/marco-antonio-lage-afirma-que-itabira-fechara-2025-em-equilibrio-fiscal\/","name":"Marco Ant\u00f4nio Lage afirma que Itabira fechar\u00e1 2025 em equil\u00edbrio fiscal | Guia Comercial de Itabira MG","isPartOf":{"@id":"https:\/\/www.encontraminasgerais.com.br\/itabira\/#website"},"primaryImageOfPage":{"@id":"https:\/\/www.encontraminasgerais.com.br\/itabira\/marco-antonio-lage-afirma-que-itabira-fechara-2025-em-equilibrio-fiscal\/#primaryimage"},"image":{"@id":"https:\/\/www.encontraminasgerais.com.br\/itabira\/marco-antonio-lage-afirma-que-itabira-fechara-2025-em-equilibrio-fiscal\/#primaryimage"},"thumbnailUrl":"https:\/\/www.encontraminasgerais.com.br\/itabira\/wp-content\/uploads\/2025\/12\/marco-antonio-lage-afirma-que-itabira-fechara-2025-em-equilibrio-fiscal.webp","datePublished":"2025-12-30T10:36:00+00:00","author":{"@id":"https:\/\/www.encontraminasgerais.com.br\/itabira\/#\/schema\/person\/9ae8a8f5ce59322c92e2499b550870b0"},"inLanguage":"pt-BR","potentialAction":[{"@type":"ReadAction","target":["https:\/\/www.encontraminasgerais.com.br\/itabira\/marco-antonio-lage-afirma-que-itabira-fechara-2025-em-equilibrio-fiscal\/"]}]},{"@type":"ImageObject","inLanguage":"pt-BR","@id":"https:\/\/www.encontraminasgerais.com.br\/itabira\/marco-antonio-lage-afirma-que-itabira-fechara-2025-em-equilibrio-fiscal\/#primaryimage","url":"https:\/\/www.encontraminasgerais.com.br\/itabira\/wp-content\/uploads\/2025\/12\/marco-antonio-lage-afirma-que-itabira-fechara-2025-em-equilibrio-fiscal.webp","contentUrl":"https:\/\/www.encontraminasgerais.com.br\/itabira\/wp-content\/uploads\/2025\/12\/marco-antonio-lage-afirma-que-itabira-fechara-2025-em-equilibrio-fiscal.webp","width":320,"height":280,"caption":"equil\u00edbrio fiscal Itabira"},{"@type":"WebSite","@id":"https:\/\/www.encontraminasgerais.com.br\/itabira\/#website","url":"https:\/\/www.encontraminasgerais.com.br\/itabira\/","name":"Guia Comercial de Itabira MG","description":"ENCONTRA ITABIRA - O guia comercial de neg\u00f3cios e empresas, cultura e divers\u00e3o na cidade de Itabira. Feito 100% para voc\u00ea morador!","potentialAction":[{"@type":"SearchAction","target":{"@type":"EntryPoint","urlTemplate":"https:\/\/www.encontraminasgerais.com.br\/itabira\/?s={search_term_string}"},"query-input":{"@type":"PropertyValueSpecification","valueRequired":true,"valueName":"search_term_string"}}],"inLanguage":"pt-BR"},{"@type":"Person","@id":"https:\/\/www.encontraminasgerais.com.br\/itabira\/#\/schema\/person\/9ae8a8f5ce59322c92e2499b550870b0","name":"Encontra Itabira","image":{"@type":"ImageObject","inLanguage":"pt-BR","@id":"https:\/\/secure.gravatar.com\/avatar\/c50c17820bcf322f0a8fd6b110b8c0918141409dc69076470f6fca5fee70a5d4?s=96&d=mm&r=g","url":"https:\/\/secure.gravatar.com\/avatar\/c50c17820bcf322f0a8fd6b110b8c0918141409dc69076470f6fca5fee70a5d4?s=96&d=mm&r=g","contentUrl":"https:\/\/secure.gravatar.com\/avatar\/c50c17820bcf322f0a8fd6b110b8c0918141409dc69076470f6fca5fee70a5d4?s=96&d=mm&r=g","caption":"Encontra Itabira"},"url":"https:\/\/www.encontraminasgerais.com.br\/itabira\/author\/encontraitabira\/"}]}},"_links":{"self":[{"href":"https:\/\/www.encontraminasgerais.com.br\/itabira\/wp-json\/wp\/v2\/posts\/5099","targetHints":{"allow":["GET"]}}],"collection":[{"href":"https:\/\/www.encontraminasgerais.com.br\/itabira\/wp-json\/wp\/v2\/posts"}],"about":[{"href":"https:\/\/www.encontraminasgerais.com.br\/itabira\/wp-json\/wp\/v2\/types\/post"}],"author":[{"embeddable":true,"href":"https:\/\/www.encontraminasgerais.com.br\/itabira\/wp-json\/wp\/v2\/users\/1"}],"replies":[{"embeddable":true,"href":"https:\/\/www.encontraminasgerais.com.br\/itabira\/wp-json\/wp\/v2\/comments?post=5099"}],"version-history":[{"count":0,"href":"https:\/\/www.encontraminasgerais.com.br\/itabira\/wp-json\/wp\/v2\/posts\/5099\/revisions"}],"wp:featuredmedia":[{"embeddable":true,"href":"https:\/\/www.encontraminasgerais.com.br\/itabira\/wp-json\/wp\/v2\/media\/5098"}],"wp:attachment":[{"href":"https:\/\/www.encontraminasgerais.com.br\/itabira\/wp-json\/wp\/v2\/media?parent=5099"}],"wp:term":[{"taxonomy":"category","embeddable":true,"href":"https:\/\/www.encontraminasgerais.com.br\/itabira\/wp-json\/wp\/v2\/categories?post=5099"},{"taxonomy":"post_tag","embeddable":true,"href":"https:\/\/www.encontraminasgerais.com.br\/itabira\/wp-json\/wp\/v2\/tags?post=5099"}],"curies":[{"name":"wp","href":"https:\/\/api.w.org\/{rel}","templated":true}]}}