{"id":5104,"date":"2026-01-08T13:38:45","date_gmt":"2026-01-08T16:38:45","guid":{"rendered":"https:\/\/www.encontraminasgerais.com.br\/itabira\/papa-leao-xiv-nomeia-novo-arcebispo-de-juiz-de-fora\/"},"modified":"2026-01-08T13:38:45","modified_gmt":"2026-01-08T16:38:45","slug":"papa-leao-xiv-nomeia-novo-arcebispo-de-juiz-de-fora","status":"publish","type":"post","link":"https:\/\/www.encontraminasgerais.com.br\/itabira\/papa-leao-xiv-nomeia-novo-arcebispo-de-juiz-de-fora\/","title":{"rendered":"Papa Le\u00e3o XIV nomeia novo arcebispo de Juiz de Fora"},"content":{"rendered":"<h2>Perfil de Dom Marco Aur\u00e9lio Gubiotti<\/h2>\n<p>Dom Marco Aur\u00e9lio Gubiotti \u00e9 um nome que ressoa com respeito e admira\u00e7\u00e3o no cen\u00e1rio religioso brasileiro. Nascido em 21 de outubro de 1963, em Ouro Fino, Minas Gerais, ele carrega consigo uma trajet\u00f3ria de dedica\u00e7\u00e3o e compromisso ao longo de sua vida. Tamb\u00e9m \u00e9 importante observar que ele pertence \u00e0 Arquidiocese de Pouso Alegre, onde cresceu e se formou, se preparando para um papel significativo na Igreja Cat\u00f3lica.<\/p>\n<p>Iniciou seus estudos de filosofia no Semin\u00e1rio Arquidiocesano Nossa Senhora Auxiliadora, em Pouso Alegre, e posteriormente aprofundou seus conhecimentos em Teologia na Faculdade Dehoniana, em Taubat\u00e9, SP. Ao longo de sua forma\u00e7\u00e3o acad\u00eamica, Dom Marco Aur\u00e9lio n\u00e3o apenas absorveu conhecimento, mas tamb\u00e9m desenvolveu uma forte compreens\u00e3o das quest\u00f5es filos\u00f3ficas e teol\u00f3gicas que cercam a vida religiosa e a pr\u00e1tica pastoral.<\/p>\n<p>Ordenado sacerdote em 14 de janeiro de 1989, Dom Gubiotti come\u00e7ou sua jornada no servi\u00e7o pastoral. Ele atuou em diversas par\u00f3quias, incluindo S\u00e3o Caetano em Braz\u00f3polis, Santo Ant\u00f4nio em Jacutinga, e Nossa Senhora de F\u00e1tima em Santa Rita do Sapuca\u00ed. Sua experi\u00eancia pr\u00e1tica na lideran\u00e7a das comunidades eclesiais foi fundamental para moldar sua abordagem pastoral, diferente e inclusiva, focando no bem-estar espiritual e social de seus paroquianos.<\/p>\n<p><img decoding=\"async\" src=\"https:\/\/www.encontraminasgerais.com.br\/itabira\/wp-content\/uploads\/2026\/01\/papa-leao-xiv-nomeia-novo-arcebispo-de-juiz-de-fora.webp\" alt=\"novo arcebispo de Juiz de Fora\" loading=\"lazy\" \/><\/p>\n<p>Em 2013, foi nomeado Bispo de Itabira-Fabriciano, onde sua lideran\u00e7a foi marcada por um forte foco na educa\u00e7\u00e3o e nos minist\u00e9rios sociais. Em cada uma dessas fun\u00e7\u00f5es, Dom Marco Aur\u00e9lio se destacou pela capacidade de unir as comunidades e promover um di\u00e1logo ativo entre os fi\u00e9is. Essa habilidade ser\u00e1, sem d\u00favida, uma grande mais-valia em sua nova posi\u00e7\u00e3o como arcebispo de Juiz de Fora.<\/p>\n<h2>A Import\u00e2ncia da Nomea\u00e7\u00e3o no Contexto Atual<\/h2>\n<p>A nomea\u00e7\u00e3o de Dom Marco Aur\u00e9lio Gubiotti como arcebispo de Juiz de Fora n\u00e3o \u00e9 apenas uma mudan\u00e7a de lideran\u00e7a; \u00e9 um desenvolvimento significativo para a Arquidiocese e a comunidade local. Essa transi\u00e7\u00e3o acontece em um momento cr\u00edtico, onde a Igreja enfrenta desafios contempor\u00e2neos, como a redu\u00e7\u00e3o da pr\u00e1tica religiosa e a necessidade de adapta\u00e7\u00e3o \u00e0s novas realidades sociais e culturais.<\/p>\n<p>Em tempos onde a f\u00e9 \u00e9 frequentemente questionada, a lideran\u00e7a de um arcebispo como Dom Marco \u00e9 vital. Seu compromisso com o di\u00e1logo, a inclus\u00e3o e a educa\u00e7\u00e3o s\u00e3o elementos essenciais para atrair a juventude e revitalizar a pr\u00e1tica da f\u00e9. Al\u00e9m disso, Dom Gubiotti \u00e9 conhecido por sua capacidade de se conectar com as comunidades, utilizando uma comunica\u00e7\u00e3o clara e acess\u00edvel, o que contribui para um ambiente acolhedor e receptivo \u00e0 problem\u00e1tica atual da Igreja.<\/p>\n<p>A sua nomea\u00e7\u00e3o tamb\u00e9m ocorre em um ano em que muitos l\u00edderes religiosos est\u00e3o sendo desafiados a repensar suas estrat\u00e9gias pastorais. Essa \u00e9 uma oportunidade para Dom Marco Aur\u00e9lio Gubiotti contribuir com uma vis\u00e3o inovadora e ajustes que atendam \u00e0s demandas dos tempos modernos, tornando a Igreja mais pr\u00f3xima das necessidades reais das suas comunidades.<\/p>\n<h2>Hist\u00f3rico da Arquidiocese de Juiz de Fora<\/h2>\n<p>A Arquidiocese de Juiz de Fora tem uma rica hist\u00f3ria que remonta a sua funda\u00e7\u00e3o em 1915. Desde ent\u00e3o, a diocese tem sido um centro importante para a f\u00e9 cat\u00f3lica em Minas Gerais, atuando em diversas \u00e1reas sociais, culturais e educacionais. Ao longo dos anos, a arquidiocese n\u00e3o apenas cresceu em n\u00famero de fi\u00e9is, mas tamb\u00e9m em comprometimento com a forma\u00e7\u00e3o e a pastoral.<\/p>\n<p>Juiz de Fora, como cidade, apresenta uma diversidade cultural e \u00e9tnica, refletindo uma popula\u00e7\u00e3o com m\u00faltiplas necessidades e aspira\u00e7\u00f5es. A Igreja tem um papel preponderante na promo\u00e7\u00e3o da justi\u00e7a social e na ajuda \u00e0s comunidades mais vulner\u00e1veis. A presen\u00e7a de institui\u00e7\u00f5es educacionais ligadas \u00e0 Igreja tamb\u00e9m ressalta a import\u00e2ncia da educa\u00e7\u00e3o cat\u00f3lica na forma\u00e7\u00e3o de indiv\u00edduos conscientes e comprometidos.<\/p>\n<p>O trabalho realizado pela arquidiocese ao longo dos anos tem sido fundamental para o fortalecimento da f\u00e9 e um melhor atendimento \u00e0s demandas sociais. Com a nova lideran\u00e7a de Dom Marco Aur\u00e9lio, espera-se que essa miss\u00e3o continue a se expandir, buscando novos caminhos para a evangeliza\u00e7\u00e3o e o trabalho social.<\/p>\n<h2>Rea\u00e7\u00e3o da Comunidade Religiosa<\/h2>\n<p>A nomea\u00e7\u00e3o de Dom Marco Aur\u00e9lio Gubiotti ao cargo de arcebispo de Juiz de Fora suscitou rea\u00e7\u00f5es amplamente positivas entre a comunidade religiosa. L\u00edderes religiosos, paroquianos e membros da Confer\u00eancia Nacional dos Bispos do Brasil (CNBB) expressaram sua alegria e esperan\u00e7a em rela\u00e7\u00e3o \u00e0 nova lideran\u00e7a.<\/p>\n<p>Dom Gubiotti \u00e9 bem conhecido por seu estilo pastoral pr\u00f3ximo e acess\u00edvel. Isso fez com que muitos na comunidade acreditassem que ele estaria bem posicionado para liderar a arquidiocese em tempos desafiadores. Sua capacidade de ouvir e dialogar \u00e9 muitas vezes mencionada como uma de suas qualidades mais valiosas.<\/p>\n<p>A CNBB, por meio de uma nota oficial, elogiou a nomea\u00e7\u00e3o, ressaltando o amor e a devo\u00e7\u00e3o de Dom Marco \u00e0 Igreja e \u00e0 sua comunidade. A expectativa \u00e9 que sua lideran\u00e7a traga novas e positivas mudan\u00e7as, al\u00e9m de fortalecer o trabalho pastoral j\u00e1 existente. A comunidade espera que ele promova iniciativas que incentivem o envolvimento e a participa\u00e7\u00e3o dos jovens, resgatando a proximidade com aqueles que se afastaram da Igreja.<\/p>\n<h2>O Caminho de Dom Marco na Igreja<\/h2>\n<p>O caminho de Dom Marco na Igreja \u00e9 marcado por um forte compromisso com a forma\u00e7\u00e3o teol\u00f3gica e pastoral, bem como uma \u00eanfase na educa\u00e7\u00e3o e a\u00e7\u00e3o social. Desde sua ordena\u00e7\u00e3o, ele se envolveu ativamente na forma\u00e7\u00e3o de seminaristas e na capacita\u00e7\u00e3o de l\u00edderes comunit\u00e1rios, uma faceta importante de sua atua\u00e7\u00e3o pastoral.<\/p>\n<p>Durante seu tempo como bispo de Itabira-Fabriciano, Dom Marco implementou diversas iniciativas voltadas para a juventude. Ele criou programas que incentivavam o envolvimento dos jovens na vida da Igreja, buscando novas metodologias para alcan\u00e7ar aqueles que se sentem desconectados da religi\u00e3o. Essa experi\u00eancia ser\u00e1 crucial em sua nova fun\u00e7\u00e3o, onde a revitaliza\u00e7\u00e3o pastoral \u00e9 uma prioridade.<\/p>\n<p>Al\u00e9m disso, Dom Marco sempre esteve atento \u00e0s quest\u00f5es sociais, promovendo a\u00e7\u00f5es em parceria com institui\u00e7\u00f5es locais e fortalecendo os la\u00e7os com a comunidade civil. Essa abordagem colaborativa, unindo Igreja e sociedade, pode resultar em influ\u00eancias positivas n\u00e3o apenas para os fi\u00e9is, mas para toda a comunidade de Juiz de Fora.<\/p>\n<h2>Desafios e Oportunidades para o Novo Arcebispo<\/h2>\n<p>Dom Marco Aur\u00e9lio Gubiotti assume seu novo cargo em um contexto repleto de desafios que exigem uma lideran\u00e7a firme e inovadora. Entre esses desafios, a redu\u00e7\u00e3o do n\u00famero de fi\u00e9is e a necessidade de revitaliza\u00e7\u00e3o das pr\u00e1ticas religiosas se destacam. Muitos jovens se distanciaram da Igreja, tornando-se imprescind\u00edvel encontrar novas formas de engajamento e conex\u00e3o com essa faixa et\u00e1ria.<\/p>\n<p>Al\u00e9m disso, a necessidade de abordar quest\u00f5es sociais, como a pobreza e a desigualdade, requer uma aten\u00e7\u00e3o especial por parte do arcebispo. Dom Marco tem um hist\u00f3rico significativo nessa \u00e1rea, o que pode ajud\u00e1-lo a identificar e implementar iniciativas eficazes que poder\u00e3o auxiliar comunidades vulner\u00e1veis e socialmente exclu\u00eddas.<\/p>\n<p>Por outro lado, as oportunidades s\u00e3o numerosas. A digitaliza\u00e7\u00e3o e as m\u00eddias sociais oferecem plataformas novas e inovadoras para evangeliza\u00e7\u00e3o e comunh\u00e3o. Dom Gubiotti pode utilizar essas ferramentas para alcan\u00e7ar novos p\u00fablicos e revitalizar a mensagem cat\u00f3lica, atraindo mais jovens e novos convertidos. Tanto o uso tradicional quanto o digital poder\u00e1 proporcionar uma nova dimens\u00e3o \u00e0 evangeliza\u00e7\u00e3o que \u00e9 necess\u00e1ria no mundo contempor\u00e2neo.<\/p>\n<h2>Contribui\u00e7\u00f5es Anteriores de Dom Gubiotti<\/h2>\n<p>Antes de ser nomeado arcebispo, Dom Marco Aur\u00e9lio Gubiotti j\u00e1 havia deixado sua marca em v\u00e1rias inst\u00e2ncias dentro da Igreja. Sua atua\u00e7\u00e3o como bispo de Itabira-Fabriciano foi marcada por um engajamento profundo com as quest\u00f5es sociais e um compromisso firme com o enriquecimento espiritual de sua diocese.<\/p>\n<p>Sob sua influ\u00eancia, diversas iniciativas voltadas para a forma\u00e7\u00e3o de lideran\u00e7as foram implementadas, incluindo cursos de forma\u00e7\u00e3o e grupos de estudo para leigos. Seu papel como professor e diretor em institui\u00e7\u00f5es educacionais tamb\u00e9m reflete sua dedica\u00e7\u00e3o \u00e0 educa\u00e7\u00e3o como caminho de transforma\u00e7\u00e3o social.<\/p>\n<p>Al\u00e9m disso, Dom Marco sempre esteve aberto ao di\u00e1logo ecum\u00eanico, promovendo a uni\u00e3o e o respeito entre diferentes denomina\u00e7\u00f5es e cren\u00e7as religiosas. Essa disposi\u00e7\u00e3o para dialogar \u00e9 fundamental em uma sociedade plural e pode se revelar como um ativo valioso em sua nova fun\u00e7\u00e3o.<\/p>\n<h2>Expectativas para o Futuro da Arquidiocese<\/h2>\n<p>As expectativas quanto ao futuro da Arquidiocese de Juiz de Fora sob a lideran\u00e7a de Dom Marco Aur\u00e9lio Gubiotti s\u00e3o altas. Espera-se que ele traga uma nova vis\u00e3o pastoral que atenda as realidades contempor\u00e2neas com uma abordagem envolvente e inclusiva.<\/p>\n<p>Com seu hist\u00f3rico de lideran\u00e7a e compromisso com a comunidade, muitos acreditam que ele promover\u00e1 um ambiente vibrante dentro da Arquidiocese, onde todos os fi\u00e9is possam se sentir acolhidos e ouvidos. As iniciativas voltadas para a juventude poder\u00e3o ser ampliadas, atrav\u00e9s de m\u00e9todos inovadores de evangeliza\u00e7\u00e3o que aproveitem as novas tecnologias e formas de comunica\u00e7\u00e3o.<\/p>\n<p>Al\u00e9m disso, a promo\u00e7\u00e3o de atividades e campanhas voltadas para assist\u00eancias sociais, educa\u00e7\u00e3o e acolhimento aos necessitados \u00e9 uma prioridade que muitos esperam ver florescer sob sua lideran\u00e7a. A comunidade aguarda a\u00e7\u00f5es efetivas que ofere\u00e7am suporte a grupos vulner\u00e1veis, assim como a atua\u00e7\u00e3o em prol da justi\u00e7a social e dos direitos humanos.<\/p>\n<h2>Notas de Agradecimento a Dom Gil Ant\u00f4nio Moreira<\/h2>\n<p>A sa\u00edda de Dom Gil Ant\u00f4nio Moreira, que se torna arcebispo em\u00e9rito, marca o fim de uma era para a Arquidiocese de Juiz de Fora. Dom Gil \u00e9 amplamente respeitado e a ele devem ser atribu\u00eddas muitas das conquistas alcanzadas durante seu pastoreio, como a uni\u00e3o e o fortalecimento das comunidades. Suas contribui\u00e7\u00f5es foram inestim\u00e1veis e deixaram um legado significativo.<\/p>\n<p>A Confer\u00eancia Nacional dos Bispos do Brasil (CNBB) e muitas comunidades expressaram sua gratid\u00e3o a Dom Gil, reconhecendo seu arduo trabalho e dedica\u00e7\u00e3o ao longo de seus anos de servi\u00e7o. A mensagem \u00e9 clara: enquanto a comunidade se despede de um grande l\u00edder, ela tamb\u00e9m se alegra em receber um novo arcebispo que certamente ir\u00e1 continuar a constru\u00e7\u00e3o do que foi iniciado.<\/p>\n<h2>Eventos Marcantes da Cerim\u00f4nia de Nomea\u00e7\u00e3o<\/h2>\n<p>A cerim\u00f4nia de nomea\u00e7\u00e3o de Dom Marco Aur\u00e9lio Gubiotti foi um evento de grande significado, reunindo l\u00edderes religiosos, fi\u00e9is e a comunidade em geral. A celebra\u00e7\u00e3o, realizada em um ambiente festivo, refletiu a alegria e a esperan\u00e7a que envolvem essa nova fase na Arquidiocese.<\/p>\n<p>Patrocinada pela CNBB e com a presen\u00e7a de autoridades locais, a cerim\u00f4nia destacou n\u00e3o apenas a import\u00e2ncia da nova nomea\u00e7\u00e3o, mas tamb\u00e9m a continuidade da miss\u00e3o que a Igreja Cat\u00f3lica tem em toda a regi\u00e3o. As mensagens proferidas durante a cerim\u00f4nia enfatizaram o valor da unidade, da inclus\u00e3o e da solidariedade entre os fi\u00e9is.<\/p>\n<p>A participa\u00e7\u00e3o ativa da comunidade foi evidente, com muitos fi\u00e9is expressando seu entusiasmo e apoio a Dom Marco. Para muitos, essa foi uma oportunidade de reafirmar seu compromisso com a f\u00e9 e de renovar sua esperan\u00e7a em rela\u00e7\u00e3o ao futuro da Arquidiocese.<\/p>\n","protected":false},"excerpt":{"rendered":"<p>Papa Le\u00e3o XIV nomeia novo arcebispo de Juiz de Fora, trazendo mudan\u00e7as significativas.<\/p>\n","protected":false},"author":1,"featured_media":5103,"comment_status":"open","ping_status":"open","sticky":false,"template":"","format":"standard","meta":{"footnotes":""},"categories":[5],"tags":[],"class_list":["post-5104","post","type-post","status-publish","format-standard","has-post-thumbnail","hentry","category-noticias","has_thumb"],"yoast_head":"<!-- This site is optimized with the Yoast SEO plugin v28.1 - https:\/\/yoast.com\/product\/yoast-seo-wordpress\/ -->\n<title>Papa Le\u00e3o XIV nomeia novo arcebispo de Juiz de Fora | Guia Comercial de Itabira MG<\/title>\n<meta name=\"robots\" content=\"index, follow, max-snippet:-1, max-image-preview:large, max-video-preview:-1\" \/>\n<link rel=\"canonical\" href=\"https:\/\/www.encontraminasgerais.com.br\/itabira\/papa-leao-xiv-nomeia-novo-arcebispo-de-juiz-de-fora\/\" \/>\n<meta property=\"og:locale\" content=\"pt_BR\" \/>\n<meta property=\"og:type\" content=\"article\" \/>\n<meta property=\"og:title\" content=\"Papa Le\u00e3o XIV nomeia novo arcebispo de Juiz de Fora | Guia Comercial de Itabira MG\" \/>\n<meta property=\"og:description\" content=\"Papa Le\u00e3o XIV nomeia novo arcebispo de Juiz de Fora, trazendo mudan\u00e7as significativas.\" \/>\n<meta property=\"og:url\" content=\"https:\/\/www.encontraminasgerais.com.br\/itabira\/papa-leao-xiv-nomeia-novo-arcebispo-de-juiz-de-fora\/\" \/>\n<meta property=\"og:site_name\" content=\"Guia Comercial de Itabira MG\" \/>\n<meta property=\"article:published_time\" content=\"2026-01-08T16:38:45+00:00\" \/>\n<meta property=\"og:image\" content=\"https:\/\/www.encontraminasgerais.com.br\/itabira\/wp-content\/uploads\/2026\/01\/papa-leao-xiv-nomeia-novo-arcebispo-de-juiz-de-fora.webp\" \/>\n<meta name=\"author\" content=\"Encontra Itabira\" \/>\n<meta name=\"twitter:card\" content=\"summary_large_image\" \/>\n<meta name=\"twitter:label1\" content=\"Escrito por\" \/>\n\t<meta name=\"twitter:data1\" content=\"Encontra Itabira\" \/>\n\t<meta name=\"twitter:label2\" content=\"Est. tempo de leitura\" \/>\n\t<meta name=\"twitter:data2\" content=\"10 minutos\" \/>\n<script type=\"application\/ld+json\" class=\"yoast-schema-graph\">{\"@context\":\"https:\\\/\\\/schema.org\",\"@graph\":[{\"@type\":\"Article\",\"@id\":\"https:\\\/\\\/www.encontraminasgerais.com.br\\\/itabira\\\/papa-leao-xiv-nomeia-novo-arcebispo-de-juiz-de-fora\\\/#article\",\"isPartOf\":{\"@id\":\"https:\\\/\\\/www.encontraminasgerais.com.br\\\/itabira\\\/papa-leao-xiv-nomeia-novo-arcebispo-de-juiz-de-fora\\\/\"},\"author\":{\"name\":\"Encontra Itabira\",\"@id\":\"https:\\\/\\\/www.encontraminasgerais.com.br\\\/itabira\\\/#\\\/schema\\\/person\\\/9ae8a8f5ce59322c92e2499b550870b0\"},\"headline\":\"Papa Le\u00e3o XIV nomeia novo arcebispo de Juiz de Fora\",\"datePublished\":\"2026-01-08T16:38:45+00:00\",\"mainEntityOfPage\":{\"@id\":\"https:\\\/\\\/www.encontraminasgerais.com.br\\\/itabira\\\/papa-leao-xiv-nomeia-novo-arcebispo-de-juiz-de-fora\\\/\"},\"wordCount\":1958,\"commentCount\":0,\"image\":{\"@id\":\"https:\\\/\\\/www.encontraminasgerais.com.br\\\/itabira\\\/papa-leao-xiv-nomeia-novo-arcebispo-de-juiz-de-fora\\\/#primaryimage\"},\"thumbnailUrl\":\"https:\\\/\\\/www.encontraminasgerais.com.br\\\/itabira\\\/wp-content\\\/uploads\\\/2026\\\/01\\\/papa-leao-xiv-nomeia-novo-arcebispo-de-juiz-de-fora.webp\",\"articleSection\":[\"Not\u00edcias Itabira\"],\"inLanguage\":\"pt-BR\",\"potentialAction\":[{\"@type\":\"CommentAction\",\"name\":\"Comment\",\"target\":[\"https:\\\/\\\/www.encontraminasgerais.com.br\\\/itabira\\\/papa-leao-xiv-nomeia-novo-arcebispo-de-juiz-de-fora\\\/#respond\"]}]},{\"@type\":\"WebPage\",\"@id\":\"https:\\\/\\\/www.encontraminasgerais.com.br\\\/itabira\\\/papa-leao-xiv-nomeia-novo-arcebispo-de-juiz-de-fora\\\/\",\"url\":\"https:\\\/\\\/www.encontraminasgerais.com.br\\\/itabira\\\/papa-leao-xiv-nomeia-novo-arcebispo-de-juiz-de-fora\\\/\",\"name\":\"Papa Le\u00e3o XIV nomeia novo arcebispo de Juiz de Fora | Guia Comercial de Itabira MG\",\"isPartOf\":{\"@id\":\"https:\\\/\\\/www.encontraminasgerais.com.br\\\/itabira\\\/#website\"},\"primaryImageOfPage\":{\"@id\":\"https:\\\/\\\/www.encontraminasgerais.com.br\\\/itabira\\\/papa-leao-xiv-nomeia-novo-arcebispo-de-juiz-de-fora\\\/#primaryimage\"},\"image\":{\"@id\":\"https:\\\/\\\/www.encontraminasgerais.com.br\\\/itabira\\\/papa-leao-xiv-nomeia-novo-arcebispo-de-juiz-de-fora\\\/#primaryimage\"},\"thumbnailUrl\":\"https:\\\/\\\/www.encontraminasgerais.com.br\\\/itabira\\\/wp-content\\\/uploads\\\/2026\\\/01\\\/papa-leao-xiv-nomeia-novo-arcebispo-de-juiz-de-fora.webp\",\"datePublished\":\"2026-01-08T16:38:45+00:00\",\"author\":{\"@id\":\"https:\\\/\\\/www.encontraminasgerais.com.br\\\/itabira\\\/#\\\/schema\\\/person\\\/9ae8a8f5ce59322c92e2499b550870b0\"},\"inLanguage\":\"pt-BR\",\"potentialAction\":[{\"@type\":\"ReadAction\",\"target\":[\"https:\\\/\\\/www.encontraminasgerais.com.br\\\/itabira\\\/papa-leao-xiv-nomeia-novo-arcebispo-de-juiz-de-fora\\\/\"]}]},{\"@type\":\"ImageObject\",\"inLanguage\":\"pt-BR\",\"@id\":\"https:\\\/\\\/www.encontraminasgerais.com.br\\\/itabira\\\/papa-leao-xiv-nomeia-novo-arcebispo-de-juiz-de-fora\\\/#primaryimage\",\"url\":\"https:\\\/\\\/www.encontraminasgerais.com.br\\\/itabira\\\/wp-content\\\/uploads\\\/2026\\\/01\\\/papa-leao-xiv-nomeia-novo-arcebispo-de-juiz-de-fora.webp\",\"contentUrl\":\"https:\\\/\\\/www.encontraminasgerais.com.br\\\/itabira\\\/wp-content\\\/uploads\\\/2026\\\/01\\\/papa-leao-xiv-nomeia-novo-arcebispo-de-juiz-de-fora.webp\",\"width\":280,\"height\":280,\"caption\":\"novo arcebispo de Juiz de Fora\"},{\"@type\":\"WebSite\",\"@id\":\"https:\\\/\\\/www.encontraminasgerais.com.br\\\/itabira\\\/#website\",\"url\":\"https:\\\/\\\/www.encontraminasgerais.com.br\\\/itabira\\\/\",\"name\":\"Guia Comercial de Itabira MG\",\"description\":\"ENCONTRA ITABIRA - O guia comercial de neg\u00f3cios e empresas, cultura e divers\u00e3o na cidade de Itabira. Feito 100% para voc\u00ea morador!\",\"potentialAction\":[{\"@type\":\"SearchAction\",\"target\":{\"@type\":\"EntryPoint\",\"urlTemplate\":\"https:\\\/\\\/www.encontraminasgerais.com.br\\\/itabira\\\/?s={search_term_string}\"},\"query-input\":{\"@type\":\"PropertyValueSpecification\",\"valueRequired\":true,\"valueName\":\"search_term_string\"}}],\"inLanguage\":\"pt-BR\"},{\"@type\":\"Person\",\"@id\":\"https:\\\/\\\/www.encontraminasgerais.com.br\\\/itabira\\\/#\\\/schema\\\/person\\\/9ae8a8f5ce59322c92e2499b550870b0\",\"name\":\"Encontra Itabira\",\"image\":{\"@type\":\"ImageObject\",\"inLanguage\":\"pt-BR\",\"@id\":\"https:\\\/\\\/secure.gravatar.com\\\/avatar\\\/c50c17820bcf322f0a8fd6b110b8c0918141409dc69076470f6fca5fee70a5d4?s=96&d=mm&r=g\",\"url\":\"https:\\\/\\\/secure.gravatar.com\\\/avatar\\\/c50c17820bcf322f0a8fd6b110b8c0918141409dc69076470f6fca5fee70a5d4?s=96&d=mm&r=g\",\"contentUrl\":\"https:\\\/\\\/secure.gravatar.com\\\/avatar\\\/c50c17820bcf322f0a8fd6b110b8c0918141409dc69076470f6fca5fee70a5d4?s=96&d=mm&r=g\",\"caption\":\"Encontra Itabira\"},\"url\":\"https:\\\/\\\/www.encontraminasgerais.com.br\\\/itabira\\\/author\\\/encontraitabira\\\/\"}]}<\/script>\n<!-- \/ Yoast SEO plugin. -->","yoast_head_json":{"title":"Papa Le\u00e3o XIV nomeia novo arcebispo de Juiz de Fora | Guia Comercial de Itabira MG","robots":{"index":"index","follow":"follow","max-snippet":"max-snippet:-1","max-image-preview":"max-image-preview:large","max-video-preview":"max-video-preview:-1"},"canonical":"https:\/\/www.encontraminasgerais.com.br\/itabira\/papa-leao-xiv-nomeia-novo-arcebispo-de-juiz-de-fora\/","og_locale":"pt_BR","og_type":"article","og_title":"Papa Le\u00e3o XIV nomeia novo arcebispo de Juiz de Fora | Guia Comercial de Itabira MG","og_description":"Papa Le\u00e3o XIV nomeia novo arcebispo de Juiz de Fora, trazendo mudan\u00e7as significativas.","og_url":"https:\/\/www.encontraminasgerais.com.br\/itabira\/papa-leao-xiv-nomeia-novo-arcebispo-de-juiz-de-fora\/","og_site_name":"Guia Comercial de Itabira MG","article_published_time":"2026-01-08T16:38:45+00:00","og_image":[{"url":"https:\/\/www.encontraminasgerais.com.br\/itabira\/wp-content\/uploads\/2026\/01\/papa-leao-xiv-nomeia-novo-arcebispo-de-juiz-de-fora.webp","type":"","width":"","height":""}],"author":"Encontra Itabira","twitter_card":"summary_large_image","twitter_misc":{"Escrito por":"Encontra Itabira","Est. tempo de leitura":"10 minutos"},"schema":{"@context":"https:\/\/schema.org","@graph":[{"@type":"Article","@id":"https:\/\/www.encontraminasgerais.com.br\/itabira\/papa-leao-xiv-nomeia-novo-arcebispo-de-juiz-de-fora\/#article","isPartOf":{"@id":"https:\/\/www.encontraminasgerais.com.br\/itabira\/papa-leao-xiv-nomeia-novo-arcebispo-de-juiz-de-fora\/"},"author":{"name":"Encontra Itabira","@id":"https:\/\/www.encontraminasgerais.com.br\/itabira\/#\/schema\/person\/9ae8a8f5ce59322c92e2499b550870b0"},"headline":"Papa Le\u00e3o XIV nomeia novo arcebispo de Juiz de Fora","datePublished":"2026-01-08T16:38:45+00:00","mainEntityOfPage":{"@id":"https:\/\/www.encontraminasgerais.com.br\/itabira\/papa-leao-xiv-nomeia-novo-arcebispo-de-juiz-de-fora\/"},"wordCount":1958,"commentCount":0,"image":{"@id":"https:\/\/www.encontraminasgerais.com.br\/itabira\/papa-leao-xiv-nomeia-novo-arcebispo-de-juiz-de-fora\/#primaryimage"},"thumbnailUrl":"https:\/\/www.encontraminasgerais.com.br\/itabira\/wp-content\/uploads\/2026\/01\/papa-leao-xiv-nomeia-novo-arcebispo-de-juiz-de-fora.webp","articleSection":["Not\u00edcias Itabira"],"inLanguage":"pt-BR","potentialAction":[{"@type":"CommentAction","name":"Comment","target":["https:\/\/www.encontraminasgerais.com.br\/itabira\/papa-leao-xiv-nomeia-novo-arcebispo-de-juiz-de-fora\/#respond"]}]},{"@type":"WebPage","@id":"https:\/\/www.encontraminasgerais.com.br\/itabira\/papa-leao-xiv-nomeia-novo-arcebispo-de-juiz-de-fora\/","url":"https:\/\/www.encontraminasgerais.com.br\/itabira\/papa-leao-xiv-nomeia-novo-arcebispo-de-juiz-de-fora\/","name":"Papa Le\u00e3o XIV nomeia novo arcebispo de Juiz de Fora | Guia Comercial de Itabira MG","isPartOf":{"@id":"https:\/\/www.encontraminasgerais.com.br\/itabira\/#website"},"primaryImageOfPage":{"@id":"https:\/\/www.encontraminasgerais.com.br\/itabira\/papa-leao-xiv-nomeia-novo-arcebispo-de-juiz-de-fora\/#primaryimage"},"image":{"@id":"https:\/\/www.encontraminasgerais.com.br\/itabira\/papa-leao-xiv-nomeia-novo-arcebispo-de-juiz-de-fora\/#primaryimage"},"thumbnailUrl":"https:\/\/www.encontraminasgerais.com.br\/itabira\/wp-content\/uploads\/2026\/01\/papa-leao-xiv-nomeia-novo-arcebispo-de-juiz-de-fora.webp","datePublished":"2026-01-08T16:38:45+00:00","author":{"@id":"https:\/\/www.encontraminasgerais.com.br\/itabira\/#\/schema\/person\/9ae8a8f5ce59322c92e2499b550870b0"},"inLanguage":"pt-BR","potentialAction":[{"@type":"ReadAction","target":["https:\/\/www.encontraminasgerais.com.br\/itabira\/papa-leao-xiv-nomeia-novo-arcebispo-de-juiz-de-fora\/"]}]},{"@type":"ImageObject","inLanguage":"pt-BR","@id":"https:\/\/www.encontraminasgerais.com.br\/itabira\/papa-leao-xiv-nomeia-novo-arcebispo-de-juiz-de-fora\/#primaryimage","url":"https:\/\/www.encontraminasgerais.com.br\/itabira\/wp-content\/uploads\/2026\/01\/papa-leao-xiv-nomeia-novo-arcebispo-de-juiz-de-fora.webp","contentUrl":"https:\/\/www.encontraminasgerais.com.br\/itabira\/wp-content\/uploads\/2026\/01\/papa-leao-xiv-nomeia-novo-arcebispo-de-juiz-de-fora.webp","width":280,"height":280,"caption":"novo arcebispo de Juiz de Fora"},{"@type":"WebSite","@id":"https:\/\/www.encontraminasgerais.com.br\/itabira\/#website","url":"https:\/\/www.encontraminasgerais.com.br\/itabira\/","name":"Guia Comercial de Itabira MG","description":"ENCONTRA ITABIRA - O guia comercial de neg\u00f3cios e empresas, cultura e divers\u00e3o na cidade de Itabira. Feito 100% para voc\u00ea morador!","potentialAction":[{"@type":"SearchAction","target":{"@type":"EntryPoint","urlTemplate":"https:\/\/www.encontraminasgerais.com.br\/itabira\/?s={search_term_string}"},"query-input":{"@type":"PropertyValueSpecification","valueRequired":true,"valueName":"search_term_string"}}],"inLanguage":"pt-BR"},{"@type":"Person","@id":"https:\/\/www.encontraminasgerais.com.br\/itabira\/#\/schema\/person\/9ae8a8f5ce59322c92e2499b550870b0","name":"Encontra Itabira","image":{"@type":"ImageObject","inLanguage":"pt-BR","@id":"https:\/\/secure.gravatar.com\/avatar\/c50c17820bcf322f0a8fd6b110b8c0918141409dc69076470f6fca5fee70a5d4?s=96&d=mm&r=g","url":"https:\/\/secure.gravatar.com\/avatar\/c50c17820bcf322f0a8fd6b110b8c0918141409dc69076470f6fca5fee70a5d4?s=96&d=mm&r=g","contentUrl":"https:\/\/secure.gravatar.com\/avatar\/c50c17820bcf322f0a8fd6b110b8c0918141409dc69076470f6fca5fee70a5d4?s=96&d=mm&r=g","caption":"Encontra Itabira"},"url":"https:\/\/www.encontraminasgerais.com.br\/itabira\/author\/encontraitabira\/"}]}},"_links":{"self":[{"href":"https:\/\/www.encontraminasgerais.com.br\/itabira\/wp-json\/wp\/v2\/posts\/5104","targetHints":{"allow":["GET"]}}],"collection":[{"href":"https:\/\/www.encontraminasgerais.com.br\/itabira\/wp-json\/wp\/v2\/posts"}],"about":[{"href":"https:\/\/www.encontraminasgerais.com.br\/itabira\/wp-json\/wp\/v2\/types\/post"}],"author":[{"embeddable":true,"href":"https:\/\/www.encontraminasgerais.com.br\/itabira\/wp-json\/wp\/v2\/users\/1"}],"replies":[{"embeddable":true,"href":"https:\/\/www.encontraminasgerais.com.br\/itabira\/wp-json\/wp\/v2\/comments?post=5104"}],"version-history":[{"count":0,"href":"https:\/\/www.encontraminasgerais.com.br\/itabira\/wp-json\/wp\/v2\/posts\/5104\/revisions"}],"wp:featuredmedia":[{"embeddable":true,"href":"https:\/\/www.encontraminasgerais.com.br\/itabira\/wp-json\/wp\/v2\/media\/5103"}],"wp:attachment":[{"href":"https:\/\/www.encontraminasgerais.com.br\/itabira\/wp-json\/wp\/v2\/media?parent=5104"}],"wp:term":[{"taxonomy":"category","embeddable":true,"href":"https:\/\/www.encontraminasgerais.com.br\/itabira\/wp-json\/wp\/v2\/categories?post=5104"},{"taxonomy":"post_tag","embeddable":true,"href":"https:\/\/www.encontraminasgerais.com.br\/itabira\/wp-json\/wp\/v2\/tags?post=5104"}],"curies":[{"name":"wp","href":"https:\/\/api.w.org\/{rel}","templated":true}]}}