{"id":5222,"date":"2026-01-30T06:40:24","date_gmt":"2026-01-30T09:40:24","guid":{"rendered":"https:\/\/www.encontraminasgerais.com.br\/itabira\/carro-colide-em-lateral-de-carreta-e-capota-na-mg\/"},"modified":"2026-01-30T06:40:24","modified_gmt":"2026-01-30T09:40:24","slug":"carro-colide-em-lateral-de-carreta-e-capota-na-mg","status":"publish","type":"post","link":"https:\/\/www.encontraminasgerais.com.br\/itabira\/carro-colide-em-lateral-de-carreta-e-capota-na-mg\/","title":{"rendered":"Carro colide em lateral de carreta e capota na MG"},"content":{"rendered":"<h2>O que aconteceu na MG-434?<\/h2>\n<p>No dia 27 de janeiro de 2026, um acidente ocorreu na MG-434, que se localiza na dire\u00e7\u00e3o de Itabira, por volta das 13h40. Um carro modelo Toyota Etios capotou ap\u00f3s colidir com a lateral de uma carreta. O incidente aconteceu na altura do quil\u00f4metro 11, pr\u00f3ximo ao acesso ao distrito de Ipoema, em S\u00e3o Gon\u00e7alo do Rio Abaixo.<\/p>\n<h2>Detalhes sobre o ve\u00edculo envolvido<\/h2>\n<p>O ve\u00edculo envolvido no acidente \u00e9 um Toyota Etios, dirigido por um homem de 46 anos. Durante a ocorr\u00eancia, o carro estava engatado a uma carretinha, o que pode ter contribu\u00eddo para a perda de controle do motorista. A colis\u00e3o foi contra uma carreta que seguia na dire\u00e7\u00e3o oposta, em dire\u00e7\u00e3o \u00e0 BR-381.<\/p>\n<h2>Causas do acidente<\/h2>\n<p>A causa exata do acidente ainda est\u00e1 sendo investigada, mas, de acordo com testemunhas, parece que o condutor do Toyota Etios perdeu o controle do ve\u00edculo antes da colis\u00e3o. O impacto foi forte o suficiente para fazer o carro capotar, enquanto a carreta, que era pilotada por um homem de 38 anos, sofreu danos significativos, incluindo um tanque de combust\u00edvel danificado e um pneu estourado.<\/p>\n<h2>Impactos no tr\u00e1fego local<\/h2>\n<p>Ap\u00f3s o acidente, o tr\u00e1fego na MG-434 foi temporariamente interrompido. A Pol\u00edcia Militar Rodovi\u00e1ria (PMRv) foi convocada para o local para sinalizar a \u00e1rea e ajudar na remo\u00e7\u00e3o do ve\u00edculo capotado. Isso causou congestionamento na rodovia, com motoristas enfrentando atrasos consider\u00e1veis enquanto a situa\u00e7\u00e3o estava sendo controlada.<\/p>\n<h2>Repercuss\u00e3o entre motoristas<\/h2>\n<p>O acidente teve uma repercuss\u00e3o significativa entre os motoristas que utilizam a MG-434. Muitos expressaram preocupa\u00e7\u00e3o com a seguran\u00e7a na rodovia, ressaltando que acidentes semelhantes s\u00e3o muito comuns na regi\u00e3o. Al\u00e9m disso, alguns motoristas relataram terem visto o acidente ocorrer e descreveram a cena como bastante alarmante.<\/p>\n<h2>A resposta da pol\u00edcia ao acidente<\/h2>\n<p>A resposta das autoridades foi r\u00e1pida. A PMRv chegou prontamente ao local e come\u00e7ou a trabalhar para desobstruir a pista. Al\u00e9m disso, os agentes registraram a ocorr\u00eancia para que uma investiga\u00e7\u00e3o mais detalhada pudesse ser realizada posteriormente. Ningu\u00e9m ficou ferido no acidente, o que \u00e9 uma boa not\u00edcia diante da gravidade da situa\u00e7\u00e3o.<\/p>\n<h2>Condi\u00e7\u00f5es das estradas na MG-434<\/h2>\n<p>A MG-434 \u00e9 uma estrada que, em alguns trechos, apresenta condi\u00e7\u00f5es que podem ser desafiadoras, especialmente em per\u00edodos de chuva. As autoridades de tr\u00e2nsito t\u00eam feito esfor\u00e7os para melhorar a infraestrutura da rodovia, e \u00e9 essencial que os motoristas permane\u00e7am atentos \u00e0s condi\u00e7\u00f5es da pista enquanto dirigem em \u00e1reas propensas a acidentes.<\/p>\n<h2>Medidas de seguran\u00e7a a serem adotadas<\/h2>\n<p>Ap\u00f3s o acidente, \u00e9 vital que todos os motoristas adotem medidas de seguran\u00e7a adicionais ao dirigir na MG-434. Isso inclui:<\/p>\n<ul>\n<li><strong>Reduzir a velocidade:<\/strong> Adaptar a velocidade \u00e0s condi\u00e7\u00f5es da estrada \u00e9 crucial para evitar perda de controle.<\/li>\n<li><strong>Manter dist\u00e2ncia segura:<\/strong> Manter uma dist\u00e2ncia adequada entre ve\u00edculos pode prevenir colis\u00f5es.<\/li>\n<li><strong>Utilizar cinto de seguran\u00e7a:<\/strong> Sempre, independentemente de quilometragem ou tempo de viagem.<\/li>\n<li><strong>Mantenha aten\u00e7\u00e3o redobrada:<\/strong> Esteja ciente do que acontece ao redor do seu ve\u00edculo e evite distra\u00e7\u00f5es.<\/li>\n<\/ul>\n<h2>Expectativas para melhorias futuras<\/h2>\n<p>Com os retornos sobre a seguran\u00e7a na MG-434 em destaque, h\u00e1 expectativas de melhorias na rodovia. Poderiam incluir:<\/p>\n<ul>\n<li><strong>Aumento da sinaliza\u00e7\u00e3o:<\/strong> Melhorar a visibilidade das sinaliza\u00e7\u00f5es de tr\u00e2nsito pode reduzir acidentes.<\/li>\n<li><strong>Fiscaliza\u00e7\u00e3o mais rigorosa:<\/strong> Aumentar a presen\u00e7a de agentes de tr\u00e2nsito pode ajudar a desaprovar comportamentos de dire\u00e7\u00e3o perigosos.<\/li>\n<li><strong>Campanhas de conscientiza\u00e7\u00e3o:<\/strong> Promover a educa\u00e7\u00e3o sobre seguran\u00e7a no tr\u00e2nsito \u00e9 essencial.<\/li>\n<\/ul>\n<h2>Como evitar acidentes semelhantes<\/h2>\n<p>Para salvar vidas e evitar acidentes como o ocorrido na MG-434, motoristas devem:<\/p>\n<ul>\n<li><strong>Evitar o uso de celular:<\/strong> N\u00e3o se distrair com tecnologias enquanto dirige \u00e9 fundamental.<\/li>\n<li><strong>Respeitar as regras de tr\u00e2nsito:<\/strong> Sinaliza\u00e7\u00f5es e limites de velocidade devem ser seguidos rigorosamente.<\/li>\n<li><strong>Realizar manuten\u00e7\u00f5es regulares:<\/strong> Verificar condi\u00e7\u00f5es do ve\u00edculo, como freios e pneus, ajuda a evitar falhas mec\u00e2nicas.<\/li>\n<\/ul>\n<p>O acidente na MG-434 serve como um lembrete importante da necessidade de prud\u00eancia nas estradas. Espera-se que os motoristas adotem essas pr\u00e1ticas para garantir a seguran\u00e7a de todos na estrada.<\/p>\n","protected":false},"excerpt":{"rendered":"<p>Carro capotou em colis\u00e3o com carreta na MG-434, resultando em ferimentos leves.<\/p>\n","protected":false},"author":1,"featured_media":0,"comment_status":"open","ping_status":"open","sticky":false,"template":"","format":"standard","meta":{"footnotes":""},"categories":[904],"tags":[],"class_list":["post-5222","post","type-post","status-publish","format-standard","hentry","category-transito"],"yoast_head":"<!-- This site is optimized with the Yoast SEO plugin v28.1 - https:\/\/yoast.com\/product\/yoast-seo-wordpress\/ -->\n<title>Carro colide em lateral de carreta e capota na MG | Guia Comercial de Itabira MG<\/title>\n<meta name=\"robots\" content=\"index, follow, max-snippet:-1, max-image-preview:large, max-video-preview:-1\" \/>\n<link rel=\"canonical\" href=\"https:\/\/www.encontraminasgerais.com.br\/itabira\/carro-colide-em-lateral-de-carreta-e-capota-na-mg\/\" \/>\n<meta property=\"og:locale\" content=\"pt_BR\" \/>\n<meta property=\"og:type\" content=\"article\" \/>\n<meta property=\"og:title\" content=\"Carro colide em lateral de carreta e capota na MG | Guia Comercial de Itabira MG\" \/>\n<meta property=\"og:description\" content=\"Carro capotou em colis\u00e3o com carreta na MG-434, resultando em ferimentos leves.\" \/>\n<meta property=\"og:url\" content=\"https:\/\/www.encontraminasgerais.com.br\/itabira\/carro-colide-em-lateral-de-carreta-e-capota-na-mg\/\" \/>\n<meta property=\"og:site_name\" content=\"Guia Comercial de Itabira MG\" \/>\n<meta property=\"article:published_time\" content=\"2026-01-30T09:40:24+00:00\" \/>\n<meta name=\"author\" content=\"Encontra Itabira\" \/>\n<meta name=\"twitter:card\" content=\"summary_large_image\" \/>\n<meta name=\"twitter:label1\" content=\"Escrito por\" \/>\n\t<meta name=\"twitter:data1\" content=\"Encontra Itabira\" \/>\n\t<meta name=\"twitter:label2\" content=\"Est. tempo de leitura\" \/>\n\t<meta name=\"twitter:data2\" content=\"4 minutos\" \/>\n<script type=\"application\/ld+json\" class=\"yoast-schema-graph\">{\"@context\":\"https:\\\/\\\/schema.org\",\"@graph\":[{\"@type\":\"Article\",\"@id\":\"https:\\\/\\\/www.encontraminasgerais.com.br\\\/itabira\\\/carro-colide-em-lateral-de-carreta-e-capota-na-mg\\\/#article\",\"isPartOf\":{\"@id\":\"https:\\\/\\\/www.encontraminasgerais.com.br\\\/itabira\\\/carro-colide-em-lateral-de-carreta-e-capota-na-mg\\\/\"},\"author\":{\"name\":\"Encontra Itabira\",\"@id\":\"https:\\\/\\\/www.encontraminasgerais.com.br\\\/itabira\\\/#\\\/schema\\\/person\\\/9ae8a8f5ce59322c92e2499b550870b0\"},\"headline\":\"Carro colide em lateral de carreta e capota na MG\",\"datePublished\":\"2026-01-30T09:40:24+00:00\",\"mainEntityOfPage\":{\"@id\":\"https:\\\/\\\/www.encontraminasgerais.com.br\\\/itabira\\\/carro-colide-em-lateral-de-carreta-e-capota-na-mg\\\/\"},\"wordCount\":724,\"commentCount\":0,\"articleSection\":[\"Tr\u00e2nsito Itabira\"],\"inLanguage\":\"pt-BR\",\"potentialAction\":[{\"@type\":\"CommentAction\",\"name\":\"Comment\",\"target\":[\"https:\\\/\\\/www.encontraminasgerais.com.br\\\/itabira\\\/carro-colide-em-lateral-de-carreta-e-capota-na-mg\\\/#respond\"]}]},{\"@type\":\"WebPage\",\"@id\":\"https:\\\/\\\/www.encontraminasgerais.com.br\\\/itabira\\\/carro-colide-em-lateral-de-carreta-e-capota-na-mg\\\/\",\"url\":\"https:\\\/\\\/www.encontraminasgerais.com.br\\\/itabira\\\/carro-colide-em-lateral-de-carreta-e-capota-na-mg\\\/\",\"name\":\"Carro colide em lateral de carreta e capota na MG | Guia Comercial de Itabira MG\",\"isPartOf\":{\"@id\":\"https:\\\/\\\/www.encontraminasgerais.com.br\\\/itabira\\\/#website\"},\"datePublished\":\"2026-01-30T09:40:24+00:00\",\"author\":{\"@id\":\"https:\\\/\\\/www.encontraminasgerais.com.br\\\/itabira\\\/#\\\/schema\\\/person\\\/9ae8a8f5ce59322c92e2499b550870b0\"},\"inLanguage\":\"pt-BR\",\"potentialAction\":[{\"@type\":\"ReadAction\",\"target\":[\"https:\\\/\\\/www.encontraminasgerais.com.br\\\/itabira\\\/carro-colide-em-lateral-de-carreta-e-capota-na-mg\\\/\"]}]},{\"@type\":\"WebSite\",\"@id\":\"https:\\\/\\\/www.encontraminasgerais.com.br\\\/itabira\\\/#website\",\"url\":\"https:\\\/\\\/www.encontraminasgerais.com.br\\\/itabira\\\/\",\"name\":\"Guia Comercial de Itabira MG\",\"description\":\"ENCONTRA ITABIRA - O guia comercial de neg\u00f3cios e empresas, cultura e divers\u00e3o na cidade de Itabira. Feito 100% para voc\u00ea morador!\",\"potentialAction\":[{\"@type\":\"SearchAction\",\"target\":{\"@type\":\"EntryPoint\",\"urlTemplate\":\"https:\\\/\\\/www.encontraminasgerais.com.br\\\/itabira\\\/?s={search_term_string}\"},\"query-input\":{\"@type\":\"PropertyValueSpecification\",\"valueRequired\":true,\"valueName\":\"search_term_string\"}}],\"inLanguage\":\"pt-BR\"},{\"@type\":\"Person\",\"@id\":\"https:\\\/\\\/www.encontraminasgerais.com.br\\\/itabira\\\/#\\\/schema\\\/person\\\/9ae8a8f5ce59322c92e2499b550870b0\",\"name\":\"Encontra Itabira\",\"image\":{\"@type\":\"ImageObject\",\"inLanguage\":\"pt-BR\",\"@id\":\"https:\\\/\\\/secure.gravatar.com\\\/avatar\\\/c50c17820bcf322f0a8fd6b110b8c0918141409dc69076470f6fca5fee70a5d4?s=96&d=mm&r=g\",\"url\":\"https:\\\/\\\/secure.gravatar.com\\\/avatar\\\/c50c17820bcf322f0a8fd6b110b8c0918141409dc69076470f6fca5fee70a5d4?s=96&d=mm&r=g\",\"contentUrl\":\"https:\\\/\\\/secure.gravatar.com\\\/avatar\\\/c50c17820bcf322f0a8fd6b110b8c0918141409dc69076470f6fca5fee70a5d4?s=96&d=mm&r=g\",\"caption\":\"Encontra Itabira\"},\"url\":\"https:\\\/\\\/www.encontraminasgerais.com.br\\\/itabira\\\/author\\\/encontraitabira\\\/\"}]}<\/script>\n<!-- \/ Yoast SEO plugin. -->","yoast_head_json":{"title":"Carro colide em lateral de carreta e capota na MG | Guia Comercial de Itabira MG","robots":{"index":"index","follow":"follow","max-snippet":"max-snippet:-1","max-image-preview":"max-image-preview:large","max-video-preview":"max-video-preview:-1"},"canonical":"https:\/\/www.encontraminasgerais.com.br\/itabira\/carro-colide-em-lateral-de-carreta-e-capota-na-mg\/","og_locale":"pt_BR","og_type":"article","og_title":"Carro colide em lateral de carreta e capota na MG | Guia Comercial de Itabira MG","og_description":"Carro capotou em colis\u00e3o com carreta na MG-434, resultando em ferimentos leves.","og_url":"https:\/\/www.encontraminasgerais.com.br\/itabira\/carro-colide-em-lateral-de-carreta-e-capota-na-mg\/","og_site_name":"Guia Comercial de Itabira MG","article_published_time":"2026-01-30T09:40:24+00:00","author":"Encontra Itabira","twitter_card":"summary_large_image","twitter_misc":{"Escrito por":"Encontra Itabira","Est. tempo de leitura":"4 minutos"},"schema":{"@context":"https:\/\/schema.org","@graph":[{"@type":"Article","@id":"https:\/\/www.encontraminasgerais.com.br\/itabira\/carro-colide-em-lateral-de-carreta-e-capota-na-mg\/#article","isPartOf":{"@id":"https:\/\/www.encontraminasgerais.com.br\/itabira\/carro-colide-em-lateral-de-carreta-e-capota-na-mg\/"},"author":{"name":"Encontra Itabira","@id":"https:\/\/www.encontraminasgerais.com.br\/itabira\/#\/schema\/person\/9ae8a8f5ce59322c92e2499b550870b0"},"headline":"Carro colide em lateral de carreta e capota na MG","datePublished":"2026-01-30T09:40:24+00:00","mainEntityOfPage":{"@id":"https:\/\/www.encontraminasgerais.com.br\/itabira\/carro-colide-em-lateral-de-carreta-e-capota-na-mg\/"},"wordCount":724,"commentCount":0,"articleSection":["Tr\u00e2nsito Itabira"],"inLanguage":"pt-BR","potentialAction":[{"@type":"CommentAction","name":"Comment","target":["https:\/\/www.encontraminasgerais.com.br\/itabira\/carro-colide-em-lateral-de-carreta-e-capota-na-mg\/#respond"]}]},{"@type":"WebPage","@id":"https:\/\/www.encontraminasgerais.com.br\/itabira\/carro-colide-em-lateral-de-carreta-e-capota-na-mg\/","url":"https:\/\/www.encontraminasgerais.com.br\/itabira\/carro-colide-em-lateral-de-carreta-e-capota-na-mg\/","name":"Carro colide em lateral de carreta e capota na MG | Guia Comercial de Itabira MG","isPartOf":{"@id":"https:\/\/www.encontraminasgerais.com.br\/itabira\/#website"},"datePublished":"2026-01-30T09:40:24+00:00","author":{"@id":"https:\/\/www.encontraminasgerais.com.br\/itabira\/#\/schema\/person\/9ae8a8f5ce59322c92e2499b550870b0"},"inLanguage":"pt-BR","potentialAction":[{"@type":"ReadAction","target":["https:\/\/www.encontraminasgerais.com.br\/itabira\/carro-colide-em-lateral-de-carreta-e-capota-na-mg\/"]}]},{"@type":"WebSite","@id":"https:\/\/www.encontraminasgerais.com.br\/itabira\/#website","url":"https:\/\/www.encontraminasgerais.com.br\/itabira\/","name":"Guia Comercial de Itabira MG","description":"ENCONTRA ITABIRA - O guia comercial de neg\u00f3cios e empresas, cultura e divers\u00e3o na cidade de Itabira. Feito 100% para voc\u00ea morador!","potentialAction":[{"@type":"SearchAction","target":{"@type":"EntryPoint","urlTemplate":"https:\/\/www.encontraminasgerais.com.br\/itabira\/?s={search_term_string}"},"query-input":{"@type":"PropertyValueSpecification","valueRequired":true,"valueName":"search_term_string"}}],"inLanguage":"pt-BR"},{"@type":"Person","@id":"https:\/\/www.encontraminasgerais.com.br\/itabira\/#\/schema\/person\/9ae8a8f5ce59322c92e2499b550870b0","name":"Encontra Itabira","image":{"@type":"ImageObject","inLanguage":"pt-BR","@id":"https:\/\/secure.gravatar.com\/avatar\/c50c17820bcf322f0a8fd6b110b8c0918141409dc69076470f6fca5fee70a5d4?s=96&d=mm&r=g","url":"https:\/\/secure.gravatar.com\/avatar\/c50c17820bcf322f0a8fd6b110b8c0918141409dc69076470f6fca5fee70a5d4?s=96&d=mm&r=g","contentUrl":"https:\/\/secure.gravatar.com\/avatar\/c50c17820bcf322f0a8fd6b110b8c0918141409dc69076470f6fca5fee70a5d4?s=96&d=mm&r=g","caption":"Encontra Itabira"},"url":"https:\/\/www.encontraminasgerais.com.br\/itabira\/author\/encontraitabira\/"}]}},"_links":{"self":[{"href":"https:\/\/www.encontraminasgerais.com.br\/itabira\/wp-json\/wp\/v2\/posts\/5222","targetHints":{"allow":["GET"]}}],"collection":[{"href":"https:\/\/www.encontraminasgerais.com.br\/itabira\/wp-json\/wp\/v2\/posts"}],"about":[{"href":"https:\/\/www.encontraminasgerais.com.br\/itabira\/wp-json\/wp\/v2\/types\/post"}],"author":[{"embeddable":true,"href":"https:\/\/www.encontraminasgerais.com.br\/itabira\/wp-json\/wp\/v2\/users\/1"}],"replies":[{"embeddable":true,"href":"https:\/\/www.encontraminasgerais.com.br\/itabira\/wp-json\/wp\/v2\/comments?post=5222"}],"version-history":[{"count":0,"href":"https:\/\/www.encontraminasgerais.com.br\/itabira\/wp-json\/wp\/v2\/posts\/5222\/revisions"}],"wp:attachment":[{"href":"https:\/\/www.encontraminasgerais.com.br\/itabira\/wp-json\/wp\/v2\/media?parent=5222"}],"wp:term":[{"taxonomy":"category","embeddable":true,"href":"https:\/\/www.encontraminasgerais.com.br\/itabira\/wp-json\/wp\/v2\/categories?post=5222"},{"taxonomy":"post_tag","embeddable":true,"href":"https:\/\/www.encontraminasgerais.com.br\/itabira\/wp-json\/wp\/v2\/tags?post=5222"}],"curies":[{"name":"wp","href":"https:\/\/api.w.org\/{rel}","templated":true}]}}