{"id":5291,"date":"2026-02-12T06:40:47","date_gmt":"2026-02-12T09:40:47","guid":{"rendered":"https:\/\/www.encontraminasgerais.com.br\/itabira\/itabira-deve-ter-um-dia-com-tempo-fechado-nesta-quinta\/"},"modified":"2026-02-12T06:40:47","modified_gmt":"2026-02-12T09:40:47","slug":"itabira-deve-ter-um-dia-com-tempo-fechado-nesta-quinta","status":"publish","type":"post","link":"https:\/\/www.encontraminasgerais.com.br\/itabira\/itabira-deve-ter-um-dia-com-tempo-fechado-nesta-quinta\/","title":{"rendered":"Itabira deve ter um dia com tempo fechado nesta quinta"},"content":{"rendered":"<h2>Como ser\u00e1 o clima em Itabira hoje<\/h2>\n<p>O dia em Itabira, nesta quinta-feira, \u00e9 esperado com um c\u00e9u predominantemente nublado. As temperaturas devem oscilar entre 16\u00b0C e 27\u00b0C, com uma probabilidade significativa de chuvas ao longo do dia. Durante as primeiras horas da manh\u00e3, a cidade deve come\u00e7ar com um clima fresco, enquanto a temperatura tende a subir gradualmente at\u00e9 atingir a m\u00e1xima prevista.<\/p>\n<h2>Temperaturas ao longo do dia em Itabira<\/h2>\n<p>No in\u00edcio da manh\u00e3, Itabira apresentar\u00e1 temperaturas agrad\u00e1veis em torno de 16\u00b0C, propiciando um clima confort\u00e1vel para quem est\u00e1 saindo para suas atividades di\u00e1rias. Com o avan\u00e7o do dia, a temperatura deve aumentar e chegar a um pico de 27\u00b0C na parte da tarde. Ao longo da noite, as temperaturas se estabilizar\u00e3o novamente em torno de 16\u00b0C, proporcionando um final de dia ameno e tranquilizador.<\/p>\n<h2>Umidade relativa do ar em Itabira<\/h2>\n<p>A umidade relativa do ar em Itabira apresentar\u00e1 varia\u00e7\u00f5es ao longo do dia, come\u00e7ando com a m\u00e1xima previs\u00e3o de 100% durante a manh\u00e3. Isso pode resultar em uma sensa\u00e7\u00e3o de abafamento para os moradores. \u00c0 medida que a manh\u00e3 avan\u00e7a e a temperatura sobe, a umidade dever\u00e1 cair para cerca de 50% nos per\u00edodos mais quentes, especialmente no in\u00edcio da tarde, criando um ambiente mais seco.<\/p>\n<p><img decoding=\"async\" src=\"https:\/\/www.encontraminasgerais.com.br\/itabira\/wp-content\/uploads\/2026\/02\/itabira-deve-ter-um-dia-com-tempo-fechado-nesta-quinta.webp\" alt=\"previs\u00e3o do tempo Itabira\" loading=\"lazy\" \/><\/p>\n<h2>Dire\u00e7\u00e3o e intensidade do vento em Itabira<\/h2>\n<p>Os ventos em Itabira soprar\u00e3o predominantemente de forma leve, com uma orienta\u00e7\u00e3o que varia do nordeste ao leste ao longo do dia. Espera-se que a intensidade do vento seja fraca, o que pode contribuir para a sensa\u00e7\u00e3o de calor em algumas \u00e1reas da cidade. O nascer do sol est\u00e1 programado para ocorrer \u00e0s 05h44, enquanto o p\u00f4r do sol ser\u00e1 \u00e0s 18h32, proporcionando um per\u00edodo de luz solar consider\u00e1vel durante o dia.<\/p>\n<h2>Previs\u00e3o do tempo para os pr\u00f3ximos dias<\/h2>\n<p>A previs\u00e3o do tempo para os pr\u00f3ximos dias em Itabira mostra uma varia\u00e7\u00e3o de condi\u00e7\u00f5es clim\u00e1ticas. <\/p>\n<ul>\n<li><strong>Sexta-feira (13\/02\/2026):<\/strong> C\u00e9u com muitas nuvens e temperaturas entre 16\u00b0C a 28\u00b0C.<\/li>\n<li><strong>S\u00e1bado (14\/02\/2026):<\/strong> Espera-se que a temperatura varie de 17\u00b0C a 28\u00b0C, com c\u00e9u nublado ao longo do dia.<\/li>\n<li><strong>Domingo (15\/02\/2026):<\/strong> O dia ser\u00e1 ensolarado, com temperatura entre 16\u00b0C a 30\u00b0C, trazendo um al\u00edvio nas chuvas em compara\u00e7\u00e3o aos dias anteriores.<\/li>\n<\/ul>\n<p>Atrav\u00e9s desse panorama, os moradores poder\u00e3o se preparar adequadamente para as condi\u00e7\u00f5es clim\u00e1ticas esperadas, ajustando suas atividades conforme o clima.<\/p>\n<h2>Expectativas para o domingo em Itabira<\/h2>\n<p>No domingo, a previs\u00e3o \u00e9 de um dia ensolarado, ideal para atividades ao ar livre. As temperaturas devem chegar a 30\u00b0C, proporcionando um clima quente e convidativo. Este ser\u00e1 um \u00f3timo dia para desfrutar de passeios, piqueniques e atividades recreativas. Al\u00e9m disso, a baixa umidade na parte da tarde contribuir\u00e1 para uma sensa\u00e7\u00e3o t\u00e9rmica mais agrad\u00e1vel, tornando-se um dos dias mais favor\u00e1veis da semana.<\/p>\n<h2>Hist\u00f3ria de clima em Itabira<\/h2>\n<p>Historicamente, Itabira tem um clima tropical de altitude, caracterizado por ver\u00f5es quentes e invernos amenos. A varia\u00e7\u00e3o de temperatura ao longo do ano \u00e9 not\u00e1vel, e as chuvas tendem a ser mais intensas nos meses de ver\u00e3o. Como resultado, os residentes s\u00e3o acostumados a mudan\u00e7as clim\u00e1ticas r\u00e1pidas, exigindo adapta\u00e7\u00f5es regulares. A presen\u00e7a de vegeta\u00e7\u00e3o abundante e a geografia montanhosa contribuem para a variedade de microclimas dentro da regi\u00e3o.<\/p>\n<h2>A influ\u00eancia da umidade na sensa\u00e7\u00e3o t\u00e9rmica<\/h2>\n<p>A umidade \u00e9 um fator crucial que afeta a sensa\u00e7\u00e3o t\u00e9rmica em Itabira. Com umidade alta, a sensa\u00e7\u00e3o de calor pode ser exacerbada, tornando o clima desconfort\u00e1vel, especialmente durante os meses quentes. Durante o inverno, a umidade relativa pode criar uma sensa\u00e7\u00e3o fria, mesmo quando as temperaturas n\u00e3o est\u00e3o muito baixas. Os moradores devem estar cientes da umidade ao planejar suas atividades e se proteger adequadamente diante dos diferentes n\u00edveis de conforto que ela pode proporcionar.<\/p>\n<h2>Dicas para enfrentar dias nublados<\/h2>\n<p>Para quem deseja enfrentar dias nublados em Itabira, aqui est\u00e3o algumas dicas pr\u00e1ticas:<\/p>\n<ul>\n<li><strong>Vista-se em camadas:<\/strong> Com as mudan\u00e7as r\u00e1pidas de temperatura, optar por roupas em camadas pode ajudar a se adaptar a diferentes condi\u00e7\u00f5es.<\/li>\n<li><strong>Guarde um guarda-chuva:<\/strong> A probabilidade de chuvas \u00e9 maior em dias nublados, por isso \u00e9 sempre bom ter um guarda-chuva \u00e0 m\u00e3o.<\/li>\n<li><strong>Aproveite o interior:<\/strong> Considere ficar em ambientes fechados, onde ser\u00e1 poss\u00edvel desfrutar de uma temperatura controlada, como caf\u00e9s e centros comerciais.<\/li>\n<li><strong>Actividades dentro de casa:<\/strong> Planeje atividades que possam ser realizadas em casa, como ler, assistir a filmes ou realizar projetos de artesanato.<\/li>\n<\/ul>\n<p>Essas dicas ajudar\u00e3o a garantir que os dias nublados n\u00e3o afetem muito o bem-estar e a produtividade do dia a dia.<\/p>\n<h2>Import\u00e2ncia da previs\u00e3o do tempo para a popula\u00e7\u00e3o<\/h2>\n<p>A previs\u00e3o do tempo desempenha um papel significativo na vida cotidiana da popula\u00e7\u00e3o. Ela ajuda os indiv\u00edduos a se prepararem para diferentes situa\u00e7\u00f5es clim\u00e1ticas, garantindo que possam planejar suas atividades de forma eficaz.<\/p>\n<ul>\n<li><strong>Prepara\u00e7\u00e3o:<\/strong> A previs\u00e3o do tempo permite que as pessoas se preparem para eventos clim\u00e1ticos severos, como tempestades ou ondas de calor.<\/li>\n<li><strong>Seguran\u00e7a:<\/strong> Conhecer as condi\u00e7\u00f5es clim\u00e1ticas pode reduzir riscos, incentivando as pessoas a tomarem as precau\u00e7\u00f5es adequadas ao sair.<\/li>\n<li><strong>Decis\u00f5es comerciais:<\/strong> Neg\u00f3cios, como agricultura e turismo, dependem da previs\u00e3o do tempo para planejar suas opera\u00e7\u00f5es e investimentos.<\/li>\n<li><strong>Aquisi\u00e7\u00e3o de recursos:<\/strong> Informa\u00e7\u00f5es sobre clima e umidade ajudam setores como a agricultura a manejarem melhor os recursos dispon\u00edveis, influenciando t\u00e9cnicas de cultivo e colheita.<\/li>\n<\/ul>\n<p>Dessa forma, a previs\u00e3o do tempo se mostra essencial para o planejamento e a seguran\u00e7a da popula\u00e7\u00e3o em Itabira.<\/p>\n","protected":false},"excerpt":{"rendered":"<p>Itabira ter\u00e1 um dia com tempo fechado e temperaturas variando entre 16\u00b0C e 27\u00b0C.<\/p>\n","protected":false},"author":1,"featured_media":5290,"comment_status":"open","ping_status":"open","sticky":false,"template":"","format":"standard","meta":{"footnotes":""},"categories":[5],"tags":[],"class_list":["post-5291","post","type-post","status-publish","format-standard","has-post-thumbnail","hentry","category-noticias","has_thumb"],"yoast_head":"<!-- This site is optimized with the Yoast SEO plugin v28.1 - https:\/\/yoast.com\/product\/yoast-seo-wordpress\/ -->\n<title>Itabira deve ter um dia com tempo fechado nesta quinta | Guia Comercial de Itabira MG<\/title>\n<meta name=\"robots\" content=\"index, follow, max-snippet:-1, max-image-preview:large, max-video-preview:-1\" \/>\n<link rel=\"canonical\" href=\"https:\/\/www.encontraminasgerais.com.br\/itabira\/itabira-deve-ter-um-dia-com-tempo-fechado-nesta-quinta\/\" \/>\n<meta property=\"og:locale\" content=\"pt_BR\" \/>\n<meta property=\"og:type\" content=\"article\" \/>\n<meta property=\"og:title\" content=\"Itabira deve ter um dia com tempo fechado nesta quinta | Guia Comercial de Itabira MG\" \/>\n<meta property=\"og:description\" content=\"Itabira ter\u00e1 um dia com tempo fechado e temperaturas variando entre 16\u00b0C e 27\u00b0C.\" \/>\n<meta property=\"og:url\" content=\"https:\/\/www.encontraminasgerais.com.br\/itabira\/itabira-deve-ter-um-dia-com-tempo-fechado-nesta-quinta\/\" \/>\n<meta property=\"og:site_name\" content=\"Guia Comercial de Itabira MG\" \/>\n<meta property=\"article:published_time\" content=\"2026-02-12T09:40:47+00:00\" \/>\n<meta property=\"og:image\" content=\"https:\/\/www.encontraminasgerais.com.br\/itabira\/wp-content\/uploads\/2026\/02\/itabira-deve-ter-um-dia-com-tempo-fechado-nesta-quinta.webp\" \/>\n<meta name=\"author\" content=\"Encontra Itabira\" \/>\n<meta name=\"twitter:card\" content=\"summary_large_image\" \/>\n<meta name=\"twitter:label1\" content=\"Escrito por\" \/>\n\t<meta name=\"twitter:data1\" content=\"Encontra Itabira\" \/>\n\t<meta name=\"twitter:label2\" content=\"Est. tempo de leitura\" \/>\n\t<meta name=\"twitter:data2\" content=\"5 minutos\" \/>\n<script type=\"application\/ld+json\" class=\"yoast-schema-graph\">{\"@context\":\"https:\\\/\\\/schema.org\",\"@graph\":[{\"@type\":\"Article\",\"@id\":\"https:\\\/\\\/www.encontraminasgerais.com.br\\\/itabira\\\/itabira-deve-ter-um-dia-com-tempo-fechado-nesta-quinta\\\/#article\",\"isPartOf\":{\"@id\":\"https:\\\/\\\/www.encontraminasgerais.com.br\\\/itabira\\\/itabira-deve-ter-um-dia-com-tempo-fechado-nesta-quinta\\\/\"},\"author\":{\"name\":\"Encontra Itabira\",\"@id\":\"https:\\\/\\\/www.encontraminasgerais.com.br\\\/itabira\\\/#\\\/schema\\\/person\\\/9ae8a8f5ce59322c92e2499b550870b0\"},\"headline\":\"Itabira deve ter um dia com tempo fechado nesta quinta\",\"datePublished\":\"2026-02-12T09:40:47+00:00\",\"mainEntityOfPage\":{\"@id\":\"https:\\\/\\\/www.encontraminasgerais.com.br\\\/itabira\\\/itabira-deve-ter-um-dia-com-tempo-fechado-nesta-quinta\\\/\"},\"wordCount\":979,\"commentCount\":0,\"image\":{\"@id\":\"https:\\\/\\\/www.encontraminasgerais.com.br\\\/itabira\\\/itabira-deve-ter-um-dia-com-tempo-fechado-nesta-quinta\\\/#primaryimage\"},\"thumbnailUrl\":\"https:\\\/\\\/www.encontraminasgerais.com.br\\\/itabira\\\/wp-content\\\/uploads\\\/2026\\\/02\\\/itabira-deve-ter-um-dia-com-tempo-fechado-nesta-quinta.webp\",\"articleSection\":[\"Not\u00edcias Itabira\"],\"inLanguage\":\"pt-BR\",\"potentialAction\":[{\"@type\":\"CommentAction\",\"name\":\"Comment\",\"target\":[\"https:\\\/\\\/www.encontraminasgerais.com.br\\\/itabira\\\/itabira-deve-ter-um-dia-com-tempo-fechado-nesta-quinta\\\/#respond\"]}]},{\"@type\":\"WebPage\",\"@id\":\"https:\\\/\\\/www.encontraminasgerais.com.br\\\/itabira\\\/itabira-deve-ter-um-dia-com-tempo-fechado-nesta-quinta\\\/\",\"url\":\"https:\\\/\\\/www.encontraminasgerais.com.br\\\/itabira\\\/itabira-deve-ter-um-dia-com-tempo-fechado-nesta-quinta\\\/\",\"name\":\"Itabira deve ter um dia com tempo fechado nesta quinta | Guia Comercial de Itabira MG\",\"isPartOf\":{\"@id\":\"https:\\\/\\\/www.encontraminasgerais.com.br\\\/itabira\\\/#website\"},\"primaryImageOfPage\":{\"@id\":\"https:\\\/\\\/www.encontraminasgerais.com.br\\\/itabira\\\/itabira-deve-ter-um-dia-com-tempo-fechado-nesta-quinta\\\/#primaryimage\"},\"image\":{\"@id\":\"https:\\\/\\\/www.encontraminasgerais.com.br\\\/itabira\\\/itabira-deve-ter-um-dia-com-tempo-fechado-nesta-quinta\\\/#primaryimage\"},\"thumbnailUrl\":\"https:\\\/\\\/www.encontraminasgerais.com.br\\\/itabira\\\/wp-content\\\/uploads\\\/2026\\\/02\\\/itabira-deve-ter-um-dia-com-tempo-fechado-nesta-quinta.webp\",\"datePublished\":\"2026-02-12T09:40:47+00:00\",\"author\":{\"@id\":\"https:\\\/\\\/www.encontraminasgerais.com.br\\\/itabira\\\/#\\\/schema\\\/person\\\/9ae8a8f5ce59322c92e2499b550870b0\"},\"inLanguage\":\"pt-BR\",\"potentialAction\":[{\"@type\":\"ReadAction\",\"target\":[\"https:\\\/\\\/www.encontraminasgerais.com.br\\\/itabira\\\/itabira-deve-ter-um-dia-com-tempo-fechado-nesta-quinta\\\/\"]}]},{\"@type\":\"ImageObject\",\"inLanguage\":\"pt-BR\",\"@id\":\"https:\\\/\\\/www.encontraminasgerais.com.br\\\/itabira\\\/itabira-deve-ter-um-dia-com-tempo-fechado-nesta-quinta\\\/#primaryimage\",\"url\":\"https:\\\/\\\/www.encontraminasgerais.com.br\\\/itabira\\\/wp-content\\\/uploads\\\/2026\\\/02\\\/itabira-deve-ter-um-dia-com-tempo-fechado-nesta-quinta.webp\",\"contentUrl\":\"https:\\\/\\\/www.encontraminasgerais.com.br\\\/itabira\\\/wp-content\\\/uploads\\\/2026\\\/02\\\/itabira-deve-ter-um-dia-com-tempo-fechado-nesta-quinta.webp\",\"width\":280,\"height\":280,\"caption\":\"previs\u00e3o do tempo Itabira\"},{\"@type\":\"WebSite\",\"@id\":\"https:\\\/\\\/www.encontraminasgerais.com.br\\\/itabira\\\/#website\",\"url\":\"https:\\\/\\\/www.encontraminasgerais.com.br\\\/itabira\\\/\",\"name\":\"Guia Comercial de Itabira MG\",\"description\":\"ENCONTRA ITABIRA - O guia comercial de neg\u00f3cios e empresas, cultura e divers\u00e3o na cidade de Itabira. Feito 100% para voc\u00ea morador!\",\"potentialAction\":[{\"@type\":\"SearchAction\",\"target\":{\"@type\":\"EntryPoint\",\"urlTemplate\":\"https:\\\/\\\/www.encontraminasgerais.com.br\\\/itabira\\\/?s={search_term_string}\"},\"query-input\":{\"@type\":\"PropertyValueSpecification\",\"valueRequired\":true,\"valueName\":\"search_term_string\"}}],\"inLanguage\":\"pt-BR\"},{\"@type\":\"Person\",\"@id\":\"https:\\\/\\\/www.encontraminasgerais.com.br\\\/itabira\\\/#\\\/schema\\\/person\\\/9ae8a8f5ce59322c92e2499b550870b0\",\"name\":\"Encontra Itabira\",\"image\":{\"@type\":\"ImageObject\",\"inLanguage\":\"pt-BR\",\"@id\":\"https:\\\/\\\/secure.gravatar.com\\\/avatar\\\/c50c17820bcf322f0a8fd6b110b8c0918141409dc69076470f6fca5fee70a5d4?s=96&d=mm&r=g\",\"url\":\"https:\\\/\\\/secure.gravatar.com\\\/avatar\\\/c50c17820bcf322f0a8fd6b110b8c0918141409dc69076470f6fca5fee70a5d4?s=96&d=mm&r=g\",\"contentUrl\":\"https:\\\/\\\/secure.gravatar.com\\\/avatar\\\/c50c17820bcf322f0a8fd6b110b8c0918141409dc69076470f6fca5fee70a5d4?s=96&d=mm&r=g\",\"caption\":\"Encontra Itabira\"},\"url\":\"https:\\\/\\\/www.encontraminasgerais.com.br\\\/itabira\\\/author\\\/encontraitabira\\\/\"}]}<\/script>\n<!-- \/ Yoast SEO plugin. -->","yoast_head_json":{"title":"Itabira deve ter um dia com tempo fechado nesta quinta | Guia Comercial de Itabira MG","robots":{"index":"index","follow":"follow","max-snippet":"max-snippet:-1","max-image-preview":"max-image-preview:large","max-video-preview":"max-video-preview:-1"},"canonical":"https:\/\/www.encontraminasgerais.com.br\/itabira\/itabira-deve-ter-um-dia-com-tempo-fechado-nesta-quinta\/","og_locale":"pt_BR","og_type":"article","og_title":"Itabira deve ter um dia com tempo fechado nesta quinta | Guia Comercial de Itabira MG","og_description":"Itabira ter\u00e1 um dia com tempo fechado e temperaturas variando entre 16\u00b0C e 27\u00b0C.","og_url":"https:\/\/www.encontraminasgerais.com.br\/itabira\/itabira-deve-ter-um-dia-com-tempo-fechado-nesta-quinta\/","og_site_name":"Guia Comercial de Itabira MG","article_published_time":"2026-02-12T09:40:47+00:00","og_image":[{"url":"https:\/\/www.encontraminasgerais.com.br\/itabira\/wp-content\/uploads\/2026\/02\/itabira-deve-ter-um-dia-com-tempo-fechado-nesta-quinta.webp","type":"","width":"","height":""}],"author":"Encontra Itabira","twitter_card":"summary_large_image","twitter_misc":{"Escrito por":"Encontra Itabira","Est. tempo de leitura":"5 minutos"},"schema":{"@context":"https:\/\/schema.org","@graph":[{"@type":"Article","@id":"https:\/\/www.encontraminasgerais.com.br\/itabira\/itabira-deve-ter-um-dia-com-tempo-fechado-nesta-quinta\/#article","isPartOf":{"@id":"https:\/\/www.encontraminasgerais.com.br\/itabira\/itabira-deve-ter-um-dia-com-tempo-fechado-nesta-quinta\/"},"author":{"name":"Encontra Itabira","@id":"https:\/\/www.encontraminasgerais.com.br\/itabira\/#\/schema\/person\/9ae8a8f5ce59322c92e2499b550870b0"},"headline":"Itabira deve ter um dia com tempo fechado nesta quinta","datePublished":"2026-02-12T09:40:47+00:00","mainEntityOfPage":{"@id":"https:\/\/www.encontraminasgerais.com.br\/itabira\/itabira-deve-ter-um-dia-com-tempo-fechado-nesta-quinta\/"},"wordCount":979,"commentCount":0,"image":{"@id":"https:\/\/www.encontraminasgerais.com.br\/itabira\/itabira-deve-ter-um-dia-com-tempo-fechado-nesta-quinta\/#primaryimage"},"thumbnailUrl":"https:\/\/www.encontraminasgerais.com.br\/itabira\/wp-content\/uploads\/2026\/02\/itabira-deve-ter-um-dia-com-tempo-fechado-nesta-quinta.webp","articleSection":["Not\u00edcias Itabira"],"inLanguage":"pt-BR","potentialAction":[{"@type":"CommentAction","name":"Comment","target":["https:\/\/www.encontraminasgerais.com.br\/itabira\/itabira-deve-ter-um-dia-com-tempo-fechado-nesta-quinta\/#respond"]}]},{"@type":"WebPage","@id":"https:\/\/www.encontraminasgerais.com.br\/itabira\/itabira-deve-ter-um-dia-com-tempo-fechado-nesta-quinta\/","url":"https:\/\/www.encontraminasgerais.com.br\/itabira\/itabira-deve-ter-um-dia-com-tempo-fechado-nesta-quinta\/","name":"Itabira deve ter um dia com tempo fechado nesta quinta | Guia Comercial de Itabira MG","isPartOf":{"@id":"https:\/\/www.encontraminasgerais.com.br\/itabira\/#website"},"primaryImageOfPage":{"@id":"https:\/\/www.encontraminasgerais.com.br\/itabira\/itabira-deve-ter-um-dia-com-tempo-fechado-nesta-quinta\/#primaryimage"},"image":{"@id":"https:\/\/www.encontraminasgerais.com.br\/itabira\/itabira-deve-ter-um-dia-com-tempo-fechado-nesta-quinta\/#primaryimage"},"thumbnailUrl":"https:\/\/www.encontraminasgerais.com.br\/itabira\/wp-content\/uploads\/2026\/02\/itabira-deve-ter-um-dia-com-tempo-fechado-nesta-quinta.webp","datePublished":"2026-02-12T09:40:47+00:00","author":{"@id":"https:\/\/www.encontraminasgerais.com.br\/itabira\/#\/schema\/person\/9ae8a8f5ce59322c92e2499b550870b0"},"inLanguage":"pt-BR","potentialAction":[{"@type":"ReadAction","target":["https:\/\/www.encontraminasgerais.com.br\/itabira\/itabira-deve-ter-um-dia-com-tempo-fechado-nesta-quinta\/"]}]},{"@type":"ImageObject","inLanguage":"pt-BR","@id":"https:\/\/www.encontraminasgerais.com.br\/itabira\/itabira-deve-ter-um-dia-com-tempo-fechado-nesta-quinta\/#primaryimage","url":"https:\/\/www.encontraminasgerais.com.br\/itabira\/wp-content\/uploads\/2026\/02\/itabira-deve-ter-um-dia-com-tempo-fechado-nesta-quinta.webp","contentUrl":"https:\/\/www.encontraminasgerais.com.br\/itabira\/wp-content\/uploads\/2026\/02\/itabira-deve-ter-um-dia-com-tempo-fechado-nesta-quinta.webp","width":280,"height":280,"caption":"previs\u00e3o do tempo Itabira"},{"@type":"WebSite","@id":"https:\/\/www.encontraminasgerais.com.br\/itabira\/#website","url":"https:\/\/www.encontraminasgerais.com.br\/itabira\/","name":"Guia Comercial de Itabira MG","description":"ENCONTRA ITABIRA - O guia comercial de neg\u00f3cios e empresas, cultura e divers\u00e3o na cidade de Itabira. Feito 100% para voc\u00ea morador!","potentialAction":[{"@type":"SearchAction","target":{"@type":"EntryPoint","urlTemplate":"https:\/\/www.encontraminasgerais.com.br\/itabira\/?s={search_term_string}"},"query-input":{"@type":"PropertyValueSpecification","valueRequired":true,"valueName":"search_term_string"}}],"inLanguage":"pt-BR"},{"@type":"Person","@id":"https:\/\/www.encontraminasgerais.com.br\/itabira\/#\/schema\/person\/9ae8a8f5ce59322c92e2499b550870b0","name":"Encontra Itabira","image":{"@type":"ImageObject","inLanguage":"pt-BR","@id":"https:\/\/secure.gravatar.com\/avatar\/c50c17820bcf322f0a8fd6b110b8c0918141409dc69076470f6fca5fee70a5d4?s=96&d=mm&r=g","url":"https:\/\/secure.gravatar.com\/avatar\/c50c17820bcf322f0a8fd6b110b8c0918141409dc69076470f6fca5fee70a5d4?s=96&d=mm&r=g","contentUrl":"https:\/\/secure.gravatar.com\/avatar\/c50c17820bcf322f0a8fd6b110b8c0918141409dc69076470f6fca5fee70a5d4?s=96&d=mm&r=g","caption":"Encontra Itabira"},"url":"https:\/\/www.encontraminasgerais.com.br\/itabira\/author\/encontraitabira\/"}]}},"_links":{"self":[{"href":"https:\/\/www.encontraminasgerais.com.br\/itabira\/wp-json\/wp\/v2\/posts\/5291","targetHints":{"allow":["GET"]}}],"collection":[{"href":"https:\/\/www.encontraminasgerais.com.br\/itabira\/wp-json\/wp\/v2\/posts"}],"about":[{"href":"https:\/\/www.encontraminasgerais.com.br\/itabira\/wp-json\/wp\/v2\/types\/post"}],"author":[{"embeddable":true,"href":"https:\/\/www.encontraminasgerais.com.br\/itabira\/wp-json\/wp\/v2\/users\/1"}],"replies":[{"embeddable":true,"href":"https:\/\/www.encontraminasgerais.com.br\/itabira\/wp-json\/wp\/v2\/comments?post=5291"}],"version-history":[{"count":0,"href":"https:\/\/www.encontraminasgerais.com.br\/itabira\/wp-json\/wp\/v2\/posts\/5291\/revisions"}],"wp:featuredmedia":[{"embeddable":true,"href":"https:\/\/www.encontraminasgerais.com.br\/itabira\/wp-json\/wp\/v2\/media\/5290"}],"wp:attachment":[{"href":"https:\/\/www.encontraminasgerais.com.br\/itabira\/wp-json\/wp\/v2\/media?parent=5291"}],"wp:term":[{"taxonomy":"category","embeddable":true,"href":"https:\/\/www.encontraminasgerais.com.br\/itabira\/wp-json\/wp\/v2\/categories?post=5291"},{"taxonomy":"post_tag","embeddable":true,"href":"https:\/\/www.encontraminasgerais.com.br\/itabira\/wp-json\/wp\/v2\/tags?post=5291"}],"curies":[{"name":"wp","href":"https:\/\/api.w.org\/{rel}","templated":true}]}}