{"id":5347,"date":"2026-02-23T06:40:23","date_gmt":"2026-02-23T09:40:23","guid":{"rendered":"https:\/\/www.encontraminasgerais.com.br\/itabira\/itabira-deve-ter-um-dia-com-trovoes-e-raios-nesta-segunda\/"},"modified":"2026-02-23T06:40:23","modified_gmt":"2026-02-23T09:40:23","slug":"itabira-deve-ter-um-dia-com-trovoes-e-raios-nesta-segunda","status":"publish","type":"post","link":"https:\/\/www.encontraminasgerais.com.br\/itabira\/itabira-deve-ter-um-dia-com-trovoes-e-raios-nesta-segunda\/","title":{"rendered":"Itabira deve ter um dia com trov\u00f5es e raios nesta segunda"},"content":{"rendered":"<h2>Condicionantes do Tempo em Itabira<\/h2>\n<p>A previs\u00e3o meteorol\u00f3gica para Itabira, localizada em Minas Gerais, indica que a cidade enfrentar\u00e1 um dia marcado por condi\u00e7\u00f5es clim\u00e1ticas severas, incluindo a presen\u00e7a de trov\u00f5es e raios. De acordo com o <strong>Instituto Nacional de Meteorologia (INMET)<\/strong>, as temperaturas devem variar de 20\u00b0C a 26\u00b0C, proporcionando um ambiente propenso a \u00e1reas de instabilidade atmosf\u00e9rica.<\/p>\n<h2>Expectativa de Temperaturas<\/h2>\n<p>Iniciando a madrugada, os term\u00f4metros devem marcar 20\u00b0C, resultando em um clima agrad\u00e1vel nas primeiras horas do dia. Pela manh\u00e3, as temperaturas podem subir at\u00e9 26\u00b0C, mantendo-se est\u00e1veis at\u00e9 o in\u00edcio da tarde. \u00c0 noite, espera-se um retorno \u00e0 temperatura de 20\u00b0C, sem grandes oscila\u00e7\u00f5es.<\/p>\n<h2>Impacto da Umidade Relativa<\/h2>\n<p>A umidade relativa do ar em Itabira apresentar\u00e1 varia\u00e7\u00f5es significativas ao longo do dia. Durante a manh\u00e3, a umidade poder\u00e1 alcan\u00e7ar 100%, especialmente com a presen\u00e7a de nuvens e chuvas que favorecem a condensa\u00e7\u00e3o. \u00c0 tarde, essa porcentagem dever\u00e1 cair para cerca de 70%, especialmente nos momentos de seca localizados.<\/p>\n<p><img decoding=\"async\" src=\"https:\/\/www.encontraminasgerais.com.br\/itabira\/wp-content\/uploads\/2026\/02\/itabira-deve-ter-um-dia-com-trovoes-e-raios-nesta-segunda.webp\" alt=\"trov\u00f5es e raios\" loading=\"lazy\" \/><\/p>\n<h2>Dire\u00e7\u00e3o e Intensidade do Vento<\/h2>\n<p>Os ventos em Itabira estar\u00e3o predominantemente fracos, com seus movimentos direcionados do leste ao nordeste. Para os interessados em eventos solares, o nascer do sol est\u00e1 programado para 05h49, enquanto o p\u00f4r do sol ocorrer\u00e1 \u00e0s 18h26, definindo um ciclo completo de luz e escurid\u00e3o nas 24 horas do dia.<\/p>\n<h2>Previs\u00e3o para os Pr\u00f3ximos Dias<\/h2>\n<ul>\n<li><strong>Amanh\u00e3:<\/strong> Previs\u00e3o de pancadas intensas pela manh\u00e3, seguidas de chuvas localizadas \u00e0 tarde. A temperatura deve variar entre 20\u00b0C e 27\u00b0C.<\/li>\n<li><strong>Quarta-feira (25\/02\/2026):<\/strong> Expectativa de 20\u00b0C a 27\u00b0C, com poss\u00edveis chuvas r\u00e1pidas.<\/li>\n<li><strong>Quinta-feira (26\/02\/2026):<\/strong> Temperaturas entre 20\u00b0C e 28\u00b0C, continuando com a possibilidade de trovoadas.<\/li>\n<li><strong>Sexta-feira (27\/02\/2026):<\/strong> Frio e \u00famido, variando de 18\u00b0C a 25\u00b0C, trazendo um clima mais molhado.<\/li>\n<\/ul>\n<h2>Impactos das Tempestades<\/h2>\n<p>A ocorr\u00eancia de tempestades pode causar impactos significativos na comunidade, incluindo: interrup\u00e7\u00f5es no fornecimento de energia el\u00e9trica, alagamentos em \u00e1reas propensas, e riscos \u00e0 seguran\u00e7a nas estradas. Portanto, \u00e9 crucial que moradores estejam preparados para poss\u00edveis emerg\u00eancias e sigam as orienta\u00e7\u00f5es das autoridades locais.<\/p>\n<h2>Dicas para se Proteger<\/h2>\n<p>Para evitar riscos durante tempestades, recomenda-se adotar a\u00e7\u00f5es como:<\/p>\n<ul>\n<li><strong>Mantenha-se Informado:<\/strong> Acompanhe as atualiza\u00e7\u00f5es meteorol\u00f3gicas para ajustar seus planos.<\/li>\n<li><strong>Prepare um Kit de Emerg\u00eancia:<\/strong> Inclua \u00e1gua, alimentos n\u00e3o perec\u00edveis, lanternas e pilhas.<\/li>\n<li><strong>Evite \u00c1reas de Risco:<\/strong> N\u00e3o busque abrigo em lugares vulner\u00e1veis a alagamentos ou quedas de \u00e1rvores.<\/li>\n<\/ul>\n<h2>Radar Meteorol\u00f3gico em Itabira<\/h2>\n<p>O radar meteorol\u00f3gico fornece informa\u00e7\u00f5es em tempo real sobre as condi\u00e7\u00f5es clim\u00e1ticas, permitindo que a popula\u00e7\u00e3o analise a movimenta\u00e7\u00e3o de tempestades e a dire\u00e7\u00e3o do vento. Esses dados s\u00e3o inestim\u00e1veis para a organiza\u00e7\u00e3o de atividades ao ar livre e planejamento de deslocamentos.<\/p>\n<h2>A Hist\u00f3ria de Tempestades na Regi\u00e3o<\/h2>\n<p>Historicamente, a regi\u00e3o de Itabira j\u00e1 vivenciou eventos clim\u00e1ticos extremos, que variam desde temporais torrenciais a secas prolongadas. O estudo desses fen\u00f4menos \u00e9 essencial para entender as mudan\u00e7as clim\u00e1ticas e a adapta\u00e7\u00e3o das comunidades \u00e0s varia\u00e7\u00f5es do clima.<\/p>\n<h2>Prepara\u00e7\u00e3o para Eventos Clim\u00e1ticos<\/h2>\n<p>\u00c9 fundamental que a popula\u00e7\u00e3o esteja bem informada e preparada para enfrentar tempestades e outros eventos clim\u00e1ticos adversos. Programas de conscientiza\u00e7\u00e3o e treinamentos podem capacitar os cidad\u00e3os a responder de maneira eficaz diante de desastres naturais, minimizando riscos e perdas.<\/p>\n","protected":false},"excerpt":{"rendered":"<p>Itabira ter\u00e1 um dia tumultuado com trov\u00f5es e raios nesta segunda-feira.<\/p>\n","protected":false},"author":1,"featured_media":5346,"comment_status":"open","ping_status":"open","sticky":false,"template":"","format":"standard","meta":{"footnotes":""},"categories":[5],"tags":[],"class_list":["post-5347","post","type-post","status-publish","format-standard","has-post-thumbnail","hentry","category-noticias","has_thumb"],"yoast_head":"<!-- This site is optimized with the Yoast SEO plugin v28.1 - https:\/\/yoast.com\/product\/yoast-seo-wordpress\/ -->\n<title>Itabira deve ter um dia com trov\u00f5es e raios nesta segunda | Guia Comercial de Itabira MG<\/title>\n<meta name=\"robots\" content=\"index, follow, max-snippet:-1, max-image-preview:large, max-video-preview:-1\" \/>\n<link rel=\"canonical\" href=\"https:\/\/www.encontraminasgerais.com.br\/itabira\/itabira-deve-ter-um-dia-com-trovoes-e-raios-nesta-segunda\/\" \/>\n<meta property=\"og:locale\" content=\"pt_BR\" \/>\n<meta property=\"og:type\" content=\"article\" \/>\n<meta property=\"og:title\" content=\"Itabira deve ter um dia com trov\u00f5es e raios nesta segunda | Guia Comercial de Itabira MG\" \/>\n<meta property=\"og:description\" content=\"Itabira ter\u00e1 um dia tumultuado com trov\u00f5es e raios nesta segunda-feira.\" \/>\n<meta property=\"og:url\" content=\"https:\/\/www.encontraminasgerais.com.br\/itabira\/itabira-deve-ter-um-dia-com-trovoes-e-raios-nesta-segunda\/\" \/>\n<meta property=\"og:site_name\" content=\"Guia Comercial de Itabira MG\" \/>\n<meta property=\"article:published_time\" content=\"2026-02-23T09:40:23+00:00\" \/>\n<meta property=\"og:image\" content=\"https:\/\/www.encontraminasgerais.com.br\/itabira\/wp-content\/uploads\/2026\/02\/itabira-deve-ter-um-dia-com-trovoes-e-raios-nesta-segunda.webp\" \/>\n<meta name=\"author\" content=\"Encontra Itabira\" \/>\n<meta name=\"twitter:card\" content=\"summary_large_image\" \/>\n<meta name=\"twitter:label1\" content=\"Escrito por\" \/>\n\t<meta name=\"twitter:data1\" content=\"Encontra Itabira\" \/>\n\t<meta name=\"twitter:label2\" content=\"Est. tempo de leitura\" \/>\n\t<meta name=\"twitter:data2\" content=\"3 minutos\" \/>\n<script type=\"application\/ld+json\" class=\"yoast-schema-graph\">{\"@context\":\"https:\\\/\\\/schema.org\",\"@graph\":[{\"@type\":\"Article\",\"@id\":\"https:\\\/\\\/www.encontraminasgerais.com.br\\\/itabira\\\/itabira-deve-ter-um-dia-com-trovoes-e-raios-nesta-segunda\\\/#article\",\"isPartOf\":{\"@id\":\"https:\\\/\\\/www.encontraminasgerais.com.br\\\/itabira\\\/itabira-deve-ter-um-dia-com-trovoes-e-raios-nesta-segunda\\\/\"},\"author\":{\"name\":\"Encontra Itabira\",\"@id\":\"https:\\\/\\\/www.encontraminasgerais.com.br\\\/itabira\\\/#\\\/schema\\\/person\\\/9ae8a8f5ce59322c92e2499b550870b0\"},\"headline\":\"Itabira deve ter um dia com trov\u00f5es e raios nesta segunda\",\"datePublished\":\"2026-02-23T09:40:23+00:00\",\"mainEntityOfPage\":{\"@id\":\"https:\\\/\\\/www.encontraminasgerais.com.br\\\/itabira\\\/itabira-deve-ter-um-dia-com-trovoes-e-raios-nesta-segunda\\\/\"},\"wordCount\":578,\"commentCount\":0,\"image\":{\"@id\":\"https:\\\/\\\/www.encontraminasgerais.com.br\\\/itabira\\\/itabira-deve-ter-um-dia-com-trovoes-e-raios-nesta-segunda\\\/#primaryimage\"},\"thumbnailUrl\":\"https:\\\/\\\/www.encontraminasgerais.com.br\\\/itabira\\\/wp-content\\\/uploads\\\/2026\\\/02\\\/itabira-deve-ter-um-dia-com-trovoes-e-raios-nesta-segunda.webp\",\"articleSection\":[\"Not\u00edcias Itabira\"],\"inLanguage\":\"pt-BR\",\"potentialAction\":[{\"@type\":\"CommentAction\",\"name\":\"Comment\",\"target\":[\"https:\\\/\\\/www.encontraminasgerais.com.br\\\/itabira\\\/itabira-deve-ter-um-dia-com-trovoes-e-raios-nesta-segunda\\\/#respond\"]}]},{\"@type\":\"WebPage\",\"@id\":\"https:\\\/\\\/www.encontraminasgerais.com.br\\\/itabira\\\/itabira-deve-ter-um-dia-com-trovoes-e-raios-nesta-segunda\\\/\",\"url\":\"https:\\\/\\\/www.encontraminasgerais.com.br\\\/itabira\\\/itabira-deve-ter-um-dia-com-trovoes-e-raios-nesta-segunda\\\/\",\"name\":\"Itabira deve ter um dia com trov\u00f5es e raios nesta segunda | Guia Comercial de Itabira MG\",\"isPartOf\":{\"@id\":\"https:\\\/\\\/www.encontraminasgerais.com.br\\\/itabira\\\/#website\"},\"primaryImageOfPage\":{\"@id\":\"https:\\\/\\\/www.encontraminasgerais.com.br\\\/itabira\\\/itabira-deve-ter-um-dia-com-trovoes-e-raios-nesta-segunda\\\/#primaryimage\"},\"image\":{\"@id\":\"https:\\\/\\\/www.encontraminasgerais.com.br\\\/itabira\\\/itabira-deve-ter-um-dia-com-trovoes-e-raios-nesta-segunda\\\/#primaryimage\"},\"thumbnailUrl\":\"https:\\\/\\\/www.encontraminasgerais.com.br\\\/itabira\\\/wp-content\\\/uploads\\\/2026\\\/02\\\/itabira-deve-ter-um-dia-com-trovoes-e-raios-nesta-segunda.webp\",\"datePublished\":\"2026-02-23T09:40:23+00:00\",\"author\":{\"@id\":\"https:\\\/\\\/www.encontraminasgerais.com.br\\\/itabira\\\/#\\\/schema\\\/person\\\/9ae8a8f5ce59322c92e2499b550870b0\"},\"inLanguage\":\"pt-BR\",\"potentialAction\":[{\"@type\":\"ReadAction\",\"target\":[\"https:\\\/\\\/www.encontraminasgerais.com.br\\\/itabira\\\/itabira-deve-ter-um-dia-com-trovoes-e-raios-nesta-segunda\\\/\"]}]},{\"@type\":\"ImageObject\",\"inLanguage\":\"pt-BR\",\"@id\":\"https:\\\/\\\/www.encontraminasgerais.com.br\\\/itabira\\\/itabira-deve-ter-um-dia-com-trovoes-e-raios-nesta-segunda\\\/#primaryimage\",\"url\":\"https:\\\/\\\/www.encontraminasgerais.com.br\\\/itabira\\\/wp-content\\\/uploads\\\/2026\\\/02\\\/itabira-deve-ter-um-dia-com-trovoes-e-raios-nesta-segunda.webp\",\"contentUrl\":\"https:\\\/\\\/www.encontraminasgerais.com.br\\\/itabira\\\/wp-content\\\/uploads\\\/2026\\\/02\\\/itabira-deve-ter-um-dia-com-trovoes-e-raios-nesta-segunda.webp\",\"width\":280,\"height\":280,\"caption\":\"trov\u00f5es e raios\"},{\"@type\":\"WebSite\",\"@id\":\"https:\\\/\\\/www.encontraminasgerais.com.br\\\/itabira\\\/#website\",\"url\":\"https:\\\/\\\/www.encontraminasgerais.com.br\\\/itabira\\\/\",\"name\":\"Guia Comercial de Itabira MG\",\"description\":\"ENCONTRA ITABIRA - O guia comercial de neg\u00f3cios e empresas, cultura e divers\u00e3o na cidade de Itabira. Feito 100% para voc\u00ea morador!\",\"potentialAction\":[{\"@type\":\"SearchAction\",\"target\":{\"@type\":\"EntryPoint\",\"urlTemplate\":\"https:\\\/\\\/www.encontraminasgerais.com.br\\\/itabira\\\/?s={search_term_string}\"},\"query-input\":{\"@type\":\"PropertyValueSpecification\",\"valueRequired\":true,\"valueName\":\"search_term_string\"}}],\"inLanguage\":\"pt-BR\"},{\"@type\":\"Person\",\"@id\":\"https:\\\/\\\/www.encontraminasgerais.com.br\\\/itabira\\\/#\\\/schema\\\/person\\\/9ae8a8f5ce59322c92e2499b550870b0\",\"name\":\"Encontra Itabira\",\"image\":{\"@type\":\"ImageObject\",\"inLanguage\":\"pt-BR\",\"@id\":\"https:\\\/\\\/secure.gravatar.com\\\/avatar\\\/c50c17820bcf322f0a8fd6b110b8c0918141409dc69076470f6fca5fee70a5d4?s=96&d=mm&r=g\",\"url\":\"https:\\\/\\\/secure.gravatar.com\\\/avatar\\\/c50c17820bcf322f0a8fd6b110b8c0918141409dc69076470f6fca5fee70a5d4?s=96&d=mm&r=g\",\"contentUrl\":\"https:\\\/\\\/secure.gravatar.com\\\/avatar\\\/c50c17820bcf322f0a8fd6b110b8c0918141409dc69076470f6fca5fee70a5d4?s=96&d=mm&r=g\",\"caption\":\"Encontra Itabira\"},\"url\":\"https:\\\/\\\/www.encontraminasgerais.com.br\\\/itabira\\\/author\\\/encontraitabira\\\/\"}]}<\/script>\n<!-- \/ Yoast SEO plugin. -->","yoast_head_json":{"title":"Itabira deve ter um dia com trov\u00f5es e raios nesta segunda | Guia Comercial de Itabira MG","robots":{"index":"index","follow":"follow","max-snippet":"max-snippet:-1","max-image-preview":"max-image-preview:large","max-video-preview":"max-video-preview:-1"},"canonical":"https:\/\/www.encontraminasgerais.com.br\/itabira\/itabira-deve-ter-um-dia-com-trovoes-e-raios-nesta-segunda\/","og_locale":"pt_BR","og_type":"article","og_title":"Itabira deve ter um dia com trov\u00f5es e raios nesta segunda | Guia Comercial de Itabira MG","og_description":"Itabira ter\u00e1 um dia tumultuado com trov\u00f5es e raios nesta segunda-feira.","og_url":"https:\/\/www.encontraminasgerais.com.br\/itabira\/itabira-deve-ter-um-dia-com-trovoes-e-raios-nesta-segunda\/","og_site_name":"Guia Comercial de Itabira MG","article_published_time":"2026-02-23T09:40:23+00:00","og_image":[{"url":"https:\/\/www.encontraminasgerais.com.br\/itabira\/wp-content\/uploads\/2026\/02\/itabira-deve-ter-um-dia-com-trovoes-e-raios-nesta-segunda.webp","type":"","width":"","height":""}],"author":"Encontra Itabira","twitter_card":"summary_large_image","twitter_misc":{"Escrito por":"Encontra Itabira","Est. tempo de leitura":"3 minutos"},"schema":{"@context":"https:\/\/schema.org","@graph":[{"@type":"Article","@id":"https:\/\/www.encontraminasgerais.com.br\/itabira\/itabira-deve-ter-um-dia-com-trovoes-e-raios-nesta-segunda\/#article","isPartOf":{"@id":"https:\/\/www.encontraminasgerais.com.br\/itabira\/itabira-deve-ter-um-dia-com-trovoes-e-raios-nesta-segunda\/"},"author":{"name":"Encontra Itabira","@id":"https:\/\/www.encontraminasgerais.com.br\/itabira\/#\/schema\/person\/9ae8a8f5ce59322c92e2499b550870b0"},"headline":"Itabira deve ter um dia com trov\u00f5es e raios nesta segunda","datePublished":"2026-02-23T09:40:23+00:00","mainEntityOfPage":{"@id":"https:\/\/www.encontraminasgerais.com.br\/itabira\/itabira-deve-ter-um-dia-com-trovoes-e-raios-nesta-segunda\/"},"wordCount":578,"commentCount":0,"image":{"@id":"https:\/\/www.encontraminasgerais.com.br\/itabira\/itabira-deve-ter-um-dia-com-trovoes-e-raios-nesta-segunda\/#primaryimage"},"thumbnailUrl":"https:\/\/www.encontraminasgerais.com.br\/itabira\/wp-content\/uploads\/2026\/02\/itabira-deve-ter-um-dia-com-trovoes-e-raios-nesta-segunda.webp","articleSection":["Not\u00edcias Itabira"],"inLanguage":"pt-BR","potentialAction":[{"@type":"CommentAction","name":"Comment","target":["https:\/\/www.encontraminasgerais.com.br\/itabira\/itabira-deve-ter-um-dia-com-trovoes-e-raios-nesta-segunda\/#respond"]}]},{"@type":"WebPage","@id":"https:\/\/www.encontraminasgerais.com.br\/itabira\/itabira-deve-ter-um-dia-com-trovoes-e-raios-nesta-segunda\/","url":"https:\/\/www.encontraminasgerais.com.br\/itabira\/itabira-deve-ter-um-dia-com-trovoes-e-raios-nesta-segunda\/","name":"Itabira deve ter um dia com trov\u00f5es e raios nesta segunda | Guia Comercial de Itabira MG","isPartOf":{"@id":"https:\/\/www.encontraminasgerais.com.br\/itabira\/#website"},"primaryImageOfPage":{"@id":"https:\/\/www.encontraminasgerais.com.br\/itabira\/itabira-deve-ter-um-dia-com-trovoes-e-raios-nesta-segunda\/#primaryimage"},"image":{"@id":"https:\/\/www.encontraminasgerais.com.br\/itabira\/itabira-deve-ter-um-dia-com-trovoes-e-raios-nesta-segunda\/#primaryimage"},"thumbnailUrl":"https:\/\/www.encontraminasgerais.com.br\/itabira\/wp-content\/uploads\/2026\/02\/itabira-deve-ter-um-dia-com-trovoes-e-raios-nesta-segunda.webp","datePublished":"2026-02-23T09:40:23+00:00","author":{"@id":"https:\/\/www.encontraminasgerais.com.br\/itabira\/#\/schema\/person\/9ae8a8f5ce59322c92e2499b550870b0"},"inLanguage":"pt-BR","potentialAction":[{"@type":"ReadAction","target":["https:\/\/www.encontraminasgerais.com.br\/itabira\/itabira-deve-ter-um-dia-com-trovoes-e-raios-nesta-segunda\/"]}]},{"@type":"ImageObject","inLanguage":"pt-BR","@id":"https:\/\/www.encontraminasgerais.com.br\/itabira\/itabira-deve-ter-um-dia-com-trovoes-e-raios-nesta-segunda\/#primaryimage","url":"https:\/\/www.encontraminasgerais.com.br\/itabira\/wp-content\/uploads\/2026\/02\/itabira-deve-ter-um-dia-com-trovoes-e-raios-nesta-segunda.webp","contentUrl":"https:\/\/www.encontraminasgerais.com.br\/itabira\/wp-content\/uploads\/2026\/02\/itabira-deve-ter-um-dia-com-trovoes-e-raios-nesta-segunda.webp","width":280,"height":280,"caption":"trov\u00f5es e raios"},{"@type":"WebSite","@id":"https:\/\/www.encontraminasgerais.com.br\/itabira\/#website","url":"https:\/\/www.encontraminasgerais.com.br\/itabira\/","name":"Guia Comercial de Itabira MG","description":"ENCONTRA ITABIRA - O guia comercial de neg\u00f3cios e empresas, cultura e divers\u00e3o na cidade de Itabira. Feito 100% para voc\u00ea morador!","potentialAction":[{"@type":"SearchAction","target":{"@type":"EntryPoint","urlTemplate":"https:\/\/www.encontraminasgerais.com.br\/itabira\/?s={search_term_string}"},"query-input":{"@type":"PropertyValueSpecification","valueRequired":true,"valueName":"search_term_string"}}],"inLanguage":"pt-BR"},{"@type":"Person","@id":"https:\/\/www.encontraminasgerais.com.br\/itabira\/#\/schema\/person\/9ae8a8f5ce59322c92e2499b550870b0","name":"Encontra Itabira","image":{"@type":"ImageObject","inLanguage":"pt-BR","@id":"https:\/\/secure.gravatar.com\/avatar\/c50c17820bcf322f0a8fd6b110b8c0918141409dc69076470f6fca5fee70a5d4?s=96&d=mm&r=g","url":"https:\/\/secure.gravatar.com\/avatar\/c50c17820bcf322f0a8fd6b110b8c0918141409dc69076470f6fca5fee70a5d4?s=96&d=mm&r=g","contentUrl":"https:\/\/secure.gravatar.com\/avatar\/c50c17820bcf322f0a8fd6b110b8c0918141409dc69076470f6fca5fee70a5d4?s=96&d=mm&r=g","caption":"Encontra Itabira"},"url":"https:\/\/www.encontraminasgerais.com.br\/itabira\/author\/encontraitabira\/"}]}},"_links":{"self":[{"href":"https:\/\/www.encontraminasgerais.com.br\/itabira\/wp-json\/wp\/v2\/posts\/5347","targetHints":{"allow":["GET"]}}],"collection":[{"href":"https:\/\/www.encontraminasgerais.com.br\/itabira\/wp-json\/wp\/v2\/posts"}],"about":[{"href":"https:\/\/www.encontraminasgerais.com.br\/itabira\/wp-json\/wp\/v2\/types\/post"}],"author":[{"embeddable":true,"href":"https:\/\/www.encontraminasgerais.com.br\/itabira\/wp-json\/wp\/v2\/users\/1"}],"replies":[{"embeddable":true,"href":"https:\/\/www.encontraminasgerais.com.br\/itabira\/wp-json\/wp\/v2\/comments?post=5347"}],"version-history":[{"count":0,"href":"https:\/\/www.encontraminasgerais.com.br\/itabira\/wp-json\/wp\/v2\/posts\/5347\/revisions"}],"wp:featuredmedia":[{"embeddable":true,"href":"https:\/\/www.encontraminasgerais.com.br\/itabira\/wp-json\/wp\/v2\/media\/5346"}],"wp:attachment":[{"href":"https:\/\/www.encontraminasgerais.com.br\/itabira\/wp-json\/wp\/v2\/media?parent=5347"}],"wp:term":[{"taxonomy":"category","embeddable":true,"href":"https:\/\/www.encontraminasgerais.com.br\/itabira\/wp-json\/wp\/v2\/categories?post=5347"},{"taxonomy":"post_tag","embeddable":true,"href":"https:\/\/www.encontraminasgerais.com.br\/itabira\/wp-json\/wp\/v2\/tags?post=5347"}],"curies":[{"name":"wp","href":"https:\/\/api.w.org\/{rel}","templated":true}]}}