{"id":5353,"date":"2026-02-24T06:27:56","date_gmt":"2026-02-24T09:27:56","guid":{"rendered":"https:\/\/www.encontraminasgerais.com.br\/itabira\/alerta-de-temporais-nesta-segunda-23-em-itabira-e-mg\/"},"modified":"2026-02-24T06:27:56","modified_gmt":"2026-02-24T09:27:56","slug":"alerta-de-temporais-nesta-segunda-23-em-itabira-e-mg","status":"publish","type":"post","link":"https:\/\/www.encontraminasgerais.com.br\/itabira\/alerta-de-temporais-nesta-segunda-23-em-itabira-e-mg\/","title":{"rendered":"Alerta de temporais nesta segunda (23) em Itabira e MG"},"content":{"rendered":"<h2>Previs\u00e3o do Tempo para Itabira<\/h2>\n<p>No dia 23 de fevereiro de 2026, a cidade de Itabira e diversas \u00e1reas de Minas Gerais enfrentam um clima inst\u00e1vel. O c\u00e9u estar\u00e1 predominantemente nublado ou completamente encoberto, trazendo pancadas de chuva ao longo do dia e a possibilidade de trovoadas de forma isolada.<\/p>\n<h2>Temperaturas Variando ao Longo do Dia<\/h2>\n<p>As temperaturas em Itabira come\u00e7ar\u00e1 em 19\u00b0C durante as primeiras horas da manh\u00e3 e poder\u00e1 atingir at\u00e9 28\u00b0C \u00e0 tarde. O calor combinado com a alta umidade do ar propicia a forma\u00e7\u00e3o de nuvens carregadas, elevando a probabilidade de temporais r\u00e1pidos. Esses fen\u00f4menos podem vir acompanhados de rajadas de vento significativas e descargas el\u00e9tricas.<\/p>\n<h2>Pancadas de Chuva ao Longo do Dia<\/h2>\n<p>O padr\u00e3o de chuva ser\u00e1 semelhante em todo o estado. Regi\u00f5es como a Metropolitana de Belo Horizonte, Zona da Mata, Norte de Minas e Vale do Rio Doce tamb\u00e9m devem vivenciar chuvas, algumas delas podendo ser intensas. \u00c9 esperado que haja acumulados significativos de \u00e1gua em um curto espa\u00e7o de tempo, o que pode ocasionar alagamentos em \u00e1reas urbanas.<\/p>\n<p><img decoding=\"async\" src=\"https:\/\/www.encontraminasgerais.com.br\/itabira\/wp-content\/uploads\/2026\/02\/alerta-de-temporais-nesta-segunda-23-em-itabira-e-mg.webp\" alt=\"Alerta de temporais em Itabira e MG\" loading=\"lazy\" \/><\/p>\n<h2>Alerta de Enchentes em Minas Gerais<\/h2>\n<p>O Instituto Nacional de Meteorologia (Inmet) emitiu alertas sobre chuvas intensas que afetam diversas cidades do estado. Esse aviso ressalta a necessidade de aten\u00e7\u00e3o redobrada, sobretudo em locais propensos a deslizamentos e enxurradas.<\/p>\n<h2>Riscos de Alagamento em \u00c1reas Urbanas<\/h2>\n<p>Com as chuvas previstas, os riscos de alagamentos aumentam em \u00e1reas urbanas, especialmente em regi\u00f5es que costumam acumular \u00e1gua. A combina\u00e7\u00e3o de volumes altos de chuva com sistemas de drenagem insuficientes pode levar ao transtorno de alagamentos, prejudicando a circula\u00e7\u00e3o e a rotina dos moradores.<\/p>\n<h2>Cuidados Durante as Tempestades<\/h2>\n<p>\u00c9 fundamental tomar certas precau\u00e7\u00f5es durante tempestades para garantir a seguran\u00e7a. Recomenda-se:<\/p>\n<ul>\n<li><strong>Evitar abrigar-se sob \u00e1rvores:<\/strong> Elas podem se tornar perigosas durante ventos fortes.<\/li>\n<li><strong>N\u00e3o estacionar ve\u00edculos pr\u00f3ximos a torres ou placas met\u00e1licas:<\/strong> O risco de queda \u00e9 maior durante as tempestades.<\/li>\n<li><strong>Acompanhar as informa\u00e7\u00f5es meteorol\u00f3gicas:<\/strong> Fique atento \u00e0s atualiza\u00e7\u00f5es de \u00f3rg\u00e3os oficiais para se manter informado sobre a evolu\u00e7\u00e3o da situa\u00e7\u00e3o clim\u00e1tica.<\/li>\n<\/ul>\n<h2>Recomenda\u00e7\u00f5es do Inmet para a Popula\u00e7\u00e3o<\/h2>\n<p>O Inmet refor\u00e7a que a popula\u00e7\u00e3o deve permanecer atenta aos avisos sobre condi\u00e7\u00f5es clim\u00e1ticas severas. Manter-se informado sobre o tempo e observar as orienta\u00e7\u00f5es fornecidas pode ser crucial em momentos de instabilidade, principalmente em regi\u00f5es de risco.<\/p>\n<h2>Impactos da Chuva em Minas Gerais<\/h2>\n<p>A instabilidade do clima \u00e9 caracter\u00edstica do intenso ver\u00e3o mineiro, onde se alternam dias quentes com pancadas de chuvas no fim da tarde e \u00e0 noite. Esses fen\u00f4menos afetam n\u00e3o apenas o conforto, mas tamb\u00e9m a seguran\u00e7a das popula\u00e7\u00f5es, exigindo um olhar atento para evitar riscos.<\/p>\n<h2>Tend\u00eancias Clim\u00e1ticas para a Semana<\/h2>\n<p>A expectativa \u00e9 de que as condi\u00e7\u00f5es clim\u00e1ticas variem ao longo da semana, com possibilidade de novas chuvas em diversas partes do estado. Portanto, \u00e9 importante continuar monitorando as previs\u00f5es.<\/p>\n<h2>Como se Preparar para Temporais em Itabira<\/h2>\n<p>Com a previs\u00e3o de temporais, aqui est\u00e3o algumas dicas de como se preparar:<\/p>\n<ul>\n<li><strong>Mantenha um kit de emerg\u00eancia:<\/strong> Inclua lanternas, pilhas, \u00e1gua e alimentos n\u00e3o perec\u00edveis.<\/li>\n<li><strong>Verifique a drenagem da sua casa:<\/strong> Assegure que bueiros e calhas estejam limpos para evitar o ac\u00famulo de \u00e1gua.<\/li>\n<li><strong>Esteja preparado para a possibilidade de faltas de energia:<\/strong> Tenha velas ou lanternas como precau\u00e7\u00e3o.<\/li>\n<\/ul>\n<p>A situa\u00e7\u00e3o clim\u00e1tica em Itabira e em Minas Gerais exige vigil\u00e2ncia e prepara\u00e7\u00e3o por parte da popula\u00e7\u00e3o. Estar ciente das previs\u00f5es e seguir recomenda\u00e7\u00f5es \u00e9 essencial para garantir a seguran\u00e7a de todos diante de temporais que se aproximam.<\/p>\n","protected":false},"excerpt":{"rendered":"<p>Alerta de temporais em Itabira e MG nesta segunda-feira 23. Prepare-se!<\/p>\n","protected":false},"author":1,"featured_media":5352,"comment_status":"open","ping_status":"open","sticky":false,"template":"","format":"standard","meta":{"footnotes":""},"categories":[5],"tags":[],"class_list":["post-5353","post","type-post","status-publish","format-standard","has-post-thumbnail","hentry","category-noticias","has_thumb"],"yoast_head":"<!-- This site is optimized with the Yoast SEO plugin v28.1 - https:\/\/yoast.com\/product\/yoast-seo-wordpress\/ -->\n<title>Alerta de temporais nesta segunda (23) em Itabira e MG | Guia Comercial de Itabira MG<\/title>\n<meta name=\"robots\" content=\"index, follow, max-snippet:-1, max-image-preview:large, max-video-preview:-1\" \/>\n<link rel=\"canonical\" href=\"https:\/\/www.encontraminasgerais.com.br\/itabira\/alerta-de-temporais-nesta-segunda-23-em-itabira-e-mg\/\" \/>\n<meta property=\"og:locale\" content=\"pt_BR\" \/>\n<meta property=\"og:type\" content=\"article\" \/>\n<meta property=\"og:title\" content=\"Alerta de temporais nesta segunda (23) em Itabira e MG | Guia Comercial de Itabira MG\" \/>\n<meta property=\"og:description\" content=\"Alerta de temporais em Itabira e MG nesta segunda-feira 23. Prepare-se!\" \/>\n<meta property=\"og:url\" content=\"https:\/\/www.encontraminasgerais.com.br\/itabira\/alerta-de-temporais-nesta-segunda-23-em-itabira-e-mg\/\" \/>\n<meta property=\"og:site_name\" content=\"Guia Comercial de Itabira MG\" \/>\n<meta property=\"article:published_time\" content=\"2026-02-24T09:27:56+00:00\" \/>\n<meta property=\"og:image\" content=\"https:\/\/www.encontraminasgerais.com.br\/itabira\/wp-content\/uploads\/2026\/02\/alerta-de-temporais-nesta-segunda-23-em-itabira-e-mg.webp\" \/>\n<meta name=\"author\" content=\"Encontra Itabira\" \/>\n<meta name=\"twitter:card\" content=\"summary_large_image\" \/>\n<meta name=\"twitter:label1\" content=\"Escrito por\" \/>\n\t<meta name=\"twitter:data1\" content=\"Encontra Itabira\" \/>\n\t<meta name=\"twitter:label2\" content=\"Est. tempo de leitura\" \/>\n\t<meta name=\"twitter:data2\" content=\"3 minutos\" \/>\n<script type=\"application\/ld+json\" class=\"yoast-schema-graph\">{\"@context\":\"https:\\\/\\\/schema.org\",\"@graph\":[{\"@type\":\"Article\",\"@id\":\"https:\\\/\\\/www.encontraminasgerais.com.br\\\/itabira\\\/alerta-de-temporais-nesta-segunda-23-em-itabira-e-mg\\\/#article\",\"isPartOf\":{\"@id\":\"https:\\\/\\\/www.encontraminasgerais.com.br\\\/itabira\\\/alerta-de-temporais-nesta-segunda-23-em-itabira-e-mg\\\/\"},\"author\":{\"name\":\"Encontra Itabira\",\"@id\":\"https:\\\/\\\/www.encontraminasgerais.com.br\\\/itabira\\\/#\\\/schema\\\/person\\\/9ae8a8f5ce59322c92e2499b550870b0\"},\"headline\":\"Alerta de temporais nesta segunda (23) em Itabira e MG\",\"datePublished\":\"2026-02-24T09:27:56+00:00\",\"mainEntityOfPage\":{\"@id\":\"https:\\\/\\\/www.encontraminasgerais.com.br\\\/itabira\\\/alerta-de-temporais-nesta-segunda-23-em-itabira-e-mg\\\/\"},\"wordCount\":630,\"commentCount\":0,\"image\":{\"@id\":\"https:\\\/\\\/www.encontraminasgerais.com.br\\\/itabira\\\/alerta-de-temporais-nesta-segunda-23-em-itabira-e-mg\\\/#primaryimage\"},\"thumbnailUrl\":\"https:\\\/\\\/www.encontraminasgerais.com.br\\\/itabira\\\/wp-content\\\/uploads\\\/2026\\\/02\\\/alerta-de-temporais-nesta-segunda-23-em-itabira-e-mg.webp\",\"articleSection\":[\"Not\u00edcias Itabira\"],\"inLanguage\":\"pt-BR\",\"potentialAction\":[{\"@type\":\"CommentAction\",\"name\":\"Comment\",\"target\":[\"https:\\\/\\\/www.encontraminasgerais.com.br\\\/itabira\\\/alerta-de-temporais-nesta-segunda-23-em-itabira-e-mg\\\/#respond\"]}]},{\"@type\":\"WebPage\",\"@id\":\"https:\\\/\\\/www.encontraminasgerais.com.br\\\/itabira\\\/alerta-de-temporais-nesta-segunda-23-em-itabira-e-mg\\\/\",\"url\":\"https:\\\/\\\/www.encontraminasgerais.com.br\\\/itabira\\\/alerta-de-temporais-nesta-segunda-23-em-itabira-e-mg\\\/\",\"name\":\"Alerta de temporais nesta segunda (23) em Itabira e MG | Guia Comercial de Itabira MG\",\"isPartOf\":{\"@id\":\"https:\\\/\\\/www.encontraminasgerais.com.br\\\/itabira\\\/#website\"},\"primaryImageOfPage\":{\"@id\":\"https:\\\/\\\/www.encontraminasgerais.com.br\\\/itabira\\\/alerta-de-temporais-nesta-segunda-23-em-itabira-e-mg\\\/#primaryimage\"},\"image\":{\"@id\":\"https:\\\/\\\/www.encontraminasgerais.com.br\\\/itabira\\\/alerta-de-temporais-nesta-segunda-23-em-itabira-e-mg\\\/#primaryimage\"},\"thumbnailUrl\":\"https:\\\/\\\/www.encontraminasgerais.com.br\\\/itabira\\\/wp-content\\\/uploads\\\/2026\\\/02\\\/alerta-de-temporais-nesta-segunda-23-em-itabira-e-mg.webp\",\"datePublished\":\"2026-02-24T09:27:56+00:00\",\"author\":{\"@id\":\"https:\\\/\\\/www.encontraminasgerais.com.br\\\/itabira\\\/#\\\/schema\\\/person\\\/9ae8a8f5ce59322c92e2499b550870b0\"},\"inLanguage\":\"pt-BR\",\"potentialAction\":[{\"@type\":\"ReadAction\",\"target\":[\"https:\\\/\\\/www.encontraminasgerais.com.br\\\/itabira\\\/alerta-de-temporais-nesta-segunda-23-em-itabira-e-mg\\\/\"]}]},{\"@type\":\"ImageObject\",\"inLanguage\":\"pt-BR\",\"@id\":\"https:\\\/\\\/www.encontraminasgerais.com.br\\\/itabira\\\/alerta-de-temporais-nesta-segunda-23-em-itabira-e-mg\\\/#primaryimage\",\"url\":\"https:\\\/\\\/www.encontraminasgerais.com.br\\\/itabira\\\/wp-content\\\/uploads\\\/2026\\\/02\\\/alerta-de-temporais-nesta-segunda-23-em-itabira-e-mg.webp\",\"contentUrl\":\"https:\\\/\\\/www.encontraminasgerais.com.br\\\/itabira\\\/wp-content\\\/uploads\\\/2026\\\/02\\\/alerta-de-temporais-nesta-segunda-23-em-itabira-e-mg.webp\",\"width\":280,\"height\":280,\"caption\":\"Alerta de temporais em Itabira e MG\"},{\"@type\":\"WebSite\",\"@id\":\"https:\\\/\\\/www.encontraminasgerais.com.br\\\/itabira\\\/#website\",\"url\":\"https:\\\/\\\/www.encontraminasgerais.com.br\\\/itabira\\\/\",\"name\":\"Guia Comercial de Itabira MG\",\"description\":\"ENCONTRA ITABIRA - O guia comercial de neg\u00f3cios e empresas, cultura e divers\u00e3o na cidade de Itabira. Feito 100% para voc\u00ea morador!\",\"potentialAction\":[{\"@type\":\"SearchAction\",\"target\":{\"@type\":\"EntryPoint\",\"urlTemplate\":\"https:\\\/\\\/www.encontraminasgerais.com.br\\\/itabira\\\/?s={search_term_string}\"},\"query-input\":{\"@type\":\"PropertyValueSpecification\",\"valueRequired\":true,\"valueName\":\"search_term_string\"}}],\"inLanguage\":\"pt-BR\"},{\"@type\":\"Person\",\"@id\":\"https:\\\/\\\/www.encontraminasgerais.com.br\\\/itabira\\\/#\\\/schema\\\/person\\\/9ae8a8f5ce59322c92e2499b550870b0\",\"name\":\"Encontra Itabira\",\"image\":{\"@type\":\"ImageObject\",\"inLanguage\":\"pt-BR\",\"@id\":\"https:\\\/\\\/secure.gravatar.com\\\/avatar\\\/c50c17820bcf322f0a8fd6b110b8c0918141409dc69076470f6fca5fee70a5d4?s=96&d=mm&r=g\",\"url\":\"https:\\\/\\\/secure.gravatar.com\\\/avatar\\\/c50c17820bcf322f0a8fd6b110b8c0918141409dc69076470f6fca5fee70a5d4?s=96&d=mm&r=g\",\"contentUrl\":\"https:\\\/\\\/secure.gravatar.com\\\/avatar\\\/c50c17820bcf322f0a8fd6b110b8c0918141409dc69076470f6fca5fee70a5d4?s=96&d=mm&r=g\",\"caption\":\"Encontra Itabira\"},\"url\":\"https:\\\/\\\/www.encontraminasgerais.com.br\\\/itabira\\\/author\\\/encontraitabira\\\/\"}]}<\/script>\n<!-- \/ Yoast SEO plugin. -->","yoast_head_json":{"title":"Alerta de temporais nesta segunda (23) em Itabira e MG | Guia Comercial de Itabira MG","robots":{"index":"index","follow":"follow","max-snippet":"max-snippet:-1","max-image-preview":"max-image-preview:large","max-video-preview":"max-video-preview:-1"},"canonical":"https:\/\/www.encontraminasgerais.com.br\/itabira\/alerta-de-temporais-nesta-segunda-23-em-itabira-e-mg\/","og_locale":"pt_BR","og_type":"article","og_title":"Alerta de temporais nesta segunda (23) em Itabira e MG | Guia Comercial de Itabira MG","og_description":"Alerta de temporais em Itabira e MG nesta segunda-feira 23. Prepare-se!","og_url":"https:\/\/www.encontraminasgerais.com.br\/itabira\/alerta-de-temporais-nesta-segunda-23-em-itabira-e-mg\/","og_site_name":"Guia Comercial de Itabira MG","article_published_time":"2026-02-24T09:27:56+00:00","og_image":[{"url":"https:\/\/www.encontraminasgerais.com.br\/itabira\/wp-content\/uploads\/2026\/02\/alerta-de-temporais-nesta-segunda-23-em-itabira-e-mg.webp","type":"","width":"","height":""}],"author":"Encontra Itabira","twitter_card":"summary_large_image","twitter_misc":{"Escrito por":"Encontra Itabira","Est. tempo de leitura":"3 minutos"},"schema":{"@context":"https:\/\/schema.org","@graph":[{"@type":"Article","@id":"https:\/\/www.encontraminasgerais.com.br\/itabira\/alerta-de-temporais-nesta-segunda-23-em-itabira-e-mg\/#article","isPartOf":{"@id":"https:\/\/www.encontraminasgerais.com.br\/itabira\/alerta-de-temporais-nesta-segunda-23-em-itabira-e-mg\/"},"author":{"name":"Encontra Itabira","@id":"https:\/\/www.encontraminasgerais.com.br\/itabira\/#\/schema\/person\/9ae8a8f5ce59322c92e2499b550870b0"},"headline":"Alerta de temporais nesta segunda (23) em Itabira e MG","datePublished":"2026-02-24T09:27:56+00:00","mainEntityOfPage":{"@id":"https:\/\/www.encontraminasgerais.com.br\/itabira\/alerta-de-temporais-nesta-segunda-23-em-itabira-e-mg\/"},"wordCount":630,"commentCount":0,"image":{"@id":"https:\/\/www.encontraminasgerais.com.br\/itabira\/alerta-de-temporais-nesta-segunda-23-em-itabira-e-mg\/#primaryimage"},"thumbnailUrl":"https:\/\/www.encontraminasgerais.com.br\/itabira\/wp-content\/uploads\/2026\/02\/alerta-de-temporais-nesta-segunda-23-em-itabira-e-mg.webp","articleSection":["Not\u00edcias Itabira"],"inLanguage":"pt-BR","potentialAction":[{"@type":"CommentAction","name":"Comment","target":["https:\/\/www.encontraminasgerais.com.br\/itabira\/alerta-de-temporais-nesta-segunda-23-em-itabira-e-mg\/#respond"]}]},{"@type":"WebPage","@id":"https:\/\/www.encontraminasgerais.com.br\/itabira\/alerta-de-temporais-nesta-segunda-23-em-itabira-e-mg\/","url":"https:\/\/www.encontraminasgerais.com.br\/itabira\/alerta-de-temporais-nesta-segunda-23-em-itabira-e-mg\/","name":"Alerta de temporais nesta segunda (23) em Itabira e MG | Guia Comercial de Itabira MG","isPartOf":{"@id":"https:\/\/www.encontraminasgerais.com.br\/itabira\/#website"},"primaryImageOfPage":{"@id":"https:\/\/www.encontraminasgerais.com.br\/itabira\/alerta-de-temporais-nesta-segunda-23-em-itabira-e-mg\/#primaryimage"},"image":{"@id":"https:\/\/www.encontraminasgerais.com.br\/itabira\/alerta-de-temporais-nesta-segunda-23-em-itabira-e-mg\/#primaryimage"},"thumbnailUrl":"https:\/\/www.encontraminasgerais.com.br\/itabira\/wp-content\/uploads\/2026\/02\/alerta-de-temporais-nesta-segunda-23-em-itabira-e-mg.webp","datePublished":"2026-02-24T09:27:56+00:00","author":{"@id":"https:\/\/www.encontraminasgerais.com.br\/itabira\/#\/schema\/person\/9ae8a8f5ce59322c92e2499b550870b0"},"inLanguage":"pt-BR","potentialAction":[{"@type":"ReadAction","target":["https:\/\/www.encontraminasgerais.com.br\/itabira\/alerta-de-temporais-nesta-segunda-23-em-itabira-e-mg\/"]}]},{"@type":"ImageObject","inLanguage":"pt-BR","@id":"https:\/\/www.encontraminasgerais.com.br\/itabira\/alerta-de-temporais-nesta-segunda-23-em-itabira-e-mg\/#primaryimage","url":"https:\/\/www.encontraminasgerais.com.br\/itabira\/wp-content\/uploads\/2026\/02\/alerta-de-temporais-nesta-segunda-23-em-itabira-e-mg.webp","contentUrl":"https:\/\/www.encontraminasgerais.com.br\/itabira\/wp-content\/uploads\/2026\/02\/alerta-de-temporais-nesta-segunda-23-em-itabira-e-mg.webp","width":280,"height":280,"caption":"Alerta de temporais em Itabira e MG"},{"@type":"WebSite","@id":"https:\/\/www.encontraminasgerais.com.br\/itabira\/#website","url":"https:\/\/www.encontraminasgerais.com.br\/itabira\/","name":"Guia Comercial de Itabira MG","description":"ENCONTRA ITABIRA - O guia comercial de neg\u00f3cios e empresas, cultura e divers\u00e3o na cidade de Itabira. Feito 100% para voc\u00ea morador!","potentialAction":[{"@type":"SearchAction","target":{"@type":"EntryPoint","urlTemplate":"https:\/\/www.encontraminasgerais.com.br\/itabira\/?s={search_term_string}"},"query-input":{"@type":"PropertyValueSpecification","valueRequired":true,"valueName":"search_term_string"}}],"inLanguage":"pt-BR"},{"@type":"Person","@id":"https:\/\/www.encontraminasgerais.com.br\/itabira\/#\/schema\/person\/9ae8a8f5ce59322c92e2499b550870b0","name":"Encontra Itabira","image":{"@type":"ImageObject","inLanguage":"pt-BR","@id":"https:\/\/secure.gravatar.com\/avatar\/c50c17820bcf322f0a8fd6b110b8c0918141409dc69076470f6fca5fee70a5d4?s=96&d=mm&r=g","url":"https:\/\/secure.gravatar.com\/avatar\/c50c17820bcf322f0a8fd6b110b8c0918141409dc69076470f6fca5fee70a5d4?s=96&d=mm&r=g","contentUrl":"https:\/\/secure.gravatar.com\/avatar\/c50c17820bcf322f0a8fd6b110b8c0918141409dc69076470f6fca5fee70a5d4?s=96&d=mm&r=g","caption":"Encontra Itabira"},"url":"https:\/\/www.encontraminasgerais.com.br\/itabira\/author\/encontraitabira\/"}]}},"_links":{"self":[{"href":"https:\/\/www.encontraminasgerais.com.br\/itabira\/wp-json\/wp\/v2\/posts\/5353","targetHints":{"allow":["GET"]}}],"collection":[{"href":"https:\/\/www.encontraminasgerais.com.br\/itabira\/wp-json\/wp\/v2\/posts"}],"about":[{"href":"https:\/\/www.encontraminasgerais.com.br\/itabira\/wp-json\/wp\/v2\/types\/post"}],"author":[{"embeddable":true,"href":"https:\/\/www.encontraminasgerais.com.br\/itabira\/wp-json\/wp\/v2\/users\/1"}],"replies":[{"embeddable":true,"href":"https:\/\/www.encontraminasgerais.com.br\/itabira\/wp-json\/wp\/v2\/comments?post=5353"}],"version-history":[{"count":0,"href":"https:\/\/www.encontraminasgerais.com.br\/itabira\/wp-json\/wp\/v2\/posts\/5353\/revisions"}],"wp:featuredmedia":[{"embeddable":true,"href":"https:\/\/www.encontraminasgerais.com.br\/itabira\/wp-json\/wp\/v2\/media\/5352"}],"wp:attachment":[{"href":"https:\/\/www.encontraminasgerais.com.br\/itabira\/wp-json\/wp\/v2\/media?parent=5353"}],"wp:term":[{"taxonomy":"category","embeddable":true,"href":"https:\/\/www.encontraminasgerais.com.br\/itabira\/wp-json\/wp\/v2\/categories?post=5353"},{"taxonomy":"post_tag","embeddable":true,"href":"https:\/\/www.encontraminasgerais.com.br\/itabira\/wp-json\/wp\/v2\/tags?post=5353"}],"curies":[{"name":"wp","href":"https:\/\/api.w.org\/{rel}","templated":true}]}}