{"id":5359,"date":"2026-02-26T06:35:39","date_gmt":"2026-02-26T09:35:39","guid":{"rendered":"https:\/\/www.encontraminasgerais.com.br\/itabira\/alerta-de-temporais-marca-a-segunda-23-em-itabira-e-mg\/"},"modified":"2026-02-26T06:35:39","modified_gmt":"2026-02-26T09:35:39","slug":"alerta-de-temporais-marca-a-segunda-23-em-itabira-e-mg","status":"publish","type":"post","link":"https:\/\/www.encontraminasgerais.com.br\/itabira\/alerta-de-temporais-marca-a-segunda-23-em-itabira-e-mg\/","title":{"rendered":"Alerta de temporais marca a segunda (23) em Itabira e MG"},"content":{"rendered":"<h2>Condi\u00e7\u00f5es Meteorol\u00f3gicas em Itabira<\/h2>\n<p>No dia 23 de fevereiro de 2026, Itabira e diversas localidades de Minas Gerais enfrentam condi\u00e7\u00f5es clim\u00e1ticas adversas. O clima se mostra inst\u00e1vel, com a previs\u00e3o indicando nuvens densas e chuvas ao longo do dia. \u00c9 esperado um aumento significativo na atividade el\u00e9trica, com a possibilidade de trovoadas isoladas.<\/p>\n<h2>Impactos das Chuvas Intensas<\/h2>\n<p>As previs\u00f5es meteorol\u00f3gicas sugerem que as chuvas podem ser intensas, resultando em poss\u00edveis alagamentos em \u00e1reas urbanas. As pancadas de chuva podem ocorrer em diferentes graus de intensidade, com algumas regi\u00f5es podendo registrar volumes significativos em um curto espa\u00e7o de tempo.<\/p>\n<h2>Temperaturas Vari\u00e1veis: O Que Esperar<\/h2>\n<p>As temperaturas em Itabira podem variar entre 19\u00b0C nas primeiras horas da manh\u00e3 e alcan\u00e7ar at\u00e9 28\u00b0C pela tarde. Essa oscila\u00e7\u00e3o de temperatura, combinada com a alta umidade, pode intensificar a forma\u00e7\u00e3o de nuvens carregadas e agravar o risco de temporais.<\/p>\n<p><img decoding=\"async\" src=\"https:\/\/www.encontraminasgerais.com.br\/itabira\/wp-content\/uploads\/2026\/02\/alerta-de-temporais-marca-a-segunda-23-em-itabira-e-mg.webp\" alt=\"alerta de temporais\" loading=\"lazy\" \/><\/p>\n<h2>Recomenda\u00e7\u00f5es do Instituto Nacional de Meteorologia<\/h2>\n<p>O Instituto Nacional de Meteorologia (Inmet) emitiu alertas para chuvas fortes em diversos munic\u00edpios mineiros. \u00c9 aconselh\u00e1vel que os moradores mantenham aten\u00e7\u00e3o redobrada, especialmente nas \u00e1reas de encosta e em lugares propensos a alagamentos. Algumas recomenda\u00e7\u00f5es incluem:<\/p>\n<ul>\n<li>Evitar abrigar-se sob \u00e1rvores durante tempestades.<\/li>\n<li>N\u00e3o estacionar ve\u00edculos pr\u00f3ximos a estruturas met\u00e1licas, como torres e placas.<\/li>\n<li>Acompanhar as atualiza\u00e7\u00f5es e orienta\u00e7\u00f5es dos \u00f3rg\u00e3os meteorol\u00f3gicos locais.<\/li>\n<\/ul>\n<h2>Riscos de Alagamentos nas \u00c1reas Urbanas<\/h2>\n<p>Ainda que as chuvas sejam uma parte comum do ver\u00e3o em Minas Gerais, a intensidade esperada para hoje pode gerar riscos adicionais, principalmente em \u00e1reas urbanas onde o escoamento \u00e9 comprometido. O ac\u00famulo r\u00e1pido de \u00e1gua pode resultar em alagamentos repentinos, colocando em risco a seguran\u00e7a da popula\u00e7\u00e3o.<\/p>\n<h2>Como se Proteger Durante Temporais<\/h2>\n<p>Durante temporais, a seguran\u00e7a deve ser a prioridade. Algumas a\u00e7\u00f5es que podem ser tomadas incluem:<\/p>\n<ul>\n<li>Evitar \u00e1reas de risco, como locais baixos e pr\u00f3ximos a rios.<\/li>\n<li>Manter-se informado sobre a previs\u00e3o do tempo e os alertas emitidos pelos \u00f3rg\u00e3os competentes.<\/li>\n<li>Ter um kit de emerg\u00eancia preparado, contendo itens b\u00e1sicos como \u00e1gua, alimentos n\u00e3o perec\u00edveis e lanternas com pilhas.<\/li>\n<li>Procurar abrigo em locais seguros e n\u00e3o tentar atravessar \u00e1reas alagadas.<\/li>\n<\/ul>\n<h2>Hist\u00f3rico Clim\u00e1tico de Fevereiro em Minas<\/h2>\n<p>Fevereiro \u00e9 tradicionalmente um m\u00eas marcado por chuvas intensas em Minas Gerais, principalmente devido \u00e0 combina\u00e7\u00e3o do calor e da umidade t\u00edpica da esta\u00e7\u00e3o. Historicamente, o estado j\u00e1 enfrentou dias de alta precipita\u00e7\u00e3o que resultaram em alagamentos e deslizamentos.<\/p>\n<h2>A Influ\u00eancia do Ver\u00e3o nas Chuvas<\/h2>\n<p>A esta\u00e7\u00e3o do ver\u00e3o em Minas Gerais \u00e9 caracterizada por sua instabilidade clim\u00e1tica. Os ventos quentes acumulam umidade nas camadas atmosf\u00e9ricas, favorecendo a forma\u00e7\u00e3o de chuvas torrenciais, especialmente \u00e0 tarde e nas primeiras horas da noite.<\/p>\n<h2>Mudan\u00e7as Clim\u00e1ticas e Seus Efeitos Locais<\/h2>\n<p>As mudan\u00e7as clim\u00e1ticas t\u00eam exercido influ\u00eancia significativa nos padr\u00f5es de precipita\u00e7\u00e3o em Minas Gerais. Aumento da temperatura e a altera\u00e7\u00e3o na din\u00e2mica dos ventos t\u00eam contribu\u00eddo para intensifica\u00e7\u00f5es de chuvas, o que pode fazer com que eventos extremos se tornem mais frequentes e severos.<\/p>\n<h2>Previs\u00e3o do Tempo para a Semana<\/h2>\n<p>Espera-se que a instabilidade clim\u00e1tica persista ao longo da semana, com nova chances de chuvas em v\u00e1rias localidades de Minas Gerais. As altera\u00e7\u00f5es nos padr\u00f5es clim\u00e1ticos exigem que a popula\u00e7\u00e3o permane\u00e7a atenta \u00e0s atualiza\u00e7\u00f5es e diretrizes dos servi\u00e7os meteorol\u00f3gicos para garantir a seguran\u00e7a de todos.<\/p>\n","protected":false},"excerpt":{"rendered":"<p>Alerta de temporais em Itabira: prepare-se para um dia de chuvas intensas e ventos fortes.<\/p>\n","protected":false},"author":1,"featured_media":5358,"comment_status":"open","ping_status":"open","sticky":false,"template":"","format":"standard","meta":{"footnotes":""},"categories":[5],"tags":[],"class_list":["post-5359","post","type-post","status-publish","format-standard","has-post-thumbnail","hentry","category-noticias","has_thumb"],"yoast_head":"<!-- This site is optimized with the Yoast SEO plugin v28.1 - https:\/\/yoast.com\/product\/yoast-seo-wordpress\/ -->\n<title>Alerta de temporais marca a segunda (23) em Itabira e MG | Guia Comercial de Itabira MG<\/title>\n<meta name=\"robots\" content=\"index, follow, max-snippet:-1, max-image-preview:large, max-video-preview:-1\" \/>\n<link rel=\"canonical\" href=\"https:\/\/www.encontraminasgerais.com.br\/itabira\/alerta-de-temporais-marca-a-segunda-23-em-itabira-e-mg\/\" \/>\n<meta property=\"og:locale\" content=\"pt_BR\" \/>\n<meta property=\"og:type\" content=\"article\" \/>\n<meta property=\"og:title\" content=\"Alerta de temporais marca a segunda (23) em Itabira e MG | Guia Comercial de Itabira MG\" \/>\n<meta property=\"og:description\" content=\"Alerta de temporais em Itabira: prepare-se para um dia de chuvas intensas e ventos fortes.\" \/>\n<meta property=\"og:url\" content=\"https:\/\/www.encontraminasgerais.com.br\/itabira\/alerta-de-temporais-marca-a-segunda-23-em-itabira-e-mg\/\" \/>\n<meta property=\"og:site_name\" content=\"Guia Comercial de Itabira MG\" \/>\n<meta property=\"article:published_time\" content=\"2026-02-26T09:35:39+00:00\" \/>\n<meta property=\"og:image\" content=\"https:\/\/www.encontraminasgerais.com.br\/itabira\/wp-content\/uploads\/2026\/02\/alerta-de-temporais-marca-a-segunda-23-em-itabira-e-mg.webp\" \/>\n<meta name=\"author\" content=\"Encontra Itabira\" \/>\n<meta name=\"twitter:card\" content=\"summary_large_image\" \/>\n<meta name=\"twitter:label1\" content=\"Escrito por\" \/>\n\t<meta name=\"twitter:data1\" content=\"Encontra Itabira\" \/>\n\t<meta name=\"twitter:label2\" content=\"Est. tempo de leitura\" \/>\n\t<meta name=\"twitter:data2\" content=\"3 minutos\" \/>\n<script type=\"application\/ld+json\" class=\"yoast-schema-graph\">{\"@context\":\"https:\\\/\\\/schema.org\",\"@graph\":[{\"@type\":\"Article\",\"@id\":\"https:\\\/\\\/www.encontraminasgerais.com.br\\\/itabira\\\/alerta-de-temporais-marca-a-segunda-23-em-itabira-e-mg\\\/#article\",\"isPartOf\":{\"@id\":\"https:\\\/\\\/www.encontraminasgerais.com.br\\\/itabira\\\/alerta-de-temporais-marca-a-segunda-23-em-itabira-e-mg\\\/\"},\"author\":{\"name\":\"Encontra Itabira\",\"@id\":\"https:\\\/\\\/www.encontraminasgerais.com.br\\\/itabira\\\/#\\\/schema\\\/person\\\/9ae8a8f5ce59322c92e2499b550870b0\"},\"headline\":\"Alerta de temporais marca a segunda (23) em Itabira e MG\",\"datePublished\":\"2026-02-26T09:35:39+00:00\",\"mainEntityOfPage\":{\"@id\":\"https:\\\/\\\/www.encontraminasgerais.com.br\\\/itabira\\\/alerta-de-temporais-marca-a-segunda-23-em-itabira-e-mg\\\/\"},\"wordCount\":613,\"commentCount\":0,\"image\":{\"@id\":\"https:\\\/\\\/www.encontraminasgerais.com.br\\\/itabira\\\/alerta-de-temporais-marca-a-segunda-23-em-itabira-e-mg\\\/#primaryimage\"},\"thumbnailUrl\":\"https:\\\/\\\/www.encontraminasgerais.com.br\\\/itabira\\\/wp-content\\\/uploads\\\/2026\\\/02\\\/alerta-de-temporais-marca-a-segunda-23-em-itabira-e-mg.webp\",\"articleSection\":[\"Not\u00edcias Itabira\"],\"inLanguage\":\"pt-BR\",\"potentialAction\":[{\"@type\":\"CommentAction\",\"name\":\"Comment\",\"target\":[\"https:\\\/\\\/www.encontraminasgerais.com.br\\\/itabira\\\/alerta-de-temporais-marca-a-segunda-23-em-itabira-e-mg\\\/#respond\"]}]},{\"@type\":\"WebPage\",\"@id\":\"https:\\\/\\\/www.encontraminasgerais.com.br\\\/itabira\\\/alerta-de-temporais-marca-a-segunda-23-em-itabira-e-mg\\\/\",\"url\":\"https:\\\/\\\/www.encontraminasgerais.com.br\\\/itabira\\\/alerta-de-temporais-marca-a-segunda-23-em-itabira-e-mg\\\/\",\"name\":\"Alerta de temporais marca a segunda (23) em Itabira e MG | Guia Comercial de Itabira MG\",\"isPartOf\":{\"@id\":\"https:\\\/\\\/www.encontraminasgerais.com.br\\\/itabira\\\/#website\"},\"primaryImageOfPage\":{\"@id\":\"https:\\\/\\\/www.encontraminasgerais.com.br\\\/itabira\\\/alerta-de-temporais-marca-a-segunda-23-em-itabira-e-mg\\\/#primaryimage\"},\"image\":{\"@id\":\"https:\\\/\\\/www.encontraminasgerais.com.br\\\/itabira\\\/alerta-de-temporais-marca-a-segunda-23-em-itabira-e-mg\\\/#primaryimage\"},\"thumbnailUrl\":\"https:\\\/\\\/www.encontraminasgerais.com.br\\\/itabira\\\/wp-content\\\/uploads\\\/2026\\\/02\\\/alerta-de-temporais-marca-a-segunda-23-em-itabira-e-mg.webp\",\"datePublished\":\"2026-02-26T09:35:39+00:00\",\"author\":{\"@id\":\"https:\\\/\\\/www.encontraminasgerais.com.br\\\/itabira\\\/#\\\/schema\\\/person\\\/9ae8a8f5ce59322c92e2499b550870b0\"},\"inLanguage\":\"pt-BR\",\"potentialAction\":[{\"@type\":\"ReadAction\",\"target\":[\"https:\\\/\\\/www.encontraminasgerais.com.br\\\/itabira\\\/alerta-de-temporais-marca-a-segunda-23-em-itabira-e-mg\\\/\"]}]},{\"@type\":\"ImageObject\",\"inLanguage\":\"pt-BR\",\"@id\":\"https:\\\/\\\/www.encontraminasgerais.com.br\\\/itabira\\\/alerta-de-temporais-marca-a-segunda-23-em-itabira-e-mg\\\/#primaryimage\",\"url\":\"https:\\\/\\\/www.encontraminasgerais.com.br\\\/itabira\\\/wp-content\\\/uploads\\\/2026\\\/02\\\/alerta-de-temporais-marca-a-segunda-23-em-itabira-e-mg.webp\",\"contentUrl\":\"https:\\\/\\\/www.encontraminasgerais.com.br\\\/itabira\\\/wp-content\\\/uploads\\\/2026\\\/02\\\/alerta-de-temporais-marca-a-segunda-23-em-itabira-e-mg.webp\",\"width\":280,\"height\":280,\"caption\":\"alerta de temporais\"},{\"@type\":\"WebSite\",\"@id\":\"https:\\\/\\\/www.encontraminasgerais.com.br\\\/itabira\\\/#website\",\"url\":\"https:\\\/\\\/www.encontraminasgerais.com.br\\\/itabira\\\/\",\"name\":\"Guia Comercial de Itabira MG\",\"description\":\"ENCONTRA ITABIRA - O guia comercial de neg\u00f3cios e empresas, cultura e divers\u00e3o na cidade de Itabira. Feito 100% para voc\u00ea morador!\",\"potentialAction\":[{\"@type\":\"SearchAction\",\"target\":{\"@type\":\"EntryPoint\",\"urlTemplate\":\"https:\\\/\\\/www.encontraminasgerais.com.br\\\/itabira\\\/?s={search_term_string}\"},\"query-input\":{\"@type\":\"PropertyValueSpecification\",\"valueRequired\":true,\"valueName\":\"search_term_string\"}}],\"inLanguage\":\"pt-BR\"},{\"@type\":\"Person\",\"@id\":\"https:\\\/\\\/www.encontraminasgerais.com.br\\\/itabira\\\/#\\\/schema\\\/person\\\/9ae8a8f5ce59322c92e2499b550870b0\",\"name\":\"Encontra Itabira\",\"image\":{\"@type\":\"ImageObject\",\"inLanguage\":\"pt-BR\",\"@id\":\"https:\\\/\\\/secure.gravatar.com\\\/avatar\\\/c50c17820bcf322f0a8fd6b110b8c0918141409dc69076470f6fca5fee70a5d4?s=96&d=mm&r=g\",\"url\":\"https:\\\/\\\/secure.gravatar.com\\\/avatar\\\/c50c17820bcf322f0a8fd6b110b8c0918141409dc69076470f6fca5fee70a5d4?s=96&d=mm&r=g\",\"contentUrl\":\"https:\\\/\\\/secure.gravatar.com\\\/avatar\\\/c50c17820bcf322f0a8fd6b110b8c0918141409dc69076470f6fca5fee70a5d4?s=96&d=mm&r=g\",\"caption\":\"Encontra Itabira\"},\"url\":\"https:\\\/\\\/www.encontraminasgerais.com.br\\\/itabira\\\/author\\\/encontraitabira\\\/\"}]}<\/script>\n<!-- \/ Yoast SEO plugin. -->","yoast_head_json":{"title":"Alerta de temporais marca a segunda (23) em Itabira e MG | Guia Comercial de Itabira MG","robots":{"index":"index","follow":"follow","max-snippet":"max-snippet:-1","max-image-preview":"max-image-preview:large","max-video-preview":"max-video-preview:-1"},"canonical":"https:\/\/www.encontraminasgerais.com.br\/itabira\/alerta-de-temporais-marca-a-segunda-23-em-itabira-e-mg\/","og_locale":"pt_BR","og_type":"article","og_title":"Alerta de temporais marca a segunda (23) em Itabira e MG | Guia Comercial de Itabira MG","og_description":"Alerta de temporais em Itabira: prepare-se para um dia de chuvas intensas e ventos fortes.","og_url":"https:\/\/www.encontraminasgerais.com.br\/itabira\/alerta-de-temporais-marca-a-segunda-23-em-itabira-e-mg\/","og_site_name":"Guia Comercial de Itabira MG","article_published_time":"2026-02-26T09:35:39+00:00","og_image":[{"url":"https:\/\/www.encontraminasgerais.com.br\/itabira\/wp-content\/uploads\/2026\/02\/alerta-de-temporais-marca-a-segunda-23-em-itabira-e-mg.webp","type":"","width":"","height":""}],"author":"Encontra Itabira","twitter_card":"summary_large_image","twitter_misc":{"Escrito por":"Encontra Itabira","Est. tempo de leitura":"3 minutos"},"schema":{"@context":"https:\/\/schema.org","@graph":[{"@type":"Article","@id":"https:\/\/www.encontraminasgerais.com.br\/itabira\/alerta-de-temporais-marca-a-segunda-23-em-itabira-e-mg\/#article","isPartOf":{"@id":"https:\/\/www.encontraminasgerais.com.br\/itabira\/alerta-de-temporais-marca-a-segunda-23-em-itabira-e-mg\/"},"author":{"name":"Encontra Itabira","@id":"https:\/\/www.encontraminasgerais.com.br\/itabira\/#\/schema\/person\/9ae8a8f5ce59322c92e2499b550870b0"},"headline":"Alerta de temporais marca a segunda (23) em Itabira e MG","datePublished":"2026-02-26T09:35:39+00:00","mainEntityOfPage":{"@id":"https:\/\/www.encontraminasgerais.com.br\/itabira\/alerta-de-temporais-marca-a-segunda-23-em-itabira-e-mg\/"},"wordCount":613,"commentCount":0,"image":{"@id":"https:\/\/www.encontraminasgerais.com.br\/itabira\/alerta-de-temporais-marca-a-segunda-23-em-itabira-e-mg\/#primaryimage"},"thumbnailUrl":"https:\/\/www.encontraminasgerais.com.br\/itabira\/wp-content\/uploads\/2026\/02\/alerta-de-temporais-marca-a-segunda-23-em-itabira-e-mg.webp","articleSection":["Not\u00edcias Itabira"],"inLanguage":"pt-BR","potentialAction":[{"@type":"CommentAction","name":"Comment","target":["https:\/\/www.encontraminasgerais.com.br\/itabira\/alerta-de-temporais-marca-a-segunda-23-em-itabira-e-mg\/#respond"]}]},{"@type":"WebPage","@id":"https:\/\/www.encontraminasgerais.com.br\/itabira\/alerta-de-temporais-marca-a-segunda-23-em-itabira-e-mg\/","url":"https:\/\/www.encontraminasgerais.com.br\/itabira\/alerta-de-temporais-marca-a-segunda-23-em-itabira-e-mg\/","name":"Alerta de temporais marca a segunda (23) em Itabira e MG | Guia Comercial de Itabira MG","isPartOf":{"@id":"https:\/\/www.encontraminasgerais.com.br\/itabira\/#website"},"primaryImageOfPage":{"@id":"https:\/\/www.encontraminasgerais.com.br\/itabira\/alerta-de-temporais-marca-a-segunda-23-em-itabira-e-mg\/#primaryimage"},"image":{"@id":"https:\/\/www.encontraminasgerais.com.br\/itabira\/alerta-de-temporais-marca-a-segunda-23-em-itabira-e-mg\/#primaryimage"},"thumbnailUrl":"https:\/\/www.encontraminasgerais.com.br\/itabira\/wp-content\/uploads\/2026\/02\/alerta-de-temporais-marca-a-segunda-23-em-itabira-e-mg.webp","datePublished":"2026-02-26T09:35:39+00:00","author":{"@id":"https:\/\/www.encontraminasgerais.com.br\/itabira\/#\/schema\/person\/9ae8a8f5ce59322c92e2499b550870b0"},"inLanguage":"pt-BR","potentialAction":[{"@type":"ReadAction","target":["https:\/\/www.encontraminasgerais.com.br\/itabira\/alerta-de-temporais-marca-a-segunda-23-em-itabira-e-mg\/"]}]},{"@type":"ImageObject","inLanguage":"pt-BR","@id":"https:\/\/www.encontraminasgerais.com.br\/itabira\/alerta-de-temporais-marca-a-segunda-23-em-itabira-e-mg\/#primaryimage","url":"https:\/\/www.encontraminasgerais.com.br\/itabira\/wp-content\/uploads\/2026\/02\/alerta-de-temporais-marca-a-segunda-23-em-itabira-e-mg.webp","contentUrl":"https:\/\/www.encontraminasgerais.com.br\/itabira\/wp-content\/uploads\/2026\/02\/alerta-de-temporais-marca-a-segunda-23-em-itabira-e-mg.webp","width":280,"height":280,"caption":"alerta de temporais"},{"@type":"WebSite","@id":"https:\/\/www.encontraminasgerais.com.br\/itabira\/#website","url":"https:\/\/www.encontraminasgerais.com.br\/itabira\/","name":"Guia Comercial de Itabira MG","description":"ENCONTRA ITABIRA - O guia comercial de neg\u00f3cios e empresas, cultura e divers\u00e3o na cidade de Itabira. Feito 100% para voc\u00ea morador!","potentialAction":[{"@type":"SearchAction","target":{"@type":"EntryPoint","urlTemplate":"https:\/\/www.encontraminasgerais.com.br\/itabira\/?s={search_term_string}"},"query-input":{"@type":"PropertyValueSpecification","valueRequired":true,"valueName":"search_term_string"}}],"inLanguage":"pt-BR"},{"@type":"Person","@id":"https:\/\/www.encontraminasgerais.com.br\/itabira\/#\/schema\/person\/9ae8a8f5ce59322c92e2499b550870b0","name":"Encontra Itabira","image":{"@type":"ImageObject","inLanguage":"pt-BR","@id":"https:\/\/secure.gravatar.com\/avatar\/c50c17820bcf322f0a8fd6b110b8c0918141409dc69076470f6fca5fee70a5d4?s=96&d=mm&r=g","url":"https:\/\/secure.gravatar.com\/avatar\/c50c17820bcf322f0a8fd6b110b8c0918141409dc69076470f6fca5fee70a5d4?s=96&d=mm&r=g","contentUrl":"https:\/\/secure.gravatar.com\/avatar\/c50c17820bcf322f0a8fd6b110b8c0918141409dc69076470f6fca5fee70a5d4?s=96&d=mm&r=g","caption":"Encontra Itabira"},"url":"https:\/\/www.encontraminasgerais.com.br\/itabira\/author\/encontraitabira\/"}]}},"_links":{"self":[{"href":"https:\/\/www.encontraminasgerais.com.br\/itabira\/wp-json\/wp\/v2\/posts\/5359","targetHints":{"allow":["GET"]}}],"collection":[{"href":"https:\/\/www.encontraminasgerais.com.br\/itabira\/wp-json\/wp\/v2\/posts"}],"about":[{"href":"https:\/\/www.encontraminasgerais.com.br\/itabira\/wp-json\/wp\/v2\/types\/post"}],"author":[{"embeddable":true,"href":"https:\/\/www.encontraminasgerais.com.br\/itabira\/wp-json\/wp\/v2\/users\/1"}],"replies":[{"embeddable":true,"href":"https:\/\/www.encontraminasgerais.com.br\/itabira\/wp-json\/wp\/v2\/comments?post=5359"}],"version-history":[{"count":0,"href":"https:\/\/www.encontraminasgerais.com.br\/itabira\/wp-json\/wp\/v2\/posts\/5359\/revisions"}],"wp:featuredmedia":[{"embeddable":true,"href":"https:\/\/www.encontraminasgerais.com.br\/itabira\/wp-json\/wp\/v2\/media\/5358"}],"wp:attachment":[{"href":"https:\/\/www.encontraminasgerais.com.br\/itabira\/wp-json\/wp\/v2\/media?parent=5359"}],"wp:term":[{"taxonomy":"category","embeddable":true,"href":"https:\/\/www.encontraminasgerais.com.br\/itabira\/wp-json\/wp\/v2\/categories?post=5359"},{"taxonomy":"post_tag","embeddable":true,"href":"https:\/\/www.encontraminasgerais.com.br\/itabira\/wp-json\/wp\/v2\/tags?post=5359"}],"curies":[{"name":"wp","href":"https:\/\/api.w.org\/{rel}","templated":true}]}}