{"id":5385,"date":"2026-03-03T06:30:31","date_gmt":"2026-03-03T09:30:31","guid":{"rendered":"https:\/\/www.encontraminasgerais.com.br\/itabira\/capotamento-na-mg\/"},"modified":"2026-03-03T06:30:31","modified_gmt":"2026-03-03T09:30:31","slug":"capotamento-na-mg","status":"publish","type":"post","link":"https:\/\/www.encontraminasgerais.com.br\/itabira\/capotamento-na-mg\/","title":{"rendered":"Capotamento na MG"},"content":{"rendered":"<h2>O que Aconteceu no Trevo do Itabiru\u00e7u?<\/h2>\n<p>Um grave acidente ocorreu na Rodovia MG-129, especificamente no trevo do Itabiru\u00e7u, na regi\u00e3o de Barro Branco, em Itabira. O incidente, que se deu na noite de s\u00e1bado, dia 27 de fevereiro, por volta das 23h30, resultou em tr\u00eas pessoas feridas. O capotamento do ve\u00edculo, um Fiat Palio, chamou a aten\u00e7\u00e3o das autoridades e da comunidade local.<\/p>\n<h2>Detalhes do Acidente na MG-129<\/h2>\n<p>Relatos indicam que o acidente se deu quando o condutor supostamente adormeceu ao volante. Essa desaten\u00e7\u00e3o levou o ve\u00edculo a cair na canaleta destinada \u00e0 drenagem de \u00e1guas pluviais, colidir contra um barranco e, em seguida, capotar. O impacto foi significativo e causou danos extensivos ao carro.<\/p>\n<h2>O Papel do Corpo de Bombeiros e SAMU<\/h2>\n<p>Em resposta ao acidente, o Corpo de Bombeiros Militar e o Servi\u00e7o de Atendimento M\u00f3vel de Urg\u00eancia (SAMU) foram mobilizados rapidamente para a cena. Uma unidade avan\u00e7ada do SAMU, equipada com um m\u00e9dico, foi enviada para prestar socorro. Os feridos apresentaram sinais de les\u00f5es e suspeitas de fraturas, sendo atendidos no local antes de serem encaminhados ao pronto-socorro para tratamento adequado.<\/p>\n<p><img decoding=\"async\" src=\"https:\/\/www.encontraminasgerais.com.br\/itabira\/wp-content\/uploads\/2026\/03\/capotamento-na-mg.webp\" alt=\"capotamento na MG-129\" loading=\"lazy\" \/><\/p>\n<h2>Identifica\u00e7\u00e3o das V\u00edtimas e Estado de Sa\u00fade<\/h2>\n<p>At\u00e9 o momento, as identidades das v\u00edtimas n\u00e3o foram divulgadas de forma oficial, assim como informa\u00e7\u00f5es sobre o estado de sa\u00fade de cada um. A equipe de resgate atuou em conformidade com os protocolos m\u00e9dicos para garantir que todos recebessem atendimento em tempo h\u00e1bil.<\/p>\n<h2>Causas Prov\u00e1veis do Capotamento<\/h2>\n<p>A investiga\u00e7\u00e3o preliminar sugere que o cansa\u00e7o do motorista foi um fator crucial para o acidente. A falta de aten\u00e7\u00e3o ao dirigir e o sono s\u00e3o condi\u00e7\u00f5es que frequentemente levam a situa\u00e7\u00f5es de risco nas estradas. O relato do condutor aos policiais deu conta de que ele cochilou durante a condu\u00e7\u00e3o, culminando na perda de controle do ve\u00edculo.<\/p>\n<h2>Documenta\u00e7\u00e3o Irregular do Ve\u00edculo<\/h2>\n<p>A per\u00edcia t\u00e9cnica da Pol\u00edcia Civil foi acionada para inspecionar a cena do acidente e coletar evid\u00eancias. Durante essa inspe\u00e7\u00e3o, foi descoberto que o Fiat Palio envolvido no capotamento estava com a documenta\u00e7\u00e3o irregular. Devido a essa situa\u00e7\u00e3o, o ve\u00edculo foi removido para um p\u00e1tio credenciado, sob a supervis\u00e3o do Departamento de Tr\u00e2nsito (Detran).<\/p>\n<h2>A\u00e7\u00e3o da Pol\u00edcia Militar Rodovi\u00e1ria<\/h2>\n<p>Ap\u00f3s o acidente, a Pol\u00edcia Militar Rodovi\u00e1ria registrou a ocorr\u00eancia e deu in\u00edcio \u00e0s investiga\u00e7\u00f5es. A equipe policial n\u00e3o apenas recolheu informa\u00e7\u00f5es do motorista e das v\u00edtimas, mas tamb\u00e9m documentou a cena do acidente para futuras an\u00e1lises e dados estat\u00edsticos sobre seguran\u00e7a nas estradas da regi\u00e3o.<\/p>\n<h2>O Impacto do Acidente no Tr\u00e2nsito Local<\/h2>\n<p>O capotamento gerou interrup\u00e7\u00f5es tempor\u00e1rias na fluidez do tr\u00e2nsito na rodovia, especialmente na \u00e1rea do trevo do Itabiru\u00e7u. As equipes de resgate e a pol\u00edcia precisaram realizar bloqueios para atender \u00e0 ocorr\u00eancia com seguran\u00e7a, o que causou atrasos no tr\u00e1fego local durante a noite.<\/p>\n<h2>Medidas de Preven\u00e7\u00e3o para Motoristas<\/h2>\n<p>Diante deste acidente, \u00e9 crucial que motoristas reavaliem suas pr\u00e1ticas de dire\u00e7\u00e3o. Algumas dicas de seguran\u00e7a incluem:<\/p>\n<ul>\n<li><strong>Evitar dirigir quando estiver cansado:<\/strong> Fazer pausas regulares em viagens longas pode ajudar a manter a aten\u00e7\u00e3o.<\/li>\n<li><strong>Conduzir com aten\u00e7\u00e3o:<\/strong> Focar na estrada e evitar distra\u00e7\u00f5es como celular ou conversas excessivas.<\/li>\n<li><strong>Manter o ve\u00edculo em boas condi\u00e7\u00f5es:<\/strong> Verifica\u00e7\u00f5es regulares da documenta\u00e7\u00e3o e do estado do ve\u00edculo s\u00e3o essenciais.<\/li>\n<li><strong>Educa\u00e7\u00e3o e conscientiza\u00e7\u00e3o:<\/strong> Participar de campanhas de conscientiza\u00e7\u00e3o sobre seguran\u00e7a no tr\u00e2nsito pode ser ben\u00e9fico.<\/li>\n<\/ul>\n<h2>Mais Informa\u00e7\u00f5es sobre Acidentes na Regi\u00e3o<\/h2>\n<p>Acidentes de tr\u00e2nsito na MG-129 n\u00e3o s\u00e3o incomuns, e as autoridades t\u00eam trabalhado continuamente para melhorar a seguran\u00e7a na rodovia. Estat\u00edsticas mostram que a imprud\u00eancia e a falta de aten\u00e7\u00e3o s\u00e3o causas comuns de graves acidentes, sinalizando a necessidade de campanhas educativas e fiscaliza\u00e7\u00e3o rigorosa. Motoristas, pedestres e ciclistas precisam estar sempre cientes de suas responsabilidades na estrada.<\/p>\n","protected":false},"excerpt":{"rendered":"<p>Capotamento na MG-129 causa ferimentos em tr\u00eas pessoas no trevo do Itabiru\u00e7u.<\/p>\n","protected":false},"author":1,"featured_media":5384,"comment_status":"open","ping_status":"open","sticky":false,"template":"","format":"standard","meta":{"footnotes":""},"categories":[5],"tags":[],"class_list":["post-5385","post","type-post","status-publish","format-standard","has-post-thumbnail","hentry","category-noticias","has_thumb"],"yoast_head":"<!-- This site is optimized with the Yoast SEO plugin v28.1 - https:\/\/yoast.com\/product\/yoast-seo-wordpress\/ -->\n<title>Capotamento na MG | Guia Comercial de Itabira MG<\/title>\n<meta name=\"robots\" content=\"index, follow, max-snippet:-1, max-image-preview:large, max-video-preview:-1\" \/>\n<link rel=\"canonical\" href=\"https:\/\/www.encontraminasgerais.com.br\/itabira\/capotamento-na-mg\/\" \/>\n<meta property=\"og:locale\" content=\"pt_BR\" \/>\n<meta property=\"og:type\" content=\"article\" \/>\n<meta property=\"og:title\" content=\"Capotamento na MG | Guia Comercial de Itabira MG\" \/>\n<meta property=\"og:description\" content=\"Capotamento na MG-129 causa ferimentos em tr\u00eas pessoas no trevo do Itabiru\u00e7u.\" \/>\n<meta property=\"og:url\" content=\"https:\/\/www.encontraminasgerais.com.br\/itabira\/capotamento-na-mg\/\" \/>\n<meta property=\"og:site_name\" content=\"Guia Comercial de Itabira MG\" \/>\n<meta property=\"article:published_time\" content=\"2026-03-03T09:30:31+00:00\" \/>\n<meta property=\"og:image\" content=\"https:\/\/www.encontraminasgerais.com.br\/itabira\/wp-content\/uploads\/2026\/03\/capotamento-na-mg.webp\" \/>\n<meta name=\"author\" content=\"Encontra Itabira\" \/>\n<meta name=\"twitter:card\" content=\"summary_large_image\" \/>\n<meta name=\"twitter:label1\" content=\"Escrito por\" \/>\n\t<meta name=\"twitter:data1\" content=\"Encontra Itabira\" \/>\n\t<meta name=\"twitter:label2\" content=\"Est. tempo de leitura\" \/>\n\t<meta name=\"twitter:data2\" content=\"3 minutos\" \/>\n<script type=\"application\/ld+json\" class=\"yoast-schema-graph\">{\"@context\":\"https:\\\/\\\/schema.org\",\"@graph\":[{\"@type\":\"Article\",\"@id\":\"https:\\\/\\\/www.encontraminasgerais.com.br\\\/itabira\\\/capotamento-na-mg\\\/#article\",\"isPartOf\":{\"@id\":\"https:\\\/\\\/www.encontraminasgerais.com.br\\\/itabira\\\/capotamento-na-mg\\\/\"},\"author\":{\"name\":\"Encontra Itabira\",\"@id\":\"https:\\\/\\\/www.encontraminasgerais.com.br\\\/itabira\\\/#\\\/schema\\\/person\\\/9ae8a8f5ce59322c92e2499b550870b0\"},\"headline\":\"Capotamento na MG\",\"datePublished\":\"2026-03-03T09:30:31+00:00\",\"mainEntityOfPage\":{\"@id\":\"https:\\\/\\\/www.encontraminasgerais.com.br\\\/itabira\\\/capotamento-na-mg\\\/\"},\"wordCount\":709,\"commentCount\":0,\"image\":{\"@id\":\"https:\\\/\\\/www.encontraminasgerais.com.br\\\/itabira\\\/capotamento-na-mg\\\/#primaryimage\"},\"thumbnailUrl\":\"https:\\\/\\\/www.encontraminasgerais.com.br\\\/itabira\\\/wp-content\\\/uploads\\\/2026\\\/03\\\/capotamento-na-mg.webp\",\"articleSection\":[\"Not\u00edcias Itabira\"],\"inLanguage\":\"pt-BR\",\"potentialAction\":[{\"@type\":\"CommentAction\",\"name\":\"Comment\",\"target\":[\"https:\\\/\\\/www.encontraminasgerais.com.br\\\/itabira\\\/capotamento-na-mg\\\/#respond\"]}]},{\"@type\":\"WebPage\",\"@id\":\"https:\\\/\\\/www.encontraminasgerais.com.br\\\/itabira\\\/capotamento-na-mg\\\/\",\"url\":\"https:\\\/\\\/www.encontraminasgerais.com.br\\\/itabira\\\/capotamento-na-mg\\\/\",\"name\":\"Capotamento na MG | Guia Comercial de Itabira MG\",\"isPartOf\":{\"@id\":\"https:\\\/\\\/www.encontraminasgerais.com.br\\\/itabira\\\/#website\"},\"primaryImageOfPage\":{\"@id\":\"https:\\\/\\\/www.encontraminasgerais.com.br\\\/itabira\\\/capotamento-na-mg\\\/#primaryimage\"},\"image\":{\"@id\":\"https:\\\/\\\/www.encontraminasgerais.com.br\\\/itabira\\\/capotamento-na-mg\\\/#primaryimage\"},\"thumbnailUrl\":\"https:\\\/\\\/www.encontraminasgerais.com.br\\\/itabira\\\/wp-content\\\/uploads\\\/2026\\\/03\\\/capotamento-na-mg.webp\",\"datePublished\":\"2026-03-03T09:30:31+00:00\",\"author\":{\"@id\":\"https:\\\/\\\/www.encontraminasgerais.com.br\\\/itabira\\\/#\\\/schema\\\/person\\\/9ae8a8f5ce59322c92e2499b550870b0\"},\"inLanguage\":\"pt-BR\",\"potentialAction\":[{\"@type\":\"ReadAction\",\"target\":[\"https:\\\/\\\/www.encontraminasgerais.com.br\\\/itabira\\\/capotamento-na-mg\\\/\"]}]},{\"@type\":\"ImageObject\",\"inLanguage\":\"pt-BR\",\"@id\":\"https:\\\/\\\/www.encontraminasgerais.com.br\\\/itabira\\\/capotamento-na-mg\\\/#primaryimage\",\"url\":\"https:\\\/\\\/www.encontraminasgerais.com.br\\\/itabira\\\/wp-content\\\/uploads\\\/2026\\\/03\\\/capotamento-na-mg.webp\",\"contentUrl\":\"https:\\\/\\\/www.encontraminasgerais.com.br\\\/itabira\\\/wp-content\\\/uploads\\\/2026\\\/03\\\/capotamento-na-mg.webp\",\"width\":280,\"height\":280,\"caption\":\"capotamento na MG-129\"},{\"@type\":\"WebSite\",\"@id\":\"https:\\\/\\\/www.encontraminasgerais.com.br\\\/itabira\\\/#website\",\"url\":\"https:\\\/\\\/www.encontraminasgerais.com.br\\\/itabira\\\/\",\"name\":\"Guia Comercial de Itabira MG\",\"description\":\"ENCONTRA ITABIRA - O guia comercial de neg\u00f3cios e empresas, cultura e divers\u00e3o na cidade de Itabira. Feito 100% para voc\u00ea morador!\",\"potentialAction\":[{\"@type\":\"SearchAction\",\"target\":{\"@type\":\"EntryPoint\",\"urlTemplate\":\"https:\\\/\\\/www.encontraminasgerais.com.br\\\/itabira\\\/?s={search_term_string}\"},\"query-input\":{\"@type\":\"PropertyValueSpecification\",\"valueRequired\":true,\"valueName\":\"search_term_string\"}}],\"inLanguage\":\"pt-BR\"},{\"@type\":\"Person\",\"@id\":\"https:\\\/\\\/www.encontraminasgerais.com.br\\\/itabira\\\/#\\\/schema\\\/person\\\/9ae8a8f5ce59322c92e2499b550870b0\",\"name\":\"Encontra Itabira\",\"image\":{\"@type\":\"ImageObject\",\"inLanguage\":\"pt-BR\",\"@id\":\"https:\\\/\\\/secure.gravatar.com\\\/avatar\\\/c50c17820bcf322f0a8fd6b110b8c0918141409dc69076470f6fca5fee70a5d4?s=96&d=mm&r=g\",\"url\":\"https:\\\/\\\/secure.gravatar.com\\\/avatar\\\/c50c17820bcf322f0a8fd6b110b8c0918141409dc69076470f6fca5fee70a5d4?s=96&d=mm&r=g\",\"contentUrl\":\"https:\\\/\\\/secure.gravatar.com\\\/avatar\\\/c50c17820bcf322f0a8fd6b110b8c0918141409dc69076470f6fca5fee70a5d4?s=96&d=mm&r=g\",\"caption\":\"Encontra Itabira\"},\"url\":\"https:\\\/\\\/www.encontraminasgerais.com.br\\\/itabira\\\/author\\\/encontraitabira\\\/\"}]}<\/script>\n<!-- \/ Yoast SEO plugin. -->","yoast_head_json":{"title":"Capotamento na MG | Guia Comercial de Itabira MG","robots":{"index":"index","follow":"follow","max-snippet":"max-snippet:-1","max-image-preview":"max-image-preview:large","max-video-preview":"max-video-preview:-1"},"canonical":"https:\/\/www.encontraminasgerais.com.br\/itabira\/capotamento-na-mg\/","og_locale":"pt_BR","og_type":"article","og_title":"Capotamento na MG | Guia Comercial de Itabira MG","og_description":"Capotamento na MG-129 causa ferimentos em tr\u00eas pessoas no trevo do Itabiru\u00e7u.","og_url":"https:\/\/www.encontraminasgerais.com.br\/itabira\/capotamento-na-mg\/","og_site_name":"Guia Comercial de Itabira MG","article_published_time":"2026-03-03T09:30:31+00:00","og_image":[{"url":"https:\/\/www.encontraminasgerais.com.br\/itabira\/wp-content\/uploads\/2026\/03\/capotamento-na-mg.webp","type":"","width":"","height":""}],"author":"Encontra Itabira","twitter_card":"summary_large_image","twitter_misc":{"Escrito por":"Encontra Itabira","Est. tempo de leitura":"3 minutos"},"schema":{"@context":"https:\/\/schema.org","@graph":[{"@type":"Article","@id":"https:\/\/www.encontraminasgerais.com.br\/itabira\/capotamento-na-mg\/#article","isPartOf":{"@id":"https:\/\/www.encontraminasgerais.com.br\/itabira\/capotamento-na-mg\/"},"author":{"name":"Encontra Itabira","@id":"https:\/\/www.encontraminasgerais.com.br\/itabira\/#\/schema\/person\/9ae8a8f5ce59322c92e2499b550870b0"},"headline":"Capotamento na MG","datePublished":"2026-03-03T09:30:31+00:00","mainEntityOfPage":{"@id":"https:\/\/www.encontraminasgerais.com.br\/itabira\/capotamento-na-mg\/"},"wordCount":709,"commentCount":0,"image":{"@id":"https:\/\/www.encontraminasgerais.com.br\/itabira\/capotamento-na-mg\/#primaryimage"},"thumbnailUrl":"https:\/\/www.encontraminasgerais.com.br\/itabira\/wp-content\/uploads\/2026\/03\/capotamento-na-mg.webp","articleSection":["Not\u00edcias Itabira"],"inLanguage":"pt-BR","potentialAction":[{"@type":"CommentAction","name":"Comment","target":["https:\/\/www.encontraminasgerais.com.br\/itabira\/capotamento-na-mg\/#respond"]}]},{"@type":"WebPage","@id":"https:\/\/www.encontraminasgerais.com.br\/itabira\/capotamento-na-mg\/","url":"https:\/\/www.encontraminasgerais.com.br\/itabira\/capotamento-na-mg\/","name":"Capotamento na MG | Guia Comercial de Itabira MG","isPartOf":{"@id":"https:\/\/www.encontraminasgerais.com.br\/itabira\/#website"},"primaryImageOfPage":{"@id":"https:\/\/www.encontraminasgerais.com.br\/itabira\/capotamento-na-mg\/#primaryimage"},"image":{"@id":"https:\/\/www.encontraminasgerais.com.br\/itabira\/capotamento-na-mg\/#primaryimage"},"thumbnailUrl":"https:\/\/www.encontraminasgerais.com.br\/itabira\/wp-content\/uploads\/2026\/03\/capotamento-na-mg.webp","datePublished":"2026-03-03T09:30:31+00:00","author":{"@id":"https:\/\/www.encontraminasgerais.com.br\/itabira\/#\/schema\/person\/9ae8a8f5ce59322c92e2499b550870b0"},"inLanguage":"pt-BR","potentialAction":[{"@type":"ReadAction","target":["https:\/\/www.encontraminasgerais.com.br\/itabira\/capotamento-na-mg\/"]}]},{"@type":"ImageObject","inLanguage":"pt-BR","@id":"https:\/\/www.encontraminasgerais.com.br\/itabira\/capotamento-na-mg\/#primaryimage","url":"https:\/\/www.encontraminasgerais.com.br\/itabira\/wp-content\/uploads\/2026\/03\/capotamento-na-mg.webp","contentUrl":"https:\/\/www.encontraminasgerais.com.br\/itabira\/wp-content\/uploads\/2026\/03\/capotamento-na-mg.webp","width":280,"height":280,"caption":"capotamento na MG-129"},{"@type":"WebSite","@id":"https:\/\/www.encontraminasgerais.com.br\/itabira\/#website","url":"https:\/\/www.encontraminasgerais.com.br\/itabira\/","name":"Guia Comercial de Itabira MG","description":"ENCONTRA ITABIRA - O guia comercial de neg\u00f3cios e empresas, cultura e divers\u00e3o na cidade de Itabira. Feito 100% para voc\u00ea morador!","potentialAction":[{"@type":"SearchAction","target":{"@type":"EntryPoint","urlTemplate":"https:\/\/www.encontraminasgerais.com.br\/itabira\/?s={search_term_string}"},"query-input":{"@type":"PropertyValueSpecification","valueRequired":true,"valueName":"search_term_string"}}],"inLanguage":"pt-BR"},{"@type":"Person","@id":"https:\/\/www.encontraminasgerais.com.br\/itabira\/#\/schema\/person\/9ae8a8f5ce59322c92e2499b550870b0","name":"Encontra Itabira","image":{"@type":"ImageObject","inLanguage":"pt-BR","@id":"https:\/\/secure.gravatar.com\/avatar\/c50c17820bcf322f0a8fd6b110b8c0918141409dc69076470f6fca5fee70a5d4?s=96&d=mm&r=g","url":"https:\/\/secure.gravatar.com\/avatar\/c50c17820bcf322f0a8fd6b110b8c0918141409dc69076470f6fca5fee70a5d4?s=96&d=mm&r=g","contentUrl":"https:\/\/secure.gravatar.com\/avatar\/c50c17820bcf322f0a8fd6b110b8c0918141409dc69076470f6fca5fee70a5d4?s=96&d=mm&r=g","caption":"Encontra Itabira"},"url":"https:\/\/www.encontraminasgerais.com.br\/itabira\/author\/encontraitabira\/"}]}},"_links":{"self":[{"href":"https:\/\/www.encontraminasgerais.com.br\/itabira\/wp-json\/wp\/v2\/posts\/5385","targetHints":{"allow":["GET"]}}],"collection":[{"href":"https:\/\/www.encontraminasgerais.com.br\/itabira\/wp-json\/wp\/v2\/posts"}],"about":[{"href":"https:\/\/www.encontraminasgerais.com.br\/itabira\/wp-json\/wp\/v2\/types\/post"}],"author":[{"embeddable":true,"href":"https:\/\/www.encontraminasgerais.com.br\/itabira\/wp-json\/wp\/v2\/users\/1"}],"replies":[{"embeddable":true,"href":"https:\/\/www.encontraminasgerais.com.br\/itabira\/wp-json\/wp\/v2\/comments?post=5385"}],"version-history":[{"count":0,"href":"https:\/\/www.encontraminasgerais.com.br\/itabira\/wp-json\/wp\/v2\/posts\/5385\/revisions"}],"wp:featuredmedia":[{"embeddable":true,"href":"https:\/\/www.encontraminasgerais.com.br\/itabira\/wp-json\/wp\/v2\/media\/5384"}],"wp:attachment":[{"href":"https:\/\/www.encontraminasgerais.com.br\/itabira\/wp-json\/wp\/v2\/media?parent=5385"}],"wp:term":[{"taxonomy":"category","embeddable":true,"href":"https:\/\/www.encontraminasgerais.com.br\/itabira\/wp-json\/wp\/v2\/categories?post=5385"},{"taxonomy":"post_tag","embeddable":true,"href":"https:\/\/www.encontraminasgerais.com.br\/itabira\/wp-json\/wp\/v2\/tags?post=5385"}],"curies":[{"name":"wp","href":"https:\/\/api.w.org\/{rel}","templated":true}]}}