{"id":5452,"date":"2026-03-20T06:27:13","date_gmt":"2026-03-20T09:27:13","guid":{"rendered":"https:\/\/www.encontraminasgerais.com.br\/itabira\/reparo-na-vale-deixa-itabira-sem-abastecimento-as-vesperas-do-dia-da-agua\/"},"modified":"2026-03-20T06:27:13","modified_gmt":"2026-03-20T09:27:13","slug":"reparo-na-vale-deixa-itabira-sem-abastecimento-as-vesperas-do-dia-da-agua","status":"publish","type":"post","link":"https:\/\/www.encontraminasgerais.com.br\/itabira\/reparo-na-vale-deixa-itabira-sem-abastecimento-as-vesperas-do-dia-da-agua\/","title":{"rendered":"Reparo na Vale deixa Itabira sem abastecimento \u00e0s v\u00e9speras do Dia da \u00c1gua"},"content":{"rendered":"<h2>Impacto da falta de \u00e1gua em Itabira<\/h2>\n<p>A falta de \u00e1gua na cidade de Itabira, localizada na regi\u00e3o central de Minas Gerais, gerou preocupa\u00e7\u00e3o entre a popula\u00e7\u00e3o local. A interrup\u00e7\u00e3o no abastecimento \u00e9 uma situa\u00e7\u00e3o considerada cr\u00edtica, especialmente em um munic\u00edpio que abriga cerca de 113 mil habitantes, conforme dados do Censo de 2022 do IBGE. A escassez de \u00e1gua afeta n\u00e3o apenas as atividades dom\u00e9sticas, mas tamb\u00e9m servi\u00e7os essenciais e comerciais, provocando impactos diretos na rotina dos moradores.<\/p>\n<h2>O que causou a interrup\u00e7\u00e3o<\/h2>\n<p>A causa da interrup\u00e7\u00e3o no abastecimento de \u00e1gua se deve a uma manuten\u00e7\u00e3o programada na mineradora Vale, que ocorrer\u00e1 no pr\u00f3ximo s\u00e1bado, dia 21 de mar\u00e7o, v\u00e9spera do Dia Mundial da \u00c1gua. Esse tipo de manuten\u00e7\u00e3o el\u00e9trica preventiva \u00e9 realizada a cada tr\u00eas anos e, apesar de ser importante para garantir a seguran\u00e7a e efici\u00eancia das opera\u00e7\u00f5es da mineradora, gera um efeito colateral significativo para a popula\u00e7\u00e3o de Itabira, que depende desse abastecimento.<\/p>\n<h2>Como a manuten\u00e7\u00e3o da Vale afetar\u00e1 a cidade<\/h2>\n<p>Durante a execu\u00e7\u00e3o dos reparos, a vaz\u00e3o do sistema de distribui\u00e7\u00e3o de \u00e1gua, mais especificamente do Anel Hidr\u00e1ulico Chacrinha, ser\u00e1 reduzida. Essa rede \u00e9 crucial, pois est\u00e1 interligada a todos os bairros da cidade. A consequ\u00eancia disso \u00e9 a alta probabilidade de falta de \u00e1gua em toda a \u00e1rea urbana. A popula\u00e7\u00e3o precisar\u00e1 se preparar para enfrentar esses desafios e minimizar os impactos no dia a dia.<\/p>\n<h2>Saae e as medidas de emerg\u00eancias<\/h2>\n<p>O Servi\u00e7o Aut\u00f4nomo de \u00c1gua e Esgoto (Saae) de Itabira, respons\u00e1vel pela gest\u00e3o do abastecimento de \u00e1gua na cidade, informou que, conforme a Resolu\u00e7\u00e3o n\u00ba 228 da Arisb-MG, caso a interrup\u00e7\u00e3o do servi\u00e7o se prolongue por mais de 24 horas, ser\u00e3o adotadas medidas emergenciais. Isso significa que o Saae estar\u00e1 preparado para fornecer \u00e1gua a institui\u00e7\u00f5es que prestem servi\u00e7os essenciais, como hospitais e escolas, a fim de garantir que a popula\u00e7\u00e3o tenha acesso ao recurso h\u00eddrico necess\u00e1rio.<\/p>\n<h2>Recomenda\u00e7\u00f5es do Saae aos moradores<\/h2>\n<p>Em fun\u00e7\u00e3o da interrup\u00e7\u00e3o programada, o Saae orienta os moradores a utilizarem a \u00e1gua com cautela e de maneira consciente. Entre as recomenda\u00e7\u00f5es est\u00e3o:<\/p>\n<ul>\n<li><strong>Armazenamento:<\/strong> Os cidad\u00e3os devem encher suas caixas d&#8217;\u00e1gua antes do dia da interrup\u00e7\u00e3o para garantir o abastecimento durante a manuten\u00e7\u00e3o.<\/li>\n<li><strong>Racionaliza\u00e7\u00e3o de consumo:<\/strong> \u00c9 crucial evitar desperd\u00edcios, economizando \u00e1gua para os momentos mais necess\u00e1rios.<\/li>\n<li><strong>Monitoramento:<\/strong> Ficar atento \u00e0s atualiza\u00e7\u00f5es fornecidas pelo Saae atrav\u00e9s de seus canais oficiais, assim como acompanhar comunicados sobre a normaliza\u00e7\u00e3o do abastecimento.<\/li>\n<\/ul>\n<h2>Aviso sobre a dura\u00e7\u00e3o do corte de \u00e1gua<\/h2>\n<p>O Saae estipulou que a previs\u00e3o inicial \u00e9 de que a falta de \u00e1gua ocorra apenas no s\u00e1bado, dia 21. No entanto, devido \u00e0 complexidade dos servi\u00e7os de manuten\u00e7\u00e3o e poss\u00edveis imprevistos, a popula\u00e7\u00e3o deve se preparar para a possibilidade de que o corte se estenda. Informa\u00e7\u00f5es mais precisas dever\u00e3o ser divulgadas conforme a execu\u00e7\u00e3o dos trabalhos, e \u00e9 fundamental que os cidad\u00e3os fiquem atentos \u00e0s orienta\u00e7\u00f5es recebidas.<\/p>\n<h2>Import\u00e2ncia da \u00e1gua para a popula\u00e7\u00e3o<\/h2>\n<p>A \u00e1gua \u00e9 um recurso vital para a sobreviv\u00eancia humana e para a manuten\u00e7\u00e3o da sa\u00fade p\u00fablica. Sua aus\u00eancia pode trazer consequ\u00eancias severas, como o aumento das doen\u00e7as transmitidas por \u00e1gua contaminada e a restri\u00e7\u00e3o do acesso a higiene pessoal, preparando o terreno para procria\u00e7\u00f5es de doen\u00e7as e patologias. Portanto, a promo\u00e7\u00e3o do uso consciente da \u00e1gua e a preserva\u00e7\u00e3o deste recurso s\u00e3o de extrema import\u00e2ncia, especialmente em momentos cr\u00edticos como o que Itabira est\u00e1 prestes a enfrentar.<\/p>\n<h2>O Dia Mundial da \u00c1gua e sua relev\u00e2ncia<\/h2>\n<p>O Dia Mundial da \u00c1gua, celebrado em 22 de mar\u00e7o, tem como objetivo aumentar a conscientiza\u00e7\u00e3o sobre a import\u00e2ncia da \u00e1gua pot\u00e1vel e da gest\u00e3o sustent\u00e1vel dos recursos h\u00eddricos. A manuten\u00e7\u00e3o programada da Vale, que coincide com essa data simb\u00f3lica, evidencia a necessidade urgente de discutir e agir em rela\u00e7\u00e3o a quest\u00f5es de abastecimento e conserva\u00e7\u00e3o da \u00e1gua. A sociedade deve refletir sobre como a \u00e1gua \u00e9 utilizada e as medidas que podem ser adotadas para garantir que todos tenham acesso a esse recurso essencial.<\/p>\n<h2>Como se preparar para a falta de \u00e1gua<\/h2>\n<p>Para enfrentar a poss\u00edvel falta de \u00e1gua, \u00e9 prudente que os moradores de Itabira adotem algumas precau\u00e7\u00f5es, como: <\/p>\n<ul>\n<li><strong>Revisar sistemas de armazenamento:<\/strong> Verificar se as caixas d\u2019\u00e1gua e cisternas est\u00e3o limpas e em bom estado, prontas para receber \u00e1gua.<\/li>\n<li><strong>Planejamento do uso:<\/strong> Organizar as atividades di\u00e1rias em torno da utiliza\u00e7\u00e3o consciente da \u00e1gua, priorizando a higiene e necessidades b\u00e1sicas.<\/li>\n<li><strong>Distribui\u00e7\u00e3o de tarefas:<\/strong> Envolv\u00ea-los tamb\u00e9m na conscientiza\u00e7\u00e3o dos membros da fam\u00edlia sobre a utiliza\u00e7\u00e3o respons\u00e1vel da \u00e1gua.<\/li>\n<\/ul>\n<h2>Informa\u00e7\u00f5es de contato do Saae<\/h2>\n<p>Em caso de d\u00favidas ou para solicitar servi\u00e7os emergenciais, a popula\u00e7\u00e3o de Itabira pode entrar em contato com o Servi\u00e7o de Atendimento ao Cliente do Saae, que atende pelo n\u00famero 115. Este servi\u00e7o funciona 24 horas, e as liga\u00e7\u00f5es s\u00e3o gratuitas. Ao ligar, \u00e9 recomend\u00e1vel ter em m\u00e3os a conta de \u00e1gua ou o n\u00famero da matr\u00edcula para agilizar o atendimento. O Saae est\u00e1 comprometido em oferecer suporte e informa\u00e7\u00f5es precisas durante esse per\u00edodo de interrup\u00e7\u00e3o e espera restabelecer o abastecimento assim que a manuten\u00e7\u00e3o da Vale for conclu\u00edda.<\/p>\n","protected":false},"excerpt":{"rendered":"<p>Falta de \u00e1gua em Itabira gerar\u00e1 interrup\u00e7\u00f5es devido a reparos da Vale.<\/p>\n","protected":false},"author":1,"featured_media":0,"comment_status":"open","ping_status":"open","sticky":false,"template":"","format":"standard","meta":{"footnotes":""},"categories":[5],"tags":[],"class_list":["post-5452","post","type-post","status-publish","format-standard","hentry","category-noticias"],"yoast_head":"<!-- This site is optimized with the Yoast SEO plugin v28.1 - https:\/\/yoast.com\/product\/yoast-seo-wordpress\/ -->\n<title>Reparo na Vale deixa Itabira sem abastecimento \u00e0s v\u00e9speras do Dia da \u00c1gua | Guia Comercial de Itabira MG<\/title>\n<meta name=\"robots\" content=\"index, follow, max-snippet:-1, max-image-preview:large, max-video-preview:-1\" \/>\n<link rel=\"canonical\" href=\"https:\/\/www.encontraminasgerais.com.br\/itabira\/reparo-na-vale-deixa-itabira-sem-abastecimento-as-vesperas-do-dia-da-agua\/\" \/>\n<meta property=\"og:locale\" content=\"pt_BR\" \/>\n<meta property=\"og:type\" content=\"article\" \/>\n<meta property=\"og:title\" content=\"Reparo na Vale deixa Itabira sem abastecimento \u00e0s v\u00e9speras do Dia da \u00c1gua | Guia Comercial de Itabira MG\" \/>\n<meta property=\"og:description\" content=\"Falta de \u00e1gua em Itabira gerar\u00e1 interrup\u00e7\u00f5es devido a reparos da Vale.\" \/>\n<meta property=\"og:url\" content=\"https:\/\/www.encontraminasgerais.com.br\/itabira\/reparo-na-vale-deixa-itabira-sem-abastecimento-as-vesperas-do-dia-da-agua\/\" \/>\n<meta property=\"og:site_name\" content=\"Guia Comercial de Itabira MG\" \/>\n<meta property=\"article:published_time\" content=\"2026-03-20T09:27:13+00:00\" \/>\n<meta name=\"author\" content=\"Encontra Itabira\" \/>\n<meta name=\"twitter:card\" content=\"summary_large_image\" \/>\n<meta name=\"twitter:label1\" content=\"Escrito por\" \/>\n\t<meta name=\"twitter:data1\" content=\"Encontra Itabira\" \/>\n\t<meta name=\"twitter:label2\" content=\"Est. tempo de leitura\" \/>\n\t<meta name=\"twitter:data2\" content=\"5 minutos\" \/>\n<script type=\"application\/ld+json\" class=\"yoast-schema-graph\">{\"@context\":\"https:\\\/\\\/schema.org\",\"@graph\":[{\"@type\":\"Article\",\"@id\":\"https:\\\/\\\/www.encontraminasgerais.com.br\\\/itabira\\\/reparo-na-vale-deixa-itabira-sem-abastecimento-as-vesperas-do-dia-da-agua\\\/#article\",\"isPartOf\":{\"@id\":\"https:\\\/\\\/www.encontraminasgerais.com.br\\\/itabira\\\/reparo-na-vale-deixa-itabira-sem-abastecimento-as-vesperas-do-dia-da-agua\\\/\"},\"author\":{\"name\":\"Encontra Itabira\",\"@id\":\"https:\\\/\\\/www.encontraminasgerais.com.br\\\/itabira\\\/#\\\/schema\\\/person\\\/9ae8a8f5ce59322c92e2499b550870b0\"},\"headline\":\"Reparo na Vale deixa Itabira sem abastecimento \u00e0s v\u00e9speras do Dia da \u00c1gua\",\"datePublished\":\"2026-03-20T09:27:13+00:00\",\"mainEntityOfPage\":{\"@id\":\"https:\\\/\\\/www.encontraminasgerais.com.br\\\/itabira\\\/reparo-na-vale-deixa-itabira-sem-abastecimento-as-vesperas-do-dia-da-agua\\\/\"},\"wordCount\":959,\"commentCount\":0,\"articleSection\":[\"Not\u00edcias Itabira\"],\"inLanguage\":\"pt-BR\",\"potentialAction\":[{\"@type\":\"CommentAction\",\"name\":\"Comment\",\"target\":[\"https:\\\/\\\/www.encontraminasgerais.com.br\\\/itabira\\\/reparo-na-vale-deixa-itabira-sem-abastecimento-as-vesperas-do-dia-da-agua\\\/#respond\"]}]},{\"@type\":\"WebPage\",\"@id\":\"https:\\\/\\\/www.encontraminasgerais.com.br\\\/itabira\\\/reparo-na-vale-deixa-itabira-sem-abastecimento-as-vesperas-do-dia-da-agua\\\/\",\"url\":\"https:\\\/\\\/www.encontraminasgerais.com.br\\\/itabira\\\/reparo-na-vale-deixa-itabira-sem-abastecimento-as-vesperas-do-dia-da-agua\\\/\",\"name\":\"Reparo na Vale deixa Itabira sem abastecimento \u00e0s v\u00e9speras do Dia da \u00c1gua | Guia Comercial de Itabira MG\",\"isPartOf\":{\"@id\":\"https:\\\/\\\/www.encontraminasgerais.com.br\\\/itabira\\\/#website\"},\"datePublished\":\"2026-03-20T09:27:13+00:00\",\"author\":{\"@id\":\"https:\\\/\\\/www.encontraminasgerais.com.br\\\/itabira\\\/#\\\/schema\\\/person\\\/9ae8a8f5ce59322c92e2499b550870b0\"},\"inLanguage\":\"pt-BR\",\"potentialAction\":[{\"@type\":\"ReadAction\",\"target\":[\"https:\\\/\\\/www.encontraminasgerais.com.br\\\/itabira\\\/reparo-na-vale-deixa-itabira-sem-abastecimento-as-vesperas-do-dia-da-agua\\\/\"]}]},{\"@type\":\"WebSite\",\"@id\":\"https:\\\/\\\/www.encontraminasgerais.com.br\\\/itabira\\\/#website\",\"url\":\"https:\\\/\\\/www.encontraminasgerais.com.br\\\/itabira\\\/\",\"name\":\"Guia Comercial de Itabira MG\",\"description\":\"ENCONTRA ITABIRA - O guia comercial de neg\u00f3cios e empresas, cultura e divers\u00e3o na cidade de Itabira. Feito 100% para voc\u00ea morador!\",\"potentialAction\":[{\"@type\":\"SearchAction\",\"target\":{\"@type\":\"EntryPoint\",\"urlTemplate\":\"https:\\\/\\\/www.encontraminasgerais.com.br\\\/itabira\\\/?s={search_term_string}\"},\"query-input\":{\"@type\":\"PropertyValueSpecification\",\"valueRequired\":true,\"valueName\":\"search_term_string\"}}],\"inLanguage\":\"pt-BR\"},{\"@type\":\"Person\",\"@id\":\"https:\\\/\\\/www.encontraminasgerais.com.br\\\/itabira\\\/#\\\/schema\\\/person\\\/9ae8a8f5ce59322c92e2499b550870b0\",\"name\":\"Encontra Itabira\",\"image\":{\"@type\":\"ImageObject\",\"inLanguage\":\"pt-BR\",\"@id\":\"https:\\\/\\\/secure.gravatar.com\\\/avatar\\\/c50c17820bcf322f0a8fd6b110b8c0918141409dc69076470f6fca5fee70a5d4?s=96&d=mm&r=g\",\"url\":\"https:\\\/\\\/secure.gravatar.com\\\/avatar\\\/c50c17820bcf322f0a8fd6b110b8c0918141409dc69076470f6fca5fee70a5d4?s=96&d=mm&r=g\",\"contentUrl\":\"https:\\\/\\\/secure.gravatar.com\\\/avatar\\\/c50c17820bcf322f0a8fd6b110b8c0918141409dc69076470f6fca5fee70a5d4?s=96&d=mm&r=g\",\"caption\":\"Encontra Itabira\"},\"url\":\"https:\\\/\\\/www.encontraminasgerais.com.br\\\/itabira\\\/author\\\/encontraitabira\\\/\"}]}<\/script>\n<!-- \/ Yoast SEO plugin. -->","yoast_head_json":{"title":"Reparo na Vale deixa Itabira sem abastecimento \u00e0s v\u00e9speras do Dia da \u00c1gua | Guia Comercial de Itabira MG","robots":{"index":"index","follow":"follow","max-snippet":"max-snippet:-1","max-image-preview":"max-image-preview:large","max-video-preview":"max-video-preview:-1"},"canonical":"https:\/\/www.encontraminasgerais.com.br\/itabira\/reparo-na-vale-deixa-itabira-sem-abastecimento-as-vesperas-do-dia-da-agua\/","og_locale":"pt_BR","og_type":"article","og_title":"Reparo na Vale deixa Itabira sem abastecimento \u00e0s v\u00e9speras do Dia da \u00c1gua | Guia Comercial de Itabira MG","og_description":"Falta de \u00e1gua em Itabira gerar\u00e1 interrup\u00e7\u00f5es devido a reparos da Vale.","og_url":"https:\/\/www.encontraminasgerais.com.br\/itabira\/reparo-na-vale-deixa-itabira-sem-abastecimento-as-vesperas-do-dia-da-agua\/","og_site_name":"Guia Comercial de Itabira MG","article_published_time":"2026-03-20T09:27:13+00:00","author":"Encontra Itabira","twitter_card":"summary_large_image","twitter_misc":{"Escrito por":"Encontra Itabira","Est. tempo de leitura":"5 minutos"},"schema":{"@context":"https:\/\/schema.org","@graph":[{"@type":"Article","@id":"https:\/\/www.encontraminasgerais.com.br\/itabira\/reparo-na-vale-deixa-itabira-sem-abastecimento-as-vesperas-do-dia-da-agua\/#article","isPartOf":{"@id":"https:\/\/www.encontraminasgerais.com.br\/itabira\/reparo-na-vale-deixa-itabira-sem-abastecimento-as-vesperas-do-dia-da-agua\/"},"author":{"name":"Encontra Itabira","@id":"https:\/\/www.encontraminasgerais.com.br\/itabira\/#\/schema\/person\/9ae8a8f5ce59322c92e2499b550870b0"},"headline":"Reparo na Vale deixa Itabira sem abastecimento \u00e0s v\u00e9speras do Dia da \u00c1gua","datePublished":"2026-03-20T09:27:13+00:00","mainEntityOfPage":{"@id":"https:\/\/www.encontraminasgerais.com.br\/itabira\/reparo-na-vale-deixa-itabira-sem-abastecimento-as-vesperas-do-dia-da-agua\/"},"wordCount":959,"commentCount":0,"articleSection":["Not\u00edcias Itabira"],"inLanguage":"pt-BR","potentialAction":[{"@type":"CommentAction","name":"Comment","target":["https:\/\/www.encontraminasgerais.com.br\/itabira\/reparo-na-vale-deixa-itabira-sem-abastecimento-as-vesperas-do-dia-da-agua\/#respond"]}]},{"@type":"WebPage","@id":"https:\/\/www.encontraminasgerais.com.br\/itabira\/reparo-na-vale-deixa-itabira-sem-abastecimento-as-vesperas-do-dia-da-agua\/","url":"https:\/\/www.encontraminasgerais.com.br\/itabira\/reparo-na-vale-deixa-itabira-sem-abastecimento-as-vesperas-do-dia-da-agua\/","name":"Reparo na Vale deixa Itabira sem abastecimento \u00e0s v\u00e9speras do Dia da \u00c1gua | Guia Comercial de Itabira MG","isPartOf":{"@id":"https:\/\/www.encontraminasgerais.com.br\/itabira\/#website"},"datePublished":"2026-03-20T09:27:13+00:00","author":{"@id":"https:\/\/www.encontraminasgerais.com.br\/itabira\/#\/schema\/person\/9ae8a8f5ce59322c92e2499b550870b0"},"inLanguage":"pt-BR","potentialAction":[{"@type":"ReadAction","target":["https:\/\/www.encontraminasgerais.com.br\/itabira\/reparo-na-vale-deixa-itabira-sem-abastecimento-as-vesperas-do-dia-da-agua\/"]}]},{"@type":"WebSite","@id":"https:\/\/www.encontraminasgerais.com.br\/itabira\/#website","url":"https:\/\/www.encontraminasgerais.com.br\/itabira\/","name":"Guia Comercial de Itabira MG","description":"ENCONTRA ITABIRA - O guia comercial de neg\u00f3cios e empresas, cultura e divers\u00e3o na cidade de Itabira. Feito 100% para voc\u00ea morador!","potentialAction":[{"@type":"SearchAction","target":{"@type":"EntryPoint","urlTemplate":"https:\/\/www.encontraminasgerais.com.br\/itabira\/?s={search_term_string}"},"query-input":{"@type":"PropertyValueSpecification","valueRequired":true,"valueName":"search_term_string"}}],"inLanguage":"pt-BR"},{"@type":"Person","@id":"https:\/\/www.encontraminasgerais.com.br\/itabira\/#\/schema\/person\/9ae8a8f5ce59322c92e2499b550870b0","name":"Encontra Itabira","image":{"@type":"ImageObject","inLanguage":"pt-BR","@id":"https:\/\/secure.gravatar.com\/avatar\/c50c17820bcf322f0a8fd6b110b8c0918141409dc69076470f6fca5fee70a5d4?s=96&d=mm&r=g","url":"https:\/\/secure.gravatar.com\/avatar\/c50c17820bcf322f0a8fd6b110b8c0918141409dc69076470f6fca5fee70a5d4?s=96&d=mm&r=g","contentUrl":"https:\/\/secure.gravatar.com\/avatar\/c50c17820bcf322f0a8fd6b110b8c0918141409dc69076470f6fca5fee70a5d4?s=96&d=mm&r=g","caption":"Encontra Itabira"},"url":"https:\/\/www.encontraminasgerais.com.br\/itabira\/author\/encontraitabira\/"}]}},"_links":{"self":[{"href":"https:\/\/www.encontraminasgerais.com.br\/itabira\/wp-json\/wp\/v2\/posts\/5452","targetHints":{"allow":["GET"]}}],"collection":[{"href":"https:\/\/www.encontraminasgerais.com.br\/itabira\/wp-json\/wp\/v2\/posts"}],"about":[{"href":"https:\/\/www.encontraminasgerais.com.br\/itabira\/wp-json\/wp\/v2\/types\/post"}],"author":[{"embeddable":true,"href":"https:\/\/www.encontraminasgerais.com.br\/itabira\/wp-json\/wp\/v2\/users\/1"}],"replies":[{"embeddable":true,"href":"https:\/\/www.encontraminasgerais.com.br\/itabira\/wp-json\/wp\/v2\/comments?post=5452"}],"version-history":[{"count":0,"href":"https:\/\/www.encontraminasgerais.com.br\/itabira\/wp-json\/wp\/v2\/posts\/5452\/revisions"}],"wp:attachment":[{"href":"https:\/\/www.encontraminasgerais.com.br\/itabira\/wp-json\/wp\/v2\/media?parent=5452"}],"wp:term":[{"taxonomy":"category","embeddable":true,"href":"https:\/\/www.encontraminasgerais.com.br\/itabira\/wp-json\/wp\/v2\/categories?post=5452"},{"taxonomy":"post_tag","embeddable":true,"href":"https:\/\/www.encontraminasgerais.com.br\/itabira\/wp-json\/wp\/v2\/tags?post=5452"}],"curies":[{"name":"wp","href":"https:\/\/api.w.org\/{rel}","templated":true}]}}