{"id":5505,"date":"2026-04-01T06:28:29","date_gmt":"2026-04-01T09:28:29","guid":{"rendered":"https:\/\/www.encontraminasgerais.com.br\/itabira\/grs-itabira-e-secretaria-municipal-de-saude-iniciam-campanha-de-vacinacao-contra-a-gripe-com-vacimovel-no-mercado-municipal-em-itabira\/"},"modified":"2026-04-01T06:28:29","modified_gmt":"2026-04-01T09:28:29","slug":"grs-itabira-e-secretaria-municipal-de-saude-iniciam-campanha-de-vacinacao-contra-a-gripe-com-vacimovel-no-mercado-municipal-em-itabira","status":"publish","type":"post","link":"https:\/\/www.encontraminasgerais.com.br\/itabira\/grs-itabira-e-secretaria-municipal-de-saude-iniciam-campanha-de-vacinacao-contra-a-gripe-com-vacimovel-no-mercado-municipal-em-itabira\/","title":{"rendered":"GRS Itabira e Secretaria Municipal de Sa\u00fade iniciam Campanha de Vacina\u00e7\u00e3o contra a Gripe com vacim\u00f3vel no Mercado Municipal em Itabira"},"content":{"rendered":"<h2>Objetivo da Campanha<\/h2>\n<p>A Campanha de Vacina\u00e7\u00e3o contra a Gripe tem como principal objetivo proteger a popula\u00e7\u00e3o da Influenza, uma doen\u00e7a respirat\u00f3ria que pode causar complica\u00e7\u00f5es graves, principalmente em grupos vulner\u00e1veis. A vacina \u00e9 essencial para reduzir a incid\u00eancia de casos graves, hospitaliza\u00e7\u00f5es e \u00f3bitos. O foco \u00e9 garantir que todos os grupos priorit\u00e1rios tenham acesso \u00e0 imuniza\u00e7\u00e3o, ampliando assim a cobertura vacinal no estado.<\/p>\n<h2>Funcionamento do Vacim\u00f3vel<\/h2>\n<p>O vacim\u00f3vel \u00e9 uma unidade m\u00f3vel de vacina\u00e7\u00e3o que facilita o acesso da popula\u00e7\u00e3o \u00e0 vacina contra a gripe. Este servi\u00e7o inovador \u00e9 posicionada em locais estrat\u00e9gicos, como mercados e centros de com\u00e9rcio, permitindo que as pessoas se vacinem de maneira r\u00e1pida e pr\u00e1tica. A equipe de profissionais de sa\u00fade realiza a aplica\u00e7\u00e3o das vacinas, orientando e esclarecendo d\u00favidas sobre a import\u00e2ncia da imuniza\u00e7\u00e3o.<\/p>\n<h2>Import\u00e2ncia da Vacina\u00e7\u00e3o<\/h2>\n<p>Vacinar-se contra a gripe \u00e9 um passo importante para a prote\u00e7\u00e3o individual e coletiva. A vacina n\u00e3o apenas ajuda a prevenir a infec\u00e7\u00e3o, mas tamb\u00e9m diminui a possibilidade de propaga\u00e7\u00e3o do v\u00edrus. Em \u00e9pocas de maior circula\u00e7\u00e3o do v\u00edrus, a vacina\u00e7\u00e3o se torna ainda mais crucial, pois reduz a carga sobre os servi\u00e7os de sa\u00fade e protege os mais vulner\u00e1veis, como crian\u00e7as, idosos e gestantes.<\/p>\n<p><img decoding=\"async\" src=\"https:\/\/www.encontraminasgerais.com.br\/itabira\/wp-content\/uploads\/2026\/04\/grs-itabira-e-secretaria-municipal-de-saude-iniciam-campanha-de-vacinacao-contra-a-gripe-com-vacimov.webp\" alt=\"campanha de vacina\u00e7\u00e3o contra a gripe\" loading=\"lazy\" \/><\/p>\n<h2>P\u00fablico-Alvo da Vacina\u00e7\u00e3o<\/h2>\n<p>O p\u00fablico-alvo da campanha de vacina\u00e7\u00e3o inclui pessoas que fazem parte de grupos considerados priorit\u00e1rios. Isso garante que os indiv\u00edduos mais suscet\u00edveis \u00e0 gripe tenham acesso \u00e0 vacina em primeiro lugar. As diretrizes do Minist\u00e9rio da Sa\u00fade especificam quem deve ser vacinado.<\/p>\n<h2>Grupos Priorit\u00e1rios<\/h2>\n<ul>\n<li><strong>Crian\u00e7as:<\/strong> de 6 meses a menores de 6 anos.<\/li>\n<li><strong>Gestantes:<\/strong> em qualquer fase da gesta\u00e7\u00e3o.<\/li>\n<li><strong>Idosos:<\/strong> com 60 anos ou mais.<\/li>\n<li><strong>Pu\u00e9rperas:<\/strong> at\u00e9 45 dias ap\u00f3s o parto.<\/li>\n<li><strong>Trabalhadores da sa\u00fade:<\/strong> atuantes em servi\u00e7os de sa\u00fade.<\/li>\n<li><strong>Povos ind\u00edgenas e quilombolas:<\/strong> que precisam de prote\u00e7\u00e3o refor\u00e7ada.<\/li>\n<li><strong>Pessoas com comorbidades:<\/strong> que apresentam condi\u00e7\u00f5es de sa\u00fade elevadas ao risco.<\/li>\n<li><strong>Professores:<\/strong> que atuam em institui\u00e7\u00f5es de ensino.<\/li>\n<li><strong>Profissionais das for\u00e7as de seguran\u00e7a e salvamento:<\/strong> como policiais e bombeiros.<\/li>\n<\/ul>\n<h2>Metas de Imuniza\u00e7\u00e3o<\/h2>\n<p>A meta estipulada pelo Minist\u00e9rio da Sa\u00fade \u00e9 vacinar pelo menos 90% de cada grupo priorit\u00e1rio. Essa meta \u00e9 fundamental para que a campanha tenha sucesso e consiga reduzir efetivamente os casos graves de gripe e suas complica\u00e7\u00f5es. Para isso, \u00e9 essencial engajar a popula\u00e7\u00e3o e garantir que todos tenham acesso \u00e0 vacina.<\/p>\n<h2>Vacinas Dispon\u00edveis<\/h2>\n<p>No ano de 2026, a vacina contra a gripe protege contra tr\u00eas cepas principais do v\u00edrus, que incluem:<\/p>\n<ul>\n<li>Influenza A (H1N1)<\/li>\n<li>Influenza A (H3N2)<\/li>\n<li>Influenza B (linhagem Victoria)<\/li>\n<\/ul>\n<p>Essas vacinas s\u00e3o atualizadas anualmente para corresponder \u00e0s cepas em circula\u00e7\u00e3o, garantindo a m\u00e1xima efic\u00e1cia na prote\u00e7\u00e3o.<\/p>\n<h2>Datas Importantes<\/h2>\n<p>A campanha de vacina\u00e7\u00e3o contra a gripe em 2026 ocorrer\u00e1 at\u00e9 dia 30 de maio. As unidades de sa\u00fade estar\u00e3o abertas durante este per\u00edodo para vacinar toda a popula\u00e7\u00e3o que faz parte do p\u00fablico-alvo. \u00c9 fundamental que os indiv\u00edduos procurem a unidade de sa\u00fade mais pr\u00f3xima o quanto antes.<\/p>\n<h2>Como Se Vacinar<\/h2>\n<p>Para se vacinar, os indiv\u00edduos devem dirigir-se a uma Unidade B\u00e1sica de Sa\u00fade (UBS) ou ao vacim\u00f3vel, levando um documento de identifica\u00e7\u00e3o e, se poss\u00edvel, a caderneta de vacina\u00e7\u00e3o. A vacina\u00e7\u00e3o \u00e9 gratuita e r\u00e1pida, com profissionais treinados para atender \u00e0s necessidades de cada grupo.<\/p>\n<h2>Dicas de Preven\u00e7\u00e3o<\/h2>\n<p>Al\u00e9m da vacina\u00e7\u00e3o, algumas pr\u00e1ticas ajudam a prevenir a gripe:<\/p>\n<ul>\n<li><strong>Higiene das m\u00e3os:<\/strong> Lavar as m\u00e3os com frequ\u00eancia e utilizar \u00e1lcool em gel.<\/li>\n<li><strong>Evitar aglomera\u00e7\u00f5es:<\/strong> Sempre que poss\u00edvel, evitar lugares muito cheios.<\/li>\n<li><strong>Manter uma alimenta\u00e7\u00e3o saud\u00e1vel:<\/strong> Consumir alimentos ricos em vitaminas e minerais que fortalecem o sistema imunol\u00f3gico.<\/li>\n<li><strong>Cobrir a boca e o nariz:<\/strong> Ao tossir ou espirrar, utilize um len\u00e7o ou a parte interna do cotovelo.<\/li>\n<li><strong>Manter a vacina\u00e7\u00e3o em dia:<\/strong> Al\u00e9m da vacina contra a gripe, a popula\u00e7\u00e3o deve se atentar a outras vacinas recomendadas.<\/li>\n<\/ul>\n<p>A Campanha de Vacina\u00e7\u00e3o contra a Gripe \u00e9 uma iniciativa essencial para a sa\u00fade p\u00fablica e todos devem participar para garantir uma comunidade mais saud\u00e1vel e protegida.<\/p>\n","protected":false},"excerpt":{"rendered":"<p>Vacina\u00e7\u00e3o contra a gripe inicia no mercado municipal de Itabira com vacim\u00f3vel.<\/p>\n","protected":false},"author":1,"featured_media":5504,"comment_status":"open","ping_status":"open","sticky":false,"template":"","format":"standard","meta":{"footnotes":""},"categories":[5],"tags":[],"class_list":["post-5505","post","type-post","status-publish","format-standard","has-post-thumbnail","hentry","category-noticias","has_thumb"],"yoast_head":"<!-- This site is optimized with the Yoast SEO plugin v28.1 - https:\/\/yoast.com\/product\/yoast-seo-wordpress\/ -->\n<title>GRS Itabira e Secretaria Municipal de Sa\u00fade iniciam Campanha de Vacina\u00e7\u00e3o contra a Gripe com vacim\u00f3vel no Mercado Municipal em Itabira | Guia Comercial de Itabira MG<\/title>\n<meta name=\"robots\" content=\"index, follow, max-snippet:-1, max-image-preview:large, max-video-preview:-1\" \/>\n<link rel=\"canonical\" href=\"https:\/\/www.encontraminasgerais.com.br\/itabira\/grs-itabira-e-secretaria-municipal-de-saude-iniciam-campanha-de-vacinacao-contra-a-gripe-com-vacimovel-no-mercado-municipal-em-itabira\/\" \/>\n<meta property=\"og:locale\" content=\"pt_BR\" \/>\n<meta property=\"og:type\" content=\"article\" \/>\n<meta property=\"og:title\" content=\"GRS Itabira e Secretaria Municipal de Sa\u00fade iniciam Campanha de Vacina\u00e7\u00e3o contra a Gripe com vacim\u00f3vel no Mercado Municipal em Itabira | Guia Comercial de Itabira MG\" \/>\n<meta property=\"og:description\" content=\"Vacina\u00e7\u00e3o contra a gripe inicia no mercado municipal de Itabira com vacim\u00f3vel.\" \/>\n<meta property=\"og:url\" content=\"https:\/\/www.encontraminasgerais.com.br\/itabira\/grs-itabira-e-secretaria-municipal-de-saude-iniciam-campanha-de-vacinacao-contra-a-gripe-com-vacimovel-no-mercado-municipal-em-itabira\/\" \/>\n<meta property=\"og:site_name\" content=\"Guia Comercial de Itabira MG\" \/>\n<meta property=\"article:published_time\" content=\"2026-04-01T09:28:29+00:00\" \/>\n<meta property=\"og:image\" content=\"https:\/\/www.encontraminasgerais.com.br\/itabira\/wp-content\/uploads\/2026\/04\/grs-itabira-e-secretaria-municipal-de-saude-iniciam-campanha-de-vacinacao-contra-a-gripe-com-vacimov.webp\" \/>\n<meta name=\"author\" content=\"Encontra Itabira\" \/>\n<meta name=\"twitter:card\" content=\"summary_large_image\" \/>\n<meta name=\"twitter:label1\" content=\"Escrito por\" \/>\n\t<meta name=\"twitter:data1\" content=\"Encontra Itabira\" \/>\n\t<meta name=\"twitter:label2\" content=\"Est. tempo de leitura\" \/>\n\t<meta name=\"twitter:data2\" content=\"4 minutos\" \/>\n<script type=\"application\/ld+json\" class=\"yoast-schema-graph\">{\"@context\":\"https:\\\/\\\/schema.org\",\"@graph\":[{\"@type\":\"Article\",\"@id\":\"https:\\\/\\\/www.encontraminasgerais.com.br\\\/itabira\\\/grs-itabira-e-secretaria-municipal-de-saude-iniciam-campanha-de-vacinacao-contra-a-gripe-com-vacimovel-no-mercado-municipal-em-itabira\\\/#article\",\"isPartOf\":{\"@id\":\"https:\\\/\\\/www.encontraminasgerais.com.br\\\/itabira\\\/grs-itabira-e-secretaria-municipal-de-saude-iniciam-campanha-de-vacinacao-contra-a-gripe-com-vacimovel-no-mercado-municipal-em-itabira\\\/\"},\"author\":{\"name\":\"Encontra Itabira\",\"@id\":\"https:\\\/\\\/www.encontraminasgerais.com.br\\\/itabira\\\/#\\\/schema\\\/person\\\/9ae8a8f5ce59322c92e2499b550870b0\"},\"headline\":\"GRS Itabira e Secretaria Municipal de Sa\u00fade iniciam Campanha de Vacina\u00e7\u00e3o contra a Gripe com vacim\u00f3vel no Mercado Municipal em Itabira\",\"datePublished\":\"2026-04-01T09:28:29+00:00\",\"mainEntityOfPage\":{\"@id\":\"https:\\\/\\\/www.encontraminasgerais.com.br\\\/itabira\\\/grs-itabira-e-secretaria-municipal-de-saude-iniciam-campanha-de-vacinacao-contra-a-gripe-com-vacimovel-no-mercado-municipal-em-itabira\\\/\"},\"wordCount\":759,\"commentCount\":0,\"image\":{\"@id\":\"https:\\\/\\\/www.encontraminasgerais.com.br\\\/itabira\\\/grs-itabira-e-secretaria-municipal-de-saude-iniciam-campanha-de-vacinacao-contra-a-gripe-com-vacimovel-no-mercado-municipal-em-itabira\\\/#primaryimage\"},\"thumbnailUrl\":\"https:\\\/\\\/www.encontraminasgerais.com.br\\\/itabira\\\/wp-content\\\/uploads\\\/2026\\\/04\\\/grs-itabira-e-secretaria-municipal-de-saude-iniciam-campanha-de-vacinacao-contra-a-gripe-com-vacimov.webp\",\"articleSection\":[\"Not\u00edcias Itabira\"],\"inLanguage\":\"pt-BR\",\"potentialAction\":[{\"@type\":\"CommentAction\",\"name\":\"Comment\",\"target\":[\"https:\\\/\\\/www.encontraminasgerais.com.br\\\/itabira\\\/grs-itabira-e-secretaria-municipal-de-saude-iniciam-campanha-de-vacinacao-contra-a-gripe-com-vacimovel-no-mercado-municipal-em-itabira\\\/#respond\"]}]},{\"@type\":\"WebPage\",\"@id\":\"https:\\\/\\\/www.encontraminasgerais.com.br\\\/itabira\\\/grs-itabira-e-secretaria-municipal-de-saude-iniciam-campanha-de-vacinacao-contra-a-gripe-com-vacimovel-no-mercado-municipal-em-itabira\\\/\",\"url\":\"https:\\\/\\\/www.encontraminasgerais.com.br\\\/itabira\\\/grs-itabira-e-secretaria-municipal-de-saude-iniciam-campanha-de-vacinacao-contra-a-gripe-com-vacimovel-no-mercado-municipal-em-itabira\\\/\",\"name\":\"GRS Itabira e Secretaria Municipal de Sa\u00fade iniciam Campanha de Vacina\u00e7\u00e3o contra a Gripe com vacim\u00f3vel no Mercado Municipal em Itabira | Guia Comercial de Itabira MG\",\"isPartOf\":{\"@id\":\"https:\\\/\\\/www.encontraminasgerais.com.br\\\/itabira\\\/#website\"},\"primaryImageOfPage\":{\"@id\":\"https:\\\/\\\/www.encontraminasgerais.com.br\\\/itabira\\\/grs-itabira-e-secretaria-municipal-de-saude-iniciam-campanha-de-vacinacao-contra-a-gripe-com-vacimovel-no-mercado-municipal-em-itabira\\\/#primaryimage\"},\"image\":{\"@id\":\"https:\\\/\\\/www.encontraminasgerais.com.br\\\/itabira\\\/grs-itabira-e-secretaria-municipal-de-saude-iniciam-campanha-de-vacinacao-contra-a-gripe-com-vacimovel-no-mercado-municipal-em-itabira\\\/#primaryimage\"},\"thumbnailUrl\":\"https:\\\/\\\/www.encontraminasgerais.com.br\\\/itabira\\\/wp-content\\\/uploads\\\/2026\\\/04\\\/grs-itabira-e-secretaria-municipal-de-saude-iniciam-campanha-de-vacinacao-contra-a-gripe-com-vacimov.webp\",\"datePublished\":\"2026-04-01T09:28:29+00:00\",\"author\":{\"@id\":\"https:\\\/\\\/www.encontraminasgerais.com.br\\\/itabira\\\/#\\\/schema\\\/person\\\/9ae8a8f5ce59322c92e2499b550870b0\"},\"inLanguage\":\"pt-BR\",\"potentialAction\":[{\"@type\":\"ReadAction\",\"target\":[\"https:\\\/\\\/www.encontraminasgerais.com.br\\\/itabira\\\/grs-itabira-e-secretaria-municipal-de-saude-iniciam-campanha-de-vacinacao-contra-a-gripe-com-vacimovel-no-mercado-municipal-em-itabira\\\/\"]}]},{\"@type\":\"ImageObject\",\"inLanguage\":\"pt-BR\",\"@id\":\"https:\\\/\\\/www.encontraminasgerais.com.br\\\/itabira\\\/grs-itabira-e-secretaria-municipal-de-saude-iniciam-campanha-de-vacinacao-contra-a-gripe-com-vacimovel-no-mercado-municipal-em-itabira\\\/#primaryimage\",\"url\":\"https:\\\/\\\/www.encontraminasgerais.com.br\\\/itabira\\\/wp-content\\\/uploads\\\/2026\\\/04\\\/grs-itabira-e-secretaria-municipal-de-saude-iniciam-campanha-de-vacinacao-contra-a-gripe-com-vacimov.webp\",\"contentUrl\":\"https:\\\/\\\/www.encontraminasgerais.com.br\\\/itabira\\\/wp-content\\\/uploads\\\/2026\\\/04\\\/grs-itabira-e-secretaria-municipal-de-saude-iniciam-campanha-de-vacinacao-contra-a-gripe-com-vacimov.webp\",\"width\":280,\"height\":280,\"caption\":\"campanha de vacina\u00e7\u00e3o contra a gripe\"},{\"@type\":\"WebSite\",\"@id\":\"https:\\\/\\\/www.encontraminasgerais.com.br\\\/itabira\\\/#website\",\"url\":\"https:\\\/\\\/www.encontraminasgerais.com.br\\\/itabira\\\/\",\"name\":\"Guia Comercial de Itabira MG\",\"description\":\"ENCONTRA ITABIRA - O guia comercial de neg\u00f3cios e empresas, cultura e divers\u00e3o na cidade de Itabira. Feito 100% para voc\u00ea morador!\",\"potentialAction\":[{\"@type\":\"SearchAction\",\"target\":{\"@type\":\"EntryPoint\",\"urlTemplate\":\"https:\\\/\\\/www.encontraminasgerais.com.br\\\/itabira\\\/?s={search_term_string}\"},\"query-input\":{\"@type\":\"PropertyValueSpecification\",\"valueRequired\":true,\"valueName\":\"search_term_string\"}}],\"inLanguage\":\"pt-BR\"},{\"@type\":\"Person\",\"@id\":\"https:\\\/\\\/www.encontraminasgerais.com.br\\\/itabira\\\/#\\\/schema\\\/person\\\/9ae8a8f5ce59322c92e2499b550870b0\",\"name\":\"Encontra Itabira\",\"image\":{\"@type\":\"ImageObject\",\"inLanguage\":\"pt-BR\",\"@id\":\"https:\\\/\\\/secure.gravatar.com\\\/avatar\\\/c50c17820bcf322f0a8fd6b110b8c0918141409dc69076470f6fca5fee70a5d4?s=96&d=mm&r=g\",\"url\":\"https:\\\/\\\/secure.gravatar.com\\\/avatar\\\/c50c17820bcf322f0a8fd6b110b8c0918141409dc69076470f6fca5fee70a5d4?s=96&d=mm&r=g\",\"contentUrl\":\"https:\\\/\\\/secure.gravatar.com\\\/avatar\\\/c50c17820bcf322f0a8fd6b110b8c0918141409dc69076470f6fca5fee70a5d4?s=96&d=mm&r=g\",\"caption\":\"Encontra Itabira\"},\"url\":\"https:\\\/\\\/www.encontraminasgerais.com.br\\\/itabira\\\/author\\\/encontraitabira\\\/\"}]}<\/script>\n<!-- \/ Yoast SEO plugin. -->","yoast_head_json":{"title":"GRS Itabira e Secretaria Municipal de Sa\u00fade iniciam Campanha de Vacina\u00e7\u00e3o contra a Gripe com vacim\u00f3vel no Mercado Municipal em Itabira | Guia Comercial de Itabira MG","robots":{"index":"index","follow":"follow","max-snippet":"max-snippet:-1","max-image-preview":"max-image-preview:large","max-video-preview":"max-video-preview:-1"},"canonical":"https:\/\/www.encontraminasgerais.com.br\/itabira\/grs-itabira-e-secretaria-municipal-de-saude-iniciam-campanha-de-vacinacao-contra-a-gripe-com-vacimovel-no-mercado-municipal-em-itabira\/","og_locale":"pt_BR","og_type":"article","og_title":"GRS Itabira e Secretaria Municipal de Sa\u00fade iniciam Campanha de Vacina\u00e7\u00e3o contra a Gripe com vacim\u00f3vel no Mercado Municipal em Itabira | Guia Comercial de Itabira MG","og_description":"Vacina\u00e7\u00e3o contra a gripe inicia no mercado municipal de Itabira com vacim\u00f3vel.","og_url":"https:\/\/www.encontraminasgerais.com.br\/itabira\/grs-itabira-e-secretaria-municipal-de-saude-iniciam-campanha-de-vacinacao-contra-a-gripe-com-vacimovel-no-mercado-municipal-em-itabira\/","og_site_name":"Guia Comercial de Itabira MG","article_published_time":"2026-04-01T09:28:29+00:00","og_image":[{"url":"https:\/\/www.encontraminasgerais.com.br\/itabira\/wp-content\/uploads\/2026\/04\/grs-itabira-e-secretaria-municipal-de-saude-iniciam-campanha-de-vacinacao-contra-a-gripe-com-vacimov.webp","type":"","width":"","height":""}],"author":"Encontra Itabira","twitter_card":"summary_large_image","twitter_misc":{"Escrito por":"Encontra Itabira","Est. tempo de leitura":"4 minutos"},"schema":{"@context":"https:\/\/schema.org","@graph":[{"@type":"Article","@id":"https:\/\/www.encontraminasgerais.com.br\/itabira\/grs-itabira-e-secretaria-municipal-de-saude-iniciam-campanha-de-vacinacao-contra-a-gripe-com-vacimovel-no-mercado-municipal-em-itabira\/#article","isPartOf":{"@id":"https:\/\/www.encontraminasgerais.com.br\/itabira\/grs-itabira-e-secretaria-municipal-de-saude-iniciam-campanha-de-vacinacao-contra-a-gripe-com-vacimovel-no-mercado-municipal-em-itabira\/"},"author":{"name":"Encontra Itabira","@id":"https:\/\/www.encontraminasgerais.com.br\/itabira\/#\/schema\/person\/9ae8a8f5ce59322c92e2499b550870b0"},"headline":"GRS Itabira e Secretaria Municipal de Sa\u00fade iniciam Campanha de Vacina\u00e7\u00e3o contra a Gripe com vacim\u00f3vel no Mercado Municipal em Itabira","datePublished":"2026-04-01T09:28:29+00:00","mainEntityOfPage":{"@id":"https:\/\/www.encontraminasgerais.com.br\/itabira\/grs-itabira-e-secretaria-municipal-de-saude-iniciam-campanha-de-vacinacao-contra-a-gripe-com-vacimovel-no-mercado-municipal-em-itabira\/"},"wordCount":759,"commentCount":0,"image":{"@id":"https:\/\/www.encontraminasgerais.com.br\/itabira\/grs-itabira-e-secretaria-municipal-de-saude-iniciam-campanha-de-vacinacao-contra-a-gripe-com-vacimovel-no-mercado-municipal-em-itabira\/#primaryimage"},"thumbnailUrl":"https:\/\/www.encontraminasgerais.com.br\/itabira\/wp-content\/uploads\/2026\/04\/grs-itabira-e-secretaria-municipal-de-saude-iniciam-campanha-de-vacinacao-contra-a-gripe-com-vacimov.webp","articleSection":["Not\u00edcias Itabira"],"inLanguage":"pt-BR","potentialAction":[{"@type":"CommentAction","name":"Comment","target":["https:\/\/www.encontraminasgerais.com.br\/itabira\/grs-itabira-e-secretaria-municipal-de-saude-iniciam-campanha-de-vacinacao-contra-a-gripe-com-vacimovel-no-mercado-municipal-em-itabira\/#respond"]}]},{"@type":"WebPage","@id":"https:\/\/www.encontraminasgerais.com.br\/itabira\/grs-itabira-e-secretaria-municipal-de-saude-iniciam-campanha-de-vacinacao-contra-a-gripe-com-vacimovel-no-mercado-municipal-em-itabira\/","url":"https:\/\/www.encontraminasgerais.com.br\/itabira\/grs-itabira-e-secretaria-municipal-de-saude-iniciam-campanha-de-vacinacao-contra-a-gripe-com-vacimovel-no-mercado-municipal-em-itabira\/","name":"GRS Itabira e Secretaria Municipal de Sa\u00fade iniciam Campanha de Vacina\u00e7\u00e3o contra a Gripe com vacim\u00f3vel no Mercado Municipal em Itabira | Guia Comercial de Itabira MG","isPartOf":{"@id":"https:\/\/www.encontraminasgerais.com.br\/itabira\/#website"},"primaryImageOfPage":{"@id":"https:\/\/www.encontraminasgerais.com.br\/itabira\/grs-itabira-e-secretaria-municipal-de-saude-iniciam-campanha-de-vacinacao-contra-a-gripe-com-vacimovel-no-mercado-municipal-em-itabira\/#primaryimage"},"image":{"@id":"https:\/\/www.encontraminasgerais.com.br\/itabira\/grs-itabira-e-secretaria-municipal-de-saude-iniciam-campanha-de-vacinacao-contra-a-gripe-com-vacimovel-no-mercado-municipal-em-itabira\/#primaryimage"},"thumbnailUrl":"https:\/\/www.encontraminasgerais.com.br\/itabira\/wp-content\/uploads\/2026\/04\/grs-itabira-e-secretaria-municipal-de-saude-iniciam-campanha-de-vacinacao-contra-a-gripe-com-vacimov.webp","datePublished":"2026-04-01T09:28:29+00:00","author":{"@id":"https:\/\/www.encontraminasgerais.com.br\/itabira\/#\/schema\/person\/9ae8a8f5ce59322c92e2499b550870b0"},"inLanguage":"pt-BR","potentialAction":[{"@type":"ReadAction","target":["https:\/\/www.encontraminasgerais.com.br\/itabira\/grs-itabira-e-secretaria-municipal-de-saude-iniciam-campanha-de-vacinacao-contra-a-gripe-com-vacimovel-no-mercado-municipal-em-itabira\/"]}]},{"@type":"ImageObject","inLanguage":"pt-BR","@id":"https:\/\/www.encontraminasgerais.com.br\/itabira\/grs-itabira-e-secretaria-municipal-de-saude-iniciam-campanha-de-vacinacao-contra-a-gripe-com-vacimovel-no-mercado-municipal-em-itabira\/#primaryimage","url":"https:\/\/www.encontraminasgerais.com.br\/itabira\/wp-content\/uploads\/2026\/04\/grs-itabira-e-secretaria-municipal-de-saude-iniciam-campanha-de-vacinacao-contra-a-gripe-com-vacimov.webp","contentUrl":"https:\/\/www.encontraminasgerais.com.br\/itabira\/wp-content\/uploads\/2026\/04\/grs-itabira-e-secretaria-municipal-de-saude-iniciam-campanha-de-vacinacao-contra-a-gripe-com-vacimov.webp","width":280,"height":280,"caption":"campanha de vacina\u00e7\u00e3o contra a gripe"},{"@type":"WebSite","@id":"https:\/\/www.encontraminasgerais.com.br\/itabira\/#website","url":"https:\/\/www.encontraminasgerais.com.br\/itabira\/","name":"Guia Comercial de Itabira MG","description":"ENCONTRA ITABIRA - O guia comercial de neg\u00f3cios e empresas, cultura e divers\u00e3o na cidade de Itabira. Feito 100% para voc\u00ea morador!","potentialAction":[{"@type":"SearchAction","target":{"@type":"EntryPoint","urlTemplate":"https:\/\/www.encontraminasgerais.com.br\/itabira\/?s={search_term_string}"},"query-input":{"@type":"PropertyValueSpecification","valueRequired":true,"valueName":"search_term_string"}}],"inLanguage":"pt-BR"},{"@type":"Person","@id":"https:\/\/www.encontraminasgerais.com.br\/itabira\/#\/schema\/person\/9ae8a8f5ce59322c92e2499b550870b0","name":"Encontra Itabira","image":{"@type":"ImageObject","inLanguage":"pt-BR","@id":"https:\/\/secure.gravatar.com\/avatar\/c50c17820bcf322f0a8fd6b110b8c0918141409dc69076470f6fca5fee70a5d4?s=96&d=mm&r=g","url":"https:\/\/secure.gravatar.com\/avatar\/c50c17820bcf322f0a8fd6b110b8c0918141409dc69076470f6fca5fee70a5d4?s=96&d=mm&r=g","contentUrl":"https:\/\/secure.gravatar.com\/avatar\/c50c17820bcf322f0a8fd6b110b8c0918141409dc69076470f6fca5fee70a5d4?s=96&d=mm&r=g","caption":"Encontra Itabira"},"url":"https:\/\/www.encontraminasgerais.com.br\/itabira\/author\/encontraitabira\/"}]}},"_links":{"self":[{"href":"https:\/\/www.encontraminasgerais.com.br\/itabira\/wp-json\/wp\/v2\/posts\/5505","targetHints":{"allow":["GET"]}}],"collection":[{"href":"https:\/\/www.encontraminasgerais.com.br\/itabira\/wp-json\/wp\/v2\/posts"}],"about":[{"href":"https:\/\/www.encontraminasgerais.com.br\/itabira\/wp-json\/wp\/v2\/types\/post"}],"author":[{"embeddable":true,"href":"https:\/\/www.encontraminasgerais.com.br\/itabira\/wp-json\/wp\/v2\/users\/1"}],"replies":[{"embeddable":true,"href":"https:\/\/www.encontraminasgerais.com.br\/itabira\/wp-json\/wp\/v2\/comments?post=5505"}],"version-history":[{"count":0,"href":"https:\/\/www.encontraminasgerais.com.br\/itabira\/wp-json\/wp\/v2\/posts\/5505\/revisions"}],"wp:featuredmedia":[{"embeddable":true,"href":"https:\/\/www.encontraminasgerais.com.br\/itabira\/wp-json\/wp\/v2\/media\/5504"}],"wp:attachment":[{"href":"https:\/\/www.encontraminasgerais.com.br\/itabira\/wp-json\/wp\/v2\/media?parent=5505"}],"wp:term":[{"taxonomy":"category","embeddable":true,"href":"https:\/\/www.encontraminasgerais.com.br\/itabira\/wp-json\/wp\/v2\/categories?post=5505"},{"taxonomy":"post_tag","embeddable":true,"href":"https:\/\/www.encontraminasgerais.com.br\/itabira\/wp-json\/wp\/v2\/tags?post=5505"}],"curies":[{"name":"wp","href":"https:\/\/api.w.org\/{rel}","templated":true}]}}