{"id":5583,"date":"2026-04-17T06:32:48","date_gmt":"2026-04-17T09:32:48","guid":{"rendered":"https:\/\/www.encontraminasgerais.com.br\/itabira\/tecnico-de-radiologia-e-indiciado-por-registrar-imagens-intimas-de-pacientes-em-itabira\/"},"modified":"2026-04-17T06:32:48","modified_gmt":"2026-04-17T09:32:48","slug":"tecnico-de-radiologia-e-indiciado-por-registrar-imagens-intimas-de-pacientes-em-itabira","status":"publish","type":"post","link":"https:\/\/www.encontraminasgerais.com.br\/itabira\/tecnico-de-radiologia-e-indiciado-por-registrar-imagens-intimas-de-pacientes-em-itabira\/","title":{"rendered":"T\u00e9cnico de radiologia \u00e9 indiciado por registrar imagens \u00edntimas de pacientes em Itabira"},"content":{"rendered":"<h2>O Que Motivou a Investiga\u00e7\u00e3o<\/h2>\n<p>A investiga\u00e7\u00e3o sobre as pr\u00e1ticas do t\u00e9cnico de radiologia de 46 anos come\u00e7ou em resposta a uma den\u00fancia formal recebida pela Delegacia Especializada de Atendimento \u00e0 Mulher (Deam) de Itabira. Em 27 de novembro de 2025, uma mulher de 28 anos, que realizava um exame radiol\u00f3gico admissional, percebeu a presen\u00e7a de um celular escondido no bolso do jaleco do profissional que estava a atendendo. A suspeita de que o aparelho poderia estar sendo usado para registrar imagens \u00edntimas motivou a den\u00fancia.<\/p>\n<h2>Como a Den\u00fancia Foi Realizada<\/h2>\n<p>A v\u00edtima foi acionada pela situa\u00e7\u00e3o inusitada que identificou durante o atendimento e imediatamente decidiu relatar o ocorrido \u00e0s autoridades. Essa a\u00e7\u00e3o n\u00e3o apenas visava proteger a sua pr\u00f3pria privacidade, mas tamb\u00e9m prevenir que outros pacientes pudessem ser v\u00edtimas de atitudes semelhantes. A prontid\u00e3o da v\u00edtima e sua decis\u00e3o de buscar ajuda foi crucial para iniciar a investiga\u00e7\u00e3o.<\/p>\n<h2>Desdobramentos da Per\u00edcia Digital<\/h2>\n<p>Com a den\u00fancia de abuso, a pol\u00edcia procedeu com a apreens\u00e3o do celular do t\u00e9cnico de radiologia. A per\u00edcia digital realizada sobre o dispositivo revelou a exist\u00eancia de m\u00faltiplos arquivos de v\u00eddeo. Os investigadores observaram que as grava\u00e7\u00f5es mostravam o profissional montando o celular de maneira estrat\u00e9gica antes da entrada das pacientes na sala de exames. Isso corroborou a den\u00fancia da v\u00edtima e apontou para um padr\u00e3o de comportamento il\u00edcito que compromete a \u00e9tica e a dignidade profissional.<\/p>\n<p><img decoding=\"async\" src=\"https:\/\/www.encontraminasgerais.com.br\/itabira\/wp-content\/uploads\/2026\/04\/tecnico-de-radiologia-e-indiciado-por-registrar-imagens-intimas-de-pacientes-em-itabira.webp\" alt=\"t\u00e9cnico de radiologia indiciado por filmar pacientes\" loading=\"lazy\" \/><\/p>\n<h2>O Contexto Legal do Crime<\/h2>\n<p>O ato do t\u00e9cnico configura um crime previsto no artigo 216-B do C\u00f3digo Penal Brasileiro, que trata da &#8220;a produ\u00e7\u00e3o, comercializa\u00e7\u00e3o, reprodu\u00e7\u00e3o ou distribui\u00e7\u00e3o de imagens que contenham nudez ou ato sexual sem consentimento&#8221;. O t\u00e9cnico pode enfrentar severas consequ\u00eancias legais devido \u00e0 gravidade da ofensa \u00e0 privacidade e dignidade das pacientes. Al\u00e9m do processo legal, sua conduta tamb\u00e9m fere os princ\u00edpios de \u00e9tica profissional que regem a \u00e1rea da sa\u00fade.<\/p>\n<h2>A Import\u00e2ncia da Privacidade no Consult\u00f3rio M\u00e9dico<\/h2>\n<p>A privacidade dos pacientes \u00e9 um dos pilares do atendimento m\u00e9dico. O respeito \u00e0 intimidade \u00e9 fundamental para a constru\u00e7\u00e3o da confian\u00e7a entre paciente e profissional de sa\u00fade. Situa\u00e7\u00f5es como a relatada comprometem essa rela\u00e7\u00e3o e podem causar danos psicol\u00f3gicos e emocionais profundos \u00e0s v\u00edtimas, al\u00e9m de prejudicar a imagem da institui\u00e7\u00e3o onde ocorreram os ocorridos. Os consult\u00f3rios e cl\u00ednicas devem adotar pr\u00e1ticas rigorosas para proteger a privacidade dos pacientes e garantir um ambiente seguro durante os atendimentos.<\/p>\n<h2>Consequ\u00eancias para a Cl\u00ednica Envolvida<\/h2>\n<p>A cl\u00ednica onde os eventos ocorreram enfrenta s\u00e9rias implica\u00e7\u00f5es, incluindo danos \u00e0 sua reputa\u00e7\u00e3o e credibilidade. As v\u00edtimas podem buscar compensa\u00e7\u00f5es legais e a cl\u00ednica pode ter sua licen\u00e7a revogada caso se prove neglig\u00eancia em sua supervis\u00e3o. Medidas de seguran\u00e7a para proteger os pacientes, como o treinamento adequado de seu pessoal e a implementa\u00e7\u00e3o de protocolos r\u00edgidos de privacidade, devem ser urgentemente reavaliadas.<\/p>\n<h2>Testemunhos das V\u00edtimas<\/h2>\n<p>As v\u00edtimas impactadas pela conduta do t\u00e9cnico t\u00eam o direito de se manifestar e relatar seus sentimentos em rela\u00e7\u00e3o ao ocorrido. Depoimentos emocionais podem incluir sentimentos de trai\u00e7\u00e3o, vulnerabilidade e, especialmente, a sensa\u00e7\u00e3o de que sua confian\u00e7a foi quebrada. Ter espa\u00e7o para compartilhar suas experi\u00eancias \u00e9 vital para o processo de cura e para a sensibiliza\u00e7\u00e3o de outros poss\u00edveis casos.<\/p>\n<h2>Rea\u00e7\u00f5es da Comunidade e Profissionais de Sa\u00fade<\/h2>\n<p>A repercuss\u00e3o deste caso na comunidade local foi significativa. Muitos expressaram sua indigna\u00e7\u00e3o nas redes sociais, destacando a necessidade de a\u00e7\u00f5es r\u00e1pidas que protejam os direitos dos pacientes. Al\u00e9m disso, profissionais da sa\u00fade tamb\u00e9m se pronunciaram a respeito da import\u00e2ncia de manter padr\u00f5es \u00e9ticos e de respeito nas rela\u00e7\u00f5es com pacientes, reiterando que tal conduta \u00e9 inaceit\u00e1vel e n\u00e3o representa a profiss\u00e3o.<\/p>\n<h2>O Papel da Pol\u00edcia Civil no Caso<\/h2>\n<p>A Pol\u00edcia Civil desempenhou um papel essencial na condu\u00e7\u00e3o da investiga\u00e7\u00e3o, recolhendo provas relevantes e apresentando o inqu\u00e9rito ao Minist\u00e9rio P\u00fablico para as medidas legais apropriadas. O trabalho investigativo n\u00e3o s\u00f3 respondeu \u00e0 demanda de justi\u00e7a das v\u00edtimas, mas tamb\u00e9m lan\u00e7ou luz sobre a necessidade de supervis\u00e3o adequada e accountability para profissionais da sa\u00fade.<\/p>\n<h2>Reflex\u00f5es Sobre a \u00c9tica na Radiologia<\/h2>\n<p>Este caso levanta importantes questionamentos sobre a forma\u00e7\u00e3o e a \u00e9tica no campo da radiologia. \u00c9 vital que palestras e f\u00f3runs discutam a responsabilidade dos profissionais da sa\u00fade em rela\u00e7\u00e3o ao tratamento de pacientes. O refor\u00e7o das diretrizes de \u00e9tica \u00e9 necess\u00e1rio para que incidentes semelhantes n\u00e3o se repitam, assegurando um atendimento mais seguro e confi\u00e1vel.<\/p>\n","protected":false},"excerpt":{"rendered":"<p>T\u00e9cnico de radiologia \u00e9 indiciado por filmar pacientes em cl\u00ednica; saiba mais.<\/p>\n","protected":false},"author":1,"featured_media":5582,"comment_status":"open","ping_status":"open","sticky":false,"template":"","format":"standard","meta":{"footnotes":""},"categories":[5],"tags":[],"class_list":["post-5583","post","type-post","status-publish","format-standard","has-post-thumbnail","hentry","category-noticias","has_thumb"],"yoast_head":"<!-- This site is optimized with the Yoast SEO plugin v28.1 - https:\/\/yoast.com\/product\/yoast-seo-wordpress\/ -->\n<title>T\u00e9cnico de radiologia \u00e9 indiciado por registrar imagens \u00edntimas de pacientes em Itabira | Guia Comercial de Itabira MG<\/title>\n<meta name=\"robots\" content=\"index, follow, max-snippet:-1, max-image-preview:large, max-video-preview:-1\" \/>\n<link rel=\"canonical\" href=\"https:\/\/www.encontraminasgerais.com.br\/itabira\/tecnico-de-radiologia-e-indiciado-por-registrar-imagens-intimas-de-pacientes-em-itabira\/\" \/>\n<meta property=\"og:locale\" content=\"pt_BR\" \/>\n<meta property=\"og:type\" content=\"article\" \/>\n<meta property=\"og:title\" content=\"T\u00e9cnico de radiologia \u00e9 indiciado por registrar imagens \u00edntimas de pacientes em Itabira | Guia Comercial de Itabira MG\" \/>\n<meta property=\"og:description\" content=\"T\u00e9cnico de radiologia \u00e9 indiciado por filmar pacientes em cl\u00ednica; saiba mais.\" \/>\n<meta property=\"og:url\" content=\"https:\/\/www.encontraminasgerais.com.br\/itabira\/tecnico-de-radiologia-e-indiciado-por-registrar-imagens-intimas-de-pacientes-em-itabira\/\" \/>\n<meta property=\"og:site_name\" content=\"Guia Comercial de Itabira MG\" \/>\n<meta property=\"article:published_time\" content=\"2026-04-17T09:32:48+00:00\" \/>\n<meta property=\"og:image\" content=\"https:\/\/www.encontraminasgerais.com.br\/itabira\/wp-content\/uploads\/2026\/04\/tecnico-de-radiologia-e-indiciado-por-registrar-imagens-intimas-de-pacientes-em-itabira.webp\" \/>\n<meta name=\"author\" content=\"Encontra Itabira\" \/>\n<meta name=\"twitter:card\" content=\"summary_large_image\" \/>\n<meta name=\"twitter:label1\" content=\"Escrito por\" \/>\n\t<meta name=\"twitter:data1\" content=\"Encontra Itabira\" \/>\n\t<meta name=\"twitter:label2\" content=\"Est. tempo de leitura\" \/>\n\t<meta name=\"twitter:data2\" content=\"4 minutos\" \/>\n<script type=\"application\/ld+json\" class=\"yoast-schema-graph\">{\"@context\":\"https:\\\/\\\/schema.org\",\"@graph\":[{\"@type\":\"Article\",\"@id\":\"https:\\\/\\\/www.encontraminasgerais.com.br\\\/itabira\\\/tecnico-de-radiologia-e-indiciado-por-registrar-imagens-intimas-de-pacientes-em-itabira\\\/#article\",\"isPartOf\":{\"@id\":\"https:\\\/\\\/www.encontraminasgerais.com.br\\\/itabira\\\/tecnico-de-radiologia-e-indiciado-por-registrar-imagens-intimas-de-pacientes-em-itabira\\\/\"},\"author\":{\"name\":\"Encontra Itabira\",\"@id\":\"https:\\\/\\\/www.encontraminasgerais.com.br\\\/itabira\\\/#\\\/schema\\\/person\\\/9ae8a8f5ce59322c92e2499b550870b0\"},\"headline\":\"T\u00e9cnico de radiologia \u00e9 indiciado por registrar imagens \u00edntimas de pacientes em Itabira\",\"datePublished\":\"2026-04-17T09:32:48+00:00\",\"mainEntityOfPage\":{\"@id\":\"https:\\\/\\\/www.encontraminasgerais.com.br\\\/itabira\\\/tecnico-de-radiologia-e-indiciado-por-registrar-imagens-intimas-de-pacientes-em-itabira\\\/\"},\"wordCount\":841,\"commentCount\":0,\"image\":{\"@id\":\"https:\\\/\\\/www.encontraminasgerais.com.br\\\/itabira\\\/tecnico-de-radiologia-e-indiciado-por-registrar-imagens-intimas-de-pacientes-em-itabira\\\/#primaryimage\"},\"thumbnailUrl\":\"https:\\\/\\\/www.encontraminasgerais.com.br\\\/itabira\\\/wp-content\\\/uploads\\\/2026\\\/04\\\/tecnico-de-radiologia-e-indiciado-por-registrar-imagens-intimas-de-pacientes-em-itabira.webp\",\"articleSection\":[\"Not\u00edcias Itabira\"],\"inLanguage\":\"pt-BR\",\"potentialAction\":[{\"@type\":\"CommentAction\",\"name\":\"Comment\",\"target\":[\"https:\\\/\\\/www.encontraminasgerais.com.br\\\/itabira\\\/tecnico-de-radiologia-e-indiciado-por-registrar-imagens-intimas-de-pacientes-em-itabira\\\/#respond\"]}]},{\"@type\":\"WebPage\",\"@id\":\"https:\\\/\\\/www.encontraminasgerais.com.br\\\/itabira\\\/tecnico-de-radiologia-e-indiciado-por-registrar-imagens-intimas-de-pacientes-em-itabira\\\/\",\"url\":\"https:\\\/\\\/www.encontraminasgerais.com.br\\\/itabira\\\/tecnico-de-radiologia-e-indiciado-por-registrar-imagens-intimas-de-pacientes-em-itabira\\\/\",\"name\":\"T\u00e9cnico de radiologia \u00e9 indiciado por registrar imagens \u00edntimas de pacientes em Itabira | Guia Comercial de Itabira MG\",\"isPartOf\":{\"@id\":\"https:\\\/\\\/www.encontraminasgerais.com.br\\\/itabira\\\/#website\"},\"primaryImageOfPage\":{\"@id\":\"https:\\\/\\\/www.encontraminasgerais.com.br\\\/itabira\\\/tecnico-de-radiologia-e-indiciado-por-registrar-imagens-intimas-de-pacientes-em-itabira\\\/#primaryimage\"},\"image\":{\"@id\":\"https:\\\/\\\/www.encontraminasgerais.com.br\\\/itabira\\\/tecnico-de-radiologia-e-indiciado-por-registrar-imagens-intimas-de-pacientes-em-itabira\\\/#primaryimage\"},\"thumbnailUrl\":\"https:\\\/\\\/www.encontraminasgerais.com.br\\\/itabira\\\/wp-content\\\/uploads\\\/2026\\\/04\\\/tecnico-de-radiologia-e-indiciado-por-registrar-imagens-intimas-de-pacientes-em-itabira.webp\",\"datePublished\":\"2026-04-17T09:32:48+00:00\",\"author\":{\"@id\":\"https:\\\/\\\/www.encontraminasgerais.com.br\\\/itabira\\\/#\\\/schema\\\/person\\\/9ae8a8f5ce59322c92e2499b550870b0\"},\"inLanguage\":\"pt-BR\",\"potentialAction\":[{\"@type\":\"ReadAction\",\"target\":[\"https:\\\/\\\/www.encontraminasgerais.com.br\\\/itabira\\\/tecnico-de-radiologia-e-indiciado-por-registrar-imagens-intimas-de-pacientes-em-itabira\\\/\"]}]},{\"@type\":\"ImageObject\",\"inLanguage\":\"pt-BR\",\"@id\":\"https:\\\/\\\/www.encontraminasgerais.com.br\\\/itabira\\\/tecnico-de-radiologia-e-indiciado-por-registrar-imagens-intimas-de-pacientes-em-itabira\\\/#primaryimage\",\"url\":\"https:\\\/\\\/www.encontraminasgerais.com.br\\\/itabira\\\/wp-content\\\/uploads\\\/2026\\\/04\\\/tecnico-de-radiologia-e-indiciado-por-registrar-imagens-intimas-de-pacientes-em-itabira.webp\",\"contentUrl\":\"https:\\\/\\\/www.encontraminasgerais.com.br\\\/itabira\\\/wp-content\\\/uploads\\\/2026\\\/04\\\/tecnico-de-radiologia-e-indiciado-por-registrar-imagens-intimas-de-pacientes-em-itabira.webp\",\"width\":280,\"height\":280,\"caption\":\"t\u00e9cnico de radiologia indiciado por filmar pacientes\"},{\"@type\":\"WebSite\",\"@id\":\"https:\\\/\\\/www.encontraminasgerais.com.br\\\/itabira\\\/#website\",\"url\":\"https:\\\/\\\/www.encontraminasgerais.com.br\\\/itabira\\\/\",\"name\":\"Guia Comercial de Itabira MG\",\"description\":\"ENCONTRA ITABIRA - O guia comercial de neg\u00f3cios e empresas, cultura e divers\u00e3o na cidade de Itabira. Feito 100% para voc\u00ea morador!\",\"potentialAction\":[{\"@type\":\"SearchAction\",\"target\":{\"@type\":\"EntryPoint\",\"urlTemplate\":\"https:\\\/\\\/www.encontraminasgerais.com.br\\\/itabira\\\/?s={search_term_string}\"},\"query-input\":{\"@type\":\"PropertyValueSpecification\",\"valueRequired\":true,\"valueName\":\"search_term_string\"}}],\"inLanguage\":\"pt-BR\"},{\"@type\":\"Person\",\"@id\":\"https:\\\/\\\/www.encontraminasgerais.com.br\\\/itabira\\\/#\\\/schema\\\/person\\\/9ae8a8f5ce59322c92e2499b550870b0\",\"name\":\"Encontra Itabira\",\"image\":{\"@type\":\"ImageObject\",\"inLanguage\":\"pt-BR\",\"@id\":\"https:\\\/\\\/secure.gravatar.com\\\/avatar\\\/c50c17820bcf322f0a8fd6b110b8c0918141409dc69076470f6fca5fee70a5d4?s=96&d=mm&r=g\",\"url\":\"https:\\\/\\\/secure.gravatar.com\\\/avatar\\\/c50c17820bcf322f0a8fd6b110b8c0918141409dc69076470f6fca5fee70a5d4?s=96&d=mm&r=g\",\"contentUrl\":\"https:\\\/\\\/secure.gravatar.com\\\/avatar\\\/c50c17820bcf322f0a8fd6b110b8c0918141409dc69076470f6fca5fee70a5d4?s=96&d=mm&r=g\",\"caption\":\"Encontra Itabira\"},\"url\":\"https:\\\/\\\/www.encontraminasgerais.com.br\\\/itabira\\\/author\\\/encontraitabira\\\/\"}]}<\/script>\n<!-- \/ Yoast SEO plugin. -->","yoast_head_json":{"title":"T\u00e9cnico de radiologia \u00e9 indiciado por registrar imagens \u00edntimas de pacientes em Itabira | Guia Comercial de Itabira MG","robots":{"index":"index","follow":"follow","max-snippet":"max-snippet:-1","max-image-preview":"max-image-preview:large","max-video-preview":"max-video-preview:-1"},"canonical":"https:\/\/www.encontraminasgerais.com.br\/itabira\/tecnico-de-radiologia-e-indiciado-por-registrar-imagens-intimas-de-pacientes-em-itabira\/","og_locale":"pt_BR","og_type":"article","og_title":"T\u00e9cnico de radiologia \u00e9 indiciado por registrar imagens \u00edntimas de pacientes em Itabira | Guia Comercial de Itabira MG","og_description":"T\u00e9cnico de radiologia \u00e9 indiciado por filmar pacientes em cl\u00ednica; saiba mais.","og_url":"https:\/\/www.encontraminasgerais.com.br\/itabira\/tecnico-de-radiologia-e-indiciado-por-registrar-imagens-intimas-de-pacientes-em-itabira\/","og_site_name":"Guia Comercial de Itabira MG","article_published_time":"2026-04-17T09:32:48+00:00","og_image":[{"url":"https:\/\/www.encontraminasgerais.com.br\/itabira\/wp-content\/uploads\/2026\/04\/tecnico-de-radiologia-e-indiciado-por-registrar-imagens-intimas-de-pacientes-em-itabira.webp","type":"","width":"","height":""}],"author":"Encontra Itabira","twitter_card":"summary_large_image","twitter_misc":{"Escrito por":"Encontra Itabira","Est. tempo de leitura":"4 minutos"},"schema":{"@context":"https:\/\/schema.org","@graph":[{"@type":"Article","@id":"https:\/\/www.encontraminasgerais.com.br\/itabira\/tecnico-de-radiologia-e-indiciado-por-registrar-imagens-intimas-de-pacientes-em-itabira\/#article","isPartOf":{"@id":"https:\/\/www.encontraminasgerais.com.br\/itabira\/tecnico-de-radiologia-e-indiciado-por-registrar-imagens-intimas-de-pacientes-em-itabira\/"},"author":{"name":"Encontra Itabira","@id":"https:\/\/www.encontraminasgerais.com.br\/itabira\/#\/schema\/person\/9ae8a8f5ce59322c92e2499b550870b0"},"headline":"T\u00e9cnico de radiologia \u00e9 indiciado por registrar imagens \u00edntimas de pacientes em Itabira","datePublished":"2026-04-17T09:32:48+00:00","mainEntityOfPage":{"@id":"https:\/\/www.encontraminasgerais.com.br\/itabira\/tecnico-de-radiologia-e-indiciado-por-registrar-imagens-intimas-de-pacientes-em-itabira\/"},"wordCount":841,"commentCount":0,"image":{"@id":"https:\/\/www.encontraminasgerais.com.br\/itabira\/tecnico-de-radiologia-e-indiciado-por-registrar-imagens-intimas-de-pacientes-em-itabira\/#primaryimage"},"thumbnailUrl":"https:\/\/www.encontraminasgerais.com.br\/itabira\/wp-content\/uploads\/2026\/04\/tecnico-de-radiologia-e-indiciado-por-registrar-imagens-intimas-de-pacientes-em-itabira.webp","articleSection":["Not\u00edcias Itabira"],"inLanguage":"pt-BR","potentialAction":[{"@type":"CommentAction","name":"Comment","target":["https:\/\/www.encontraminasgerais.com.br\/itabira\/tecnico-de-radiologia-e-indiciado-por-registrar-imagens-intimas-de-pacientes-em-itabira\/#respond"]}]},{"@type":"WebPage","@id":"https:\/\/www.encontraminasgerais.com.br\/itabira\/tecnico-de-radiologia-e-indiciado-por-registrar-imagens-intimas-de-pacientes-em-itabira\/","url":"https:\/\/www.encontraminasgerais.com.br\/itabira\/tecnico-de-radiologia-e-indiciado-por-registrar-imagens-intimas-de-pacientes-em-itabira\/","name":"T\u00e9cnico de radiologia \u00e9 indiciado por registrar imagens \u00edntimas de pacientes em Itabira | Guia Comercial de Itabira MG","isPartOf":{"@id":"https:\/\/www.encontraminasgerais.com.br\/itabira\/#website"},"primaryImageOfPage":{"@id":"https:\/\/www.encontraminasgerais.com.br\/itabira\/tecnico-de-radiologia-e-indiciado-por-registrar-imagens-intimas-de-pacientes-em-itabira\/#primaryimage"},"image":{"@id":"https:\/\/www.encontraminasgerais.com.br\/itabira\/tecnico-de-radiologia-e-indiciado-por-registrar-imagens-intimas-de-pacientes-em-itabira\/#primaryimage"},"thumbnailUrl":"https:\/\/www.encontraminasgerais.com.br\/itabira\/wp-content\/uploads\/2026\/04\/tecnico-de-radiologia-e-indiciado-por-registrar-imagens-intimas-de-pacientes-em-itabira.webp","datePublished":"2026-04-17T09:32:48+00:00","author":{"@id":"https:\/\/www.encontraminasgerais.com.br\/itabira\/#\/schema\/person\/9ae8a8f5ce59322c92e2499b550870b0"},"inLanguage":"pt-BR","potentialAction":[{"@type":"ReadAction","target":["https:\/\/www.encontraminasgerais.com.br\/itabira\/tecnico-de-radiologia-e-indiciado-por-registrar-imagens-intimas-de-pacientes-em-itabira\/"]}]},{"@type":"ImageObject","inLanguage":"pt-BR","@id":"https:\/\/www.encontraminasgerais.com.br\/itabira\/tecnico-de-radiologia-e-indiciado-por-registrar-imagens-intimas-de-pacientes-em-itabira\/#primaryimage","url":"https:\/\/www.encontraminasgerais.com.br\/itabira\/wp-content\/uploads\/2026\/04\/tecnico-de-radiologia-e-indiciado-por-registrar-imagens-intimas-de-pacientes-em-itabira.webp","contentUrl":"https:\/\/www.encontraminasgerais.com.br\/itabira\/wp-content\/uploads\/2026\/04\/tecnico-de-radiologia-e-indiciado-por-registrar-imagens-intimas-de-pacientes-em-itabira.webp","width":280,"height":280,"caption":"t\u00e9cnico de radiologia indiciado por filmar pacientes"},{"@type":"WebSite","@id":"https:\/\/www.encontraminasgerais.com.br\/itabira\/#website","url":"https:\/\/www.encontraminasgerais.com.br\/itabira\/","name":"Guia Comercial de Itabira MG","description":"ENCONTRA ITABIRA - O guia comercial de neg\u00f3cios e empresas, cultura e divers\u00e3o na cidade de Itabira. Feito 100% para voc\u00ea morador!","potentialAction":[{"@type":"SearchAction","target":{"@type":"EntryPoint","urlTemplate":"https:\/\/www.encontraminasgerais.com.br\/itabira\/?s={search_term_string}"},"query-input":{"@type":"PropertyValueSpecification","valueRequired":true,"valueName":"search_term_string"}}],"inLanguage":"pt-BR"},{"@type":"Person","@id":"https:\/\/www.encontraminasgerais.com.br\/itabira\/#\/schema\/person\/9ae8a8f5ce59322c92e2499b550870b0","name":"Encontra Itabira","image":{"@type":"ImageObject","inLanguage":"pt-BR","@id":"https:\/\/secure.gravatar.com\/avatar\/c50c17820bcf322f0a8fd6b110b8c0918141409dc69076470f6fca5fee70a5d4?s=96&d=mm&r=g","url":"https:\/\/secure.gravatar.com\/avatar\/c50c17820bcf322f0a8fd6b110b8c0918141409dc69076470f6fca5fee70a5d4?s=96&d=mm&r=g","contentUrl":"https:\/\/secure.gravatar.com\/avatar\/c50c17820bcf322f0a8fd6b110b8c0918141409dc69076470f6fca5fee70a5d4?s=96&d=mm&r=g","caption":"Encontra Itabira"},"url":"https:\/\/www.encontraminasgerais.com.br\/itabira\/author\/encontraitabira\/"}]}},"_links":{"self":[{"href":"https:\/\/www.encontraminasgerais.com.br\/itabira\/wp-json\/wp\/v2\/posts\/5583","targetHints":{"allow":["GET"]}}],"collection":[{"href":"https:\/\/www.encontraminasgerais.com.br\/itabira\/wp-json\/wp\/v2\/posts"}],"about":[{"href":"https:\/\/www.encontraminasgerais.com.br\/itabira\/wp-json\/wp\/v2\/types\/post"}],"author":[{"embeddable":true,"href":"https:\/\/www.encontraminasgerais.com.br\/itabira\/wp-json\/wp\/v2\/users\/1"}],"replies":[{"embeddable":true,"href":"https:\/\/www.encontraminasgerais.com.br\/itabira\/wp-json\/wp\/v2\/comments?post=5583"}],"version-history":[{"count":0,"href":"https:\/\/www.encontraminasgerais.com.br\/itabira\/wp-json\/wp\/v2\/posts\/5583\/revisions"}],"wp:featuredmedia":[{"embeddable":true,"href":"https:\/\/www.encontraminasgerais.com.br\/itabira\/wp-json\/wp\/v2\/media\/5582"}],"wp:attachment":[{"href":"https:\/\/www.encontraminasgerais.com.br\/itabira\/wp-json\/wp\/v2\/media?parent=5583"}],"wp:term":[{"taxonomy":"category","embeddable":true,"href":"https:\/\/www.encontraminasgerais.com.br\/itabira\/wp-json\/wp\/v2\/categories?post=5583"},{"taxonomy":"post_tag","embeddable":true,"href":"https:\/\/www.encontraminasgerais.com.br\/itabira\/wp-json\/wp\/v2\/tags?post=5583"}],"curies":[{"name":"wp","href":"https:\/\/api.w.org\/{rel}","templated":true}]}}