{"id":5604,"date":"2026-04-21T06:33:16","date_gmt":"2026-04-21T09:33:16","guid":{"rendered":"https:\/\/www.encontraminasgerais.com.br\/itabira\/jovem-denuncia-15-horas-de-terror-em-carcere-com-agressoes-e-ameacas-do-ex-em-itabira\/"},"modified":"2026-04-21T06:33:16","modified_gmt":"2026-04-21T09:33:16","slug":"jovem-denuncia-15-horas-de-terror-em-carcere-com-agressoes-e-ameacas-do-ex-em-itabira","status":"publish","type":"post","link":"https:\/\/www.encontraminasgerais.com.br\/itabira\/jovem-denuncia-15-horas-de-terror-em-carcere-com-agressoes-e-ameacas-do-ex-em-itabira\/","title":{"rendered":"Jovem denuncia 15 horas de terror em c\u00e1rcere com agress\u00f5es e amea\u00e7as do ex em Itabira"},"content":{"rendered":"<h2>O Caso de Itabira: Detalhes da Ocorr\u00eancia<\/h2>\n<p>Uma jovem com apenas 19 anos fez uma den\u00fancia chocante envolvendo seu ex-parceiro, que tem 31 anos. A ocorr\u00eancia, relatada \u00e0s autoridades, destaca um grave caso de viol\u00eancia e c\u00e1rcere privado que aconteceu em Itabira, uma cidade situada na Regi\u00e3o Central de Minas Gerais.<\/p>\n<p>De acordo com as informa\u00e7\u00f5es fornecidas \u00e0 <strong>Pol\u00edcia Militar<\/strong>, a v\u00edtima afirmou que visitou o ex-namorado no bairro Nossa Senhora das Oliveiras no domingo, com a inten\u00e7\u00e3o de discutir a possibilidade de uma reconcilia\u00e7\u00e3o. O que deveria ser uma conversa pac\u00edfica rapidamente se transformou em um pesadelo.<\/p>\n<p>Ela revelou que, ao inv\u00e9s de ter uma conversa amig\u00e1vel, foi mantida contra sua vontade por mais de 15 horas, sendo submetida a diversas agress\u00f5es. Entre os relatos, constam socos, chutes e at\u00e9 mesmo empurr\u00f5es, incluindo uma queda de uma escada. O ex-parceiro, em um ataque de ci\u00fames, quebrou o celular da jovem e tentou feri-la usando uma caneta.<\/p>\n<p><img decoding=\"async\" src=\"https:\/\/www.encontraminasgerais.com.br\/itabira\/wp-content\/uploads\/2026\/04\/jovem-denuncia-15-horas-de-terror-em-carcere-com-agressoes-e-ameacas-do-ex-em-itabira.webp\" alt=\"jovem denuncia 15 horas de terror em c\u00e1rcere\" loading=\"lazy\" \/><\/p>\n<h2>A Rea\u00e7\u00e3o das Autoridades<\/h2>\n<p>A pol\u00edcia tomou conhecimento do caso na manh\u00e3 de segunda-feira, quando a jovem finalmente conseguiu escapar e buscar ajuda. A equipe da <strong>Pol\u00edcia Militar<\/strong> imediatamente iniciou as investiga\u00e7\u00f5es e procurou o suspeito, por\u00e9m, at\u00e9 o presente momento, ele n\u00e3o foi localizado.<\/p>\n<p>As amea\u00e7as feitas pelo agressor aumentaram a gravidade do caso. Ap\u00f3s as agress\u00f5es, ele n\u00e3o s\u00f3 amea\u00e7ou a vida da mulher, mas tamb\u00e9m prometeu fazer mal a seus familiares se ela comunicava a situa\u00e7\u00e3o \u00e0s autoridades.<\/p>\n<h2>Hist\u00f3rias de V\u00edtimas de Viol\u00eancia<\/h2>\n<p>Infelizmente, casos de viol\u00eancia dom\u00e9stica n\u00e3o s\u00e3o raros em nossa sociedade. Muitas mulheres, assim como a jovem de Itabira, enfrentam situa\u00e7\u00f5es de abuso f\u00edsico e psicol\u00f3gico. \u00c9 crucial que essas hist\u00f3rias sejam ouvidas e que as v\u00edtimas saibam que n\u00e3o est\u00e3o sozinhas.<\/p>\n<p>Relatos similares de outras v\u00edtimas mostram que essa forma de viol\u00eancia \u00e9 frequentemente acompanhada de manipula\u00e7\u00e3o emocional e controle excessivo por parte do agressor. Muitas vezes, o medo das repercuss\u00f5es e das amea\u00e7as impede que as mulheres busquem ajuda.<\/p>\n<h2>O Que Pode Ser Feito para Prevenir<\/h2>\n<p>A preven\u00e7\u00e3o da viol\u00eancia contra a mulher envolve uma combina\u00e7\u00e3o de educa\u00e7\u00e3o, apoio comunit\u00e1rio e a\u00e7\u00f5es legais. Algumas medidas incluem:<\/p>\n<ul>\n<li><strong>Campanhas de Conscientiza\u00e7\u00e3o:<\/strong> Informar a sociedade sobre os sinais e consequ\u00eancias da viol\u00eancia dom\u00e9stica pode ajudar a reduzir casos futuros.<\/li>\n<li><strong>Programas Educacionais:<\/strong> Incluir temas relacionados ao respeito, consentimento e igualdade de g\u00eanero nas escolas.<\/li>\n<li><strong>Cria\u00e7\u00e3o de Redes de Apoio:<\/strong> Oferecer suporte psicol\u00f3gico e legal para as v\u00edtimas pode ser um passo fundamental para encoraj\u00e1-las a denunciar abusos.<\/li>\n<\/ul>\n<h2>A Import\u00e2ncia da Den\u00fancia<\/h2>\n<p>Um dos obst\u00e1culos mais significativos enfrentados por v\u00edtimas de viol\u00eancia \u00e9 a hesita\u00e7\u00e3o em denunciar seus agressores. \u00c9 vital entender que a den\u00fancia \u00e9 um passo essencial para a prote\u00e7\u00e3o n\u00e3o s\u00f3 da v\u00edtima, mas tamb\u00e9m de outros que possam estar em situa\u00e7\u00f5es semelhantes.<\/p>\n<p>As autoridades devem ser informadas para que possam agir e evitar que esses abusos continuem. Muitas vezes, as den\u00fancias podem levar \u00e0 pris\u00e3o do agressor e \u00e0 implementa\u00e7\u00e3o de medidas protetivas para a v\u00edtima.<\/p>\n<h2>Medidas de Prote\u00e7\u00e3o para V\u00edtimas<\/h2>\n<p>Quando uma den\u00fancia \u00e9 feita, existem v\u00e1rias medidas que podem ser solicitadas para garantir a seguran\u00e7a da v\u00edtima.<\/p>\n<ul>\n<li><strong>Ordem de Afastamento:<\/strong> Permite que o agressor seja afastado do lar e da proximidade da v\u00edtima.<\/li>\n<li><strong>Prote\u00e7\u00e3o Policial:<\/strong> Em casos graves, as autoridades podem garantir escolta ou prote\u00e7\u00e3o adicional a quem est\u00e1 em risco.<\/li>\n<li><strong>Recursos Jur\u00eddicos:<\/strong> Existem leis que protegem as v\u00edtimas, incluindo a Lei Maria da Penha, que visa coibir a viol\u00eancia dom\u00e9stica.<\/li>\n<\/ul>\n<h2>Como Reconhecer Sinais de Abuso<\/h2>\n<p>Reconhecer sinais de abuso \u00e9 essencial para que v\u00edtimas possam buscar ajuda a tempo. Alguns sinais incluem:<\/p>\n<ul>\n<li><strong>Isolamento Social:<\/strong> O agressor tenta isolar a v\u00edtima de amigos e familiares.<\/li>\n<li><strong>Controle Excessivo:<\/strong> Permiss\u00f5es para tudo, controle financeiro e acompanhamento em todas as suas atividades.<\/li>\n<li><strong>Agress\u00f5es Verbais:<\/strong> Insultos, humilha\u00e7\u00f5es e amea\u00e7as s\u00e3o comuns em rela\u00e7\u00f5es abusivas.<\/li>\n<\/ul>\n<h2>A Relev\u00e2ncia do Apoio Psicossocial<\/h2>\n<p>Al\u00e9m da prote\u00e7\u00e3o legal, o apoio psicol\u00f3gico \u00e9 crucial para a recupera\u00e7\u00e3o das v\u00edtimas. Muitas enfrentam traumas que podem durar anos ap\u00f3s a viol\u00eancia.<\/p>\n<p>Programas de acolhimento e terapia podem ajudar a restaurar a autoestima e a confian\u00e7a das mulheres, possibilitando uma reintegra\u00e7\u00e3o saud\u00e1vel na sociedade.<\/p>\n<h2>Conscientiza\u00e7\u00e3o Sobre Viol\u00eancia Contra a Mulher<\/h2>\n<p>A conscientiza\u00e7\u00e3o \u00e9 uma ferramenta poderosa na luta contra a viol\u00eancia. O engajamento comunit\u00e1rio e a educa\u00e7\u00e3o s\u00e3o fundamentais para mudar a cultura do sil\u00eancio em torno do abuso.<\/p>\n<p>Eventos, debates e campanhas podem educar a popula\u00e7\u00e3o sobre a import\u00e2ncia de reconhecer a viol\u00eancia em suas diversas formas e a necessidade de agir.<\/p>\n<h2>Recursos e Assist\u00eancia Dispon\u00edveis<\/h2>\n<p>Para as v\u00edtimas de viol\u00eancia, existem diversos recursos dispon\u00edveis que podem proporcionar apoio inmediato. Entre eles est\u00e3o:<\/p>\n<ul>\n<li><strong>Centros de Refer\u00eancia:<\/strong> Institui\u00e7\u00f5es que oferecem servi\u00e7os de acolhimento e apoio \u00e0s v\u00edtimas.<\/li>\n<li><strong>Linhas Diretas:<\/strong> \u00c9 poss\u00edvel entrar em contato com organiza\u00e7\u00f5es que oferecem suporte 24 horas.<\/li>\n<li><strong>ONGs de Apoio:<\/strong> Algumas organiza\u00e7\u00f5es n\u00e3o governamentais se dedicam a ajudar mulheres em situa\u00e7\u00f5es de viol\u00eancia.<\/li>\n<\/ul>\n","protected":false},"excerpt":{"rendered":"<p>Jovem denuncia 15 horas de c\u00e1rcere em Itabira com agita\u00e7\u00f5es do ex.<\/p>\n","protected":false},"author":1,"featured_media":5603,"comment_status":"open","ping_status":"open","sticky":false,"template":"","format":"standard","meta":{"footnotes":""},"categories":[5],"tags":[],"class_list":["post-5604","post","type-post","status-publish","format-standard","has-post-thumbnail","hentry","category-noticias","has_thumb"],"yoast_head":"<!-- This site is optimized with the Yoast SEO plugin v28.1 - https:\/\/yoast.com\/product\/yoast-seo-wordpress\/ -->\n<title>Jovem denuncia 15 horas de terror em c\u00e1rcere com agress\u00f5es e amea\u00e7as do ex em Itabira | Guia Comercial de Itabira MG<\/title>\n<meta name=\"robots\" content=\"index, follow, max-snippet:-1, max-image-preview:large, max-video-preview:-1\" \/>\n<link rel=\"canonical\" href=\"https:\/\/www.encontraminasgerais.com.br\/itabira\/jovem-denuncia-15-horas-de-terror-em-carcere-com-agressoes-e-ameacas-do-ex-em-itabira\/\" \/>\n<meta property=\"og:locale\" content=\"pt_BR\" \/>\n<meta property=\"og:type\" content=\"article\" \/>\n<meta property=\"og:title\" content=\"Jovem denuncia 15 horas de terror em c\u00e1rcere com agress\u00f5es e amea\u00e7as do ex em Itabira | Guia Comercial de Itabira MG\" \/>\n<meta property=\"og:description\" content=\"Jovem denuncia 15 horas de c\u00e1rcere em Itabira com agita\u00e7\u00f5es do ex.\" \/>\n<meta property=\"og:url\" content=\"https:\/\/www.encontraminasgerais.com.br\/itabira\/jovem-denuncia-15-horas-de-terror-em-carcere-com-agressoes-e-ameacas-do-ex-em-itabira\/\" \/>\n<meta property=\"og:site_name\" content=\"Guia Comercial de Itabira MG\" \/>\n<meta property=\"article:published_time\" content=\"2026-04-21T09:33:16+00:00\" \/>\n<meta property=\"og:image\" content=\"https:\/\/www.encontraminasgerais.com.br\/itabira\/wp-content\/uploads\/2026\/04\/jovem-denuncia-15-horas-de-terror-em-carcere-com-agressoes-e-ameacas-do-ex-em-itabira.webp\" \/>\n<meta name=\"author\" content=\"Encontra Itabira\" \/>\n<meta name=\"twitter:card\" content=\"summary_large_image\" \/>\n<meta name=\"twitter:label1\" content=\"Escrito por\" \/>\n\t<meta name=\"twitter:data1\" content=\"Encontra Itabira\" \/>\n\t<meta name=\"twitter:label2\" content=\"Est. tempo de leitura\" \/>\n\t<meta name=\"twitter:data2\" content=\"5 minutos\" \/>\n<script type=\"application\/ld+json\" class=\"yoast-schema-graph\">{\"@context\":\"https:\\\/\\\/schema.org\",\"@graph\":[{\"@type\":\"Article\",\"@id\":\"https:\\\/\\\/www.encontraminasgerais.com.br\\\/itabira\\\/jovem-denuncia-15-horas-de-terror-em-carcere-com-agressoes-e-ameacas-do-ex-em-itabira\\\/#article\",\"isPartOf\":{\"@id\":\"https:\\\/\\\/www.encontraminasgerais.com.br\\\/itabira\\\/jovem-denuncia-15-horas-de-terror-em-carcere-com-agressoes-e-ameacas-do-ex-em-itabira\\\/\"},\"author\":{\"name\":\"Encontra Itabira\",\"@id\":\"https:\\\/\\\/www.encontraminasgerais.com.br\\\/itabira\\\/#\\\/schema\\\/person\\\/9ae8a8f5ce59322c92e2499b550870b0\"},\"headline\":\"Jovem denuncia 15 horas de terror em c\u00e1rcere com agress\u00f5es e amea\u00e7as do ex em Itabira\",\"datePublished\":\"2026-04-21T09:33:16+00:00\",\"mainEntityOfPage\":{\"@id\":\"https:\\\/\\\/www.encontraminasgerais.com.br\\\/itabira\\\/jovem-denuncia-15-horas-de-terror-em-carcere-com-agressoes-e-ameacas-do-ex-em-itabira\\\/\"},\"wordCount\":940,\"commentCount\":0,\"image\":{\"@id\":\"https:\\\/\\\/www.encontraminasgerais.com.br\\\/itabira\\\/jovem-denuncia-15-horas-de-terror-em-carcere-com-agressoes-e-ameacas-do-ex-em-itabira\\\/#primaryimage\"},\"thumbnailUrl\":\"https:\\\/\\\/www.encontraminasgerais.com.br\\\/itabira\\\/wp-content\\\/uploads\\\/2026\\\/04\\\/jovem-denuncia-15-horas-de-terror-em-carcere-com-agressoes-e-ameacas-do-ex-em-itabira.webp\",\"articleSection\":[\"Not\u00edcias Itabira\"],\"inLanguage\":\"pt-BR\",\"potentialAction\":[{\"@type\":\"CommentAction\",\"name\":\"Comment\",\"target\":[\"https:\\\/\\\/www.encontraminasgerais.com.br\\\/itabira\\\/jovem-denuncia-15-horas-de-terror-em-carcere-com-agressoes-e-ameacas-do-ex-em-itabira\\\/#respond\"]}]},{\"@type\":\"WebPage\",\"@id\":\"https:\\\/\\\/www.encontraminasgerais.com.br\\\/itabira\\\/jovem-denuncia-15-horas-de-terror-em-carcere-com-agressoes-e-ameacas-do-ex-em-itabira\\\/\",\"url\":\"https:\\\/\\\/www.encontraminasgerais.com.br\\\/itabira\\\/jovem-denuncia-15-horas-de-terror-em-carcere-com-agressoes-e-ameacas-do-ex-em-itabira\\\/\",\"name\":\"Jovem denuncia 15 horas de terror em c\u00e1rcere com agress\u00f5es e amea\u00e7as do ex em Itabira | Guia Comercial de Itabira MG\",\"isPartOf\":{\"@id\":\"https:\\\/\\\/www.encontraminasgerais.com.br\\\/itabira\\\/#website\"},\"primaryImageOfPage\":{\"@id\":\"https:\\\/\\\/www.encontraminasgerais.com.br\\\/itabira\\\/jovem-denuncia-15-horas-de-terror-em-carcere-com-agressoes-e-ameacas-do-ex-em-itabira\\\/#primaryimage\"},\"image\":{\"@id\":\"https:\\\/\\\/www.encontraminasgerais.com.br\\\/itabira\\\/jovem-denuncia-15-horas-de-terror-em-carcere-com-agressoes-e-ameacas-do-ex-em-itabira\\\/#primaryimage\"},\"thumbnailUrl\":\"https:\\\/\\\/www.encontraminasgerais.com.br\\\/itabira\\\/wp-content\\\/uploads\\\/2026\\\/04\\\/jovem-denuncia-15-horas-de-terror-em-carcere-com-agressoes-e-ameacas-do-ex-em-itabira.webp\",\"datePublished\":\"2026-04-21T09:33:16+00:00\",\"author\":{\"@id\":\"https:\\\/\\\/www.encontraminasgerais.com.br\\\/itabira\\\/#\\\/schema\\\/person\\\/9ae8a8f5ce59322c92e2499b550870b0\"},\"inLanguage\":\"pt-BR\",\"potentialAction\":[{\"@type\":\"ReadAction\",\"target\":[\"https:\\\/\\\/www.encontraminasgerais.com.br\\\/itabira\\\/jovem-denuncia-15-horas-de-terror-em-carcere-com-agressoes-e-ameacas-do-ex-em-itabira\\\/\"]}]},{\"@type\":\"ImageObject\",\"inLanguage\":\"pt-BR\",\"@id\":\"https:\\\/\\\/www.encontraminasgerais.com.br\\\/itabira\\\/jovem-denuncia-15-horas-de-terror-em-carcere-com-agressoes-e-ameacas-do-ex-em-itabira\\\/#primaryimage\",\"url\":\"https:\\\/\\\/www.encontraminasgerais.com.br\\\/itabira\\\/wp-content\\\/uploads\\\/2026\\\/04\\\/jovem-denuncia-15-horas-de-terror-em-carcere-com-agressoes-e-ameacas-do-ex-em-itabira.webp\",\"contentUrl\":\"https:\\\/\\\/www.encontraminasgerais.com.br\\\/itabira\\\/wp-content\\\/uploads\\\/2026\\\/04\\\/jovem-denuncia-15-horas-de-terror-em-carcere-com-agressoes-e-ameacas-do-ex-em-itabira.webp\",\"width\":280,\"height\":280,\"caption\":\"jovem denuncia 15 horas de terror em c\u00e1rcere\"},{\"@type\":\"WebSite\",\"@id\":\"https:\\\/\\\/www.encontraminasgerais.com.br\\\/itabira\\\/#website\",\"url\":\"https:\\\/\\\/www.encontraminasgerais.com.br\\\/itabira\\\/\",\"name\":\"Guia Comercial de Itabira MG\",\"description\":\"ENCONTRA ITABIRA - O guia comercial de neg\u00f3cios e empresas, cultura e divers\u00e3o na cidade de Itabira. Feito 100% para voc\u00ea morador!\",\"potentialAction\":[{\"@type\":\"SearchAction\",\"target\":{\"@type\":\"EntryPoint\",\"urlTemplate\":\"https:\\\/\\\/www.encontraminasgerais.com.br\\\/itabira\\\/?s={search_term_string}\"},\"query-input\":{\"@type\":\"PropertyValueSpecification\",\"valueRequired\":true,\"valueName\":\"search_term_string\"}}],\"inLanguage\":\"pt-BR\"},{\"@type\":\"Person\",\"@id\":\"https:\\\/\\\/www.encontraminasgerais.com.br\\\/itabira\\\/#\\\/schema\\\/person\\\/9ae8a8f5ce59322c92e2499b550870b0\",\"name\":\"Encontra Itabira\",\"image\":{\"@type\":\"ImageObject\",\"inLanguage\":\"pt-BR\",\"@id\":\"https:\\\/\\\/secure.gravatar.com\\\/avatar\\\/c50c17820bcf322f0a8fd6b110b8c0918141409dc69076470f6fca5fee70a5d4?s=96&d=mm&r=g\",\"url\":\"https:\\\/\\\/secure.gravatar.com\\\/avatar\\\/c50c17820bcf322f0a8fd6b110b8c0918141409dc69076470f6fca5fee70a5d4?s=96&d=mm&r=g\",\"contentUrl\":\"https:\\\/\\\/secure.gravatar.com\\\/avatar\\\/c50c17820bcf322f0a8fd6b110b8c0918141409dc69076470f6fca5fee70a5d4?s=96&d=mm&r=g\",\"caption\":\"Encontra Itabira\"},\"url\":\"https:\\\/\\\/www.encontraminasgerais.com.br\\\/itabira\\\/author\\\/encontraitabira\\\/\"}]}<\/script>\n<!-- \/ Yoast SEO plugin. -->","yoast_head_json":{"title":"Jovem denuncia 15 horas de terror em c\u00e1rcere com agress\u00f5es e amea\u00e7as do ex em Itabira | Guia Comercial de Itabira MG","robots":{"index":"index","follow":"follow","max-snippet":"max-snippet:-1","max-image-preview":"max-image-preview:large","max-video-preview":"max-video-preview:-1"},"canonical":"https:\/\/www.encontraminasgerais.com.br\/itabira\/jovem-denuncia-15-horas-de-terror-em-carcere-com-agressoes-e-ameacas-do-ex-em-itabira\/","og_locale":"pt_BR","og_type":"article","og_title":"Jovem denuncia 15 horas de terror em c\u00e1rcere com agress\u00f5es e amea\u00e7as do ex em Itabira | Guia Comercial de Itabira MG","og_description":"Jovem denuncia 15 horas de c\u00e1rcere em Itabira com agita\u00e7\u00f5es do ex.","og_url":"https:\/\/www.encontraminasgerais.com.br\/itabira\/jovem-denuncia-15-horas-de-terror-em-carcere-com-agressoes-e-ameacas-do-ex-em-itabira\/","og_site_name":"Guia Comercial de Itabira MG","article_published_time":"2026-04-21T09:33:16+00:00","og_image":[{"url":"https:\/\/www.encontraminasgerais.com.br\/itabira\/wp-content\/uploads\/2026\/04\/jovem-denuncia-15-horas-de-terror-em-carcere-com-agressoes-e-ameacas-do-ex-em-itabira.webp","type":"","width":"","height":""}],"author":"Encontra Itabira","twitter_card":"summary_large_image","twitter_misc":{"Escrito por":"Encontra Itabira","Est. tempo de leitura":"5 minutos"},"schema":{"@context":"https:\/\/schema.org","@graph":[{"@type":"Article","@id":"https:\/\/www.encontraminasgerais.com.br\/itabira\/jovem-denuncia-15-horas-de-terror-em-carcere-com-agressoes-e-ameacas-do-ex-em-itabira\/#article","isPartOf":{"@id":"https:\/\/www.encontraminasgerais.com.br\/itabira\/jovem-denuncia-15-horas-de-terror-em-carcere-com-agressoes-e-ameacas-do-ex-em-itabira\/"},"author":{"name":"Encontra Itabira","@id":"https:\/\/www.encontraminasgerais.com.br\/itabira\/#\/schema\/person\/9ae8a8f5ce59322c92e2499b550870b0"},"headline":"Jovem denuncia 15 horas de terror em c\u00e1rcere com agress\u00f5es e amea\u00e7as do ex em Itabira","datePublished":"2026-04-21T09:33:16+00:00","mainEntityOfPage":{"@id":"https:\/\/www.encontraminasgerais.com.br\/itabira\/jovem-denuncia-15-horas-de-terror-em-carcere-com-agressoes-e-ameacas-do-ex-em-itabira\/"},"wordCount":940,"commentCount":0,"image":{"@id":"https:\/\/www.encontraminasgerais.com.br\/itabira\/jovem-denuncia-15-horas-de-terror-em-carcere-com-agressoes-e-ameacas-do-ex-em-itabira\/#primaryimage"},"thumbnailUrl":"https:\/\/www.encontraminasgerais.com.br\/itabira\/wp-content\/uploads\/2026\/04\/jovem-denuncia-15-horas-de-terror-em-carcere-com-agressoes-e-ameacas-do-ex-em-itabira.webp","articleSection":["Not\u00edcias Itabira"],"inLanguage":"pt-BR","potentialAction":[{"@type":"CommentAction","name":"Comment","target":["https:\/\/www.encontraminasgerais.com.br\/itabira\/jovem-denuncia-15-horas-de-terror-em-carcere-com-agressoes-e-ameacas-do-ex-em-itabira\/#respond"]}]},{"@type":"WebPage","@id":"https:\/\/www.encontraminasgerais.com.br\/itabira\/jovem-denuncia-15-horas-de-terror-em-carcere-com-agressoes-e-ameacas-do-ex-em-itabira\/","url":"https:\/\/www.encontraminasgerais.com.br\/itabira\/jovem-denuncia-15-horas-de-terror-em-carcere-com-agressoes-e-ameacas-do-ex-em-itabira\/","name":"Jovem denuncia 15 horas de terror em c\u00e1rcere com agress\u00f5es e amea\u00e7as do ex em Itabira | Guia Comercial de Itabira MG","isPartOf":{"@id":"https:\/\/www.encontraminasgerais.com.br\/itabira\/#website"},"primaryImageOfPage":{"@id":"https:\/\/www.encontraminasgerais.com.br\/itabira\/jovem-denuncia-15-horas-de-terror-em-carcere-com-agressoes-e-ameacas-do-ex-em-itabira\/#primaryimage"},"image":{"@id":"https:\/\/www.encontraminasgerais.com.br\/itabira\/jovem-denuncia-15-horas-de-terror-em-carcere-com-agressoes-e-ameacas-do-ex-em-itabira\/#primaryimage"},"thumbnailUrl":"https:\/\/www.encontraminasgerais.com.br\/itabira\/wp-content\/uploads\/2026\/04\/jovem-denuncia-15-horas-de-terror-em-carcere-com-agressoes-e-ameacas-do-ex-em-itabira.webp","datePublished":"2026-04-21T09:33:16+00:00","author":{"@id":"https:\/\/www.encontraminasgerais.com.br\/itabira\/#\/schema\/person\/9ae8a8f5ce59322c92e2499b550870b0"},"inLanguage":"pt-BR","potentialAction":[{"@type":"ReadAction","target":["https:\/\/www.encontraminasgerais.com.br\/itabira\/jovem-denuncia-15-horas-de-terror-em-carcere-com-agressoes-e-ameacas-do-ex-em-itabira\/"]}]},{"@type":"ImageObject","inLanguage":"pt-BR","@id":"https:\/\/www.encontraminasgerais.com.br\/itabira\/jovem-denuncia-15-horas-de-terror-em-carcere-com-agressoes-e-ameacas-do-ex-em-itabira\/#primaryimage","url":"https:\/\/www.encontraminasgerais.com.br\/itabira\/wp-content\/uploads\/2026\/04\/jovem-denuncia-15-horas-de-terror-em-carcere-com-agressoes-e-ameacas-do-ex-em-itabira.webp","contentUrl":"https:\/\/www.encontraminasgerais.com.br\/itabira\/wp-content\/uploads\/2026\/04\/jovem-denuncia-15-horas-de-terror-em-carcere-com-agressoes-e-ameacas-do-ex-em-itabira.webp","width":280,"height":280,"caption":"jovem denuncia 15 horas de terror em c\u00e1rcere"},{"@type":"WebSite","@id":"https:\/\/www.encontraminasgerais.com.br\/itabira\/#website","url":"https:\/\/www.encontraminasgerais.com.br\/itabira\/","name":"Guia Comercial de Itabira MG","description":"ENCONTRA ITABIRA - O guia comercial de neg\u00f3cios e empresas, cultura e divers\u00e3o na cidade de Itabira. Feito 100% para voc\u00ea morador!","potentialAction":[{"@type":"SearchAction","target":{"@type":"EntryPoint","urlTemplate":"https:\/\/www.encontraminasgerais.com.br\/itabira\/?s={search_term_string}"},"query-input":{"@type":"PropertyValueSpecification","valueRequired":true,"valueName":"search_term_string"}}],"inLanguage":"pt-BR"},{"@type":"Person","@id":"https:\/\/www.encontraminasgerais.com.br\/itabira\/#\/schema\/person\/9ae8a8f5ce59322c92e2499b550870b0","name":"Encontra Itabira","image":{"@type":"ImageObject","inLanguage":"pt-BR","@id":"https:\/\/secure.gravatar.com\/avatar\/c50c17820bcf322f0a8fd6b110b8c0918141409dc69076470f6fca5fee70a5d4?s=96&d=mm&r=g","url":"https:\/\/secure.gravatar.com\/avatar\/c50c17820bcf322f0a8fd6b110b8c0918141409dc69076470f6fca5fee70a5d4?s=96&d=mm&r=g","contentUrl":"https:\/\/secure.gravatar.com\/avatar\/c50c17820bcf322f0a8fd6b110b8c0918141409dc69076470f6fca5fee70a5d4?s=96&d=mm&r=g","caption":"Encontra Itabira"},"url":"https:\/\/www.encontraminasgerais.com.br\/itabira\/author\/encontraitabira\/"}]}},"_links":{"self":[{"href":"https:\/\/www.encontraminasgerais.com.br\/itabira\/wp-json\/wp\/v2\/posts\/5604","targetHints":{"allow":["GET"]}}],"collection":[{"href":"https:\/\/www.encontraminasgerais.com.br\/itabira\/wp-json\/wp\/v2\/posts"}],"about":[{"href":"https:\/\/www.encontraminasgerais.com.br\/itabira\/wp-json\/wp\/v2\/types\/post"}],"author":[{"embeddable":true,"href":"https:\/\/www.encontraminasgerais.com.br\/itabira\/wp-json\/wp\/v2\/users\/1"}],"replies":[{"embeddable":true,"href":"https:\/\/www.encontraminasgerais.com.br\/itabira\/wp-json\/wp\/v2\/comments?post=5604"}],"version-history":[{"count":0,"href":"https:\/\/www.encontraminasgerais.com.br\/itabira\/wp-json\/wp\/v2\/posts\/5604\/revisions"}],"wp:featuredmedia":[{"embeddable":true,"href":"https:\/\/www.encontraminasgerais.com.br\/itabira\/wp-json\/wp\/v2\/media\/5603"}],"wp:attachment":[{"href":"https:\/\/www.encontraminasgerais.com.br\/itabira\/wp-json\/wp\/v2\/media?parent=5604"}],"wp:term":[{"taxonomy":"category","embeddable":true,"href":"https:\/\/www.encontraminasgerais.com.br\/itabira\/wp-json\/wp\/v2\/categories?post=5604"},{"taxonomy":"post_tag","embeddable":true,"href":"https:\/\/www.encontraminasgerais.com.br\/itabira\/wp-json\/wp\/v2\/tags?post=5604"}],"curies":[{"name":"wp","href":"https:\/\/api.w.org\/{rel}","templated":true}]}}