{"id":5614,"date":"2026-04-23T06:26:00","date_gmt":"2026-04-23T09:26:00","guid":{"rendered":"https:\/\/www.encontraminasgerais.com.br\/itabira\/prefeito-de-itabira-contraria-simoes-e-diz-que-nao-mudou-de-ideia-sobre-duplicacao-da-mg\/"},"modified":"2026-04-23T06:26:00","modified_gmt":"2026-04-23T09:26:00","slug":"prefeito-de-itabira-contraria-simoes-e-diz-que-nao-mudou-de-ideia-sobre-duplicacao-da-mg","status":"publish","type":"post","link":"https:\/\/www.encontraminasgerais.com.br\/itabira\/prefeito-de-itabira-contraria-simoes-e-diz-que-nao-mudou-de-ideia-sobre-duplicacao-da-mg\/","title":{"rendered":"Prefeito de Itabira contraria Sim\u00f5es e diz que n\u00e3o mudou de ideia sobre duplica\u00e7\u00e3o da MG"},"content":{"rendered":"<h2>Entendimento sobre a duplica\u00e7\u00e3o da MG-129<\/h2>\n<p>A quest\u00e3o da duplica\u00e7\u00e3o da MG-129 e MG-434, que atravessa Itabira na regi\u00e3o central de Minas Gerais, tem sido um t\u00f3pico de discuss\u00e3o significativa. Desde que o projeto foi proposto, a expectativa para a melhoria dessa via tem gerado tanto interesse quanto controv\u00e9rsias. A duplica\u00e7\u00e3o \u00e9 vista como uma necessidade crucial para a infraestrutura local, prometendo n\u00e3o apenas melhorar a seguran\u00e7a nas estradas, mas tamb\u00e9m facilitar o escoamento de produtos e fomentar o desenvolvimento econ\u00f4mico.<\/p>\n<h2>Declara\u00e7\u00f5es do governador e suas consequ\u00eancias<\/h2>\n<p>Recentemente, o governador de Minas Gerais, Mateus Sim\u00f5es, fez coment\u00e1rios sobre a paralisa\u00e7\u00e3o das tratativas para essa duplica\u00e7\u00e3o, alegando mudan\u00e7as na postura do governo municipal. Essas declara\u00e7\u00f5es n\u00e3o foram bem recebidas pelo prefeito de Itabira, Marco Ant\u00f4nio Lage, que rapidamente refutou as afirma\u00e7\u00f5es, chamando-as de &#8220;equivocadas&#8221; e tentando refor\u00e7ar que nunca houve mudan\u00e7a nas a\u00e7\u00f5es da prefeitura em rela\u00e7\u00e3o ao projeto. As consequ\u00eancias dessa troca de palavras podem ser significativas, pois a confian\u00e7a entre as esferas governamentais \u00e9 fundamental para a continuidade de grandes empreendimentos.<\/p>\n<h2>Resposta do prefeito \u00e0 pol\u00eamica<\/h2>\n<p>Em resposta aos coment\u00e1rios do governador, Lage se posicionou fortemente, destacando que a prefeitura sempre manteve uma linha de di\u00e1logo ativo e formal com os representantes do governo do estado. O prefeito enfatizou que as rela\u00e7\u00f5es com a empresa Vale tamb\u00e9m estavam bem avan\u00e7adas em termos de acordo para os investimentos necess\u00e1rios. A defesa do prefeito \u00e9 interessante, pois coloca em evid\u00eancia a import\u00e2ncia de uma comunica\u00e7\u00e3o clara e assertiva em quest\u00f5es que t\u00eam impacto direto na popula\u00e7\u00e3o.<\/p>\n<p><img decoding=\"async\" src=\"https:\/\/www.encontraminasgerais.com.br\/itabira\/wp-content\/uploads\/2026\/04\/prefeito-de-itabira-contraria-simoes-e-diz-que-nao-mudou-de-ideia-sobre-duplicacao-da-mg.webp\" alt=\"duplica\u00e7\u00e3o da MG-129\" loading=\"lazy\" \/><\/p>\n<h2>Import\u00e2ncia da MG-129 para Itabira<\/h2>\n<p>A MG-129 n\u00e3o \u00e9 apenas uma estrada, mas uma art\u00e9ria vital para Itabira e munic\u00edpios vizinhos. A necessidade de duplica\u00e7\u00e3o \u00e9 crucial para aliviar o tr\u00e1fego, reduzir acidentes e melhorar a mobilidade urbana. Atualmente, a via \u00e9 frequentemente utilizada por ve\u00edculos pesados e pessoas que transitam em dire\u00e7\u00e3o a \u00e1reas industriais e comerciais, tornando sua amplia\u00e7\u00e3o ainda mais relevante para a seguran\u00e7a e a efici\u00eancia de deslocamento na regi\u00e3o.<\/p>\n<h2>Conversa com a Vale e o governo<\/h2>\n<p>O papel da Vale nesse contexto \u00e9 de suma import\u00e2ncia. A empresa demonstrou disposi\u00e7\u00e3o para investir uma quantia significativa, superior a R$ 100 milh\u00f5es, em obras relacionadas \u00e0 duplica\u00e7\u00e3o. As reuni\u00f5es entre a prefeitura e a mineradora t\u00eam sido pautadas pelo desejo de encontrar solu\u00e7\u00f5es que beneficiem ambas as partes. Entretanto, a incerteza criada pelas mudan\u00e7as de planejamento do governo do estado pode interferir diretamente na continuidade desses projetos.<\/p>\n<h2>Recursos dispon\u00edveis para a duplica\u00e7\u00e3o<\/h2>\n<p>Apesar de o recurso estar dispon\u00edvel e a companhia mineradora estar disposta a contribuir, a falta de um direcionamento claro por parte do governo estadual pode atrasar a execu\u00e7\u00e3o do projeto. Essa situa\u00e7\u00e3o levanta quest\u00f5es sobre a gest\u00e3o de recursos p\u00fablicos e a capacidade do governo de Minas Gerais de atender \u00e0s demandas da infraestrutura, que \u00e9 fundamental para o desenvolvimento econ\u00f4mico regional.<\/p>\n<h2>Mudan\u00e7as no projeto e seus efeitos<\/h2>\n<p>As propostas de altera\u00e7\u00e3o no escopo do projeto, segundo o prefeito, refletiram uma mudan\u00e7a de foco do governo do estado, o que poderia prejudicar a prioridade que a duplica\u00e7\u00e3o da MG-129 deveria ter. A amplia\u00e7\u00e3o do escopo sem um planejamento estruturado pode levar a atrasos e \u00e0 frustra\u00e7\u00e3o nas expectativas da comunidade local, al\u00e9m de ocasionar a perda de recursos que poderiam ter sido utilizados para a melhoria efetiva da via.<\/p>\n<h2>Articula\u00e7\u00f5es do prefeito com o governo estadual<\/h2>\n<p>As articula\u00e7\u00f5es de Marco Ant\u00f4nio Lage com o governo estadual t\u00eam tentado resgatar a urg\u00eancia do tema da duplica\u00e7\u00e3o e refor\u00e7ar a import\u00e2ncia dessa obra para Itabira. A comunica\u00e7\u00e3o constante e a busca por alternativas que mantenham a obra em pauta s\u00e3o elementos que o prefeito considera fundamentais para garantir que a cidade n\u00e3o seja prejudicada por mudan\u00e7as nas prioridades do governo.<\/p>\n<h2>O futuro da MG-129 e da cidade<\/h2>\n<p>O futuro da MG-129 ser\u00e1, indubitavelmente, influenciado pelas intera\u00e7\u00f5es entre as diferentes esferas de governo e pela capacidade de negocia\u00e7\u00e3o entre eles. A manuten\u00e7\u00e3o do di\u00e1logo aberto e cont\u00ednuo \u00e9 essencial para garantir que as necessidades locais sejam ouvidas e atendidas adequadamente. A expectativa \u00e9 que a situa\u00e7\u00e3o se esclare\u00e7a e que a duplica\u00e7\u00e3o se realize, trazendo melhorias para a popula\u00e7\u00e3o de Itabira.<\/p>\n<h2>Como a comunidade se posiciona sobre o assunto<\/h2>\n<p>A comunidade local tem manifestado seu interesse e preocupa\u00e7\u00e3o em rela\u00e7\u00e3o \u00e0 duplica\u00e7\u00e3o da MG-129. A popula\u00e7\u00e3o est\u00e1 ciente dos benef\u00edcios dessa melhoria vi\u00e1ria, que n\u00e3o apenas afetariam o tr\u00e1fego, mas tamb\u00e9m promoveriam o desenvolvimento econ\u00f4mico e social da regi\u00e3o. A press\u00e3o da popula\u00e7\u00e3o sobre os representantes locais pode ser uma for\u00e7a vital para avan\u00e7ar as discuss\u00f5es e garantir que as promessas de infraestrutura se tornem realidade.<\/p>\n","protected":false},"excerpt":{"rendered":"<p>Prefeito de Itabira se posiciona sobre pol\u00eamica da duplica\u00e7\u00e3o da MG-129.<\/p>\n","protected":false},"author":1,"featured_media":5613,"comment_status":"open","ping_status":"open","sticky":false,"template":"","format":"standard","meta":{"footnotes":""},"categories":[5],"tags":[],"class_list":["post-5614","post","type-post","status-publish","format-standard","has-post-thumbnail","hentry","category-noticias","has_thumb"],"yoast_head":"<!-- This site is optimized with the Yoast SEO plugin v28.1 - https:\/\/yoast.com\/product\/yoast-seo-wordpress\/ -->\n<title>Prefeito de Itabira contraria Sim\u00f5es e diz que n\u00e3o mudou de ideia sobre duplica\u00e7\u00e3o da MG | Guia Comercial de Itabira MG<\/title>\n<meta name=\"robots\" content=\"index, follow, max-snippet:-1, max-image-preview:large, max-video-preview:-1\" \/>\n<link rel=\"canonical\" href=\"https:\/\/www.encontraminasgerais.com.br\/itabira\/prefeito-de-itabira-contraria-simoes-e-diz-que-nao-mudou-de-ideia-sobre-duplicacao-da-mg\/\" \/>\n<meta property=\"og:locale\" content=\"pt_BR\" \/>\n<meta property=\"og:type\" content=\"article\" \/>\n<meta property=\"og:title\" content=\"Prefeito de Itabira contraria Sim\u00f5es e diz que n\u00e3o mudou de ideia sobre duplica\u00e7\u00e3o da MG | Guia Comercial de Itabira MG\" \/>\n<meta property=\"og:description\" content=\"Prefeito de Itabira se posiciona sobre pol\u00eamica da duplica\u00e7\u00e3o da MG-129.\" \/>\n<meta property=\"og:url\" content=\"https:\/\/www.encontraminasgerais.com.br\/itabira\/prefeito-de-itabira-contraria-simoes-e-diz-que-nao-mudou-de-ideia-sobre-duplicacao-da-mg\/\" \/>\n<meta property=\"og:site_name\" content=\"Guia Comercial de Itabira MG\" \/>\n<meta property=\"article:published_time\" content=\"2026-04-23T09:26:00+00:00\" \/>\n<meta property=\"og:image\" content=\"https:\/\/www.encontraminasgerais.com.br\/itabira\/wp-content\/uploads\/2026\/04\/prefeito-de-itabira-contraria-simoes-e-diz-que-nao-mudou-de-ideia-sobre-duplicacao-da-mg.webp\" \/>\n<meta name=\"author\" content=\"Encontra Itabira\" \/>\n<meta name=\"twitter:card\" content=\"summary_large_image\" \/>\n<meta name=\"twitter:label1\" content=\"Escrito por\" \/>\n\t<meta name=\"twitter:data1\" content=\"Encontra Itabira\" \/>\n\t<meta name=\"twitter:label2\" content=\"Est. tempo de leitura\" \/>\n\t<meta name=\"twitter:data2\" content=\"4 minutos\" \/>\n<script type=\"application\/ld+json\" class=\"yoast-schema-graph\">{\"@context\":\"https:\\\/\\\/schema.org\",\"@graph\":[{\"@type\":\"Article\",\"@id\":\"https:\\\/\\\/www.encontraminasgerais.com.br\\\/itabira\\\/prefeito-de-itabira-contraria-simoes-e-diz-que-nao-mudou-de-ideia-sobre-duplicacao-da-mg\\\/#article\",\"isPartOf\":{\"@id\":\"https:\\\/\\\/www.encontraminasgerais.com.br\\\/itabira\\\/prefeito-de-itabira-contraria-simoes-e-diz-que-nao-mudou-de-ideia-sobre-duplicacao-da-mg\\\/\"},\"author\":{\"name\":\"Encontra Itabira\",\"@id\":\"https:\\\/\\\/www.encontraminasgerais.com.br\\\/itabira\\\/#\\\/schema\\\/person\\\/9ae8a8f5ce59322c92e2499b550870b0\"},\"headline\":\"Prefeito de Itabira contraria Sim\u00f5es e diz que n\u00e3o mudou de ideia sobre duplica\u00e7\u00e3o da MG\",\"datePublished\":\"2026-04-23T09:26:00+00:00\",\"mainEntityOfPage\":{\"@id\":\"https:\\\/\\\/www.encontraminasgerais.com.br\\\/itabira\\\/prefeito-de-itabira-contraria-simoes-e-diz-que-nao-mudou-de-ideia-sobre-duplicacao-da-mg\\\/\"},\"wordCount\":883,\"commentCount\":0,\"image\":{\"@id\":\"https:\\\/\\\/www.encontraminasgerais.com.br\\\/itabira\\\/prefeito-de-itabira-contraria-simoes-e-diz-que-nao-mudou-de-ideia-sobre-duplicacao-da-mg\\\/#primaryimage\"},\"thumbnailUrl\":\"https:\\\/\\\/www.encontraminasgerais.com.br\\\/itabira\\\/wp-content\\\/uploads\\\/2026\\\/04\\\/prefeito-de-itabira-contraria-simoes-e-diz-que-nao-mudou-de-ideia-sobre-duplicacao-da-mg.webp\",\"articleSection\":[\"Not\u00edcias Itabira\"],\"inLanguage\":\"pt-BR\",\"potentialAction\":[{\"@type\":\"CommentAction\",\"name\":\"Comment\",\"target\":[\"https:\\\/\\\/www.encontraminasgerais.com.br\\\/itabira\\\/prefeito-de-itabira-contraria-simoes-e-diz-que-nao-mudou-de-ideia-sobre-duplicacao-da-mg\\\/#respond\"]}]},{\"@type\":\"WebPage\",\"@id\":\"https:\\\/\\\/www.encontraminasgerais.com.br\\\/itabira\\\/prefeito-de-itabira-contraria-simoes-e-diz-que-nao-mudou-de-ideia-sobre-duplicacao-da-mg\\\/\",\"url\":\"https:\\\/\\\/www.encontraminasgerais.com.br\\\/itabira\\\/prefeito-de-itabira-contraria-simoes-e-diz-que-nao-mudou-de-ideia-sobre-duplicacao-da-mg\\\/\",\"name\":\"Prefeito de Itabira contraria Sim\u00f5es e diz que n\u00e3o mudou de ideia sobre duplica\u00e7\u00e3o da MG | Guia Comercial de Itabira MG\",\"isPartOf\":{\"@id\":\"https:\\\/\\\/www.encontraminasgerais.com.br\\\/itabira\\\/#website\"},\"primaryImageOfPage\":{\"@id\":\"https:\\\/\\\/www.encontraminasgerais.com.br\\\/itabira\\\/prefeito-de-itabira-contraria-simoes-e-diz-que-nao-mudou-de-ideia-sobre-duplicacao-da-mg\\\/#primaryimage\"},\"image\":{\"@id\":\"https:\\\/\\\/www.encontraminasgerais.com.br\\\/itabira\\\/prefeito-de-itabira-contraria-simoes-e-diz-que-nao-mudou-de-ideia-sobre-duplicacao-da-mg\\\/#primaryimage\"},\"thumbnailUrl\":\"https:\\\/\\\/www.encontraminasgerais.com.br\\\/itabira\\\/wp-content\\\/uploads\\\/2026\\\/04\\\/prefeito-de-itabira-contraria-simoes-e-diz-que-nao-mudou-de-ideia-sobre-duplicacao-da-mg.webp\",\"datePublished\":\"2026-04-23T09:26:00+00:00\",\"author\":{\"@id\":\"https:\\\/\\\/www.encontraminasgerais.com.br\\\/itabira\\\/#\\\/schema\\\/person\\\/9ae8a8f5ce59322c92e2499b550870b0\"},\"inLanguage\":\"pt-BR\",\"potentialAction\":[{\"@type\":\"ReadAction\",\"target\":[\"https:\\\/\\\/www.encontraminasgerais.com.br\\\/itabira\\\/prefeito-de-itabira-contraria-simoes-e-diz-que-nao-mudou-de-ideia-sobre-duplicacao-da-mg\\\/\"]}]},{\"@type\":\"ImageObject\",\"inLanguage\":\"pt-BR\",\"@id\":\"https:\\\/\\\/www.encontraminasgerais.com.br\\\/itabira\\\/prefeito-de-itabira-contraria-simoes-e-diz-que-nao-mudou-de-ideia-sobre-duplicacao-da-mg\\\/#primaryimage\",\"url\":\"https:\\\/\\\/www.encontraminasgerais.com.br\\\/itabira\\\/wp-content\\\/uploads\\\/2026\\\/04\\\/prefeito-de-itabira-contraria-simoes-e-diz-que-nao-mudou-de-ideia-sobre-duplicacao-da-mg.webp\",\"contentUrl\":\"https:\\\/\\\/www.encontraminasgerais.com.br\\\/itabira\\\/wp-content\\\/uploads\\\/2026\\\/04\\\/prefeito-de-itabira-contraria-simoes-e-diz-que-nao-mudou-de-ideia-sobre-duplicacao-da-mg.webp\",\"width\":280,\"height\":280,\"caption\":\"duplica\u00e7\u00e3o da MG-129\"},{\"@type\":\"WebSite\",\"@id\":\"https:\\\/\\\/www.encontraminasgerais.com.br\\\/itabira\\\/#website\",\"url\":\"https:\\\/\\\/www.encontraminasgerais.com.br\\\/itabira\\\/\",\"name\":\"Guia Comercial de Itabira MG\",\"description\":\"ENCONTRA ITABIRA - O guia comercial de neg\u00f3cios e empresas, cultura e divers\u00e3o na cidade de Itabira. Feito 100% para voc\u00ea morador!\",\"potentialAction\":[{\"@type\":\"SearchAction\",\"target\":{\"@type\":\"EntryPoint\",\"urlTemplate\":\"https:\\\/\\\/www.encontraminasgerais.com.br\\\/itabira\\\/?s={search_term_string}\"},\"query-input\":{\"@type\":\"PropertyValueSpecification\",\"valueRequired\":true,\"valueName\":\"search_term_string\"}}],\"inLanguage\":\"pt-BR\"},{\"@type\":\"Person\",\"@id\":\"https:\\\/\\\/www.encontraminasgerais.com.br\\\/itabira\\\/#\\\/schema\\\/person\\\/9ae8a8f5ce59322c92e2499b550870b0\",\"name\":\"Encontra Itabira\",\"image\":{\"@type\":\"ImageObject\",\"inLanguage\":\"pt-BR\",\"@id\":\"https:\\\/\\\/secure.gravatar.com\\\/avatar\\\/c50c17820bcf322f0a8fd6b110b8c0918141409dc69076470f6fca5fee70a5d4?s=96&d=mm&r=g\",\"url\":\"https:\\\/\\\/secure.gravatar.com\\\/avatar\\\/c50c17820bcf322f0a8fd6b110b8c0918141409dc69076470f6fca5fee70a5d4?s=96&d=mm&r=g\",\"contentUrl\":\"https:\\\/\\\/secure.gravatar.com\\\/avatar\\\/c50c17820bcf322f0a8fd6b110b8c0918141409dc69076470f6fca5fee70a5d4?s=96&d=mm&r=g\",\"caption\":\"Encontra Itabira\"},\"url\":\"https:\\\/\\\/www.encontraminasgerais.com.br\\\/itabira\\\/author\\\/encontraitabira\\\/\"}]}<\/script>\n<!-- \/ Yoast SEO plugin. -->","yoast_head_json":{"title":"Prefeito de Itabira contraria Sim\u00f5es e diz que n\u00e3o mudou de ideia sobre duplica\u00e7\u00e3o da MG | Guia Comercial de Itabira MG","robots":{"index":"index","follow":"follow","max-snippet":"max-snippet:-1","max-image-preview":"max-image-preview:large","max-video-preview":"max-video-preview:-1"},"canonical":"https:\/\/www.encontraminasgerais.com.br\/itabira\/prefeito-de-itabira-contraria-simoes-e-diz-que-nao-mudou-de-ideia-sobre-duplicacao-da-mg\/","og_locale":"pt_BR","og_type":"article","og_title":"Prefeito de Itabira contraria Sim\u00f5es e diz que n\u00e3o mudou de ideia sobre duplica\u00e7\u00e3o da MG | Guia Comercial de Itabira MG","og_description":"Prefeito de Itabira se posiciona sobre pol\u00eamica da duplica\u00e7\u00e3o da MG-129.","og_url":"https:\/\/www.encontraminasgerais.com.br\/itabira\/prefeito-de-itabira-contraria-simoes-e-diz-que-nao-mudou-de-ideia-sobre-duplicacao-da-mg\/","og_site_name":"Guia Comercial de Itabira MG","article_published_time":"2026-04-23T09:26:00+00:00","og_image":[{"url":"https:\/\/www.encontraminasgerais.com.br\/itabira\/wp-content\/uploads\/2026\/04\/prefeito-de-itabira-contraria-simoes-e-diz-que-nao-mudou-de-ideia-sobre-duplicacao-da-mg.webp","type":"","width":"","height":""}],"author":"Encontra Itabira","twitter_card":"summary_large_image","twitter_misc":{"Escrito por":"Encontra Itabira","Est. tempo de leitura":"4 minutos"},"schema":{"@context":"https:\/\/schema.org","@graph":[{"@type":"Article","@id":"https:\/\/www.encontraminasgerais.com.br\/itabira\/prefeito-de-itabira-contraria-simoes-e-diz-que-nao-mudou-de-ideia-sobre-duplicacao-da-mg\/#article","isPartOf":{"@id":"https:\/\/www.encontraminasgerais.com.br\/itabira\/prefeito-de-itabira-contraria-simoes-e-diz-que-nao-mudou-de-ideia-sobre-duplicacao-da-mg\/"},"author":{"name":"Encontra Itabira","@id":"https:\/\/www.encontraminasgerais.com.br\/itabira\/#\/schema\/person\/9ae8a8f5ce59322c92e2499b550870b0"},"headline":"Prefeito de Itabira contraria Sim\u00f5es e diz que n\u00e3o mudou de ideia sobre duplica\u00e7\u00e3o da MG","datePublished":"2026-04-23T09:26:00+00:00","mainEntityOfPage":{"@id":"https:\/\/www.encontraminasgerais.com.br\/itabira\/prefeito-de-itabira-contraria-simoes-e-diz-que-nao-mudou-de-ideia-sobre-duplicacao-da-mg\/"},"wordCount":883,"commentCount":0,"image":{"@id":"https:\/\/www.encontraminasgerais.com.br\/itabira\/prefeito-de-itabira-contraria-simoes-e-diz-que-nao-mudou-de-ideia-sobre-duplicacao-da-mg\/#primaryimage"},"thumbnailUrl":"https:\/\/www.encontraminasgerais.com.br\/itabira\/wp-content\/uploads\/2026\/04\/prefeito-de-itabira-contraria-simoes-e-diz-que-nao-mudou-de-ideia-sobre-duplicacao-da-mg.webp","articleSection":["Not\u00edcias Itabira"],"inLanguage":"pt-BR","potentialAction":[{"@type":"CommentAction","name":"Comment","target":["https:\/\/www.encontraminasgerais.com.br\/itabira\/prefeito-de-itabira-contraria-simoes-e-diz-que-nao-mudou-de-ideia-sobre-duplicacao-da-mg\/#respond"]}]},{"@type":"WebPage","@id":"https:\/\/www.encontraminasgerais.com.br\/itabira\/prefeito-de-itabira-contraria-simoes-e-diz-que-nao-mudou-de-ideia-sobre-duplicacao-da-mg\/","url":"https:\/\/www.encontraminasgerais.com.br\/itabira\/prefeito-de-itabira-contraria-simoes-e-diz-que-nao-mudou-de-ideia-sobre-duplicacao-da-mg\/","name":"Prefeito de Itabira contraria Sim\u00f5es e diz que n\u00e3o mudou de ideia sobre duplica\u00e7\u00e3o da MG | Guia Comercial de Itabira MG","isPartOf":{"@id":"https:\/\/www.encontraminasgerais.com.br\/itabira\/#website"},"primaryImageOfPage":{"@id":"https:\/\/www.encontraminasgerais.com.br\/itabira\/prefeito-de-itabira-contraria-simoes-e-diz-que-nao-mudou-de-ideia-sobre-duplicacao-da-mg\/#primaryimage"},"image":{"@id":"https:\/\/www.encontraminasgerais.com.br\/itabira\/prefeito-de-itabira-contraria-simoes-e-diz-que-nao-mudou-de-ideia-sobre-duplicacao-da-mg\/#primaryimage"},"thumbnailUrl":"https:\/\/www.encontraminasgerais.com.br\/itabira\/wp-content\/uploads\/2026\/04\/prefeito-de-itabira-contraria-simoes-e-diz-que-nao-mudou-de-ideia-sobre-duplicacao-da-mg.webp","datePublished":"2026-04-23T09:26:00+00:00","author":{"@id":"https:\/\/www.encontraminasgerais.com.br\/itabira\/#\/schema\/person\/9ae8a8f5ce59322c92e2499b550870b0"},"inLanguage":"pt-BR","potentialAction":[{"@type":"ReadAction","target":["https:\/\/www.encontraminasgerais.com.br\/itabira\/prefeito-de-itabira-contraria-simoes-e-diz-que-nao-mudou-de-ideia-sobre-duplicacao-da-mg\/"]}]},{"@type":"ImageObject","inLanguage":"pt-BR","@id":"https:\/\/www.encontraminasgerais.com.br\/itabira\/prefeito-de-itabira-contraria-simoes-e-diz-que-nao-mudou-de-ideia-sobre-duplicacao-da-mg\/#primaryimage","url":"https:\/\/www.encontraminasgerais.com.br\/itabira\/wp-content\/uploads\/2026\/04\/prefeito-de-itabira-contraria-simoes-e-diz-que-nao-mudou-de-ideia-sobre-duplicacao-da-mg.webp","contentUrl":"https:\/\/www.encontraminasgerais.com.br\/itabira\/wp-content\/uploads\/2026\/04\/prefeito-de-itabira-contraria-simoes-e-diz-que-nao-mudou-de-ideia-sobre-duplicacao-da-mg.webp","width":280,"height":280,"caption":"duplica\u00e7\u00e3o da MG-129"},{"@type":"WebSite","@id":"https:\/\/www.encontraminasgerais.com.br\/itabira\/#website","url":"https:\/\/www.encontraminasgerais.com.br\/itabira\/","name":"Guia Comercial de Itabira MG","description":"ENCONTRA ITABIRA - O guia comercial de neg\u00f3cios e empresas, cultura e divers\u00e3o na cidade de Itabira. Feito 100% para voc\u00ea morador!","potentialAction":[{"@type":"SearchAction","target":{"@type":"EntryPoint","urlTemplate":"https:\/\/www.encontraminasgerais.com.br\/itabira\/?s={search_term_string}"},"query-input":{"@type":"PropertyValueSpecification","valueRequired":true,"valueName":"search_term_string"}}],"inLanguage":"pt-BR"},{"@type":"Person","@id":"https:\/\/www.encontraminasgerais.com.br\/itabira\/#\/schema\/person\/9ae8a8f5ce59322c92e2499b550870b0","name":"Encontra Itabira","image":{"@type":"ImageObject","inLanguage":"pt-BR","@id":"https:\/\/secure.gravatar.com\/avatar\/c50c17820bcf322f0a8fd6b110b8c0918141409dc69076470f6fca5fee70a5d4?s=96&d=mm&r=g","url":"https:\/\/secure.gravatar.com\/avatar\/c50c17820bcf322f0a8fd6b110b8c0918141409dc69076470f6fca5fee70a5d4?s=96&d=mm&r=g","contentUrl":"https:\/\/secure.gravatar.com\/avatar\/c50c17820bcf322f0a8fd6b110b8c0918141409dc69076470f6fca5fee70a5d4?s=96&d=mm&r=g","caption":"Encontra Itabira"},"url":"https:\/\/www.encontraminasgerais.com.br\/itabira\/author\/encontraitabira\/"}]}},"_links":{"self":[{"href":"https:\/\/www.encontraminasgerais.com.br\/itabira\/wp-json\/wp\/v2\/posts\/5614","targetHints":{"allow":["GET"]}}],"collection":[{"href":"https:\/\/www.encontraminasgerais.com.br\/itabira\/wp-json\/wp\/v2\/posts"}],"about":[{"href":"https:\/\/www.encontraminasgerais.com.br\/itabira\/wp-json\/wp\/v2\/types\/post"}],"author":[{"embeddable":true,"href":"https:\/\/www.encontraminasgerais.com.br\/itabira\/wp-json\/wp\/v2\/users\/1"}],"replies":[{"embeddable":true,"href":"https:\/\/www.encontraminasgerais.com.br\/itabira\/wp-json\/wp\/v2\/comments?post=5614"}],"version-history":[{"count":0,"href":"https:\/\/www.encontraminasgerais.com.br\/itabira\/wp-json\/wp\/v2\/posts\/5614\/revisions"}],"wp:featuredmedia":[{"embeddable":true,"href":"https:\/\/www.encontraminasgerais.com.br\/itabira\/wp-json\/wp\/v2\/media\/5613"}],"wp:attachment":[{"href":"https:\/\/www.encontraminasgerais.com.br\/itabira\/wp-json\/wp\/v2\/media?parent=5614"}],"wp:term":[{"taxonomy":"category","embeddable":true,"href":"https:\/\/www.encontraminasgerais.com.br\/itabira\/wp-json\/wp\/v2\/categories?post=5614"},{"taxonomy":"post_tag","embeddable":true,"href":"https:\/\/www.encontraminasgerais.com.br\/itabira\/wp-json\/wp\/v2\/tags?post=5614"}],"curies":[{"name":"wp","href":"https:\/\/api.w.org\/{rel}","templated":true}]}}