{"id":5618,"date":"2026-04-23T06:28:34","date_gmt":"2026-04-23T09:28:34","guid":{"rendered":"https:\/\/www.encontraminasgerais.com.br\/itabira\/marco-lage-rebate-mateus-simoes-e-diz-que-estado-travou-duplicacao-das-mg\/"},"modified":"2026-04-23T06:28:34","modified_gmt":"2026-04-23T09:28:34","slug":"marco-lage-rebate-mateus-simoes-e-diz-que-estado-travou-duplicacao-das-mg","status":"publish","type":"post","link":"https:\/\/www.encontraminasgerais.com.br\/itabira\/marco-lage-rebate-mateus-simoes-e-diz-que-estado-travou-duplicacao-das-mg\/","title":{"rendered":"Marco Lage rebate Mateus Sim\u00f5es e diz que Estado travou duplica\u00e7\u00e3o das MG"},"content":{"rendered":"<h2>Marco Lage e a Duplica\u00e7\u00e3o das Rodovias<\/h2>\n<p>O prefeito de Itabira, Marco Ant\u00f4nio Lage, expressou suas obje\u00e7\u00f5es \u00e0s declara\u00e7\u00f5es do governador de Minas Gerais, Mateus Sim\u00f5es, sobre a duplica\u00e7\u00e3o das rodovias MG-129 e MG-434. A discuss\u00e3o teve in\u00edcio durante uma visita de Sim\u00f5es a Bar\u00e3o de Cocais, onde ele mencionou que as conversas para a obra estavam estagnadas devido a uma mudan\u00e7a na postura da Prefeitura de Itabira.<\/p>\n<p>Marco Lage contestou a vers\u00e3o apresentada pelo governador, afirmando que o verdadeiro respons\u00e1vel pela falta de progresso no projeto \u00e9 o governo estadual. Em sua resposta, Lage destacou que pelo menos seis reuni\u00f5es haviam sido realizadas, incluindo encontros com o ex-governador Romeu Zema e com Sim\u00f5es, al\u00e9m de intera\u00e7\u00f5es t\u00e9cnicas com a Secretaria de Infraestrutura do Estado.<\/p>\n<h2>As Promessas da Prefeitura e da Vale<\/h2>\n<p>O prefeito ressaltou que a Prefeitura de Itabira e a Vale j\u00e1 tinham se comprometido a providenciar recursos para a realiza\u00e7\u00e3o da obra, cada um contribuindo com aproximadamente um ter\u00e7o do custo estimado, que ultrapassa os R$ 300 milh\u00f5es. No entanto, a contribui\u00e7\u00e3o do Governo de Minas n\u00e3o estava garantida, gerando preocupa\u00e7\u00e3o quanto \u00e0 viabilidade do projeto.<\/p>\n<p><img decoding=\"async\" src=\"https:\/\/www.encontraminasgerais.com.br\/itabira\/wp-content\/uploads\/2026\/04\/marco-lage-rebate-mateus-simoes-e-diz-que-estado-travou-duplicacao-das-mg.webp\" alt=\"duplica\u00e7\u00e3o das MG-129 e 434\" loading=\"lazy\" \/><\/p>\n<p>&#8220;N\u00e3o \u00e9 verdade, n\u00f3s n\u00e3o mudamos nada. Quem alterou os planos foi o Governo do Estado, que decidiu expandir o projeto para incluir outras rodovias. A liga\u00e7\u00e3o fundamental entre Itabira e essas MGs \u00e9 essencial para o nosso futuro e para a regi\u00e3o, pois estreita nossos la\u00e7os com a regi\u00e3o metropolitana de Belo Horizonte&#8221;, afirmou o prefeito.<\/p>\n<h2>A Responsabilidade do Estado<\/h2>\n<p>Marco Lage reiterou a import\u00e2ncia da duplica\u00e7\u00e3o das MG-129 e MG-434, que j\u00e1 havia se tornado um compromisso antigo da administra\u00e7\u00e3o municipal. Em 2019, durante o governo do ex-prefeito Ronaldo Lage Magalh\u00e3es, foi assinado um conv\u00eanio com o DER-MG, que estabeleceu que a Prefeitura seria respons\u00e1vel pelo desenvolvimento do projeto executivo, com um custo estimado de R$ 3 milh\u00f5es. Desde que Marco Lage assumiu o cargo, novos encontros t\u00eam sido realizados para viabilizar a obra.<\/p>\n<p>Por\u00e9m, em recente visita a Bom Jesus do Amparo, o governador Romeu Zema havia sinalizado que a duplica\u00e7\u00e3o n\u00e3o contaria com recursos estaduais, o que implicaria na necessidade de uma parceria p\u00fablico-privada para a concretiza\u00e7\u00e3o do empreendimento, com a expectativa de apoio da mineradora Vale.<\/p>\n<h2>Impacto da Duplica\u00e7\u00e3o em Itabira<\/h2>\n<p>A duplica\u00e7\u00e3o das MGs 129 e 434 \u00e9 vista como uma solu\u00e7\u00e3o crucial para melhorar o acesso e a mobilidade na regi\u00e3o, al\u00e9m de impulsionar o desenvolvimento local e contribuir para a integra\u00e7\u00e3o de Itabira com outras \u00e1reas do estado. A falta de uma infraestrutura adequada pode limitar o potencial de crescimento econ\u00f4mico e dificultar a liga\u00e7\u00e3o com a capital mineira.<\/p>\n<p>As estradas representam eixos vitais para o escoamento da produ\u00e7\u00e3o e a atra\u00e7\u00e3o de investimentos, tornando a obra n\u00e3o apenas uma necessidade log\u00edstica, mas tamb\u00e9m um pilar para o crescimento sustent\u00e1vel da regi\u00e3o.<\/p>\n<h2>Conflitos nas Negocia\u00e7\u00f5es<\/h2>\n<p>Diante do impasse, alimentado por vis\u00f5es divergentes sobre as responsabilidades e a dire\u00e7\u00e3o do projeto, a comunica\u00e7\u00e3o entre o governo estadual e a Prefeitura de Itabira precisa ser efetivada. Sim\u00f5es e Lage t\u00eam abordagens distintas em rela\u00e7\u00e3o \u00e0s negocia\u00e7\u00f5es que envolvem o desenvolvimento da infraestrutura minera.<\/p>\n<p>O governador sugeriu que a abordagem da minera\u00e7\u00e3o deve ser de parceria, ao inv\u00e9s de antagonismo, mas o prefeito Lage apontou que a discuss\u00e3o sobre a minera\u00e7\u00e3o vai al\u00e9m do aspecto ambiental, incluindo quest\u00f5es trabalhistas e de royalties, especialmente sob a Lei Kandir, que isenta impostos sobre a exporta\u00e7\u00e3o de min\u00e9rio.<\/p>\n<h2>A Rea\u00e7\u00e3o de Mateus Sim\u00f5es<\/h2>\n<p>Mateus Sim\u00f5es, em suas declara\u00e7\u00f5es, enfatizou a necessidade de um trabalho conjunto, ressaltando que conflitos nas negocia\u00e7\u00f5es podem atrasar investimentos e obras de infraestrutura necess\u00e1rias. Ele espera sensibilizar o prefeito para a import\u00e2ncia de trabalhar em conjunto na constru\u00e7\u00e3o das solu\u00e7\u00f5es que beneficiem a popula\u00e7\u00e3o.<\/p>\n<h2>Apoio Popular \u00e0 Duplica\u00e7\u00e3o<\/h2>\n<p>A duplica\u00e7\u00e3o das MG-129 e MG-434 possui um amplo apoio entre os cidad\u00e3os de Itabira, que reconhecem a import\u00e2ncia da obra para o futuro da cidade. A falta de proatividade do governo estadual em garantir a continuidade dos projetos apenas gera frustra\u00e7\u00e3o entre os moradores, que almejam melhorias na infraestrutura.<\/p>\n<p>O fortalecimento do di\u00e1logo entre os l\u00edderes locais e estaduais \u00e9 importante para transformar as expectativas da popula\u00e7\u00e3o em a\u00e7\u00f5es concretas. A uni\u00e3o de esfor\u00e7os pode possibilitar que a duplica\u00e7\u00e3o aconte\u00e7a de forma mais r\u00e1pida e efetiva, trazendo benef\u00edcios diretos para a comunidade.<\/p>\n<h2>Proposta de Parceria P\u00fablico-Privada<\/h2>\n<p>A perspectiva de uma parceria p\u00fablico-privada \u00e9 vista como uma solu\u00e7\u00e3o vi\u00e1vel para contornar a falta de recursos estaduais. A continuidade das conversas entre o prefeito Lage e a Vale indica que h\u00e1 disposi\u00e7\u00e3o para trabalhar em conjunto em busca de solu\u00e7\u00f5es que garantam a execu\u00e7\u00e3o da duplica\u00e7\u00e3o das rodovias.<\/p>\n<p>Se concretizada, essa parceria pode agregar valor n\u00e3o apenas \u00e0 infraestrutura, mas tamb\u00e9m aos setores econ\u00f4micos que dependem das estradas para a escoa\u00e7\u00e3o de produtos e a mobilidade da popula\u00e7\u00e3o.<\/p>\n<h2>Opini\u00f5es sobre Minera\u00e7\u00e3o em Minas Gerais<\/h2>\n<p>As discuss\u00f5es sobre a minera\u00e7\u00e3o em Minas Gerais s\u00e3o complexas, envolvendo n\u00e3o apenas a gera\u00e7\u00e3o de receitas, mas tamb\u00e9m o impacto nas comunidades locais. O prefeito Lage, como presidente da Associa\u00e7\u00e3o Brasileira dos Munic\u00edpios Mineradores (AmigBR), enfatiza que o di\u00e1logo deve incluir quest\u00f5es trabalhistas e de distribui\u00e7\u00e3o de royalties, n\u00e3o se restringindo apenas ao compliance ambiental.<\/p>\n<p>Esses aspectos t\u00eam ganhado destaque no cen\u00e1rio pol\u00edtico do estado, uma vez que a minera\u00e7\u00e3o \u00e9 uma das principais fontes de receita para Minas Gerais, mas ao mesmo tempo gera discuss\u00f5es acerca dos direitos trabalhistas e da justi\u00e7a fiscal.<\/p>\n<h2>Pr\u00f3ximos Passos para a Conclus\u00e3o do Projeto<\/h2>\n<p>Os pr\u00f3ximos passos para a conclus\u00e3o do projeto de duplica\u00e7\u00e3o das MG-129 e MG-434 devem incluir uma formaliza\u00e7\u00e3o das conversas entre a Prefeitura, o governo estadual e a Vale, com o objetivo de alinhar as expectativas e assegurar a aloca\u00e7\u00e3o de recursos necess\u00e1rios.<\/p>\n<p>Marco Ant\u00f4nio Lage manifestou a sua abertura para continuar o di\u00e1logo, reiterando o convite para Sim\u00f5es se reunir em Itabira e explora\u00e7\u00f5es t\u00e9cnicas do projeto que possam resultar em benef\u00edcios tanto para a cidade quanto para a regi\u00e3o leste de Minas Gerais.<\/p>\n<p>A continuidade desse di\u00e1logo e a implementa\u00e7\u00e3o de um plano que considere todas as partes interessadas \u00e9 essencial para que a duplica\u00e7\u00e3o deixe de ser um pleito e se torne uma realidade, melhorando a infraestrutura e a vida dos habitantes de Itabira.<\/p>\n","protected":false},"excerpt":{"rendered":"<p>Marco Lage reassume as negocia\u00e7\u00f5es para a duplica\u00e7\u00e3o das MG-129 e 434 e critica a situa\u00e7\u00e3o atual.<\/p>\n","protected":false},"author":1,"featured_media":5617,"comment_status":"open","ping_status":"open","sticky":false,"template":"","format":"standard","meta":{"footnotes":""},"categories":[5],"tags":[],"class_list":["post-5618","post","type-post","status-publish","format-standard","has-post-thumbnail","hentry","category-noticias","has_thumb"],"yoast_head":"<!-- This site is optimized with the Yoast SEO plugin v28.1 - https:\/\/yoast.com\/product\/yoast-seo-wordpress\/ -->\n<title>Marco Lage rebate Mateus Sim\u00f5es e diz que Estado travou duplica\u00e7\u00e3o das MG | Guia Comercial de Itabira MG<\/title>\n<meta name=\"robots\" content=\"index, follow, max-snippet:-1, max-image-preview:large, max-video-preview:-1\" \/>\n<link rel=\"canonical\" href=\"https:\/\/www.encontraminasgerais.com.br\/itabira\/marco-lage-rebate-mateus-simoes-e-diz-que-estado-travou-duplicacao-das-mg\/\" \/>\n<meta property=\"og:locale\" content=\"pt_BR\" \/>\n<meta property=\"og:type\" content=\"article\" \/>\n<meta property=\"og:title\" content=\"Marco Lage rebate Mateus Sim\u00f5es e diz que Estado travou duplica\u00e7\u00e3o das MG | Guia Comercial de Itabira MG\" \/>\n<meta property=\"og:description\" content=\"Marco Lage reassume as negocia\u00e7\u00f5es para a duplica\u00e7\u00e3o das MG-129 e 434 e critica a situa\u00e7\u00e3o atual.\" \/>\n<meta property=\"og:url\" content=\"https:\/\/www.encontraminasgerais.com.br\/itabira\/marco-lage-rebate-mateus-simoes-e-diz-que-estado-travou-duplicacao-das-mg\/\" \/>\n<meta property=\"og:site_name\" content=\"Guia Comercial de Itabira MG\" \/>\n<meta property=\"article:published_time\" content=\"2026-04-23T09:28:34+00:00\" \/>\n<meta property=\"og:image\" content=\"https:\/\/www.encontraminasgerais.com.br\/itabira\/wp-content\/uploads\/2026\/04\/marco-lage-rebate-mateus-simoes-e-diz-que-estado-travou-duplicacao-das-mg.webp\" \/>\n<meta name=\"author\" content=\"Encontra Itabira\" \/>\n<meta name=\"twitter:card\" content=\"summary_large_image\" \/>\n<meta name=\"twitter:label1\" content=\"Escrito por\" \/>\n\t<meta name=\"twitter:data1\" content=\"Encontra Itabira\" \/>\n\t<meta name=\"twitter:label2\" content=\"Est. tempo de leitura\" \/>\n\t<meta name=\"twitter:data2\" content=\"6 minutos\" \/>\n<script type=\"application\/ld+json\" class=\"yoast-schema-graph\">{\"@context\":\"https:\\\/\\\/schema.org\",\"@graph\":[{\"@type\":\"Article\",\"@id\":\"https:\\\/\\\/www.encontraminasgerais.com.br\\\/itabira\\\/marco-lage-rebate-mateus-simoes-e-diz-que-estado-travou-duplicacao-das-mg\\\/#article\",\"isPartOf\":{\"@id\":\"https:\\\/\\\/www.encontraminasgerais.com.br\\\/itabira\\\/marco-lage-rebate-mateus-simoes-e-diz-que-estado-travou-duplicacao-das-mg\\\/\"},\"author\":{\"name\":\"Encontra Itabira\",\"@id\":\"https:\\\/\\\/www.encontraminasgerais.com.br\\\/itabira\\\/#\\\/schema\\\/person\\\/9ae8a8f5ce59322c92e2499b550870b0\"},\"headline\":\"Marco Lage rebate Mateus Sim\u00f5es e diz que Estado travou duplica\u00e7\u00e3o das MG\",\"datePublished\":\"2026-04-23T09:28:34+00:00\",\"mainEntityOfPage\":{\"@id\":\"https:\\\/\\\/www.encontraminasgerais.com.br\\\/itabira\\\/marco-lage-rebate-mateus-simoes-e-diz-que-estado-travou-duplicacao-das-mg\\\/\"},\"wordCount\":1185,\"commentCount\":0,\"image\":{\"@id\":\"https:\\\/\\\/www.encontraminasgerais.com.br\\\/itabira\\\/marco-lage-rebate-mateus-simoes-e-diz-que-estado-travou-duplicacao-das-mg\\\/#primaryimage\"},\"thumbnailUrl\":\"https:\\\/\\\/www.encontraminasgerais.com.br\\\/itabira\\\/wp-content\\\/uploads\\\/2026\\\/04\\\/marco-lage-rebate-mateus-simoes-e-diz-que-estado-travou-duplicacao-das-mg.webp\",\"articleSection\":[\"Not\u00edcias Itabira\"],\"inLanguage\":\"pt-BR\",\"potentialAction\":[{\"@type\":\"CommentAction\",\"name\":\"Comment\",\"target\":[\"https:\\\/\\\/www.encontraminasgerais.com.br\\\/itabira\\\/marco-lage-rebate-mateus-simoes-e-diz-que-estado-travou-duplicacao-das-mg\\\/#respond\"]}]},{\"@type\":\"WebPage\",\"@id\":\"https:\\\/\\\/www.encontraminasgerais.com.br\\\/itabira\\\/marco-lage-rebate-mateus-simoes-e-diz-que-estado-travou-duplicacao-das-mg\\\/\",\"url\":\"https:\\\/\\\/www.encontraminasgerais.com.br\\\/itabira\\\/marco-lage-rebate-mateus-simoes-e-diz-que-estado-travou-duplicacao-das-mg\\\/\",\"name\":\"Marco Lage rebate Mateus Sim\u00f5es e diz que Estado travou duplica\u00e7\u00e3o das MG | Guia Comercial de Itabira MG\",\"isPartOf\":{\"@id\":\"https:\\\/\\\/www.encontraminasgerais.com.br\\\/itabira\\\/#website\"},\"primaryImageOfPage\":{\"@id\":\"https:\\\/\\\/www.encontraminasgerais.com.br\\\/itabira\\\/marco-lage-rebate-mateus-simoes-e-diz-que-estado-travou-duplicacao-das-mg\\\/#primaryimage\"},\"image\":{\"@id\":\"https:\\\/\\\/www.encontraminasgerais.com.br\\\/itabira\\\/marco-lage-rebate-mateus-simoes-e-diz-que-estado-travou-duplicacao-das-mg\\\/#primaryimage\"},\"thumbnailUrl\":\"https:\\\/\\\/www.encontraminasgerais.com.br\\\/itabira\\\/wp-content\\\/uploads\\\/2026\\\/04\\\/marco-lage-rebate-mateus-simoes-e-diz-que-estado-travou-duplicacao-das-mg.webp\",\"datePublished\":\"2026-04-23T09:28:34+00:00\",\"author\":{\"@id\":\"https:\\\/\\\/www.encontraminasgerais.com.br\\\/itabira\\\/#\\\/schema\\\/person\\\/9ae8a8f5ce59322c92e2499b550870b0\"},\"inLanguage\":\"pt-BR\",\"potentialAction\":[{\"@type\":\"ReadAction\",\"target\":[\"https:\\\/\\\/www.encontraminasgerais.com.br\\\/itabira\\\/marco-lage-rebate-mateus-simoes-e-diz-que-estado-travou-duplicacao-das-mg\\\/\"]}]},{\"@type\":\"ImageObject\",\"inLanguage\":\"pt-BR\",\"@id\":\"https:\\\/\\\/www.encontraminasgerais.com.br\\\/itabira\\\/marco-lage-rebate-mateus-simoes-e-diz-que-estado-travou-duplicacao-das-mg\\\/#primaryimage\",\"url\":\"https:\\\/\\\/www.encontraminasgerais.com.br\\\/itabira\\\/wp-content\\\/uploads\\\/2026\\\/04\\\/marco-lage-rebate-mateus-simoes-e-diz-que-estado-travou-duplicacao-das-mg.webp\",\"contentUrl\":\"https:\\\/\\\/www.encontraminasgerais.com.br\\\/itabira\\\/wp-content\\\/uploads\\\/2026\\\/04\\\/marco-lage-rebate-mateus-simoes-e-diz-que-estado-travou-duplicacao-das-mg.webp\",\"width\":280,\"height\":280,\"caption\":\"duplica\u00e7\u00e3o das MG-129 e 434\"},{\"@type\":\"WebSite\",\"@id\":\"https:\\\/\\\/www.encontraminasgerais.com.br\\\/itabira\\\/#website\",\"url\":\"https:\\\/\\\/www.encontraminasgerais.com.br\\\/itabira\\\/\",\"name\":\"Guia Comercial de Itabira MG\",\"description\":\"ENCONTRA ITABIRA - O guia comercial de neg\u00f3cios e empresas, cultura e divers\u00e3o na cidade de Itabira. Feito 100% para voc\u00ea morador!\",\"potentialAction\":[{\"@type\":\"SearchAction\",\"target\":{\"@type\":\"EntryPoint\",\"urlTemplate\":\"https:\\\/\\\/www.encontraminasgerais.com.br\\\/itabira\\\/?s={search_term_string}\"},\"query-input\":{\"@type\":\"PropertyValueSpecification\",\"valueRequired\":true,\"valueName\":\"search_term_string\"}}],\"inLanguage\":\"pt-BR\"},{\"@type\":\"Person\",\"@id\":\"https:\\\/\\\/www.encontraminasgerais.com.br\\\/itabira\\\/#\\\/schema\\\/person\\\/9ae8a8f5ce59322c92e2499b550870b0\",\"name\":\"Encontra Itabira\",\"image\":{\"@type\":\"ImageObject\",\"inLanguage\":\"pt-BR\",\"@id\":\"https:\\\/\\\/secure.gravatar.com\\\/avatar\\\/c50c17820bcf322f0a8fd6b110b8c0918141409dc69076470f6fca5fee70a5d4?s=96&d=mm&r=g\",\"url\":\"https:\\\/\\\/secure.gravatar.com\\\/avatar\\\/c50c17820bcf322f0a8fd6b110b8c0918141409dc69076470f6fca5fee70a5d4?s=96&d=mm&r=g\",\"contentUrl\":\"https:\\\/\\\/secure.gravatar.com\\\/avatar\\\/c50c17820bcf322f0a8fd6b110b8c0918141409dc69076470f6fca5fee70a5d4?s=96&d=mm&r=g\",\"caption\":\"Encontra Itabira\"},\"url\":\"https:\\\/\\\/www.encontraminasgerais.com.br\\\/itabira\\\/author\\\/encontraitabira\\\/\"}]}<\/script>\n<!-- \/ Yoast SEO plugin. -->","yoast_head_json":{"title":"Marco Lage rebate Mateus Sim\u00f5es e diz que Estado travou duplica\u00e7\u00e3o das MG | Guia Comercial de Itabira MG","robots":{"index":"index","follow":"follow","max-snippet":"max-snippet:-1","max-image-preview":"max-image-preview:large","max-video-preview":"max-video-preview:-1"},"canonical":"https:\/\/www.encontraminasgerais.com.br\/itabira\/marco-lage-rebate-mateus-simoes-e-diz-que-estado-travou-duplicacao-das-mg\/","og_locale":"pt_BR","og_type":"article","og_title":"Marco Lage rebate Mateus Sim\u00f5es e diz que Estado travou duplica\u00e7\u00e3o das MG | Guia Comercial de Itabira MG","og_description":"Marco Lage reassume as negocia\u00e7\u00f5es para a duplica\u00e7\u00e3o das MG-129 e 434 e critica a situa\u00e7\u00e3o atual.","og_url":"https:\/\/www.encontraminasgerais.com.br\/itabira\/marco-lage-rebate-mateus-simoes-e-diz-que-estado-travou-duplicacao-das-mg\/","og_site_name":"Guia Comercial de Itabira MG","article_published_time":"2026-04-23T09:28:34+00:00","og_image":[{"url":"https:\/\/www.encontraminasgerais.com.br\/itabira\/wp-content\/uploads\/2026\/04\/marco-lage-rebate-mateus-simoes-e-diz-que-estado-travou-duplicacao-das-mg.webp","type":"","width":"","height":""}],"author":"Encontra Itabira","twitter_card":"summary_large_image","twitter_misc":{"Escrito por":"Encontra Itabira","Est. tempo de leitura":"6 minutos"},"schema":{"@context":"https:\/\/schema.org","@graph":[{"@type":"Article","@id":"https:\/\/www.encontraminasgerais.com.br\/itabira\/marco-lage-rebate-mateus-simoes-e-diz-que-estado-travou-duplicacao-das-mg\/#article","isPartOf":{"@id":"https:\/\/www.encontraminasgerais.com.br\/itabira\/marco-lage-rebate-mateus-simoes-e-diz-que-estado-travou-duplicacao-das-mg\/"},"author":{"name":"Encontra Itabira","@id":"https:\/\/www.encontraminasgerais.com.br\/itabira\/#\/schema\/person\/9ae8a8f5ce59322c92e2499b550870b0"},"headline":"Marco Lage rebate Mateus Sim\u00f5es e diz que Estado travou duplica\u00e7\u00e3o das MG","datePublished":"2026-04-23T09:28:34+00:00","mainEntityOfPage":{"@id":"https:\/\/www.encontraminasgerais.com.br\/itabira\/marco-lage-rebate-mateus-simoes-e-diz-que-estado-travou-duplicacao-das-mg\/"},"wordCount":1185,"commentCount":0,"image":{"@id":"https:\/\/www.encontraminasgerais.com.br\/itabira\/marco-lage-rebate-mateus-simoes-e-diz-que-estado-travou-duplicacao-das-mg\/#primaryimage"},"thumbnailUrl":"https:\/\/www.encontraminasgerais.com.br\/itabira\/wp-content\/uploads\/2026\/04\/marco-lage-rebate-mateus-simoes-e-diz-que-estado-travou-duplicacao-das-mg.webp","articleSection":["Not\u00edcias Itabira"],"inLanguage":"pt-BR","potentialAction":[{"@type":"CommentAction","name":"Comment","target":["https:\/\/www.encontraminasgerais.com.br\/itabira\/marco-lage-rebate-mateus-simoes-e-diz-que-estado-travou-duplicacao-das-mg\/#respond"]}]},{"@type":"WebPage","@id":"https:\/\/www.encontraminasgerais.com.br\/itabira\/marco-lage-rebate-mateus-simoes-e-diz-que-estado-travou-duplicacao-das-mg\/","url":"https:\/\/www.encontraminasgerais.com.br\/itabira\/marco-lage-rebate-mateus-simoes-e-diz-que-estado-travou-duplicacao-das-mg\/","name":"Marco Lage rebate Mateus Sim\u00f5es e diz que Estado travou duplica\u00e7\u00e3o das MG | Guia Comercial de Itabira MG","isPartOf":{"@id":"https:\/\/www.encontraminasgerais.com.br\/itabira\/#website"},"primaryImageOfPage":{"@id":"https:\/\/www.encontraminasgerais.com.br\/itabira\/marco-lage-rebate-mateus-simoes-e-diz-que-estado-travou-duplicacao-das-mg\/#primaryimage"},"image":{"@id":"https:\/\/www.encontraminasgerais.com.br\/itabira\/marco-lage-rebate-mateus-simoes-e-diz-que-estado-travou-duplicacao-das-mg\/#primaryimage"},"thumbnailUrl":"https:\/\/www.encontraminasgerais.com.br\/itabira\/wp-content\/uploads\/2026\/04\/marco-lage-rebate-mateus-simoes-e-diz-que-estado-travou-duplicacao-das-mg.webp","datePublished":"2026-04-23T09:28:34+00:00","author":{"@id":"https:\/\/www.encontraminasgerais.com.br\/itabira\/#\/schema\/person\/9ae8a8f5ce59322c92e2499b550870b0"},"inLanguage":"pt-BR","potentialAction":[{"@type":"ReadAction","target":["https:\/\/www.encontraminasgerais.com.br\/itabira\/marco-lage-rebate-mateus-simoes-e-diz-que-estado-travou-duplicacao-das-mg\/"]}]},{"@type":"ImageObject","inLanguage":"pt-BR","@id":"https:\/\/www.encontraminasgerais.com.br\/itabira\/marco-lage-rebate-mateus-simoes-e-diz-que-estado-travou-duplicacao-das-mg\/#primaryimage","url":"https:\/\/www.encontraminasgerais.com.br\/itabira\/wp-content\/uploads\/2026\/04\/marco-lage-rebate-mateus-simoes-e-diz-que-estado-travou-duplicacao-das-mg.webp","contentUrl":"https:\/\/www.encontraminasgerais.com.br\/itabira\/wp-content\/uploads\/2026\/04\/marco-lage-rebate-mateus-simoes-e-diz-que-estado-travou-duplicacao-das-mg.webp","width":280,"height":280,"caption":"duplica\u00e7\u00e3o das MG-129 e 434"},{"@type":"WebSite","@id":"https:\/\/www.encontraminasgerais.com.br\/itabira\/#website","url":"https:\/\/www.encontraminasgerais.com.br\/itabira\/","name":"Guia Comercial de Itabira MG","description":"ENCONTRA ITABIRA - O guia comercial de neg\u00f3cios e empresas, cultura e divers\u00e3o na cidade de Itabira. Feito 100% para voc\u00ea morador!","potentialAction":[{"@type":"SearchAction","target":{"@type":"EntryPoint","urlTemplate":"https:\/\/www.encontraminasgerais.com.br\/itabira\/?s={search_term_string}"},"query-input":{"@type":"PropertyValueSpecification","valueRequired":true,"valueName":"search_term_string"}}],"inLanguage":"pt-BR"},{"@type":"Person","@id":"https:\/\/www.encontraminasgerais.com.br\/itabira\/#\/schema\/person\/9ae8a8f5ce59322c92e2499b550870b0","name":"Encontra Itabira","image":{"@type":"ImageObject","inLanguage":"pt-BR","@id":"https:\/\/secure.gravatar.com\/avatar\/c50c17820bcf322f0a8fd6b110b8c0918141409dc69076470f6fca5fee70a5d4?s=96&d=mm&r=g","url":"https:\/\/secure.gravatar.com\/avatar\/c50c17820bcf322f0a8fd6b110b8c0918141409dc69076470f6fca5fee70a5d4?s=96&d=mm&r=g","contentUrl":"https:\/\/secure.gravatar.com\/avatar\/c50c17820bcf322f0a8fd6b110b8c0918141409dc69076470f6fca5fee70a5d4?s=96&d=mm&r=g","caption":"Encontra Itabira"},"url":"https:\/\/www.encontraminasgerais.com.br\/itabira\/author\/encontraitabira\/"}]}},"_links":{"self":[{"href":"https:\/\/www.encontraminasgerais.com.br\/itabira\/wp-json\/wp\/v2\/posts\/5618","targetHints":{"allow":["GET"]}}],"collection":[{"href":"https:\/\/www.encontraminasgerais.com.br\/itabira\/wp-json\/wp\/v2\/posts"}],"about":[{"href":"https:\/\/www.encontraminasgerais.com.br\/itabira\/wp-json\/wp\/v2\/types\/post"}],"author":[{"embeddable":true,"href":"https:\/\/www.encontraminasgerais.com.br\/itabira\/wp-json\/wp\/v2\/users\/1"}],"replies":[{"embeddable":true,"href":"https:\/\/www.encontraminasgerais.com.br\/itabira\/wp-json\/wp\/v2\/comments?post=5618"}],"version-history":[{"count":0,"href":"https:\/\/www.encontraminasgerais.com.br\/itabira\/wp-json\/wp\/v2\/posts\/5618\/revisions"}],"wp:featuredmedia":[{"embeddable":true,"href":"https:\/\/www.encontraminasgerais.com.br\/itabira\/wp-json\/wp\/v2\/media\/5617"}],"wp:attachment":[{"href":"https:\/\/www.encontraminasgerais.com.br\/itabira\/wp-json\/wp\/v2\/media?parent=5618"}],"wp:term":[{"taxonomy":"category","embeddable":true,"href":"https:\/\/www.encontraminasgerais.com.br\/itabira\/wp-json\/wp\/v2\/categories?post=5618"},{"taxonomy":"post_tag","embeddable":true,"href":"https:\/\/www.encontraminasgerais.com.br\/itabira\/wp-json\/wp\/v2\/tags?post=5618"}],"curies":[{"name":"wp","href":"https:\/\/api.w.org\/{rel}","templated":true}]}}