{"id":5620,"date":"2026-04-24T06:26:32","date_gmt":"2026-04-24T09:26:32","guid":{"rendered":"https:\/\/www.encontraminasgerais.com.br\/itabira\/prefeito-de-itabira-rebate-simoes-e-diz-que-governo-estadual-tirou-o-foco-da-duplicacao-das-rodovias-129-e-434\/"},"modified":"2026-04-24T06:26:32","modified_gmt":"2026-04-24T09:26:32","slug":"prefeito-de-itabira-rebate-simoes-e-diz-que-governo-estadual-tirou-o-foco-da-duplicacao-das-rodovias-129-e-434","status":"publish","type":"post","link":"https:\/\/www.encontraminasgerais.com.br\/itabira\/prefeito-de-itabira-rebate-simoes-e-diz-que-governo-estadual-tirou-o-foco-da-duplicacao-das-rodovias-129-e-434\/","title":{"rendered":"Prefeito de Itabira rebate Sim\u00f5es e diz que Governo Estadual tirou o foco da duplica\u00e7\u00e3o das rodovias 129 e 434"},"content":{"rendered":"<h2>Entenda a Pol\u00eamica das Rodovias<\/h2>\n<p>A duplica\u00e7\u00e3o das rodovias MG-129 e MG-434 \u00e9 uma quest\u00e3o que tem gerado debates intensos em Itabira. Este projeto j\u00e1 \u00e9 uma demanda h\u00e1 anos, e sua n\u00e3o execu\u00e7\u00e3o tem sido um ponto focal de aten\u00e7\u00e3o tanto para a popula\u00e7\u00e3o local quanto para o governo estadual. As rodovias em quest\u00e3o n\u00e3o apenas influenciam o tr\u00e1fego, mas tamb\u00e9m podem ter um grande impacto no desenvolvimento econ\u00f4mico da regi\u00e3o.<\/p>\n<h2>O Papel da Prefeitura nas Negocia\u00e7\u00f5es<\/h2>\n<p>O prefeito de Itabira, Marco Ant\u00f4nio Lage, destaca que a administra\u00e7\u00e3o municipal tem sido ativa nas tentativas de avan\u00e7ar com o projeto. Segundo ele, diversas reuni\u00f5es foram realizadas com o governo estadual e a empresa Vale, que demonstrou interesse em investir na obra. A Prefeitura participou de encontros significativos, incluindo algumas com a presen\u00e7a do governador de Minas Gerais, e tamb\u00e9m com a equipe da Secretaria de Infraestrutura do Estado. No entanto, a continuidade ou a falta disso nas tratativas est\u00e1 em debate.<\/p>\n<h2>Declara\u00e7\u00f5es do Governador e Respostas do Prefeito<\/h2>\n<p>Em contrapartida, o governador Mateus Sim\u00f5es afirmou que a falta de progresso na duplica\u00e7\u00e3o se deve \u00e0 mudan\u00e7a de dire\u00e7\u00e3o da Prefeitura nas negocia\u00e7\u00f5es. Ele explicou que as conversas com a Vale estavam encaminhadas at\u00e9 que houve um suposto desvio no tratamento do assunto por parte da Prefeitura, implicando que a responsabilidade pela paralisa\u00e7\u00e3o recai sobre a administra\u00e7\u00e3o municipal. Em resposta, o prefeito Lage nega essa afirma\u00e7\u00e3o, insistindo que a Prefeitura sempre esteve disposta a colaborar e que quem alterou o curso das negocia\u00e7\u00f5es foi o governo estadual.<\/p>\n<p><img decoding=\"async\" src=\"https:\/\/www.encontraminasgerais.com.br\/itabira\/wp-content\/uploads\/2026\/04\/prefeito-de-itabira-rebate-simoes-e-diz-que-governo-estadual-tirou-o-foco-da-duplicacao-das-rodovias.webp\" alt=\"duplica\u00e7\u00e3o das rodovias MG-129 e MG-434\" loading=\"lazy\" \/><\/p>\n<h2>Hist\u00f3rico das Reuni\u00f5es sobre a Duplica\u00e7\u00e3o<\/h2>\n<p>Desde 2021, as reuni\u00f5es entre a administra\u00e7\u00e3o municipal e o governo estadual foram uma constante. Relatos indicam que pelo menos seis encontros ocorreram, com presen\u00e7a de representantes do governo e da mineradora Vale. As conversas inclu\u00edram discuss\u00f5es sobre o aporte financeiro desejado e formas de parceria, sendo que tanto a Vale quanto a Prefeitura se mostraram dispostas a investir recursos significativos no empreendimento. Contudo, apesar dos esfor\u00e7os, o projeto ainda n\u00e3o saiu do papel, evidenciando a complexidade da implementa\u00e7\u00e3o de grandes obras de infraestrutura.<\/p>\n<h2>O Impacto da Infraestrutura em Itabira<\/h2>\n<p>A melhoria e duplica\u00e7\u00e3o das rodovias tiverem um impacto consider\u00e1vel no tr\u00e2nsito local, al\u00e9m de influenciar a seguran\u00e7a e a economia da regi\u00e3o. Rodovias mais largas facilitam o transporte de produtos e servi\u00e7os, podendo elevar a competitividade dos neg\u00f3cios locais. Al\u00e9m disso, a boa infraestrutura vi\u00e1ria \u00e9 um atrativo para novos investimentos, o que poderia beneficiar a economia de Itabira de maneira significativa.<\/p>\n<h2>Posi\u00e7\u00e3o da Mineradora Vale na Discuss\u00e3o<\/h2>\n<p>A Vale se posicionou como um ator importante nessa discuss\u00e3o, oferecendo recursos para a execu\u00e7\u00e3o da obra. Sua disposi\u00e7\u00e3o de investir um ter\u00e7o do valor necess\u00e1rio demonstra o interesse da mineradora em melhorar a infraestrutura local, potencialmente beneficiando suas opera\u00e7\u00f5es e o desenvolvimento da comunidade. No entanto, sua participa\u00e7\u00e3o tamb\u00e9m levanta quest\u00f5es sobre os compromissos da empresa em rela\u00e7\u00e3o aos impactos ambientais e sociais de suas atividades na regi\u00e3o.<\/p>\n<h2>Altera\u00e7\u00f5es de Direcionamento do Governo<\/h2>\n<p>O atual governo estadual, sob a lideran\u00e7a de Sim\u00f5es, tem feito mudan\u00e7as na abordagem de projetos de infraestrutura, ampliando o escopo para incluir mais rodovias do que inicialmente planeado. Essa reavalia\u00e7\u00e3o do plano de obras foi vista pelo prefeito Lage como uma estrat\u00e9gia que gerou incertezas sobre o futuro do projeto de duplica\u00e7\u00e3o espec\u00edfico das rodovias MG-129 e MG-434, que foi deixado de lado em meio a essa reestrutura\u00e7\u00e3o.<\/p>\n<h2>Demandas Antigas para a Duplica\u00e7\u00e3o<\/h2>\n<p>A necessidade de duplicar as rodovias MG-129 e MG-434 n\u00e3o \u00e9 uma nova reivindica\u00e7\u00e3o. Por muitos anos, essa demanda foi apresentada pela popula\u00e7\u00e3o local e considerada uma prioridade por diversos l\u00edderes comunit\u00e1rios. A legisla\u00e7\u00e3o e conv\u00eanios firmados anteriormente com o governo estadual tinham o intuito de atender a essas solicita\u00e7\u00f5es, mas a falta de resultados concretos continua a frustrar as expectativas de melhorias.<\/p>\n<h2>A Import\u00e2ncia da Coopera\u00e7\u00e3o entre os Entes<\/h2>\n<p>A coopera\u00e7\u00e3o entre diferentes n\u00edveis de governo \u00e9 crucial para a realiza\u00e7\u00e3o de projetos como a duplica\u00e7\u00e3o das rodovias. A falta de alinhamento e comunica\u00e7\u00e3o eficaz pode resultar em atrasos significativos e na perda de oportunidades de investimento. Para que projetos desse porte sejam vi\u00e1veis, tanto o governo estadual quanto os munic\u00edpios precisam trabalhar em sinergia, garantindo que as necessidades da infraestrutura local sejam tratadas com a devida prioridade.<\/p>\n<h2>Pr\u00f3ximos Passos para a Viabiliza\u00e7\u00e3o do Projeto<\/h2>\n<p>Os pr\u00f3ximos passos para a realiza\u00e7\u00e3o da duplica\u00e7\u00e3o das rodovias incluem o restabelecimento das comunica\u00e7\u00f5es entre a Prefeitura e o governo estadual. \u00c9 essencial que ambos os lados voltem a dialogar efetivamente sobre a quest\u00e3o e envolvam a Vale de maneira construtiva para garantir que as necessidades e preocupa\u00e7\u00f5es de todos os envolvidos sejam abordadas. A restaura\u00e7\u00e3o da confian\u00e7a nas negocia\u00e7\u00f5es \u00e9 fundamental para retomar o progresso do projeto.<\/p>\n","protected":false},"excerpt":{"rendered":"<p>Prefeito de Itabira defende a\u00e7\u00f5es do governo sobre a duplica\u00e7\u00e3o das rodovias MG-129 e MG-434.<\/p>\n","protected":false},"author":1,"featured_media":5619,"comment_status":"open","ping_status":"open","sticky":false,"template":"","format":"standard","meta":{"footnotes":""},"categories":[5],"tags":[],"class_list":["post-5620","post","type-post","status-publish","format-standard","has-post-thumbnail","hentry","category-noticias","has_thumb"],"yoast_head":"<!-- This site is optimized with the Yoast SEO plugin v28.1 - https:\/\/yoast.com\/product\/yoast-seo-wordpress\/ -->\n<title>Prefeito de Itabira rebate Sim\u00f5es e diz que Governo Estadual tirou o foco da duplica\u00e7\u00e3o das rodovias 129 e 434 | Guia Comercial de Itabira MG<\/title>\n<meta name=\"robots\" content=\"index, follow, max-snippet:-1, max-image-preview:large, max-video-preview:-1\" \/>\n<link rel=\"canonical\" href=\"https:\/\/www.encontraminasgerais.com.br\/itabira\/prefeito-de-itabira-rebate-simoes-e-diz-que-governo-estadual-tirou-o-foco-da-duplicacao-das-rodovias-129-e-434\/\" \/>\n<meta property=\"og:locale\" content=\"pt_BR\" \/>\n<meta property=\"og:type\" content=\"article\" \/>\n<meta property=\"og:title\" content=\"Prefeito de Itabira rebate Sim\u00f5es e diz que Governo Estadual tirou o foco da duplica\u00e7\u00e3o das rodovias 129 e 434 | Guia Comercial de Itabira MG\" \/>\n<meta property=\"og:description\" content=\"Prefeito de Itabira defende a\u00e7\u00f5es do governo sobre a duplica\u00e7\u00e3o das rodovias MG-129 e MG-434.\" \/>\n<meta property=\"og:url\" content=\"https:\/\/www.encontraminasgerais.com.br\/itabira\/prefeito-de-itabira-rebate-simoes-e-diz-que-governo-estadual-tirou-o-foco-da-duplicacao-das-rodovias-129-e-434\/\" \/>\n<meta property=\"og:site_name\" content=\"Guia Comercial de Itabira MG\" \/>\n<meta property=\"article:published_time\" content=\"2026-04-24T09:26:32+00:00\" \/>\n<meta property=\"og:image\" content=\"https:\/\/www.encontraminasgerais.com.br\/itabira\/wp-content\/uploads\/2026\/04\/prefeito-de-itabira-rebate-simoes-e-diz-que-governo-estadual-tirou-o-foco-da-duplicacao-das-rodovias.webp\" \/>\n<meta name=\"author\" content=\"Encontra Itabira\" \/>\n<meta name=\"twitter:card\" content=\"summary_large_image\" \/>\n<meta name=\"twitter:label1\" content=\"Escrito por\" \/>\n\t<meta name=\"twitter:data1\" content=\"Encontra Itabira\" \/>\n\t<meta name=\"twitter:label2\" content=\"Est. tempo de leitura\" \/>\n\t<meta name=\"twitter:data2\" content=\"4 minutos\" \/>\n<script type=\"application\/ld+json\" class=\"yoast-schema-graph\">{\"@context\":\"https:\\\/\\\/schema.org\",\"@graph\":[{\"@type\":\"Article\",\"@id\":\"https:\\\/\\\/www.encontraminasgerais.com.br\\\/itabira\\\/prefeito-de-itabira-rebate-simoes-e-diz-que-governo-estadual-tirou-o-foco-da-duplicacao-das-rodovias-129-e-434\\\/#article\",\"isPartOf\":{\"@id\":\"https:\\\/\\\/www.encontraminasgerais.com.br\\\/itabira\\\/prefeito-de-itabira-rebate-simoes-e-diz-que-governo-estadual-tirou-o-foco-da-duplicacao-das-rodovias-129-e-434\\\/\"},\"author\":{\"name\":\"Encontra Itabira\",\"@id\":\"https:\\\/\\\/www.encontraminasgerais.com.br\\\/itabira\\\/#\\\/schema\\\/person\\\/9ae8a8f5ce59322c92e2499b550870b0\"},\"headline\":\"Prefeito de Itabira rebate Sim\u00f5es e diz que Governo Estadual tirou o foco da duplica\u00e7\u00e3o das rodovias 129 e 434\",\"datePublished\":\"2026-04-24T09:26:32+00:00\",\"mainEntityOfPage\":{\"@id\":\"https:\\\/\\\/www.encontraminasgerais.com.br\\\/itabira\\\/prefeito-de-itabira-rebate-simoes-e-diz-que-governo-estadual-tirou-o-foco-da-duplicacao-das-rodovias-129-e-434\\\/\"},\"wordCount\":897,\"commentCount\":0,\"image\":{\"@id\":\"https:\\\/\\\/www.encontraminasgerais.com.br\\\/itabira\\\/prefeito-de-itabira-rebate-simoes-e-diz-que-governo-estadual-tirou-o-foco-da-duplicacao-das-rodovias-129-e-434\\\/#primaryimage\"},\"thumbnailUrl\":\"https:\\\/\\\/www.encontraminasgerais.com.br\\\/itabira\\\/wp-content\\\/uploads\\\/2026\\\/04\\\/prefeito-de-itabira-rebate-simoes-e-diz-que-governo-estadual-tirou-o-foco-da-duplicacao-das-rodovias.webp\",\"articleSection\":[\"Not\u00edcias Itabira\"],\"inLanguage\":\"pt-BR\",\"potentialAction\":[{\"@type\":\"CommentAction\",\"name\":\"Comment\",\"target\":[\"https:\\\/\\\/www.encontraminasgerais.com.br\\\/itabira\\\/prefeito-de-itabira-rebate-simoes-e-diz-que-governo-estadual-tirou-o-foco-da-duplicacao-das-rodovias-129-e-434\\\/#respond\"]}]},{\"@type\":\"WebPage\",\"@id\":\"https:\\\/\\\/www.encontraminasgerais.com.br\\\/itabira\\\/prefeito-de-itabira-rebate-simoes-e-diz-que-governo-estadual-tirou-o-foco-da-duplicacao-das-rodovias-129-e-434\\\/\",\"url\":\"https:\\\/\\\/www.encontraminasgerais.com.br\\\/itabira\\\/prefeito-de-itabira-rebate-simoes-e-diz-que-governo-estadual-tirou-o-foco-da-duplicacao-das-rodovias-129-e-434\\\/\",\"name\":\"Prefeito de Itabira rebate Sim\u00f5es e diz que Governo Estadual tirou o foco da duplica\u00e7\u00e3o das rodovias 129 e 434 | Guia Comercial de Itabira MG\",\"isPartOf\":{\"@id\":\"https:\\\/\\\/www.encontraminasgerais.com.br\\\/itabira\\\/#website\"},\"primaryImageOfPage\":{\"@id\":\"https:\\\/\\\/www.encontraminasgerais.com.br\\\/itabira\\\/prefeito-de-itabira-rebate-simoes-e-diz-que-governo-estadual-tirou-o-foco-da-duplicacao-das-rodovias-129-e-434\\\/#primaryimage\"},\"image\":{\"@id\":\"https:\\\/\\\/www.encontraminasgerais.com.br\\\/itabira\\\/prefeito-de-itabira-rebate-simoes-e-diz-que-governo-estadual-tirou-o-foco-da-duplicacao-das-rodovias-129-e-434\\\/#primaryimage\"},\"thumbnailUrl\":\"https:\\\/\\\/www.encontraminasgerais.com.br\\\/itabira\\\/wp-content\\\/uploads\\\/2026\\\/04\\\/prefeito-de-itabira-rebate-simoes-e-diz-que-governo-estadual-tirou-o-foco-da-duplicacao-das-rodovias.webp\",\"datePublished\":\"2026-04-24T09:26:32+00:00\",\"author\":{\"@id\":\"https:\\\/\\\/www.encontraminasgerais.com.br\\\/itabira\\\/#\\\/schema\\\/person\\\/9ae8a8f5ce59322c92e2499b550870b0\"},\"inLanguage\":\"pt-BR\",\"potentialAction\":[{\"@type\":\"ReadAction\",\"target\":[\"https:\\\/\\\/www.encontraminasgerais.com.br\\\/itabira\\\/prefeito-de-itabira-rebate-simoes-e-diz-que-governo-estadual-tirou-o-foco-da-duplicacao-das-rodovias-129-e-434\\\/\"]}]},{\"@type\":\"ImageObject\",\"inLanguage\":\"pt-BR\",\"@id\":\"https:\\\/\\\/www.encontraminasgerais.com.br\\\/itabira\\\/prefeito-de-itabira-rebate-simoes-e-diz-que-governo-estadual-tirou-o-foco-da-duplicacao-das-rodovias-129-e-434\\\/#primaryimage\",\"url\":\"https:\\\/\\\/www.encontraminasgerais.com.br\\\/itabira\\\/wp-content\\\/uploads\\\/2026\\\/04\\\/prefeito-de-itabira-rebate-simoes-e-diz-que-governo-estadual-tirou-o-foco-da-duplicacao-das-rodovias.webp\",\"contentUrl\":\"https:\\\/\\\/www.encontraminasgerais.com.br\\\/itabira\\\/wp-content\\\/uploads\\\/2026\\\/04\\\/prefeito-de-itabira-rebate-simoes-e-diz-que-governo-estadual-tirou-o-foco-da-duplicacao-das-rodovias.webp\",\"width\":280,\"height\":280,\"caption\":\"duplica\u00e7\u00e3o das rodovias MG-129 e MG-434\"},{\"@type\":\"WebSite\",\"@id\":\"https:\\\/\\\/www.encontraminasgerais.com.br\\\/itabira\\\/#website\",\"url\":\"https:\\\/\\\/www.encontraminasgerais.com.br\\\/itabira\\\/\",\"name\":\"Guia Comercial de Itabira MG\",\"description\":\"ENCONTRA ITABIRA - O guia comercial de neg\u00f3cios e empresas, cultura e divers\u00e3o na cidade de Itabira. Feito 100% para voc\u00ea morador!\",\"potentialAction\":[{\"@type\":\"SearchAction\",\"target\":{\"@type\":\"EntryPoint\",\"urlTemplate\":\"https:\\\/\\\/www.encontraminasgerais.com.br\\\/itabira\\\/?s={search_term_string}\"},\"query-input\":{\"@type\":\"PropertyValueSpecification\",\"valueRequired\":true,\"valueName\":\"search_term_string\"}}],\"inLanguage\":\"pt-BR\"},{\"@type\":\"Person\",\"@id\":\"https:\\\/\\\/www.encontraminasgerais.com.br\\\/itabira\\\/#\\\/schema\\\/person\\\/9ae8a8f5ce59322c92e2499b550870b0\",\"name\":\"Encontra Itabira\",\"image\":{\"@type\":\"ImageObject\",\"inLanguage\":\"pt-BR\",\"@id\":\"https:\\\/\\\/secure.gravatar.com\\\/avatar\\\/c50c17820bcf322f0a8fd6b110b8c0918141409dc69076470f6fca5fee70a5d4?s=96&d=mm&r=g\",\"url\":\"https:\\\/\\\/secure.gravatar.com\\\/avatar\\\/c50c17820bcf322f0a8fd6b110b8c0918141409dc69076470f6fca5fee70a5d4?s=96&d=mm&r=g\",\"contentUrl\":\"https:\\\/\\\/secure.gravatar.com\\\/avatar\\\/c50c17820bcf322f0a8fd6b110b8c0918141409dc69076470f6fca5fee70a5d4?s=96&d=mm&r=g\",\"caption\":\"Encontra Itabira\"},\"url\":\"https:\\\/\\\/www.encontraminasgerais.com.br\\\/itabira\\\/author\\\/encontraitabira\\\/\"}]}<\/script>\n<!-- \/ Yoast SEO plugin. -->","yoast_head_json":{"title":"Prefeito de Itabira rebate Sim\u00f5es e diz que Governo Estadual tirou o foco da duplica\u00e7\u00e3o das rodovias 129 e 434 | Guia Comercial de Itabira MG","robots":{"index":"index","follow":"follow","max-snippet":"max-snippet:-1","max-image-preview":"max-image-preview:large","max-video-preview":"max-video-preview:-1"},"canonical":"https:\/\/www.encontraminasgerais.com.br\/itabira\/prefeito-de-itabira-rebate-simoes-e-diz-que-governo-estadual-tirou-o-foco-da-duplicacao-das-rodovias-129-e-434\/","og_locale":"pt_BR","og_type":"article","og_title":"Prefeito de Itabira rebate Sim\u00f5es e diz que Governo Estadual tirou o foco da duplica\u00e7\u00e3o das rodovias 129 e 434 | Guia Comercial de Itabira MG","og_description":"Prefeito de Itabira defende a\u00e7\u00f5es do governo sobre a duplica\u00e7\u00e3o das rodovias MG-129 e MG-434.","og_url":"https:\/\/www.encontraminasgerais.com.br\/itabira\/prefeito-de-itabira-rebate-simoes-e-diz-que-governo-estadual-tirou-o-foco-da-duplicacao-das-rodovias-129-e-434\/","og_site_name":"Guia Comercial de Itabira MG","article_published_time":"2026-04-24T09:26:32+00:00","og_image":[{"url":"https:\/\/www.encontraminasgerais.com.br\/itabira\/wp-content\/uploads\/2026\/04\/prefeito-de-itabira-rebate-simoes-e-diz-que-governo-estadual-tirou-o-foco-da-duplicacao-das-rodovias.webp","type":"","width":"","height":""}],"author":"Encontra Itabira","twitter_card":"summary_large_image","twitter_misc":{"Escrito por":"Encontra Itabira","Est. tempo de leitura":"4 minutos"},"schema":{"@context":"https:\/\/schema.org","@graph":[{"@type":"Article","@id":"https:\/\/www.encontraminasgerais.com.br\/itabira\/prefeito-de-itabira-rebate-simoes-e-diz-que-governo-estadual-tirou-o-foco-da-duplicacao-das-rodovias-129-e-434\/#article","isPartOf":{"@id":"https:\/\/www.encontraminasgerais.com.br\/itabira\/prefeito-de-itabira-rebate-simoes-e-diz-que-governo-estadual-tirou-o-foco-da-duplicacao-das-rodovias-129-e-434\/"},"author":{"name":"Encontra Itabira","@id":"https:\/\/www.encontraminasgerais.com.br\/itabira\/#\/schema\/person\/9ae8a8f5ce59322c92e2499b550870b0"},"headline":"Prefeito de Itabira rebate Sim\u00f5es e diz que Governo Estadual tirou o foco da duplica\u00e7\u00e3o das rodovias 129 e 434","datePublished":"2026-04-24T09:26:32+00:00","mainEntityOfPage":{"@id":"https:\/\/www.encontraminasgerais.com.br\/itabira\/prefeito-de-itabira-rebate-simoes-e-diz-que-governo-estadual-tirou-o-foco-da-duplicacao-das-rodovias-129-e-434\/"},"wordCount":897,"commentCount":0,"image":{"@id":"https:\/\/www.encontraminasgerais.com.br\/itabira\/prefeito-de-itabira-rebate-simoes-e-diz-que-governo-estadual-tirou-o-foco-da-duplicacao-das-rodovias-129-e-434\/#primaryimage"},"thumbnailUrl":"https:\/\/www.encontraminasgerais.com.br\/itabira\/wp-content\/uploads\/2026\/04\/prefeito-de-itabira-rebate-simoes-e-diz-que-governo-estadual-tirou-o-foco-da-duplicacao-das-rodovias.webp","articleSection":["Not\u00edcias Itabira"],"inLanguage":"pt-BR","potentialAction":[{"@type":"CommentAction","name":"Comment","target":["https:\/\/www.encontraminasgerais.com.br\/itabira\/prefeito-de-itabira-rebate-simoes-e-diz-que-governo-estadual-tirou-o-foco-da-duplicacao-das-rodovias-129-e-434\/#respond"]}]},{"@type":"WebPage","@id":"https:\/\/www.encontraminasgerais.com.br\/itabira\/prefeito-de-itabira-rebate-simoes-e-diz-que-governo-estadual-tirou-o-foco-da-duplicacao-das-rodovias-129-e-434\/","url":"https:\/\/www.encontraminasgerais.com.br\/itabira\/prefeito-de-itabira-rebate-simoes-e-diz-que-governo-estadual-tirou-o-foco-da-duplicacao-das-rodovias-129-e-434\/","name":"Prefeito de Itabira rebate Sim\u00f5es e diz que Governo Estadual tirou o foco da duplica\u00e7\u00e3o das rodovias 129 e 434 | Guia Comercial de Itabira MG","isPartOf":{"@id":"https:\/\/www.encontraminasgerais.com.br\/itabira\/#website"},"primaryImageOfPage":{"@id":"https:\/\/www.encontraminasgerais.com.br\/itabira\/prefeito-de-itabira-rebate-simoes-e-diz-que-governo-estadual-tirou-o-foco-da-duplicacao-das-rodovias-129-e-434\/#primaryimage"},"image":{"@id":"https:\/\/www.encontraminasgerais.com.br\/itabira\/prefeito-de-itabira-rebate-simoes-e-diz-que-governo-estadual-tirou-o-foco-da-duplicacao-das-rodovias-129-e-434\/#primaryimage"},"thumbnailUrl":"https:\/\/www.encontraminasgerais.com.br\/itabira\/wp-content\/uploads\/2026\/04\/prefeito-de-itabira-rebate-simoes-e-diz-que-governo-estadual-tirou-o-foco-da-duplicacao-das-rodovias.webp","datePublished":"2026-04-24T09:26:32+00:00","author":{"@id":"https:\/\/www.encontraminasgerais.com.br\/itabira\/#\/schema\/person\/9ae8a8f5ce59322c92e2499b550870b0"},"inLanguage":"pt-BR","potentialAction":[{"@type":"ReadAction","target":["https:\/\/www.encontraminasgerais.com.br\/itabira\/prefeito-de-itabira-rebate-simoes-e-diz-que-governo-estadual-tirou-o-foco-da-duplicacao-das-rodovias-129-e-434\/"]}]},{"@type":"ImageObject","inLanguage":"pt-BR","@id":"https:\/\/www.encontraminasgerais.com.br\/itabira\/prefeito-de-itabira-rebate-simoes-e-diz-que-governo-estadual-tirou-o-foco-da-duplicacao-das-rodovias-129-e-434\/#primaryimage","url":"https:\/\/www.encontraminasgerais.com.br\/itabira\/wp-content\/uploads\/2026\/04\/prefeito-de-itabira-rebate-simoes-e-diz-que-governo-estadual-tirou-o-foco-da-duplicacao-das-rodovias.webp","contentUrl":"https:\/\/www.encontraminasgerais.com.br\/itabira\/wp-content\/uploads\/2026\/04\/prefeito-de-itabira-rebate-simoes-e-diz-que-governo-estadual-tirou-o-foco-da-duplicacao-das-rodovias.webp","width":280,"height":280,"caption":"duplica\u00e7\u00e3o das rodovias MG-129 e MG-434"},{"@type":"WebSite","@id":"https:\/\/www.encontraminasgerais.com.br\/itabira\/#website","url":"https:\/\/www.encontraminasgerais.com.br\/itabira\/","name":"Guia Comercial de Itabira MG","description":"ENCONTRA ITABIRA - O guia comercial de neg\u00f3cios e empresas, cultura e divers\u00e3o na cidade de Itabira. Feito 100% para voc\u00ea morador!","potentialAction":[{"@type":"SearchAction","target":{"@type":"EntryPoint","urlTemplate":"https:\/\/www.encontraminasgerais.com.br\/itabira\/?s={search_term_string}"},"query-input":{"@type":"PropertyValueSpecification","valueRequired":true,"valueName":"search_term_string"}}],"inLanguage":"pt-BR"},{"@type":"Person","@id":"https:\/\/www.encontraminasgerais.com.br\/itabira\/#\/schema\/person\/9ae8a8f5ce59322c92e2499b550870b0","name":"Encontra Itabira","image":{"@type":"ImageObject","inLanguage":"pt-BR","@id":"https:\/\/secure.gravatar.com\/avatar\/c50c17820bcf322f0a8fd6b110b8c0918141409dc69076470f6fca5fee70a5d4?s=96&d=mm&r=g","url":"https:\/\/secure.gravatar.com\/avatar\/c50c17820bcf322f0a8fd6b110b8c0918141409dc69076470f6fca5fee70a5d4?s=96&d=mm&r=g","contentUrl":"https:\/\/secure.gravatar.com\/avatar\/c50c17820bcf322f0a8fd6b110b8c0918141409dc69076470f6fca5fee70a5d4?s=96&d=mm&r=g","caption":"Encontra Itabira"},"url":"https:\/\/www.encontraminasgerais.com.br\/itabira\/author\/encontraitabira\/"}]}},"_links":{"self":[{"href":"https:\/\/www.encontraminasgerais.com.br\/itabira\/wp-json\/wp\/v2\/posts\/5620","targetHints":{"allow":["GET"]}}],"collection":[{"href":"https:\/\/www.encontraminasgerais.com.br\/itabira\/wp-json\/wp\/v2\/posts"}],"about":[{"href":"https:\/\/www.encontraminasgerais.com.br\/itabira\/wp-json\/wp\/v2\/types\/post"}],"author":[{"embeddable":true,"href":"https:\/\/www.encontraminasgerais.com.br\/itabira\/wp-json\/wp\/v2\/users\/1"}],"replies":[{"embeddable":true,"href":"https:\/\/www.encontraminasgerais.com.br\/itabira\/wp-json\/wp\/v2\/comments?post=5620"}],"version-history":[{"count":0,"href":"https:\/\/www.encontraminasgerais.com.br\/itabira\/wp-json\/wp\/v2\/posts\/5620\/revisions"}],"wp:featuredmedia":[{"embeddable":true,"href":"https:\/\/www.encontraminasgerais.com.br\/itabira\/wp-json\/wp\/v2\/media\/5619"}],"wp:attachment":[{"href":"https:\/\/www.encontraminasgerais.com.br\/itabira\/wp-json\/wp\/v2\/media?parent=5620"}],"wp:term":[{"taxonomy":"category","embeddable":true,"href":"https:\/\/www.encontraminasgerais.com.br\/itabira\/wp-json\/wp\/v2\/categories?post=5620"},{"taxonomy":"post_tag","embeddable":true,"href":"https:\/\/www.encontraminasgerais.com.br\/itabira\/wp-json\/wp\/v2\/tags?post=5620"}],"curies":[{"name":"wp","href":"https:\/\/api.w.org\/{rel}","templated":true}]}}