{"id":5648,"date":"2026-04-29T06:27:01","date_gmt":"2026-04-29T09:27:01","guid":{"rendered":"https:\/\/www.encontraminasgerais.com.br\/itabira\/ferrugem-guilherme-benuto-e-mc-hariel-confira-a-programacao-da-semana-do-trabalhador-em-itabira\/"},"modified":"2026-04-29T06:27:01","modified_gmt":"2026-04-29T09:27:01","slug":"ferrugem-guilherme-benuto-e-mc-hariel-confira-a-programacao-da-semana-do-trabalhador-em-itabira","status":"publish","type":"post","link":"https:\/\/www.encontraminasgerais.com.br\/itabira\/ferrugem-guilherme-benuto-e-mc-hariel-confira-a-programacao-da-semana-do-trabalhador-em-itabira\/","title":{"rendered":"Ferrugem, Guilherme &#038; Benuto e MC Hariel: Confira a programa\u00e7\u00e3o da Semana do Trabalhador em Itabira"},"content":{"rendered":"<h2>Atra\u00e7\u00f5es Musicais Imperd\u00edveis<\/h2>\n<p>Durante a Semana Municipal do Trabalhador em Itabira, diversas atra\u00e7\u00f5es musicais prometem encantar o p\u00fablico. O evento contar\u00e1 com performances de artistas renomados, proporcionando momentos inesquec\u00edveis para quem frequenta as festividades. Entre os destaques, est\u00e3o o cantor Ferrugem, conhecido por suas letras envolventes e performances energ\u00e9ticas, e a famosa dupla Guilherme &#038; Benuto, que traz sucessos do sertanejo para animar o p\u00fablico. O rapper MC Hariel tamb\u00e9m \u00e9 uma presen\u00e7a confirmada, prometendo agitar a plateia com seu estilo \u00fanico.<\/p>\n<h2>Programa\u00e7\u00e3o Completa da Semana<\/h2>\n<p>A programa\u00e7\u00e3o da Semana do Trabalhador est\u00e1 repleta de atividades e eventos variados que v\u00e3o do esporte ao lazer. Confira o cronograma abordando os principais eventos dia a dia:<\/p>\n<ul>\n<li><strong>Segunda-feira, 27 de abril:<\/strong> Stand-up comedy com F\u00e1bio Rabin, \u00e0s 20h30 na Funda\u00e7\u00e3o Cultural de Itabira.<\/li>\n<li><strong>Ter\u00e7a-feira, 28 de abril:<\/strong> Noite de humor com Victor Sarro, tamb\u00e9m \u00e0s 20h30 na Funda\u00e7\u00e3o Cultural.<\/li>\n<li><strong>Quinta-feira, 30 de abril:<\/strong> Show com Ferrugem, L6, Gustavo Costa e DJ local, com abertura dos port\u00f5es \u00e0s 19h no Parque de Exposi\u00e7\u00f5es.<\/li>\n<li><strong>Sexta-feira, 1 de maio (Dia do Trabalhador):<\/strong> Torneios esportivos pela manh\u00e3, programa\u00e7\u00e3o infantil \u00e0 tarde, e \u00e0 noite, shows de Guilherme &#038; Benuto e MC Hariel, no Parque de Exposi\u00e7\u00f5es.<\/li>\n<li><strong>S\u00e1bado, 2 de maio:<\/strong> Dia do Voluntariado com atividades diversas e show de Diego Gon\u00e7alves no Bairro F\u00eanix.<\/li>\n<\/ul>\n<h2>Solidariedade no Evento<\/h2>\n<p>Al\u00e9m das atra\u00e7\u00f5es, a Semana do Trabalhador tamb\u00e9m se destaca por seu car\u00e1ter solid\u00e1rio. Mesmo com ingresso gratuito para os eventos, cada participante \u00e9 incentivado a trazer doa\u00e7\u00f5es de alimentos n\u00e3o perec\u00edveis. Essa a\u00e7\u00e3o tem como objetivo apoiar institui\u00e7\u00f5es assistenciais locais, promovendo um esp\u00edrito de solidariedade e apoio \u00e0queles que mais precisam. As sugest\u00f5es de doa\u00e7\u00e3o incluem:<\/p>\n<p><img decoding=\"async\" src=\"https:\/\/www.encontraminasgerais.com.br\/itabira\/wp-content\/uploads\/2026\/04\/ferrugem-guilherme-e-benuto-e-mc-hariel-confira-a-programacao-da-semana-do-trabalhador-em-itabira.webp\" alt=\"\" loading=\"lazy\" \/><\/p>\n<ul>\n<li>2 kg de arroz + 2 kg de feij\u00e3o + 1 litro de \u00f3leo = 1 ingresso.<\/li>\n<li>5 kg de arroz + 5 kg de feij\u00e3o + 2 litros de \u00f3leo = 4 ingressos.<\/li>\n<li>10 kg de a\u00e7\u00facar = ingresso para cada dia de stand-up.<\/li>\n<\/ul>\n<h2>Local e Hor\u00e1rios das Atra\u00e7\u00f5es<\/h2>\n<p>Os locais das atividades s\u00e3o bem definidos, facilitando o acesso ao p\u00fablico. A grande maioria dos shows e eventos ocorrer\u00e1 no Parque de Exposi\u00e7\u00f5es e na Funda\u00e7\u00e3o Cultural de Itabira. Os hor\u00e1rios s\u00e3o variados, mas as principais atra\u00e7\u00f5es noturnas come\u00e7am geralmente \u00e0s 20h30, permitindo que todos possam participar ap\u00f3s o expediente ou compromissos diurnos.<\/p>\n<h2>Ingressos e Doa\u00e7\u00f5es<\/h2>\n<p>A troca de ingressos para os shows \u00e9 realizada na sede do Sindicato Metabase e na Metabase Farma, onde as doa\u00e7\u00f5es de alimentos s\u00e3o recolhidas. \u00c9 uma maneira simples de garantir a entrada nos eventos enquanto contribui com uma causa nobre. A expectativa \u00e9 de que a a\u00e7\u00e3o solid\u00e1ria mobilize significativamente a comunidade, unindo pessoas em prol de um objetivo comum, que \u00e9 o bem-estar social.<\/p>\n<h2>Atra\u00e7\u00f5es do Dia do Trabalhador<\/h2>\n<p>No Dia do Trabalhador, as atividades s\u00e3o especialmente voltadas para celebrar os trabalhadores da regi\u00e3o. Al\u00e9m de shows e apresenta\u00e7\u00f5es musicais, haver\u00e1 competi\u00e7\u00f5es esportivas e atividades recreativas, criando um ambiente de celebra\u00e7\u00e3o e uni\u00e3o. As atra\u00e7\u00f5es planejadas para este dia buscam promover bem-estar e divers\u00e3o para todos os cidad\u00e3os de Itabira e arredores.<\/p>\n<h2>Hist\u00f3ria da Semana do Trabalhador<\/h2>\n<p>A Semana do Trabalhador em Itabira \u00e9 um evento tradicional, promovido pelo Sindicato Metabase, que busca reconhecer a import\u00e2ncia do trabalho e da contribui\u00e7\u00e3o dos trabalhadores para o desenvolvimento da sociedade. Ao longo dos anos, a celebra\u00e7\u00e3o evoluiu, integrando elementos culturais, esportivos e sociais, e se consolidou como uma das principais datas do calend\u00e1rio municipal.<\/p>\n<h2>Compromisso com a Acessibilidade<\/h2>\n<p>Um dos grandes diferenciais do evento \u00e9 o seu compromisso com a acessibilidade. Buscando garantir que todos possam participar, as estruturas dos locais dos eventos s\u00e3o adaptadas para receber pessoas com necessidades especiais. Isso demonstra um esfor\u00e7o em tornar a celebra\u00e7\u00e3o inclusiva, permitindo que todos, independentemente de suas condi\u00e7\u00f5es, possam usufruir das atividades e shows.<\/p>\n<h2>O Impacto Social da Celebra\u00e7\u00e3o<\/h2>\n<p>A Semana do Trabalhador n\u00e3o \u00e9 apenas uma festividade, mas tamb\u00e9m um evento que promove o impacto social significativo na comunidade local. A arrecada\u00e7\u00e3o de alimentos e a promo\u00e7\u00e3o do voluntariado s\u00e3o exemplos de como o evento contribui para uma sociedade mais solid\u00e1ria e colaborativa. Al\u00e9m disso, cria uma oportunidade para os trabalhadores se reunirem, trocarem experi\u00eancias e fortalecerem la\u00e7os comunit\u00e1rios.<\/p>\n<h2>Dicas para Aproveitar ao M\u00e1ximo<\/h2>\n<p>Para garantir que voc\u00ea e sua fam\u00edlia aproveitem ao m\u00e1ximo a Semana do Trabalhador, considere as seguintes dicas:<\/p>\n<ul>\n<li><strong>Chegue cedo:<\/strong> Para garantir os melhores lugares nos shows, chegue com anteced\u00eancia.<\/li>\n<li><strong>Leve doa\u00e7\u00f5es:<\/strong> N\u00e3o se esque\u00e7a de trazer os alimentos para garantir sua entrada e ajudar quem precisa.<\/li>\n<li><strong>Use roupas confort\u00e1veis:<\/strong> Como muitas atividades envolvem movimento, escolha um vestu\u00e1rio que permita liberdade de movimento.<\/li>\n<li><strong>Fique atento \u00e0 programa\u00e7\u00e3o:<\/strong> Anote os hor\u00e1rios e locais das atra\u00e7\u00f5es que mais lhe interessam.<\/li>\n<li><strong>Traga a fam\u00edlia:<\/strong> Essa \u00e9 uma \u00f3tima oportunidade para um dia em fam\u00edlia, com atra\u00e7\u00f5es para todas as idades.<\/li>\n<\/ul>\n<p>Com uma programa\u00e7\u00e3o intensa e solid\u00e1ria, a Semana do Trabalhador de Itabira se reafirma como um evento que une divers\u00e3o e responsabilidade social. O compromisso da comunidade com essa celebra\u00e7\u00e3o demonstra n\u00e3o apenas um esp\u00edrito festivo, mas tamb\u00e9m um genu\u00edno desejo de ajudar e apoiar aqueles que est\u00e3o ao nosso redor.<\/p>\n","protected":false},"excerpt":{"rendered":"<p>Saiba tudo sobre a programa\u00e7\u00e3o da Semana do Trabalhador em Itabira! Divers\u00e3o e solidariedade aguardam voc\u00ea!<\/p>\n","protected":false},"author":1,"featured_media":5647,"comment_status":"open","ping_status":"open","sticky":false,"template":"","format":"standard","meta":{"footnotes":""},"categories":[5],"tags":[],"class_list":["post-5648","post","type-post","status-publish","format-standard","has-post-thumbnail","hentry","category-noticias","has_thumb"],"yoast_head":"<!-- This site is optimized with the Yoast SEO plugin v28.1 - https:\/\/yoast.com\/product\/yoast-seo-wordpress\/ -->\n<title>Ferrugem, Guilherme &amp; Benuto e MC Hariel: Confira a programa\u00e7\u00e3o da Semana do Trabalhador em Itabira | Guia Comercial de Itabira MG<\/title>\n<meta name=\"robots\" content=\"index, follow, max-snippet:-1, max-image-preview:large, max-video-preview:-1\" \/>\n<link rel=\"canonical\" href=\"https:\/\/www.encontraminasgerais.com.br\/itabira\/ferrugem-guilherme-benuto-e-mc-hariel-confira-a-programacao-da-semana-do-trabalhador-em-itabira\/\" \/>\n<meta property=\"og:locale\" content=\"pt_BR\" \/>\n<meta property=\"og:type\" content=\"article\" \/>\n<meta property=\"og:title\" content=\"Ferrugem, Guilherme &amp; Benuto e MC Hariel: Confira a programa\u00e7\u00e3o da Semana do Trabalhador em Itabira | Guia Comercial de Itabira MG\" \/>\n<meta property=\"og:description\" content=\"Saiba tudo sobre a programa\u00e7\u00e3o da Semana do Trabalhador em Itabira! Divers\u00e3o e solidariedade aguardam voc\u00ea!\" \/>\n<meta property=\"og:url\" content=\"https:\/\/www.encontraminasgerais.com.br\/itabira\/ferrugem-guilherme-benuto-e-mc-hariel-confira-a-programacao-da-semana-do-trabalhador-em-itabira\/\" \/>\n<meta property=\"og:site_name\" content=\"Guia Comercial de Itabira MG\" \/>\n<meta property=\"article:published_time\" content=\"2026-04-29T09:27:01+00:00\" \/>\n<meta property=\"og:image\" content=\"https:\/\/www.encontraminasgerais.com.br\/itabira\/wp-content\/uploads\/2026\/04\/ferrugem-guilherme-e-benuto-e-mc-hariel-confira-a-programacao-da-semana-do-trabalhador-em-itabira.webp\" \/>\n<meta name=\"author\" content=\"Encontra Itabira\" \/>\n<meta name=\"twitter:card\" content=\"summary_large_image\" \/>\n<meta name=\"twitter:label1\" content=\"Escrito por\" \/>\n\t<meta name=\"twitter:data1\" content=\"Encontra Itabira\" \/>\n\t<meta name=\"twitter:label2\" content=\"Est. tempo de leitura\" \/>\n\t<meta name=\"twitter:data2\" content=\"5 minutos\" \/>\n<script type=\"application\/ld+json\" class=\"yoast-schema-graph\">{\"@context\":\"https:\\\/\\\/schema.org\",\"@graph\":[{\"@type\":\"Article\",\"@id\":\"https:\\\/\\\/www.encontraminasgerais.com.br\\\/itabira\\\/ferrugem-guilherme-benuto-e-mc-hariel-confira-a-programacao-da-semana-do-trabalhador-em-itabira\\\/#article\",\"isPartOf\":{\"@id\":\"https:\\\/\\\/www.encontraminasgerais.com.br\\\/itabira\\\/ferrugem-guilherme-benuto-e-mc-hariel-confira-a-programacao-da-semana-do-trabalhador-em-itabira\\\/\"},\"author\":{\"name\":\"Encontra Itabira\",\"@id\":\"https:\\\/\\\/www.encontraminasgerais.com.br\\\/itabira\\\/#\\\/schema\\\/person\\\/9ae8a8f5ce59322c92e2499b550870b0\"},\"headline\":\"Ferrugem, Guilherme &#038; Benuto e MC Hariel: Confira a programa\u00e7\u00e3o da Semana do Trabalhador em Itabira\",\"datePublished\":\"2026-04-29T09:27:01+00:00\",\"mainEntityOfPage\":{\"@id\":\"https:\\\/\\\/www.encontraminasgerais.com.br\\\/itabira\\\/ferrugem-guilherme-benuto-e-mc-hariel-confira-a-programacao-da-semana-do-trabalhador-em-itabira\\\/\"},\"wordCount\":939,\"commentCount\":0,\"image\":{\"@id\":\"https:\\\/\\\/www.encontraminasgerais.com.br\\\/itabira\\\/ferrugem-guilherme-benuto-e-mc-hariel-confira-a-programacao-da-semana-do-trabalhador-em-itabira\\\/#primaryimage\"},\"thumbnailUrl\":\"https:\\\/\\\/www.encontraminasgerais.com.br\\\/itabira\\\/wp-content\\\/uploads\\\/2026\\\/04\\\/ferrugem-guilherme-e-benuto-e-mc-hariel-confira-a-programacao-da-semana-do-trabalhador-em-itabira.webp\",\"articleSection\":[\"Not\u00edcias Itabira\"],\"inLanguage\":\"pt-BR\",\"potentialAction\":[{\"@type\":\"CommentAction\",\"name\":\"Comment\",\"target\":[\"https:\\\/\\\/www.encontraminasgerais.com.br\\\/itabira\\\/ferrugem-guilherme-benuto-e-mc-hariel-confira-a-programacao-da-semana-do-trabalhador-em-itabira\\\/#respond\"]}]},{\"@type\":\"WebPage\",\"@id\":\"https:\\\/\\\/www.encontraminasgerais.com.br\\\/itabira\\\/ferrugem-guilherme-benuto-e-mc-hariel-confira-a-programacao-da-semana-do-trabalhador-em-itabira\\\/\",\"url\":\"https:\\\/\\\/www.encontraminasgerais.com.br\\\/itabira\\\/ferrugem-guilherme-benuto-e-mc-hariel-confira-a-programacao-da-semana-do-trabalhador-em-itabira\\\/\",\"name\":\"Ferrugem, Guilherme & Benuto e MC Hariel: Confira a programa\u00e7\u00e3o da Semana do Trabalhador em Itabira | Guia Comercial de Itabira MG\",\"isPartOf\":{\"@id\":\"https:\\\/\\\/www.encontraminasgerais.com.br\\\/itabira\\\/#website\"},\"primaryImageOfPage\":{\"@id\":\"https:\\\/\\\/www.encontraminasgerais.com.br\\\/itabira\\\/ferrugem-guilherme-benuto-e-mc-hariel-confira-a-programacao-da-semana-do-trabalhador-em-itabira\\\/#primaryimage\"},\"image\":{\"@id\":\"https:\\\/\\\/www.encontraminasgerais.com.br\\\/itabira\\\/ferrugem-guilherme-benuto-e-mc-hariel-confira-a-programacao-da-semana-do-trabalhador-em-itabira\\\/#primaryimage\"},\"thumbnailUrl\":\"https:\\\/\\\/www.encontraminasgerais.com.br\\\/itabira\\\/wp-content\\\/uploads\\\/2026\\\/04\\\/ferrugem-guilherme-e-benuto-e-mc-hariel-confira-a-programacao-da-semana-do-trabalhador-em-itabira.webp\",\"datePublished\":\"2026-04-29T09:27:01+00:00\",\"author\":{\"@id\":\"https:\\\/\\\/www.encontraminasgerais.com.br\\\/itabira\\\/#\\\/schema\\\/person\\\/9ae8a8f5ce59322c92e2499b550870b0\"},\"inLanguage\":\"pt-BR\",\"potentialAction\":[{\"@type\":\"ReadAction\",\"target\":[\"https:\\\/\\\/www.encontraminasgerais.com.br\\\/itabira\\\/ferrugem-guilherme-benuto-e-mc-hariel-confira-a-programacao-da-semana-do-trabalhador-em-itabira\\\/\"]}]},{\"@type\":\"ImageObject\",\"inLanguage\":\"pt-BR\",\"@id\":\"https:\\\/\\\/www.encontraminasgerais.com.br\\\/itabira\\\/ferrugem-guilherme-benuto-e-mc-hariel-confira-a-programacao-da-semana-do-trabalhador-em-itabira\\\/#primaryimage\",\"url\":\"https:\\\/\\\/www.encontraminasgerais.com.br\\\/itabira\\\/wp-content\\\/uploads\\\/2026\\\/04\\\/ferrugem-guilherme-e-benuto-e-mc-hariel-confira-a-programacao-da-semana-do-trabalhador-em-itabira.webp\",\"contentUrl\":\"https:\\\/\\\/www.encontraminasgerais.com.br\\\/itabira\\\/wp-content\\\/uploads\\\/2026\\\/04\\\/ferrugem-guilherme-e-benuto-e-mc-hariel-confira-a-programacao-da-semana-do-trabalhador-em-itabira.webp\",\"width\":280,\"height\":280},{\"@type\":\"WebSite\",\"@id\":\"https:\\\/\\\/www.encontraminasgerais.com.br\\\/itabira\\\/#website\",\"url\":\"https:\\\/\\\/www.encontraminasgerais.com.br\\\/itabira\\\/\",\"name\":\"Guia Comercial de Itabira MG\",\"description\":\"ENCONTRA ITABIRA - O guia comercial de neg\u00f3cios e empresas, cultura e divers\u00e3o na cidade de Itabira. Feito 100% para voc\u00ea morador!\",\"potentialAction\":[{\"@type\":\"SearchAction\",\"target\":{\"@type\":\"EntryPoint\",\"urlTemplate\":\"https:\\\/\\\/www.encontraminasgerais.com.br\\\/itabira\\\/?s={search_term_string}\"},\"query-input\":{\"@type\":\"PropertyValueSpecification\",\"valueRequired\":true,\"valueName\":\"search_term_string\"}}],\"inLanguage\":\"pt-BR\"},{\"@type\":\"Person\",\"@id\":\"https:\\\/\\\/www.encontraminasgerais.com.br\\\/itabira\\\/#\\\/schema\\\/person\\\/9ae8a8f5ce59322c92e2499b550870b0\",\"name\":\"Encontra Itabira\",\"image\":{\"@type\":\"ImageObject\",\"inLanguage\":\"pt-BR\",\"@id\":\"https:\\\/\\\/secure.gravatar.com\\\/avatar\\\/c50c17820bcf322f0a8fd6b110b8c0918141409dc69076470f6fca5fee70a5d4?s=96&d=mm&r=g\",\"url\":\"https:\\\/\\\/secure.gravatar.com\\\/avatar\\\/c50c17820bcf322f0a8fd6b110b8c0918141409dc69076470f6fca5fee70a5d4?s=96&d=mm&r=g\",\"contentUrl\":\"https:\\\/\\\/secure.gravatar.com\\\/avatar\\\/c50c17820bcf322f0a8fd6b110b8c0918141409dc69076470f6fca5fee70a5d4?s=96&d=mm&r=g\",\"caption\":\"Encontra Itabira\"},\"url\":\"https:\\\/\\\/www.encontraminasgerais.com.br\\\/itabira\\\/author\\\/encontraitabira\\\/\"}]}<\/script>\n<!-- \/ Yoast SEO plugin. -->","yoast_head_json":{"title":"Ferrugem, Guilherme & Benuto e MC Hariel: Confira a programa\u00e7\u00e3o da Semana do Trabalhador em Itabira | Guia Comercial de Itabira MG","robots":{"index":"index","follow":"follow","max-snippet":"max-snippet:-1","max-image-preview":"max-image-preview:large","max-video-preview":"max-video-preview:-1"},"canonical":"https:\/\/www.encontraminasgerais.com.br\/itabira\/ferrugem-guilherme-benuto-e-mc-hariel-confira-a-programacao-da-semana-do-trabalhador-em-itabira\/","og_locale":"pt_BR","og_type":"article","og_title":"Ferrugem, Guilherme & Benuto e MC Hariel: Confira a programa\u00e7\u00e3o da Semana do Trabalhador em Itabira | Guia Comercial de Itabira MG","og_description":"Saiba tudo sobre a programa\u00e7\u00e3o da Semana do Trabalhador em Itabira! Divers\u00e3o e solidariedade aguardam voc\u00ea!","og_url":"https:\/\/www.encontraminasgerais.com.br\/itabira\/ferrugem-guilherme-benuto-e-mc-hariel-confira-a-programacao-da-semana-do-trabalhador-em-itabira\/","og_site_name":"Guia Comercial de Itabira MG","article_published_time":"2026-04-29T09:27:01+00:00","og_image":[{"url":"https:\/\/www.encontraminasgerais.com.br\/itabira\/wp-content\/uploads\/2026\/04\/ferrugem-guilherme-e-benuto-e-mc-hariel-confira-a-programacao-da-semana-do-trabalhador-em-itabira.webp","type":"","width":"","height":""}],"author":"Encontra Itabira","twitter_card":"summary_large_image","twitter_misc":{"Escrito por":"Encontra Itabira","Est. tempo de leitura":"5 minutos"},"schema":{"@context":"https:\/\/schema.org","@graph":[{"@type":"Article","@id":"https:\/\/www.encontraminasgerais.com.br\/itabira\/ferrugem-guilherme-benuto-e-mc-hariel-confira-a-programacao-da-semana-do-trabalhador-em-itabira\/#article","isPartOf":{"@id":"https:\/\/www.encontraminasgerais.com.br\/itabira\/ferrugem-guilherme-benuto-e-mc-hariel-confira-a-programacao-da-semana-do-trabalhador-em-itabira\/"},"author":{"name":"Encontra Itabira","@id":"https:\/\/www.encontraminasgerais.com.br\/itabira\/#\/schema\/person\/9ae8a8f5ce59322c92e2499b550870b0"},"headline":"Ferrugem, Guilherme &#038; Benuto e MC Hariel: Confira a programa\u00e7\u00e3o da Semana do Trabalhador em Itabira","datePublished":"2026-04-29T09:27:01+00:00","mainEntityOfPage":{"@id":"https:\/\/www.encontraminasgerais.com.br\/itabira\/ferrugem-guilherme-benuto-e-mc-hariel-confira-a-programacao-da-semana-do-trabalhador-em-itabira\/"},"wordCount":939,"commentCount":0,"image":{"@id":"https:\/\/www.encontraminasgerais.com.br\/itabira\/ferrugem-guilherme-benuto-e-mc-hariel-confira-a-programacao-da-semana-do-trabalhador-em-itabira\/#primaryimage"},"thumbnailUrl":"https:\/\/www.encontraminasgerais.com.br\/itabira\/wp-content\/uploads\/2026\/04\/ferrugem-guilherme-e-benuto-e-mc-hariel-confira-a-programacao-da-semana-do-trabalhador-em-itabira.webp","articleSection":["Not\u00edcias Itabira"],"inLanguage":"pt-BR","potentialAction":[{"@type":"CommentAction","name":"Comment","target":["https:\/\/www.encontraminasgerais.com.br\/itabira\/ferrugem-guilherme-benuto-e-mc-hariel-confira-a-programacao-da-semana-do-trabalhador-em-itabira\/#respond"]}]},{"@type":"WebPage","@id":"https:\/\/www.encontraminasgerais.com.br\/itabira\/ferrugem-guilherme-benuto-e-mc-hariel-confira-a-programacao-da-semana-do-trabalhador-em-itabira\/","url":"https:\/\/www.encontraminasgerais.com.br\/itabira\/ferrugem-guilherme-benuto-e-mc-hariel-confira-a-programacao-da-semana-do-trabalhador-em-itabira\/","name":"Ferrugem, Guilherme & Benuto e MC Hariel: Confira a programa\u00e7\u00e3o da Semana do Trabalhador em Itabira | Guia Comercial de Itabira MG","isPartOf":{"@id":"https:\/\/www.encontraminasgerais.com.br\/itabira\/#website"},"primaryImageOfPage":{"@id":"https:\/\/www.encontraminasgerais.com.br\/itabira\/ferrugem-guilherme-benuto-e-mc-hariel-confira-a-programacao-da-semana-do-trabalhador-em-itabira\/#primaryimage"},"image":{"@id":"https:\/\/www.encontraminasgerais.com.br\/itabira\/ferrugem-guilherme-benuto-e-mc-hariel-confira-a-programacao-da-semana-do-trabalhador-em-itabira\/#primaryimage"},"thumbnailUrl":"https:\/\/www.encontraminasgerais.com.br\/itabira\/wp-content\/uploads\/2026\/04\/ferrugem-guilherme-e-benuto-e-mc-hariel-confira-a-programacao-da-semana-do-trabalhador-em-itabira.webp","datePublished":"2026-04-29T09:27:01+00:00","author":{"@id":"https:\/\/www.encontraminasgerais.com.br\/itabira\/#\/schema\/person\/9ae8a8f5ce59322c92e2499b550870b0"},"inLanguage":"pt-BR","potentialAction":[{"@type":"ReadAction","target":["https:\/\/www.encontraminasgerais.com.br\/itabira\/ferrugem-guilherme-benuto-e-mc-hariel-confira-a-programacao-da-semana-do-trabalhador-em-itabira\/"]}]},{"@type":"ImageObject","inLanguage":"pt-BR","@id":"https:\/\/www.encontraminasgerais.com.br\/itabira\/ferrugem-guilherme-benuto-e-mc-hariel-confira-a-programacao-da-semana-do-trabalhador-em-itabira\/#primaryimage","url":"https:\/\/www.encontraminasgerais.com.br\/itabira\/wp-content\/uploads\/2026\/04\/ferrugem-guilherme-e-benuto-e-mc-hariel-confira-a-programacao-da-semana-do-trabalhador-em-itabira.webp","contentUrl":"https:\/\/www.encontraminasgerais.com.br\/itabira\/wp-content\/uploads\/2026\/04\/ferrugem-guilherme-e-benuto-e-mc-hariel-confira-a-programacao-da-semana-do-trabalhador-em-itabira.webp","width":280,"height":280},{"@type":"WebSite","@id":"https:\/\/www.encontraminasgerais.com.br\/itabira\/#website","url":"https:\/\/www.encontraminasgerais.com.br\/itabira\/","name":"Guia Comercial de Itabira MG","description":"ENCONTRA ITABIRA - O guia comercial de neg\u00f3cios e empresas, cultura e divers\u00e3o na cidade de Itabira. Feito 100% para voc\u00ea morador!","potentialAction":[{"@type":"SearchAction","target":{"@type":"EntryPoint","urlTemplate":"https:\/\/www.encontraminasgerais.com.br\/itabira\/?s={search_term_string}"},"query-input":{"@type":"PropertyValueSpecification","valueRequired":true,"valueName":"search_term_string"}}],"inLanguage":"pt-BR"},{"@type":"Person","@id":"https:\/\/www.encontraminasgerais.com.br\/itabira\/#\/schema\/person\/9ae8a8f5ce59322c92e2499b550870b0","name":"Encontra Itabira","image":{"@type":"ImageObject","inLanguage":"pt-BR","@id":"https:\/\/secure.gravatar.com\/avatar\/c50c17820bcf322f0a8fd6b110b8c0918141409dc69076470f6fca5fee70a5d4?s=96&d=mm&r=g","url":"https:\/\/secure.gravatar.com\/avatar\/c50c17820bcf322f0a8fd6b110b8c0918141409dc69076470f6fca5fee70a5d4?s=96&d=mm&r=g","contentUrl":"https:\/\/secure.gravatar.com\/avatar\/c50c17820bcf322f0a8fd6b110b8c0918141409dc69076470f6fca5fee70a5d4?s=96&d=mm&r=g","caption":"Encontra Itabira"},"url":"https:\/\/www.encontraminasgerais.com.br\/itabira\/author\/encontraitabira\/"}]}},"_links":{"self":[{"href":"https:\/\/www.encontraminasgerais.com.br\/itabira\/wp-json\/wp\/v2\/posts\/5648","targetHints":{"allow":["GET"]}}],"collection":[{"href":"https:\/\/www.encontraminasgerais.com.br\/itabira\/wp-json\/wp\/v2\/posts"}],"about":[{"href":"https:\/\/www.encontraminasgerais.com.br\/itabira\/wp-json\/wp\/v2\/types\/post"}],"author":[{"embeddable":true,"href":"https:\/\/www.encontraminasgerais.com.br\/itabira\/wp-json\/wp\/v2\/users\/1"}],"replies":[{"embeddable":true,"href":"https:\/\/www.encontraminasgerais.com.br\/itabira\/wp-json\/wp\/v2\/comments?post=5648"}],"version-history":[{"count":0,"href":"https:\/\/www.encontraminasgerais.com.br\/itabira\/wp-json\/wp\/v2\/posts\/5648\/revisions"}],"wp:featuredmedia":[{"embeddable":true,"href":"https:\/\/www.encontraminasgerais.com.br\/itabira\/wp-json\/wp\/v2\/media\/5647"}],"wp:attachment":[{"href":"https:\/\/www.encontraminasgerais.com.br\/itabira\/wp-json\/wp\/v2\/media?parent=5648"}],"wp:term":[{"taxonomy":"category","embeddable":true,"href":"https:\/\/www.encontraminasgerais.com.br\/itabira\/wp-json\/wp\/v2\/categories?post=5648"},{"taxonomy":"post_tag","embeddable":true,"href":"https:\/\/www.encontraminasgerais.com.br\/itabira\/wp-json\/wp\/v2\/tags?post=5648"}],"curies":[{"name":"wp","href":"https:\/\/api.w.org\/{rel}","templated":true}]}}