{"id":5664,"date":"2026-05-01T06:30:18","date_gmt":"2026-05-01T09:30:18","guid":{"rendered":"https:\/\/www.encontraminasgerais.com.br\/itabira\/sao-goncalo-carreta-carregada-com-eucaliptos-tomba-na-mg\/"},"modified":"2026-05-01T06:30:18","modified_gmt":"2026-05-01T09:30:18","slug":"sao-goncalo-carreta-carregada-com-eucaliptos-tomba-na-mg","status":"publish","type":"post","link":"https:\/\/www.encontraminasgerais.com.br\/itabira\/sao-goncalo-carreta-carregada-com-eucaliptos-tomba-na-mg\/","title":{"rendered":"S\u00e3o Gon\u00e7alo: carreta carregada com eucaliptos tomba na MG"},"content":{"rendered":"<h2>O Acidente e Suas Causas<\/h2>\n<p>Na tarde de ontem, especificamente no dia 28, por volta das 15h50, ocorreu um incidente envolvendo uma carreta que transportava eucaliptos na rodovia MG-129, nas imedia\u00e7\u00f5es de S\u00e3o Gon\u00e7alo do Rio Abaixo. Relatos indicam que o motorista do ve\u00edculo afirmou que a carga puxou de forma inesperada, resultando no tombamento da carreta ao tentar fazer uma curva. Esse movimento fez com que o ve\u00edculo invadisse a faixa destinada ao sentido contr\u00e1rio da estrada.<\/p>\n<h2>Impacto no Tr\u00e2nsito<\/h2>\n<p>O tombamento da carreta gerou um impacto imediato no fluxo de ve\u00edculos na MG-129. O tr\u00e1fego na regi\u00e3o ficou comprometido, com os motoristas se vendo for\u00e7ados a reduzir a velocidade. Mesmo assim, as autoridades locais relataram que o tr\u00e1fego continuou a fluir, mas em meia pista, proporcionando um certo n\u00edvel de continuidade nas viagens, embora com alguns obst\u00e1culos naturais.<\/p>\n<h2>O Que Aconteceu Ap\u00f3s o Tombamento?<\/h2>\n<p>Ap\u00f3s o acidente, as primeiras medidas tomaram conta do local. Apesar da situa\u00e7\u00e3o tensa, o motorista declarou estar sentido dor no bra\u00e7o esquerdo; no entanto, ele optou por n\u00e3o acionar os servi\u00e7os de emerg\u00eancia. Em conversas com as autoridades presentes, foi indicado que n\u00e3o houve o registro formal do incidente atrav\u00e9s dos meios tradicionais, mas a ocorr\u00eancia pode ter sido documentada virtualmente, o que evidencia uma nova abordagem em situa\u00e7\u00f5es como essa.<\/p>\n<p><img decoding=\"async\" src=\"https:\/\/www.encontraminasgerais.com.br\/itabira\/wp-content\/uploads\/2026\/05\/sao-goncalo-carreta-carregada-com-eucaliptos-tomba-na-mg.webp\" alt=\"tombamento de carreta na MG-129\" loading=\"lazy\" \/><\/p>\n<h2>Cord\u00e3o de Seguran\u00e7a na MG-129<\/h2>\n<p>Em virtude do acidente, as autoridades de tr\u00e2nsito instalaram um cord\u00e3o de seguran\u00e7a ao longo da MG-129 para proteger os motoristas que passavam pela \u00e1rea. Essa medida minuciosa visa garantir a seguran\u00e7a de todos os usu\u00e1rios da rodovia e evitar novos acidentes enquanto a situa\u00e7\u00e3o da carreta e da carga era resolvida.<\/p>\n<h2>Motorista e Sua Decis\u00e3o<\/h2>\n<p>A decis\u00e3o do motorista em n\u00e3o solicitar assist\u00eancia m\u00e9dica imediata levantou algumas quest\u00f5es. Embora estivesse sentindo dor, ele pode ter optado por acreditar que o desconforto era manej\u00e1vel. Essa situa\u00e7\u00e3o salienta a import\u00e2ncia de priorizar o bem-estar e a sa\u00fade de motoristas, especialmente ap\u00f3s um incidente t\u00e3o significativo, onde as consequ\u00eancias podem ser mais s\u00e9rias do que aparentam.<\/p>\n<h2>Como Evitar Acidentes Semelhantes<\/h2>\n<p>A preven\u00e7\u00e3o de acidentes como o que ocorreu na MG-129 \u00e9 essencial. Aqui est\u00e3o algumas sugest\u00f5es:<\/p>\n<ul>\n<li><strong>Treinamento de Motoristas:<\/strong> Investir em programas de forma\u00e7\u00e3o para motoristas sobre manuseio adequado de cargas e resposta a situa\u00e7\u00f5es adversas.<\/li>\n<li><strong>Revis\u00f5es Regulares do Ve\u00edculo:<\/strong> Garantir que todos os ve\u00edculos estejam em perfeito estado de funcionamento, incluindo freios e pneus adequados para a carga.<\/li>\n<li><strong>Planejamento de Rotas:<\/strong> Planejar a rota considerando as condi\u00e7\u00f5es das estradas e os limites de peso das cargas.<\/li>\n<\/ul>\n<h2>Repercuss\u00e3o nas Redes Sociais<\/h2>\n<p>O acidente rapidamente se tornou um t\u00f3pico relevante nas redes sociais, onde internautas compartilharam detalhes e imagens do incidente. Enquanto alguns usu\u00e1rios expressaram preocupa\u00e7\u00e3o pela seguran\u00e7a do motorista, outros discutiram a possibilidade de melhorias na sinaliza\u00e7\u00e3o da rodovia, alertando sobre trechos mais perigosos que poderiam ser altos \u00edndices de acidentes.<\/p>\n<h2>Esperando o Transbordo da Carga<\/h2>\n<p>Na manh\u00e3 seguinte, em 29 de fevereiro, a carreta ainda permanecia na MG-129. A situa\u00e7\u00e3o exigiu a organiza\u00e7\u00e3o do transbordo da carga abarrotada de eucaliptos para que, em seguida, o ve\u00edculo pudesse ser destombado. A espera estava, sem d\u00favida, impactando o tr\u00e1fego na regi\u00e3o, demandando aten\u00e7\u00e3o e cuidado durante todo o processo.<\/p>\n<h2>Sugest\u00f5es para Motoristas em Curvas<\/h2>\n<p>Ao abordar curvas em estradas, motoristas devem ter em mente algumas pr\u00e1ticas para garantir a seguran\u00e7a:<\/p>\n<ul>\n<li><strong>Reduzir a Velocidade:<\/strong> Diminua a velocidade antes de entrar em uma curva, especialmente se a carga for pesada.<\/li>\n<li><strong>Observa\u00e7\u00e3o do Espa\u00e7o:<\/strong> Sempre esteja ciente do espa\u00e7o dispon\u00edvel na faixa e no lado oposto da estrada.<\/li>\n<li><strong>Manter Dist\u00e2ncia:<\/strong> Deixe espa\u00e7o suficiente entre o seu ve\u00edculo e outros, para garantir que h\u00e1 tempo de rea\u00e7\u00e3o em situa\u00e7\u00f5es inesperadas.<\/li>\n<\/ul>\n<h2>FAQ sobre o Tombamento na MG-129<\/h2>\n<p>Para esclarecer pontos sobre o incidente, segue uma se\u00e7\u00e3o de perguntas frequentes:<\/p>\n<ul>\n<li><strong>Quais foram as causas do tombamento?<\/strong> O motorista relatou que a carga puxou, causando a perda de controle na curva.<\/li>\n<li><strong>Houve v\u00edtimas no acidente?<\/strong> O motorista teve desconforto, mas n\u00e3o foram registradas v\u00edtimas graves.<\/li>\n<li><strong>O tr\u00e1fego na MG-129 ainda est\u00e1 normal?<\/strong> O tr\u00e2nsito est\u00e1 operando em meia pista, mas os motoristas devem ter cautela ao passar pela \u00e1rea do acidente.<\/li>\n<\/ul>\n","protected":false},"excerpt":{"rendered":"<p>S\u00e3o Gon\u00e7alo: carreta carregada com eucaliptos tombou e afetou o tr\u00e2nsito.<\/p>\n","protected":false},"author":1,"featured_media":5663,"comment_status":"open","ping_status":"open","sticky":false,"template":"","format":"standard","meta":{"footnotes":""},"categories":[5],"tags":[],"class_list":["post-5664","post","type-post","status-publish","format-standard","has-post-thumbnail","hentry","category-noticias","has_thumb"],"yoast_head":"<!-- This site is optimized with the Yoast SEO plugin v28.1 - https:\/\/yoast.com\/product\/yoast-seo-wordpress\/ -->\n<title>S\u00e3o Gon\u00e7alo: carreta carregada com eucaliptos tomba na MG | Guia Comercial de Itabira MG<\/title>\n<meta name=\"robots\" content=\"index, follow, max-snippet:-1, max-image-preview:large, max-video-preview:-1\" \/>\n<link rel=\"canonical\" href=\"https:\/\/www.encontraminasgerais.com.br\/itabira\/sao-goncalo-carreta-carregada-com-eucaliptos-tomba-na-mg\/\" \/>\n<meta property=\"og:locale\" content=\"pt_BR\" \/>\n<meta property=\"og:type\" content=\"article\" \/>\n<meta property=\"og:title\" content=\"S\u00e3o Gon\u00e7alo: carreta carregada com eucaliptos tomba na MG | Guia Comercial de Itabira MG\" \/>\n<meta property=\"og:description\" content=\"S\u00e3o Gon\u00e7alo: carreta carregada com eucaliptos tombou e afetou o tr\u00e2nsito.\" \/>\n<meta property=\"og:url\" content=\"https:\/\/www.encontraminasgerais.com.br\/itabira\/sao-goncalo-carreta-carregada-com-eucaliptos-tomba-na-mg\/\" \/>\n<meta property=\"og:site_name\" content=\"Guia Comercial de Itabira MG\" \/>\n<meta property=\"article:published_time\" content=\"2026-05-01T09:30:18+00:00\" \/>\n<meta property=\"og:image\" content=\"https:\/\/www.encontraminasgerais.com.br\/itabira\/wp-content\/uploads\/2026\/05\/sao-goncalo-carreta-carregada-com-eucaliptos-tomba-na-mg.webp\" \/>\n<meta name=\"author\" content=\"Encontra Itabira\" \/>\n<meta name=\"twitter:card\" content=\"summary_large_image\" \/>\n<meta name=\"twitter:label1\" content=\"Escrito por\" \/>\n\t<meta name=\"twitter:data1\" content=\"Encontra Itabira\" \/>\n\t<meta name=\"twitter:label2\" content=\"Est. tempo de leitura\" \/>\n\t<meta name=\"twitter:data2\" content=\"4 minutos\" \/>\n<script type=\"application\/ld+json\" class=\"yoast-schema-graph\">{\"@context\":\"https:\\\/\\\/schema.org\",\"@graph\":[{\"@type\":\"Article\",\"@id\":\"https:\\\/\\\/www.encontraminasgerais.com.br\\\/itabira\\\/sao-goncalo-carreta-carregada-com-eucaliptos-tomba-na-mg\\\/#article\",\"isPartOf\":{\"@id\":\"https:\\\/\\\/www.encontraminasgerais.com.br\\\/itabira\\\/sao-goncalo-carreta-carregada-com-eucaliptos-tomba-na-mg\\\/\"},\"author\":{\"name\":\"Encontra Itabira\",\"@id\":\"https:\\\/\\\/www.encontraminasgerais.com.br\\\/itabira\\\/#\\\/schema\\\/person\\\/9ae8a8f5ce59322c92e2499b550870b0\"},\"headline\":\"S\u00e3o Gon\u00e7alo: carreta carregada com eucaliptos tomba na MG\",\"datePublished\":\"2026-05-01T09:30:18+00:00\",\"mainEntityOfPage\":{\"@id\":\"https:\\\/\\\/www.encontraminasgerais.com.br\\\/itabira\\\/sao-goncalo-carreta-carregada-com-eucaliptos-tomba-na-mg\\\/\"},\"wordCount\":779,\"commentCount\":0,\"image\":{\"@id\":\"https:\\\/\\\/www.encontraminasgerais.com.br\\\/itabira\\\/sao-goncalo-carreta-carregada-com-eucaliptos-tomba-na-mg\\\/#primaryimage\"},\"thumbnailUrl\":\"https:\\\/\\\/www.encontraminasgerais.com.br\\\/itabira\\\/wp-content\\\/uploads\\\/2026\\\/05\\\/sao-goncalo-carreta-carregada-com-eucaliptos-tomba-na-mg.webp\",\"articleSection\":[\"Not\u00edcias Itabira\"],\"inLanguage\":\"pt-BR\",\"potentialAction\":[{\"@type\":\"CommentAction\",\"name\":\"Comment\",\"target\":[\"https:\\\/\\\/www.encontraminasgerais.com.br\\\/itabira\\\/sao-goncalo-carreta-carregada-com-eucaliptos-tomba-na-mg\\\/#respond\"]}]},{\"@type\":\"WebPage\",\"@id\":\"https:\\\/\\\/www.encontraminasgerais.com.br\\\/itabira\\\/sao-goncalo-carreta-carregada-com-eucaliptos-tomba-na-mg\\\/\",\"url\":\"https:\\\/\\\/www.encontraminasgerais.com.br\\\/itabira\\\/sao-goncalo-carreta-carregada-com-eucaliptos-tomba-na-mg\\\/\",\"name\":\"S\u00e3o Gon\u00e7alo: carreta carregada com eucaliptos tomba na MG | Guia Comercial de Itabira MG\",\"isPartOf\":{\"@id\":\"https:\\\/\\\/www.encontraminasgerais.com.br\\\/itabira\\\/#website\"},\"primaryImageOfPage\":{\"@id\":\"https:\\\/\\\/www.encontraminasgerais.com.br\\\/itabira\\\/sao-goncalo-carreta-carregada-com-eucaliptos-tomba-na-mg\\\/#primaryimage\"},\"image\":{\"@id\":\"https:\\\/\\\/www.encontraminasgerais.com.br\\\/itabira\\\/sao-goncalo-carreta-carregada-com-eucaliptos-tomba-na-mg\\\/#primaryimage\"},\"thumbnailUrl\":\"https:\\\/\\\/www.encontraminasgerais.com.br\\\/itabira\\\/wp-content\\\/uploads\\\/2026\\\/05\\\/sao-goncalo-carreta-carregada-com-eucaliptos-tomba-na-mg.webp\",\"datePublished\":\"2026-05-01T09:30:18+00:00\",\"author\":{\"@id\":\"https:\\\/\\\/www.encontraminasgerais.com.br\\\/itabira\\\/#\\\/schema\\\/person\\\/9ae8a8f5ce59322c92e2499b550870b0\"},\"inLanguage\":\"pt-BR\",\"potentialAction\":[{\"@type\":\"ReadAction\",\"target\":[\"https:\\\/\\\/www.encontraminasgerais.com.br\\\/itabira\\\/sao-goncalo-carreta-carregada-com-eucaliptos-tomba-na-mg\\\/\"]}]},{\"@type\":\"ImageObject\",\"inLanguage\":\"pt-BR\",\"@id\":\"https:\\\/\\\/www.encontraminasgerais.com.br\\\/itabira\\\/sao-goncalo-carreta-carregada-com-eucaliptos-tomba-na-mg\\\/#primaryimage\",\"url\":\"https:\\\/\\\/www.encontraminasgerais.com.br\\\/itabira\\\/wp-content\\\/uploads\\\/2026\\\/05\\\/sao-goncalo-carreta-carregada-com-eucaliptos-tomba-na-mg.webp\",\"contentUrl\":\"https:\\\/\\\/www.encontraminasgerais.com.br\\\/itabira\\\/wp-content\\\/uploads\\\/2026\\\/05\\\/sao-goncalo-carreta-carregada-com-eucaliptos-tomba-na-mg.webp\",\"width\":280,\"height\":280,\"caption\":\"tombamento de carreta na MG-129\"},{\"@type\":\"WebSite\",\"@id\":\"https:\\\/\\\/www.encontraminasgerais.com.br\\\/itabira\\\/#website\",\"url\":\"https:\\\/\\\/www.encontraminasgerais.com.br\\\/itabira\\\/\",\"name\":\"Guia Comercial de Itabira MG\",\"description\":\"ENCONTRA ITABIRA - O guia comercial de neg\u00f3cios e empresas, cultura e divers\u00e3o na cidade de Itabira. Feito 100% para voc\u00ea morador!\",\"potentialAction\":[{\"@type\":\"SearchAction\",\"target\":{\"@type\":\"EntryPoint\",\"urlTemplate\":\"https:\\\/\\\/www.encontraminasgerais.com.br\\\/itabira\\\/?s={search_term_string}\"},\"query-input\":{\"@type\":\"PropertyValueSpecification\",\"valueRequired\":true,\"valueName\":\"search_term_string\"}}],\"inLanguage\":\"pt-BR\"},{\"@type\":\"Person\",\"@id\":\"https:\\\/\\\/www.encontraminasgerais.com.br\\\/itabira\\\/#\\\/schema\\\/person\\\/9ae8a8f5ce59322c92e2499b550870b0\",\"name\":\"Encontra Itabira\",\"image\":{\"@type\":\"ImageObject\",\"inLanguage\":\"pt-BR\",\"@id\":\"https:\\\/\\\/secure.gravatar.com\\\/avatar\\\/c50c17820bcf322f0a8fd6b110b8c0918141409dc69076470f6fca5fee70a5d4?s=96&d=mm&r=g\",\"url\":\"https:\\\/\\\/secure.gravatar.com\\\/avatar\\\/c50c17820bcf322f0a8fd6b110b8c0918141409dc69076470f6fca5fee70a5d4?s=96&d=mm&r=g\",\"contentUrl\":\"https:\\\/\\\/secure.gravatar.com\\\/avatar\\\/c50c17820bcf322f0a8fd6b110b8c0918141409dc69076470f6fca5fee70a5d4?s=96&d=mm&r=g\",\"caption\":\"Encontra Itabira\"},\"url\":\"https:\\\/\\\/www.encontraminasgerais.com.br\\\/itabira\\\/author\\\/encontraitabira\\\/\"}]}<\/script>\n<!-- \/ Yoast SEO plugin. -->","yoast_head_json":{"title":"S\u00e3o Gon\u00e7alo: carreta carregada com eucaliptos tomba na MG | Guia Comercial de Itabira MG","robots":{"index":"index","follow":"follow","max-snippet":"max-snippet:-1","max-image-preview":"max-image-preview:large","max-video-preview":"max-video-preview:-1"},"canonical":"https:\/\/www.encontraminasgerais.com.br\/itabira\/sao-goncalo-carreta-carregada-com-eucaliptos-tomba-na-mg\/","og_locale":"pt_BR","og_type":"article","og_title":"S\u00e3o Gon\u00e7alo: carreta carregada com eucaliptos tomba na MG | Guia Comercial de Itabira MG","og_description":"S\u00e3o Gon\u00e7alo: carreta carregada com eucaliptos tombou e afetou o tr\u00e2nsito.","og_url":"https:\/\/www.encontraminasgerais.com.br\/itabira\/sao-goncalo-carreta-carregada-com-eucaliptos-tomba-na-mg\/","og_site_name":"Guia Comercial de Itabira MG","article_published_time":"2026-05-01T09:30:18+00:00","og_image":[{"url":"https:\/\/www.encontraminasgerais.com.br\/itabira\/wp-content\/uploads\/2026\/05\/sao-goncalo-carreta-carregada-com-eucaliptos-tomba-na-mg.webp","type":"","width":"","height":""}],"author":"Encontra Itabira","twitter_card":"summary_large_image","twitter_misc":{"Escrito por":"Encontra Itabira","Est. tempo de leitura":"4 minutos"},"schema":{"@context":"https:\/\/schema.org","@graph":[{"@type":"Article","@id":"https:\/\/www.encontraminasgerais.com.br\/itabira\/sao-goncalo-carreta-carregada-com-eucaliptos-tomba-na-mg\/#article","isPartOf":{"@id":"https:\/\/www.encontraminasgerais.com.br\/itabira\/sao-goncalo-carreta-carregada-com-eucaliptos-tomba-na-mg\/"},"author":{"name":"Encontra Itabira","@id":"https:\/\/www.encontraminasgerais.com.br\/itabira\/#\/schema\/person\/9ae8a8f5ce59322c92e2499b550870b0"},"headline":"S\u00e3o Gon\u00e7alo: carreta carregada com eucaliptos tomba na MG","datePublished":"2026-05-01T09:30:18+00:00","mainEntityOfPage":{"@id":"https:\/\/www.encontraminasgerais.com.br\/itabira\/sao-goncalo-carreta-carregada-com-eucaliptos-tomba-na-mg\/"},"wordCount":779,"commentCount":0,"image":{"@id":"https:\/\/www.encontraminasgerais.com.br\/itabira\/sao-goncalo-carreta-carregada-com-eucaliptos-tomba-na-mg\/#primaryimage"},"thumbnailUrl":"https:\/\/www.encontraminasgerais.com.br\/itabira\/wp-content\/uploads\/2026\/05\/sao-goncalo-carreta-carregada-com-eucaliptos-tomba-na-mg.webp","articleSection":["Not\u00edcias Itabira"],"inLanguage":"pt-BR","potentialAction":[{"@type":"CommentAction","name":"Comment","target":["https:\/\/www.encontraminasgerais.com.br\/itabira\/sao-goncalo-carreta-carregada-com-eucaliptos-tomba-na-mg\/#respond"]}]},{"@type":"WebPage","@id":"https:\/\/www.encontraminasgerais.com.br\/itabira\/sao-goncalo-carreta-carregada-com-eucaliptos-tomba-na-mg\/","url":"https:\/\/www.encontraminasgerais.com.br\/itabira\/sao-goncalo-carreta-carregada-com-eucaliptos-tomba-na-mg\/","name":"S\u00e3o Gon\u00e7alo: carreta carregada com eucaliptos tomba na MG | Guia Comercial de Itabira MG","isPartOf":{"@id":"https:\/\/www.encontraminasgerais.com.br\/itabira\/#website"},"primaryImageOfPage":{"@id":"https:\/\/www.encontraminasgerais.com.br\/itabira\/sao-goncalo-carreta-carregada-com-eucaliptos-tomba-na-mg\/#primaryimage"},"image":{"@id":"https:\/\/www.encontraminasgerais.com.br\/itabira\/sao-goncalo-carreta-carregada-com-eucaliptos-tomba-na-mg\/#primaryimage"},"thumbnailUrl":"https:\/\/www.encontraminasgerais.com.br\/itabira\/wp-content\/uploads\/2026\/05\/sao-goncalo-carreta-carregada-com-eucaliptos-tomba-na-mg.webp","datePublished":"2026-05-01T09:30:18+00:00","author":{"@id":"https:\/\/www.encontraminasgerais.com.br\/itabira\/#\/schema\/person\/9ae8a8f5ce59322c92e2499b550870b0"},"inLanguage":"pt-BR","potentialAction":[{"@type":"ReadAction","target":["https:\/\/www.encontraminasgerais.com.br\/itabira\/sao-goncalo-carreta-carregada-com-eucaliptos-tomba-na-mg\/"]}]},{"@type":"ImageObject","inLanguage":"pt-BR","@id":"https:\/\/www.encontraminasgerais.com.br\/itabira\/sao-goncalo-carreta-carregada-com-eucaliptos-tomba-na-mg\/#primaryimage","url":"https:\/\/www.encontraminasgerais.com.br\/itabira\/wp-content\/uploads\/2026\/05\/sao-goncalo-carreta-carregada-com-eucaliptos-tomba-na-mg.webp","contentUrl":"https:\/\/www.encontraminasgerais.com.br\/itabira\/wp-content\/uploads\/2026\/05\/sao-goncalo-carreta-carregada-com-eucaliptos-tomba-na-mg.webp","width":280,"height":280,"caption":"tombamento de carreta na MG-129"},{"@type":"WebSite","@id":"https:\/\/www.encontraminasgerais.com.br\/itabira\/#website","url":"https:\/\/www.encontraminasgerais.com.br\/itabira\/","name":"Guia Comercial de Itabira MG","description":"ENCONTRA ITABIRA - O guia comercial de neg\u00f3cios e empresas, cultura e divers\u00e3o na cidade de Itabira. Feito 100% para voc\u00ea morador!","potentialAction":[{"@type":"SearchAction","target":{"@type":"EntryPoint","urlTemplate":"https:\/\/www.encontraminasgerais.com.br\/itabira\/?s={search_term_string}"},"query-input":{"@type":"PropertyValueSpecification","valueRequired":true,"valueName":"search_term_string"}}],"inLanguage":"pt-BR"},{"@type":"Person","@id":"https:\/\/www.encontraminasgerais.com.br\/itabira\/#\/schema\/person\/9ae8a8f5ce59322c92e2499b550870b0","name":"Encontra Itabira","image":{"@type":"ImageObject","inLanguage":"pt-BR","@id":"https:\/\/secure.gravatar.com\/avatar\/c50c17820bcf322f0a8fd6b110b8c0918141409dc69076470f6fca5fee70a5d4?s=96&d=mm&r=g","url":"https:\/\/secure.gravatar.com\/avatar\/c50c17820bcf322f0a8fd6b110b8c0918141409dc69076470f6fca5fee70a5d4?s=96&d=mm&r=g","contentUrl":"https:\/\/secure.gravatar.com\/avatar\/c50c17820bcf322f0a8fd6b110b8c0918141409dc69076470f6fca5fee70a5d4?s=96&d=mm&r=g","caption":"Encontra Itabira"},"url":"https:\/\/www.encontraminasgerais.com.br\/itabira\/author\/encontraitabira\/"}]}},"_links":{"self":[{"href":"https:\/\/www.encontraminasgerais.com.br\/itabira\/wp-json\/wp\/v2\/posts\/5664","targetHints":{"allow":["GET"]}}],"collection":[{"href":"https:\/\/www.encontraminasgerais.com.br\/itabira\/wp-json\/wp\/v2\/posts"}],"about":[{"href":"https:\/\/www.encontraminasgerais.com.br\/itabira\/wp-json\/wp\/v2\/types\/post"}],"author":[{"embeddable":true,"href":"https:\/\/www.encontraminasgerais.com.br\/itabira\/wp-json\/wp\/v2\/users\/1"}],"replies":[{"embeddable":true,"href":"https:\/\/www.encontraminasgerais.com.br\/itabira\/wp-json\/wp\/v2\/comments?post=5664"}],"version-history":[{"count":0,"href":"https:\/\/www.encontraminasgerais.com.br\/itabira\/wp-json\/wp\/v2\/posts\/5664\/revisions"}],"wp:featuredmedia":[{"embeddable":true,"href":"https:\/\/www.encontraminasgerais.com.br\/itabira\/wp-json\/wp\/v2\/media\/5663"}],"wp:attachment":[{"href":"https:\/\/www.encontraminasgerais.com.br\/itabira\/wp-json\/wp\/v2\/media?parent=5664"}],"wp:term":[{"taxonomy":"category","embeddable":true,"href":"https:\/\/www.encontraminasgerais.com.br\/itabira\/wp-json\/wp\/v2\/categories?post=5664"},{"taxonomy":"post_tag","embeddable":true,"href":"https:\/\/www.encontraminasgerais.com.br\/itabira\/wp-json\/wp\/v2\/tags?post=5664"}],"curies":[{"name":"wp","href":"https:\/\/api.w.org\/{rel}","templated":true}]}}