{"id":5694,"date":"2026-05-09T06:32:31","date_gmt":"2026-05-09T09:32:31","guid":{"rendered":"https:\/\/www.encontraminasgerais.com.br\/itabira\/estrategia-de-vacinacao-nas-escolas-amplia-cobertura-vacinal-nos-municipios-da-regional-de-saude-de-itabira\/"},"modified":"2026-05-09T06:32:31","modified_gmt":"2026-05-09T09:32:31","slug":"estrategia-de-vacinacao-nas-escolas-amplia-cobertura-vacinal-nos-municipios-da-regional-de-saude-de-itabira","status":"publish","type":"post","link":"https:\/\/www.encontraminasgerais.com.br\/itabira\/estrategia-de-vacinacao-nas-escolas-amplia-cobertura-vacinal-nos-municipios-da-regional-de-saude-de-itabira\/","title":{"rendered":"Estrat\u00e9gia de vacina\u00e7\u00e3o nas escolas amplia cobertura vacinal nos munic\u00edpios da Regional de Sa\u00fade de Itabira"},"content":{"rendered":"<h2>Import\u00e2ncia da Vacina\u00e7\u00e3o Escolar<\/h2>\n<p>A vacina\u00e7\u00e3o escolar \u00e9 fundamental para a prote\u00e7\u00e3o da sa\u00fade p\u00fablica, garantindo que crian\u00e7as e adolescentes estejam imunizados contra doen\u00e7as graves. Essa estrat\u00e9gia n\u00e3o apenas previne surtos, mas tamb\u00e9m contribui para a forma\u00e7\u00e3o de uma cultura de sa\u00fade nas institui\u00e7\u00f5es educacionais, promovendo a conscientiza\u00e7\u00e3o sobre a import\u00e2ncia das vacinas.<\/p>\n<p>A vacina\u00e7\u00e3o tamb\u00e9m desempenha um papel crucial na redu\u00e7\u00e3o da mortalidade infantil e na promo\u00e7\u00e3o do bem-estar geral da popula\u00e7\u00e3o. Com uma cobertura vacinal elevada, \u00e9 poss\u00edvel evitar a reemerg\u00eancia de doen\u00e7as j\u00e1 controladas, assegurando um ambiente seguro para os alunos e para a comunidade escolar como um todo.<\/p>\n<h2>Resultados da Semana de Vacina\u00e7\u00e3o<\/h2>\n<p>Durante a Semana de Vacina\u00e7\u00e3o, realizada de 4 a 8 de maio na regi\u00e3o de Itabira, um expressivo n\u00famero de 196 escolas participou da mobiliza\u00e7\u00e3o. Essa a\u00e7\u00e3o visou atualizar a caderneta vacinal de crian\u00e7as, adolescentes e profissionais da educa\u00e7\u00e3o, alcan\u00e7ando 100% de ades\u00e3o dos munic\u00edpios da \u00e1rea.<\/p>\n<p><img decoding=\"async\" src=\"https:\/\/www.encontraminasgerais.com.br\/itabira\/wp-content\/uploads\/2026\/05\/estrategia-de-vacinacao-nas-escolas-amplia-cobertura-vacinal-nos-municipios-da-regional-de-saude-de-.webp\" alt=\"cobertura vacinal nas escolas\" loading=\"lazy\" \/><\/p>\n<p>Os dados indicam que a campanha foi bem-sucedida em suas metas, permitindo que mais de 1.220 estudantes recebessem as vacinas necess\u00e1rias. O &#8220;Dia D&#8221; aconteceu em v\u00e1rias escolas, incluindo a Escola Municipal Coronel Jos\u00e9 Batista, onde a vacina\u00e7\u00e3o foi gerenciada de forma a facilitar o fluxo de atendimento e atender a demanda de forma organizada.<\/p>\n<h2>Envolvimento da Comunidade Escolar<\/h2>\n<p>O envolvimento de toda a comunidade escolar foi essencial para o sucesso da iniciativa. Diretores, professores e funcion\u00e1rios se mobilizaram para garantir que os alunos fossem informados e motivados a participar da vacina\u00e7\u00e3o. Al\u00e9m disso, a presen\u00e7a do Vacim\u00f3vel, um servi\u00e7o de vacina\u00e7\u00e3o m\u00f3vel, permitiu que as doses fossem aplicadas de maneira acess\u00edvel e pr\u00e1tica.<\/p>\n<p>M\u00e1rcia Martins, diretora da escola, enfatizou que a organiza\u00e7\u00e3o da vacina\u00e7\u00e3o foi feita por faixas et\u00e1rias, permitindo um atendimento mais eficiente. Este engajamento demonstra a import\u00e2ncia de uma abordagem colaborativa entre sa\u00fade e educa\u00e7\u00e3o para a promo\u00e7\u00e3o da sa\u00fade p\u00fablica.<\/p>\n<h2>Desafios na Cobertura Vacinal<\/h2>\n<p>Ainda que a vacina\u00e7\u00e3o escolar traga benef\u00edcios significativos, existem desafios que precisam ser enfrentados, como a desinforma\u00e7\u00e3o sobre vacinas e a hesita\u00e7\u00e3o dos pais em vacinar seus filhos. \u00c9 comum observar preocupa\u00e7\u00f5es infundadas sobre a seguran\u00e7a e a efic\u00e1cia das vacinas, que podem prejudicar a ades\u00e3o \u00e0 campanha de vacina\u00e7\u00e3o.<\/p>\n<p>O combate \u00e0 desinforma\u00e7\u00e3o \u00e9 uma prioridade. Iniciativas educativas que esclarecem mitos e fornecem informa\u00e7\u00f5es cientificamente embasadas s\u00e3o essenciais para tranquilizar os respons\u00e1veis e aumentar a cobertura vacinal entre os jovens.<\/p>\n<h2>Estrat\u00e9gias de Mobiliza\u00e7\u00e3o Eficazes<\/h2>\n<p>As estrat\u00e9gias utilizadas na Semana de Vacina\u00e7\u00e3o incluem a oferta de informa\u00e7\u00f5es claras e acess\u00edveis sobre a import\u00e2ncia da vacina\u00e7\u00e3o, bem como o fortalecimento das parcerias entre as Secretarias de Sa\u00fade e Educa\u00e7\u00e3o. A comunica\u00e7\u00e3o \u00e9 a chave para o sucesso, e isso envolve a distribui\u00e7\u00e3o de materiais educativos, realiza\u00e7\u00e3o de palestras e a utiliza\u00e7\u00e3o das redes sociais para alcan\u00e7ar um maior n\u00famero de pessoas.<\/p>\n<p>Al\u00e9m disso, a cria\u00e7\u00e3o de um ambiente positivo, onde as vacinas s\u00e3o vistas como parte integrante da vida escolar, pode ajudar a motivar alunos e fam\u00edlias a participarem das campanhas. Criar uma competi\u00e7\u00e3o amig\u00e1vel entre escolas para ver qual consegue uma melhor ades\u00e3o tamb\u00e9m \u00e9 uma ideia que pode desencadear um maior engajamento.<\/p>\n<h2>Impacto na Sa\u00fade P\u00fablica<\/h2>\n<p>Os resultados das campanhas de vacina\u00e7\u00e3o t\u00eam um impacto direto na sa\u00fade p\u00fablica. Com cada dose aplicada, reduzimos as chances de surtos de doen\u00e7as e criamos uma comunidade escolar mais saud\u00e1vel. Esta abordagem n\u00e3o apenas protege os estudantes vacinados, mas tamb\u00e9m proporciona prote\u00e7\u00e3o indireta a aqueles que n\u00e3o podem ser vacinados por raz\u00f5es m\u00e9dicas.<\/p>\n<p>Investir em vacina\u00e7\u00e3o escolar \u00e9, portanto, investir em sa\u00fade coletiva. Dados de cobertura vacinal elevados s\u00e3o indicativos de uma popula\u00e7\u00e3o mais saud\u00e1vel e menos suscet\u00edvel a epidemias, refletindo diretamente na melhoria das condi\u00e7\u00f5es de vida no munic\u00edpio.<\/p>\n<h2>Testemunhos de Educadores<\/h2>\n<p>Educadores da regi\u00e3o expressaram seu apoio \u00e0s iniciativas de vacina\u00e7\u00e3o. Eles relataram que as campanhas ajudam a desmistificar as vacinas e a criar um ambiente onde a sa\u00fade \u00e9 priorizada. Professores t\u00eam observado que a presen\u00e7a da vacina\u00e7\u00e3o nas escolas n\u00e3o apenas melhora a sa\u00fade dos alunos, mas tamb\u00e9m incentiva h\u00e1bitos saud\u00e1veis.<\/p>\n<p>Os educadores se tornaram defensores da sa\u00fade, incentivando a participa\u00e7\u00e3o dos pais e explicando a import\u00e2ncia da vacina\u00e7\u00e3o em sala de aula. Esses testemunhos demonstram como a colabora\u00e7\u00e3o entre sa\u00fade e educa\u00e7\u00e3o \u00e9 potente na forma\u00e7\u00e3o de uma gera\u00e7\u00e3o saud\u00e1vel.<\/p>\n<h2>Apoio dos Pais e Respons\u00e1veis<\/h2>\n<p>O apoio dos pais \u00e9 crucial para o sucesso de campanhas de vacina\u00e7\u00e3o escolar. O envolvimento ativo dos respons\u00e1veis pode ser sentido na ades\u00e3o das crian\u00e7as \u00e0s vacinas, e \u00e9 fundamental que os pais estejam bem informados sobre a import\u00e2ncia de manter o calend\u00e1rio vacinal em dia.<\/p>\n<p>Iniciativas de conscientiza\u00e7\u00e3o que abordam as preocupa\u00e7\u00f5es dos pais e promovem di\u00e1logo aberto s\u00e3o necess\u00e1rias para garantir que todos se sintam confort\u00e1veis em vacinar seus filhos. Al\u00e9m disso, o relacionamento de confian\u00e7a entre as escolas e as fam\u00edlias \u00e9 vital para aumentar a ades\u00e3o \u00e0s campanhas de vacina\u00e7\u00e3o.<\/p>\n<h2>O Papel dos Governos Municipais<\/h2>\n<p>Os governos municipais t\u00eam um papel essencial na implementa\u00e7\u00e3o de estrat\u00e9gias de vacina\u00e7\u00e3o nas escolas. Eles s\u00e3o respons\u00e1veis por coordenar os esfor\u00e7os entre as secretarias de sa\u00fade e educa\u00e7\u00e3o, mobilizar recursos e garantir que todas as escolas tenham acesso \u00e0s vacinas.<\/p>\n<p>A comprometimento dos gestores municipais com a sa\u00fade da popula\u00e7\u00e3o jovem \u00e9 fundamental. O ideal \u00e9 que haja um planejamento que considere as particularidades de cada regi\u00e3o, assim como o engajamento cont\u00ednuo da comunidade.<\/p>\n<h2>Pr\u00f3ximos Passos para Ampliar a Vacina\u00e7\u00e3o<\/h2>\n<p>Para garantir que o sucesso das campanhas de vacina\u00e7\u00e3o escolar continue, \u00e9 necess\u00e1rio desenvolver um plano a longo prazo. Isso pode incluir a realiza\u00e7\u00e3o de campanhas regulares de vacina\u00e7\u00e3o, a capacita\u00e7\u00e3o de professores e funcion\u00e1rios sobre a import\u00e2ncia da vacina\u00e7\u00e3o e a ado\u00e7\u00e3o de novas tecnologias para facilitar o atendimento.<\/p>\n<p>Al\u00e9m disso, monitorar a cobertura vacinal e avaliar o impacto das estrat\u00e9gias implementadas ajudar\u00e1 na identifica\u00e7\u00e3o de \u00e1reas que requerem melhoria. A colabora\u00e7\u00e3o entre todas as partes envolvidas \u2013 escolas, pais, alunos e administradores de sa\u00fade \u2013 ser\u00e1 essencial para um futuro mais saud\u00e1vel.<\/p>\n","protected":false},"excerpt":{"rendered":"<p>Descubra estrat\u00e9gias eficazes para ampliar a cobertura vacinal nas escolas.<\/p>\n","protected":false},"author":1,"featured_media":5693,"comment_status":"open","ping_status":"open","sticky":false,"template":"","format":"standard","meta":{"footnotes":""},"categories":[5],"tags":[],"class_list":["post-5694","post","type-post","status-publish","format-standard","has-post-thumbnail","hentry","category-noticias","has_thumb"],"yoast_head":"<!-- This site is optimized with the Yoast SEO plugin v28.1 - https:\/\/yoast.com\/product\/yoast-seo-wordpress\/ -->\n<title>Estrat\u00e9gia de vacina\u00e7\u00e3o nas escolas amplia cobertura vacinal nos munic\u00edpios da Regional de Sa\u00fade de Itabira | Guia Comercial de Itabira MG<\/title>\n<meta name=\"robots\" content=\"index, follow, max-snippet:-1, max-image-preview:large, max-video-preview:-1\" \/>\n<link rel=\"canonical\" href=\"https:\/\/www.encontraminasgerais.com.br\/itabira\/estrategia-de-vacinacao-nas-escolas-amplia-cobertura-vacinal-nos-municipios-da-regional-de-saude-de-itabira\/\" \/>\n<meta property=\"og:locale\" content=\"pt_BR\" \/>\n<meta property=\"og:type\" content=\"article\" \/>\n<meta property=\"og:title\" content=\"Estrat\u00e9gia de vacina\u00e7\u00e3o nas escolas amplia cobertura vacinal nos munic\u00edpios da Regional de Sa\u00fade de Itabira | Guia Comercial de Itabira MG\" \/>\n<meta property=\"og:description\" content=\"Descubra estrat\u00e9gias eficazes para ampliar a cobertura vacinal nas escolas.\" \/>\n<meta property=\"og:url\" content=\"https:\/\/www.encontraminasgerais.com.br\/itabira\/estrategia-de-vacinacao-nas-escolas-amplia-cobertura-vacinal-nos-municipios-da-regional-de-saude-de-itabira\/\" \/>\n<meta property=\"og:site_name\" content=\"Guia Comercial de Itabira MG\" \/>\n<meta property=\"article:published_time\" content=\"2026-05-09T09:32:31+00:00\" \/>\n<meta property=\"og:image\" content=\"https:\/\/www.encontraminasgerais.com.br\/itabira\/wp-content\/uploads\/2026\/05\/estrategia-de-vacinacao-nas-escolas-amplia-cobertura-vacinal-nos-municipios-da-regional-de-saude-de-.webp\" \/>\n<meta name=\"author\" content=\"Encontra Itabira\" \/>\n<meta name=\"twitter:card\" content=\"summary_large_image\" \/>\n<meta name=\"twitter:label1\" content=\"Escrito por\" \/>\n\t<meta name=\"twitter:data1\" content=\"Encontra Itabira\" \/>\n\t<meta name=\"twitter:label2\" content=\"Est. tempo de leitura\" \/>\n\t<meta name=\"twitter:data2\" content=\"6 minutos\" \/>\n<script type=\"application\/ld+json\" class=\"yoast-schema-graph\">{\"@context\":\"https:\\\/\\\/schema.org\",\"@graph\":[{\"@type\":\"Article\",\"@id\":\"https:\\\/\\\/www.encontraminasgerais.com.br\\\/itabira\\\/estrategia-de-vacinacao-nas-escolas-amplia-cobertura-vacinal-nos-municipios-da-regional-de-saude-de-itabira\\\/#article\",\"isPartOf\":{\"@id\":\"https:\\\/\\\/www.encontraminasgerais.com.br\\\/itabira\\\/estrategia-de-vacinacao-nas-escolas-amplia-cobertura-vacinal-nos-municipios-da-regional-de-saude-de-itabira\\\/\"},\"author\":{\"name\":\"Encontra Itabira\",\"@id\":\"https:\\\/\\\/www.encontraminasgerais.com.br\\\/itabira\\\/#\\\/schema\\\/person\\\/9ae8a8f5ce59322c92e2499b550870b0\"},\"headline\":\"Estrat\u00e9gia de vacina\u00e7\u00e3o nas escolas amplia cobertura vacinal nos munic\u00edpios da Regional de Sa\u00fade de Itabira\",\"datePublished\":\"2026-05-09T09:32:31+00:00\",\"mainEntityOfPage\":{\"@id\":\"https:\\\/\\\/www.encontraminasgerais.com.br\\\/itabira\\\/estrategia-de-vacinacao-nas-escolas-amplia-cobertura-vacinal-nos-municipios-da-regional-de-saude-de-itabira\\\/\"},\"wordCount\":1167,\"commentCount\":0,\"image\":{\"@id\":\"https:\\\/\\\/www.encontraminasgerais.com.br\\\/itabira\\\/estrategia-de-vacinacao-nas-escolas-amplia-cobertura-vacinal-nos-municipios-da-regional-de-saude-de-itabira\\\/#primaryimage\"},\"thumbnailUrl\":\"https:\\\/\\\/www.encontraminasgerais.com.br\\\/itabira\\\/wp-content\\\/uploads\\\/2026\\\/05\\\/estrategia-de-vacinacao-nas-escolas-amplia-cobertura-vacinal-nos-municipios-da-regional-de-saude-de-.webp\",\"articleSection\":[\"Not\u00edcias Itabira\"],\"inLanguage\":\"pt-BR\",\"potentialAction\":[{\"@type\":\"CommentAction\",\"name\":\"Comment\",\"target\":[\"https:\\\/\\\/www.encontraminasgerais.com.br\\\/itabira\\\/estrategia-de-vacinacao-nas-escolas-amplia-cobertura-vacinal-nos-municipios-da-regional-de-saude-de-itabira\\\/#respond\"]}]},{\"@type\":\"WebPage\",\"@id\":\"https:\\\/\\\/www.encontraminasgerais.com.br\\\/itabira\\\/estrategia-de-vacinacao-nas-escolas-amplia-cobertura-vacinal-nos-municipios-da-regional-de-saude-de-itabira\\\/\",\"url\":\"https:\\\/\\\/www.encontraminasgerais.com.br\\\/itabira\\\/estrategia-de-vacinacao-nas-escolas-amplia-cobertura-vacinal-nos-municipios-da-regional-de-saude-de-itabira\\\/\",\"name\":\"Estrat\u00e9gia de vacina\u00e7\u00e3o nas escolas amplia cobertura vacinal nos munic\u00edpios da Regional de Sa\u00fade de Itabira | Guia Comercial de Itabira MG\",\"isPartOf\":{\"@id\":\"https:\\\/\\\/www.encontraminasgerais.com.br\\\/itabira\\\/#website\"},\"primaryImageOfPage\":{\"@id\":\"https:\\\/\\\/www.encontraminasgerais.com.br\\\/itabira\\\/estrategia-de-vacinacao-nas-escolas-amplia-cobertura-vacinal-nos-municipios-da-regional-de-saude-de-itabira\\\/#primaryimage\"},\"image\":{\"@id\":\"https:\\\/\\\/www.encontraminasgerais.com.br\\\/itabira\\\/estrategia-de-vacinacao-nas-escolas-amplia-cobertura-vacinal-nos-municipios-da-regional-de-saude-de-itabira\\\/#primaryimage\"},\"thumbnailUrl\":\"https:\\\/\\\/www.encontraminasgerais.com.br\\\/itabira\\\/wp-content\\\/uploads\\\/2026\\\/05\\\/estrategia-de-vacinacao-nas-escolas-amplia-cobertura-vacinal-nos-municipios-da-regional-de-saude-de-.webp\",\"datePublished\":\"2026-05-09T09:32:31+00:00\",\"author\":{\"@id\":\"https:\\\/\\\/www.encontraminasgerais.com.br\\\/itabira\\\/#\\\/schema\\\/person\\\/9ae8a8f5ce59322c92e2499b550870b0\"},\"inLanguage\":\"pt-BR\",\"potentialAction\":[{\"@type\":\"ReadAction\",\"target\":[\"https:\\\/\\\/www.encontraminasgerais.com.br\\\/itabira\\\/estrategia-de-vacinacao-nas-escolas-amplia-cobertura-vacinal-nos-municipios-da-regional-de-saude-de-itabira\\\/\"]}]},{\"@type\":\"ImageObject\",\"inLanguage\":\"pt-BR\",\"@id\":\"https:\\\/\\\/www.encontraminasgerais.com.br\\\/itabira\\\/estrategia-de-vacinacao-nas-escolas-amplia-cobertura-vacinal-nos-municipios-da-regional-de-saude-de-itabira\\\/#primaryimage\",\"url\":\"https:\\\/\\\/www.encontraminasgerais.com.br\\\/itabira\\\/wp-content\\\/uploads\\\/2026\\\/05\\\/estrategia-de-vacinacao-nas-escolas-amplia-cobertura-vacinal-nos-municipios-da-regional-de-saude-de-.webp\",\"contentUrl\":\"https:\\\/\\\/www.encontraminasgerais.com.br\\\/itabira\\\/wp-content\\\/uploads\\\/2026\\\/05\\\/estrategia-de-vacinacao-nas-escolas-amplia-cobertura-vacinal-nos-municipios-da-regional-de-saude-de-.webp\",\"width\":280,\"height\":280,\"caption\":\"cobertura vacinal nas escolas\"},{\"@type\":\"WebSite\",\"@id\":\"https:\\\/\\\/www.encontraminasgerais.com.br\\\/itabira\\\/#website\",\"url\":\"https:\\\/\\\/www.encontraminasgerais.com.br\\\/itabira\\\/\",\"name\":\"Guia Comercial de Itabira MG\",\"description\":\"ENCONTRA ITABIRA - O guia comercial de neg\u00f3cios e empresas, cultura e divers\u00e3o na cidade de Itabira. Feito 100% para voc\u00ea morador!\",\"potentialAction\":[{\"@type\":\"SearchAction\",\"target\":{\"@type\":\"EntryPoint\",\"urlTemplate\":\"https:\\\/\\\/www.encontraminasgerais.com.br\\\/itabira\\\/?s={search_term_string}\"},\"query-input\":{\"@type\":\"PropertyValueSpecification\",\"valueRequired\":true,\"valueName\":\"search_term_string\"}}],\"inLanguage\":\"pt-BR\"},{\"@type\":\"Person\",\"@id\":\"https:\\\/\\\/www.encontraminasgerais.com.br\\\/itabira\\\/#\\\/schema\\\/person\\\/9ae8a8f5ce59322c92e2499b550870b0\",\"name\":\"Encontra Itabira\",\"image\":{\"@type\":\"ImageObject\",\"inLanguage\":\"pt-BR\",\"@id\":\"https:\\\/\\\/secure.gravatar.com\\\/avatar\\\/c50c17820bcf322f0a8fd6b110b8c0918141409dc69076470f6fca5fee70a5d4?s=96&d=mm&r=g\",\"url\":\"https:\\\/\\\/secure.gravatar.com\\\/avatar\\\/c50c17820bcf322f0a8fd6b110b8c0918141409dc69076470f6fca5fee70a5d4?s=96&d=mm&r=g\",\"contentUrl\":\"https:\\\/\\\/secure.gravatar.com\\\/avatar\\\/c50c17820bcf322f0a8fd6b110b8c0918141409dc69076470f6fca5fee70a5d4?s=96&d=mm&r=g\",\"caption\":\"Encontra Itabira\"},\"url\":\"https:\\\/\\\/www.encontraminasgerais.com.br\\\/itabira\\\/author\\\/encontraitabira\\\/\"}]}<\/script>\n<!-- \/ Yoast SEO plugin. -->","yoast_head_json":{"title":"Estrat\u00e9gia de vacina\u00e7\u00e3o nas escolas amplia cobertura vacinal nos munic\u00edpios da Regional de Sa\u00fade de Itabira | Guia Comercial de Itabira MG","robots":{"index":"index","follow":"follow","max-snippet":"max-snippet:-1","max-image-preview":"max-image-preview:large","max-video-preview":"max-video-preview:-1"},"canonical":"https:\/\/www.encontraminasgerais.com.br\/itabira\/estrategia-de-vacinacao-nas-escolas-amplia-cobertura-vacinal-nos-municipios-da-regional-de-saude-de-itabira\/","og_locale":"pt_BR","og_type":"article","og_title":"Estrat\u00e9gia de vacina\u00e7\u00e3o nas escolas amplia cobertura vacinal nos munic\u00edpios da Regional de Sa\u00fade de Itabira | Guia Comercial de Itabira MG","og_description":"Descubra estrat\u00e9gias eficazes para ampliar a cobertura vacinal nas escolas.","og_url":"https:\/\/www.encontraminasgerais.com.br\/itabira\/estrategia-de-vacinacao-nas-escolas-amplia-cobertura-vacinal-nos-municipios-da-regional-de-saude-de-itabira\/","og_site_name":"Guia Comercial de Itabira MG","article_published_time":"2026-05-09T09:32:31+00:00","og_image":[{"url":"https:\/\/www.encontraminasgerais.com.br\/itabira\/wp-content\/uploads\/2026\/05\/estrategia-de-vacinacao-nas-escolas-amplia-cobertura-vacinal-nos-municipios-da-regional-de-saude-de-.webp","type":"","width":"","height":""}],"author":"Encontra Itabira","twitter_card":"summary_large_image","twitter_misc":{"Escrito por":"Encontra Itabira","Est. tempo de leitura":"6 minutos"},"schema":{"@context":"https:\/\/schema.org","@graph":[{"@type":"Article","@id":"https:\/\/www.encontraminasgerais.com.br\/itabira\/estrategia-de-vacinacao-nas-escolas-amplia-cobertura-vacinal-nos-municipios-da-regional-de-saude-de-itabira\/#article","isPartOf":{"@id":"https:\/\/www.encontraminasgerais.com.br\/itabira\/estrategia-de-vacinacao-nas-escolas-amplia-cobertura-vacinal-nos-municipios-da-regional-de-saude-de-itabira\/"},"author":{"name":"Encontra Itabira","@id":"https:\/\/www.encontraminasgerais.com.br\/itabira\/#\/schema\/person\/9ae8a8f5ce59322c92e2499b550870b0"},"headline":"Estrat\u00e9gia de vacina\u00e7\u00e3o nas escolas amplia cobertura vacinal nos munic\u00edpios da Regional de Sa\u00fade de Itabira","datePublished":"2026-05-09T09:32:31+00:00","mainEntityOfPage":{"@id":"https:\/\/www.encontraminasgerais.com.br\/itabira\/estrategia-de-vacinacao-nas-escolas-amplia-cobertura-vacinal-nos-municipios-da-regional-de-saude-de-itabira\/"},"wordCount":1167,"commentCount":0,"image":{"@id":"https:\/\/www.encontraminasgerais.com.br\/itabira\/estrategia-de-vacinacao-nas-escolas-amplia-cobertura-vacinal-nos-municipios-da-regional-de-saude-de-itabira\/#primaryimage"},"thumbnailUrl":"https:\/\/www.encontraminasgerais.com.br\/itabira\/wp-content\/uploads\/2026\/05\/estrategia-de-vacinacao-nas-escolas-amplia-cobertura-vacinal-nos-municipios-da-regional-de-saude-de-.webp","articleSection":["Not\u00edcias Itabira"],"inLanguage":"pt-BR","potentialAction":[{"@type":"CommentAction","name":"Comment","target":["https:\/\/www.encontraminasgerais.com.br\/itabira\/estrategia-de-vacinacao-nas-escolas-amplia-cobertura-vacinal-nos-municipios-da-regional-de-saude-de-itabira\/#respond"]}]},{"@type":"WebPage","@id":"https:\/\/www.encontraminasgerais.com.br\/itabira\/estrategia-de-vacinacao-nas-escolas-amplia-cobertura-vacinal-nos-municipios-da-regional-de-saude-de-itabira\/","url":"https:\/\/www.encontraminasgerais.com.br\/itabira\/estrategia-de-vacinacao-nas-escolas-amplia-cobertura-vacinal-nos-municipios-da-regional-de-saude-de-itabira\/","name":"Estrat\u00e9gia de vacina\u00e7\u00e3o nas escolas amplia cobertura vacinal nos munic\u00edpios da Regional de Sa\u00fade de Itabira | Guia Comercial de Itabira MG","isPartOf":{"@id":"https:\/\/www.encontraminasgerais.com.br\/itabira\/#website"},"primaryImageOfPage":{"@id":"https:\/\/www.encontraminasgerais.com.br\/itabira\/estrategia-de-vacinacao-nas-escolas-amplia-cobertura-vacinal-nos-municipios-da-regional-de-saude-de-itabira\/#primaryimage"},"image":{"@id":"https:\/\/www.encontraminasgerais.com.br\/itabira\/estrategia-de-vacinacao-nas-escolas-amplia-cobertura-vacinal-nos-municipios-da-regional-de-saude-de-itabira\/#primaryimage"},"thumbnailUrl":"https:\/\/www.encontraminasgerais.com.br\/itabira\/wp-content\/uploads\/2026\/05\/estrategia-de-vacinacao-nas-escolas-amplia-cobertura-vacinal-nos-municipios-da-regional-de-saude-de-.webp","datePublished":"2026-05-09T09:32:31+00:00","author":{"@id":"https:\/\/www.encontraminasgerais.com.br\/itabira\/#\/schema\/person\/9ae8a8f5ce59322c92e2499b550870b0"},"inLanguage":"pt-BR","potentialAction":[{"@type":"ReadAction","target":["https:\/\/www.encontraminasgerais.com.br\/itabira\/estrategia-de-vacinacao-nas-escolas-amplia-cobertura-vacinal-nos-municipios-da-regional-de-saude-de-itabira\/"]}]},{"@type":"ImageObject","inLanguage":"pt-BR","@id":"https:\/\/www.encontraminasgerais.com.br\/itabira\/estrategia-de-vacinacao-nas-escolas-amplia-cobertura-vacinal-nos-municipios-da-regional-de-saude-de-itabira\/#primaryimage","url":"https:\/\/www.encontraminasgerais.com.br\/itabira\/wp-content\/uploads\/2026\/05\/estrategia-de-vacinacao-nas-escolas-amplia-cobertura-vacinal-nos-municipios-da-regional-de-saude-de-.webp","contentUrl":"https:\/\/www.encontraminasgerais.com.br\/itabira\/wp-content\/uploads\/2026\/05\/estrategia-de-vacinacao-nas-escolas-amplia-cobertura-vacinal-nos-municipios-da-regional-de-saude-de-.webp","width":280,"height":280,"caption":"cobertura vacinal nas escolas"},{"@type":"WebSite","@id":"https:\/\/www.encontraminasgerais.com.br\/itabira\/#website","url":"https:\/\/www.encontraminasgerais.com.br\/itabira\/","name":"Guia Comercial de Itabira MG","description":"ENCONTRA ITABIRA - O guia comercial de neg\u00f3cios e empresas, cultura e divers\u00e3o na cidade de Itabira. Feito 100% para voc\u00ea morador!","potentialAction":[{"@type":"SearchAction","target":{"@type":"EntryPoint","urlTemplate":"https:\/\/www.encontraminasgerais.com.br\/itabira\/?s={search_term_string}"},"query-input":{"@type":"PropertyValueSpecification","valueRequired":true,"valueName":"search_term_string"}}],"inLanguage":"pt-BR"},{"@type":"Person","@id":"https:\/\/www.encontraminasgerais.com.br\/itabira\/#\/schema\/person\/9ae8a8f5ce59322c92e2499b550870b0","name":"Encontra Itabira","image":{"@type":"ImageObject","inLanguage":"pt-BR","@id":"https:\/\/secure.gravatar.com\/avatar\/c50c17820bcf322f0a8fd6b110b8c0918141409dc69076470f6fca5fee70a5d4?s=96&d=mm&r=g","url":"https:\/\/secure.gravatar.com\/avatar\/c50c17820bcf322f0a8fd6b110b8c0918141409dc69076470f6fca5fee70a5d4?s=96&d=mm&r=g","contentUrl":"https:\/\/secure.gravatar.com\/avatar\/c50c17820bcf322f0a8fd6b110b8c0918141409dc69076470f6fca5fee70a5d4?s=96&d=mm&r=g","caption":"Encontra Itabira"},"url":"https:\/\/www.encontraminasgerais.com.br\/itabira\/author\/encontraitabira\/"}]}},"_links":{"self":[{"href":"https:\/\/www.encontraminasgerais.com.br\/itabira\/wp-json\/wp\/v2\/posts\/5694","targetHints":{"allow":["GET"]}}],"collection":[{"href":"https:\/\/www.encontraminasgerais.com.br\/itabira\/wp-json\/wp\/v2\/posts"}],"about":[{"href":"https:\/\/www.encontraminasgerais.com.br\/itabira\/wp-json\/wp\/v2\/types\/post"}],"author":[{"embeddable":true,"href":"https:\/\/www.encontraminasgerais.com.br\/itabira\/wp-json\/wp\/v2\/users\/1"}],"replies":[{"embeddable":true,"href":"https:\/\/www.encontraminasgerais.com.br\/itabira\/wp-json\/wp\/v2\/comments?post=5694"}],"version-history":[{"count":0,"href":"https:\/\/www.encontraminasgerais.com.br\/itabira\/wp-json\/wp\/v2\/posts\/5694\/revisions"}],"wp:featuredmedia":[{"embeddable":true,"href":"https:\/\/www.encontraminasgerais.com.br\/itabira\/wp-json\/wp\/v2\/media\/5693"}],"wp:attachment":[{"href":"https:\/\/www.encontraminasgerais.com.br\/itabira\/wp-json\/wp\/v2\/media?parent=5694"}],"wp:term":[{"taxonomy":"category","embeddable":true,"href":"https:\/\/www.encontraminasgerais.com.br\/itabira\/wp-json\/wp\/v2\/categories?post=5694"},{"taxonomy":"post_tag","embeddable":true,"href":"https:\/\/www.encontraminasgerais.com.br\/itabira\/wp-json\/wp\/v2\/tags?post=5694"}],"curies":[{"name":"wp","href":"https:\/\/api.w.org\/{rel}","templated":true}]}}