{"id":5732,"date":"2026-05-16T06:31:59","date_gmt":"2026-05-16T09:31:59","guid":{"rendered":"https:\/\/www.encontraminasgerais.com.br\/itabira\/fiemg-vale-do-aco-e-sindimiva-promovem-giro-pela-regional-em-itabira\/"},"modified":"2026-05-16T06:31:59","modified_gmt":"2026-05-16T09:31:59","slug":"fiemg-vale-do-aco-e-sindimiva-promovem-giro-pela-regional-em-itabira","status":"publish","type":"post","link":"https:\/\/www.encontraminasgerais.com.br\/itabira\/fiemg-vale-do-aco-e-sindimiva-promovem-giro-pela-regional-em-itabira\/","title":{"rendered":"FIEMG Vale do A\u00e7o e SINDIMIVA promovem Giro pela Regional em Itabira"},"content":{"rendered":"<h2>O que \u00e9 o Giro pela Regional?<\/h2>\n<p>O Giro pela Regional \u00e9 uma iniciativa promovida pela <strong>FIEMG Vale do A\u00e7o<\/strong> em conjunto com o <strong>SINDIMIVA<\/strong>. Esse evento busca fortalecer a rede de neg\u00f3cios na regi\u00e3o, promovendo oportunidades de conex\u00e3o entre profissionais e empres\u00e1rios, e tamb\u00e9m estimular o desenvolvimento industrial que \u00e9 crucial para o progresso econ\u00f4mico local.<\/p>\n<h2>Objetivos do Evento em Itabira<\/h2>\n<p>O evento, que acontece em <strong>21 de maio<\/strong> na <strong>Associa\u00e7\u00e3o Comercial, Industrial, de Servi\u00e7os e Agroneg\u00f3cios de Itabira (ACITA)<\/strong>, tem v\u00e1rios objetivos centrais:<\/p>\n<ul>\n<li><strong>Fortalecimento do ambiente de neg\u00f3cios:<\/strong> Criar um espa\u00e7o onde empres\u00e1rios possam se encontrar, trocar experi\u00eancias e fomentar parcerias.<\/li>\n<li><strong>Promo\u00e7\u00e3o de conex\u00f5es estrat\u00e9gicas:<\/strong> O evento visa conectar fornecedores a grandes demandantes, facilitando o surgimento de novas alian\u00e7as comerciais.<\/li>\n<li><strong>Impulsionamento do desenvolvimento industrial:<\/strong> Proporcionar um avan\u00e7o nas pr\u00e1ticas e conhecimentos que sustentam a ind\u00fastria local.<\/li>\n<\/ul>\n<h2>Palestras e Temas Relevantes<\/h2>\n<p>Durante a manh\u00e3, entre <strong>8h30 e 12h<\/strong>, os participantes poder\u00e3o assistir a uma s\u00e9rie de palestras gratuitas, mediante inscri\u00e7\u00e3o pr\u00e9via. Os temas abordados ser\u00e3o:<\/p>\n<p><img decoding=\"async\" src=\"https:\/\/www.encontraminasgerais.com.br\/itabira\/wp-content\/uploads\/2026\/05\/fiemg-vale-do-aco-e-sindimiva-promovem-giro-pela-regional-em-itabira.webp\" alt=\"Giro pela Regional\" loading=\"lazy\" \/><\/p>\n<ul>\n<li><strong>Panorama empresarial e diagn\u00f3stico de desafios da ind\u00fastria local:<\/strong> Uma an\u00e1lise atualizada sobre as principais dificuldades enfrentadas pelos neg\u00f3cios na regi\u00e3o.<\/li>\n<li><strong>Solu\u00e7\u00f5es do SENAI para transforma\u00e7\u00e3o digital:<\/strong> Apresenta\u00e7\u00e3o das ferramentas e servi\u00e7os que o SENAI oferece para a moderniza\u00e7\u00e3o das ind\u00fastrias.<\/li>\n<li><strong>Ambiente de neg\u00f3cios em Minas Gerais:<\/strong> Discuss\u00e3o sobre incentivos e facilidades dispon\u00edveis para empresas que atuam ou desejam atuar no estado.<\/li>\n<\/ul>\n<h2>Rodada de Neg\u00f3cios e Oportunidades<\/h2>\n<p>No turno da tarde, das <strong>13h \u00e0s 17h<\/strong>, haver\u00e1 uma Rodada de Neg\u00f3cios. Este espa\u00e7o \u00e9 projetado para convocar grandes empresas, como <strong>Vale<\/strong>, <strong>ArcelorMittal<\/strong>, <strong>Bemisa<\/strong> e <strong>Emalto<\/strong>, permitindo que fornecedores se aproximem de grandes demandantes. Essa intera\u00e7\u00e3o visa n\u00e3o apenas gerar novos contratos, mas tamb\u00e9m facilitar a troca de conhecimento e experi\u00eancias entre as partes envolvidas.<\/p>\n<h2>Import\u00e2ncia do Networking para a Ind\u00fastria<\/h2>\n<p>A participa\u00e7\u00e3o no Giro pela Regional \u00e9 uma chance valiosa para expandir a rede de contatos profissionais. O networking pode levar a :<\/p>\n<ul>\n<li><strong>Novas parcerias:<\/strong> Estabelecer rela\u00e7\u00f5es que podem resultar em projetos conjuntos e novas linhas de neg\u00f3cios.<\/li>\n<li><strong>Compartilhamento de melhores pr\u00e1ticas:<\/strong> Conversar com outros empres\u00e1rios e aprender com suas experi\u00eancias e estrat\u00e9gias.<\/li>\n<li><strong>Conex\u00f5es com potenciais clientes:<\/strong> O evento cria um ambiente prop\u00edcio para a prospec\u00e7\u00e3o de clientes e abertura de novos mercados.<\/li>\n<\/ul>\n<h2>Parcerias Estrat\u00e9gicas no Setor Industrial<\/h2>\n<p>As parcerias s\u00e3o essenciais para o crescimento no setor industrial. A colabora\u00e7\u00e3o entre diferentes empresas e entidades pode trazer diversas vantagens, como:<\/p>\n<ul>\n<li><strong>Aumento da competitividade:<\/strong> Juntas, empresas podem enfrentar desafios maiores e se beneficiar de economias de escala.<\/li>\n<li><strong>Inova\u00e7\u00e3o colaborativa:<\/strong> A troca de ideias e recursos pode levar ao desenvolvimento de novos produtos e servi\u00e7os.<\/li>\n<li><strong>Melhoria na capacita\u00e7\u00e3o:<\/strong> Parcerias com institui\u00e7\u00f5es como o SENAI s\u00e3o fundamentais para a forma\u00e7\u00e3o cont\u00ednua da for\u00e7a de trabalho.<\/li>\n<\/ul>\n<h2>Como Participar do Evento<\/h2>\n<p>Os interessados em participar do Giro pela Regional devem efetuar sua inscri\u00e7\u00e3o atrav\u00e9s do link disponibilizado no site do evento. \u00c9 importante lembrar que as vagas, tanto para as palestras quanto para a Rodada de Neg\u00f3cios, s\u00e3o limitadas, ent\u00e3o \u00e9 aconselh\u00e1vel garantir seu lugar o quanto antes.<\/p>\n<h2>Benef\u00edcios para Empres\u00e1rios e Gestores<\/h2>\n<p>A participa\u00e7\u00e3o no evento traz diversos benef\u00edcios, como:<\/p>\n<ul>\n<li><strong>Acesso a informa\u00e7\u00f5es relevantes:<\/strong> Conhecimento atualizado sobre tend\u00eancias e desafios do setor.<\/li>\n<li><strong>Possibilidade de melhoria na gest\u00e3o:<\/strong> Insights sobre pr\u00e1ticas que podem ser adotadas para otimizar opera\u00e7\u00f5es.<\/li>\n<li><strong>Visibilidade da empresa:<\/strong> Oportunidade de destacar a atua\u00e7\u00e3o e as particularidades do seu neg\u00f3cio.<\/li>\n<\/ul>\n<h2>Expectativas para o Desenvolvimento<\/h2>\n<p>Os organizadores do evento esperam que o Giro pela Regional traga resultados significativos para a comunidade empresarial de Itabira e regi\u00e3o. O objetivo \u00e9 n\u00e3o apenas promover a troca de ideias, mas tamb\u00e9m estabelecer caminhos claros para o progresso industrial e econ\u00f4mico.<\/p>\n<h2>O Papel da FIEMG no Fortalecimento Regional<\/h2>\n<p>A <strong>FIEMG<\/strong> exerce um papel crucial em unir empres\u00e1rios e promover o desenvolvimento das ind\u00fastrias em Minas Gerais. Com iniciativas como o Giro pela Regional, a institui\u00e7\u00e3o busca:<\/p>\n<ul>\n<li><strong>Fomentar o empreendedorismo:<\/strong> Apoiar novos neg\u00f3cios e inova\u00e7\u00f5es no setor.<\/li>\n<li><strong>Facilitar acesso a informa\u00e7\u00f5es:<\/strong> Proporcionar dados e an\u00e1lises que ajudem na tomada de decis\u00f5es.<\/li>\n<li><strong>Impulsionar a competitividade:<\/strong> Tornar as ind\u00fastrias mineiras mais preparadas para enfrentar desafios e conquistar novos mercados.<\/li>\n<\/ul>\n","protected":false},"excerpt":{"rendered":"<p>O Giro pela Regional impulsiona o desenvolvimento industrial em Itabira e fortalece conex\u00f5es.<\/p>\n","protected":false},"author":1,"featured_media":5731,"comment_status":"open","ping_status":"open","sticky":false,"template":"","format":"standard","meta":{"footnotes":""},"categories":[5],"tags":[],"class_list":["post-5732","post","type-post","status-publish","format-standard","has-post-thumbnail","hentry","category-noticias","has_thumb"],"yoast_head":"<!-- This site is optimized with the Yoast SEO plugin v28.1 - https:\/\/yoast.com\/product\/yoast-seo-wordpress\/ -->\n<title>FIEMG Vale do A\u00e7o e SINDIMIVA promovem Giro pela Regional em Itabira | Guia Comercial de Itabira MG<\/title>\n<meta name=\"robots\" content=\"index, follow, max-snippet:-1, max-image-preview:large, max-video-preview:-1\" \/>\n<link rel=\"canonical\" href=\"https:\/\/www.encontraminasgerais.com.br\/itabira\/fiemg-vale-do-aco-e-sindimiva-promovem-giro-pela-regional-em-itabira\/\" \/>\n<meta property=\"og:locale\" content=\"pt_BR\" \/>\n<meta property=\"og:type\" content=\"article\" \/>\n<meta property=\"og:title\" content=\"FIEMG Vale do A\u00e7o e SINDIMIVA promovem Giro pela Regional em Itabira | Guia Comercial de Itabira MG\" \/>\n<meta property=\"og:description\" content=\"O Giro pela Regional impulsiona o desenvolvimento industrial em Itabira e fortalece conex\u00f5es.\" \/>\n<meta property=\"og:url\" content=\"https:\/\/www.encontraminasgerais.com.br\/itabira\/fiemg-vale-do-aco-e-sindimiva-promovem-giro-pela-regional-em-itabira\/\" \/>\n<meta property=\"og:site_name\" content=\"Guia Comercial de Itabira MG\" \/>\n<meta property=\"article:published_time\" content=\"2026-05-16T09:31:59+00:00\" \/>\n<meta property=\"og:image\" content=\"https:\/\/www.encontraminasgerais.com.br\/itabira\/wp-content\/uploads\/2026\/05\/fiemg-vale-do-aco-e-sindimiva-promovem-giro-pela-regional-em-itabira.webp\" \/>\n<meta name=\"author\" content=\"Encontra Itabira\" \/>\n<meta name=\"twitter:card\" content=\"summary_large_image\" \/>\n<meta name=\"twitter:label1\" content=\"Escrito por\" \/>\n\t<meta name=\"twitter:data1\" content=\"Encontra Itabira\" \/>\n\t<meta name=\"twitter:label2\" content=\"Est. tempo de leitura\" \/>\n\t<meta name=\"twitter:data2\" content=\"4 minutos\" \/>\n<script type=\"application\/ld+json\" class=\"yoast-schema-graph\">{\"@context\":\"https:\\\/\\\/schema.org\",\"@graph\":[{\"@type\":\"Article\",\"@id\":\"https:\\\/\\\/www.encontraminasgerais.com.br\\\/itabira\\\/fiemg-vale-do-aco-e-sindimiva-promovem-giro-pela-regional-em-itabira\\\/#article\",\"isPartOf\":{\"@id\":\"https:\\\/\\\/www.encontraminasgerais.com.br\\\/itabira\\\/fiemg-vale-do-aco-e-sindimiva-promovem-giro-pela-regional-em-itabira\\\/\"},\"author\":{\"name\":\"Encontra Itabira\",\"@id\":\"https:\\\/\\\/www.encontraminasgerais.com.br\\\/itabira\\\/#\\\/schema\\\/person\\\/9ae8a8f5ce59322c92e2499b550870b0\"},\"headline\":\"FIEMG Vale do A\u00e7o e SINDIMIVA promovem Giro pela Regional em Itabira\",\"datePublished\":\"2026-05-16T09:31:59+00:00\",\"mainEntityOfPage\":{\"@id\":\"https:\\\/\\\/www.encontraminasgerais.com.br\\\/itabira\\\/fiemg-vale-do-aco-e-sindimiva-promovem-giro-pela-regional-em-itabira\\\/\"},\"wordCount\":777,\"commentCount\":0,\"image\":{\"@id\":\"https:\\\/\\\/www.encontraminasgerais.com.br\\\/itabira\\\/fiemg-vale-do-aco-e-sindimiva-promovem-giro-pela-regional-em-itabira\\\/#primaryimage\"},\"thumbnailUrl\":\"https:\\\/\\\/www.encontraminasgerais.com.br\\\/itabira\\\/wp-content\\\/uploads\\\/2026\\\/05\\\/fiemg-vale-do-aco-e-sindimiva-promovem-giro-pela-regional-em-itabira.webp\",\"articleSection\":[\"Not\u00edcias Itabira\"],\"inLanguage\":\"pt-BR\",\"potentialAction\":[{\"@type\":\"CommentAction\",\"name\":\"Comment\",\"target\":[\"https:\\\/\\\/www.encontraminasgerais.com.br\\\/itabira\\\/fiemg-vale-do-aco-e-sindimiva-promovem-giro-pela-regional-em-itabira\\\/#respond\"]}]},{\"@type\":\"WebPage\",\"@id\":\"https:\\\/\\\/www.encontraminasgerais.com.br\\\/itabira\\\/fiemg-vale-do-aco-e-sindimiva-promovem-giro-pela-regional-em-itabira\\\/\",\"url\":\"https:\\\/\\\/www.encontraminasgerais.com.br\\\/itabira\\\/fiemg-vale-do-aco-e-sindimiva-promovem-giro-pela-regional-em-itabira\\\/\",\"name\":\"FIEMG Vale do A\u00e7o e SINDIMIVA promovem Giro pela Regional em Itabira | Guia Comercial de Itabira MG\",\"isPartOf\":{\"@id\":\"https:\\\/\\\/www.encontraminasgerais.com.br\\\/itabira\\\/#website\"},\"primaryImageOfPage\":{\"@id\":\"https:\\\/\\\/www.encontraminasgerais.com.br\\\/itabira\\\/fiemg-vale-do-aco-e-sindimiva-promovem-giro-pela-regional-em-itabira\\\/#primaryimage\"},\"image\":{\"@id\":\"https:\\\/\\\/www.encontraminasgerais.com.br\\\/itabira\\\/fiemg-vale-do-aco-e-sindimiva-promovem-giro-pela-regional-em-itabira\\\/#primaryimage\"},\"thumbnailUrl\":\"https:\\\/\\\/www.encontraminasgerais.com.br\\\/itabira\\\/wp-content\\\/uploads\\\/2026\\\/05\\\/fiemg-vale-do-aco-e-sindimiva-promovem-giro-pela-regional-em-itabira.webp\",\"datePublished\":\"2026-05-16T09:31:59+00:00\",\"author\":{\"@id\":\"https:\\\/\\\/www.encontraminasgerais.com.br\\\/itabira\\\/#\\\/schema\\\/person\\\/9ae8a8f5ce59322c92e2499b550870b0\"},\"inLanguage\":\"pt-BR\",\"potentialAction\":[{\"@type\":\"ReadAction\",\"target\":[\"https:\\\/\\\/www.encontraminasgerais.com.br\\\/itabira\\\/fiemg-vale-do-aco-e-sindimiva-promovem-giro-pela-regional-em-itabira\\\/\"]}]},{\"@type\":\"ImageObject\",\"inLanguage\":\"pt-BR\",\"@id\":\"https:\\\/\\\/www.encontraminasgerais.com.br\\\/itabira\\\/fiemg-vale-do-aco-e-sindimiva-promovem-giro-pela-regional-em-itabira\\\/#primaryimage\",\"url\":\"https:\\\/\\\/www.encontraminasgerais.com.br\\\/itabira\\\/wp-content\\\/uploads\\\/2026\\\/05\\\/fiemg-vale-do-aco-e-sindimiva-promovem-giro-pela-regional-em-itabira.webp\",\"contentUrl\":\"https:\\\/\\\/www.encontraminasgerais.com.br\\\/itabira\\\/wp-content\\\/uploads\\\/2026\\\/05\\\/fiemg-vale-do-aco-e-sindimiva-promovem-giro-pela-regional-em-itabira.webp\",\"width\":280,\"height\":280,\"caption\":\"Giro pela Regional\"},{\"@type\":\"WebSite\",\"@id\":\"https:\\\/\\\/www.encontraminasgerais.com.br\\\/itabira\\\/#website\",\"url\":\"https:\\\/\\\/www.encontraminasgerais.com.br\\\/itabira\\\/\",\"name\":\"Guia Comercial de Itabira MG\",\"description\":\"ENCONTRA ITABIRA - O guia comercial de neg\u00f3cios e empresas, cultura e divers\u00e3o na cidade de Itabira. Feito 100% para voc\u00ea morador!\",\"potentialAction\":[{\"@type\":\"SearchAction\",\"target\":{\"@type\":\"EntryPoint\",\"urlTemplate\":\"https:\\\/\\\/www.encontraminasgerais.com.br\\\/itabira\\\/?s={search_term_string}\"},\"query-input\":{\"@type\":\"PropertyValueSpecification\",\"valueRequired\":true,\"valueName\":\"search_term_string\"}}],\"inLanguage\":\"pt-BR\"},{\"@type\":\"Person\",\"@id\":\"https:\\\/\\\/www.encontraminasgerais.com.br\\\/itabira\\\/#\\\/schema\\\/person\\\/9ae8a8f5ce59322c92e2499b550870b0\",\"name\":\"Encontra Itabira\",\"image\":{\"@type\":\"ImageObject\",\"inLanguage\":\"pt-BR\",\"@id\":\"https:\\\/\\\/secure.gravatar.com\\\/avatar\\\/c50c17820bcf322f0a8fd6b110b8c0918141409dc69076470f6fca5fee70a5d4?s=96&d=mm&r=g\",\"url\":\"https:\\\/\\\/secure.gravatar.com\\\/avatar\\\/c50c17820bcf322f0a8fd6b110b8c0918141409dc69076470f6fca5fee70a5d4?s=96&d=mm&r=g\",\"contentUrl\":\"https:\\\/\\\/secure.gravatar.com\\\/avatar\\\/c50c17820bcf322f0a8fd6b110b8c0918141409dc69076470f6fca5fee70a5d4?s=96&d=mm&r=g\",\"caption\":\"Encontra Itabira\"},\"url\":\"https:\\\/\\\/www.encontraminasgerais.com.br\\\/itabira\\\/author\\\/encontraitabira\\\/\"}]}<\/script>\n<!-- \/ Yoast SEO plugin. -->","yoast_head_json":{"title":"FIEMG Vale do A\u00e7o e SINDIMIVA promovem Giro pela Regional em Itabira | Guia Comercial de Itabira MG","robots":{"index":"index","follow":"follow","max-snippet":"max-snippet:-1","max-image-preview":"max-image-preview:large","max-video-preview":"max-video-preview:-1"},"canonical":"https:\/\/www.encontraminasgerais.com.br\/itabira\/fiemg-vale-do-aco-e-sindimiva-promovem-giro-pela-regional-em-itabira\/","og_locale":"pt_BR","og_type":"article","og_title":"FIEMG Vale do A\u00e7o e SINDIMIVA promovem Giro pela Regional em Itabira | Guia Comercial de Itabira MG","og_description":"O Giro pela Regional impulsiona o desenvolvimento industrial em Itabira e fortalece conex\u00f5es.","og_url":"https:\/\/www.encontraminasgerais.com.br\/itabira\/fiemg-vale-do-aco-e-sindimiva-promovem-giro-pela-regional-em-itabira\/","og_site_name":"Guia Comercial de Itabira MG","article_published_time":"2026-05-16T09:31:59+00:00","og_image":[{"url":"https:\/\/www.encontraminasgerais.com.br\/itabira\/wp-content\/uploads\/2026\/05\/fiemg-vale-do-aco-e-sindimiva-promovem-giro-pela-regional-em-itabira.webp","type":"","width":"","height":""}],"author":"Encontra Itabira","twitter_card":"summary_large_image","twitter_misc":{"Escrito por":"Encontra Itabira","Est. tempo de leitura":"4 minutos"},"schema":{"@context":"https:\/\/schema.org","@graph":[{"@type":"Article","@id":"https:\/\/www.encontraminasgerais.com.br\/itabira\/fiemg-vale-do-aco-e-sindimiva-promovem-giro-pela-regional-em-itabira\/#article","isPartOf":{"@id":"https:\/\/www.encontraminasgerais.com.br\/itabira\/fiemg-vale-do-aco-e-sindimiva-promovem-giro-pela-regional-em-itabira\/"},"author":{"name":"Encontra Itabira","@id":"https:\/\/www.encontraminasgerais.com.br\/itabira\/#\/schema\/person\/9ae8a8f5ce59322c92e2499b550870b0"},"headline":"FIEMG Vale do A\u00e7o e SINDIMIVA promovem Giro pela Regional em Itabira","datePublished":"2026-05-16T09:31:59+00:00","mainEntityOfPage":{"@id":"https:\/\/www.encontraminasgerais.com.br\/itabira\/fiemg-vale-do-aco-e-sindimiva-promovem-giro-pela-regional-em-itabira\/"},"wordCount":777,"commentCount":0,"image":{"@id":"https:\/\/www.encontraminasgerais.com.br\/itabira\/fiemg-vale-do-aco-e-sindimiva-promovem-giro-pela-regional-em-itabira\/#primaryimage"},"thumbnailUrl":"https:\/\/www.encontraminasgerais.com.br\/itabira\/wp-content\/uploads\/2026\/05\/fiemg-vale-do-aco-e-sindimiva-promovem-giro-pela-regional-em-itabira.webp","articleSection":["Not\u00edcias Itabira"],"inLanguage":"pt-BR","potentialAction":[{"@type":"CommentAction","name":"Comment","target":["https:\/\/www.encontraminasgerais.com.br\/itabira\/fiemg-vale-do-aco-e-sindimiva-promovem-giro-pela-regional-em-itabira\/#respond"]}]},{"@type":"WebPage","@id":"https:\/\/www.encontraminasgerais.com.br\/itabira\/fiemg-vale-do-aco-e-sindimiva-promovem-giro-pela-regional-em-itabira\/","url":"https:\/\/www.encontraminasgerais.com.br\/itabira\/fiemg-vale-do-aco-e-sindimiva-promovem-giro-pela-regional-em-itabira\/","name":"FIEMG Vale do A\u00e7o e SINDIMIVA promovem Giro pela Regional em Itabira | Guia Comercial de Itabira MG","isPartOf":{"@id":"https:\/\/www.encontraminasgerais.com.br\/itabira\/#website"},"primaryImageOfPage":{"@id":"https:\/\/www.encontraminasgerais.com.br\/itabira\/fiemg-vale-do-aco-e-sindimiva-promovem-giro-pela-regional-em-itabira\/#primaryimage"},"image":{"@id":"https:\/\/www.encontraminasgerais.com.br\/itabira\/fiemg-vale-do-aco-e-sindimiva-promovem-giro-pela-regional-em-itabira\/#primaryimage"},"thumbnailUrl":"https:\/\/www.encontraminasgerais.com.br\/itabira\/wp-content\/uploads\/2026\/05\/fiemg-vale-do-aco-e-sindimiva-promovem-giro-pela-regional-em-itabira.webp","datePublished":"2026-05-16T09:31:59+00:00","author":{"@id":"https:\/\/www.encontraminasgerais.com.br\/itabira\/#\/schema\/person\/9ae8a8f5ce59322c92e2499b550870b0"},"inLanguage":"pt-BR","potentialAction":[{"@type":"ReadAction","target":["https:\/\/www.encontraminasgerais.com.br\/itabira\/fiemg-vale-do-aco-e-sindimiva-promovem-giro-pela-regional-em-itabira\/"]}]},{"@type":"ImageObject","inLanguage":"pt-BR","@id":"https:\/\/www.encontraminasgerais.com.br\/itabira\/fiemg-vale-do-aco-e-sindimiva-promovem-giro-pela-regional-em-itabira\/#primaryimage","url":"https:\/\/www.encontraminasgerais.com.br\/itabira\/wp-content\/uploads\/2026\/05\/fiemg-vale-do-aco-e-sindimiva-promovem-giro-pela-regional-em-itabira.webp","contentUrl":"https:\/\/www.encontraminasgerais.com.br\/itabira\/wp-content\/uploads\/2026\/05\/fiemg-vale-do-aco-e-sindimiva-promovem-giro-pela-regional-em-itabira.webp","width":280,"height":280,"caption":"Giro pela Regional"},{"@type":"WebSite","@id":"https:\/\/www.encontraminasgerais.com.br\/itabira\/#website","url":"https:\/\/www.encontraminasgerais.com.br\/itabira\/","name":"Guia Comercial de Itabira MG","description":"ENCONTRA ITABIRA - O guia comercial de neg\u00f3cios e empresas, cultura e divers\u00e3o na cidade de Itabira. Feito 100% para voc\u00ea morador!","potentialAction":[{"@type":"SearchAction","target":{"@type":"EntryPoint","urlTemplate":"https:\/\/www.encontraminasgerais.com.br\/itabira\/?s={search_term_string}"},"query-input":{"@type":"PropertyValueSpecification","valueRequired":true,"valueName":"search_term_string"}}],"inLanguage":"pt-BR"},{"@type":"Person","@id":"https:\/\/www.encontraminasgerais.com.br\/itabira\/#\/schema\/person\/9ae8a8f5ce59322c92e2499b550870b0","name":"Encontra Itabira","image":{"@type":"ImageObject","inLanguage":"pt-BR","@id":"https:\/\/secure.gravatar.com\/avatar\/c50c17820bcf322f0a8fd6b110b8c0918141409dc69076470f6fca5fee70a5d4?s=96&d=mm&r=g","url":"https:\/\/secure.gravatar.com\/avatar\/c50c17820bcf322f0a8fd6b110b8c0918141409dc69076470f6fca5fee70a5d4?s=96&d=mm&r=g","contentUrl":"https:\/\/secure.gravatar.com\/avatar\/c50c17820bcf322f0a8fd6b110b8c0918141409dc69076470f6fca5fee70a5d4?s=96&d=mm&r=g","caption":"Encontra Itabira"},"url":"https:\/\/www.encontraminasgerais.com.br\/itabira\/author\/encontraitabira\/"}]}},"_links":{"self":[{"href":"https:\/\/www.encontraminasgerais.com.br\/itabira\/wp-json\/wp\/v2\/posts\/5732","targetHints":{"allow":["GET"]}}],"collection":[{"href":"https:\/\/www.encontraminasgerais.com.br\/itabira\/wp-json\/wp\/v2\/posts"}],"about":[{"href":"https:\/\/www.encontraminasgerais.com.br\/itabira\/wp-json\/wp\/v2\/types\/post"}],"author":[{"embeddable":true,"href":"https:\/\/www.encontraminasgerais.com.br\/itabira\/wp-json\/wp\/v2\/users\/1"}],"replies":[{"embeddable":true,"href":"https:\/\/www.encontraminasgerais.com.br\/itabira\/wp-json\/wp\/v2\/comments?post=5732"}],"version-history":[{"count":0,"href":"https:\/\/www.encontraminasgerais.com.br\/itabira\/wp-json\/wp\/v2\/posts\/5732\/revisions"}],"wp:featuredmedia":[{"embeddable":true,"href":"https:\/\/www.encontraminasgerais.com.br\/itabira\/wp-json\/wp\/v2\/media\/5731"}],"wp:attachment":[{"href":"https:\/\/www.encontraminasgerais.com.br\/itabira\/wp-json\/wp\/v2\/media?parent=5732"}],"wp:term":[{"taxonomy":"category","embeddable":true,"href":"https:\/\/www.encontraminasgerais.com.br\/itabira\/wp-json\/wp\/v2\/categories?post=5732"},{"taxonomy":"post_tag","embeddable":true,"href":"https:\/\/www.encontraminasgerais.com.br\/itabira\/wp-json\/wp\/v2\/tags?post=5732"}],"curies":[{"name":"wp","href":"https:\/\/api.w.org\/{rel}","templated":true}]}}