{"id":5742,"date":"2026-05-19T06:32:58","date_gmt":"2026-05-19T09:32:58","guid":{"rendered":"https:\/\/www.encontraminasgerais.com.br\/itabira\/vereadores-de-santa-maria-de-itabira-solicitam-prorrogacao-de-concurso-publico-ao-prefeito-andre-torres\/"},"modified":"2026-05-19T06:32:58","modified_gmt":"2026-05-19T09:32:58","slug":"vereadores-de-santa-maria-de-itabira-solicitam-prorrogacao-de-concurso-publico-ao-prefeito-andre-torres","status":"publish","type":"post","link":"https:\/\/www.encontraminasgerais.com.br\/itabira\/vereadores-de-santa-maria-de-itabira-solicitam-prorrogacao-de-concurso-publico-ao-prefeito-andre-torres\/","title":{"rendered":"Vereadores de Santa Maria de Itabira solicitam prorroga\u00e7\u00e3o de concurso p\u00fablico ao prefeito Andr\u00e9 Torres"},"content":{"rendered":"<h2>O que motivou a solicita\u00e7\u00e3o dos vereadores?<\/h2>\n<p>Recentemente, os vereadores da cidade de Santa Maria de Itabira, em Minas Gerais, apresentaram um of\u00edcio ao prefeito Andr\u00e9 L\u00facio Torres, solicitando a prorroga\u00e7\u00e3o do Concurso P\u00fablico estabelecido pelo Edital n\u00ba 01\/2023, gerido pelo Instituto Brasileiro de Gest\u00e3o P\u00fablica (IBGP). Este pedido foi fundamentado em diversas solicita\u00e7\u00f5es provenientes da comunidade, que expressaram a necessidade de um maior per\u00edodo de validade para o concurso.<\/p>\n<p>Os parlamentares argumentam que a prorroga\u00e7\u00e3o \u00e9 uma resposta \u00e0s demandas cont\u00ednuas da popula\u00e7\u00e3o e se insere dentro do interesse p\u00fablico, uma vez que existem candidatos que foram aprovados e est\u00e3o \u00e0 espera de nomea\u00e7\u00f5es. Essa medida visa n\u00e3o s\u00f3 atender a essas pessoas, mas tamb\u00e9m otimizar a administra\u00e7\u00e3o p\u00fablica local.<\/p>\n<h2>Detalhes do concurso p\u00fablico Edital n\u00ba 01\/2023<\/h2>\n<p>O concurso p\u00fablico mencionado, regido pelo Edital n\u00ba 01\/2023, foi desenvolvido com o objetivo de preencher vagas em diversos setores da administra\u00e7\u00e3o p\u00fablica de Santa Maria de Itabira. As etapas do certame inclu\u00edram provas objetivas e, em alguns casos, avalia\u00e7\u00f5es pr\u00e1ticas, para garantir que os candidatos selecionados possuam as compet\u00eancias adequadas para as fun\u00e7\u00f5es desejadas.<\/p>\n<p><img decoding=\"async\" src=\"https:\/\/www.encontraminasgerais.com.br\/itabira\/wp-content\/uploads\/2026\/05\/vereadores-de-santa-maria-de-itabira-solicitam-prorrogacao-de-concurso-publico-ao-prefeito-andre-tor.webp\" alt=\"prorroga\u00e7\u00e3o de concurso p\u00fablico\" loading=\"lazy\" \/><\/p>\n<p>Os cargos oferecidos abrangeram diferentes \u00e1reas, permitindo uma ampla participa\u00e7\u00e3o da popula\u00e7\u00e3o. Os requisitos para candidatura variaram conforme o n\u00edvel de escolaridade e as especificidades de cada fun\u00e7\u00e3o, o que fez com que muitos cidad\u00e3os manifestassem interesse em participar do processo seletivo.<\/p>\n<h2>A import\u00e2ncia da prorroga\u00e7\u00e3o para a gest\u00e3o p\u00fablica<\/h2>\n<p>A prorroga\u00e7\u00e3o do prazo de validade do concurso \u00e9 consider\u00e1vel para a gest\u00e3o p\u00fablica por v\u00e1rios motivos. Primeiramente, possibilita a utiliza\u00e7\u00e3o dos candidatos que j\u00e1 foram aprovados sem a necessidade de um novo concurso, o que gera economia para os cofres p\u00fablicos. Al\u00e9m disso, assegura que os servi\u00e7os p\u00fablicos possam ser prestados por profissionais qualificados, que j\u00e1 demonstraram suas capacidades durante o certame.<\/p>\n<p>Essa medida tamb\u00e9m reduz o tempo que os \u00f3rg\u00e3os p\u00fablicos gastariam organizando um novo processo seletivo, o que pode ser demorado e dispendioso. Portanto, a prorroga\u00e7\u00e3o \u00e9 uma estrat\u00e9gia que n\u00e3o apenas evita complexidades log\u00edsticas e administrativas, mas tamb\u00e9m contribui para uma gest\u00e3o p\u00fablica mais eficiente e eficaz.<\/p>\n<h2>Como a prorroga\u00e7\u00e3o pode beneficiar candidatos aprovados?<\/h2>\n<p>Os candidatos j\u00e1 aprovados se beneficiam diretamente da prorroga\u00e7\u00e3o do concurso, pois isso lhes oferece a oportunidade de serem convocados para assumir as posi\u00e7\u00f5es dispon\u00edveis. Essa situa\u00e7\u00e3o traz seguran\u00e7a e incentivo para aqueles que dedicaram tempo e recursos para se prepararem para a sele\u00e7\u00e3o.<\/p>\n<p>A prorroga\u00e7\u00e3o valoriza o esfor\u00e7o dos candidatos, reconhecendo seu potencial e dedica\u00e7\u00e3o, ao mesmo tempo em que permite que a administra\u00e7\u00e3o p\u00fablica utilize os talentos dispon\u00edveis sem precisar reiniciar todo o processo de sele\u00e7\u00e3o.<\/p>\n<h2>A resposta da comunidade e expectativas futuras<\/h2>\n<p>A solicita\u00e7\u00e3o da prorroga\u00e7\u00e3o do concurso tem gerado repercuss\u00f5es positivas na comunidade local. Muitos cidad\u00e3os expressaram apoio \u00e0 proposta, alinhando-se aos vereadores na expectativa de que a administra\u00e7\u00e3o municipal atenda \u00e0 solicita\u00e7\u00e3o. Essa situa\u00e7\u00e3o reflete um di\u00e1logo ativo entre a popula\u00e7\u00e3o e seus representantes.<\/p>\n<p>As expectativas para o futuro s\u00e3o otimistas, pois a prorroga\u00e7\u00e3o pode n\u00e3o apenas promover o uso adequado dos recursos humanos j\u00e1 qualificados, mas tamb\u00e9m aumentar a confian\u00e7a da popula\u00e7\u00e3o no trabalho do prefeito e na C\u00e2mara Municipal. O sucesso dessa iniciativa pode representar um passo importante na consolida\u00e7\u00e3o de um governo mais pr\u00f3ximo e responsivo \u00e0s necessidades da sociedade.<\/p>\n<h2>Aspectos legais sobre a validade de concursos p\u00fablicos<\/h2>\n<p>De acordo com a legisla\u00e7\u00e3o brasileira, os concursos p\u00fablicos possuem uma validade legal que deve ser respeitada. Geralmente, essa validade \u00e9 de dois anos, com possibilidade de prorroga\u00e7\u00e3o por mais dois anos, conforme a Lei de Responsabilidade Fiscal e as diretrizes da administra\u00e7\u00e3o p\u00fablica. A solicita\u00e7\u00e3o de prorroga\u00e7\u00e3o, portanto, deve estar amparada pela lei e justificada aos \u00f3rg\u00e3os competentes.<\/p>\n<p>Os vereadores, ao pedirem a prorroga\u00e7\u00e3o, referenciam a legisla\u00e7\u00e3o vigente e as normas estabelecidas, garantindo que a decis\u00e3o analisada pelo Executivo n\u00e3o apenas respeite o que est\u00e1 previsto em lei, mas tamb\u00e9m atenda \u00e0s necessidades do munic\u00edpio.<\/p>\n<h2>O papel dos vereadores na fiscaliza\u00e7\u00e3o e proposta de melhorias<\/h2>\n<p>Os vereadores desempenham uma fun\u00e7\u00e3o essencial na fiscaliza\u00e7\u00e3o da administra\u00e7\u00e3o p\u00fablica e na proposi\u00e7\u00e3o de melhorias que beneficiam a popula\u00e7\u00e3o. Nesse caso, a iniciativa de solicitar a prorroga\u00e7\u00e3o do concurso demonstra a atua\u00e7\u00e3o ativa dos representantes em quest\u00f5es que impactam diretamente a capacidade de atendimento \u00e0 popula\u00e7\u00e3o.<\/p>\n<p>Al\u00e9m disso, ao agir em conson\u00e2ncia com as demandas da sociedade, os vereadores fortalecem a imagem da C\u00e2mara Municipal e promovem o engajamento c\u00edvico, vital para o funcionamento das democracias. Transpar\u00eancia e participa\u00e7\u00e3o popular s\u00e3o fundamentais para a constru\u00e7\u00e3o de pol\u00edticas p\u00fablicas mais eficazes.<\/p>\n<h2>Impactos financeiros da prorroga\u00e7\u00e3o para o munic\u00edpio<\/h2>\n<p>Do ponto de vista financeiro, a prorroga\u00e7\u00e3o do concurso pode trazer significativas economias para o munic\u00edpio. Ao utilizar candidatos j\u00e1 aprovados, a administra\u00e7\u00e3o evita gastos com a realiza\u00e7\u00e3o de um novo concurso, que envolve custos diretos como taxas de inscri\u00e7\u00e3o, impress\u00f5es de materiais e remunera\u00e7\u00e3o de profissionais para elabora\u00e7\u00e3o e corre\u00e7\u00e3o das provas.<\/p>\n<p>Al\u00e9m disso, a contrata\u00e7\u00e3o de servidores que j\u00e1 passaram por um rigoroso processo de sele\u00e7\u00e3o \u00e9 um investimento seguro, minimizando os riscos de contrata\u00e7\u00f5es inadequadas. A transpar\u00eancia nas a\u00e7\u00f5es administrativas tamb\u00e9m contribui para a confian\u00e7a da popula\u00e7\u00e3o na gest\u00e3o p\u00fablica e no manejo de recursos.<\/p>\n<h2>Desafios enfrentados na gest\u00e3o de pessoas no servi\u00e7o p\u00fablico<\/h2>\n<p>A gest\u00e3o de pessoas no servi\u00e7o p\u00fablico \u00e9 repleta de desafios, especialmente em uma \u00e9poca em que a efici\u00eancia e a transpar\u00eancia s\u00e3o mais exigidas. Um dos principais desafios \u00e9 manter a moral e a motiva\u00e7\u00e3o dos servidores, que s\u00e3o essenciais para um servi\u00e7o p\u00fablico eficaz.<\/p>\n<p>A prorroga\u00e7\u00e3o do concurso \u00e9 uma resposta a esses desafios, pois gera uma alternativa vi\u00e1vel para garantir que profissionais competentes sejam inseridos nos \u00f3rg\u00e3os p\u00fablicos. O fortalecimento da equipe de trabalho \u00e9 um fator determinante para o aprimoramento do servi\u00e7o prestado \u00e0 popula\u00e7\u00e3o.<\/p>\n<h2>Pr\u00f3ximos passos ap\u00f3s a solicita\u00e7\u00e3o ao prefeito<\/h2>\n<p>Ap\u00f3s a solicita\u00e7\u00e3o formal ao prefeito Andr\u00e9 L\u00facio Torres, espera-se que a administra\u00e7\u00e3o municipal analise o pedido e adote as medidas necess\u00e1rias para atender \u00e0 demanda da C\u00e2mara Municipal. Esse processo pode incluir a realiza\u00e7\u00e3o de reuni\u00f5es para discutir os impactos da prorroga\u00e7\u00e3o e avaliar como ela pode ser implementada na pr\u00e1tica.<\/p>\n<p>Al\u00e9m disso, a popula\u00e7\u00e3o deve ser mantida informada sobre o andamento dessa solicita\u00e7\u00e3o, garantindo transpar\u00eancia e abertura ao di\u00e1logo. O acompanhamento da situa\u00e7\u00e3o por parte dos vereadores tamb\u00e9m \u00e9 fundamental para que se possa fomentar a participa\u00e7\u00e3o popular e continuar construindo um governo municipal que preze pela proximidade com seus cidad\u00e3os.<\/p>\n","protected":false},"excerpt":{"rendered":"<p>Vereadores pedem prorroga\u00e7\u00e3o do concurso p\u00fablico em Santa Maria de Itabira.<\/p>\n","protected":false},"author":1,"featured_media":5741,"comment_status":"open","ping_status":"open","sticky":false,"template":"","format":"standard","meta":{"footnotes":""},"categories":[5],"tags":[],"class_list":["post-5742","post","type-post","status-publish","format-standard","has-post-thumbnail","hentry","category-noticias","has_thumb"],"yoast_head":"<!-- This site is optimized with the Yoast SEO plugin v28.1 - https:\/\/yoast.com\/product\/yoast-seo-wordpress\/ -->\n<title>Vereadores de Santa Maria de Itabira solicitam prorroga\u00e7\u00e3o de concurso p\u00fablico ao prefeito Andr\u00e9 Torres | Guia Comercial de Itabira MG<\/title>\n<meta name=\"robots\" content=\"index, follow, max-snippet:-1, max-image-preview:large, max-video-preview:-1\" \/>\n<link rel=\"canonical\" href=\"https:\/\/www.encontraminasgerais.com.br\/itabira\/vereadores-de-santa-maria-de-itabira-solicitam-prorrogacao-de-concurso-publico-ao-prefeito-andre-torres\/\" \/>\n<meta property=\"og:locale\" content=\"pt_BR\" \/>\n<meta property=\"og:type\" content=\"article\" \/>\n<meta property=\"og:title\" content=\"Vereadores de Santa Maria de Itabira solicitam prorroga\u00e7\u00e3o de concurso p\u00fablico ao prefeito Andr\u00e9 Torres | Guia Comercial de Itabira MG\" \/>\n<meta property=\"og:description\" content=\"Vereadores pedem prorroga\u00e7\u00e3o do concurso p\u00fablico em Santa Maria de Itabira.\" \/>\n<meta property=\"og:url\" content=\"https:\/\/www.encontraminasgerais.com.br\/itabira\/vereadores-de-santa-maria-de-itabira-solicitam-prorrogacao-de-concurso-publico-ao-prefeito-andre-torres\/\" \/>\n<meta property=\"og:site_name\" content=\"Guia Comercial de Itabira MG\" \/>\n<meta property=\"article:published_time\" content=\"2026-05-19T09:32:58+00:00\" \/>\n<meta property=\"og:image\" content=\"https:\/\/www.encontraminasgerais.com.br\/itabira\/wp-content\/uploads\/2026\/05\/vereadores-de-santa-maria-de-itabira-solicitam-prorrogacao-de-concurso-publico-ao-prefeito-andre-tor.webp\" \/>\n<meta name=\"author\" content=\"Encontra Itabira\" \/>\n<meta name=\"twitter:card\" content=\"summary_large_image\" \/>\n<meta name=\"twitter:label1\" content=\"Escrito por\" \/>\n\t<meta name=\"twitter:data1\" content=\"Encontra Itabira\" \/>\n\t<meta name=\"twitter:label2\" content=\"Est. tempo de leitura\" \/>\n\t<meta name=\"twitter:data2\" content=\"6 minutos\" \/>\n<script type=\"application\/ld+json\" class=\"yoast-schema-graph\">{\"@context\":\"https:\\\/\\\/schema.org\",\"@graph\":[{\"@type\":\"Article\",\"@id\":\"https:\\\/\\\/www.encontraminasgerais.com.br\\\/itabira\\\/vereadores-de-santa-maria-de-itabira-solicitam-prorrogacao-de-concurso-publico-ao-prefeito-andre-torres\\\/#article\",\"isPartOf\":{\"@id\":\"https:\\\/\\\/www.encontraminasgerais.com.br\\\/itabira\\\/vereadores-de-santa-maria-de-itabira-solicitam-prorrogacao-de-concurso-publico-ao-prefeito-andre-torres\\\/\"},\"author\":{\"name\":\"Encontra Itabira\",\"@id\":\"https:\\\/\\\/www.encontraminasgerais.com.br\\\/itabira\\\/#\\\/schema\\\/person\\\/9ae8a8f5ce59322c92e2499b550870b0\"},\"headline\":\"Vereadores de Santa Maria de Itabira solicitam prorroga\u00e7\u00e3o de concurso p\u00fablico ao prefeito Andr\u00e9 Torres\",\"datePublished\":\"2026-05-19T09:32:58+00:00\",\"mainEntityOfPage\":{\"@id\":\"https:\\\/\\\/www.encontraminasgerais.com.br\\\/itabira\\\/vereadores-de-santa-maria-de-itabira-solicitam-prorrogacao-de-concurso-publico-ao-prefeito-andre-torres\\\/\"},\"wordCount\":1243,\"commentCount\":0,\"image\":{\"@id\":\"https:\\\/\\\/www.encontraminasgerais.com.br\\\/itabira\\\/vereadores-de-santa-maria-de-itabira-solicitam-prorrogacao-de-concurso-publico-ao-prefeito-andre-torres\\\/#primaryimage\"},\"thumbnailUrl\":\"https:\\\/\\\/www.encontraminasgerais.com.br\\\/itabira\\\/wp-content\\\/uploads\\\/2026\\\/05\\\/vereadores-de-santa-maria-de-itabira-solicitam-prorrogacao-de-concurso-publico-ao-prefeito-andre-tor.webp\",\"articleSection\":[\"Not\u00edcias Itabira\"],\"inLanguage\":\"pt-BR\",\"potentialAction\":[{\"@type\":\"CommentAction\",\"name\":\"Comment\",\"target\":[\"https:\\\/\\\/www.encontraminasgerais.com.br\\\/itabira\\\/vereadores-de-santa-maria-de-itabira-solicitam-prorrogacao-de-concurso-publico-ao-prefeito-andre-torres\\\/#respond\"]}]},{\"@type\":\"WebPage\",\"@id\":\"https:\\\/\\\/www.encontraminasgerais.com.br\\\/itabira\\\/vereadores-de-santa-maria-de-itabira-solicitam-prorrogacao-de-concurso-publico-ao-prefeito-andre-torres\\\/\",\"url\":\"https:\\\/\\\/www.encontraminasgerais.com.br\\\/itabira\\\/vereadores-de-santa-maria-de-itabira-solicitam-prorrogacao-de-concurso-publico-ao-prefeito-andre-torres\\\/\",\"name\":\"Vereadores de Santa Maria de Itabira solicitam prorroga\u00e7\u00e3o de concurso p\u00fablico ao prefeito Andr\u00e9 Torres | Guia Comercial de Itabira MG\",\"isPartOf\":{\"@id\":\"https:\\\/\\\/www.encontraminasgerais.com.br\\\/itabira\\\/#website\"},\"primaryImageOfPage\":{\"@id\":\"https:\\\/\\\/www.encontraminasgerais.com.br\\\/itabira\\\/vereadores-de-santa-maria-de-itabira-solicitam-prorrogacao-de-concurso-publico-ao-prefeito-andre-torres\\\/#primaryimage\"},\"image\":{\"@id\":\"https:\\\/\\\/www.encontraminasgerais.com.br\\\/itabira\\\/vereadores-de-santa-maria-de-itabira-solicitam-prorrogacao-de-concurso-publico-ao-prefeito-andre-torres\\\/#primaryimage\"},\"thumbnailUrl\":\"https:\\\/\\\/www.encontraminasgerais.com.br\\\/itabira\\\/wp-content\\\/uploads\\\/2026\\\/05\\\/vereadores-de-santa-maria-de-itabira-solicitam-prorrogacao-de-concurso-publico-ao-prefeito-andre-tor.webp\",\"datePublished\":\"2026-05-19T09:32:58+00:00\",\"author\":{\"@id\":\"https:\\\/\\\/www.encontraminasgerais.com.br\\\/itabira\\\/#\\\/schema\\\/person\\\/9ae8a8f5ce59322c92e2499b550870b0\"},\"inLanguage\":\"pt-BR\",\"potentialAction\":[{\"@type\":\"ReadAction\",\"target\":[\"https:\\\/\\\/www.encontraminasgerais.com.br\\\/itabira\\\/vereadores-de-santa-maria-de-itabira-solicitam-prorrogacao-de-concurso-publico-ao-prefeito-andre-torres\\\/\"]}]},{\"@type\":\"ImageObject\",\"inLanguage\":\"pt-BR\",\"@id\":\"https:\\\/\\\/www.encontraminasgerais.com.br\\\/itabira\\\/vereadores-de-santa-maria-de-itabira-solicitam-prorrogacao-de-concurso-publico-ao-prefeito-andre-torres\\\/#primaryimage\",\"url\":\"https:\\\/\\\/www.encontraminasgerais.com.br\\\/itabira\\\/wp-content\\\/uploads\\\/2026\\\/05\\\/vereadores-de-santa-maria-de-itabira-solicitam-prorrogacao-de-concurso-publico-ao-prefeito-andre-tor.webp\",\"contentUrl\":\"https:\\\/\\\/www.encontraminasgerais.com.br\\\/itabira\\\/wp-content\\\/uploads\\\/2026\\\/05\\\/vereadores-de-santa-maria-de-itabira-solicitam-prorrogacao-de-concurso-publico-ao-prefeito-andre-tor.webp\",\"width\":280,\"height\":280,\"caption\":\"prorroga\u00e7\u00e3o de concurso p\u00fablico\"},{\"@type\":\"WebSite\",\"@id\":\"https:\\\/\\\/www.encontraminasgerais.com.br\\\/itabira\\\/#website\",\"url\":\"https:\\\/\\\/www.encontraminasgerais.com.br\\\/itabira\\\/\",\"name\":\"Guia Comercial de Itabira MG\",\"description\":\"ENCONTRA ITABIRA - O guia comercial de neg\u00f3cios e empresas, cultura e divers\u00e3o na cidade de Itabira. Feito 100% para voc\u00ea morador!\",\"potentialAction\":[{\"@type\":\"SearchAction\",\"target\":{\"@type\":\"EntryPoint\",\"urlTemplate\":\"https:\\\/\\\/www.encontraminasgerais.com.br\\\/itabira\\\/?s={search_term_string}\"},\"query-input\":{\"@type\":\"PropertyValueSpecification\",\"valueRequired\":true,\"valueName\":\"search_term_string\"}}],\"inLanguage\":\"pt-BR\"},{\"@type\":\"Person\",\"@id\":\"https:\\\/\\\/www.encontraminasgerais.com.br\\\/itabira\\\/#\\\/schema\\\/person\\\/9ae8a8f5ce59322c92e2499b550870b0\",\"name\":\"Encontra Itabira\",\"image\":{\"@type\":\"ImageObject\",\"inLanguage\":\"pt-BR\",\"@id\":\"https:\\\/\\\/secure.gravatar.com\\\/avatar\\\/c50c17820bcf322f0a8fd6b110b8c0918141409dc69076470f6fca5fee70a5d4?s=96&d=mm&r=g\",\"url\":\"https:\\\/\\\/secure.gravatar.com\\\/avatar\\\/c50c17820bcf322f0a8fd6b110b8c0918141409dc69076470f6fca5fee70a5d4?s=96&d=mm&r=g\",\"contentUrl\":\"https:\\\/\\\/secure.gravatar.com\\\/avatar\\\/c50c17820bcf322f0a8fd6b110b8c0918141409dc69076470f6fca5fee70a5d4?s=96&d=mm&r=g\",\"caption\":\"Encontra Itabira\"},\"url\":\"https:\\\/\\\/www.encontraminasgerais.com.br\\\/itabira\\\/author\\\/encontraitabira\\\/\"}]}<\/script>\n<!-- \/ Yoast SEO plugin. -->","yoast_head_json":{"title":"Vereadores de Santa Maria de Itabira solicitam prorroga\u00e7\u00e3o de concurso p\u00fablico ao prefeito Andr\u00e9 Torres | Guia Comercial de Itabira MG","robots":{"index":"index","follow":"follow","max-snippet":"max-snippet:-1","max-image-preview":"max-image-preview:large","max-video-preview":"max-video-preview:-1"},"canonical":"https:\/\/www.encontraminasgerais.com.br\/itabira\/vereadores-de-santa-maria-de-itabira-solicitam-prorrogacao-de-concurso-publico-ao-prefeito-andre-torres\/","og_locale":"pt_BR","og_type":"article","og_title":"Vereadores de Santa Maria de Itabira solicitam prorroga\u00e7\u00e3o de concurso p\u00fablico ao prefeito Andr\u00e9 Torres | Guia Comercial de Itabira MG","og_description":"Vereadores pedem prorroga\u00e7\u00e3o do concurso p\u00fablico em Santa Maria de Itabira.","og_url":"https:\/\/www.encontraminasgerais.com.br\/itabira\/vereadores-de-santa-maria-de-itabira-solicitam-prorrogacao-de-concurso-publico-ao-prefeito-andre-torres\/","og_site_name":"Guia Comercial de Itabira MG","article_published_time":"2026-05-19T09:32:58+00:00","og_image":[{"url":"https:\/\/www.encontraminasgerais.com.br\/itabira\/wp-content\/uploads\/2026\/05\/vereadores-de-santa-maria-de-itabira-solicitam-prorrogacao-de-concurso-publico-ao-prefeito-andre-tor.webp","type":"","width":"","height":""}],"author":"Encontra Itabira","twitter_card":"summary_large_image","twitter_misc":{"Escrito por":"Encontra Itabira","Est. tempo de leitura":"6 minutos"},"schema":{"@context":"https:\/\/schema.org","@graph":[{"@type":"Article","@id":"https:\/\/www.encontraminasgerais.com.br\/itabira\/vereadores-de-santa-maria-de-itabira-solicitam-prorrogacao-de-concurso-publico-ao-prefeito-andre-torres\/#article","isPartOf":{"@id":"https:\/\/www.encontraminasgerais.com.br\/itabira\/vereadores-de-santa-maria-de-itabira-solicitam-prorrogacao-de-concurso-publico-ao-prefeito-andre-torres\/"},"author":{"name":"Encontra Itabira","@id":"https:\/\/www.encontraminasgerais.com.br\/itabira\/#\/schema\/person\/9ae8a8f5ce59322c92e2499b550870b0"},"headline":"Vereadores de Santa Maria de Itabira solicitam prorroga\u00e7\u00e3o de concurso p\u00fablico ao prefeito Andr\u00e9 Torres","datePublished":"2026-05-19T09:32:58+00:00","mainEntityOfPage":{"@id":"https:\/\/www.encontraminasgerais.com.br\/itabira\/vereadores-de-santa-maria-de-itabira-solicitam-prorrogacao-de-concurso-publico-ao-prefeito-andre-torres\/"},"wordCount":1243,"commentCount":0,"image":{"@id":"https:\/\/www.encontraminasgerais.com.br\/itabira\/vereadores-de-santa-maria-de-itabira-solicitam-prorrogacao-de-concurso-publico-ao-prefeito-andre-torres\/#primaryimage"},"thumbnailUrl":"https:\/\/www.encontraminasgerais.com.br\/itabira\/wp-content\/uploads\/2026\/05\/vereadores-de-santa-maria-de-itabira-solicitam-prorrogacao-de-concurso-publico-ao-prefeito-andre-tor.webp","articleSection":["Not\u00edcias Itabira"],"inLanguage":"pt-BR","potentialAction":[{"@type":"CommentAction","name":"Comment","target":["https:\/\/www.encontraminasgerais.com.br\/itabira\/vereadores-de-santa-maria-de-itabira-solicitam-prorrogacao-de-concurso-publico-ao-prefeito-andre-torres\/#respond"]}]},{"@type":"WebPage","@id":"https:\/\/www.encontraminasgerais.com.br\/itabira\/vereadores-de-santa-maria-de-itabira-solicitam-prorrogacao-de-concurso-publico-ao-prefeito-andre-torres\/","url":"https:\/\/www.encontraminasgerais.com.br\/itabira\/vereadores-de-santa-maria-de-itabira-solicitam-prorrogacao-de-concurso-publico-ao-prefeito-andre-torres\/","name":"Vereadores de Santa Maria de Itabira solicitam prorroga\u00e7\u00e3o de concurso p\u00fablico ao prefeito Andr\u00e9 Torres | Guia Comercial de Itabira MG","isPartOf":{"@id":"https:\/\/www.encontraminasgerais.com.br\/itabira\/#website"},"primaryImageOfPage":{"@id":"https:\/\/www.encontraminasgerais.com.br\/itabira\/vereadores-de-santa-maria-de-itabira-solicitam-prorrogacao-de-concurso-publico-ao-prefeito-andre-torres\/#primaryimage"},"image":{"@id":"https:\/\/www.encontraminasgerais.com.br\/itabira\/vereadores-de-santa-maria-de-itabira-solicitam-prorrogacao-de-concurso-publico-ao-prefeito-andre-torres\/#primaryimage"},"thumbnailUrl":"https:\/\/www.encontraminasgerais.com.br\/itabira\/wp-content\/uploads\/2026\/05\/vereadores-de-santa-maria-de-itabira-solicitam-prorrogacao-de-concurso-publico-ao-prefeito-andre-tor.webp","datePublished":"2026-05-19T09:32:58+00:00","author":{"@id":"https:\/\/www.encontraminasgerais.com.br\/itabira\/#\/schema\/person\/9ae8a8f5ce59322c92e2499b550870b0"},"inLanguage":"pt-BR","potentialAction":[{"@type":"ReadAction","target":["https:\/\/www.encontraminasgerais.com.br\/itabira\/vereadores-de-santa-maria-de-itabira-solicitam-prorrogacao-de-concurso-publico-ao-prefeito-andre-torres\/"]}]},{"@type":"ImageObject","inLanguage":"pt-BR","@id":"https:\/\/www.encontraminasgerais.com.br\/itabira\/vereadores-de-santa-maria-de-itabira-solicitam-prorrogacao-de-concurso-publico-ao-prefeito-andre-torres\/#primaryimage","url":"https:\/\/www.encontraminasgerais.com.br\/itabira\/wp-content\/uploads\/2026\/05\/vereadores-de-santa-maria-de-itabira-solicitam-prorrogacao-de-concurso-publico-ao-prefeito-andre-tor.webp","contentUrl":"https:\/\/www.encontraminasgerais.com.br\/itabira\/wp-content\/uploads\/2026\/05\/vereadores-de-santa-maria-de-itabira-solicitam-prorrogacao-de-concurso-publico-ao-prefeito-andre-tor.webp","width":280,"height":280,"caption":"prorroga\u00e7\u00e3o de concurso p\u00fablico"},{"@type":"WebSite","@id":"https:\/\/www.encontraminasgerais.com.br\/itabira\/#website","url":"https:\/\/www.encontraminasgerais.com.br\/itabira\/","name":"Guia Comercial de Itabira MG","description":"ENCONTRA ITABIRA - O guia comercial de neg\u00f3cios e empresas, cultura e divers\u00e3o na cidade de Itabira. Feito 100% para voc\u00ea morador!","potentialAction":[{"@type":"SearchAction","target":{"@type":"EntryPoint","urlTemplate":"https:\/\/www.encontraminasgerais.com.br\/itabira\/?s={search_term_string}"},"query-input":{"@type":"PropertyValueSpecification","valueRequired":true,"valueName":"search_term_string"}}],"inLanguage":"pt-BR"},{"@type":"Person","@id":"https:\/\/www.encontraminasgerais.com.br\/itabira\/#\/schema\/person\/9ae8a8f5ce59322c92e2499b550870b0","name":"Encontra Itabira","image":{"@type":"ImageObject","inLanguage":"pt-BR","@id":"https:\/\/secure.gravatar.com\/avatar\/c50c17820bcf322f0a8fd6b110b8c0918141409dc69076470f6fca5fee70a5d4?s=96&d=mm&r=g","url":"https:\/\/secure.gravatar.com\/avatar\/c50c17820bcf322f0a8fd6b110b8c0918141409dc69076470f6fca5fee70a5d4?s=96&d=mm&r=g","contentUrl":"https:\/\/secure.gravatar.com\/avatar\/c50c17820bcf322f0a8fd6b110b8c0918141409dc69076470f6fca5fee70a5d4?s=96&d=mm&r=g","caption":"Encontra Itabira"},"url":"https:\/\/www.encontraminasgerais.com.br\/itabira\/author\/encontraitabira\/"}]}},"_links":{"self":[{"href":"https:\/\/www.encontraminasgerais.com.br\/itabira\/wp-json\/wp\/v2\/posts\/5742","targetHints":{"allow":["GET"]}}],"collection":[{"href":"https:\/\/www.encontraminasgerais.com.br\/itabira\/wp-json\/wp\/v2\/posts"}],"about":[{"href":"https:\/\/www.encontraminasgerais.com.br\/itabira\/wp-json\/wp\/v2\/types\/post"}],"author":[{"embeddable":true,"href":"https:\/\/www.encontraminasgerais.com.br\/itabira\/wp-json\/wp\/v2\/users\/1"}],"replies":[{"embeddable":true,"href":"https:\/\/www.encontraminasgerais.com.br\/itabira\/wp-json\/wp\/v2\/comments?post=5742"}],"version-history":[{"count":0,"href":"https:\/\/www.encontraminasgerais.com.br\/itabira\/wp-json\/wp\/v2\/posts\/5742\/revisions"}],"wp:featuredmedia":[{"embeddable":true,"href":"https:\/\/www.encontraminasgerais.com.br\/itabira\/wp-json\/wp\/v2\/media\/5741"}],"wp:attachment":[{"href":"https:\/\/www.encontraminasgerais.com.br\/itabira\/wp-json\/wp\/v2\/media?parent=5742"}],"wp:term":[{"taxonomy":"category","embeddable":true,"href":"https:\/\/www.encontraminasgerais.com.br\/itabira\/wp-json\/wp\/v2\/categories?post=5742"},{"taxonomy":"post_tag","embeddable":true,"href":"https:\/\/www.encontraminasgerais.com.br\/itabira\/wp-json\/wp\/v2\/tags?post=5742"}],"curies":[{"name":"wp","href":"https:\/\/api.w.org\/{rel}","templated":true}]}}