{"id":5762,"date":"2026-05-22T06:29:46","date_gmt":"2026-05-22T09:29:46","guid":{"rendered":"https:\/\/www.encontraminasgerais.com.br\/itabira\/trem-noturno-entre-vitoria\/"},"modified":"2026-05-22T06:29:46","modified_gmt":"2026-05-22T09:29:46","slug":"trem-noturno-entre-vitoria","status":"publish","type":"post","link":"https:\/\/www.encontraminasgerais.com.br\/itabira\/trem-noturno-entre-vitoria\/","title":{"rendered":"Trem noturno entre Vit\u00f3ria"},"content":{"rendered":"<h2>Hor\u00e1rios de Circula\u00e7\u00e3o do Trem<\/h2>\n<p>O <strong>Trem de F\u00e9rias<\/strong> da Vale ser\u00e1 operado durante todo o m\u00eas de julho, entre os dias 1\u00ba e 31. Durante esse per\u00edodo, os passageiros poder\u00e3o aproveitar viagens noturnas que ligam importantes cidades entre Minas Gerais e o Esp\u00edrito Santo. As sa\u00eddas do trem ser\u00e3o mantidas nos hor\u00e1rios estabelecidos anteriormente, garantindo conforto e praticidade para os viajantes.<\/p>\n<p>As partidas em <strong>Cariacica<\/strong>, no Esp\u00edrito Santo, ocorrer\u00e3o \u00e0s 18h, na Esta\u00e7\u00e3o <strong>Pedro Nolasco<\/strong>, enquanto os viajantes que embarcarem em <strong>Belo Horizonte<\/strong> poder\u00e3o iniciar a jornada \u00e0s 19h. No entanto, \u00e9 importante ressaltar que os hor\u00e1rios de parada podem ser ajustados conforme a din\u00e2mica da opera\u00e7\u00e3o ferrovi\u00e1ria.<\/p>\n<h2>Onde Comprar Passagens para o Trem<\/h2>\n<p>As passagens do Trem de F\u00e9rias j\u00e1 podem ser adquiridas atrav\u00e9s de dois canais principais: nas bilheteiras e pela internet. O custo total para a viagem entre Belo Horizonte e Cariacica \u00e9 de R$ 87 na classe econ\u00f4mica e R$ 125 na classe executiva. Para adquirir os bilhetes:<\/p>\n<p><img decoding=\"async\" src=\"https:\/\/www.encontraminasgerais.com.br\/itabira\/wp-content\/uploads\/2026\/05\/trem-noturno-entre-vitoria.webp\" alt=\"trem noturno entre Vit\u00f3ria-MG\" loading=\"lazy\" \/><\/p>\n<ul>\n<li>Visite as bilheteiras das esta\u00e7\u00f5es durante o hor\u00e1rio de funcionamento.<\/li>\n<li>Acesse o site oficial da <a href=\"https:\/\/www.vale.com\/?utm_source=chatgpt.com\">Vale<\/a> para compra online.<\/li>\n<li>Os bilhetes n\u00e3o estar\u00e3o dispon\u00edveis para compra no local durante as viagens noturnas.<\/li>\n<\/ul>\n<h2>Informa\u00e7\u00f5es sobre o Trem de F\u00e9rias<\/h2>\n<p>O Trem de F\u00e9rias \u00e9 uma iniciativa da Vale que visa proporcionar um meio de transporte alternativo e confort\u00e1vel, especialmente durante os meses de maior movimento. Com o aumento do fluxo de passageiros em julho, a empresa busca atender a demanda crescente, oferecendo mais op\u00e7\u00f5es de deslocamento e promovendo a renova\u00e7\u00e3o da concess\u00e3o ferrovi\u00e1ria em colabora\u00e7\u00e3o com a Ag\u00eancia Nacional de Transportes Terrestres.<\/p>\n<p>Esse servi\u00e7o busca n\u00e3o s\u00f3 aumentar a oferta de transporte, mas tamb\u00e9m priorizar a seguran\u00e7a e o conforto dos usu\u00e1rios. As composi\u00e7\u00f5es do trem contam com vag\u00f5es das classes econ\u00f4mica e executiva, al\u00e9m de elevadores para cadeirantes e \u00e1reas reservadas para pessoas com mobilidade reduzida.<\/p>\n<h2>Conforto e Seguran\u00e7a no Trem Noturno<\/h2>\n<p>O conforto fornece um fator essencial na oferta deste servi\u00e7o noturno. Durante a viagem, os passageiros podem contar com:<\/p>\n<ul>\n<li>Vag\u00f5es equipados com servi\u00e7o de lanchonete, dispon\u00edvel para venda de lanches e refei\u00e7\u00f5es.<\/li>\n<li>Espa\u00e7os acess\u00edveis para pessoas com defici\u00eancia.<\/li>\n<li>Monitoramento de seguran\u00e7a ao longo do percurso, assegurando a tranquilidade dos viajantes.<\/li>\n<\/ul>\n<h2>Pontos de Parada Durante a Viagem<\/h2>\n<p>Os pontos de parada do Trem de F\u00e9rias s\u00e3o bastante estrat\u00e9gicos, permitindo que os usu\u00e1rios de diferentes regi\u00f5es possam embarcar e desembarcar conforme necess\u00e1rio. Confira algumas das paradas durante a rota:<\/p>\n<ul>\n<li><strong>Sentido Esp\u00edrito Santo \u2192 Minas Gerais<\/strong>:<\/li>\n<ul>\n<li>Esta\u00e7\u00e3o Pedro Nolasco \u2014 18h<\/li>\n<li>Esta\u00e7\u00e3o Fund\u00e3o \u2014 19h03<\/li>\n<li>Esta\u00e7\u00e3o Colatina \u2014 20h28<\/li>\n<li>Esta\u00e7\u00e3o Baixo Guandu \u2014 21h14<\/li>\n<li>Esta\u00e7\u00e3o Aimor\u00e9s \u2014 21h23<\/li>\n<li>Esta\u00e7\u00e3o Resplendor \u2014 22h02<\/li>\n<li>Esta\u00e7\u00e3o Conselheiro Pena \u2014 22h37<\/li>\n<li>Esta\u00e7\u00e3o Governador Valadares \u2014 23h58<\/li>\n<li>Esta\u00e7\u00e3o Ipatinga \u2014 1h53<\/li>\n<li>Esta\u00e7\u00e3o Desembargador Drumond \u2014 3h11<\/li>\n<li>Esta\u00e7\u00e3o Rio Piracicaba \u2014 3h55<\/li>\n<li>Esta\u00e7\u00e3o Dois Irm\u00e3os \u2014 5h<\/li>\n<li>Esta\u00e7\u00e3o Belo Horizonte \u2014 7h50<\/li>\n<li>Esta\u00e7\u00e3o Desembargador Drumond \u2192 Itabira \u2014 3h35<\/li>\n<\/ul>\n<li><strong>Sentido Minas Gerais \u2192 Esp\u00edrito Santo<\/strong>:<\/li>\n<ul>\n<li>Esta\u00e7\u00e3o Belo Horizonte \u2014 19h<\/li>\n<li>Esta\u00e7\u00e3o Dois Irm\u00e3os \u2014 20h48<\/li>\n<li>Esta\u00e7\u00e3o Rio Piracicaba \u2014 21h54<\/li>\n<li>Esta\u00e7\u00e3o Desembargador Drumond \u2014 22h36<\/li>\n<li>Esta\u00e7\u00e3o Ipatinga \u2014 23h55<\/li>\n<li>Esta\u00e7\u00e3o Governador Valadares \u2014 1h53<\/li>\n<li>Esta\u00e7\u00e3o Conselheiro Pena \u2014 3h10<\/li>\n<li>Esta\u00e7\u00e3o Resplendor \u2014 3h50<\/li>\n<li>Esta\u00e7\u00e3o Aimor\u00e9s \u2014 4h31<\/li>\n<li>Esta\u00e7\u00e3o Baixo Guandu \u2014 4h41<\/li>\n<li>Esta\u00e7\u00e3o Colatina \u2014 5h29<\/li>\n<li>Esta\u00e7\u00e3o Fund\u00e3o \u2014 6h55<\/li>\n<li>Esta\u00e7\u00e3o Pedro Nolasco \u2014 8h15<\/li>\n<li>Esta\u00e7\u00e3o Itabira \u2192 Desembargador Drumond \u2014 21h<\/li>\n<\/ul>\n<\/ul>\n<h2>Classe Econ\u00f4mica vs Classe Executiva<\/h2>\n<p>Os viajantes podem escolher entre duas op\u00e7\u00f5es de classe, cada uma com suas vantagens:<\/p>\n<ul>\n<li><strong>Classe Econ\u00f4mica:<\/strong> Ideal para aqueles que buscam uma viagem mais acess\u00edvel, com pre\u00e7os mais baixos, enquanto mant\u00eam um n\u00edvel razo\u00e1vel de conforto.<\/li>\n<li><strong>Classe Executiva:<\/strong> Oferece mais comodidades, como assentos mais espa\u00e7osos e em atendimento diferenciado, ideal para quem deseja uma experi\u00eancia mais agrad\u00e1vel durante a viagem.<\/li>\n<\/ul>\n<h2>Promo\u00e7\u00f5es e Pre\u00e7os das Passagens<\/h2>\n<p>Al\u00e9m dos pre\u00e7os padr\u00e3o, os passageiros podem ser beneficiados por promo\u00e7\u00f5es que podem surgir, especialmente nas primeiras semanas de venda. \u00c9 recomend\u00e1vel monitorar o site da Vale para n\u00e3o perder poss\u00edveis ofertas.<\/p>\n<p>Abaixo est\u00e3o os pre\u00e7os habituais:<\/p>\n<ul>\n<li>Classe Econ\u00f4mica \u2014 R$ 87<\/li>\n<li>Classe Executiva \u2014 R$ 125<\/li>\n<\/ul>\n<h2>Dicas para Viajar de Trem<\/h2>\n<p>Para garantir uma viagem tranquila e agrad\u00e1vel, leve em considera\u00e7\u00e3o algumas dicas pr\u00e1ticas:<\/p>\n<ul>\n<li>Chegue com anteced\u00eancia \u00e0 esta\u00e7\u00e3o para evitar contratempos.<\/li>\n<li>Leve \u00e1gua e alguns lanches, mesmo com a lanchonete \u00e0 disposi\u00e7\u00e3o.<\/li>\n<li>Organize sua bagagem de forma que seja f\u00e1cil acess\u00e1-la durante a viagem.<\/li>\n<li>Converse com outros passageiros e aproveite para fazer novas amizades.<\/li>\n<\/ul>\n<h2>Depoimentos de Passageiros<\/h2>\n<p>Passageiros que j\u00e1 utilizaram o Trem de F\u00e9rias frequentemente relatam experi\u00eancias positivas, destacando o conforto e a praticidade do servi\u00e7o. Veja algumas opini\u00f5es:<\/p>\n<ul>\n<li>&#8220;Muito confort\u00e1vel e pr\u00e1tico! Amei viajar de trem com minha fam\u00edlia, foi uma experi\u00eancia incr\u00edvel.&#8221; \u2014 Maria, 35 anos.<\/li>\n<li>&#8220;Adorei o servi\u00e7o de atendimento a bordo, muito gentil! Certamente, utilizarei novamente.&#8221; \u2014 Carlos, 41 anos.<\/li>\n<\/ul>\n<h2>Contato e Informa\u00e7\u00f5es Adicionais<\/h2>\n<p>Para mais informa\u00e7\u00f5es sobre o Trem de F\u00e9rias, d\u00favidas sobre passagens ou hor\u00e1rios, entrar em contato poder\u00e1 ser f\u00e1cil:<\/p>\n<ul>\n<li><strong>Telefone:<\/strong> 0800 285 7000<\/li>\n<li><strong>Website:<\/strong> <a href=\"https:\/\/www.vale.com\/?utm_source=chatgpt.com\">www.vale.com<\/a><\/li>\n<\/ul>\n<p>\\n<\/p>\n<p>Aproveite esta oportunidade de viajar com conforto e seguran\u00e7a no Trem de F\u00e9rias da Vale!<\/p>\n","protected":false},"excerpt":{"rendered":"<p>Descubra como comprar passagens para o trem noturno especial em Vit\u00f3ria-MG agora mesmo.<\/p>\n","protected":false},"author":1,"featured_media":5761,"comment_status":"open","ping_status":"open","sticky":false,"template":"","format":"standard","meta":{"footnotes":""},"categories":[5],"tags":[],"class_list":["post-5762","post","type-post","status-publish","format-standard","has-post-thumbnail","hentry","category-noticias","has_thumb"],"yoast_head":"<!-- This site is optimized with the Yoast SEO plugin v28.1 - https:\/\/yoast.com\/product\/yoast-seo-wordpress\/ -->\n<title>Trem noturno entre Vit\u00f3ria | Guia Comercial de Itabira MG<\/title>\n<meta name=\"robots\" content=\"index, follow, max-snippet:-1, max-image-preview:large, max-video-preview:-1\" \/>\n<link rel=\"canonical\" href=\"https:\/\/www.encontraminasgerais.com.br\/itabira\/trem-noturno-entre-vitoria\/\" \/>\n<meta property=\"og:locale\" content=\"pt_BR\" \/>\n<meta property=\"og:type\" content=\"article\" \/>\n<meta property=\"og:title\" content=\"Trem noturno entre Vit\u00f3ria | Guia Comercial de Itabira MG\" \/>\n<meta property=\"og:description\" content=\"Descubra como comprar passagens para o trem noturno especial em Vit\u00f3ria-MG agora mesmo.\" \/>\n<meta property=\"og:url\" content=\"https:\/\/www.encontraminasgerais.com.br\/itabira\/trem-noturno-entre-vitoria\/\" \/>\n<meta property=\"og:site_name\" content=\"Guia Comercial de Itabira MG\" \/>\n<meta property=\"article:published_time\" content=\"2026-05-22T09:29:46+00:00\" \/>\n<meta property=\"og:image\" content=\"https:\/\/www.encontraminasgerais.com.br\/itabira\/wp-content\/uploads\/2026\/05\/trem-noturno-entre-vitoria.webp\" \/>\n<meta name=\"author\" content=\"Encontra Itabira\" \/>\n<meta name=\"twitter:card\" content=\"summary_large_image\" \/>\n<meta name=\"twitter:label1\" content=\"Escrito por\" \/>\n\t<meta name=\"twitter:data1\" content=\"Encontra Itabira\" \/>\n\t<meta name=\"twitter:label2\" content=\"Est. tempo de leitura\" \/>\n\t<meta name=\"twitter:data2\" content=\"5 minutos\" \/>\n<script type=\"application\/ld+json\" class=\"yoast-schema-graph\">{\"@context\":\"https:\\\/\\\/schema.org\",\"@graph\":[{\"@type\":\"Article\",\"@id\":\"https:\\\/\\\/www.encontraminasgerais.com.br\\\/itabira\\\/trem-noturno-entre-vitoria\\\/#article\",\"isPartOf\":{\"@id\":\"https:\\\/\\\/www.encontraminasgerais.com.br\\\/itabira\\\/trem-noturno-entre-vitoria\\\/\"},\"author\":{\"name\":\"Encontra Itabira\",\"@id\":\"https:\\\/\\\/www.encontraminasgerais.com.br\\\/itabira\\\/#\\\/schema\\\/person\\\/9ae8a8f5ce59322c92e2499b550870b0\"},\"headline\":\"Trem noturno entre Vit\u00f3ria\",\"datePublished\":\"2026-05-22T09:29:46+00:00\",\"mainEntityOfPage\":{\"@id\":\"https:\\\/\\\/www.encontraminasgerais.com.br\\\/itabira\\\/trem-noturno-entre-vitoria\\\/\"},\"wordCount\":929,\"commentCount\":0,\"image\":{\"@id\":\"https:\\\/\\\/www.encontraminasgerais.com.br\\\/itabira\\\/trem-noturno-entre-vitoria\\\/#primaryimage\"},\"thumbnailUrl\":\"https:\\\/\\\/www.encontraminasgerais.com.br\\\/itabira\\\/wp-content\\\/uploads\\\/2026\\\/05\\\/trem-noturno-entre-vitoria.webp\",\"articleSection\":[\"Not\u00edcias Itabira\"],\"inLanguage\":\"pt-BR\",\"potentialAction\":[{\"@type\":\"CommentAction\",\"name\":\"Comment\",\"target\":[\"https:\\\/\\\/www.encontraminasgerais.com.br\\\/itabira\\\/trem-noturno-entre-vitoria\\\/#respond\"]}]},{\"@type\":\"WebPage\",\"@id\":\"https:\\\/\\\/www.encontraminasgerais.com.br\\\/itabira\\\/trem-noturno-entre-vitoria\\\/\",\"url\":\"https:\\\/\\\/www.encontraminasgerais.com.br\\\/itabira\\\/trem-noturno-entre-vitoria\\\/\",\"name\":\"Trem noturno entre Vit\u00f3ria | Guia Comercial de Itabira MG\",\"isPartOf\":{\"@id\":\"https:\\\/\\\/www.encontraminasgerais.com.br\\\/itabira\\\/#website\"},\"primaryImageOfPage\":{\"@id\":\"https:\\\/\\\/www.encontraminasgerais.com.br\\\/itabira\\\/trem-noturno-entre-vitoria\\\/#primaryimage\"},\"image\":{\"@id\":\"https:\\\/\\\/www.encontraminasgerais.com.br\\\/itabira\\\/trem-noturno-entre-vitoria\\\/#primaryimage\"},\"thumbnailUrl\":\"https:\\\/\\\/www.encontraminasgerais.com.br\\\/itabira\\\/wp-content\\\/uploads\\\/2026\\\/05\\\/trem-noturno-entre-vitoria.webp\",\"datePublished\":\"2026-05-22T09:29:46+00:00\",\"author\":{\"@id\":\"https:\\\/\\\/www.encontraminasgerais.com.br\\\/itabira\\\/#\\\/schema\\\/person\\\/9ae8a8f5ce59322c92e2499b550870b0\"},\"inLanguage\":\"pt-BR\",\"potentialAction\":[{\"@type\":\"ReadAction\",\"target\":[\"https:\\\/\\\/www.encontraminasgerais.com.br\\\/itabira\\\/trem-noturno-entre-vitoria\\\/\"]}]},{\"@type\":\"ImageObject\",\"inLanguage\":\"pt-BR\",\"@id\":\"https:\\\/\\\/www.encontraminasgerais.com.br\\\/itabira\\\/trem-noturno-entre-vitoria\\\/#primaryimage\",\"url\":\"https:\\\/\\\/www.encontraminasgerais.com.br\\\/itabira\\\/wp-content\\\/uploads\\\/2026\\\/05\\\/trem-noturno-entre-vitoria.webp\",\"contentUrl\":\"https:\\\/\\\/www.encontraminasgerais.com.br\\\/itabira\\\/wp-content\\\/uploads\\\/2026\\\/05\\\/trem-noturno-entre-vitoria.webp\",\"width\":280,\"height\":280,\"caption\":\"trem noturno entre Vit\u00f3ria-MG\"},{\"@type\":\"WebSite\",\"@id\":\"https:\\\/\\\/www.encontraminasgerais.com.br\\\/itabira\\\/#website\",\"url\":\"https:\\\/\\\/www.encontraminasgerais.com.br\\\/itabira\\\/\",\"name\":\"Guia Comercial de Itabira MG\",\"description\":\"ENCONTRA ITABIRA - O guia comercial de neg\u00f3cios e empresas, cultura e divers\u00e3o na cidade de Itabira. Feito 100% para voc\u00ea morador!\",\"potentialAction\":[{\"@type\":\"SearchAction\",\"target\":{\"@type\":\"EntryPoint\",\"urlTemplate\":\"https:\\\/\\\/www.encontraminasgerais.com.br\\\/itabira\\\/?s={search_term_string}\"},\"query-input\":{\"@type\":\"PropertyValueSpecification\",\"valueRequired\":true,\"valueName\":\"search_term_string\"}}],\"inLanguage\":\"pt-BR\"},{\"@type\":\"Person\",\"@id\":\"https:\\\/\\\/www.encontraminasgerais.com.br\\\/itabira\\\/#\\\/schema\\\/person\\\/9ae8a8f5ce59322c92e2499b550870b0\",\"name\":\"Encontra Itabira\",\"image\":{\"@type\":\"ImageObject\",\"inLanguage\":\"pt-BR\",\"@id\":\"https:\\\/\\\/secure.gravatar.com\\\/avatar\\\/c50c17820bcf322f0a8fd6b110b8c0918141409dc69076470f6fca5fee70a5d4?s=96&d=mm&r=g\",\"url\":\"https:\\\/\\\/secure.gravatar.com\\\/avatar\\\/c50c17820bcf322f0a8fd6b110b8c0918141409dc69076470f6fca5fee70a5d4?s=96&d=mm&r=g\",\"contentUrl\":\"https:\\\/\\\/secure.gravatar.com\\\/avatar\\\/c50c17820bcf322f0a8fd6b110b8c0918141409dc69076470f6fca5fee70a5d4?s=96&d=mm&r=g\",\"caption\":\"Encontra Itabira\"},\"url\":\"https:\\\/\\\/www.encontraminasgerais.com.br\\\/itabira\\\/author\\\/encontraitabira\\\/\"}]}<\/script>\n<!-- \/ Yoast SEO plugin. -->","yoast_head_json":{"title":"Trem noturno entre Vit\u00f3ria | Guia Comercial de Itabira MG","robots":{"index":"index","follow":"follow","max-snippet":"max-snippet:-1","max-image-preview":"max-image-preview:large","max-video-preview":"max-video-preview:-1"},"canonical":"https:\/\/www.encontraminasgerais.com.br\/itabira\/trem-noturno-entre-vitoria\/","og_locale":"pt_BR","og_type":"article","og_title":"Trem noturno entre Vit\u00f3ria | Guia Comercial de Itabira MG","og_description":"Descubra como comprar passagens para o trem noturno especial em Vit\u00f3ria-MG agora mesmo.","og_url":"https:\/\/www.encontraminasgerais.com.br\/itabira\/trem-noturno-entre-vitoria\/","og_site_name":"Guia Comercial de Itabira MG","article_published_time":"2026-05-22T09:29:46+00:00","og_image":[{"url":"https:\/\/www.encontraminasgerais.com.br\/itabira\/wp-content\/uploads\/2026\/05\/trem-noturno-entre-vitoria.webp","type":"","width":"","height":""}],"author":"Encontra Itabira","twitter_card":"summary_large_image","twitter_misc":{"Escrito por":"Encontra Itabira","Est. tempo de leitura":"5 minutos"},"schema":{"@context":"https:\/\/schema.org","@graph":[{"@type":"Article","@id":"https:\/\/www.encontraminasgerais.com.br\/itabira\/trem-noturno-entre-vitoria\/#article","isPartOf":{"@id":"https:\/\/www.encontraminasgerais.com.br\/itabira\/trem-noturno-entre-vitoria\/"},"author":{"name":"Encontra Itabira","@id":"https:\/\/www.encontraminasgerais.com.br\/itabira\/#\/schema\/person\/9ae8a8f5ce59322c92e2499b550870b0"},"headline":"Trem noturno entre Vit\u00f3ria","datePublished":"2026-05-22T09:29:46+00:00","mainEntityOfPage":{"@id":"https:\/\/www.encontraminasgerais.com.br\/itabira\/trem-noturno-entre-vitoria\/"},"wordCount":929,"commentCount":0,"image":{"@id":"https:\/\/www.encontraminasgerais.com.br\/itabira\/trem-noturno-entre-vitoria\/#primaryimage"},"thumbnailUrl":"https:\/\/www.encontraminasgerais.com.br\/itabira\/wp-content\/uploads\/2026\/05\/trem-noturno-entre-vitoria.webp","articleSection":["Not\u00edcias Itabira"],"inLanguage":"pt-BR","potentialAction":[{"@type":"CommentAction","name":"Comment","target":["https:\/\/www.encontraminasgerais.com.br\/itabira\/trem-noturno-entre-vitoria\/#respond"]}]},{"@type":"WebPage","@id":"https:\/\/www.encontraminasgerais.com.br\/itabira\/trem-noturno-entre-vitoria\/","url":"https:\/\/www.encontraminasgerais.com.br\/itabira\/trem-noturno-entre-vitoria\/","name":"Trem noturno entre Vit\u00f3ria | Guia Comercial de Itabira MG","isPartOf":{"@id":"https:\/\/www.encontraminasgerais.com.br\/itabira\/#website"},"primaryImageOfPage":{"@id":"https:\/\/www.encontraminasgerais.com.br\/itabira\/trem-noturno-entre-vitoria\/#primaryimage"},"image":{"@id":"https:\/\/www.encontraminasgerais.com.br\/itabira\/trem-noturno-entre-vitoria\/#primaryimage"},"thumbnailUrl":"https:\/\/www.encontraminasgerais.com.br\/itabira\/wp-content\/uploads\/2026\/05\/trem-noturno-entre-vitoria.webp","datePublished":"2026-05-22T09:29:46+00:00","author":{"@id":"https:\/\/www.encontraminasgerais.com.br\/itabira\/#\/schema\/person\/9ae8a8f5ce59322c92e2499b550870b0"},"inLanguage":"pt-BR","potentialAction":[{"@type":"ReadAction","target":["https:\/\/www.encontraminasgerais.com.br\/itabira\/trem-noturno-entre-vitoria\/"]}]},{"@type":"ImageObject","inLanguage":"pt-BR","@id":"https:\/\/www.encontraminasgerais.com.br\/itabira\/trem-noturno-entre-vitoria\/#primaryimage","url":"https:\/\/www.encontraminasgerais.com.br\/itabira\/wp-content\/uploads\/2026\/05\/trem-noturno-entre-vitoria.webp","contentUrl":"https:\/\/www.encontraminasgerais.com.br\/itabira\/wp-content\/uploads\/2026\/05\/trem-noturno-entre-vitoria.webp","width":280,"height":280,"caption":"trem noturno entre Vit\u00f3ria-MG"},{"@type":"WebSite","@id":"https:\/\/www.encontraminasgerais.com.br\/itabira\/#website","url":"https:\/\/www.encontraminasgerais.com.br\/itabira\/","name":"Guia Comercial de Itabira MG","description":"ENCONTRA ITABIRA - O guia comercial de neg\u00f3cios e empresas, cultura e divers\u00e3o na cidade de Itabira. Feito 100% para voc\u00ea morador!","potentialAction":[{"@type":"SearchAction","target":{"@type":"EntryPoint","urlTemplate":"https:\/\/www.encontraminasgerais.com.br\/itabira\/?s={search_term_string}"},"query-input":{"@type":"PropertyValueSpecification","valueRequired":true,"valueName":"search_term_string"}}],"inLanguage":"pt-BR"},{"@type":"Person","@id":"https:\/\/www.encontraminasgerais.com.br\/itabira\/#\/schema\/person\/9ae8a8f5ce59322c92e2499b550870b0","name":"Encontra Itabira","image":{"@type":"ImageObject","inLanguage":"pt-BR","@id":"https:\/\/secure.gravatar.com\/avatar\/c50c17820bcf322f0a8fd6b110b8c0918141409dc69076470f6fca5fee70a5d4?s=96&d=mm&r=g","url":"https:\/\/secure.gravatar.com\/avatar\/c50c17820bcf322f0a8fd6b110b8c0918141409dc69076470f6fca5fee70a5d4?s=96&d=mm&r=g","contentUrl":"https:\/\/secure.gravatar.com\/avatar\/c50c17820bcf322f0a8fd6b110b8c0918141409dc69076470f6fca5fee70a5d4?s=96&d=mm&r=g","caption":"Encontra Itabira"},"url":"https:\/\/www.encontraminasgerais.com.br\/itabira\/author\/encontraitabira\/"}]}},"_links":{"self":[{"href":"https:\/\/www.encontraminasgerais.com.br\/itabira\/wp-json\/wp\/v2\/posts\/5762","targetHints":{"allow":["GET"]}}],"collection":[{"href":"https:\/\/www.encontraminasgerais.com.br\/itabira\/wp-json\/wp\/v2\/posts"}],"about":[{"href":"https:\/\/www.encontraminasgerais.com.br\/itabira\/wp-json\/wp\/v2\/types\/post"}],"author":[{"embeddable":true,"href":"https:\/\/www.encontraminasgerais.com.br\/itabira\/wp-json\/wp\/v2\/users\/1"}],"replies":[{"embeddable":true,"href":"https:\/\/www.encontraminasgerais.com.br\/itabira\/wp-json\/wp\/v2\/comments?post=5762"}],"version-history":[{"count":0,"href":"https:\/\/www.encontraminasgerais.com.br\/itabira\/wp-json\/wp\/v2\/posts\/5762\/revisions"}],"wp:featuredmedia":[{"embeddable":true,"href":"https:\/\/www.encontraminasgerais.com.br\/itabira\/wp-json\/wp\/v2\/media\/5761"}],"wp:attachment":[{"href":"https:\/\/www.encontraminasgerais.com.br\/itabira\/wp-json\/wp\/v2\/media?parent=5762"}],"wp:term":[{"taxonomy":"category","embeddable":true,"href":"https:\/\/www.encontraminasgerais.com.br\/itabira\/wp-json\/wp\/v2\/categories?post=5762"},{"taxonomy":"post_tag","embeddable":true,"href":"https:\/\/www.encontraminasgerais.com.br\/itabira\/wp-json\/wp\/v2\/tags?post=5762"}],"curies":[{"name":"wp","href":"https:\/\/api.w.org\/{rel}","templated":true}]}}