{"id":5769,"date":"2026-05-26T06:27:20","date_gmt":"2026-05-26T09:27:20","guid":{"rendered":"https:\/\/www.encontraminasgerais.com.br\/itabira\/amaury-jr-nenhum-de-nos-celebra-trajetoria-de-quase-40-anos-com-turne-pelo-brasil\/"},"modified":"2026-05-26T06:27:20","modified_gmt":"2026-05-26T09:27:20","slug":"amaury-jr-nenhum-de-nos-celebra-trajetoria-de-quase-40-anos-com-turne-pelo-brasil","status":"publish","type":"post","link":"https:\/\/www.encontraminasgerais.com.br\/itabira\/amaury-jr-nenhum-de-nos-celebra-trajetoria-de-quase-40-anos-com-turne-pelo-brasil\/","title":{"rendered":"Amaury Jr.: Nenhum de N\u00f3s celebra trajet\u00f3ria de quase 40 anos com turn\u00ea pelo Brasil"},"content":{"rendered":"<h2>Hist\u00f3ria do Nenhum de N\u00f3s<\/h2>\n<p>O <strong>Nenhum de N\u00f3s<\/strong> \u00e9 uma das bandas mais ic\u00f4nicas do Brasil, com uma trajet\u00f3ria que se iniciou em 1986. Desde sua primeira apresenta\u00e7\u00e3o, o grupo ganhou notoriedade ao integrar o cen\u00e1rio musical, especialmente com hits que falam sobre amor, relacionamentos e reflex\u00f5es sociais. Ao longo dos anos, a banda se destacou por sua capacidade de inova\u00e7\u00e3o, mantendo a ess\u00eancia que conquistou os cora\u00e7\u00f5es dos f\u00e3s.<\/p>\n<h2>Datas e Cidades da Turn\u00ea<\/h2>\n<p>Para comemorar quase 40 anos de carreira, o Nenhum de N\u00f3s anunciou uma turn\u00ea especial em 2026. Durante este per\u00edodo, ser\u00e3o diversas performances ao redor do Brasil, incluindo:<\/p>\n<ul>\n<li><strong>Bras\u00edlia:<\/strong> 10 de junho<\/li>\n<li><strong>Belo Horizonte:<\/strong> 12 de junho<\/li>\n<li><strong>S\u00e3o Paulo:<\/strong> 24 de julho<\/li>\n<li><strong>Goi\u00e2nia:<\/strong> 15 de agosto<\/li>\n<li><strong>Outras cidades:<\/strong> Florian\u00f3polis, Carl\u00f3polis, Amparo, Patroc\u00ednio, Chapada dos Guimar\u00e3es e Santa Maria de Itabira.<\/li>\n<\/ul>\n<h2>Os Sucessos que Marcaram a Banda<\/h2>\n<p>O repert\u00f3rio do Nenhum de N\u00f3s \u00e9 rico e diversificado, refletindo sua evolu\u00e7\u00e3o ao longo das d\u00e9cadas. Algumas das can\u00e7\u00f5es mais emblem\u00e1ticas que estar\u00e3o presentes nos shows incluem:<\/p>\n<ul>\n<li><strong>Paz e Amor<\/strong><\/li>\n<li><strong>Voc\u00ea Vai Lembrar de Mim<\/strong><\/li>\n<li><strong>Amanh\u00e3 ou Depois<\/strong><\/li>\n<li><strong>Vou Deixar Que Voc\u00ea Se V\u00e1<\/strong><\/li>\n<\/ul>\n<h2>A Evolu\u00e7\u00e3o do Rock Brasileiro<\/h2>\n<p>O Nenhum de N\u00f3s foi parte integrante da evolu\u00e7\u00e3o do rock brasileiro, um g\u00eanero que passou por v\u00e1rias fases desde os anos 80 at\u00e9 os dias atuais. A banda ajudou a moldar a identidade do rock nacional, trazendo influ\u00eancias de diversos estilos e contribuindo para a forma\u00e7\u00e3o de novos artistas.<\/p>\n<h2>A Trajet\u00f3ria Musical do Grupo<\/h2>\n<p>Com uma discografia rica e uma trajet\u00f3ria repleta de conquistas, o Nenhum de N\u00f3s se consolidou como refer\u00eancia no cen\u00e1rio musical. A banda atravessou crises e mudan\u00e7as na ind\u00fastria da m\u00fasica, adaptando-se \u00e0s novas realidades, mas sempre mantendo sua ess\u00eancia intacta. Os membros, incluindo Thedy Corr\u00eaa e Sady Homrich, trouxeram notas pessoais e coesas \u00e0s letras que encantam o p\u00fablico at\u00e9 hoje.<\/p>\n<h2>O Impacto de Nenhum de N\u00f3s na M\u00fasica<\/h2>\n<p>O impacto do Nenhum de N\u00f3s na m\u00fasica brasileira n\u00e3o pode ser subestimado. Suas can\u00e7\u00f5es tratam de quest\u00f5es universais e locais, conectando-se profundamente com os ouvintes. Muitos dos temas abordados nas letras ressoam com experi\u00eancias vividas, o que garante a durabilidade de sua influ\u00eancia e a lealdade do p\u00fablico.<\/p>\n<h2>Belo Horizonte: O In\u00edcio da Celebra\u00e7\u00e3o<\/h2>\n<p>A apresenta\u00e7\u00e3o em Belo Horizonte, marcada para o Dia dos Namorados, tem um simbolismo especial. Este show ser\u00e1 uma celebra\u00e7\u00e3o do amor e do legado da banda, trazendo uma atmosfera nost\u00e1lgica e rom\u00e2ntica, ideal para a data.<\/p>\n<h2>Como Adquirir Ingressos para os Shows<\/h2>\n<p>Os ingressos para a turn\u00ea do Nenhum de N\u00f3s podem ser adquiridos atrav\u00e9s de plataformas online e pontos de venda f\u00edsicos. \u00c9 importante ficar atento ao lan\u00e7amento das vendas, pois os ingressos costumam esgotar rapidamente devido \u00e0 alta demanda.<\/p>\n<h2>Expectativas dos F\u00e3s para a Turn\u00ea<\/h2>\n<p>Os f\u00e3s est\u00e3o ansiosos para a turn\u00ea, com expectativas elevadas quanto ao setlist e \u00e0 performance ao vivo. A conex\u00e3o \u00edntima entre a banda e o p\u00fablico sempre foi um dos pontos fortes dos shows, e essa nova turn\u00ea promete continuar essa tradi\u00e7\u00e3o de energia e emo\u00e7\u00e3o.<\/p>\n<h2>Curiosidades Sobre a Banda<\/h2>\n<p>Algumas curiosidades sobre o Nenhum de N\u00f3s ajudam a entender a magnitude de sua carreira:<\/p>\n<ul>\n<li><strong>In\u00edcio Humilde:<\/strong> O grupo come\u00e7ou em um contexto modesto e foi crescendo aos poucos.<\/li>\n<li><strong>Influ\u00eancias Variadas:<\/strong> Sua m\u00fasica mescla rock, pop e influ\u00eancias da m\u00fasica tradicional brasileira.<\/li>\n<li><strong>P\u00fablico Fi\u00e9l:<\/strong> Ao longo dos anos, a banda construiu um relacionamento s\u00f3lido com seus f\u00e3s, que se multiplicam a cada gera\u00e7\u00e3o.<\/li>\n<\/ul>\n<p>Essa celebra\u00e7\u00e3o dos 40 anos do Nenhum de N\u00f3s \u00e9 mais do que uma simples turn\u00ea; \u00e9 uma homenagem a uma banda que se tornou parte da trilha sonora da vida de muitos brasileiros. A jornada da banda destaca n\u00e3o apenas seu sucesso, mas tamb\u00e9m o impacto emocional que sua m\u00fasica gerou ao longo de quatro d\u00e9cadas.<\/p>\n","protected":false},"excerpt":{"rendered":"<p>Nenhum de N\u00f3s revela sua turn\u00ea especial por quase 40 anos de m\u00fasica.<\/p>\n","protected":false},"author":1,"featured_media":0,"comment_status":"open","ping_status":"open","sticky":false,"template":"","format":"standard","meta":{"footnotes":""},"categories":[902],"tags":[],"class_list":["post-5769","post","type-post","status-publish","format-standard","hentry","category-shows"],"yoast_head":"<!-- This site is optimized with the Yoast SEO plugin v28.1 - https:\/\/yoast.com\/product\/yoast-seo-wordpress\/ -->\n<title>Amaury Jr.: Nenhum de N\u00f3s celebra trajet\u00f3ria de quase 40 anos com turn\u00ea pelo Brasil | Guia Comercial de Itabira MG<\/title>\n<meta name=\"robots\" content=\"index, follow, max-snippet:-1, max-image-preview:large, max-video-preview:-1\" \/>\n<link rel=\"canonical\" href=\"https:\/\/www.encontraminasgerais.com.br\/itabira\/amaury-jr-nenhum-de-nos-celebra-trajetoria-de-quase-40-anos-com-turne-pelo-brasil\/\" \/>\n<meta property=\"og:locale\" content=\"pt_BR\" \/>\n<meta property=\"og:type\" content=\"article\" \/>\n<meta property=\"og:title\" content=\"Amaury Jr.: Nenhum de N\u00f3s celebra trajet\u00f3ria de quase 40 anos com turn\u00ea pelo Brasil | Guia Comercial de Itabira MG\" \/>\n<meta property=\"og:description\" content=\"Nenhum de N\u00f3s revela sua turn\u00ea especial por quase 40 anos de m\u00fasica.\" \/>\n<meta property=\"og:url\" content=\"https:\/\/www.encontraminasgerais.com.br\/itabira\/amaury-jr-nenhum-de-nos-celebra-trajetoria-de-quase-40-anos-com-turne-pelo-brasil\/\" \/>\n<meta property=\"og:site_name\" content=\"Guia Comercial de Itabira MG\" \/>\n<meta property=\"article:published_time\" content=\"2026-05-26T09:27:20+00:00\" \/>\n<meta name=\"author\" content=\"Encontra Itabira\" \/>\n<meta name=\"twitter:card\" content=\"summary_large_image\" \/>\n<meta name=\"twitter:label1\" content=\"Escrito por\" \/>\n\t<meta name=\"twitter:data1\" content=\"Encontra Itabira\" \/>\n\t<meta name=\"twitter:label2\" content=\"Est. tempo de leitura\" \/>\n\t<meta name=\"twitter:data2\" content=\"3 minutos\" \/>\n<script type=\"application\/ld+json\" class=\"yoast-schema-graph\">{\"@context\":\"https:\\\/\\\/schema.org\",\"@graph\":[{\"@type\":\"Article\",\"@id\":\"https:\\\/\\\/www.encontraminasgerais.com.br\\\/itabira\\\/amaury-jr-nenhum-de-nos-celebra-trajetoria-de-quase-40-anos-com-turne-pelo-brasil\\\/#article\",\"isPartOf\":{\"@id\":\"https:\\\/\\\/www.encontraminasgerais.com.br\\\/itabira\\\/amaury-jr-nenhum-de-nos-celebra-trajetoria-de-quase-40-anos-com-turne-pelo-brasil\\\/\"},\"author\":{\"name\":\"Encontra Itabira\",\"@id\":\"https:\\\/\\\/www.encontraminasgerais.com.br\\\/itabira\\\/#\\\/schema\\\/person\\\/9ae8a8f5ce59322c92e2499b550870b0\"},\"headline\":\"Amaury Jr.: Nenhum de N\u00f3s celebra trajet\u00f3ria de quase 40 anos com turn\u00ea pelo Brasil\",\"datePublished\":\"2026-05-26T09:27:20+00:00\",\"mainEntityOfPage\":{\"@id\":\"https:\\\/\\\/www.encontraminasgerais.com.br\\\/itabira\\\/amaury-jr-nenhum-de-nos-celebra-trajetoria-de-quase-40-anos-com-turne-pelo-brasil\\\/\"},\"wordCount\":723,\"commentCount\":0,\"articleSection\":[\"Shows Itabira\"],\"inLanguage\":\"pt-BR\",\"potentialAction\":[{\"@type\":\"CommentAction\",\"name\":\"Comment\",\"target\":[\"https:\\\/\\\/www.encontraminasgerais.com.br\\\/itabira\\\/amaury-jr-nenhum-de-nos-celebra-trajetoria-de-quase-40-anos-com-turne-pelo-brasil\\\/#respond\"]}]},{\"@type\":\"WebPage\",\"@id\":\"https:\\\/\\\/www.encontraminasgerais.com.br\\\/itabira\\\/amaury-jr-nenhum-de-nos-celebra-trajetoria-de-quase-40-anos-com-turne-pelo-brasil\\\/\",\"url\":\"https:\\\/\\\/www.encontraminasgerais.com.br\\\/itabira\\\/amaury-jr-nenhum-de-nos-celebra-trajetoria-de-quase-40-anos-com-turne-pelo-brasil\\\/\",\"name\":\"Amaury Jr.: Nenhum de N\u00f3s celebra trajet\u00f3ria de quase 40 anos com turn\u00ea pelo Brasil | Guia Comercial de Itabira MG\",\"isPartOf\":{\"@id\":\"https:\\\/\\\/www.encontraminasgerais.com.br\\\/itabira\\\/#website\"},\"datePublished\":\"2026-05-26T09:27:20+00:00\",\"author\":{\"@id\":\"https:\\\/\\\/www.encontraminasgerais.com.br\\\/itabira\\\/#\\\/schema\\\/person\\\/9ae8a8f5ce59322c92e2499b550870b0\"},\"inLanguage\":\"pt-BR\",\"potentialAction\":[{\"@type\":\"ReadAction\",\"target\":[\"https:\\\/\\\/www.encontraminasgerais.com.br\\\/itabira\\\/amaury-jr-nenhum-de-nos-celebra-trajetoria-de-quase-40-anos-com-turne-pelo-brasil\\\/\"]}]},{\"@type\":\"WebSite\",\"@id\":\"https:\\\/\\\/www.encontraminasgerais.com.br\\\/itabira\\\/#website\",\"url\":\"https:\\\/\\\/www.encontraminasgerais.com.br\\\/itabira\\\/\",\"name\":\"Guia Comercial de Itabira MG\",\"description\":\"ENCONTRA ITABIRA - O guia comercial de neg\u00f3cios e empresas, cultura e divers\u00e3o na cidade de Itabira. Feito 100% para voc\u00ea morador!\",\"potentialAction\":[{\"@type\":\"SearchAction\",\"target\":{\"@type\":\"EntryPoint\",\"urlTemplate\":\"https:\\\/\\\/www.encontraminasgerais.com.br\\\/itabira\\\/?s={search_term_string}\"},\"query-input\":{\"@type\":\"PropertyValueSpecification\",\"valueRequired\":true,\"valueName\":\"search_term_string\"}}],\"inLanguage\":\"pt-BR\"},{\"@type\":\"Person\",\"@id\":\"https:\\\/\\\/www.encontraminasgerais.com.br\\\/itabira\\\/#\\\/schema\\\/person\\\/9ae8a8f5ce59322c92e2499b550870b0\",\"name\":\"Encontra Itabira\",\"image\":{\"@type\":\"ImageObject\",\"inLanguage\":\"pt-BR\",\"@id\":\"https:\\\/\\\/secure.gravatar.com\\\/avatar\\\/c50c17820bcf322f0a8fd6b110b8c0918141409dc69076470f6fca5fee70a5d4?s=96&d=mm&r=g\",\"url\":\"https:\\\/\\\/secure.gravatar.com\\\/avatar\\\/c50c17820bcf322f0a8fd6b110b8c0918141409dc69076470f6fca5fee70a5d4?s=96&d=mm&r=g\",\"contentUrl\":\"https:\\\/\\\/secure.gravatar.com\\\/avatar\\\/c50c17820bcf322f0a8fd6b110b8c0918141409dc69076470f6fca5fee70a5d4?s=96&d=mm&r=g\",\"caption\":\"Encontra Itabira\"},\"url\":\"https:\\\/\\\/www.encontraminasgerais.com.br\\\/itabira\\\/author\\\/encontraitabira\\\/\"}]}<\/script>\n<!-- \/ Yoast SEO plugin. -->","yoast_head_json":{"title":"Amaury Jr.: Nenhum de N\u00f3s celebra trajet\u00f3ria de quase 40 anos com turn\u00ea pelo Brasil | Guia Comercial de Itabira MG","robots":{"index":"index","follow":"follow","max-snippet":"max-snippet:-1","max-image-preview":"max-image-preview:large","max-video-preview":"max-video-preview:-1"},"canonical":"https:\/\/www.encontraminasgerais.com.br\/itabira\/amaury-jr-nenhum-de-nos-celebra-trajetoria-de-quase-40-anos-com-turne-pelo-brasil\/","og_locale":"pt_BR","og_type":"article","og_title":"Amaury Jr.: Nenhum de N\u00f3s celebra trajet\u00f3ria de quase 40 anos com turn\u00ea pelo Brasil | Guia Comercial de Itabira MG","og_description":"Nenhum de N\u00f3s revela sua turn\u00ea especial por quase 40 anos de m\u00fasica.","og_url":"https:\/\/www.encontraminasgerais.com.br\/itabira\/amaury-jr-nenhum-de-nos-celebra-trajetoria-de-quase-40-anos-com-turne-pelo-brasil\/","og_site_name":"Guia Comercial de Itabira MG","article_published_time":"2026-05-26T09:27:20+00:00","author":"Encontra Itabira","twitter_card":"summary_large_image","twitter_misc":{"Escrito por":"Encontra Itabira","Est. tempo de leitura":"3 minutos"},"schema":{"@context":"https:\/\/schema.org","@graph":[{"@type":"Article","@id":"https:\/\/www.encontraminasgerais.com.br\/itabira\/amaury-jr-nenhum-de-nos-celebra-trajetoria-de-quase-40-anos-com-turne-pelo-brasil\/#article","isPartOf":{"@id":"https:\/\/www.encontraminasgerais.com.br\/itabira\/amaury-jr-nenhum-de-nos-celebra-trajetoria-de-quase-40-anos-com-turne-pelo-brasil\/"},"author":{"name":"Encontra Itabira","@id":"https:\/\/www.encontraminasgerais.com.br\/itabira\/#\/schema\/person\/9ae8a8f5ce59322c92e2499b550870b0"},"headline":"Amaury Jr.: Nenhum de N\u00f3s celebra trajet\u00f3ria de quase 40 anos com turn\u00ea pelo Brasil","datePublished":"2026-05-26T09:27:20+00:00","mainEntityOfPage":{"@id":"https:\/\/www.encontraminasgerais.com.br\/itabira\/amaury-jr-nenhum-de-nos-celebra-trajetoria-de-quase-40-anos-com-turne-pelo-brasil\/"},"wordCount":723,"commentCount":0,"articleSection":["Shows Itabira"],"inLanguage":"pt-BR","potentialAction":[{"@type":"CommentAction","name":"Comment","target":["https:\/\/www.encontraminasgerais.com.br\/itabira\/amaury-jr-nenhum-de-nos-celebra-trajetoria-de-quase-40-anos-com-turne-pelo-brasil\/#respond"]}]},{"@type":"WebPage","@id":"https:\/\/www.encontraminasgerais.com.br\/itabira\/amaury-jr-nenhum-de-nos-celebra-trajetoria-de-quase-40-anos-com-turne-pelo-brasil\/","url":"https:\/\/www.encontraminasgerais.com.br\/itabira\/amaury-jr-nenhum-de-nos-celebra-trajetoria-de-quase-40-anos-com-turne-pelo-brasil\/","name":"Amaury Jr.: Nenhum de N\u00f3s celebra trajet\u00f3ria de quase 40 anos com turn\u00ea pelo Brasil | Guia Comercial de Itabira MG","isPartOf":{"@id":"https:\/\/www.encontraminasgerais.com.br\/itabira\/#website"},"datePublished":"2026-05-26T09:27:20+00:00","author":{"@id":"https:\/\/www.encontraminasgerais.com.br\/itabira\/#\/schema\/person\/9ae8a8f5ce59322c92e2499b550870b0"},"inLanguage":"pt-BR","potentialAction":[{"@type":"ReadAction","target":["https:\/\/www.encontraminasgerais.com.br\/itabira\/amaury-jr-nenhum-de-nos-celebra-trajetoria-de-quase-40-anos-com-turne-pelo-brasil\/"]}]},{"@type":"WebSite","@id":"https:\/\/www.encontraminasgerais.com.br\/itabira\/#website","url":"https:\/\/www.encontraminasgerais.com.br\/itabira\/","name":"Guia Comercial de Itabira MG","description":"ENCONTRA ITABIRA - O guia comercial de neg\u00f3cios e empresas, cultura e divers\u00e3o na cidade de Itabira. Feito 100% para voc\u00ea morador!","potentialAction":[{"@type":"SearchAction","target":{"@type":"EntryPoint","urlTemplate":"https:\/\/www.encontraminasgerais.com.br\/itabira\/?s={search_term_string}"},"query-input":{"@type":"PropertyValueSpecification","valueRequired":true,"valueName":"search_term_string"}}],"inLanguage":"pt-BR"},{"@type":"Person","@id":"https:\/\/www.encontraminasgerais.com.br\/itabira\/#\/schema\/person\/9ae8a8f5ce59322c92e2499b550870b0","name":"Encontra Itabira","image":{"@type":"ImageObject","inLanguage":"pt-BR","@id":"https:\/\/secure.gravatar.com\/avatar\/c50c17820bcf322f0a8fd6b110b8c0918141409dc69076470f6fca5fee70a5d4?s=96&d=mm&r=g","url":"https:\/\/secure.gravatar.com\/avatar\/c50c17820bcf322f0a8fd6b110b8c0918141409dc69076470f6fca5fee70a5d4?s=96&d=mm&r=g","contentUrl":"https:\/\/secure.gravatar.com\/avatar\/c50c17820bcf322f0a8fd6b110b8c0918141409dc69076470f6fca5fee70a5d4?s=96&d=mm&r=g","caption":"Encontra Itabira"},"url":"https:\/\/www.encontraminasgerais.com.br\/itabira\/author\/encontraitabira\/"}]}},"_links":{"self":[{"href":"https:\/\/www.encontraminasgerais.com.br\/itabira\/wp-json\/wp\/v2\/posts\/5769","targetHints":{"allow":["GET"]}}],"collection":[{"href":"https:\/\/www.encontraminasgerais.com.br\/itabira\/wp-json\/wp\/v2\/posts"}],"about":[{"href":"https:\/\/www.encontraminasgerais.com.br\/itabira\/wp-json\/wp\/v2\/types\/post"}],"author":[{"embeddable":true,"href":"https:\/\/www.encontraminasgerais.com.br\/itabira\/wp-json\/wp\/v2\/users\/1"}],"replies":[{"embeddable":true,"href":"https:\/\/www.encontraminasgerais.com.br\/itabira\/wp-json\/wp\/v2\/comments?post=5769"}],"version-history":[{"count":0,"href":"https:\/\/www.encontraminasgerais.com.br\/itabira\/wp-json\/wp\/v2\/posts\/5769\/revisions"}],"wp:attachment":[{"href":"https:\/\/www.encontraminasgerais.com.br\/itabira\/wp-json\/wp\/v2\/media?parent=5769"}],"wp:term":[{"taxonomy":"category","embeddable":true,"href":"https:\/\/www.encontraminasgerais.com.br\/itabira\/wp-json\/wp\/v2\/categories?post=5769"},{"taxonomy":"post_tag","embeddable":true,"href":"https:\/\/www.encontraminasgerais.com.br\/itabira\/wp-json\/wp\/v2\/tags?post=5769"}],"curies":[{"name":"wp","href":"https:\/\/api.w.org\/{rel}","templated":true}]}}