{"id":5785,"date":"2026-05-30T06:26:56","date_gmt":"2026-05-30T09:26:56","guid":{"rendered":"https:\/\/www.encontraminasgerais.com.br\/itabira\/ministerio-da-saude-leva-para-maragogi-al-carreta-de-saude-da-mulher-para-diagnostico-precoce-de-cancer-de-mama-e-do-utero-no-sus\/"},"modified":"2026-05-30T06:26:56","modified_gmt":"2026-05-30T09:26:56","slug":"ministerio-da-saude-leva-para-maragogi-al-carreta-de-saude-da-mulher-para-diagnostico-precoce-de-cancer-de-mama-e-do-utero-no-sus","status":"publish","type":"post","link":"https:\/\/www.encontraminasgerais.com.br\/itabira\/ministerio-da-saude-leva-para-maragogi-al-carreta-de-saude-da-mulher-para-diagnostico-precoce-de-cancer-de-mama-e-do-utero-no-sus\/","title":{"rendered":"Minist\u00e9rio da Sa\u00fade leva para Maragogi (AL) carreta de sa\u00fade da mulher para diagn\u00f3stico precoce de c\u00e2ncer de mama e do \u00fatero no SUS"},"content":{"rendered":"<h2>Servi\u00e7os Oferecidos pela Carreta do SUS<\/h2>\n<p>A Carreta do SUS, que faz parte do programa <strong>Agora Tem Especialistas<\/strong>, traz uma gama de servi\u00e7os essenciais voltados para a sa\u00fade da mulher. Entre os principais atendimentos dispon\u00edveis, destacam-se:<\/p>\n<ul>\n<li><strong>Consultas Ginecol\u00f3gicas:<\/strong> Exames realizados por profissionais capacitados para avaliar a sa\u00fade reprodutiva.<\/li>\n<li><strong>Mamografias:<\/strong> Exames fundamentais para a detec\u00e7\u00e3o precoce de c\u00e2ncer de mama, especialmente recomendados para mulheres acima de 40 anos.<\/li>\n<li><strong>Ultrassonografias P\u00e9lvicas e Transvaginais:<\/strong> Avalia\u00e7\u00f5es que ajudam no diagn\u00f3stico de diversas condi\u00e7\u00f5es, incluindo anomalias e doen\u00e7as.<\/li>\n<li><strong>Bi\u00f3psias:<\/strong> Procedimentos realizados para retirada de amostras de tecidos com o intuito de verificar a presen\u00e7a de c\u00e9lulas cancerosas.<\/li>\n<\/ul>\n<p>Esses servi\u00e7os s\u00e3o oferecidos em uma estrutura m\u00f3vel e acess\u00edvel, que busca atender as necessidades de mulheres em \u00e1reas onde h\u00e1 menor acesso a servi\u00e7os de sa\u00fade.<\/p>\n<h2>Import\u00e2ncia do Diagn\u00f3stico Precoce<\/h2>\n<p>O diagn\u00f3stico precoce de c\u00e2ncer de mama e do colo do \u00fatero \u00e9 crucial para aumentar as chances de sucesso no tratamento. Quando esses tipos de c\u00e2ncer s\u00e3o identificados em est\u00e1gios iniciais, as op\u00e7\u00f5es de tratamento s\u00e3o mais eficazes e bem-sucedidas. Alguns pontos importantes sobre a import\u00e2ncia do diagn\u00f3stico precoce incluem:<\/p>\n<p><img decoding=\"async\" src=\"https:\/\/www.encontraminasgerais.com.br\/itabira\/wp-content\/uploads\/2026\/05\/ministerio-da-saude-leva-para-maragogi-al-carreta-de-saude-da-mulher-para-diagnostico-precoce-de-can.webp\" alt=\"diagn\u00f3stico precoce de c\u00e2ncer de mama e do \u00fatero\" loading=\"lazy\" \/><\/p>\n<ul>\n<li><strong>Redu\u00e7\u00e3o da Mortalidade:<\/strong> Detec\u00e7\u00f5es precoces podem levar a um tratamento mais \u00e1gil, o que diminui os \u00edndices de mortalidade associados a essas doen\u00e7as.<\/li>\n<li><strong>Tratamento Menos Invasivo:<\/strong> Diagn\u00f3sticos realizados em est\u00e1gios iniciais muitas vezes requerem interven\u00e7\u00f5es menos extensas.<\/li>\n<li><strong>Aumento das Op\u00e7\u00f5es Terap\u00eauticas:<\/strong> Com a detec\u00e7\u00e3o antecipada, diversas op\u00e7\u00f5es de tratamento podem ser avaliadas e planejadas com mais cuidado.<\/li>\n<\/ul>\n<h2>Como Realizar Agendamentos<\/h2>\n<p>O agendamento para os atendimentos oferecidos pela Carreta do SUS deve ser realizado previamente. As mulheres interessadas devem seguir estas orienta\u00e7\u00f5es:<\/p>\n<ul>\n<li><strong>Consulta na Secretaria Municipal de Sa\u00fade:<\/strong> Se informem sobre as datas em que a carreta estar\u00e1 dispon\u00edvel em sua cidade.<\/li>\n<li><strong>Pr\u00e9-agendamento:<\/strong> \u00c9 necess\u00e1rio que as pacientes realizem um pr\u00e9-agendamento para garantir um atendimento eficiente e organizado.<\/li>\n<li><strong>Documenta\u00e7\u00e3o Necess\u00e1ria:<\/strong> Tenha em m\u00e3os documentos pessoais e, se poss\u00edvel, resultados de exames anteriores para facilitar a consulta.<\/li>\n<\/ul>\n<h2>A\u00e7\u00f5es do Programa Agora Tem Especialistas<\/h2>\n<p>O programa <strong>Agora Tem Especialistas<\/strong> foi implementado com a finalidade de democratizar o acesso aos cuidados de sa\u00fade e tem ampliado significativamente os atendimentos especializados. As principais a\u00e7\u00f5es incluem:<\/p>\n<ul>\n<li><strong>Implanta\u00e7\u00e3o de Carretas M\u00f3veis:<\/strong> Criadas para levar os servi\u00e7os especializados para locais menos assistidos.<\/li>\n<li><strong>Mutir\u00f5es de Sa\u00fade:<\/strong> Realiza\u00e7\u00e3o de eventos nos finais de semana para atender um maior n\u00famero de pacientes.<\/li>\n<li><strong>Parcerias com Hospitais Privados:<\/strong> A fim de ampliar a capacidade de atendimento a pacientes do SUS, com servi\u00e7os adicionais em institui\u00e7\u00f5es credenciadas.<\/li>\n<\/ul>\n<h2>Benef\u00edcios do Atendimento M\u00f3vel<\/h2>\n<p>O atendimento m\u00f3vel, por meio da Carreta do SUS, oferece diversos benef\u00edcios, entre os quais:<\/p>\n<ul>\n<li><strong>Acessibilidade:<\/strong> Leva servi\u00e7os essenciais diretamente \u00e0s comunidades, especialmente em regi\u00f5es remotas.<\/li>\n<li><strong>Conveni\u00eancia:<\/strong> Proporciona cuidados de sa\u00fade de forma pr\u00e1tica e sem a necessidade de longas desloca\u00e7\u00f5es.<\/li>\n<li><strong>Redu\u00e7\u00e3o de Filas:<\/strong> Por ser um atendimento itinerante, contribui para diminuir o tempo de espera por exames e consultas.<\/li>\n<\/ul>\n<h2>Impacto na Sa\u00fade da Mulher<\/h2>\n<p>A atua\u00e7\u00e3o das carretas do SUS tem gerado um impacto positivo significativo na sa\u00fade da mulher em todo o Brasil. Algumas das principais consequ\u00eancias incluem:<\/p>\n<ul>\n<li><strong>Maior Detec\u00e7\u00e3o de Casos:<\/strong> O aumento no n\u00famero de mulheres que realizam exames contribui para a detec\u00e7\u00e3o precoce de doen\u00e7as.<\/li>\n<li><strong>Educa\u00e7\u00e3o em Sa\u00fade:<\/strong> As campanhas educativas promovidas nas consultas ajudam a levar informa\u00e7\u00f5es valiosas sobre preven\u00e7\u00e3o de doen\u00e7as.<\/li>\n<li><strong>Empoderamento das Mulheres:<\/strong> O acesso a cuidados de sa\u00fade promove um maior controle sobre a pr\u00f3pria sa\u00fade.<\/li>\n<\/ul>\n<h2>Cidades que Receber\u00e3o a Carreta<\/h2>\n<p>Al\u00e9m de Maragogi (AL), o programa prev\u00ea que outras cidades recebam as carretas do Agora Tem Especialistas, incluindo:<\/p>\n<ul>\n<li>Feira de Santana (BA)<\/li>\n<li>Aparecida de Goi\u00e2nia (GO)<\/li>\n<li>Alc\u00e2ntara (MA)<\/li>\n<li>Serro (MG)<\/li>\n<li>Navira\u00ed (MS)<\/li>\n<li>Valen\u00e7a (PI)<\/li>\n<li>Rio de Janeiro (Madureira)<\/li>\n<li>Rorain\u00f3polis (RR)<\/li>\n<li>Mat\u00e3o (SP)<\/li>\n<li>Caraguatatuba (SP)<\/li>\n<\/ul>\n<p>Essas localidades ser\u00e3o beneficiadas com a presen\u00e7a de profissionais de sa\u00fade, melhorando o acesso ao diagn\u00f3stico e \u00e0 preven\u00e7\u00e3o de doen\u00e7as.<\/p>\n<h2>Depoimentos de Pacientes<\/h2>\n<p>As mulheres que utilizam os servi\u00e7os da Carreta do SUS t\u00eam expressado sua satisfa\u00e7\u00e3o e gratid\u00e3o. Aqui est\u00e3o alguns depoimentos:<\/p>\n<ul>\n<li><strong>Maria da Silva, 45 anos:<\/strong> &#8220;Fiquei aliviada ao conseguir fazer a mamografia perto de casa, nunca imaginei que teria essa oportunidade t\u00e3o pr\u00f3xima!&#8221;<\/li>\n<li><strong>Joana Pereira, 38 anos:<\/strong> &#8220;O atendimento foi excelente, todos os profissionais foram muito atenciosos e me ajudaram a entender o que eu precisava fazer para cuidar da minha sa\u00fade.&#8221;<\/li>\n<li><strong>Cl\u00e1udia Souza, 50 anos:<\/strong> &#8220;Acho incr\u00edvel essa carreta ter trazido esses servi\u00e7os para nossa cidade, a sa\u00fade da mulher \u00e9 fundamental e agora est\u00e1 mais acess\u00edvel!&#8221;<\/li>\n<\/ul>\n<h2>Resultados At\u00e9 Agora com as Carretas<\/h2>\n<p>Desde a implanta\u00e7\u00e3o das carretas, os resultados t\u00eam sido animadores. Confira alguns n\u00fameros impressionantes:<\/p>\n<ul>\n<li><strong>146 mil pessoas atendidas:<\/strong> Com uma gama de procedimentos realizados, incluindo exames de imagem e consultas.<\/li>\n<li><strong>383 mil procedimentos realizados:<\/strong> Abrangendo desde exames simples at\u00e9 cirurgias mais complexas.<\/li>\n<li><strong>Mais de 20 mil cirurgias de catarata:<\/strong> Permitindo que muitas pessoas recuperassem a vis\u00e3o, impactando suas vidas positivamente.<\/li>\n<\/ul>\n<h2> futuro das Unidades M\u00f3veis de Sa\u00fade<\/h2>\n<p>O futuro das unidades m\u00f3veis de sa\u00fade \u00e9 promissor, com a expectativa de expandir para mais localidades e realizar mais atendimentos. A previs\u00e3o \u00e9 que at\u00e9 o fim do ano 150 carretas estejam operando, proporcionando acesso a cuidados essenciais e contribuindo para a redu\u00e7\u00e3o das filas de espera pelos servi\u00e7os de sa\u00fade no Brasil.<\/p>\n<p>Considerando a relev\u00e2ncia e o impacto desse programa, \u00e9 crucial que o acesso a servi\u00e7os m\u00f3veis de sa\u00fade continue a ser uma prioridade, visando assegurar que todas as mulheres, independentemente de onde vivem, tenham a oportunidade de cuidar de sua sa\u00fade de forma adequada e eficaz.<\/p>\n","protected":false},"excerpt":{"rendered":"<p>Carreta do SUS em Maragogi oferece diagn\u00f3stico precoce de c\u00e2ncer de mama e do \u00fatero.<\/p>\n","protected":false},"author":1,"featured_media":5784,"comment_status":"open","ping_status":"open","sticky":false,"template":"","format":"standard","meta":{"footnotes":""},"categories":[5],"tags":[],"class_list":["post-5785","post","type-post","status-publish","format-standard","has-post-thumbnail","hentry","category-noticias","has_thumb"],"yoast_head":"<!-- This site is optimized with the Yoast SEO plugin v28.1 - https:\/\/yoast.com\/product\/yoast-seo-wordpress\/ -->\n<title>Minist\u00e9rio da Sa\u00fade leva para Maragogi (AL) carreta de sa\u00fade da mulher para diagn\u00f3stico precoce de c\u00e2ncer de mama e do \u00fatero no SUS | Guia Comercial de Itabira MG<\/title>\n<meta name=\"robots\" content=\"index, follow, max-snippet:-1, max-image-preview:large, max-video-preview:-1\" \/>\n<link rel=\"canonical\" href=\"https:\/\/www.encontraminasgerais.com.br\/itabira\/ministerio-da-saude-leva-para-maragogi-al-carreta-de-saude-da-mulher-para-diagnostico-precoce-de-cancer-de-mama-e-do-utero-no-sus\/\" \/>\n<meta property=\"og:locale\" content=\"pt_BR\" \/>\n<meta property=\"og:type\" content=\"article\" \/>\n<meta property=\"og:title\" content=\"Minist\u00e9rio da Sa\u00fade leva para Maragogi (AL) carreta de sa\u00fade da mulher para diagn\u00f3stico precoce de c\u00e2ncer de mama e do \u00fatero no SUS | Guia Comercial de Itabira MG\" \/>\n<meta property=\"og:description\" content=\"Carreta do SUS em Maragogi oferece diagn\u00f3stico precoce de c\u00e2ncer de mama e do \u00fatero.\" \/>\n<meta property=\"og:url\" content=\"https:\/\/www.encontraminasgerais.com.br\/itabira\/ministerio-da-saude-leva-para-maragogi-al-carreta-de-saude-da-mulher-para-diagnostico-precoce-de-cancer-de-mama-e-do-utero-no-sus\/\" \/>\n<meta property=\"og:site_name\" content=\"Guia Comercial de Itabira MG\" \/>\n<meta property=\"article:published_time\" content=\"2026-05-30T09:26:56+00:00\" \/>\n<meta property=\"og:image\" content=\"https:\/\/www.encontraminasgerais.com.br\/itabira\/wp-content\/uploads\/2026\/05\/ministerio-da-saude-leva-para-maragogi-al-carreta-de-saude-da-mulher-para-diagnostico-precoce-de-can.webp\" \/>\n<meta name=\"author\" content=\"Encontra Itabira\" \/>\n<meta name=\"twitter:card\" content=\"summary_large_image\" \/>\n<meta name=\"twitter:label1\" content=\"Escrito por\" \/>\n\t<meta name=\"twitter:data1\" content=\"Encontra Itabira\" \/>\n\t<meta name=\"twitter:label2\" content=\"Est. tempo de leitura\" \/>\n\t<meta name=\"twitter:data2\" content=\"5 minutos\" \/>\n<script type=\"application\/ld+json\" class=\"yoast-schema-graph\">{\"@context\":\"https:\\\/\\\/schema.org\",\"@graph\":[{\"@type\":\"Article\",\"@id\":\"https:\\\/\\\/www.encontraminasgerais.com.br\\\/itabira\\\/ministerio-da-saude-leva-para-maragogi-al-carreta-de-saude-da-mulher-para-diagnostico-precoce-de-cancer-de-mama-e-do-utero-no-sus\\\/#article\",\"isPartOf\":{\"@id\":\"https:\\\/\\\/www.encontraminasgerais.com.br\\\/itabira\\\/ministerio-da-saude-leva-para-maragogi-al-carreta-de-saude-da-mulher-para-diagnostico-precoce-de-cancer-de-mama-e-do-utero-no-sus\\\/\"},\"author\":{\"name\":\"Encontra Itabira\",\"@id\":\"https:\\\/\\\/www.encontraminasgerais.com.br\\\/itabira\\\/#\\\/schema\\\/person\\\/9ae8a8f5ce59322c92e2499b550870b0\"},\"headline\":\"Minist\u00e9rio da Sa\u00fade leva para Maragogi (AL) carreta de sa\u00fade da mulher para diagn\u00f3stico precoce de c\u00e2ncer de mama e do \u00fatero no SUS\",\"datePublished\":\"2026-05-30T09:26:56+00:00\",\"mainEntityOfPage\":{\"@id\":\"https:\\\/\\\/www.encontraminasgerais.com.br\\\/itabira\\\/ministerio-da-saude-leva-para-maragogi-al-carreta-de-saude-da-mulher-para-diagnostico-precoce-de-cancer-de-mama-e-do-utero-no-sus\\\/\"},\"wordCount\":1048,\"commentCount\":0,\"image\":{\"@id\":\"https:\\\/\\\/www.encontraminasgerais.com.br\\\/itabira\\\/ministerio-da-saude-leva-para-maragogi-al-carreta-de-saude-da-mulher-para-diagnostico-precoce-de-cancer-de-mama-e-do-utero-no-sus\\\/#primaryimage\"},\"thumbnailUrl\":\"https:\\\/\\\/www.encontraminasgerais.com.br\\\/itabira\\\/wp-content\\\/uploads\\\/2026\\\/05\\\/ministerio-da-saude-leva-para-maragogi-al-carreta-de-saude-da-mulher-para-diagnostico-precoce-de-can.webp\",\"articleSection\":[\"Not\u00edcias Itabira\"],\"inLanguage\":\"pt-BR\",\"potentialAction\":[{\"@type\":\"CommentAction\",\"name\":\"Comment\",\"target\":[\"https:\\\/\\\/www.encontraminasgerais.com.br\\\/itabira\\\/ministerio-da-saude-leva-para-maragogi-al-carreta-de-saude-da-mulher-para-diagnostico-precoce-de-cancer-de-mama-e-do-utero-no-sus\\\/#respond\"]}]},{\"@type\":\"WebPage\",\"@id\":\"https:\\\/\\\/www.encontraminasgerais.com.br\\\/itabira\\\/ministerio-da-saude-leva-para-maragogi-al-carreta-de-saude-da-mulher-para-diagnostico-precoce-de-cancer-de-mama-e-do-utero-no-sus\\\/\",\"url\":\"https:\\\/\\\/www.encontraminasgerais.com.br\\\/itabira\\\/ministerio-da-saude-leva-para-maragogi-al-carreta-de-saude-da-mulher-para-diagnostico-precoce-de-cancer-de-mama-e-do-utero-no-sus\\\/\",\"name\":\"Minist\u00e9rio da Sa\u00fade leva para Maragogi (AL) carreta de sa\u00fade da mulher para diagn\u00f3stico precoce de c\u00e2ncer de mama e do \u00fatero no SUS | Guia Comercial de Itabira MG\",\"isPartOf\":{\"@id\":\"https:\\\/\\\/www.encontraminasgerais.com.br\\\/itabira\\\/#website\"},\"primaryImageOfPage\":{\"@id\":\"https:\\\/\\\/www.encontraminasgerais.com.br\\\/itabira\\\/ministerio-da-saude-leva-para-maragogi-al-carreta-de-saude-da-mulher-para-diagnostico-precoce-de-cancer-de-mama-e-do-utero-no-sus\\\/#primaryimage\"},\"image\":{\"@id\":\"https:\\\/\\\/www.encontraminasgerais.com.br\\\/itabira\\\/ministerio-da-saude-leva-para-maragogi-al-carreta-de-saude-da-mulher-para-diagnostico-precoce-de-cancer-de-mama-e-do-utero-no-sus\\\/#primaryimage\"},\"thumbnailUrl\":\"https:\\\/\\\/www.encontraminasgerais.com.br\\\/itabira\\\/wp-content\\\/uploads\\\/2026\\\/05\\\/ministerio-da-saude-leva-para-maragogi-al-carreta-de-saude-da-mulher-para-diagnostico-precoce-de-can.webp\",\"datePublished\":\"2026-05-30T09:26:56+00:00\",\"author\":{\"@id\":\"https:\\\/\\\/www.encontraminasgerais.com.br\\\/itabira\\\/#\\\/schema\\\/person\\\/9ae8a8f5ce59322c92e2499b550870b0\"},\"inLanguage\":\"pt-BR\",\"potentialAction\":[{\"@type\":\"ReadAction\",\"target\":[\"https:\\\/\\\/www.encontraminasgerais.com.br\\\/itabira\\\/ministerio-da-saude-leva-para-maragogi-al-carreta-de-saude-da-mulher-para-diagnostico-precoce-de-cancer-de-mama-e-do-utero-no-sus\\\/\"]}]},{\"@type\":\"ImageObject\",\"inLanguage\":\"pt-BR\",\"@id\":\"https:\\\/\\\/www.encontraminasgerais.com.br\\\/itabira\\\/ministerio-da-saude-leva-para-maragogi-al-carreta-de-saude-da-mulher-para-diagnostico-precoce-de-cancer-de-mama-e-do-utero-no-sus\\\/#primaryimage\",\"url\":\"https:\\\/\\\/www.encontraminasgerais.com.br\\\/itabira\\\/wp-content\\\/uploads\\\/2026\\\/05\\\/ministerio-da-saude-leva-para-maragogi-al-carreta-de-saude-da-mulher-para-diagnostico-precoce-de-can.webp\",\"contentUrl\":\"https:\\\/\\\/www.encontraminasgerais.com.br\\\/itabira\\\/wp-content\\\/uploads\\\/2026\\\/05\\\/ministerio-da-saude-leva-para-maragogi-al-carreta-de-saude-da-mulher-para-diagnostico-precoce-de-can.webp\",\"width\":280,\"height\":280,\"caption\":\"diagn\u00f3stico precoce de c\u00e2ncer de mama e do \u00fatero\"},{\"@type\":\"WebSite\",\"@id\":\"https:\\\/\\\/www.encontraminasgerais.com.br\\\/itabira\\\/#website\",\"url\":\"https:\\\/\\\/www.encontraminasgerais.com.br\\\/itabira\\\/\",\"name\":\"Guia Comercial de Itabira MG\",\"description\":\"ENCONTRA ITABIRA - O guia comercial de neg\u00f3cios e empresas, cultura e divers\u00e3o na cidade de Itabira. Feito 100% para voc\u00ea morador!\",\"potentialAction\":[{\"@type\":\"SearchAction\",\"target\":{\"@type\":\"EntryPoint\",\"urlTemplate\":\"https:\\\/\\\/www.encontraminasgerais.com.br\\\/itabira\\\/?s={search_term_string}\"},\"query-input\":{\"@type\":\"PropertyValueSpecification\",\"valueRequired\":true,\"valueName\":\"search_term_string\"}}],\"inLanguage\":\"pt-BR\"},{\"@type\":\"Person\",\"@id\":\"https:\\\/\\\/www.encontraminasgerais.com.br\\\/itabira\\\/#\\\/schema\\\/person\\\/9ae8a8f5ce59322c92e2499b550870b0\",\"name\":\"Encontra Itabira\",\"image\":{\"@type\":\"ImageObject\",\"inLanguage\":\"pt-BR\",\"@id\":\"https:\\\/\\\/secure.gravatar.com\\\/avatar\\\/c50c17820bcf322f0a8fd6b110b8c0918141409dc69076470f6fca5fee70a5d4?s=96&d=mm&r=g\",\"url\":\"https:\\\/\\\/secure.gravatar.com\\\/avatar\\\/c50c17820bcf322f0a8fd6b110b8c0918141409dc69076470f6fca5fee70a5d4?s=96&d=mm&r=g\",\"contentUrl\":\"https:\\\/\\\/secure.gravatar.com\\\/avatar\\\/c50c17820bcf322f0a8fd6b110b8c0918141409dc69076470f6fca5fee70a5d4?s=96&d=mm&r=g\",\"caption\":\"Encontra Itabira\"},\"url\":\"https:\\\/\\\/www.encontraminasgerais.com.br\\\/itabira\\\/author\\\/encontraitabira\\\/\"}]}<\/script>\n<!-- \/ Yoast SEO plugin. -->","yoast_head_json":{"title":"Minist\u00e9rio da Sa\u00fade leva para Maragogi (AL) carreta de sa\u00fade da mulher para diagn\u00f3stico precoce de c\u00e2ncer de mama e do \u00fatero no SUS | Guia Comercial de Itabira MG","robots":{"index":"index","follow":"follow","max-snippet":"max-snippet:-1","max-image-preview":"max-image-preview:large","max-video-preview":"max-video-preview:-1"},"canonical":"https:\/\/www.encontraminasgerais.com.br\/itabira\/ministerio-da-saude-leva-para-maragogi-al-carreta-de-saude-da-mulher-para-diagnostico-precoce-de-cancer-de-mama-e-do-utero-no-sus\/","og_locale":"pt_BR","og_type":"article","og_title":"Minist\u00e9rio da Sa\u00fade leva para Maragogi (AL) carreta de sa\u00fade da mulher para diagn\u00f3stico precoce de c\u00e2ncer de mama e do \u00fatero no SUS | Guia Comercial de Itabira MG","og_description":"Carreta do SUS em Maragogi oferece diagn\u00f3stico precoce de c\u00e2ncer de mama e do \u00fatero.","og_url":"https:\/\/www.encontraminasgerais.com.br\/itabira\/ministerio-da-saude-leva-para-maragogi-al-carreta-de-saude-da-mulher-para-diagnostico-precoce-de-cancer-de-mama-e-do-utero-no-sus\/","og_site_name":"Guia Comercial de Itabira MG","article_published_time":"2026-05-30T09:26:56+00:00","og_image":[{"url":"https:\/\/www.encontraminasgerais.com.br\/itabira\/wp-content\/uploads\/2026\/05\/ministerio-da-saude-leva-para-maragogi-al-carreta-de-saude-da-mulher-para-diagnostico-precoce-de-can.webp","type":"","width":"","height":""}],"author":"Encontra Itabira","twitter_card":"summary_large_image","twitter_misc":{"Escrito por":"Encontra Itabira","Est. tempo de leitura":"5 minutos"},"schema":{"@context":"https:\/\/schema.org","@graph":[{"@type":"Article","@id":"https:\/\/www.encontraminasgerais.com.br\/itabira\/ministerio-da-saude-leva-para-maragogi-al-carreta-de-saude-da-mulher-para-diagnostico-precoce-de-cancer-de-mama-e-do-utero-no-sus\/#article","isPartOf":{"@id":"https:\/\/www.encontraminasgerais.com.br\/itabira\/ministerio-da-saude-leva-para-maragogi-al-carreta-de-saude-da-mulher-para-diagnostico-precoce-de-cancer-de-mama-e-do-utero-no-sus\/"},"author":{"name":"Encontra Itabira","@id":"https:\/\/www.encontraminasgerais.com.br\/itabira\/#\/schema\/person\/9ae8a8f5ce59322c92e2499b550870b0"},"headline":"Minist\u00e9rio da Sa\u00fade leva para Maragogi (AL) carreta de sa\u00fade da mulher para diagn\u00f3stico precoce de c\u00e2ncer de mama e do \u00fatero no SUS","datePublished":"2026-05-30T09:26:56+00:00","mainEntityOfPage":{"@id":"https:\/\/www.encontraminasgerais.com.br\/itabira\/ministerio-da-saude-leva-para-maragogi-al-carreta-de-saude-da-mulher-para-diagnostico-precoce-de-cancer-de-mama-e-do-utero-no-sus\/"},"wordCount":1048,"commentCount":0,"image":{"@id":"https:\/\/www.encontraminasgerais.com.br\/itabira\/ministerio-da-saude-leva-para-maragogi-al-carreta-de-saude-da-mulher-para-diagnostico-precoce-de-cancer-de-mama-e-do-utero-no-sus\/#primaryimage"},"thumbnailUrl":"https:\/\/www.encontraminasgerais.com.br\/itabira\/wp-content\/uploads\/2026\/05\/ministerio-da-saude-leva-para-maragogi-al-carreta-de-saude-da-mulher-para-diagnostico-precoce-de-can.webp","articleSection":["Not\u00edcias Itabira"],"inLanguage":"pt-BR","potentialAction":[{"@type":"CommentAction","name":"Comment","target":["https:\/\/www.encontraminasgerais.com.br\/itabira\/ministerio-da-saude-leva-para-maragogi-al-carreta-de-saude-da-mulher-para-diagnostico-precoce-de-cancer-de-mama-e-do-utero-no-sus\/#respond"]}]},{"@type":"WebPage","@id":"https:\/\/www.encontraminasgerais.com.br\/itabira\/ministerio-da-saude-leva-para-maragogi-al-carreta-de-saude-da-mulher-para-diagnostico-precoce-de-cancer-de-mama-e-do-utero-no-sus\/","url":"https:\/\/www.encontraminasgerais.com.br\/itabira\/ministerio-da-saude-leva-para-maragogi-al-carreta-de-saude-da-mulher-para-diagnostico-precoce-de-cancer-de-mama-e-do-utero-no-sus\/","name":"Minist\u00e9rio da Sa\u00fade leva para Maragogi (AL) carreta de sa\u00fade da mulher para diagn\u00f3stico precoce de c\u00e2ncer de mama e do \u00fatero no SUS | Guia Comercial de Itabira MG","isPartOf":{"@id":"https:\/\/www.encontraminasgerais.com.br\/itabira\/#website"},"primaryImageOfPage":{"@id":"https:\/\/www.encontraminasgerais.com.br\/itabira\/ministerio-da-saude-leva-para-maragogi-al-carreta-de-saude-da-mulher-para-diagnostico-precoce-de-cancer-de-mama-e-do-utero-no-sus\/#primaryimage"},"image":{"@id":"https:\/\/www.encontraminasgerais.com.br\/itabira\/ministerio-da-saude-leva-para-maragogi-al-carreta-de-saude-da-mulher-para-diagnostico-precoce-de-cancer-de-mama-e-do-utero-no-sus\/#primaryimage"},"thumbnailUrl":"https:\/\/www.encontraminasgerais.com.br\/itabira\/wp-content\/uploads\/2026\/05\/ministerio-da-saude-leva-para-maragogi-al-carreta-de-saude-da-mulher-para-diagnostico-precoce-de-can.webp","datePublished":"2026-05-30T09:26:56+00:00","author":{"@id":"https:\/\/www.encontraminasgerais.com.br\/itabira\/#\/schema\/person\/9ae8a8f5ce59322c92e2499b550870b0"},"inLanguage":"pt-BR","potentialAction":[{"@type":"ReadAction","target":["https:\/\/www.encontraminasgerais.com.br\/itabira\/ministerio-da-saude-leva-para-maragogi-al-carreta-de-saude-da-mulher-para-diagnostico-precoce-de-cancer-de-mama-e-do-utero-no-sus\/"]}]},{"@type":"ImageObject","inLanguage":"pt-BR","@id":"https:\/\/www.encontraminasgerais.com.br\/itabira\/ministerio-da-saude-leva-para-maragogi-al-carreta-de-saude-da-mulher-para-diagnostico-precoce-de-cancer-de-mama-e-do-utero-no-sus\/#primaryimage","url":"https:\/\/www.encontraminasgerais.com.br\/itabira\/wp-content\/uploads\/2026\/05\/ministerio-da-saude-leva-para-maragogi-al-carreta-de-saude-da-mulher-para-diagnostico-precoce-de-can.webp","contentUrl":"https:\/\/www.encontraminasgerais.com.br\/itabira\/wp-content\/uploads\/2026\/05\/ministerio-da-saude-leva-para-maragogi-al-carreta-de-saude-da-mulher-para-diagnostico-precoce-de-can.webp","width":280,"height":280,"caption":"diagn\u00f3stico precoce de c\u00e2ncer de mama e do \u00fatero"},{"@type":"WebSite","@id":"https:\/\/www.encontraminasgerais.com.br\/itabira\/#website","url":"https:\/\/www.encontraminasgerais.com.br\/itabira\/","name":"Guia Comercial de Itabira MG","description":"ENCONTRA ITABIRA - O guia comercial de neg\u00f3cios e empresas, cultura e divers\u00e3o na cidade de Itabira. Feito 100% para voc\u00ea morador!","potentialAction":[{"@type":"SearchAction","target":{"@type":"EntryPoint","urlTemplate":"https:\/\/www.encontraminasgerais.com.br\/itabira\/?s={search_term_string}"},"query-input":{"@type":"PropertyValueSpecification","valueRequired":true,"valueName":"search_term_string"}}],"inLanguage":"pt-BR"},{"@type":"Person","@id":"https:\/\/www.encontraminasgerais.com.br\/itabira\/#\/schema\/person\/9ae8a8f5ce59322c92e2499b550870b0","name":"Encontra Itabira","image":{"@type":"ImageObject","inLanguage":"pt-BR","@id":"https:\/\/secure.gravatar.com\/avatar\/c50c17820bcf322f0a8fd6b110b8c0918141409dc69076470f6fca5fee70a5d4?s=96&d=mm&r=g","url":"https:\/\/secure.gravatar.com\/avatar\/c50c17820bcf322f0a8fd6b110b8c0918141409dc69076470f6fca5fee70a5d4?s=96&d=mm&r=g","contentUrl":"https:\/\/secure.gravatar.com\/avatar\/c50c17820bcf322f0a8fd6b110b8c0918141409dc69076470f6fca5fee70a5d4?s=96&d=mm&r=g","caption":"Encontra Itabira"},"url":"https:\/\/www.encontraminasgerais.com.br\/itabira\/author\/encontraitabira\/"}]}},"_links":{"self":[{"href":"https:\/\/www.encontraminasgerais.com.br\/itabira\/wp-json\/wp\/v2\/posts\/5785","targetHints":{"allow":["GET"]}}],"collection":[{"href":"https:\/\/www.encontraminasgerais.com.br\/itabira\/wp-json\/wp\/v2\/posts"}],"about":[{"href":"https:\/\/www.encontraminasgerais.com.br\/itabira\/wp-json\/wp\/v2\/types\/post"}],"author":[{"embeddable":true,"href":"https:\/\/www.encontraminasgerais.com.br\/itabira\/wp-json\/wp\/v2\/users\/1"}],"replies":[{"embeddable":true,"href":"https:\/\/www.encontraminasgerais.com.br\/itabira\/wp-json\/wp\/v2\/comments?post=5785"}],"version-history":[{"count":0,"href":"https:\/\/www.encontraminasgerais.com.br\/itabira\/wp-json\/wp\/v2\/posts\/5785\/revisions"}],"wp:featuredmedia":[{"embeddable":true,"href":"https:\/\/www.encontraminasgerais.com.br\/itabira\/wp-json\/wp\/v2\/media\/5784"}],"wp:attachment":[{"href":"https:\/\/www.encontraminasgerais.com.br\/itabira\/wp-json\/wp\/v2\/media?parent=5785"}],"wp:term":[{"taxonomy":"category","embeddable":true,"href":"https:\/\/www.encontraminasgerais.com.br\/itabira\/wp-json\/wp\/v2\/categories?post=5785"},{"taxonomy":"post_tag","embeddable":true,"href":"https:\/\/www.encontraminasgerais.com.br\/itabira\/wp-json\/wp\/v2\/tags?post=5785"}],"curies":[{"name":"wp","href":"https:\/\/api.w.org\/{rel}","templated":true}]}}