{"id":5851,"date":"2026-06-14T06:37:18","date_gmt":"2026-06-14T09:37:18","guid":{"rendered":"https:\/\/www.encontraminasgerais.com.br\/itabira\/frente-fria-mantem-temperaturas-amenas-em-minas-nesta-sexta-12-veja-a-previsao-para-belo-horizonte-itabira-e-joao-monlevade\/"},"modified":"2026-06-14T06:37:18","modified_gmt":"2026-06-14T09:37:18","slug":"frente-fria-mantem-temperaturas-amenas-em-minas-nesta-sexta-12-veja-a-previsao-para-belo-horizonte-itabira-e-joao-monlevade","status":"publish","type":"post","link":"https:\/\/www.encontraminasgerais.com.br\/itabira\/frente-fria-mantem-temperaturas-amenas-em-minas-nesta-sexta-12-veja-a-previsao-para-belo-horizonte-itabira-e-joao-monlevade\/","title":{"rendered":"Frente fria mant\u00e9m temperaturas amenas em Minas nesta sexta (12); veja a previs\u00e3o para Belo Horizonte, Itabira e Jo\u00e3o Monlevade"},"content":{"rendered":"<h2>Condi\u00e7\u00f5es clim\u00e1ticas em Belo Horizonte<\/h2>\n<p>A previs\u00e3o do tempo para Belo Horizonte nesta sexta-feira, dia 12, mostra um quadro de clima ameno, caracter\u00edstico de uma frente fria que se estende pela regi\u00e3o. As temperaturas devem variar entre 13\u00b0C e 25\u00b0C, com per\u00edodos de c\u00e9u parcialmente nublado. Durante as primeiras horas da manh\u00e3, \u00e9 poss\u00edvel sentir um frio mais intenso, que tende a amenizar com a chegada do sol ao longo do dia. Apesar das nuvens, n\u00e3o h\u00e1 previs\u00e3o de chuvas significativas, o que favorece atividades ao ar livre.<\/p>\n<h2>Como a frente fria afeta Itabira<\/h2>\n<p>Em Itabira, assim como em Belo Horizonte, as temperaturas devem ser um pouco mais baixas nesta sexta-feira, com uma m\u00ednima prevista de 12\u00b0C e uma m\u00e1xima de 24\u00b0C. A atmosfera durante a manh\u00e3 ser\u00e1 firma, proporcionando uma sensa\u00e7\u00e3o agrad\u00e1vel, embora consideravelmente fria. Com o tempo predominantemente limpo, a presen\u00e7a do sol entre nuvens \u00e9 um ponto de destaque, fazendo com que a popula\u00e7\u00e3o possa desfrutar de um dia tranquilo. N\u00e3o h\u00e1 previs\u00e3o para chuvas, mas as rajadas de vento podem ser notadas ao longo do dia, agregando um toque de frescor ao clima.<\/p>\n<h2>Jo\u00e3o Monlevade e suas temperaturas amenas<\/h2>\n<p>Assim como nas demais cidades da regi\u00e3o, Jo\u00e3o Monlevade tamb\u00e9m experimentar\u00e1 temperaturas moderadas nessa sexta. A varia\u00e7\u00e3o t\u00e9rmica deve oscilar entre 13\u00b0C e 25\u00b0C, tornando o clima agrad\u00e1vel, especialmente pela manh\u00e3 e \u00e0 noite quando a sensa\u00e7\u00e3o de frio \u00e9 mais intensa. O c\u00e9u deve se manter parcialmente nublado, caracter\u00edstica frequente do inverno central mineiro. Essa estabilidade clim\u00e1tica ser\u00e1 bem recebida pelas comunidades, que podem aproveitar o dia para atividades ao ar livre sem preocupa\u00e7\u00f5es com chuvas.<\/p>\n<p><img decoding=\"async\" src=\"https:\/\/www.encontraminasgerais.com.br\/itabira\/wp-content\/uploads\/2026\/06\/frente-fria-mantem-temperaturas-amenas-em-minas-nesta-sexta-12-veja-a-previsao-para-belo-horizonte-i.webp\" alt=\"\" loading=\"lazy\" \/><\/p>\n<h2>O que esperar para o final de semana<\/h2>\n<p>O final de semana em Minas Gerais promitse seguir na mesma linha do clima mais ameno. A previs\u00e3o indica que as temperaturas devem se manter dentro de uma faixa confort\u00e1vel, sem grandes oscila\u00e7\u00f5es. Al\u00e9m disso, a presen\u00e7a de nebulosidade nas manh\u00e3s e noites pode trazer valoriza\u00e7\u00e3o aos dias mais claros, com o sol se mostrando entre as nuvens nas horas mais quentes. No entanto, \u00e9 importante monitorar as previs\u00f5es meteorol\u00f3gicas di\u00e1rias, pois mudan\u00e7as podem ocorrer a qualquer momento, especialmente em situa\u00e7\u00f5es de clima vari\u00e1vel como o atual.<\/p>\n<h2>Impacto na agricultura devido ao clima<\/h2>\n<p>As temperaturas amenas trazidas por essa frente fria podem ter impactado diretamente a agricultura na regi\u00e3o. A estabilidade clim\u00e1tica e a aus\u00eancia de chuvas fortes ajudam a proteger as culturas que est\u00e3o em fase de desenvolvimento. Por outro lado, o frio noturno pode afetar o crescimento de vegetais que necessitam de temperatura mais elevada. Assim, \u00e9 importante para os agricultores acompanharem as previs\u00f5es clim\u00e1ticas e, se necess\u00e1rio, adotarem pr\u00e1ticas que protejam suas lavouras das eventuais quedas de temperatura.<\/p>\n<h2>Dicas para se vestir bem no frio<\/h2>\n<p>Para se adaptar ao clima frio que Minas geralmente oferece em per\u00edodos de frente fria, \u00e9 fundamental se vestir adequadamente. Algumas dicas incluem:<\/p>\n<ul>\n<li><strong>Camadas:<\/strong> Usar m\u00faltiplas camadas de roupas ajuda a regular a temperatura do corpo. Utilize camisetas t\u00e9rmicas, camisas e casacos.<\/li>\n<li><strong>Roupas quentes:<\/strong> Invista em roupas de tecidos como l\u00e3 ou fleece que proporcionam calor e conforto.<\/li>\n<li><strong>Acess\u00f3rios:<\/strong> N\u00e3o esque\u00e7a de usar mantas, gorros e luvas que s\u00e3o essenciais para manter as extremidades aquecidas.<\/li>\n<li><strong>Cal\u00e7ados apropriados:<\/strong> Use sapatos fechados e quentes para proteger os p\u00e9s das baixas temperaturas.<\/li>\n<\/ul>\n<p>Essas pequenas adapta\u00e7\u00f5es podem fazer toda a diferen\u00e7a na hora de enfrentar os dias mais frios.<\/p>\n<h2>Previs\u00e3o detalhada para Minas Gerais<\/h2>\n<p>Considerando as condi\u00e7\u00f5es gerais do clima para Minas Gerais, \u00e9 poss\u00edvel que a frente fria traga um ar mais fresco para diversas cidades, com chuvas esparsas apenas em regi\u00f5es onde a nebulosidade aumentar. No geral, as temperaturas ficar\u00e3o est\u00e1veis, com m\u00e1ximas semelhantes \u00e0s j\u00e1 mencionadas. De acordo com informa\u00e7\u00f5es do Instituto Nacional de Meteorologia (INMET), mesmo com a estabilidade, \u00e9 sempre bom conferir a previs\u00e3o regionalizada para que cada munic\u00edpio possa se adaptar \u00e0s condi\u00e7\u00f5es locais.<\/p>\n<h2>Mudan\u00e7as clim\u00e1ticas em Minas<\/h2>\n<p>Nos \u00faltimos anos, as mudan\u00e7as clim\u00e1ticas t\u00eam impactado a frequ\u00eancia e a intensidade das frentes frias em Minas Gerais. As varia\u00e7\u00f5es sazonais se tornaram mais imprevis\u00edveis, com temperaturas de inverno sendo mais amenas e ver\u00f5es apresentando calor excessivo. A conscientiza\u00e7\u00e3o sobre essas mudan\u00e7as se torna cada vez mais necess\u00e1ria, e a\u00e7\u00f5es de preserva\u00e7\u00e3o ambiental podem contribuir para mitigar os efeitos adversos nas condi\u00e7\u00f5es clim\u00e1ticas locais.<\/p>\n<h2>Hist\u00f3rico de frentes frias na regi\u00e3o<\/h2>\n<p>Historicamente, Minas Gerais sempre teve epis\u00f3dios regulares de frentes frias durante o inverno. Contudo, a intensidade e frequ\u00eancia t\u00eam variado, o que preocupa climatologistas e moradores. O reconhecimento das propriedades do clima mineiro e a an\u00e1lise de dados hist\u00f3ricos s\u00e3o fundamentais para prever tend\u00eancias futuras e se preparar para o que vem a seguir.<\/p>\n<h2>Cuidados com a sa\u00fade no frio<\/h2>\n<p>Durante as temperaturas mais baixas, a popula\u00e7\u00e3o deve estar atenta \u00e0 sa\u00fade. Algumas dicas incluem:<\/p>\n<ul>\n<li><strong>Hidrata\u00e7\u00e3o:<\/strong> O frio pode causar desidrata\u00e7\u00e3o, mesmo que n\u00e3o percebamos. Beber \u00e1gua \u00e9 essencial.<\/li>\n<li><strong>Aquecimento:<\/strong> Mantenha os ambientes aquecidos e utilize cobertores para se proteger do frio.<\/li>\n<li><strong>Alimenta\u00e7\u00e3o:<\/strong> Consuma alimentos quentes e nutritivos que ajudem a manter a energia e aquecer o corpo.<\/li>\n<li><strong>Atividades f\u00edsicas:<\/strong> Mantenha-se ativo para melhorar a circula\u00e7\u00e3o sangu\u00ednea, o que ajuda a aquecer o corpo. <\/li>\n<\/ul>\n<p>Esses cuidados s\u00e3o vitais, especialmente para grupos mais vulner\u00e1veis, como crian\u00e7as e idosos.<\/p>\n","protected":false},"excerpt":{"rendered":"<p>Frente fria traz temperaturas amenas em Minas; descubra a previs\u00e3o para esta sexta-feira.<\/p>\n","protected":false},"author":1,"featured_media":5850,"comment_status":"open","ping_status":"open","sticky":false,"template":"","format":"standard","meta":{"footnotes":""},"categories":[5],"tags":[],"class_list":["post-5851","post","type-post","status-publish","format-standard","has-post-thumbnail","hentry","category-noticias","has_thumb"],"yoast_head":"<!-- This site is optimized with the Yoast SEO plugin v28.1 - https:\/\/yoast.com\/product\/yoast-seo-wordpress\/ -->\n<title>Frente fria mant\u00e9m temperaturas amenas em Minas nesta sexta (12); veja a previs\u00e3o para Belo Horizonte, Itabira e Jo\u00e3o Monlevade | Guia Comercial de Itabira MG<\/title>\n<meta name=\"robots\" content=\"index, follow, max-snippet:-1, max-image-preview:large, max-video-preview:-1\" \/>\n<link rel=\"canonical\" href=\"https:\/\/www.encontraminasgerais.com.br\/itabira\/frente-fria-mantem-temperaturas-amenas-em-minas-nesta-sexta-12-veja-a-previsao-para-belo-horizonte-itabira-e-joao-monlevade\/\" \/>\n<meta property=\"og:locale\" content=\"pt_BR\" \/>\n<meta property=\"og:type\" content=\"article\" \/>\n<meta property=\"og:title\" content=\"Frente fria mant\u00e9m temperaturas amenas em Minas nesta sexta (12); veja a previs\u00e3o para Belo Horizonte, Itabira e Jo\u00e3o Monlevade | Guia Comercial de Itabira MG\" \/>\n<meta property=\"og:description\" content=\"Frente fria traz temperaturas amenas em Minas; descubra a previs\u00e3o para esta sexta-feira.\" \/>\n<meta property=\"og:url\" content=\"https:\/\/www.encontraminasgerais.com.br\/itabira\/frente-fria-mantem-temperaturas-amenas-em-minas-nesta-sexta-12-veja-a-previsao-para-belo-horizonte-itabira-e-joao-monlevade\/\" \/>\n<meta property=\"og:site_name\" content=\"Guia Comercial de Itabira MG\" \/>\n<meta property=\"article:published_time\" content=\"2026-06-14T09:37:18+00:00\" \/>\n<meta property=\"og:image\" content=\"https:\/\/www.encontraminasgerais.com.br\/itabira\/wp-content\/uploads\/2026\/06\/frente-fria-mantem-temperaturas-amenas-em-minas-nesta-sexta-12-veja-a-previsao-para-belo-horizonte-i.webp\" \/>\n<meta name=\"author\" content=\"Encontra Itabira\" \/>\n<meta name=\"twitter:card\" content=\"summary_large_image\" \/>\n<meta name=\"twitter:label1\" content=\"Escrito por\" \/>\n\t<meta name=\"twitter:data1\" content=\"Encontra Itabira\" \/>\n\t<meta name=\"twitter:label2\" content=\"Est. tempo de leitura\" \/>\n\t<meta name=\"twitter:data2\" content=\"5 minutos\" \/>\n<script type=\"application\/ld+json\" class=\"yoast-schema-graph\">{\"@context\":\"https:\\\/\\\/schema.org\",\"@graph\":[{\"@type\":\"Article\",\"@id\":\"https:\\\/\\\/www.encontraminasgerais.com.br\\\/itabira\\\/frente-fria-mantem-temperaturas-amenas-em-minas-nesta-sexta-12-veja-a-previsao-para-belo-horizonte-itabira-e-joao-monlevade\\\/#article\",\"isPartOf\":{\"@id\":\"https:\\\/\\\/www.encontraminasgerais.com.br\\\/itabira\\\/frente-fria-mantem-temperaturas-amenas-em-minas-nesta-sexta-12-veja-a-previsao-para-belo-horizonte-itabira-e-joao-monlevade\\\/\"},\"author\":{\"name\":\"Encontra Itabira\",\"@id\":\"https:\\\/\\\/www.encontraminasgerais.com.br\\\/itabira\\\/#\\\/schema\\\/person\\\/9ae8a8f5ce59322c92e2499b550870b0\"},\"headline\":\"Frente fria mant\u00e9m temperaturas amenas em Minas nesta sexta (12); veja a previs\u00e3o para Belo Horizonte, Itabira e Jo\u00e3o Monlevade\",\"datePublished\":\"2026-06-14T09:37:18+00:00\",\"mainEntityOfPage\":{\"@id\":\"https:\\\/\\\/www.encontraminasgerais.com.br\\\/itabira\\\/frente-fria-mantem-temperaturas-amenas-em-minas-nesta-sexta-12-veja-a-previsao-para-belo-horizonte-itabira-e-joao-monlevade\\\/\"},\"wordCount\":985,\"commentCount\":0,\"image\":{\"@id\":\"https:\\\/\\\/www.encontraminasgerais.com.br\\\/itabira\\\/frente-fria-mantem-temperaturas-amenas-em-minas-nesta-sexta-12-veja-a-previsao-para-belo-horizonte-itabira-e-joao-monlevade\\\/#primaryimage\"},\"thumbnailUrl\":\"https:\\\/\\\/www.encontraminasgerais.com.br\\\/itabira\\\/wp-content\\\/uploads\\\/2026\\\/06\\\/frente-fria-mantem-temperaturas-amenas-em-minas-nesta-sexta-12-veja-a-previsao-para-belo-horizonte-i.webp\",\"articleSection\":[\"Not\u00edcias Itabira\"],\"inLanguage\":\"pt-BR\",\"potentialAction\":[{\"@type\":\"CommentAction\",\"name\":\"Comment\",\"target\":[\"https:\\\/\\\/www.encontraminasgerais.com.br\\\/itabira\\\/frente-fria-mantem-temperaturas-amenas-em-minas-nesta-sexta-12-veja-a-previsao-para-belo-horizonte-itabira-e-joao-monlevade\\\/#respond\"]}]},{\"@type\":\"WebPage\",\"@id\":\"https:\\\/\\\/www.encontraminasgerais.com.br\\\/itabira\\\/frente-fria-mantem-temperaturas-amenas-em-minas-nesta-sexta-12-veja-a-previsao-para-belo-horizonte-itabira-e-joao-monlevade\\\/\",\"url\":\"https:\\\/\\\/www.encontraminasgerais.com.br\\\/itabira\\\/frente-fria-mantem-temperaturas-amenas-em-minas-nesta-sexta-12-veja-a-previsao-para-belo-horizonte-itabira-e-joao-monlevade\\\/\",\"name\":\"Frente fria mant\u00e9m temperaturas amenas em Minas nesta sexta (12); veja a previs\u00e3o para Belo Horizonte, Itabira e Jo\u00e3o Monlevade | Guia Comercial de Itabira MG\",\"isPartOf\":{\"@id\":\"https:\\\/\\\/www.encontraminasgerais.com.br\\\/itabira\\\/#website\"},\"primaryImageOfPage\":{\"@id\":\"https:\\\/\\\/www.encontraminasgerais.com.br\\\/itabira\\\/frente-fria-mantem-temperaturas-amenas-em-minas-nesta-sexta-12-veja-a-previsao-para-belo-horizonte-itabira-e-joao-monlevade\\\/#primaryimage\"},\"image\":{\"@id\":\"https:\\\/\\\/www.encontraminasgerais.com.br\\\/itabira\\\/frente-fria-mantem-temperaturas-amenas-em-minas-nesta-sexta-12-veja-a-previsao-para-belo-horizonte-itabira-e-joao-monlevade\\\/#primaryimage\"},\"thumbnailUrl\":\"https:\\\/\\\/www.encontraminasgerais.com.br\\\/itabira\\\/wp-content\\\/uploads\\\/2026\\\/06\\\/frente-fria-mantem-temperaturas-amenas-em-minas-nesta-sexta-12-veja-a-previsao-para-belo-horizonte-i.webp\",\"datePublished\":\"2026-06-14T09:37:18+00:00\",\"author\":{\"@id\":\"https:\\\/\\\/www.encontraminasgerais.com.br\\\/itabira\\\/#\\\/schema\\\/person\\\/9ae8a8f5ce59322c92e2499b550870b0\"},\"inLanguage\":\"pt-BR\",\"potentialAction\":[{\"@type\":\"ReadAction\",\"target\":[\"https:\\\/\\\/www.encontraminasgerais.com.br\\\/itabira\\\/frente-fria-mantem-temperaturas-amenas-em-minas-nesta-sexta-12-veja-a-previsao-para-belo-horizonte-itabira-e-joao-monlevade\\\/\"]}]},{\"@type\":\"ImageObject\",\"inLanguage\":\"pt-BR\",\"@id\":\"https:\\\/\\\/www.encontraminasgerais.com.br\\\/itabira\\\/frente-fria-mantem-temperaturas-amenas-em-minas-nesta-sexta-12-veja-a-previsao-para-belo-horizonte-itabira-e-joao-monlevade\\\/#primaryimage\",\"url\":\"https:\\\/\\\/www.encontraminasgerais.com.br\\\/itabira\\\/wp-content\\\/uploads\\\/2026\\\/06\\\/frente-fria-mantem-temperaturas-amenas-em-minas-nesta-sexta-12-veja-a-previsao-para-belo-horizonte-i.webp\",\"contentUrl\":\"https:\\\/\\\/www.encontraminasgerais.com.br\\\/itabira\\\/wp-content\\\/uploads\\\/2026\\\/06\\\/frente-fria-mantem-temperaturas-amenas-em-minas-nesta-sexta-12-veja-a-previsao-para-belo-horizonte-i.webp\",\"width\":280,\"height\":280},{\"@type\":\"WebSite\",\"@id\":\"https:\\\/\\\/www.encontraminasgerais.com.br\\\/itabira\\\/#website\",\"url\":\"https:\\\/\\\/www.encontraminasgerais.com.br\\\/itabira\\\/\",\"name\":\"Guia Comercial de Itabira MG\",\"description\":\"ENCONTRA ITABIRA - O guia comercial de neg\u00f3cios e empresas, cultura e divers\u00e3o na cidade de Itabira. Feito 100% para voc\u00ea morador!\",\"potentialAction\":[{\"@type\":\"SearchAction\",\"target\":{\"@type\":\"EntryPoint\",\"urlTemplate\":\"https:\\\/\\\/www.encontraminasgerais.com.br\\\/itabira\\\/?s={search_term_string}\"},\"query-input\":{\"@type\":\"PropertyValueSpecification\",\"valueRequired\":true,\"valueName\":\"search_term_string\"}}],\"inLanguage\":\"pt-BR\"},{\"@type\":\"Person\",\"@id\":\"https:\\\/\\\/www.encontraminasgerais.com.br\\\/itabira\\\/#\\\/schema\\\/person\\\/9ae8a8f5ce59322c92e2499b550870b0\",\"name\":\"Encontra Itabira\",\"image\":{\"@type\":\"ImageObject\",\"inLanguage\":\"pt-BR\",\"@id\":\"https:\\\/\\\/secure.gravatar.com\\\/avatar\\\/c50c17820bcf322f0a8fd6b110b8c0918141409dc69076470f6fca5fee70a5d4?s=96&d=mm&r=g\",\"url\":\"https:\\\/\\\/secure.gravatar.com\\\/avatar\\\/c50c17820bcf322f0a8fd6b110b8c0918141409dc69076470f6fca5fee70a5d4?s=96&d=mm&r=g\",\"contentUrl\":\"https:\\\/\\\/secure.gravatar.com\\\/avatar\\\/c50c17820bcf322f0a8fd6b110b8c0918141409dc69076470f6fca5fee70a5d4?s=96&d=mm&r=g\",\"caption\":\"Encontra Itabira\"},\"url\":\"https:\\\/\\\/www.encontraminasgerais.com.br\\\/itabira\\\/author\\\/encontraitabira\\\/\"}]}<\/script>\n<!-- \/ Yoast SEO plugin. -->","yoast_head_json":{"title":"Frente fria mant\u00e9m temperaturas amenas em Minas nesta sexta (12); veja a previs\u00e3o para Belo Horizonte, Itabira e Jo\u00e3o Monlevade | Guia Comercial de Itabira MG","robots":{"index":"index","follow":"follow","max-snippet":"max-snippet:-1","max-image-preview":"max-image-preview:large","max-video-preview":"max-video-preview:-1"},"canonical":"https:\/\/www.encontraminasgerais.com.br\/itabira\/frente-fria-mantem-temperaturas-amenas-em-minas-nesta-sexta-12-veja-a-previsao-para-belo-horizonte-itabira-e-joao-monlevade\/","og_locale":"pt_BR","og_type":"article","og_title":"Frente fria mant\u00e9m temperaturas amenas em Minas nesta sexta (12); veja a previs\u00e3o para Belo Horizonte, Itabira e Jo\u00e3o Monlevade | Guia Comercial de Itabira MG","og_description":"Frente fria traz temperaturas amenas em Minas; descubra a previs\u00e3o para esta sexta-feira.","og_url":"https:\/\/www.encontraminasgerais.com.br\/itabira\/frente-fria-mantem-temperaturas-amenas-em-minas-nesta-sexta-12-veja-a-previsao-para-belo-horizonte-itabira-e-joao-monlevade\/","og_site_name":"Guia Comercial de Itabira MG","article_published_time":"2026-06-14T09:37:18+00:00","og_image":[{"url":"https:\/\/www.encontraminasgerais.com.br\/itabira\/wp-content\/uploads\/2026\/06\/frente-fria-mantem-temperaturas-amenas-em-minas-nesta-sexta-12-veja-a-previsao-para-belo-horizonte-i.webp","type":"","width":"","height":""}],"author":"Encontra Itabira","twitter_card":"summary_large_image","twitter_misc":{"Escrito por":"Encontra Itabira","Est. tempo de leitura":"5 minutos"},"schema":{"@context":"https:\/\/schema.org","@graph":[{"@type":"Article","@id":"https:\/\/www.encontraminasgerais.com.br\/itabira\/frente-fria-mantem-temperaturas-amenas-em-minas-nesta-sexta-12-veja-a-previsao-para-belo-horizonte-itabira-e-joao-monlevade\/#article","isPartOf":{"@id":"https:\/\/www.encontraminasgerais.com.br\/itabira\/frente-fria-mantem-temperaturas-amenas-em-minas-nesta-sexta-12-veja-a-previsao-para-belo-horizonte-itabira-e-joao-monlevade\/"},"author":{"name":"Encontra Itabira","@id":"https:\/\/www.encontraminasgerais.com.br\/itabira\/#\/schema\/person\/9ae8a8f5ce59322c92e2499b550870b0"},"headline":"Frente fria mant\u00e9m temperaturas amenas em Minas nesta sexta (12); veja a previs\u00e3o para Belo Horizonte, Itabira e Jo\u00e3o Monlevade","datePublished":"2026-06-14T09:37:18+00:00","mainEntityOfPage":{"@id":"https:\/\/www.encontraminasgerais.com.br\/itabira\/frente-fria-mantem-temperaturas-amenas-em-minas-nesta-sexta-12-veja-a-previsao-para-belo-horizonte-itabira-e-joao-monlevade\/"},"wordCount":985,"commentCount":0,"image":{"@id":"https:\/\/www.encontraminasgerais.com.br\/itabira\/frente-fria-mantem-temperaturas-amenas-em-minas-nesta-sexta-12-veja-a-previsao-para-belo-horizonte-itabira-e-joao-monlevade\/#primaryimage"},"thumbnailUrl":"https:\/\/www.encontraminasgerais.com.br\/itabira\/wp-content\/uploads\/2026\/06\/frente-fria-mantem-temperaturas-amenas-em-minas-nesta-sexta-12-veja-a-previsao-para-belo-horizonte-i.webp","articleSection":["Not\u00edcias Itabira"],"inLanguage":"pt-BR","potentialAction":[{"@type":"CommentAction","name":"Comment","target":["https:\/\/www.encontraminasgerais.com.br\/itabira\/frente-fria-mantem-temperaturas-amenas-em-minas-nesta-sexta-12-veja-a-previsao-para-belo-horizonte-itabira-e-joao-monlevade\/#respond"]}]},{"@type":"WebPage","@id":"https:\/\/www.encontraminasgerais.com.br\/itabira\/frente-fria-mantem-temperaturas-amenas-em-minas-nesta-sexta-12-veja-a-previsao-para-belo-horizonte-itabira-e-joao-monlevade\/","url":"https:\/\/www.encontraminasgerais.com.br\/itabira\/frente-fria-mantem-temperaturas-amenas-em-minas-nesta-sexta-12-veja-a-previsao-para-belo-horizonte-itabira-e-joao-monlevade\/","name":"Frente fria mant\u00e9m temperaturas amenas em Minas nesta sexta (12); veja a previs\u00e3o para Belo Horizonte, Itabira e Jo\u00e3o Monlevade | Guia Comercial de Itabira MG","isPartOf":{"@id":"https:\/\/www.encontraminasgerais.com.br\/itabira\/#website"},"primaryImageOfPage":{"@id":"https:\/\/www.encontraminasgerais.com.br\/itabira\/frente-fria-mantem-temperaturas-amenas-em-minas-nesta-sexta-12-veja-a-previsao-para-belo-horizonte-itabira-e-joao-monlevade\/#primaryimage"},"image":{"@id":"https:\/\/www.encontraminasgerais.com.br\/itabira\/frente-fria-mantem-temperaturas-amenas-em-minas-nesta-sexta-12-veja-a-previsao-para-belo-horizonte-itabira-e-joao-monlevade\/#primaryimage"},"thumbnailUrl":"https:\/\/www.encontraminasgerais.com.br\/itabira\/wp-content\/uploads\/2026\/06\/frente-fria-mantem-temperaturas-amenas-em-minas-nesta-sexta-12-veja-a-previsao-para-belo-horizonte-i.webp","datePublished":"2026-06-14T09:37:18+00:00","author":{"@id":"https:\/\/www.encontraminasgerais.com.br\/itabira\/#\/schema\/person\/9ae8a8f5ce59322c92e2499b550870b0"},"inLanguage":"pt-BR","potentialAction":[{"@type":"ReadAction","target":["https:\/\/www.encontraminasgerais.com.br\/itabira\/frente-fria-mantem-temperaturas-amenas-em-minas-nesta-sexta-12-veja-a-previsao-para-belo-horizonte-itabira-e-joao-monlevade\/"]}]},{"@type":"ImageObject","inLanguage":"pt-BR","@id":"https:\/\/www.encontraminasgerais.com.br\/itabira\/frente-fria-mantem-temperaturas-amenas-em-minas-nesta-sexta-12-veja-a-previsao-para-belo-horizonte-itabira-e-joao-monlevade\/#primaryimage","url":"https:\/\/www.encontraminasgerais.com.br\/itabira\/wp-content\/uploads\/2026\/06\/frente-fria-mantem-temperaturas-amenas-em-minas-nesta-sexta-12-veja-a-previsao-para-belo-horizonte-i.webp","contentUrl":"https:\/\/www.encontraminasgerais.com.br\/itabira\/wp-content\/uploads\/2026\/06\/frente-fria-mantem-temperaturas-amenas-em-minas-nesta-sexta-12-veja-a-previsao-para-belo-horizonte-i.webp","width":280,"height":280},{"@type":"WebSite","@id":"https:\/\/www.encontraminasgerais.com.br\/itabira\/#website","url":"https:\/\/www.encontraminasgerais.com.br\/itabira\/","name":"Guia Comercial de Itabira MG","description":"ENCONTRA ITABIRA - O guia comercial de neg\u00f3cios e empresas, cultura e divers\u00e3o na cidade de Itabira. Feito 100% para voc\u00ea morador!","potentialAction":[{"@type":"SearchAction","target":{"@type":"EntryPoint","urlTemplate":"https:\/\/www.encontraminasgerais.com.br\/itabira\/?s={search_term_string}"},"query-input":{"@type":"PropertyValueSpecification","valueRequired":true,"valueName":"search_term_string"}}],"inLanguage":"pt-BR"},{"@type":"Person","@id":"https:\/\/www.encontraminasgerais.com.br\/itabira\/#\/schema\/person\/9ae8a8f5ce59322c92e2499b550870b0","name":"Encontra Itabira","image":{"@type":"ImageObject","inLanguage":"pt-BR","@id":"https:\/\/secure.gravatar.com\/avatar\/c50c17820bcf322f0a8fd6b110b8c0918141409dc69076470f6fca5fee70a5d4?s=96&d=mm&r=g","url":"https:\/\/secure.gravatar.com\/avatar\/c50c17820bcf322f0a8fd6b110b8c0918141409dc69076470f6fca5fee70a5d4?s=96&d=mm&r=g","contentUrl":"https:\/\/secure.gravatar.com\/avatar\/c50c17820bcf322f0a8fd6b110b8c0918141409dc69076470f6fca5fee70a5d4?s=96&d=mm&r=g","caption":"Encontra Itabira"},"url":"https:\/\/www.encontraminasgerais.com.br\/itabira\/author\/encontraitabira\/"}]}},"_links":{"self":[{"href":"https:\/\/www.encontraminasgerais.com.br\/itabira\/wp-json\/wp\/v2\/posts\/5851","targetHints":{"allow":["GET"]}}],"collection":[{"href":"https:\/\/www.encontraminasgerais.com.br\/itabira\/wp-json\/wp\/v2\/posts"}],"about":[{"href":"https:\/\/www.encontraminasgerais.com.br\/itabira\/wp-json\/wp\/v2\/types\/post"}],"author":[{"embeddable":true,"href":"https:\/\/www.encontraminasgerais.com.br\/itabira\/wp-json\/wp\/v2\/users\/1"}],"replies":[{"embeddable":true,"href":"https:\/\/www.encontraminasgerais.com.br\/itabira\/wp-json\/wp\/v2\/comments?post=5851"}],"version-history":[{"count":0,"href":"https:\/\/www.encontraminasgerais.com.br\/itabira\/wp-json\/wp\/v2\/posts\/5851\/revisions"}],"wp:featuredmedia":[{"embeddable":true,"href":"https:\/\/www.encontraminasgerais.com.br\/itabira\/wp-json\/wp\/v2\/media\/5850"}],"wp:attachment":[{"href":"https:\/\/www.encontraminasgerais.com.br\/itabira\/wp-json\/wp\/v2\/media?parent=5851"}],"wp:term":[{"taxonomy":"category","embeddable":true,"href":"https:\/\/www.encontraminasgerais.com.br\/itabira\/wp-json\/wp\/v2\/categories?post=5851"},{"taxonomy":"post_tag","embeddable":true,"href":"https:\/\/www.encontraminasgerais.com.br\/itabira\/wp-json\/wp\/v2\/tags?post=5851"}],"curies":[{"name":"wp","href":"https:\/\/api.w.org\/{rel}","templated":true}]}}