{"id":5855,"date":"2026-06-15T06:33:21","date_gmt":"2026-06-15T09:33:21","guid":{"rendered":"https:\/\/www.encontraminasgerais.com.br\/itabira\/vereador-luciano-silva-propoe-reajuste-no-vale\/"},"modified":"2026-06-15T06:33:21","modified_gmt":"2026-06-15T09:33:21","slug":"vereador-luciano-silva-propoe-reajuste-no-vale","status":"publish","type":"post","link":"https:\/\/www.encontraminasgerais.com.br\/itabira\/vereador-luciano-silva-propoe-reajuste-no-vale\/","title":{"rendered":"Vereador Luciano Silva prop\u00f5e reajuste no vale"},"content":{"rendered":"<h2>O Contexto Atual do Vale-Alimenta\u00e7\u00e3o<\/h2>\n<p>A situa\u00e7\u00e3o atual do vale-alimenta\u00e7\u00e3o dos servidores p\u00fablicos de Santa Maria de Itabira \u00e9 preocupante. O valor atualmente oferecido, que \u00e9 de <strong>R$ 300<\/strong>, n\u00e3o se ajusta mais \u00e0 realidade do custo de vida na regi\u00e3o. Com o aumento constante dos pre\u00e7os, especialmente nos produtos aliment\u00edcios que comp\u00f5em a cesta b\u00e1sica, a defasagem desse benef\u00edcio se torna evidente, impactando diretamente as condi\u00e7\u00f5es de vida dos servidores e suas fam\u00edlias. Portanto, uma revis\u00e3o desse valor \u00e9 urgente e necess\u00e1ria para que o benef\u00edcio possa atender \u00e0s necessidades reais dos trabalhadores, garantindo uma alimenta\u00e7\u00e3o adequada e digna.<\/p>\n<h2>A Proposta de Luciano Silva<\/h2>\n<p>No dia 8 de junho de 2026, o vereador <strong>Luciano Silva<\/strong> apresentou a <strong>Indica\u00e7\u00e3o n\u00ba 25\/2026<\/strong> na C\u00e2mara Municipal, onde solicita que o prefeito fa\u00e7a uma an\u00e1lise da viabilidade t\u00e9cnica e or\u00e7ament\u00e1ria para reajustar o vale-alimenta\u00e7\u00e3o. Essa proposta aponta para uma adequa\u00e7\u00e3o do valor, n\u00e3o apenas para corrigir a defasagem, mas tamb\u00e9m para valorizar o trabalho dos servidores. Luciano ressalta que, com o cen\u00e1rio econ\u00f4mico atual, \u00e9 imprescind\u00edvel que o valor do benef\u00edcio seja revisto, a fim de manter o poder de compra e a qualidade de vida dos servidores.<\/p>\n<h2>Import\u00e2ncia da Revis\u00e3o do Valor<\/h2>\n<p>Rever o valor do vale-alimenta\u00e7\u00e3o \u00e9 uma quest\u00e3o de justi\u00e7a social e reconhecimento do trabalho dos servidores municipais. O reajuste \u00e9 essencial n\u00e3o s\u00f3 para a manuten\u00e7\u00e3o do sustento das fam\u00edlias, mas tamb\u00e9m para a motiva\u00e7\u00e3o dos servidores em sua rotina de trabalho. Um benef\u00edcio condizente com a realidade do mercado pode melhorar a satisfa\u00e7\u00e3o e a produtividade dos funcion\u00e1rios, refletindo diretamente na qualidade dos servi\u00e7os prestados \u00e0 popula\u00e7\u00e3o.<\/p>\n<p><img decoding=\"async\" src=\"https:\/\/www.encontraminasgerais.com.br\/itabira\/wp-content\/uploads\/2026\/06\/vereador-luciano-silva-propoe-reajuste-no-vale.webp\" alt=\"reajuste no vale-alimenta\u00e7\u00e3o\" loading=\"lazy\" \/><\/p>\n<h2>Impacto da Infla\u00e7\u00e3o nos Benef\u00edcios<\/h2>\n<p>A infla\u00e7\u00e3o \u00e9 um dos principais fatores que justifica a necessidade de um novo olhar sobre o vale-alimenta\u00e7\u00e3o. Ao longo dos \u00faltimos anos, a infla\u00e7\u00e3o acumulada afetou diversos setores da economia, principalmente o de alimentos, resultando em um aumento consider\u00e1vel nos pre\u00e7os. O valor atual do benef\u00edcio n\u00e3o consegue mais atender a demanda b\u00e1sica, o que pode levar a um empobrecimento gradual dos servidores. O reajuste \u00e9 um passo importante para resgatar o poder de compra, garantindo que os servidores n\u00e3o precisem abrir m\u00e3o de sua alimenta\u00e7\u00e3o ou da qualidade dela por quest\u00f5es financeiras.<\/p>\n<h2>Exemplos de Outras Cidades<\/h2>\n<p>V\u00e1rias cidades ao redor de Santa Maria de Itabira j\u00e1 implementaram melhorias em seus benef\u00edcios de alimenta\u00e7\u00e3o, buscando alinhar os valores \u00e0 realidade econ\u00f4mica de suas regi\u00f5es. Munic\u00edpios vizinhos est\u00e3o discutindo ou j\u00e1 adotaram ajustes que n\u00e3o s\u00f3 aumentaram os valores dos vales, mas tamb\u00e9m ajudaram a fortalecer a motiva\u00e7\u00e3o dos servidores. Esses exemplos servem como modelos que demonstram a import\u00e2ncia de a\u00e7\u00f5es semelhantes, ressaltando que a valoriza\u00e7\u00e3o do servidor n\u00e3o deve ser uma exce\u00e7\u00e3o, mas uma pr\u00e1tica comum.<\/p>\n<h2>Como Funcionar\u00e1 o Estudo T\u00e9cnico<\/h2>\n<p>O estudo t\u00e9cnico solicitado pela proposta de Luciano Silva deve envolver uma an\u00e1lise detalhada do impacto financeiro que o reajuste poder\u00e1 causar. \u00c9 fundamental que a Prefeitura considere a capacidade or\u00e7ament\u00e1ria do munic\u00edpio e busque alternativas vi\u00e1veis para realizar o benef\u00edcio, sem comprometer outras \u00e1reas essenciais. Esse estudo deve levar em conta os custos atuais de vida, a infla\u00e7\u00e3o, e os \u00edndices de mercado relacionados aos alimentos, para que uma proposta de reajuste justa e adequada seja elaborada e apresentada \u00e0 C\u00e2mara Municipal.<\/p>\n<h2>Expectativas dos Servidores<\/h2>\n<p>Os servidores municipais aguardam ansiosamente os desdobramentos da proposta de reajuste do vale-alimenta\u00e7\u00e3o, pois essa \u00e9 uma quest\u00e3o de grande relev\u00e2ncia para o seu dia a dia. A expectativa \u00e9 que o prefeito atenda \u00e0 solicita\u00e7\u00e3o e que o estudo seja realizado com urg\u00eancia para que uma solu\u00e7\u00e3o efetiva seja implementada. Essa ansiedade \u00e9 compreens\u00edvel, uma vez que o atual valor est\u00e1 abaixo do que seria necess\u00e1rio para garantir uma alimenta\u00e7\u00e3o digna para suas fam\u00edlias. A comunh\u00e3o entre as expectativas dos servidores e a sensibilidade da administra\u00e7\u00e3o p\u00fablica ser\u00e1 crucial para garantir uma resposta positiva.<\/p>\n<h2>Pr\u00f3ximos Passos da Proposta<\/h2>\n<p>Com a indica\u00e7\u00e3o protocolada, o pr\u00f3ximo passo \u00e9 a an\u00e1lise pelo Poder Executivo, que ter\u00e1 a responsabilidade de avaliar a viabilidade do pedido apresentado. A expectativa \u00e9 que a proposta n\u00e3o fique apenas em uma discuss\u00e3o te\u00f3rica, mas que se torne uma a\u00e7\u00e3o concreta em prol da valoriza\u00e7\u00e3o dos servidores municipais. Ap\u00f3s a an\u00e1lise, se for considerada vi\u00e1vel, ser\u00e1 necess\u00e1rio um planejamento para a implementa\u00e7\u00e3o do reajuste, o que envolver\u00e1 discuss\u00f5es com a C\u00e2mara Municipal e a elabora\u00e7\u00e3o de um novo projeto de lei.<\/p>\n<h2>Benef\u00edcios para a Administra\u00e7\u00e3o P\u00fablica<\/h2>\n<p>Um poss\u00edvel reajuste no vale-alimenta\u00e7\u00e3o n\u00e3o traz apenas melhorias para os servidores, mas tamb\u00e9m benef\u00edcios diretos para a administra\u00e7\u00e3o p\u00fablica. Funcion\u00e1rios motivados tendem a apresentar um desempenho superior, o que pode resultar em um aumento na qualidade dos servi\u00e7os prestados \u00e0 popula\u00e7\u00e3o. Al\u00e9m disso, um ambiente de trabalho mais satisfat\u00f3rio gera menores \u00edndices de absente\u00edsmo e rotatividade, fatores que, muitas vezes, geram custos adicionais para a administra\u00e7\u00e3o.<\/p>\n<h2>Poss\u00edveis Consequ\u00eancias para a Economia Local<\/h2>\n<p>O reajuste do vale-alimenta\u00e7\u00e3o pode ter um impacto significativo na economia local. A destina\u00e7\u00e3o desses recursos por parte dos servidores em com\u00e9rcio e servi\u00e7os locais pode injetar dinheiro na economia da cidade, promovendo o desenvolvimento sustent\u00e1vel. Esse movimento permite que o com\u00e9rcio local se mantenha ativo, beneficiando n\u00e3o apenas os servidores, mas a coletividade em geral. Investir no bem-estar dos servidores \u00e9 uma estrat\u00e9gia que pode se reverter em benef\u00edcios amplos para o munic\u00edpio como um todo.<\/p>\n","protected":false},"excerpt":{"rendered":"<p>Reajuste no vale-alimenta\u00e7\u00e3o \u00e9 discutido por Luciano Silva em Santa Maria.<\/p>\n","protected":false},"author":1,"featured_media":5854,"comment_status":"open","ping_status":"open","sticky":false,"template":"","format":"standard","meta":{"footnotes":""},"categories":[5],"tags":[],"class_list":["post-5855","post","type-post","status-publish","format-standard","has-post-thumbnail","hentry","category-noticias","has_thumb"],"yoast_head":"<!-- This site is optimized with the Yoast SEO plugin v28.1 - https:\/\/yoast.com\/product\/yoast-seo-wordpress\/ -->\n<title>Vereador Luciano Silva prop\u00f5e reajuste no vale | Guia Comercial de Itabira MG<\/title>\n<meta name=\"robots\" content=\"index, follow, max-snippet:-1, max-image-preview:large, max-video-preview:-1\" \/>\n<link rel=\"canonical\" href=\"https:\/\/www.encontraminasgerais.com.br\/itabira\/vereador-luciano-silva-propoe-reajuste-no-vale\/\" \/>\n<meta property=\"og:locale\" content=\"pt_BR\" \/>\n<meta property=\"og:type\" content=\"article\" \/>\n<meta property=\"og:title\" content=\"Vereador Luciano Silva prop\u00f5e reajuste no vale | Guia Comercial de Itabira MG\" \/>\n<meta property=\"og:description\" content=\"Reajuste no vale-alimenta\u00e7\u00e3o \u00e9 discutido por Luciano Silva em Santa Maria.\" \/>\n<meta property=\"og:url\" content=\"https:\/\/www.encontraminasgerais.com.br\/itabira\/vereador-luciano-silva-propoe-reajuste-no-vale\/\" \/>\n<meta property=\"og:site_name\" content=\"Guia Comercial de Itabira MG\" \/>\n<meta property=\"article:published_time\" content=\"2026-06-15T09:33:21+00:00\" \/>\n<meta property=\"og:image\" content=\"https:\/\/www.encontraminasgerais.com.br\/itabira\/wp-content\/uploads\/2026\/06\/vereador-luciano-silva-propoe-reajuste-no-vale.webp\" \/>\n<meta name=\"author\" content=\"Encontra Itabira\" \/>\n<meta name=\"twitter:card\" content=\"summary_large_image\" \/>\n<meta name=\"twitter:label1\" content=\"Escrito por\" \/>\n\t<meta name=\"twitter:data1\" content=\"Encontra Itabira\" \/>\n\t<meta name=\"twitter:label2\" content=\"Est. tempo de leitura\" \/>\n\t<meta name=\"twitter:data2\" content=\"5 minutos\" \/>\n<script type=\"application\/ld+json\" class=\"yoast-schema-graph\">{\"@context\":\"https:\\\/\\\/schema.org\",\"@graph\":[{\"@type\":\"Article\",\"@id\":\"https:\\\/\\\/www.encontraminasgerais.com.br\\\/itabira\\\/vereador-luciano-silva-propoe-reajuste-no-vale\\\/#article\",\"isPartOf\":{\"@id\":\"https:\\\/\\\/www.encontraminasgerais.com.br\\\/itabira\\\/vereador-luciano-silva-propoe-reajuste-no-vale\\\/\"},\"author\":{\"name\":\"Encontra Itabira\",\"@id\":\"https:\\\/\\\/www.encontraminasgerais.com.br\\\/itabira\\\/#\\\/schema\\\/person\\\/9ae8a8f5ce59322c92e2499b550870b0\"},\"headline\":\"Vereador Luciano Silva prop\u00f5e reajuste no vale\",\"datePublished\":\"2026-06-15T09:33:21+00:00\",\"mainEntityOfPage\":{\"@id\":\"https:\\\/\\\/www.encontraminasgerais.com.br\\\/itabira\\\/vereador-luciano-silva-propoe-reajuste-no-vale\\\/\"},\"wordCount\":1009,\"commentCount\":0,\"image\":{\"@id\":\"https:\\\/\\\/www.encontraminasgerais.com.br\\\/itabira\\\/vereador-luciano-silva-propoe-reajuste-no-vale\\\/#primaryimage\"},\"thumbnailUrl\":\"https:\\\/\\\/www.encontraminasgerais.com.br\\\/itabira\\\/wp-content\\\/uploads\\\/2026\\\/06\\\/vereador-luciano-silva-propoe-reajuste-no-vale.webp\",\"articleSection\":[\"Not\u00edcias Itabira\"],\"inLanguage\":\"pt-BR\",\"potentialAction\":[{\"@type\":\"CommentAction\",\"name\":\"Comment\",\"target\":[\"https:\\\/\\\/www.encontraminasgerais.com.br\\\/itabira\\\/vereador-luciano-silva-propoe-reajuste-no-vale\\\/#respond\"]}]},{\"@type\":\"WebPage\",\"@id\":\"https:\\\/\\\/www.encontraminasgerais.com.br\\\/itabira\\\/vereador-luciano-silva-propoe-reajuste-no-vale\\\/\",\"url\":\"https:\\\/\\\/www.encontraminasgerais.com.br\\\/itabira\\\/vereador-luciano-silva-propoe-reajuste-no-vale\\\/\",\"name\":\"Vereador Luciano Silva prop\u00f5e reajuste no vale | Guia Comercial de Itabira MG\",\"isPartOf\":{\"@id\":\"https:\\\/\\\/www.encontraminasgerais.com.br\\\/itabira\\\/#website\"},\"primaryImageOfPage\":{\"@id\":\"https:\\\/\\\/www.encontraminasgerais.com.br\\\/itabira\\\/vereador-luciano-silva-propoe-reajuste-no-vale\\\/#primaryimage\"},\"image\":{\"@id\":\"https:\\\/\\\/www.encontraminasgerais.com.br\\\/itabira\\\/vereador-luciano-silva-propoe-reajuste-no-vale\\\/#primaryimage\"},\"thumbnailUrl\":\"https:\\\/\\\/www.encontraminasgerais.com.br\\\/itabira\\\/wp-content\\\/uploads\\\/2026\\\/06\\\/vereador-luciano-silva-propoe-reajuste-no-vale.webp\",\"datePublished\":\"2026-06-15T09:33:21+00:00\",\"author\":{\"@id\":\"https:\\\/\\\/www.encontraminasgerais.com.br\\\/itabira\\\/#\\\/schema\\\/person\\\/9ae8a8f5ce59322c92e2499b550870b0\"},\"inLanguage\":\"pt-BR\",\"potentialAction\":[{\"@type\":\"ReadAction\",\"target\":[\"https:\\\/\\\/www.encontraminasgerais.com.br\\\/itabira\\\/vereador-luciano-silva-propoe-reajuste-no-vale\\\/\"]}]},{\"@type\":\"ImageObject\",\"inLanguage\":\"pt-BR\",\"@id\":\"https:\\\/\\\/www.encontraminasgerais.com.br\\\/itabira\\\/vereador-luciano-silva-propoe-reajuste-no-vale\\\/#primaryimage\",\"url\":\"https:\\\/\\\/www.encontraminasgerais.com.br\\\/itabira\\\/wp-content\\\/uploads\\\/2026\\\/06\\\/vereador-luciano-silva-propoe-reajuste-no-vale.webp\",\"contentUrl\":\"https:\\\/\\\/www.encontraminasgerais.com.br\\\/itabira\\\/wp-content\\\/uploads\\\/2026\\\/06\\\/vereador-luciano-silva-propoe-reajuste-no-vale.webp\",\"width\":280,\"height\":280,\"caption\":\"reajuste no vale-alimenta\u00e7\u00e3o\"},{\"@type\":\"WebSite\",\"@id\":\"https:\\\/\\\/www.encontraminasgerais.com.br\\\/itabira\\\/#website\",\"url\":\"https:\\\/\\\/www.encontraminasgerais.com.br\\\/itabira\\\/\",\"name\":\"Guia Comercial de Itabira MG\",\"description\":\"ENCONTRA ITABIRA - O guia comercial de neg\u00f3cios e empresas, cultura e divers\u00e3o na cidade de Itabira. Feito 100% para voc\u00ea morador!\",\"potentialAction\":[{\"@type\":\"SearchAction\",\"target\":{\"@type\":\"EntryPoint\",\"urlTemplate\":\"https:\\\/\\\/www.encontraminasgerais.com.br\\\/itabira\\\/?s={search_term_string}\"},\"query-input\":{\"@type\":\"PropertyValueSpecification\",\"valueRequired\":true,\"valueName\":\"search_term_string\"}}],\"inLanguage\":\"pt-BR\"},{\"@type\":\"Person\",\"@id\":\"https:\\\/\\\/www.encontraminasgerais.com.br\\\/itabira\\\/#\\\/schema\\\/person\\\/9ae8a8f5ce59322c92e2499b550870b0\",\"name\":\"Encontra Itabira\",\"image\":{\"@type\":\"ImageObject\",\"inLanguage\":\"pt-BR\",\"@id\":\"https:\\\/\\\/secure.gravatar.com\\\/avatar\\\/c50c17820bcf322f0a8fd6b110b8c0918141409dc69076470f6fca5fee70a5d4?s=96&d=mm&r=g\",\"url\":\"https:\\\/\\\/secure.gravatar.com\\\/avatar\\\/c50c17820bcf322f0a8fd6b110b8c0918141409dc69076470f6fca5fee70a5d4?s=96&d=mm&r=g\",\"contentUrl\":\"https:\\\/\\\/secure.gravatar.com\\\/avatar\\\/c50c17820bcf322f0a8fd6b110b8c0918141409dc69076470f6fca5fee70a5d4?s=96&d=mm&r=g\",\"caption\":\"Encontra Itabira\"},\"url\":\"https:\\\/\\\/www.encontraminasgerais.com.br\\\/itabira\\\/author\\\/encontraitabira\\\/\"}]}<\/script>\n<!-- \/ Yoast SEO plugin. -->","yoast_head_json":{"title":"Vereador Luciano Silva prop\u00f5e reajuste no vale | Guia Comercial de Itabira MG","robots":{"index":"index","follow":"follow","max-snippet":"max-snippet:-1","max-image-preview":"max-image-preview:large","max-video-preview":"max-video-preview:-1"},"canonical":"https:\/\/www.encontraminasgerais.com.br\/itabira\/vereador-luciano-silva-propoe-reajuste-no-vale\/","og_locale":"pt_BR","og_type":"article","og_title":"Vereador Luciano Silva prop\u00f5e reajuste no vale | Guia Comercial de Itabira MG","og_description":"Reajuste no vale-alimenta\u00e7\u00e3o \u00e9 discutido por Luciano Silva em Santa Maria.","og_url":"https:\/\/www.encontraminasgerais.com.br\/itabira\/vereador-luciano-silva-propoe-reajuste-no-vale\/","og_site_name":"Guia Comercial de Itabira MG","article_published_time":"2026-06-15T09:33:21+00:00","og_image":[{"url":"https:\/\/www.encontraminasgerais.com.br\/itabira\/wp-content\/uploads\/2026\/06\/vereador-luciano-silva-propoe-reajuste-no-vale.webp","type":"","width":"","height":""}],"author":"Encontra Itabira","twitter_card":"summary_large_image","twitter_misc":{"Escrito por":"Encontra Itabira","Est. tempo de leitura":"5 minutos"},"schema":{"@context":"https:\/\/schema.org","@graph":[{"@type":"Article","@id":"https:\/\/www.encontraminasgerais.com.br\/itabira\/vereador-luciano-silva-propoe-reajuste-no-vale\/#article","isPartOf":{"@id":"https:\/\/www.encontraminasgerais.com.br\/itabira\/vereador-luciano-silva-propoe-reajuste-no-vale\/"},"author":{"name":"Encontra Itabira","@id":"https:\/\/www.encontraminasgerais.com.br\/itabira\/#\/schema\/person\/9ae8a8f5ce59322c92e2499b550870b0"},"headline":"Vereador Luciano Silva prop\u00f5e reajuste no vale","datePublished":"2026-06-15T09:33:21+00:00","mainEntityOfPage":{"@id":"https:\/\/www.encontraminasgerais.com.br\/itabira\/vereador-luciano-silva-propoe-reajuste-no-vale\/"},"wordCount":1009,"commentCount":0,"image":{"@id":"https:\/\/www.encontraminasgerais.com.br\/itabira\/vereador-luciano-silva-propoe-reajuste-no-vale\/#primaryimage"},"thumbnailUrl":"https:\/\/www.encontraminasgerais.com.br\/itabira\/wp-content\/uploads\/2026\/06\/vereador-luciano-silva-propoe-reajuste-no-vale.webp","articleSection":["Not\u00edcias Itabira"],"inLanguage":"pt-BR","potentialAction":[{"@type":"CommentAction","name":"Comment","target":["https:\/\/www.encontraminasgerais.com.br\/itabira\/vereador-luciano-silva-propoe-reajuste-no-vale\/#respond"]}]},{"@type":"WebPage","@id":"https:\/\/www.encontraminasgerais.com.br\/itabira\/vereador-luciano-silva-propoe-reajuste-no-vale\/","url":"https:\/\/www.encontraminasgerais.com.br\/itabira\/vereador-luciano-silva-propoe-reajuste-no-vale\/","name":"Vereador Luciano Silva prop\u00f5e reajuste no vale | Guia Comercial de Itabira MG","isPartOf":{"@id":"https:\/\/www.encontraminasgerais.com.br\/itabira\/#website"},"primaryImageOfPage":{"@id":"https:\/\/www.encontraminasgerais.com.br\/itabira\/vereador-luciano-silva-propoe-reajuste-no-vale\/#primaryimage"},"image":{"@id":"https:\/\/www.encontraminasgerais.com.br\/itabira\/vereador-luciano-silva-propoe-reajuste-no-vale\/#primaryimage"},"thumbnailUrl":"https:\/\/www.encontraminasgerais.com.br\/itabira\/wp-content\/uploads\/2026\/06\/vereador-luciano-silva-propoe-reajuste-no-vale.webp","datePublished":"2026-06-15T09:33:21+00:00","author":{"@id":"https:\/\/www.encontraminasgerais.com.br\/itabira\/#\/schema\/person\/9ae8a8f5ce59322c92e2499b550870b0"},"inLanguage":"pt-BR","potentialAction":[{"@type":"ReadAction","target":["https:\/\/www.encontraminasgerais.com.br\/itabira\/vereador-luciano-silva-propoe-reajuste-no-vale\/"]}]},{"@type":"ImageObject","inLanguage":"pt-BR","@id":"https:\/\/www.encontraminasgerais.com.br\/itabira\/vereador-luciano-silva-propoe-reajuste-no-vale\/#primaryimage","url":"https:\/\/www.encontraminasgerais.com.br\/itabira\/wp-content\/uploads\/2026\/06\/vereador-luciano-silva-propoe-reajuste-no-vale.webp","contentUrl":"https:\/\/www.encontraminasgerais.com.br\/itabira\/wp-content\/uploads\/2026\/06\/vereador-luciano-silva-propoe-reajuste-no-vale.webp","width":280,"height":280,"caption":"reajuste no vale-alimenta\u00e7\u00e3o"},{"@type":"WebSite","@id":"https:\/\/www.encontraminasgerais.com.br\/itabira\/#website","url":"https:\/\/www.encontraminasgerais.com.br\/itabira\/","name":"Guia Comercial de Itabira MG","description":"ENCONTRA ITABIRA - O guia comercial de neg\u00f3cios e empresas, cultura e divers\u00e3o na cidade de Itabira. Feito 100% para voc\u00ea morador!","potentialAction":[{"@type":"SearchAction","target":{"@type":"EntryPoint","urlTemplate":"https:\/\/www.encontraminasgerais.com.br\/itabira\/?s={search_term_string}"},"query-input":{"@type":"PropertyValueSpecification","valueRequired":true,"valueName":"search_term_string"}}],"inLanguage":"pt-BR"},{"@type":"Person","@id":"https:\/\/www.encontraminasgerais.com.br\/itabira\/#\/schema\/person\/9ae8a8f5ce59322c92e2499b550870b0","name":"Encontra Itabira","image":{"@type":"ImageObject","inLanguage":"pt-BR","@id":"https:\/\/secure.gravatar.com\/avatar\/c50c17820bcf322f0a8fd6b110b8c0918141409dc69076470f6fca5fee70a5d4?s=96&d=mm&r=g","url":"https:\/\/secure.gravatar.com\/avatar\/c50c17820bcf322f0a8fd6b110b8c0918141409dc69076470f6fca5fee70a5d4?s=96&d=mm&r=g","contentUrl":"https:\/\/secure.gravatar.com\/avatar\/c50c17820bcf322f0a8fd6b110b8c0918141409dc69076470f6fca5fee70a5d4?s=96&d=mm&r=g","caption":"Encontra Itabira"},"url":"https:\/\/www.encontraminasgerais.com.br\/itabira\/author\/encontraitabira\/"}]}},"_links":{"self":[{"href":"https:\/\/www.encontraminasgerais.com.br\/itabira\/wp-json\/wp\/v2\/posts\/5855","targetHints":{"allow":["GET"]}}],"collection":[{"href":"https:\/\/www.encontraminasgerais.com.br\/itabira\/wp-json\/wp\/v2\/posts"}],"about":[{"href":"https:\/\/www.encontraminasgerais.com.br\/itabira\/wp-json\/wp\/v2\/types\/post"}],"author":[{"embeddable":true,"href":"https:\/\/www.encontraminasgerais.com.br\/itabira\/wp-json\/wp\/v2\/users\/1"}],"replies":[{"embeddable":true,"href":"https:\/\/www.encontraminasgerais.com.br\/itabira\/wp-json\/wp\/v2\/comments?post=5855"}],"version-history":[{"count":0,"href":"https:\/\/www.encontraminasgerais.com.br\/itabira\/wp-json\/wp\/v2\/posts\/5855\/revisions"}],"wp:featuredmedia":[{"embeddable":true,"href":"https:\/\/www.encontraminasgerais.com.br\/itabira\/wp-json\/wp\/v2\/media\/5854"}],"wp:attachment":[{"href":"https:\/\/www.encontraminasgerais.com.br\/itabira\/wp-json\/wp\/v2\/media?parent=5855"}],"wp:term":[{"taxonomy":"category","embeddable":true,"href":"https:\/\/www.encontraminasgerais.com.br\/itabira\/wp-json\/wp\/v2\/categories?post=5855"},{"taxonomy":"post_tag","embeddable":true,"href":"https:\/\/www.encontraminasgerais.com.br\/itabira\/wp-json\/wp\/v2\/tags?post=5855"}],"curies":[{"name":"wp","href":"https:\/\/api.w.org\/{rel}","templated":true}]}}