{"id":5859,"date":"2026-06-16T06:34:48","date_gmt":"2026-06-16T09:34:48","guid":{"rendered":"https:\/\/www.encontraminasgerais.com.br\/itabira\/festival-de-vinhos-de-itabira-inicia-as-vendas-do-segundo-lote-e-amplia-expectativa-para-a-primeira-edicao\/"},"modified":"2026-06-16T06:34:48","modified_gmt":"2026-06-16T09:34:48","slug":"festival-de-vinhos-de-itabira-inicia-as-vendas-do-segundo-lote-e-amplia-expectativa-para-a-primeira-edicao","status":"publish","type":"post","link":"https:\/\/www.encontraminasgerais.com.br\/itabira\/festival-de-vinhos-de-itabira-inicia-as-vendas-do-segundo-lote-e-amplia-expectativa-para-a-primeira-edicao\/","title":{"rendered":"Festival de Vinhos de Itabira inicia as vendas do segundo lote e amplia expectativa para a primeira edi\u00e7\u00e3o"},"content":{"rendered":"<h2>Quando acontecer\u00e1 o Festival de Vinhos de Itabira?<\/h2>\n<p>O aguardado <strong>Festival de Vinhos de Itabira<\/strong> est\u00e1 agendado para o dia <strong>29 de agosto de 2026<\/strong>. Esse evento promete atrair amantes do vinho e da boa gastronomia, tornando-se uma oportunidade \u00fanica para apreciar o que h\u00e1 de melhor nesse segmento.<\/p>\n<h2>Onde ser\u00e1 realizado o festival?<\/h2>\n<p>O festival ocorrer\u00e1 na <strong>Mata do Intelecto<\/strong>, um local not\u00f3rio na cidade de Itabira, conhecido por sua import\u00e2ncia hist\u00f3rica e compromisso com a preserva\u00e7\u00e3o ambiental. Essa combina\u00e7\u00e3o de natureza e cultura cria o ambiente ideal para um evento desse porte.<\/p>\n<h2>Detalhes sobre a venda dos ingressos<\/h2>\n<p>A venda de ingressos para o <strong>Festival de Vinhos de Itabira<\/strong> entrou em uma nova fase, com a libera\u00e7\u00e3o do <strong>segundo lote<\/strong>. Os interessados em participar podem agora adquirir suas entradas.<\/p>\n<p><img decoding=\"async\" src=\"https:\/\/www.encontraminasgerais.com.br\/itabira\/wp-content\/uploads\/2026\/06\/festival-de-vinhos-de-itabira-inicia-as-vendas-do-segundo-lote-e-amplia-expectativa-para-a-primeira-.webp\" alt=\"Festival de Vinhos de Itabira\" loading=\"lazy\" \/><\/p>\n<h2>Qual o valor do segundo lote de ingressos?<\/h2>\n<p>Os ingressos do segundo lote est\u00e3o dispon\u00edveis por <strong>R$ 95,00<\/strong>, mais a taxa da plataforma de venda. Esse valor garante acesso a uma programa\u00e7\u00e3o diversificada e enriquecedora durante o evento.<\/p>\n<h2>O que esperar do evento?<\/h2>\n<p>Os visitantes do festival poder\u00e3o desfrutar de uma programa\u00e7\u00e3o recheada de atividades ao longo do dia. Engajamento com especialistas \u00e9 uma das grandes promessas do evento, com sess\u00f5es de degusta\u00e7\u00e3o orientadas que proporcionar\u00e3o uma experi\u00eancia mais rica e educativa. Al\u00e9m disso, ser\u00e3o realizadas <strong>palestras<\/strong> e <strong>workshops<\/strong> voltados para capacita\u00e7\u00e3o, permitindo uma imers\u00e3o no universo dos vinhos.<\/p>\n<h2>Programa\u00e7\u00e3o completa do festival<\/h2>\n<p>A programa\u00e7\u00e3o do <strong>Festival de Vinhos de Itabira<\/strong> inclui:<\/p>\n<ul>\n<li><strong>Orienta\u00e7\u00f5es de Degusta\u00e7\u00e3o:<\/strong> Aprenda com especialistas sobre como saborear diferentes tipos de vinhos.<\/li>\n<li><strong>Palestras:<\/strong> Enriquecimento atrav\u00e9s de conversas que abordam temas variados sobre vinhos e gastronomia.<\/li>\n<li><strong>Workshops:<\/strong> Aulas pr\u00e1ticas que incentivam a capacita\u00e7\u00e3o dos participantes.<\/li>\n<li><strong>\u00c1rea Gastron\u00f4mica:<\/strong> Espa\u00e7o com diversas op\u00e7\u00f5es de comidas que harmonizam perfeitamente com os vinhos oferecidos.<\/li>\n<li><strong>Atra\u00e7\u00f5es Culturais e Musicais:<\/strong> Momentos de entretenimento que complementam a experi\u00eancia do festival.<\/li>\n<\/ul>\n<h2>Atra\u00e7\u00f5es culturais e musicais<\/h2>\n<p>Al\u00e9m da rica programa\u00e7\u00e3o voltada para o conhecimento sobre vinhos, o festival contar\u00e1 com um leque de <strong>atra\u00e7\u00f5es culturais e musicais<\/strong>. Essas apresenta\u00e7\u00f5es prometem trazer alegria e um clima festivo, revestindo o evento de uma experi\u00eancia ainda mais agrad\u00e1vel e memor\u00e1vel.<\/p>\n<h2>Import\u00e2ncia do turismo gastron\u00f4mico em Minas Gerais<\/h2>\n<p>O <strong>turismo gastron\u00f4mico<\/strong> tem ganhado destaque como um atrativo significativo em Minas Gerais. Eventos como o <strong>Festival de Vinhos de Itabira<\/strong> s\u00e3o essenciais para posicionar a regi\u00e3o como um polo atrativo nesse setor. A valoriza\u00e7\u00e3o da culin\u00e1ria local, aliada ao vinho, pode impulsionar a economia da cidade, al\u00e9m de promover a gastronomia mineira para um p\u00fablico maior.<\/p>\n<h2>Conectando natureza e preserva\u00e7\u00e3o no evento<\/h2>\n<p>Um dos pontos altos do <strong>Festival de Vinhos de Itabira<\/strong> \u00e9 sua realiza\u00e7\u00e3o na <strong>Mata do Intelecto<\/strong>, um espa\u00e7o que une conserva\u00e7\u00e3o ambiental e contexto hist\u00f3rico. Isso reflete a preocupa\u00e7\u00e3o do evento com a sustentabilidade e a preserva\u00e7\u00e3o, que s\u00e3o fundamentais nos dias atuais. Ao escolher um local t\u00e3o significativo, o festival promove n\u00e3o s\u00f3 a cultura do vinho, mas tamb\u00e9m a conscientiza\u00e7\u00e3o sobre a import\u00e2ncia da natureza.<\/p>\n<h2>Como adquirir seu ingresso online<\/h2>\n<p>Os ingressos podem ser comprados de maneira pr\u00e1tica atrav\u00e9s da plataforma oficial de vendas do evento. Para garantir a sua participa\u00e7\u00e3o no <strong>Festival de Vinhos de Itabira<\/strong>, acesse o seguinte link: <a href='https:\/\/centraldoseventos.com.br\/festival-de-vinhos-de-itabira'>https:\/\/centraldoseventos.com.br\/festival-de-vinhos-de-itabira<\/a>. A compra \u00e9 simples e r\u00e1pida, podendo ser realizada de qualquer lugar.<\/p>\n","protected":false},"excerpt":{"rendered":"<p>Festival de Vinhos de Itabira inicia vendas do segundo lote de ingressos para essa experi\u00eancia imperd\u00edvel!<\/p>\n","protected":false},"author":1,"featured_media":5858,"comment_status":"open","ping_status":"open","sticky":false,"template":"","format":"standard","meta":{"footnotes":""},"categories":[5],"tags":[],"class_list":["post-5859","post","type-post","status-publish","format-standard","has-post-thumbnail","hentry","category-noticias","has_thumb"],"yoast_head":"<!-- This site is optimized with the Yoast SEO plugin v28.1 - https:\/\/yoast.com\/product\/yoast-seo-wordpress\/ -->\n<title>Festival de Vinhos de Itabira inicia as vendas do segundo lote e amplia expectativa para a primeira edi\u00e7\u00e3o | Guia Comercial de Itabira MG<\/title>\n<meta name=\"robots\" content=\"index, follow, max-snippet:-1, max-image-preview:large, max-video-preview:-1\" \/>\n<link rel=\"canonical\" href=\"https:\/\/www.encontraminasgerais.com.br\/itabira\/festival-de-vinhos-de-itabira-inicia-as-vendas-do-segundo-lote-e-amplia-expectativa-para-a-primeira-edicao\/\" \/>\n<meta property=\"og:locale\" content=\"pt_BR\" \/>\n<meta property=\"og:type\" content=\"article\" \/>\n<meta property=\"og:title\" content=\"Festival de Vinhos de Itabira inicia as vendas do segundo lote e amplia expectativa para a primeira edi\u00e7\u00e3o | Guia Comercial de Itabira MG\" \/>\n<meta property=\"og:description\" content=\"Festival de Vinhos de Itabira inicia vendas do segundo lote de ingressos para essa experi\u00eancia imperd\u00edvel!\" \/>\n<meta property=\"og:url\" content=\"https:\/\/www.encontraminasgerais.com.br\/itabira\/festival-de-vinhos-de-itabira-inicia-as-vendas-do-segundo-lote-e-amplia-expectativa-para-a-primeira-edicao\/\" \/>\n<meta property=\"og:site_name\" content=\"Guia Comercial de Itabira MG\" \/>\n<meta property=\"article:published_time\" content=\"2026-06-16T09:34:48+00:00\" \/>\n<meta property=\"og:image\" content=\"https:\/\/www.encontraminasgerais.com.br\/itabira\/wp-content\/uploads\/2026\/06\/festival-de-vinhos-de-itabira-inicia-as-vendas-do-segundo-lote-e-amplia-expectativa-para-a-primeira-.webp\" \/>\n<meta name=\"author\" content=\"Encontra Itabira\" \/>\n<meta name=\"twitter:card\" content=\"summary_large_image\" \/>\n<meta name=\"twitter:label1\" content=\"Escrito por\" \/>\n\t<meta name=\"twitter:data1\" content=\"Encontra Itabira\" \/>\n\t<meta name=\"twitter:label2\" content=\"Est. tempo de leitura\" \/>\n\t<meta name=\"twitter:data2\" content=\"3 minutos\" \/>\n<script type=\"application\/ld+json\" class=\"yoast-schema-graph\">{\"@context\":\"https:\\\/\\\/schema.org\",\"@graph\":[{\"@type\":\"Article\",\"@id\":\"https:\\\/\\\/www.encontraminasgerais.com.br\\\/itabira\\\/festival-de-vinhos-de-itabira-inicia-as-vendas-do-segundo-lote-e-amplia-expectativa-para-a-primeira-edicao\\\/#article\",\"isPartOf\":{\"@id\":\"https:\\\/\\\/www.encontraminasgerais.com.br\\\/itabira\\\/festival-de-vinhos-de-itabira-inicia-as-vendas-do-segundo-lote-e-amplia-expectativa-para-a-primeira-edicao\\\/\"},\"author\":{\"name\":\"Encontra Itabira\",\"@id\":\"https:\\\/\\\/www.encontraminasgerais.com.br\\\/itabira\\\/#\\\/schema\\\/person\\\/9ae8a8f5ce59322c92e2499b550870b0\"},\"headline\":\"Festival de Vinhos de Itabira inicia as vendas do segundo lote e amplia expectativa para a primeira edi\u00e7\u00e3o\",\"datePublished\":\"2026-06-16T09:34:48+00:00\",\"mainEntityOfPage\":{\"@id\":\"https:\\\/\\\/www.encontraminasgerais.com.br\\\/itabira\\\/festival-de-vinhos-de-itabira-inicia-as-vendas-do-segundo-lote-e-amplia-expectativa-para-a-primeira-edicao\\\/\"},\"wordCount\":620,\"commentCount\":0,\"image\":{\"@id\":\"https:\\\/\\\/www.encontraminasgerais.com.br\\\/itabira\\\/festival-de-vinhos-de-itabira-inicia-as-vendas-do-segundo-lote-e-amplia-expectativa-para-a-primeira-edicao\\\/#primaryimage\"},\"thumbnailUrl\":\"https:\\\/\\\/www.encontraminasgerais.com.br\\\/itabira\\\/wp-content\\\/uploads\\\/2026\\\/06\\\/festival-de-vinhos-de-itabira-inicia-as-vendas-do-segundo-lote-e-amplia-expectativa-para-a-primeira-.webp\",\"articleSection\":[\"Not\u00edcias Itabira\"],\"inLanguage\":\"pt-BR\",\"potentialAction\":[{\"@type\":\"CommentAction\",\"name\":\"Comment\",\"target\":[\"https:\\\/\\\/www.encontraminasgerais.com.br\\\/itabira\\\/festival-de-vinhos-de-itabira-inicia-as-vendas-do-segundo-lote-e-amplia-expectativa-para-a-primeira-edicao\\\/#respond\"]}]},{\"@type\":\"WebPage\",\"@id\":\"https:\\\/\\\/www.encontraminasgerais.com.br\\\/itabira\\\/festival-de-vinhos-de-itabira-inicia-as-vendas-do-segundo-lote-e-amplia-expectativa-para-a-primeira-edicao\\\/\",\"url\":\"https:\\\/\\\/www.encontraminasgerais.com.br\\\/itabira\\\/festival-de-vinhos-de-itabira-inicia-as-vendas-do-segundo-lote-e-amplia-expectativa-para-a-primeira-edicao\\\/\",\"name\":\"Festival de Vinhos de Itabira inicia as vendas do segundo lote e amplia expectativa para a primeira edi\u00e7\u00e3o | Guia Comercial de Itabira MG\",\"isPartOf\":{\"@id\":\"https:\\\/\\\/www.encontraminasgerais.com.br\\\/itabira\\\/#website\"},\"primaryImageOfPage\":{\"@id\":\"https:\\\/\\\/www.encontraminasgerais.com.br\\\/itabira\\\/festival-de-vinhos-de-itabira-inicia-as-vendas-do-segundo-lote-e-amplia-expectativa-para-a-primeira-edicao\\\/#primaryimage\"},\"image\":{\"@id\":\"https:\\\/\\\/www.encontraminasgerais.com.br\\\/itabira\\\/festival-de-vinhos-de-itabira-inicia-as-vendas-do-segundo-lote-e-amplia-expectativa-para-a-primeira-edicao\\\/#primaryimage\"},\"thumbnailUrl\":\"https:\\\/\\\/www.encontraminasgerais.com.br\\\/itabira\\\/wp-content\\\/uploads\\\/2026\\\/06\\\/festival-de-vinhos-de-itabira-inicia-as-vendas-do-segundo-lote-e-amplia-expectativa-para-a-primeira-.webp\",\"datePublished\":\"2026-06-16T09:34:48+00:00\",\"author\":{\"@id\":\"https:\\\/\\\/www.encontraminasgerais.com.br\\\/itabira\\\/#\\\/schema\\\/person\\\/9ae8a8f5ce59322c92e2499b550870b0\"},\"inLanguage\":\"pt-BR\",\"potentialAction\":[{\"@type\":\"ReadAction\",\"target\":[\"https:\\\/\\\/www.encontraminasgerais.com.br\\\/itabira\\\/festival-de-vinhos-de-itabira-inicia-as-vendas-do-segundo-lote-e-amplia-expectativa-para-a-primeira-edicao\\\/\"]}]},{\"@type\":\"ImageObject\",\"inLanguage\":\"pt-BR\",\"@id\":\"https:\\\/\\\/www.encontraminasgerais.com.br\\\/itabira\\\/festival-de-vinhos-de-itabira-inicia-as-vendas-do-segundo-lote-e-amplia-expectativa-para-a-primeira-edicao\\\/#primaryimage\",\"url\":\"https:\\\/\\\/www.encontraminasgerais.com.br\\\/itabira\\\/wp-content\\\/uploads\\\/2026\\\/06\\\/festival-de-vinhos-de-itabira-inicia-as-vendas-do-segundo-lote-e-amplia-expectativa-para-a-primeira-.webp\",\"contentUrl\":\"https:\\\/\\\/www.encontraminasgerais.com.br\\\/itabira\\\/wp-content\\\/uploads\\\/2026\\\/06\\\/festival-de-vinhos-de-itabira-inicia-as-vendas-do-segundo-lote-e-amplia-expectativa-para-a-primeira-.webp\",\"width\":280,\"height\":280,\"caption\":\"Festival de Vinhos de Itabira\"},{\"@type\":\"WebSite\",\"@id\":\"https:\\\/\\\/www.encontraminasgerais.com.br\\\/itabira\\\/#website\",\"url\":\"https:\\\/\\\/www.encontraminasgerais.com.br\\\/itabira\\\/\",\"name\":\"Guia Comercial de Itabira MG\",\"description\":\"ENCONTRA ITABIRA - O guia comercial de neg\u00f3cios e empresas, cultura e divers\u00e3o na cidade de Itabira. Feito 100% para voc\u00ea morador!\",\"potentialAction\":[{\"@type\":\"SearchAction\",\"target\":{\"@type\":\"EntryPoint\",\"urlTemplate\":\"https:\\\/\\\/www.encontraminasgerais.com.br\\\/itabira\\\/?s={search_term_string}\"},\"query-input\":{\"@type\":\"PropertyValueSpecification\",\"valueRequired\":true,\"valueName\":\"search_term_string\"}}],\"inLanguage\":\"pt-BR\"},{\"@type\":\"Person\",\"@id\":\"https:\\\/\\\/www.encontraminasgerais.com.br\\\/itabira\\\/#\\\/schema\\\/person\\\/9ae8a8f5ce59322c92e2499b550870b0\",\"name\":\"Encontra Itabira\",\"image\":{\"@type\":\"ImageObject\",\"inLanguage\":\"pt-BR\",\"@id\":\"https:\\\/\\\/secure.gravatar.com\\\/avatar\\\/c50c17820bcf322f0a8fd6b110b8c0918141409dc69076470f6fca5fee70a5d4?s=96&d=mm&r=g\",\"url\":\"https:\\\/\\\/secure.gravatar.com\\\/avatar\\\/c50c17820bcf322f0a8fd6b110b8c0918141409dc69076470f6fca5fee70a5d4?s=96&d=mm&r=g\",\"contentUrl\":\"https:\\\/\\\/secure.gravatar.com\\\/avatar\\\/c50c17820bcf322f0a8fd6b110b8c0918141409dc69076470f6fca5fee70a5d4?s=96&d=mm&r=g\",\"caption\":\"Encontra Itabira\"},\"url\":\"https:\\\/\\\/www.encontraminasgerais.com.br\\\/itabira\\\/author\\\/encontraitabira\\\/\"}]}<\/script>\n<!-- \/ Yoast SEO plugin. -->","yoast_head_json":{"title":"Festival de Vinhos de Itabira inicia as vendas do segundo lote e amplia expectativa para a primeira edi\u00e7\u00e3o | Guia Comercial de Itabira MG","robots":{"index":"index","follow":"follow","max-snippet":"max-snippet:-1","max-image-preview":"max-image-preview:large","max-video-preview":"max-video-preview:-1"},"canonical":"https:\/\/www.encontraminasgerais.com.br\/itabira\/festival-de-vinhos-de-itabira-inicia-as-vendas-do-segundo-lote-e-amplia-expectativa-para-a-primeira-edicao\/","og_locale":"pt_BR","og_type":"article","og_title":"Festival de Vinhos de Itabira inicia as vendas do segundo lote e amplia expectativa para a primeira edi\u00e7\u00e3o | Guia Comercial de Itabira MG","og_description":"Festival de Vinhos de Itabira inicia vendas do segundo lote de ingressos para essa experi\u00eancia imperd\u00edvel!","og_url":"https:\/\/www.encontraminasgerais.com.br\/itabira\/festival-de-vinhos-de-itabira-inicia-as-vendas-do-segundo-lote-e-amplia-expectativa-para-a-primeira-edicao\/","og_site_name":"Guia Comercial de Itabira MG","article_published_time":"2026-06-16T09:34:48+00:00","og_image":[{"url":"https:\/\/www.encontraminasgerais.com.br\/itabira\/wp-content\/uploads\/2026\/06\/festival-de-vinhos-de-itabira-inicia-as-vendas-do-segundo-lote-e-amplia-expectativa-para-a-primeira-.webp","type":"","width":"","height":""}],"author":"Encontra Itabira","twitter_card":"summary_large_image","twitter_misc":{"Escrito por":"Encontra Itabira","Est. tempo de leitura":"3 minutos"},"schema":{"@context":"https:\/\/schema.org","@graph":[{"@type":"Article","@id":"https:\/\/www.encontraminasgerais.com.br\/itabira\/festival-de-vinhos-de-itabira-inicia-as-vendas-do-segundo-lote-e-amplia-expectativa-para-a-primeira-edicao\/#article","isPartOf":{"@id":"https:\/\/www.encontraminasgerais.com.br\/itabira\/festival-de-vinhos-de-itabira-inicia-as-vendas-do-segundo-lote-e-amplia-expectativa-para-a-primeira-edicao\/"},"author":{"name":"Encontra Itabira","@id":"https:\/\/www.encontraminasgerais.com.br\/itabira\/#\/schema\/person\/9ae8a8f5ce59322c92e2499b550870b0"},"headline":"Festival de Vinhos de Itabira inicia as vendas do segundo lote e amplia expectativa para a primeira edi\u00e7\u00e3o","datePublished":"2026-06-16T09:34:48+00:00","mainEntityOfPage":{"@id":"https:\/\/www.encontraminasgerais.com.br\/itabira\/festival-de-vinhos-de-itabira-inicia-as-vendas-do-segundo-lote-e-amplia-expectativa-para-a-primeira-edicao\/"},"wordCount":620,"commentCount":0,"image":{"@id":"https:\/\/www.encontraminasgerais.com.br\/itabira\/festival-de-vinhos-de-itabira-inicia-as-vendas-do-segundo-lote-e-amplia-expectativa-para-a-primeira-edicao\/#primaryimage"},"thumbnailUrl":"https:\/\/www.encontraminasgerais.com.br\/itabira\/wp-content\/uploads\/2026\/06\/festival-de-vinhos-de-itabira-inicia-as-vendas-do-segundo-lote-e-amplia-expectativa-para-a-primeira-.webp","articleSection":["Not\u00edcias Itabira"],"inLanguage":"pt-BR","potentialAction":[{"@type":"CommentAction","name":"Comment","target":["https:\/\/www.encontraminasgerais.com.br\/itabira\/festival-de-vinhos-de-itabira-inicia-as-vendas-do-segundo-lote-e-amplia-expectativa-para-a-primeira-edicao\/#respond"]}]},{"@type":"WebPage","@id":"https:\/\/www.encontraminasgerais.com.br\/itabira\/festival-de-vinhos-de-itabira-inicia-as-vendas-do-segundo-lote-e-amplia-expectativa-para-a-primeira-edicao\/","url":"https:\/\/www.encontraminasgerais.com.br\/itabira\/festival-de-vinhos-de-itabira-inicia-as-vendas-do-segundo-lote-e-amplia-expectativa-para-a-primeira-edicao\/","name":"Festival de Vinhos de Itabira inicia as vendas do segundo lote e amplia expectativa para a primeira edi\u00e7\u00e3o | Guia Comercial de Itabira MG","isPartOf":{"@id":"https:\/\/www.encontraminasgerais.com.br\/itabira\/#website"},"primaryImageOfPage":{"@id":"https:\/\/www.encontraminasgerais.com.br\/itabira\/festival-de-vinhos-de-itabira-inicia-as-vendas-do-segundo-lote-e-amplia-expectativa-para-a-primeira-edicao\/#primaryimage"},"image":{"@id":"https:\/\/www.encontraminasgerais.com.br\/itabira\/festival-de-vinhos-de-itabira-inicia-as-vendas-do-segundo-lote-e-amplia-expectativa-para-a-primeira-edicao\/#primaryimage"},"thumbnailUrl":"https:\/\/www.encontraminasgerais.com.br\/itabira\/wp-content\/uploads\/2026\/06\/festival-de-vinhos-de-itabira-inicia-as-vendas-do-segundo-lote-e-amplia-expectativa-para-a-primeira-.webp","datePublished":"2026-06-16T09:34:48+00:00","author":{"@id":"https:\/\/www.encontraminasgerais.com.br\/itabira\/#\/schema\/person\/9ae8a8f5ce59322c92e2499b550870b0"},"inLanguage":"pt-BR","potentialAction":[{"@type":"ReadAction","target":["https:\/\/www.encontraminasgerais.com.br\/itabira\/festival-de-vinhos-de-itabira-inicia-as-vendas-do-segundo-lote-e-amplia-expectativa-para-a-primeira-edicao\/"]}]},{"@type":"ImageObject","inLanguage":"pt-BR","@id":"https:\/\/www.encontraminasgerais.com.br\/itabira\/festival-de-vinhos-de-itabira-inicia-as-vendas-do-segundo-lote-e-amplia-expectativa-para-a-primeira-edicao\/#primaryimage","url":"https:\/\/www.encontraminasgerais.com.br\/itabira\/wp-content\/uploads\/2026\/06\/festival-de-vinhos-de-itabira-inicia-as-vendas-do-segundo-lote-e-amplia-expectativa-para-a-primeira-.webp","contentUrl":"https:\/\/www.encontraminasgerais.com.br\/itabira\/wp-content\/uploads\/2026\/06\/festival-de-vinhos-de-itabira-inicia-as-vendas-do-segundo-lote-e-amplia-expectativa-para-a-primeira-.webp","width":280,"height":280,"caption":"Festival de Vinhos de Itabira"},{"@type":"WebSite","@id":"https:\/\/www.encontraminasgerais.com.br\/itabira\/#website","url":"https:\/\/www.encontraminasgerais.com.br\/itabira\/","name":"Guia Comercial de Itabira MG","description":"ENCONTRA ITABIRA - O guia comercial de neg\u00f3cios e empresas, cultura e divers\u00e3o na cidade de Itabira. Feito 100% para voc\u00ea morador!","potentialAction":[{"@type":"SearchAction","target":{"@type":"EntryPoint","urlTemplate":"https:\/\/www.encontraminasgerais.com.br\/itabira\/?s={search_term_string}"},"query-input":{"@type":"PropertyValueSpecification","valueRequired":true,"valueName":"search_term_string"}}],"inLanguage":"pt-BR"},{"@type":"Person","@id":"https:\/\/www.encontraminasgerais.com.br\/itabira\/#\/schema\/person\/9ae8a8f5ce59322c92e2499b550870b0","name":"Encontra Itabira","image":{"@type":"ImageObject","inLanguage":"pt-BR","@id":"https:\/\/secure.gravatar.com\/avatar\/c50c17820bcf322f0a8fd6b110b8c0918141409dc69076470f6fca5fee70a5d4?s=96&d=mm&r=g","url":"https:\/\/secure.gravatar.com\/avatar\/c50c17820bcf322f0a8fd6b110b8c0918141409dc69076470f6fca5fee70a5d4?s=96&d=mm&r=g","contentUrl":"https:\/\/secure.gravatar.com\/avatar\/c50c17820bcf322f0a8fd6b110b8c0918141409dc69076470f6fca5fee70a5d4?s=96&d=mm&r=g","caption":"Encontra Itabira"},"url":"https:\/\/www.encontraminasgerais.com.br\/itabira\/author\/encontraitabira\/"}]}},"_links":{"self":[{"href":"https:\/\/www.encontraminasgerais.com.br\/itabira\/wp-json\/wp\/v2\/posts\/5859","targetHints":{"allow":["GET"]}}],"collection":[{"href":"https:\/\/www.encontraminasgerais.com.br\/itabira\/wp-json\/wp\/v2\/posts"}],"about":[{"href":"https:\/\/www.encontraminasgerais.com.br\/itabira\/wp-json\/wp\/v2\/types\/post"}],"author":[{"embeddable":true,"href":"https:\/\/www.encontraminasgerais.com.br\/itabira\/wp-json\/wp\/v2\/users\/1"}],"replies":[{"embeddable":true,"href":"https:\/\/www.encontraminasgerais.com.br\/itabira\/wp-json\/wp\/v2\/comments?post=5859"}],"version-history":[{"count":0,"href":"https:\/\/www.encontraminasgerais.com.br\/itabira\/wp-json\/wp\/v2\/posts\/5859\/revisions"}],"wp:featuredmedia":[{"embeddable":true,"href":"https:\/\/www.encontraminasgerais.com.br\/itabira\/wp-json\/wp\/v2\/media\/5858"}],"wp:attachment":[{"href":"https:\/\/www.encontraminasgerais.com.br\/itabira\/wp-json\/wp\/v2\/media?parent=5859"}],"wp:term":[{"taxonomy":"category","embeddable":true,"href":"https:\/\/www.encontraminasgerais.com.br\/itabira\/wp-json\/wp\/v2\/categories?post=5859"},{"taxonomy":"post_tag","embeddable":true,"href":"https:\/\/www.encontraminasgerais.com.br\/itabira\/wp-json\/wp\/v2\/tags?post=5859"}],"curies":[{"name":"wp","href":"https:\/\/api.w.org\/{rel}","templated":true}]}}