{"id":5863,"date":"2026-06-17T06:28:52","date_gmt":"2026-06-17T09:28:52","guid":{"rendered":"https:\/\/www.encontraminasgerais.com.br\/itabira\/vale-homenageia-defesa-civil-de-santa-maria-de-itabira-por-atuacao-em-plano-de-emergencia\/"},"modified":"2026-06-17T06:28:52","modified_gmt":"2026-06-17T09:28:52","slug":"vale-homenageia-defesa-civil-de-santa-maria-de-itabira-por-atuacao-em-plano-de-emergencia","status":"publish","type":"post","link":"https:\/\/www.encontraminasgerais.com.br\/itabira\/vale-homenageia-defesa-civil-de-santa-maria-de-itabira-por-atuacao-em-plano-de-emergencia\/","title":{"rendered":"Vale homenageia Defesa Civil de Santa Maria de Itabira por atua\u00e7\u00e3o em plano de emerg\u00eancia"},"content":{"rendered":"<h2>Import\u00e2ncia da Defesa Civil na Seguran\u00e7a P\u00fablica<\/h2>\n<p>A Defesa Civil desempenha um papel crucial na seguran\u00e7a p\u00fablica, sendo encarregada de planejar e implementar a\u00e7\u00f5es que visam a prote\u00e7\u00e3o da popula\u00e7\u00e3o em situa\u00e7\u00f5es de risco. Sua fun\u00e7\u00e3o principal \u00e9 garantir a seguran\u00e7a e a integridade da sociedade diante de desastres naturais, acidentes e outras emerg\u00eancias. Este \u00f3rg\u00e3o \u00e9 uma ponte entre as autoridades governamentais e a comunidade, promovendo educa\u00e7\u00e3o e conscientiza\u00e7\u00e3o sobre como agir em situa\u00e7\u00f5es de perigo.<\/p>\n<h2>A\u00e7\u00e3o de Emerg\u00eancia em Barragens de Minera\u00e7\u00e3o<\/h2>\n<p>As barragens de minera\u00e7\u00e3o, comumente encontradas em regi\u00f5es mineiras, apresentam riscos significativos, especialmente em caso de falhas estruturais. A atua\u00e7\u00e3o da Defesa Civil \u00e9 vital na elabora\u00e7\u00e3o de Planos de A\u00e7\u00e3o de Emerg\u00eancia para Barragens de Minera\u00e7\u00e3o (PAEBM). Esses planos incluem a avalia\u00e7\u00e3o cont\u00ednua das estruturas, procedimentos normatizados para evacua\u00e7\u00e3o e a\u00e7\u00f5es de resposta r\u00e1pida, visando minimizar os impactos de potenciais desastres.<\/p>\n<h2>Protagonismo da Defesa Civil em Santa Maria<\/h2>\n<p>No contexto de Santa Maria de Itabira, a Defesa Civil tem se destacado pela sua atua\u00e7\u00e3o proativa. O coordenador Jeonides Gomes da Silva lidera uma equipe comprometida em implementar medidas de seguran\u00e7a e preven\u00e7\u00e3o. O \u00f3rg\u00e3o \u00e9 respons\u00e1vel por monitorar as barragens da regi\u00e3o, avaliar riscos e realizar treinamentos com a comunidade local, preparando-a para eventuais emerg\u00eancias.<\/p>\n<p><img decoding=\"async\" src=\"https:\/\/www.encontraminasgerais.com.br\/itabira\/wp-content\/uploads\/2026\/06\/vale-homenageia-defesa-civil-de-santa-maria-de-itabira-por-atuacao-em-plano-de-emergencia.webp\" alt=\"Defesa Civil de Santa Maria de Itabira\" loading=\"lazy\" \/><\/p>\n<h2>Homenagem da Vale \u00e0 Defesa Civil<\/h2>\n<p>Recentemente, a Vale, uma das maiores empresas de minera\u00e7\u00e3o do Brasil, reconheceu o papel da Defesa Civil de Santa Maria de Itabira. Esta homenagem foi um testemunho da import\u00e2ncia do trabalho executado no PAEBM. O reconhecimento foi oficializado atrav\u00e9s da entrega de uma placa comemorativa, destacando a colabora\u00e7\u00e3o entre a empresa e a Defesa Civil na promo\u00e7\u00e3o da seguran\u00e7a p\u00fablica.<\/p>\n<h2>Impacto das Atividades de Preven\u00e7\u00e3o<\/h2>\n<p>As atividades preventivas realizadas pela Defesa Civil resultam em um impacto significativo na comunidade. A educa\u00e7\u00e3o sobre como agir em situa\u00e7\u00f5es de emerg\u00eancia e a realiza\u00e7\u00e3o de simula\u00e7\u00f5es de evacua\u00e7\u00e3o aumentam a capacidade de resposta das pessoas, reduzindo riscos e salvando vidas. Al\u00e9m disso, a intera\u00e7\u00e3o com a popula\u00e7\u00e3o fortalece a cultura de preven\u00e7\u00e3o.<\/p>\n<h2>Trabalho Conjunto entre Setor P\u00fablico e Privado<\/h2>\n<p>A colabora\u00e7\u00e3o entre o setor p\u00fablico e a iniciativa privada \u00e9 fundamental para o fortalecimento das a\u00e7\u00f5es de Defesa Civil. Em Santa Maria de Itabira, essa parceria tem sido exemplificada pela coopera\u00e7\u00e3o da Vale, que, atrav\u00e9s de investimentos e suporte t\u00e9cnico, t\u00eam ajudado a melhorar as condi\u00e7\u00f5es de seguran\u00e7a das barragens e a infraestrutura de emerg\u00eancia.<\/p>\n<h2>Resultados do Plano de A\u00e7\u00e3o de Emerg\u00eancia<\/h2>\n<p>Os resultados do Plano de A\u00e7\u00e3o de Emerg\u00eancia para Barragens de Minera\u00e7\u00e3o foram positivos. O munic\u00edpio conseguiu aprimorar sua estrutura de seguran\u00e7a, reduzindo consideravelmente os riscos associados \u00e0s barragens da regi\u00e3o. A implementa\u00e7\u00e3o de treinamentos regulares e a participa\u00e7\u00e3o ativa da comunidade resultaram em um aumento significativo da conscientiza\u00e7\u00e3o sobre a gest\u00e3o de riscos.<\/p>\n<h2>Gest\u00e3o de Riscos em Minera\u00e7\u00e3o<\/h2>\n<p>A Gest\u00e3o de Riscos em minera\u00e7\u00e3o envolve v\u00e1rias etapas, desde o monitoramento constante das estruturas at\u00e9 a elabora\u00e7\u00e3o e implementa\u00e7\u00e3o de pol\u00edticas de seguran\u00e7a. A Defesa Civil desempenha um papel estrat\u00e9gico nessas etapas, sendo a respons\u00e1vel por avaliar os planos e assegurar que todas as normas de seguran\u00e7a sejam seguidas. A efic\u00e1cia dessa gest\u00e3o \u00e9 medida pela capacidade de resposta a incidentes e pela preven\u00e7\u00e3o de acidentes.<\/p>\n<h2>Compromisso com a Seguran\u00e7a da Popula\u00e7\u00e3o<\/h2>\n<p>O comprometimento da Defesa Civil com a seguran\u00e7a da popula\u00e7\u00e3o \u00e9 vis\u00edvel atrav\u00e9s das diversas a\u00e7\u00f5es implementadas. O \u00f3rg\u00e3o n\u00e3o apenas responde a crises, mas age preventivamente, garantindo que a comunidade esteja bem informada e preparada para enfrentar qualquer tipo de situa\u00e7\u00e3o de emerg\u00eancia. A transpar\u00eancia nas informa\u00e7\u00f5es e a disponibilidade para esclarecimentos s\u00e3o essenciais para essa rela\u00e7\u00e3o de confian\u00e7a.<\/p>\n<h2>Reconhecimento de A\u00e7\u00f5es em Situa\u00e7\u00f5es Cr\u00edticas<\/h2>\n<p>A habilidade da Defesa Civil em atuar em situa\u00e7\u00f5es cr\u00edticas tem sido amplamente reconhecida. As equipes s\u00e3o constantemente elogiadas pelo trabalho incans\u00e1vel e pela dedica\u00e7\u00e3o em proteger a vida e a seguran\u00e7a dos cidad\u00e3os. Este reconhecimento fortalece a moral e a motiva\u00e7\u00e3o da equipe, incentivando-os a continuar suas a\u00e7\u00f5es essenciais em prol da seguran\u00e7a da sociedade.<\/p>\n","protected":false},"excerpt":{"rendered":"<p>Defesa Civil de Santa Maria de Itabira recebe homenagem da Vale por relevantes a\u00e7\u00f5es de emerg\u00eancia.<\/p>\n","protected":false},"author":1,"featured_media":5862,"comment_status":"open","ping_status":"open","sticky":false,"template":"","format":"standard","meta":{"footnotes":""},"categories":[5],"tags":[],"class_list":["post-5863","post","type-post","status-publish","format-standard","has-post-thumbnail","hentry","category-noticias","has_thumb"],"yoast_head":"<!-- This site is optimized with the Yoast SEO plugin v28.1 - https:\/\/yoast.com\/product\/yoast-seo-wordpress\/ -->\n<title>Vale homenageia Defesa Civil de Santa Maria de Itabira por atua\u00e7\u00e3o em plano de emerg\u00eancia | Guia Comercial de Itabira MG<\/title>\n<meta name=\"robots\" content=\"index, follow, max-snippet:-1, max-image-preview:large, max-video-preview:-1\" \/>\n<link rel=\"canonical\" href=\"https:\/\/www.encontraminasgerais.com.br\/itabira\/vale-homenageia-defesa-civil-de-santa-maria-de-itabira-por-atuacao-em-plano-de-emergencia\/\" \/>\n<meta property=\"og:locale\" content=\"pt_BR\" \/>\n<meta property=\"og:type\" content=\"article\" \/>\n<meta property=\"og:title\" content=\"Vale homenageia Defesa Civil de Santa Maria de Itabira por atua\u00e7\u00e3o em plano de emerg\u00eancia | Guia Comercial de Itabira MG\" \/>\n<meta property=\"og:description\" content=\"Defesa Civil de Santa Maria de Itabira recebe homenagem da Vale por relevantes a\u00e7\u00f5es de emerg\u00eancia.\" \/>\n<meta property=\"og:url\" content=\"https:\/\/www.encontraminasgerais.com.br\/itabira\/vale-homenageia-defesa-civil-de-santa-maria-de-itabira-por-atuacao-em-plano-de-emergencia\/\" \/>\n<meta property=\"og:site_name\" content=\"Guia Comercial de Itabira MG\" \/>\n<meta property=\"article:published_time\" content=\"2026-06-17T09:28:52+00:00\" \/>\n<meta property=\"og:image\" content=\"https:\/\/www.encontraminasgerais.com.br\/itabira\/wp-content\/uploads\/2026\/06\/vale-homenageia-defesa-civil-de-santa-maria-de-itabira-por-atuacao-em-plano-de-emergencia.webp\" \/>\n<meta name=\"author\" content=\"Encontra Itabira\" \/>\n<meta name=\"twitter:card\" content=\"summary_large_image\" \/>\n<meta name=\"twitter:label1\" content=\"Escrito por\" \/>\n\t<meta name=\"twitter:data1\" content=\"Encontra Itabira\" \/>\n\t<meta name=\"twitter:label2\" content=\"Est. tempo de leitura\" \/>\n\t<meta name=\"twitter:data2\" content=\"4 minutos\" \/>\n<script type=\"application\/ld+json\" class=\"yoast-schema-graph\">{\"@context\":\"https:\\\/\\\/schema.org\",\"@graph\":[{\"@type\":\"Article\",\"@id\":\"https:\\\/\\\/www.encontraminasgerais.com.br\\\/itabira\\\/vale-homenageia-defesa-civil-de-santa-maria-de-itabira-por-atuacao-em-plano-de-emergencia\\\/#article\",\"isPartOf\":{\"@id\":\"https:\\\/\\\/www.encontraminasgerais.com.br\\\/itabira\\\/vale-homenageia-defesa-civil-de-santa-maria-de-itabira-por-atuacao-em-plano-de-emergencia\\\/\"},\"author\":{\"name\":\"Encontra Itabira\",\"@id\":\"https:\\\/\\\/www.encontraminasgerais.com.br\\\/itabira\\\/#\\\/schema\\\/person\\\/9ae8a8f5ce59322c92e2499b550870b0\"},\"headline\":\"Vale homenageia Defesa Civil de Santa Maria de Itabira por atua\u00e7\u00e3o em plano de emerg\u00eancia\",\"datePublished\":\"2026-06-17T09:28:52+00:00\",\"mainEntityOfPage\":{\"@id\":\"https:\\\/\\\/www.encontraminasgerais.com.br\\\/itabira\\\/vale-homenageia-defesa-civil-de-santa-maria-de-itabira-por-atuacao-em-plano-de-emergencia\\\/\"},\"wordCount\":791,\"commentCount\":0,\"image\":{\"@id\":\"https:\\\/\\\/www.encontraminasgerais.com.br\\\/itabira\\\/vale-homenageia-defesa-civil-de-santa-maria-de-itabira-por-atuacao-em-plano-de-emergencia\\\/#primaryimage\"},\"thumbnailUrl\":\"https:\\\/\\\/www.encontraminasgerais.com.br\\\/itabira\\\/wp-content\\\/uploads\\\/2026\\\/06\\\/vale-homenageia-defesa-civil-de-santa-maria-de-itabira-por-atuacao-em-plano-de-emergencia.webp\",\"articleSection\":[\"Not\u00edcias Itabira\"],\"inLanguage\":\"pt-BR\",\"potentialAction\":[{\"@type\":\"CommentAction\",\"name\":\"Comment\",\"target\":[\"https:\\\/\\\/www.encontraminasgerais.com.br\\\/itabira\\\/vale-homenageia-defesa-civil-de-santa-maria-de-itabira-por-atuacao-em-plano-de-emergencia\\\/#respond\"]}]},{\"@type\":\"WebPage\",\"@id\":\"https:\\\/\\\/www.encontraminasgerais.com.br\\\/itabira\\\/vale-homenageia-defesa-civil-de-santa-maria-de-itabira-por-atuacao-em-plano-de-emergencia\\\/\",\"url\":\"https:\\\/\\\/www.encontraminasgerais.com.br\\\/itabira\\\/vale-homenageia-defesa-civil-de-santa-maria-de-itabira-por-atuacao-em-plano-de-emergencia\\\/\",\"name\":\"Vale homenageia Defesa Civil de Santa Maria de Itabira por atua\u00e7\u00e3o em plano de emerg\u00eancia | Guia Comercial de Itabira MG\",\"isPartOf\":{\"@id\":\"https:\\\/\\\/www.encontraminasgerais.com.br\\\/itabira\\\/#website\"},\"primaryImageOfPage\":{\"@id\":\"https:\\\/\\\/www.encontraminasgerais.com.br\\\/itabira\\\/vale-homenageia-defesa-civil-de-santa-maria-de-itabira-por-atuacao-em-plano-de-emergencia\\\/#primaryimage\"},\"image\":{\"@id\":\"https:\\\/\\\/www.encontraminasgerais.com.br\\\/itabira\\\/vale-homenageia-defesa-civil-de-santa-maria-de-itabira-por-atuacao-em-plano-de-emergencia\\\/#primaryimage\"},\"thumbnailUrl\":\"https:\\\/\\\/www.encontraminasgerais.com.br\\\/itabira\\\/wp-content\\\/uploads\\\/2026\\\/06\\\/vale-homenageia-defesa-civil-de-santa-maria-de-itabira-por-atuacao-em-plano-de-emergencia.webp\",\"datePublished\":\"2026-06-17T09:28:52+00:00\",\"author\":{\"@id\":\"https:\\\/\\\/www.encontraminasgerais.com.br\\\/itabira\\\/#\\\/schema\\\/person\\\/9ae8a8f5ce59322c92e2499b550870b0\"},\"inLanguage\":\"pt-BR\",\"potentialAction\":[{\"@type\":\"ReadAction\",\"target\":[\"https:\\\/\\\/www.encontraminasgerais.com.br\\\/itabira\\\/vale-homenageia-defesa-civil-de-santa-maria-de-itabira-por-atuacao-em-plano-de-emergencia\\\/\"]}]},{\"@type\":\"ImageObject\",\"inLanguage\":\"pt-BR\",\"@id\":\"https:\\\/\\\/www.encontraminasgerais.com.br\\\/itabira\\\/vale-homenageia-defesa-civil-de-santa-maria-de-itabira-por-atuacao-em-plano-de-emergencia\\\/#primaryimage\",\"url\":\"https:\\\/\\\/www.encontraminasgerais.com.br\\\/itabira\\\/wp-content\\\/uploads\\\/2026\\\/06\\\/vale-homenageia-defesa-civil-de-santa-maria-de-itabira-por-atuacao-em-plano-de-emergencia.webp\",\"contentUrl\":\"https:\\\/\\\/www.encontraminasgerais.com.br\\\/itabira\\\/wp-content\\\/uploads\\\/2026\\\/06\\\/vale-homenageia-defesa-civil-de-santa-maria-de-itabira-por-atuacao-em-plano-de-emergencia.webp\",\"width\":280,\"height\":280,\"caption\":\"Defesa Civil de Santa Maria de Itabira\"},{\"@type\":\"WebSite\",\"@id\":\"https:\\\/\\\/www.encontraminasgerais.com.br\\\/itabira\\\/#website\",\"url\":\"https:\\\/\\\/www.encontraminasgerais.com.br\\\/itabira\\\/\",\"name\":\"Guia Comercial de Itabira MG\",\"description\":\"ENCONTRA ITABIRA - O guia comercial de neg\u00f3cios e empresas, cultura e divers\u00e3o na cidade de Itabira. Feito 100% para voc\u00ea morador!\",\"potentialAction\":[{\"@type\":\"SearchAction\",\"target\":{\"@type\":\"EntryPoint\",\"urlTemplate\":\"https:\\\/\\\/www.encontraminasgerais.com.br\\\/itabira\\\/?s={search_term_string}\"},\"query-input\":{\"@type\":\"PropertyValueSpecification\",\"valueRequired\":true,\"valueName\":\"search_term_string\"}}],\"inLanguage\":\"pt-BR\"},{\"@type\":\"Person\",\"@id\":\"https:\\\/\\\/www.encontraminasgerais.com.br\\\/itabira\\\/#\\\/schema\\\/person\\\/9ae8a8f5ce59322c92e2499b550870b0\",\"name\":\"Encontra Itabira\",\"image\":{\"@type\":\"ImageObject\",\"inLanguage\":\"pt-BR\",\"@id\":\"https:\\\/\\\/secure.gravatar.com\\\/avatar\\\/c50c17820bcf322f0a8fd6b110b8c0918141409dc69076470f6fca5fee70a5d4?s=96&d=mm&r=g\",\"url\":\"https:\\\/\\\/secure.gravatar.com\\\/avatar\\\/c50c17820bcf322f0a8fd6b110b8c0918141409dc69076470f6fca5fee70a5d4?s=96&d=mm&r=g\",\"contentUrl\":\"https:\\\/\\\/secure.gravatar.com\\\/avatar\\\/c50c17820bcf322f0a8fd6b110b8c0918141409dc69076470f6fca5fee70a5d4?s=96&d=mm&r=g\",\"caption\":\"Encontra Itabira\"},\"url\":\"https:\\\/\\\/www.encontraminasgerais.com.br\\\/itabira\\\/author\\\/encontraitabira\\\/\"}]}<\/script>\n<!-- \/ Yoast SEO plugin. -->","yoast_head_json":{"title":"Vale homenageia Defesa Civil de Santa Maria de Itabira por atua\u00e7\u00e3o em plano de emerg\u00eancia | Guia Comercial de Itabira MG","robots":{"index":"index","follow":"follow","max-snippet":"max-snippet:-1","max-image-preview":"max-image-preview:large","max-video-preview":"max-video-preview:-1"},"canonical":"https:\/\/www.encontraminasgerais.com.br\/itabira\/vale-homenageia-defesa-civil-de-santa-maria-de-itabira-por-atuacao-em-plano-de-emergencia\/","og_locale":"pt_BR","og_type":"article","og_title":"Vale homenageia Defesa Civil de Santa Maria de Itabira por atua\u00e7\u00e3o em plano de emerg\u00eancia | Guia Comercial de Itabira MG","og_description":"Defesa Civil de Santa Maria de Itabira recebe homenagem da Vale por relevantes a\u00e7\u00f5es de emerg\u00eancia.","og_url":"https:\/\/www.encontraminasgerais.com.br\/itabira\/vale-homenageia-defesa-civil-de-santa-maria-de-itabira-por-atuacao-em-plano-de-emergencia\/","og_site_name":"Guia Comercial de Itabira MG","article_published_time":"2026-06-17T09:28:52+00:00","og_image":[{"url":"https:\/\/www.encontraminasgerais.com.br\/itabira\/wp-content\/uploads\/2026\/06\/vale-homenageia-defesa-civil-de-santa-maria-de-itabira-por-atuacao-em-plano-de-emergencia.webp","type":"","width":"","height":""}],"author":"Encontra Itabira","twitter_card":"summary_large_image","twitter_misc":{"Escrito por":"Encontra Itabira","Est. tempo de leitura":"4 minutos"},"schema":{"@context":"https:\/\/schema.org","@graph":[{"@type":"Article","@id":"https:\/\/www.encontraminasgerais.com.br\/itabira\/vale-homenageia-defesa-civil-de-santa-maria-de-itabira-por-atuacao-em-plano-de-emergencia\/#article","isPartOf":{"@id":"https:\/\/www.encontraminasgerais.com.br\/itabira\/vale-homenageia-defesa-civil-de-santa-maria-de-itabira-por-atuacao-em-plano-de-emergencia\/"},"author":{"name":"Encontra Itabira","@id":"https:\/\/www.encontraminasgerais.com.br\/itabira\/#\/schema\/person\/9ae8a8f5ce59322c92e2499b550870b0"},"headline":"Vale homenageia Defesa Civil de Santa Maria de Itabira por atua\u00e7\u00e3o em plano de emerg\u00eancia","datePublished":"2026-06-17T09:28:52+00:00","mainEntityOfPage":{"@id":"https:\/\/www.encontraminasgerais.com.br\/itabira\/vale-homenageia-defesa-civil-de-santa-maria-de-itabira-por-atuacao-em-plano-de-emergencia\/"},"wordCount":791,"commentCount":0,"image":{"@id":"https:\/\/www.encontraminasgerais.com.br\/itabira\/vale-homenageia-defesa-civil-de-santa-maria-de-itabira-por-atuacao-em-plano-de-emergencia\/#primaryimage"},"thumbnailUrl":"https:\/\/www.encontraminasgerais.com.br\/itabira\/wp-content\/uploads\/2026\/06\/vale-homenageia-defesa-civil-de-santa-maria-de-itabira-por-atuacao-em-plano-de-emergencia.webp","articleSection":["Not\u00edcias Itabira"],"inLanguage":"pt-BR","potentialAction":[{"@type":"CommentAction","name":"Comment","target":["https:\/\/www.encontraminasgerais.com.br\/itabira\/vale-homenageia-defesa-civil-de-santa-maria-de-itabira-por-atuacao-em-plano-de-emergencia\/#respond"]}]},{"@type":"WebPage","@id":"https:\/\/www.encontraminasgerais.com.br\/itabira\/vale-homenageia-defesa-civil-de-santa-maria-de-itabira-por-atuacao-em-plano-de-emergencia\/","url":"https:\/\/www.encontraminasgerais.com.br\/itabira\/vale-homenageia-defesa-civil-de-santa-maria-de-itabira-por-atuacao-em-plano-de-emergencia\/","name":"Vale homenageia Defesa Civil de Santa Maria de Itabira por atua\u00e7\u00e3o em plano de emerg\u00eancia | Guia Comercial de Itabira MG","isPartOf":{"@id":"https:\/\/www.encontraminasgerais.com.br\/itabira\/#website"},"primaryImageOfPage":{"@id":"https:\/\/www.encontraminasgerais.com.br\/itabira\/vale-homenageia-defesa-civil-de-santa-maria-de-itabira-por-atuacao-em-plano-de-emergencia\/#primaryimage"},"image":{"@id":"https:\/\/www.encontraminasgerais.com.br\/itabira\/vale-homenageia-defesa-civil-de-santa-maria-de-itabira-por-atuacao-em-plano-de-emergencia\/#primaryimage"},"thumbnailUrl":"https:\/\/www.encontraminasgerais.com.br\/itabira\/wp-content\/uploads\/2026\/06\/vale-homenageia-defesa-civil-de-santa-maria-de-itabira-por-atuacao-em-plano-de-emergencia.webp","datePublished":"2026-06-17T09:28:52+00:00","author":{"@id":"https:\/\/www.encontraminasgerais.com.br\/itabira\/#\/schema\/person\/9ae8a8f5ce59322c92e2499b550870b0"},"inLanguage":"pt-BR","potentialAction":[{"@type":"ReadAction","target":["https:\/\/www.encontraminasgerais.com.br\/itabira\/vale-homenageia-defesa-civil-de-santa-maria-de-itabira-por-atuacao-em-plano-de-emergencia\/"]}]},{"@type":"ImageObject","inLanguage":"pt-BR","@id":"https:\/\/www.encontraminasgerais.com.br\/itabira\/vale-homenageia-defesa-civil-de-santa-maria-de-itabira-por-atuacao-em-plano-de-emergencia\/#primaryimage","url":"https:\/\/www.encontraminasgerais.com.br\/itabira\/wp-content\/uploads\/2026\/06\/vale-homenageia-defesa-civil-de-santa-maria-de-itabira-por-atuacao-em-plano-de-emergencia.webp","contentUrl":"https:\/\/www.encontraminasgerais.com.br\/itabira\/wp-content\/uploads\/2026\/06\/vale-homenageia-defesa-civil-de-santa-maria-de-itabira-por-atuacao-em-plano-de-emergencia.webp","width":280,"height":280,"caption":"Defesa Civil de Santa Maria de Itabira"},{"@type":"WebSite","@id":"https:\/\/www.encontraminasgerais.com.br\/itabira\/#website","url":"https:\/\/www.encontraminasgerais.com.br\/itabira\/","name":"Guia Comercial de Itabira MG","description":"ENCONTRA ITABIRA - O guia comercial de neg\u00f3cios e empresas, cultura e divers\u00e3o na cidade de Itabira. Feito 100% para voc\u00ea morador!","potentialAction":[{"@type":"SearchAction","target":{"@type":"EntryPoint","urlTemplate":"https:\/\/www.encontraminasgerais.com.br\/itabira\/?s={search_term_string}"},"query-input":{"@type":"PropertyValueSpecification","valueRequired":true,"valueName":"search_term_string"}}],"inLanguage":"pt-BR"},{"@type":"Person","@id":"https:\/\/www.encontraminasgerais.com.br\/itabira\/#\/schema\/person\/9ae8a8f5ce59322c92e2499b550870b0","name":"Encontra Itabira","image":{"@type":"ImageObject","inLanguage":"pt-BR","@id":"https:\/\/secure.gravatar.com\/avatar\/c50c17820bcf322f0a8fd6b110b8c0918141409dc69076470f6fca5fee70a5d4?s=96&d=mm&r=g","url":"https:\/\/secure.gravatar.com\/avatar\/c50c17820bcf322f0a8fd6b110b8c0918141409dc69076470f6fca5fee70a5d4?s=96&d=mm&r=g","contentUrl":"https:\/\/secure.gravatar.com\/avatar\/c50c17820bcf322f0a8fd6b110b8c0918141409dc69076470f6fca5fee70a5d4?s=96&d=mm&r=g","caption":"Encontra Itabira"},"url":"https:\/\/www.encontraminasgerais.com.br\/itabira\/author\/encontraitabira\/"}]}},"_links":{"self":[{"href":"https:\/\/www.encontraminasgerais.com.br\/itabira\/wp-json\/wp\/v2\/posts\/5863","targetHints":{"allow":["GET"]}}],"collection":[{"href":"https:\/\/www.encontraminasgerais.com.br\/itabira\/wp-json\/wp\/v2\/posts"}],"about":[{"href":"https:\/\/www.encontraminasgerais.com.br\/itabira\/wp-json\/wp\/v2\/types\/post"}],"author":[{"embeddable":true,"href":"https:\/\/www.encontraminasgerais.com.br\/itabira\/wp-json\/wp\/v2\/users\/1"}],"replies":[{"embeddable":true,"href":"https:\/\/www.encontraminasgerais.com.br\/itabira\/wp-json\/wp\/v2\/comments?post=5863"}],"version-history":[{"count":0,"href":"https:\/\/www.encontraminasgerais.com.br\/itabira\/wp-json\/wp\/v2\/posts\/5863\/revisions"}],"wp:featuredmedia":[{"embeddable":true,"href":"https:\/\/www.encontraminasgerais.com.br\/itabira\/wp-json\/wp\/v2\/media\/5862"}],"wp:attachment":[{"href":"https:\/\/www.encontraminasgerais.com.br\/itabira\/wp-json\/wp\/v2\/media?parent=5863"}],"wp:term":[{"taxonomy":"category","embeddable":true,"href":"https:\/\/www.encontraminasgerais.com.br\/itabira\/wp-json\/wp\/v2\/categories?post=5863"},{"taxonomy":"post_tag","embeddable":true,"href":"https:\/\/www.encontraminasgerais.com.br\/itabira\/wp-json\/wp\/v2\/tags?post=5863"}],"curies":[{"name":"wp","href":"https:\/\/api.w.org\/{rel}","templated":true}]}}