{"id":5889,"date":"2026-06-22T08:31:37","date_gmt":"2026-06-22T11:31:37","guid":{"rendered":"https:\/\/www.encontraminasgerais.com.br\/itabira\/vale-musica-realiza-duas-apresentacoes-especiais-em-itabira-com-coral-jovem-vale-musica-e-orquestra-jovem-vale-musica-ao-lado-de-fernanda-takai\/"},"modified":"2026-06-22T08:31:37","modified_gmt":"2026-06-22T11:31:37","slug":"vale-musica-realiza-duas-apresentacoes-especiais-em-itabira-com-coral-jovem-vale-musica-e-orquestra-jovem-vale-musica-ao-lado-de-fernanda-takai","status":"publish","type":"post","link":"https:\/\/www.encontraminasgerais.com.br\/itabira\/vale-musica-realiza-duas-apresentacoes-especiais-em-itabira-com-coral-jovem-vale-musica-e-orquestra-jovem-vale-musica-ao-lado-de-fernanda-takai\/","title":{"rendered":"Vale M\u00fasica realiza duas apresenta\u00e7\u00f5es especiais em Itabira com Coral Jovem Vale M\u00fasica e Orquestra Jovem Vale M\u00fasica ao lado de Fernanda Takai"},"content":{"rendered":"<h2>A Celebra\u00e7\u00e3o dos 84 Anos da Vale<\/h2>\n<p>No m\u00eas de junho, a Vale comemora 84 anos de sua funda\u00e7\u00e3o, um marco significativo que ser\u00e1 festejado em Itabira, cidade onde a empresa teve sua origem. Esta celebra\u00e7\u00e3o \u00e9 uma oportunidade para refletir sobre o impacto da Vale na comunidade local e na vida de muitas pessoas ao longo dos anos. Para marcar essa data, a Vale M\u00fasica organizar\u00e1 dois espet\u00e1culos especiais que prometem atrair o p\u00fablico e promover uma intensa conex\u00e3o por meio da m\u00fasica.<\/p>\n<h2>Programa\u00e7\u00e3o Cultural em Itabira<\/h2>\n<p>A programa\u00e7\u00e3o em Itabira acontecer\u00e1 nos dias 26 e 27 de junho e apresentar\u00e1 performances do Coral Jovem Vale M\u00fasica e da Orquestra Jovem Vale M\u00fasica, acompanhados pela artista Fernanda Takai. Essa iniciativa atende ao prop\u00f3sito de democratizar o acesso \u00e0 cultura, proporcionando momentos art\u00edsticos que s\u00e3o abertos a todos os interessados.<\/p>\n<h2>Coral Jovem Vale M\u00fasica em Destaque<\/h2>\n<p>O Coral Jovem Vale M\u00fasica, formado por 25 talentosos cantores com idades entre 16 e 26 anos, ser\u00e1 um dos protagonistas da festa. Sob a dire\u00e7\u00e3o de Max Michel Alves, o coral apresenta um repert\u00f3rio diversificado que inclui cl\u00e1ssicos da m\u00fasica brasileira, um verdadeiro presente para os amantes da arte. Os dois atos do programa reservado ao coral enriquecer\u00e3o a experi\u00eancia dos espectadores.<\/p>\n<p><img decoding=\"async\" src=\"https:\/\/www.encontraminasgerais.com.br\/itabira\/wp-content\/uploads\/2026\/06\/vale-musica-realiza-duas-apresentacoes-especiais-em-itabira-com-coral-jovem-vale-musica-e-orquestra-.webp\" alt=\"Vale M\u00fasica\" loading=\"lazy\" \/><\/p>\n<h2>Orquestra Jovem e Fernanda Takai<\/h2>\n<p>No dia 27 de junho, a Orquestra Jovem Vale M\u00fasica, composta por estudantes de diversos contextos sociais e faixa et\u00e1ria entre 13 e 28 anos, se unir\u00e1 a Fernanda Takai para proporcionar uma apresenta\u00e7\u00e3o marcante. Sob a reg\u00eancia de Lucas An\u00edzio, os m\u00fasicos ter\u00e3o a oportunidade de mostrar seu talento em um concerto que explorar\u00e1 elementos da Bossa Nova, celebrando um g\u00eanero que \u00e9 parte importante da identidade musical brasileira.<\/p>\n<h2>A Import\u00e2ncia da M\u00fasica para a Comunidade<\/h2>\n<p>Este evento n\u00e3o se limita a celebrar o anivers\u00e1rio da Vale, mas tamb\u00e9m ressalta a import\u00e2ncia da m\u00fasica como ferramenta de transforma\u00e7\u00e3o social. Atrav\u00e9s do Vale M\u00fasica, a Vale promove o aprendizado e a aprecia\u00e7\u00e3o musical entre jovens, contribuindo para o desenvolvimento pessoal e social dos participantes. Este projeto capacita os estudantes, ao mesmo tempo em que leva m\u00fasica de qualidade para a comunidade.<\/p>\n<h2>Ingressos Gratuitos e Acesso \u00e0 Cultura<\/h2>\n<p>Os ingressos para as apresenta\u00e7\u00f5es s\u00e3o gratuitos e podem ser retirados pelo Sympla, permitindo que todos tenham a chance de participar. \u00c9 recomendado que o p\u00fablico chegue cedo, pois os ingressos ser\u00e3o v\u00e1lidos at\u00e9 15 minutos antes do in\u00edcio das apresenta\u00e7\u00f5es. Ap\u00f3s esse limite, os assentos n\u00e3o ocupados poder\u00e3o ser vendidos a outros interessados. Este cuidado com a acessibilidade exemplifica o compromisso da Vale em promover a inclus\u00e3o cultural.<\/p>\n<h2>O Repert\u00f3rio do Coral Jovem<\/h2>\n<p>O repert\u00f3rio do Coral Jovem Vale M\u00fasica \u00e9 cuidadosamente selecionado para engajar o p\u00fablico. As can\u00e7\u00f5es que far\u00e3o parte do programa incluem obras de grande apelo como &#8220;Sobradinho&#8221; e &#8220;Nada ser\u00e1 como antes&#8221;. A performance ser\u00e1 organizada em tr\u00eas atos que buscam proporcionar uma viagem musical rica e variada. Cada ato apresenta uma nova faceta da musicalidade brasileira, unindo tradi\u00e7\u00e3o e inova\u00e7\u00e3o.<\/p>\n<h2>Maestro Lucas Anizio e o Concerto Especial<\/h2>\n<p>Lucas Anizio, maestro da Orquestra Jovem, enfatiza que o concerto representa mais do que um evento musical; ele \u00e9 o resultado de um trabalho dedicado de forma\u00e7\u00e3o e desenvolvimento art\u00edstico. Os arranjos pensados para a apresenta\u00e7\u00e3o buscam explorar a ess\u00eancia da Bossa Nova, mantendo viva a fluidez e delicadeza que caracterizam esse estilo. A proposta \u00e9 que o p\u00fablico se sinta parte de uma atmosfera musical que \u00e9, ao mesmo tempo, brasileira e universal.<\/p>\n<h2>Democratiza\u00e7\u00e3o da Cultura atrav\u00e9s do Vale M\u00fasica<\/h2>\n<p>Atrav\u00e9s do Vale M\u00fasica, a Vale reafirma seu compromisso com a democratiza\u00e7\u00e3o cultural. Este projeto n\u00e3o s\u00f3 proporciona acesso a eventos de alta qualidade, mas tamb\u00e9m fomenta o desenvolvimento de habilidades entre os jovens. A presen\u00e7a de filhos de estudantes da rede p\u00fablica nas orquestras \u00e9 uma demonstra\u00e7\u00e3o de como a m\u00fasica pode servir como um meio de inclus\u00e3o e ascens\u00e3o social.<\/p>\n<h2>Vale M\u00fasica e o Desenvolvimento Social<\/h2>\n<p>O Programa Vale M\u00fasica \u00e9 uma iniciativa transformadora que busca desenvolver talentos musicais em v\u00e1rias regi\u00f5es do Brasil. Desde sua cria\u00e7\u00e3o, mais de mil alunos t\u00eam se beneficiado das a\u00e7\u00f5es promovidas pelo projeto, que envolve parcerias com renomadas orquestras e permite interc\u00e2mbios culturais. Al\u00e9m de promover a musicalidade, o programa tem um papel importante na forma\u00e7\u00e3o de cidad\u00e3os mais conscientes e preparados para o futuro.<\/p>\n<p>Com este evento especial, a Vale reafirma sua miss\u00e3o de ser uma agente de transforma\u00e7\u00e3o, utilizando a m\u00fasica como um elo entre gera\u00e7\u00f5es e como um ve\u00edculo para promover o bem-estar e a educa\u00e7\u00e3o. A festa de comemora\u00e7\u00e3o dos 84 anos da Vale em Itabira, portanto, ascende ao esbo\u00e7o de um futuro mais iluminado e harm\u00f4nico, onde a cultura e a arte caminham lado a lado com o desenvolvimento humano.<\/p>\n","protected":false},"excerpt":{"rendered":"<p>Vale M\u00fasica traz apresenta\u00e7\u00f5es gratuitas do Coral e Orquestra Jovem em Itabira.<\/p>\n","protected":false},"author":1,"featured_media":5888,"comment_status":"open","ping_status":"open","sticky":false,"template":"","format":"standard","meta":{"footnotes":""},"categories":[902],"tags":[],"class_list":["post-5889","post","type-post","status-publish","format-standard","has-post-thumbnail","hentry","category-shows","has_thumb"],"yoast_head":"<!-- This site is optimized with the Yoast SEO plugin v28.1 - https:\/\/yoast.com\/product\/yoast-seo-wordpress\/ -->\n<title>Vale M\u00fasica realiza duas apresenta\u00e7\u00f5es especiais em Itabira com Coral Jovem Vale M\u00fasica e Orquestra Jovem Vale M\u00fasica ao lado de Fernanda Takai | Guia Comercial de Itabira MG<\/title>\n<meta name=\"robots\" content=\"index, follow, max-snippet:-1, max-image-preview:large, max-video-preview:-1\" \/>\n<link rel=\"canonical\" href=\"https:\/\/www.encontraminasgerais.com.br\/itabira\/vale-musica-realiza-duas-apresentacoes-especiais-em-itabira-com-coral-jovem-vale-musica-e-orquestra-jovem-vale-musica-ao-lado-de-fernanda-takai\/\" \/>\n<meta property=\"og:locale\" content=\"pt_BR\" \/>\n<meta property=\"og:type\" content=\"article\" \/>\n<meta property=\"og:title\" content=\"Vale M\u00fasica realiza duas apresenta\u00e7\u00f5es especiais em Itabira com Coral Jovem Vale M\u00fasica e Orquestra Jovem Vale M\u00fasica ao lado de Fernanda Takai | Guia Comercial de Itabira MG\" \/>\n<meta property=\"og:description\" content=\"Vale M\u00fasica traz apresenta\u00e7\u00f5es gratuitas do Coral e Orquestra Jovem em Itabira.\" \/>\n<meta property=\"og:url\" content=\"https:\/\/www.encontraminasgerais.com.br\/itabira\/vale-musica-realiza-duas-apresentacoes-especiais-em-itabira-com-coral-jovem-vale-musica-e-orquestra-jovem-vale-musica-ao-lado-de-fernanda-takai\/\" \/>\n<meta property=\"og:site_name\" content=\"Guia Comercial de Itabira MG\" \/>\n<meta property=\"article:published_time\" content=\"2026-06-22T11:31:37+00:00\" \/>\n<meta property=\"og:image\" content=\"https:\/\/www.encontraminasgerais.com.br\/itabira\/wp-content\/uploads\/2026\/06\/vale-musica-realiza-duas-apresentacoes-especiais-em-itabira-com-coral-jovem-vale-musica-e-orquestra-.webp\" \/>\n<meta name=\"author\" content=\"Encontra Itabira\" \/>\n<meta name=\"twitter:card\" content=\"summary_large_image\" \/>\n<meta name=\"twitter:label1\" content=\"Escrito por\" \/>\n\t<meta name=\"twitter:data1\" content=\"Encontra Itabira\" \/>\n\t<meta name=\"twitter:label2\" content=\"Est. tempo de leitura\" \/>\n\t<meta name=\"twitter:data2\" content=\"4 minutos\" \/>\n<script type=\"application\/ld+json\" class=\"yoast-schema-graph\">{\"@context\":\"https:\\\/\\\/schema.org\",\"@graph\":[{\"@type\":\"Article\",\"@id\":\"https:\\\/\\\/www.encontraminasgerais.com.br\\\/itabira\\\/vale-musica-realiza-duas-apresentacoes-especiais-em-itabira-com-coral-jovem-vale-musica-e-orquestra-jovem-vale-musica-ao-lado-de-fernanda-takai\\\/#article\",\"isPartOf\":{\"@id\":\"https:\\\/\\\/www.encontraminasgerais.com.br\\\/itabira\\\/vale-musica-realiza-duas-apresentacoes-especiais-em-itabira-com-coral-jovem-vale-musica-e-orquestra-jovem-vale-musica-ao-lado-de-fernanda-takai\\\/\"},\"author\":{\"name\":\"Encontra Itabira\",\"@id\":\"https:\\\/\\\/www.encontraminasgerais.com.br\\\/itabira\\\/#\\\/schema\\\/person\\\/9ae8a8f5ce59322c92e2499b550870b0\"},\"headline\":\"Vale M\u00fasica realiza duas apresenta\u00e7\u00f5es especiais em Itabira com Coral Jovem Vale M\u00fasica e Orquestra Jovem Vale M\u00fasica ao lado de Fernanda Takai\",\"datePublished\":\"2026-06-22T11:31:37+00:00\",\"mainEntityOfPage\":{\"@id\":\"https:\\\/\\\/www.encontraminasgerais.com.br\\\/itabira\\\/vale-musica-realiza-duas-apresentacoes-especiais-em-itabira-com-coral-jovem-vale-musica-e-orquestra-jovem-vale-musica-ao-lado-de-fernanda-takai\\\/\"},\"wordCount\":895,\"commentCount\":0,\"image\":{\"@id\":\"https:\\\/\\\/www.encontraminasgerais.com.br\\\/itabira\\\/vale-musica-realiza-duas-apresentacoes-especiais-em-itabira-com-coral-jovem-vale-musica-e-orquestra-jovem-vale-musica-ao-lado-de-fernanda-takai\\\/#primaryimage\"},\"thumbnailUrl\":\"https:\\\/\\\/www.encontraminasgerais.com.br\\\/itabira\\\/wp-content\\\/uploads\\\/2026\\\/06\\\/vale-musica-realiza-duas-apresentacoes-especiais-em-itabira-com-coral-jovem-vale-musica-e-orquestra-.webp\",\"articleSection\":[\"Shows Itabira\"],\"inLanguage\":\"pt-BR\",\"potentialAction\":[{\"@type\":\"CommentAction\",\"name\":\"Comment\",\"target\":[\"https:\\\/\\\/www.encontraminasgerais.com.br\\\/itabira\\\/vale-musica-realiza-duas-apresentacoes-especiais-em-itabira-com-coral-jovem-vale-musica-e-orquestra-jovem-vale-musica-ao-lado-de-fernanda-takai\\\/#respond\"]}]},{\"@type\":\"WebPage\",\"@id\":\"https:\\\/\\\/www.encontraminasgerais.com.br\\\/itabira\\\/vale-musica-realiza-duas-apresentacoes-especiais-em-itabira-com-coral-jovem-vale-musica-e-orquestra-jovem-vale-musica-ao-lado-de-fernanda-takai\\\/\",\"url\":\"https:\\\/\\\/www.encontraminasgerais.com.br\\\/itabira\\\/vale-musica-realiza-duas-apresentacoes-especiais-em-itabira-com-coral-jovem-vale-musica-e-orquestra-jovem-vale-musica-ao-lado-de-fernanda-takai\\\/\",\"name\":\"Vale M\u00fasica realiza duas apresenta\u00e7\u00f5es especiais em Itabira com Coral Jovem Vale M\u00fasica e Orquestra Jovem Vale M\u00fasica ao lado de Fernanda Takai | Guia Comercial de Itabira MG\",\"isPartOf\":{\"@id\":\"https:\\\/\\\/www.encontraminasgerais.com.br\\\/itabira\\\/#website\"},\"primaryImageOfPage\":{\"@id\":\"https:\\\/\\\/www.encontraminasgerais.com.br\\\/itabira\\\/vale-musica-realiza-duas-apresentacoes-especiais-em-itabira-com-coral-jovem-vale-musica-e-orquestra-jovem-vale-musica-ao-lado-de-fernanda-takai\\\/#primaryimage\"},\"image\":{\"@id\":\"https:\\\/\\\/www.encontraminasgerais.com.br\\\/itabira\\\/vale-musica-realiza-duas-apresentacoes-especiais-em-itabira-com-coral-jovem-vale-musica-e-orquestra-jovem-vale-musica-ao-lado-de-fernanda-takai\\\/#primaryimage\"},\"thumbnailUrl\":\"https:\\\/\\\/www.encontraminasgerais.com.br\\\/itabira\\\/wp-content\\\/uploads\\\/2026\\\/06\\\/vale-musica-realiza-duas-apresentacoes-especiais-em-itabira-com-coral-jovem-vale-musica-e-orquestra-.webp\",\"datePublished\":\"2026-06-22T11:31:37+00:00\",\"author\":{\"@id\":\"https:\\\/\\\/www.encontraminasgerais.com.br\\\/itabira\\\/#\\\/schema\\\/person\\\/9ae8a8f5ce59322c92e2499b550870b0\"},\"inLanguage\":\"pt-BR\",\"potentialAction\":[{\"@type\":\"ReadAction\",\"target\":[\"https:\\\/\\\/www.encontraminasgerais.com.br\\\/itabira\\\/vale-musica-realiza-duas-apresentacoes-especiais-em-itabira-com-coral-jovem-vale-musica-e-orquestra-jovem-vale-musica-ao-lado-de-fernanda-takai\\\/\"]}]},{\"@type\":\"ImageObject\",\"inLanguage\":\"pt-BR\",\"@id\":\"https:\\\/\\\/www.encontraminasgerais.com.br\\\/itabira\\\/vale-musica-realiza-duas-apresentacoes-especiais-em-itabira-com-coral-jovem-vale-musica-e-orquestra-jovem-vale-musica-ao-lado-de-fernanda-takai\\\/#primaryimage\",\"url\":\"https:\\\/\\\/www.encontraminasgerais.com.br\\\/itabira\\\/wp-content\\\/uploads\\\/2026\\\/06\\\/vale-musica-realiza-duas-apresentacoes-especiais-em-itabira-com-coral-jovem-vale-musica-e-orquestra-.webp\",\"contentUrl\":\"https:\\\/\\\/www.encontraminasgerais.com.br\\\/itabira\\\/wp-content\\\/uploads\\\/2026\\\/06\\\/vale-musica-realiza-duas-apresentacoes-especiais-em-itabira-com-coral-jovem-vale-musica-e-orquestra-.webp\",\"width\":280,\"height\":280,\"caption\":\"Vale M\u00fasica\"},{\"@type\":\"WebSite\",\"@id\":\"https:\\\/\\\/www.encontraminasgerais.com.br\\\/itabira\\\/#website\",\"url\":\"https:\\\/\\\/www.encontraminasgerais.com.br\\\/itabira\\\/\",\"name\":\"Guia Comercial de Itabira MG\",\"description\":\"ENCONTRA ITABIRA - O guia comercial de neg\u00f3cios e empresas, cultura e divers\u00e3o na cidade de Itabira. Feito 100% para voc\u00ea morador!\",\"potentialAction\":[{\"@type\":\"SearchAction\",\"target\":{\"@type\":\"EntryPoint\",\"urlTemplate\":\"https:\\\/\\\/www.encontraminasgerais.com.br\\\/itabira\\\/?s={search_term_string}\"},\"query-input\":{\"@type\":\"PropertyValueSpecification\",\"valueRequired\":true,\"valueName\":\"search_term_string\"}}],\"inLanguage\":\"pt-BR\"},{\"@type\":\"Person\",\"@id\":\"https:\\\/\\\/www.encontraminasgerais.com.br\\\/itabira\\\/#\\\/schema\\\/person\\\/9ae8a8f5ce59322c92e2499b550870b0\",\"name\":\"Encontra Itabira\",\"image\":{\"@type\":\"ImageObject\",\"inLanguage\":\"pt-BR\",\"@id\":\"https:\\\/\\\/secure.gravatar.com\\\/avatar\\\/c50c17820bcf322f0a8fd6b110b8c0918141409dc69076470f6fca5fee70a5d4?s=96&d=mm&r=g\",\"url\":\"https:\\\/\\\/secure.gravatar.com\\\/avatar\\\/c50c17820bcf322f0a8fd6b110b8c0918141409dc69076470f6fca5fee70a5d4?s=96&d=mm&r=g\",\"contentUrl\":\"https:\\\/\\\/secure.gravatar.com\\\/avatar\\\/c50c17820bcf322f0a8fd6b110b8c0918141409dc69076470f6fca5fee70a5d4?s=96&d=mm&r=g\",\"caption\":\"Encontra Itabira\"},\"url\":\"https:\\\/\\\/www.encontraminasgerais.com.br\\\/itabira\\\/author\\\/encontraitabira\\\/\"}]}<\/script>\n<!-- \/ Yoast SEO plugin. -->","yoast_head_json":{"title":"Vale M\u00fasica realiza duas apresenta\u00e7\u00f5es especiais em Itabira com Coral Jovem Vale M\u00fasica e Orquestra Jovem Vale M\u00fasica ao lado de Fernanda Takai | Guia Comercial de Itabira MG","robots":{"index":"index","follow":"follow","max-snippet":"max-snippet:-1","max-image-preview":"max-image-preview:large","max-video-preview":"max-video-preview:-1"},"canonical":"https:\/\/www.encontraminasgerais.com.br\/itabira\/vale-musica-realiza-duas-apresentacoes-especiais-em-itabira-com-coral-jovem-vale-musica-e-orquestra-jovem-vale-musica-ao-lado-de-fernanda-takai\/","og_locale":"pt_BR","og_type":"article","og_title":"Vale M\u00fasica realiza duas apresenta\u00e7\u00f5es especiais em Itabira com Coral Jovem Vale M\u00fasica e Orquestra Jovem Vale M\u00fasica ao lado de Fernanda Takai | Guia Comercial de Itabira MG","og_description":"Vale M\u00fasica traz apresenta\u00e7\u00f5es gratuitas do Coral e Orquestra Jovem em Itabira.","og_url":"https:\/\/www.encontraminasgerais.com.br\/itabira\/vale-musica-realiza-duas-apresentacoes-especiais-em-itabira-com-coral-jovem-vale-musica-e-orquestra-jovem-vale-musica-ao-lado-de-fernanda-takai\/","og_site_name":"Guia Comercial de Itabira MG","article_published_time":"2026-06-22T11:31:37+00:00","og_image":[{"url":"https:\/\/www.encontraminasgerais.com.br\/itabira\/wp-content\/uploads\/2026\/06\/vale-musica-realiza-duas-apresentacoes-especiais-em-itabira-com-coral-jovem-vale-musica-e-orquestra-.webp","type":"","width":"","height":""}],"author":"Encontra Itabira","twitter_card":"summary_large_image","twitter_misc":{"Escrito por":"Encontra Itabira","Est. tempo de leitura":"4 minutos"},"schema":{"@context":"https:\/\/schema.org","@graph":[{"@type":"Article","@id":"https:\/\/www.encontraminasgerais.com.br\/itabira\/vale-musica-realiza-duas-apresentacoes-especiais-em-itabira-com-coral-jovem-vale-musica-e-orquestra-jovem-vale-musica-ao-lado-de-fernanda-takai\/#article","isPartOf":{"@id":"https:\/\/www.encontraminasgerais.com.br\/itabira\/vale-musica-realiza-duas-apresentacoes-especiais-em-itabira-com-coral-jovem-vale-musica-e-orquestra-jovem-vale-musica-ao-lado-de-fernanda-takai\/"},"author":{"name":"Encontra Itabira","@id":"https:\/\/www.encontraminasgerais.com.br\/itabira\/#\/schema\/person\/9ae8a8f5ce59322c92e2499b550870b0"},"headline":"Vale M\u00fasica realiza duas apresenta\u00e7\u00f5es especiais em Itabira com Coral Jovem Vale M\u00fasica e Orquestra Jovem Vale M\u00fasica ao lado de Fernanda Takai","datePublished":"2026-06-22T11:31:37+00:00","mainEntityOfPage":{"@id":"https:\/\/www.encontraminasgerais.com.br\/itabira\/vale-musica-realiza-duas-apresentacoes-especiais-em-itabira-com-coral-jovem-vale-musica-e-orquestra-jovem-vale-musica-ao-lado-de-fernanda-takai\/"},"wordCount":895,"commentCount":0,"image":{"@id":"https:\/\/www.encontraminasgerais.com.br\/itabira\/vale-musica-realiza-duas-apresentacoes-especiais-em-itabira-com-coral-jovem-vale-musica-e-orquestra-jovem-vale-musica-ao-lado-de-fernanda-takai\/#primaryimage"},"thumbnailUrl":"https:\/\/www.encontraminasgerais.com.br\/itabira\/wp-content\/uploads\/2026\/06\/vale-musica-realiza-duas-apresentacoes-especiais-em-itabira-com-coral-jovem-vale-musica-e-orquestra-.webp","articleSection":["Shows Itabira"],"inLanguage":"pt-BR","potentialAction":[{"@type":"CommentAction","name":"Comment","target":["https:\/\/www.encontraminasgerais.com.br\/itabira\/vale-musica-realiza-duas-apresentacoes-especiais-em-itabira-com-coral-jovem-vale-musica-e-orquestra-jovem-vale-musica-ao-lado-de-fernanda-takai\/#respond"]}]},{"@type":"WebPage","@id":"https:\/\/www.encontraminasgerais.com.br\/itabira\/vale-musica-realiza-duas-apresentacoes-especiais-em-itabira-com-coral-jovem-vale-musica-e-orquestra-jovem-vale-musica-ao-lado-de-fernanda-takai\/","url":"https:\/\/www.encontraminasgerais.com.br\/itabira\/vale-musica-realiza-duas-apresentacoes-especiais-em-itabira-com-coral-jovem-vale-musica-e-orquestra-jovem-vale-musica-ao-lado-de-fernanda-takai\/","name":"Vale M\u00fasica realiza duas apresenta\u00e7\u00f5es especiais em Itabira com Coral Jovem Vale M\u00fasica e Orquestra Jovem Vale M\u00fasica ao lado de Fernanda Takai | Guia Comercial de Itabira MG","isPartOf":{"@id":"https:\/\/www.encontraminasgerais.com.br\/itabira\/#website"},"primaryImageOfPage":{"@id":"https:\/\/www.encontraminasgerais.com.br\/itabira\/vale-musica-realiza-duas-apresentacoes-especiais-em-itabira-com-coral-jovem-vale-musica-e-orquestra-jovem-vale-musica-ao-lado-de-fernanda-takai\/#primaryimage"},"image":{"@id":"https:\/\/www.encontraminasgerais.com.br\/itabira\/vale-musica-realiza-duas-apresentacoes-especiais-em-itabira-com-coral-jovem-vale-musica-e-orquestra-jovem-vale-musica-ao-lado-de-fernanda-takai\/#primaryimage"},"thumbnailUrl":"https:\/\/www.encontraminasgerais.com.br\/itabira\/wp-content\/uploads\/2026\/06\/vale-musica-realiza-duas-apresentacoes-especiais-em-itabira-com-coral-jovem-vale-musica-e-orquestra-.webp","datePublished":"2026-06-22T11:31:37+00:00","author":{"@id":"https:\/\/www.encontraminasgerais.com.br\/itabira\/#\/schema\/person\/9ae8a8f5ce59322c92e2499b550870b0"},"inLanguage":"pt-BR","potentialAction":[{"@type":"ReadAction","target":["https:\/\/www.encontraminasgerais.com.br\/itabira\/vale-musica-realiza-duas-apresentacoes-especiais-em-itabira-com-coral-jovem-vale-musica-e-orquestra-jovem-vale-musica-ao-lado-de-fernanda-takai\/"]}]},{"@type":"ImageObject","inLanguage":"pt-BR","@id":"https:\/\/www.encontraminasgerais.com.br\/itabira\/vale-musica-realiza-duas-apresentacoes-especiais-em-itabira-com-coral-jovem-vale-musica-e-orquestra-jovem-vale-musica-ao-lado-de-fernanda-takai\/#primaryimage","url":"https:\/\/www.encontraminasgerais.com.br\/itabira\/wp-content\/uploads\/2026\/06\/vale-musica-realiza-duas-apresentacoes-especiais-em-itabira-com-coral-jovem-vale-musica-e-orquestra-.webp","contentUrl":"https:\/\/www.encontraminasgerais.com.br\/itabira\/wp-content\/uploads\/2026\/06\/vale-musica-realiza-duas-apresentacoes-especiais-em-itabira-com-coral-jovem-vale-musica-e-orquestra-.webp","width":280,"height":280,"caption":"Vale M\u00fasica"},{"@type":"WebSite","@id":"https:\/\/www.encontraminasgerais.com.br\/itabira\/#website","url":"https:\/\/www.encontraminasgerais.com.br\/itabira\/","name":"Guia Comercial de Itabira MG","description":"ENCONTRA ITABIRA - O guia comercial de neg\u00f3cios e empresas, cultura e divers\u00e3o na cidade de Itabira. Feito 100% para voc\u00ea morador!","potentialAction":[{"@type":"SearchAction","target":{"@type":"EntryPoint","urlTemplate":"https:\/\/www.encontraminasgerais.com.br\/itabira\/?s={search_term_string}"},"query-input":{"@type":"PropertyValueSpecification","valueRequired":true,"valueName":"search_term_string"}}],"inLanguage":"pt-BR"},{"@type":"Person","@id":"https:\/\/www.encontraminasgerais.com.br\/itabira\/#\/schema\/person\/9ae8a8f5ce59322c92e2499b550870b0","name":"Encontra Itabira","image":{"@type":"ImageObject","inLanguage":"pt-BR","@id":"https:\/\/secure.gravatar.com\/avatar\/c50c17820bcf322f0a8fd6b110b8c0918141409dc69076470f6fca5fee70a5d4?s=96&d=mm&r=g","url":"https:\/\/secure.gravatar.com\/avatar\/c50c17820bcf322f0a8fd6b110b8c0918141409dc69076470f6fca5fee70a5d4?s=96&d=mm&r=g","contentUrl":"https:\/\/secure.gravatar.com\/avatar\/c50c17820bcf322f0a8fd6b110b8c0918141409dc69076470f6fca5fee70a5d4?s=96&d=mm&r=g","caption":"Encontra Itabira"},"url":"https:\/\/www.encontraminasgerais.com.br\/itabira\/author\/encontraitabira\/"}]}},"_links":{"self":[{"href":"https:\/\/www.encontraminasgerais.com.br\/itabira\/wp-json\/wp\/v2\/posts\/5889","targetHints":{"allow":["GET"]}}],"collection":[{"href":"https:\/\/www.encontraminasgerais.com.br\/itabira\/wp-json\/wp\/v2\/posts"}],"about":[{"href":"https:\/\/www.encontraminasgerais.com.br\/itabira\/wp-json\/wp\/v2\/types\/post"}],"author":[{"embeddable":true,"href":"https:\/\/www.encontraminasgerais.com.br\/itabira\/wp-json\/wp\/v2\/users\/1"}],"replies":[{"embeddable":true,"href":"https:\/\/www.encontraminasgerais.com.br\/itabira\/wp-json\/wp\/v2\/comments?post=5889"}],"version-history":[{"count":0,"href":"https:\/\/www.encontraminasgerais.com.br\/itabira\/wp-json\/wp\/v2\/posts\/5889\/revisions"}],"wp:featuredmedia":[{"embeddable":true,"href":"https:\/\/www.encontraminasgerais.com.br\/itabira\/wp-json\/wp\/v2\/media\/5888"}],"wp:attachment":[{"href":"https:\/\/www.encontraminasgerais.com.br\/itabira\/wp-json\/wp\/v2\/media?parent=5889"}],"wp:term":[{"taxonomy":"category","embeddable":true,"href":"https:\/\/www.encontraminasgerais.com.br\/itabira\/wp-json\/wp\/v2\/categories?post=5889"},{"taxonomy":"post_tag","embeddable":true,"href":"https:\/\/www.encontraminasgerais.com.br\/itabira\/wp-json\/wp\/v2\/tags?post=5889"}],"curies":[{"name":"wp","href":"https:\/\/api.w.org\/{rel}","templated":true}]}}