{"id":5935,"date":"2026-06-29T20:31:19","date_gmt":"2026-06-29T23:31:19","guid":{"rendered":"https:\/\/www.encontraminasgerais.com.br\/itabira\/minas-gerais-ganha-sua-primeira-casa-da-igualdade-racial\/"},"modified":"2026-06-29T20:31:19","modified_gmt":"2026-06-29T23:31:19","slug":"minas-gerais-ganha-sua-primeira-casa-da-igualdade-racial","status":"publish","type":"post","link":"https:\/\/www.encontraminasgerais.com.br\/itabira\/minas-gerais-ganha-sua-primeira-casa-da-igualdade-racial\/","title":{"rendered":"Minas Gerais ganha sua primeira Casa da Igualdade Racial"},"content":{"rendered":"<h2>A import\u00e2ncia da Casa da Igualdade Racial<\/h2>\n<p>A cria\u00e7\u00e3o da Casa da Igualdade Racial representa um avan\u00e7o significativo no combate ao racismo e na promo\u00e7\u00e3o da igualdade de direitos no Brasil. Este espa\u00e7o serve como um ponto de apoio e refer\u00eancia para a comunidade negra, permitindo que suas demandas sejam ouvidas e atendidas. A Casa visa fomentar o respeito \u00e0 diversidade e fortalecer a identidade cultural afro-brasileira, promovendo um ambiente de inclus\u00e3o e justi\u00e7a social.<\/p>\n<h2>O papel do Minist\u00e9rio da Igualdade Racial<\/h2>\n<p>O Minist\u00e9rio da Igualdade Racial \u00e9 fundamental na estrutura\u00e7\u00e3o e operacionaliza\u00e7\u00e3o das Casas da Igualdade Racial. Sua miss\u00e3o inclui assegurar que pol\u00edticas p\u00fablicas voltadas para a promo\u00e7\u00e3o de direitos da popula\u00e7\u00e3o negra sejam efetivas e abrangentes. Al\u00e9m disso, o Minist\u00e9rio atua na forma\u00e7\u00e3o de parcerias com diferentes esferas do governo e a sociedade civil para garantir que as a\u00e7\u00f5es sejam sustent\u00e1veis e realmente impactem a vida das pessoas negras no Brasil.<\/p>\n<h2>Itabira: um novo marco para Minas Gerais<\/h2>\n<p>A escolha de Itabira como sede da primeira Casa da Igualdade Racial em Minas Gerais possui um significado pol\u00edtico e social profundo. A cidade foi selecionada devido \u00e0 sua hist\u00f3rica presen\u00e7a do movimento negro e a composi\u00e7\u00e3o demogr\u00e1fica que possui uma popula\u00e7\u00e3o significativa de pessoas autodeclaradas pretas e pardas. Esse espa\u00e7o se torna um s\u00edmbolo de luta e esperan\u00e7a para muitos que buscam igualdade e justi\u00e7a.<\/p>\n<p><img decoding=\"async\" src=\"https:\/\/www.encontraminasgerais.com.br\/itabira\/wp-content\/uploads\/2026\/06\/minas-gerais-ganha-sua-primeira-casa-da-igualdade-racial.webp\" alt=\"Casa da Igualdade Racial\" loading=\"lazy\" \/><\/p>\n<h2>Servi\u00e7os oferecidos na Casa da Igualdade Racial<\/h2>\n<p>A Casa da Igualdade Racial em Itabira oferece uma variedade de servi\u00e7os essenciais:<\/p>\n<ul>\n<li><strong>Orienta\u00e7\u00e3o Jur\u00eddica:<\/strong> Ajuda a indiv\u00edduos que enfrentam discrimina\u00e7\u00e3o racial e buscam seus direitos legais.<\/li>\n<li><strong>Apoio Psicossocial:<\/strong> Fornece um suporte emocional e psicol\u00f3gico para aqueles que foram v\u00edtimas de racismo.<\/li>\n<li><strong>Intermedia\u00e7\u00e3o de Servi\u00e7os:<\/strong> Conecta os usu\u00e1rios com servi\u00e7os de sa\u00fade, educa\u00e7\u00e3o e assist\u00eancia social, promovendo a integra\u00e7\u00e3o e inclus\u00e3o.<\/li>\n<li><strong>Atividades Culturais:<\/strong> Realiza eventos, oficinas e rodas de conversa para promover a cultura afro-brasileira e a educa\u00e7\u00e3o em direitos humanos.<\/li>\n<\/ul>\n<h2>Hist\u00f3ria e cultura afro-brasileira em foco<\/h2>\n<p>A valoriza\u00e7\u00e3o da hist\u00f3ria e cultura afro-brasileira \u00e9 um dos pilares da Casa da Igualdade Racial. A promo\u00e7\u00e3o de atividades que celebre a heran\u00e7a cultural negra, como oficinas de arte, m\u00fasica e literatura, ajuda a resgatar e fortalecer a identidade de comunidades afrodescendentes. Essas atividades tamb\u00e9m visam combater estere\u00f3tipos e preconceitos, proporcionando uma compreens\u00e3o mais profunda da contribui\u00e7\u00e3o dos afro-brasileiros para a sociedade.<\/p>\n<h2>Apoio a v\u00edtimas de racismo<\/h2>\n<p>A Casa funciona como um abrigo seguro para v\u00edtimas de racismo, fornecendo espa\u00e7o para que suas vozes sejam ouvidas. Os servi\u00e7os de apoio psicol\u00f3gico e jur\u00eddico s\u00e3o essenciais para ajudar essas pessoas a superar traumas e buscar repara\u00e7\u00e3o. O acompanhamento cont\u00ednuo \u00e9 oferecido para garantir que as v\u00edtimas possam seguir em frente com dignidade e respeito.<\/p>\n<h2>Inclus\u00e3o econ\u00f4mica e oportunidades<\/h2>\n<p>Outro aspecto importante da Casa da Igualdade Racial \u00e9 a promo\u00e7\u00e3o da inclus\u00e3o econ\u00f4mica. Atrav\u00e9s de iniciativas voltadas para o desenvolvimento profissional de jovens e mulheres negras, a Casa busca abrir novas oportunidades de trabalho e capacita\u00e7\u00e3o. Programas de forma\u00e7\u00e3o, empreendedorismo e acesso a redes de neg\u00f3cios s\u00e3o oferecidos para fortalecer a autonomia econ\u00f4mica da popula\u00e7\u00e3o negra.<\/p>\n<h2>Parcerias com institui\u00e7\u00f5es locais<\/h2>\n<p>Para potencializar suas a\u00e7\u00f5es, a Casa da Igualdade Racial estabelece parcerias com v\u00e1rias institui\u00e7\u00f5es locais e organiza\u00e7\u00f5es n\u00e3o governamentais. Essas colabora\u00e7\u00f5es s\u00e3o cruciais para expandir a gama de servi\u00e7os dispon\u00edveis e garantir que a Casa atenda efetivamente \u00e0s necessidades da comunidade. Juntos, os parceiros trabalham para criar um sistema integrado que promove a igualdade racial.<\/p>\n<h2>Expectativas para o futuro da igualdade racial<\/h2>\n<p>Com a inaugura\u00e7\u00e3o da Casa da Igualdade Racial em Itabira, h\u00e1 grandes expectativas sobre o futuro da igualdade racial em Minas Gerais e no Brasil. A inten\u00e7\u00e3o \u00e9 que mais Casas sejam implementadas em outras localidades, ampliando o alcance das pol\u00edticas de igualdade racial e fortalecendo a luta contra a discrimina\u00e7\u00e3o. O envolvimento ativo da comunidade ser\u00e1 fundamental para garantir que estas iniciativas tenham um impacto duradouro.<\/p>\n<h2>Mais Casas da Igualdade Racial em Minas Gerais<\/h2>\n<p>Al\u00e9m da unidade em Itabira, o Minist\u00e9rio da Igualdade Racial planeja abrir mais uma Casa em Contagem, o que tornar\u00e1 Minas Gerais o \u00fanico estado a contar com duas Casas da Igualdade Racial. Essa expans\u00e3o demonstra o compromisso do governo com a promo\u00e7\u00e3o da igualdade racial e o combate a todas as formas de discrimina\u00e7\u00e3o, proporcionando oportunidades e suporte para a popula\u00e7\u00e3o negra.<\/p>\n","protected":false},"excerpt":{"rendered":"<p>Minas Gerais ganha sua primeira Casa da Igualdade Racial. Descubra os detalhes dessa conquista.<\/p>\n","protected":false},"author":1,"featured_media":5934,"comment_status":"open","ping_status":"open","sticky":false,"template":"","format":"standard","meta":{"footnotes":""},"categories":[5],"tags":[],"class_list":["post-5935","post","type-post","status-publish","format-standard","has-post-thumbnail","hentry","category-noticias","has_thumb"],"yoast_head":"<!-- This site is optimized with the Yoast SEO plugin v28.1 - https:\/\/yoast.com\/product\/yoast-seo-wordpress\/ -->\n<title>Minas Gerais ganha sua primeira Casa da Igualdade Racial | Guia Comercial de Itabira MG<\/title>\n<meta name=\"robots\" content=\"index, follow, max-snippet:-1, max-image-preview:large, max-video-preview:-1\" \/>\n<link rel=\"canonical\" href=\"https:\/\/www.encontraminasgerais.com.br\/itabira\/minas-gerais-ganha-sua-primeira-casa-da-igualdade-racial\/\" \/>\n<meta property=\"og:locale\" content=\"pt_BR\" \/>\n<meta property=\"og:type\" content=\"article\" \/>\n<meta property=\"og:title\" content=\"Minas Gerais ganha sua primeira Casa da Igualdade Racial | Guia Comercial de Itabira MG\" \/>\n<meta property=\"og:description\" content=\"Minas Gerais ganha sua primeira Casa da Igualdade Racial. Descubra os detalhes dessa conquista.\" \/>\n<meta property=\"og:url\" content=\"https:\/\/www.encontraminasgerais.com.br\/itabira\/minas-gerais-ganha-sua-primeira-casa-da-igualdade-racial\/\" \/>\n<meta property=\"og:site_name\" content=\"Guia Comercial de Itabira MG\" \/>\n<meta property=\"article:published_time\" content=\"2026-06-29T23:31:19+00:00\" \/>\n<meta property=\"og:image\" content=\"https:\/\/www.encontraminasgerais.com.br\/itabira\/wp-content\/uploads\/2026\/06\/minas-gerais-ganha-sua-primeira-casa-da-igualdade-racial.webp\" \/>\n<meta name=\"author\" content=\"Encontra Itabira\" \/>\n<meta name=\"twitter:card\" content=\"summary_large_image\" \/>\n<meta name=\"twitter:label1\" content=\"Escrito por\" \/>\n\t<meta name=\"twitter:data1\" content=\"Encontra Itabira\" \/>\n\t<meta name=\"twitter:label2\" content=\"Est. tempo de leitura\" \/>\n\t<meta name=\"twitter:data2\" content=\"4 minutos\" \/>\n<script type=\"application\/ld+json\" class=\"yoast-schema-graph\">{\"@context\":\"https:\\\/\\\/schema.org\",\"@graph\":[{\"@type\":\"Article\",\"@id\":\"https:\\\/\\\/www.encontraminasgerais.com.br\\\/itabira\\\/minas-gerais-ganha-sua-primeira-casa-da-igualdade-racial\\\/#article\",\"isPartOf\":{\"@id\":\"https:\\\/\\\/www.encontraminasgerais.com.br\\\/itabira\\\/minas-gerais-ganha-sua-primeira-casa-da-igualdade-racial\\\/\"},\"author\":{\"name\":\"Encontra Itabira\",\"@id\":\"https:\\\/\\\/www.encontraminasgerais.com.br\\\/itabira\\\/#\\\/schema\\\/person\\\/9ae8a8f5ce59322c92e2499b550870b0\"},\"headline\":\"Minas Gerais ganha sua primeira Casa da Igualdade Racial\",\"datePublished\":\"2026-06-29T23:31:19+00:00\",\"mainEntityOfPage\":{\"@id\":\"https:\\\/\\\/www.encontraminasgerais.com.br\\\/itabira\\\/minas-gerais-ganha-sua-primeira-casa-da-igualdade-racial\\\/\"},\"wordCount\":813,\"commentCount\":0,\"image\":{\"@id\":\"https:\\\/\\\/www.encontraminasgerais.com.br\\\/itabira\\\/minas-gerais-ganha-sua-primeira-casa-da-igualdade-racial\\\/#primaryimage\"},\"thumbnailUrl\":\"https:\\\/\\\/www.encontraminasgerais.com.br\\\/itabira\\\/wp-content\\\/uploads\\\/2026\\\/06\\\/minas-gerais-ganha-sua-primeira-casa-da-igualdade-racial.webp\",\"articleSection\":[\"Not\u00edcias Itabira\"],\"inLanguage\":\"pt-BR\",\"potentialAction\":[{\"@type\":\"CommentAction\",\"name\":\"Comment\",\"target\":[\"https:\\\/\\\/www.encontraminasgerais.com.br\\\/itabira\\\/minas-gerais-ganha-sua-primeira-casa-da-igualdade-racial\\\/#respond\"]}]},{\"@type\":\"WebPage\",\"@id\":\"https:\\\/\\\/www.encontraminasgerais.com.br\\\/itabira\\\/minas-gerais-ganha-sua-primeira-casa-da-igualdade-racial\\\/\",\"url\":\"https:\\\/\\\/www.encontraminasgerais.com.br\\\/itabira\\\/minas-gerais-ganha-sua-primeira-casa-da-igualdade-racial\\\/\",\"name\":\"Minas Gerais ganha sua primeira Casa da Igualdade Racial | Guia Comercial de Itabira MG\",\"isPartOf\":{\"@id\":\"https:\\\/\\\/www.encontraminasgerais.com.br\\\/itabira\\\/#website\"},\"primaryImageOfPage\":{\"@id\":\"https:\\\/\\\/www.encontraminasgerais.com.br\\\/itabira\\\/minas-gerais-ganha-sua-primeira-casa-da-igualdade-racial\\\/#primaryimage\"},\"image\":{\"@id\":\"https:\\\/\\\/www.encontraminasgerais.com.br\\\/itabira\\\/minas-gerais-ganha-sua-primeira-casa-da-igualdade-racial\\\/#primaryimage\"},\"thumbnailUrl\":\"https:\\\/\\\/www.encontraminasgerais.com.br\\\/itabira\\\/wp-content\\\/uploads\\\/2026\\\/06\\\/minas-gerais-ganha-sua-primeira-casa-da-igualdade-racial.webp\",\"datePublished\":\"2026-06-29T23:31:19+00:00\",\"author\":{\"@id\":\"https:\\\/\\\/www.encontraminasgerais.com.br\\\/itabira\\\/#\\\/schema\\\/person\\\/9ae8a8f5ce59322c92e2499b550870b0\"},\"inLanguage\":\"pt-BR\",\"potentialAction\":[{\"@type\":\"ReadAction\",\"target\":[\"https:\\\/\\\/www.encontraminasgerais.com.br\\\/itabira\\\/minas-gerais-ganha-sua-primeira-casa-da-igualdade-racial\\\/\"]}]},{\"@type\":\"ImageObject\",\"inLanguage\":\"pt-BR\",\"@id\":\"https:\\\/\\\/www.encontraminasgerais.com.br\\\/itabira\\\/minas-gerais-ganha-sua-primeira-casa-da-igualdade-racial\\\/#primaryimage\",\"url\":\"https:\\\/\\\/www.encontraminasgerais.com.br\\\/itabira\\\/wp-content\\\/uploads\\\/2026\\\/06\\\/minas-gerais-ganha-sua-primeira-casa-da-igualdade-racial.webp\",\"contentUrl\":\"https:\\\/\\\/www.encontraminasgerais.com.br\\\/itabira\\\/wp-content\\\/uploads\\\/2026\\\/06\\\/minas-gerais-ganha-sua-primeira-casa-da-igualdade-racial.webp\",\"width\":280,\"height\":280,\"caption\":\"Casa da Igualdade Racial\"},{\"@type\":\"WebSite\",\"@id\":\"https:\\\/\\\/www.encontraminasgerais.com.br\\\/itabira\\\/#website\",\"url\":\"https:\\\/\\\/www.encontraminasgerais.com.br\\\/itabira\\\/\",\"name\":\"Guia Comercial de Itabira MG\",\"description\":\"ENCONTRA ITABIRA - O guia comercial de neg\u00f3cios e empresas, cultura e divers\u00e3o na cidade de Itabira. Feito 100% para voc\u00ea morador!\",\"potentialAction\":[{\"@type\":\"SearchAction\",\"target\":{\"@type\":\"EntryPoint\",\"urlTemplate\":\"https:\\\/\\\/www.encontraminasgerais.com.br\\\/itabira\\\/?s={search_term_string}\"},\"query-input\":{\"@type\":\"PropertyValueSpecification\",\"valueRequired\":true,\"valueName\":\"search_term_string\"}}],\"inLanguage\":\"pt-BR\"},{\"@type\":\"Person\",\"@id\":\"https:\\\/\\\/www.encontraminasgerais.com.br\\\/itabira\\\/#\\\/schema\\\/person\\\/9ae8a8f5ce59322c92e2499b550870b0\",\"name\":\"Encontra Itabira\",\"image\":{\"@type\":\"ImageObject\",\"inLanguage\":\"pt-BR\",\"@id\":\"https:\\\/\\\/secure.gravatar.com\\\/avatar\\\/c50c17820bcf322f0a8fd6b110b8c0918141409dc69076470f6fca5fee70a5d4?s=96&d=mm&r=g\",\"url\":\"https:\\\/\\\/secure.gravatar.com\\\/avatar\\\/c50c17820bcf322f0a8fd6b110b8c0918141409dc69076470f6fca5fee70a5d4?s=96&d=mm&r=g\",\"contentUrl\":\"https:\\\/\\\/secure.gravatar.com\\\/avatar\\\/c50c17820bcf322f0a8fd6b110b8c0918141409dc69076470f6fca5fee70a5d4?s=96&d=mm&r=g\",\"caption\":\"Encontra Itabira\"},\"url\":\"https:\\\/\\\/www.encontraminasgerais.com.br\\\/itabira\\\/author\\\/encontraitabira\\\/\"}]}<\/script>\n<!-- \/ Yoast SEO plugin. -->","yoast_head_json":{"title":"Minas Gerais ganha sua primeira Casa da Igualdade Racial | Guia Comercial de Itabira MG","robots":{"index":"index","follow":"follow","max-snippet":"max-snippet:-1","max-image-preview":"max-image-preview:large","max-video-preview":"max-video-preview:-1"},"canonical":"https:\/\/www.encontraminasgerais.com.br\/itabira\/minas-gerais-ganha-sua-primeira-casa-da-igualdade-racial\/","og_locale":"pt_BR","og_type":"article","og_title":"Minas Gerais ganha sua primeira Casa da Igualdade Racial | Guia Comercial de Itabira MG","og_description":"Minas Gerais ganha sua primeira Casa da Igualdade Racial. Descubra os detalhes dessa conquista.","og_url":"https:\/\/www.encontraminasgerais.com.br\/itabira\/minas-gerais-ganha-sua-primeira-casa-da-igualdade-racial\/","og_site_name":"Guia Comercial de Itabira MG","article_published_time":"2026-06-29T23:31:19+00:00","og_image":[{"url":"https:\/\/www.encontraminasgerais.com.br\/itabira\/wp-content\/uploads\/2026\/06\/minas-gerais-ganha-sua-primeira-casa-da-igualdade-racial.webp","type":"","width":"","height":""}],"author":"Encontra Itabira","twitter_card":"summary_large_image","twitter_misc":{"Escrito por":"Encontra Itabira","Est. tempo de leitura":"4 minutos"},"schema":{"@context":"https:\/\/schema.org","@graph":[{"@type":"Article","@id":"https:\/\/www.encontraminasgerais.com.br\/itabira\/minas-gerais-ganha-sua-primeira-casa-da-igualdade-racial\/#article","isPartOf":{"@id":"https:\/\/www.encontraminasgerais.com.br\/itabira\/minas-gerais-ganha-sua-primeira-casa-da-igualdade-racial\/"},"author":{"name":"Encontra Itabira","@id":"https:\/\/www.encontraminasgerais.com.br\/itabira\/#\/schema\/person\/9ae8a8f5ce59322c92e2499b550870b0"},"headline":"Minas Gerais ganha sua primeira Casa da Igualdade Racial","datePublished":"2026-06-29T23:31:19+00:00","mainEntityOfPage":{"@id":"https:\/\/www.encontraminasgerais.com.br\/itabira\/minas-gerais-ganha-sua-primeira-casa-da-igualdade-racial\/"},"wordCount":813,"commentCount":0,"image":{"@id":"https:\/\/www.encontraminasgerais.com.br\/itabira\/minas-gerais-ganha-sua-primeira-casa-da-igualdade-racial\/#primaryimage"},"thumbnailUrl":"https:\/\/www.encontraminasgerais.com.br\/itabira\/wp-content\/uploads\/2026\/06\/minas-gerais-ganha-sua-primeira-casa-da-igualdade-racial.webp","articleSection":["Not\u00edcias Itabira"],"inLanguage":"pt-BR","potentialAction":[{"@type":"CommentAction","name":"Comment","target":["https:\/\/www.encontraminasgerais.com.br\/itabira\/minas-gerais-ganha-sua-primeira-casa-da-igualdade-racial\/#respond"]}]},{"@type":"WebPage","@id":"https:\/\/www.encontraminasgerais.com.br\/itabira\/minas-gerais-ganha-sua-primeira-casa-da-igualdade-racial\/","url":"https:\/\/www.encontraminasgerais.com.br\/itabira\/minas-gerais-ganha-sua-primeira-casa-da-igualdade-racial\/","name":"Minas Gerais ganha sua primeira Casa da Igualdade Racial | Guia Comercial de Itabira MG","isPartOf":{"@id":"https:\/\/www.encontraminasgerais.com.br\/itabira\/#website"},"primaryImageOfPage":{"@id":"https:\/\/www.encontraminasgerais.com.br\/itabira\/minas-gerais-ganha-sua-primeira-casa-da-igualdade-racial\/#primaryimage"},"image":{"@id":"https:\/\/www.encontraminasgerais.com.br\/itabira\/minas-gerais-ganha-sua-primeira-casa-da-igualdade-racial\/#primaryimage"},"thumbnailUrl":"https:\/\/www.encontraminasgerais.com.br\/itabira\/wp-content\/uploads\/2026\/06\/minas-gerais-ganha-sua-primeira-casa-da-igualdade-racial.webp","datePublished":"2026-06-29T23:31:19+00:00","author":{"@id":"https:\/\/www.encontraminasgerais.com.br\/itabira\/#\/schema\/person\/9ae8a8f5ce59322c92e2499b550870b0"},"inLanguage":"pt-BR","potentialAction":[{"@type":"ReadAction","target":["https:\/\/www.encontraminasgerais.com.br\/itabira\/minas-gerais-ganha-sua-primeira-casa-da-igualdade-racial\/"]}]},{"@type":"ImageObject","inLanguage":"pt-BR","@id":"https:\/\/www.encontraminasgerais.com.br\/itabira\/minas-gerais-ganha-sua-primeira-casa-da-igualdade-racial\/#primaryimage","url":"https:\/\/www.encontraminasgerais.com.br\/itabira\/wp-content\/uploads\/2026\/06\/minas-gerais-ganha-sua-primeira-casa-da-igualdade-racial.webp","contentUrl":"https:\/\/www.encontraminasgerais.com.br\/itabira\/wp-content\/uploads\/2026\/06\/minas-gerais-ganha-sua-primeira-casa-da-igualdade-racial.webp","width":280,"height":280,"caption":"Casa da Igualdade Racial"},{"@type":"WebSite","@id":"https:\/\/www.encontraminasgerais.com.br\/itabira\/#website","url":"https:\/\/www.encontraminasgerais.com.br\/itabira\/","name":"Guia Comercial de Itabira MG","description":"ENCONTRA ITABIRA - O guia comercial de neg\u00f3cios e empresas, cultura e divers\u00e3o na cidade de Itabira. Feito 100% para voc\u00ea morador!","potentialAction":[{"@type":"SearchAction","target":{"@type":"EntryPoint","urlTemplate":"https:\/\/www.encontraminasgerais.com.br\/itabira\/?s={search_term_string}"},"query-input":{"@type":"PropertyValueSpecification","valueRequired":true,"valueName":"search_term_string"}}],"inLanguage":"pt-BR"},{"@type":"Person","@id":"https:\/\/www.encontraminasgerais.com.br\/itabira\/#\/schema\/person\/9ae8a8f5ce59322c92e2499b550870b0","name":"Encontra Itabira","image":{"@type":"ImageObject","inLanguage":"pt-BR","@id":"https:\/\/secure.gravatar.com\/avatar\/c50c17820bcf322f0a8fd6b110b8c0918141409dc69076470f6fca5fee70a5d4?s=96&d=mm&r=g","url":"https:\/\/secure.gravatar.com\/avatar\/c50c17820bcf322f0a8fd6b110b8c0918141409dc69076470f6fca5fee70a5d4?s=96&d=mm&r=g","contentUrl":"https:\/\/secure.gravatar.com\/avatar\/c50c17820bcf322f0a8fd6b110b8c0918141409dc69076470f6fca5fee70a5d4?s=96&d=mm&r=g","caption":"Encontra Itabira"},"url":"https:\/\/www.encontraminasgerais.com.br\/itabira\/author\/encontraitabira\/"}]}},"_links":{"self":[{"href":"https:\/\/www.encontraminasgerais.com.br\/itabira\/wp-json\/wp\/v2\/posts\/5935","targetHints":{"allow":["GET"]}}],"collection":[{"href":"https:\/\/www.encontraminasgerais.com.br\/itabira\/wp-json\/wp\/v2\/posts"}],"about":[{"href":"https:\/\/www.encontraminasgerais.com.br\/itabira\/wp-json\/wp\/v2\/types\/post"}],"author":[{"embeddable":true,"href":"https:\/\/www.encontraminasgerais.com.br\/itabira\/wp-json\/wp\/v2\/users\/1"}],"replies":[{"embeddable":true,"href":"https:\/\/www.encontraminasgerais.com.br\/itabira\/wp-json\/wp\/v2\/comments?post=5935"}],"version-history":[{"count":0,"href":"https:\/\/www.encontraminasgerais.com.br\/itabira\/wp-json\/wp\/v2\/posts\/5935\/revisions"}],"wp:featuredmedia":[{"embeddable":true,"href":"https:\/\/www.encontraminasgerais.com.br\/itabira\/wp-json\/wp\/v2\/media\/5934"}],"wp:attachment":[{"href":"https:\/\/www.encontraminasgerais.com.br\/itabira\/wp-json\/wp\/v2\/media?parent=5935"}],"wp:term":[{"taxonomy":"category","embeddable":true,"href":"https:\/\/www.encontraminasgerais.com.br\/itabira\/wp-json\/wp\/v2\/categories?post=5935"},{"taxonomy":"post_tag","embeddable":true,"href":"https:\/\/www.encontraminasgerais.com.br\/itabira\/wp-json\/wp\/v2\/tags?post=5935"}],"curies":[{"name":"wp","href":"https:\/\/api.w.org\/{rel}","templated":true}]}}