{"id":5945,"date":"2026-07-01T14:17:02","date_gmt":"2026-07-01T17:17:02","guid":{"rendered":"https:\/\/www.encontraminasgerais.com.br\/itabira\/carlin-filho-rebate-acusacoes-de-luiz-carlos-sobre-posto-uai-e-aluguel-de-imovel-em-itabira\/"},"modified":"2026-07-01T14:17:02","modified_gmt":"2026-07-01T17:17:02","slug":"carlin-filho-rebate-acusacoes-de-luiz-carlos-sobre-posto-uai-e-aluguel-de-imovel-em-itabira","status":"publish","type":"post","link":"https:\/\/www.encontraminasgerais.com.br\/itabira\/carlin-filho-rebate-acusacoes-de-luiz-carlos-sobre-posto-uai-e-aluguel-de-imovel-em-itabira\/","title":{"rendered":"Carlin Filho rebate acusa\u00e7\u00f5es de Luiz Carlos sobre Posto UAI e aluguel de im\u00f3vel em Itabira"},"content":{"rendered":"<h2>Contexto das Acusa\u00e7\u00f5es<\/h2>\n<p>No dia 29 de junho de 2026, o presidente da C\u00e2mara Municipal de Itabira, Carlin Filho, enfrentou uma s\u00e9rie de acusa\u00e7\u00f5es por parte do vereador Luiz Carlos de Poema. As alega\u00e7\u00f5es envolveram a cria\u00e7\u00e3o do cargo de coordenador para o novo Posto UAI e a regularidade do aluguel do im\u00f3vel que abrigar\u00e1 essa unidade. Tais cr\u00edticas surgiram logo ap\u00f3s a aprova\u00e7\u00e3o do projeto relacionado a essa fun\u00e7\u00e3o p\u00fablica, provocando uma onda de discuss\u00f5es acaloradas no ambiente legislativo.<\/p>\n<h2>A Defesa de Carlin Filho<\/h2>\n<p>Em resposta \u00e0s acusa\u00e7\u00f5es, Carlin Filho defendeu com vigor que o cargo de coordenador do Posto UAI foi planejado para atender exclusivamente servidores efetivos da C\u00e2mara, afastando, assim, qualquer suspeita de favorecimento pol\u00edtico. Ele enfatizou que a escolha de um servidor de carreira para essa posi\u00e7\u00e3o \u00e9 essencial para assegurar a continuidade administrativa e o bom funcionamento da unidade, independentemente de quem esteja na gest\u00e3o do Legislativo.<br \/>\n\u201cDesde o in\u00edcio, ficou claro que este cargo seria restrito a servidores de carreira, e o vereador falhou em compreender o projeto antes de lan\u00e7ar cr\u00edticas,\u201d disse Carlin Filho, ressaltando a import\u00e2ncia da fun\u00e7\u00e3o para a estrutura p\u00fablica da cidade.<\/p>\n<h2>Den\u00fancia ao Tribunal de Contas<\/h2>\n<p>Outro aspecto relevante na pol\u00eamica foi a den\u00fancia de Luiz Carlos ao Tribunal de Contas do Estado de Minas Gerais, onde questionou a legalidade do contrato de aluguel do im\u00f3vel destinado ao Posto UAI. O presidente, em sua defesa, destacou que o conselheiro Agostinho Patrus j\u00e1 havia indeferido o pedido do vereador, afirmando que n\u00e3o havia irregularidades na contrata\u00e7\u00e3o do espa\u00e7o.<br \/>\n\u201cO conselheiro Patrus analisou toda a documenta\u00e7\u00e3o e concluiu que o processo de aluguel do im\u00f3vel \u00e9 regular,\u201d afirmou Carlin, demonstrando confian\u00e7a na legalidade das a\u00e7\u00f5es da C\u00e2mara Municipal.<\/p>\n<p><img decoding=\"async\" src=\"https:\/\/www.encontraminasgerais.com.br\/itabira\/wp-content\/uploads\/2026\/07\/carlin-filho-rebate-acusacoes-de-luiz-carlos-sobre-posto-uai-e-aluguel-de-imovel-em-itabira.webp\" alt=\"Posto UAI\" loading=\"lazy\" \/><\/p>\n<h2>Fun\u00e7\u00e3o do Posto UAI<\/h2>\n<p>A instala\u00e7\u00e3o do Posto UAI, segundo Carlin Filho, atende a uma demanda crucial da popula\u00e7\u00e3o de Itabira, permitindo que cidad\u00e3os tenham acesso a servi\u00e7os p\u00fablicos essenciais, como a emiss\u00e3o de documentos. O UAI, que proporciona um espa\u00e7o mais acess\u00edvel e organizado, visa atender aqueles que enfrentam dificuldades para acessar esses servi\u00e7os vitais.<br \/>\n\u201cEm muitos mutir\u00f5es, observamos cidad\u00e3os que esperam por horas ou at\u00e9 dias para conseguir servi\u00e7os b\u00e1sicos. O Posto UAI ser\u00e1 uma solu\u00e7\u00e3o significativa para facilitar esse processo,\u201d concluiu.<\/p>\n<h2>Regularidade do Im\u00f3vel<\/h2>\n<p>O foco da cr\u00edtica de Luiz Carlos tamb\u00e9m se estendeu \u00e0 alega\u00e7\u00e3o de que o local destinado ao Posto UAI n\u00e3o estava em conformidade com os requisitos exigidos. Em resposta, Carlin Filho afirmou que toda a documenta\u00e7\u00e3o necess\u00e1ria foi apresentada e que a unidade atender\u00e1 \u00e0s normativas do Governo de Minas e da Secretaria de Estado de Planejamento e Gest\u00e3o (Seplag). Ele garantiu que o local e toda a documenta\u00e7\u00e3o tinham que ser aprovados por essas entidades antes da implementa\u00e7\u00e3o do Posto UAI.<\/p>\n<h2>Import\u00e2ncia para a Popula\u00e7\u00e3o<\/h2>\n<p>A import\u00e2ncia do Posto UAI ganhou destaque nas palavras de Carlin, que enfatizou como a unidade ser\u00e1 fundamental para facilitar o acesso a servi\u00e7os que muitas vezes s\u00e3o dif\u00edceis de obter. \u201cPara muitos cidad\u00e3os, conseguir um documento \u00e9 um desafio. O nosso objetivo \u00e9 tornar isso mais simples e acess\u00edvel,\u201d frisa o presidente, referindo-se \u00e0 necessidade de um servi\u00e7o que atenda \u00e0 demanda da popula\u00e7\u00e3o mais carente.<\/p>\n<h2>Repercuss\u00f5es no Legislativo<\/h2>\n<p>As mensagens e debates em torno das acusa\u00e7\u00f5es geraram repercuss\u00f5es dentro da C\u00e2mara, levando Carlin Filho a levar o caso \u00e0 Comiss\u00e3o de \u00c9tica. O presidente assegurou que a\u00e7\u00f5es foram tomadas para lidar com as declara\u00e7\u00f5es do vereador Luiz Carlos, que foram consideradas ofensivas e inadequadas para o contexto legislativo.<br \/>\n\u201cA Comiss\u00e3o de \u00c9tica foi acionada devido \u00e0s repetidas agress\u00f5es verbais e \u00e0 falta de respeito nas discuss\u00f5es. Precisamos manter o foco nas quest\u00f5es que realmente importam para a nossa cidade,\u201d concluiu Carlin Filho.<\/p>\n<h2>A Comiss\u00e3o de \u00c9tica em A\u00e7\u00e3o<\/h2>\n<p>A Comiss\u00e3o de \u00c9tica da C\u00e2mara de Itabira foi interpelada para analisar as declara\u00e7\u00f5es feitas por Luiz Carlos, que Carlin Filho qualificou como ataques incorrretos e improcedentes. O desdobramento nessa quest\u00e3o visa garantir um ambiente de respeito e colabora\u00e7\u00e3o dentro do Legislativo e tornar transparente o processo de acompanhamento e an\u00e1lise das quest\u00f5es levantadas.<\/p>\n<h2>Impacto das Den\u00fancias<\/h2>\n<p>As acusa\u00e7\u00f5es lan\u00e7adas por Luiz Carlos levantaram quest\u00f5es n\u00e3o apenas sobre a legalidade do aluguel, mas tamb\u00e9m sobre a efici\u00eancia da gest\u00e3o municipal e a operacionaliza\u00e7\u00e3o do servi\u00e7o p\u00fablico. Carlin Filho acredita que den\u00fancias desse tipo podem atrasar servi\u00e7os essenciais e dificultar a implanta\u00e7\u00e3o de solu\u00e7\u00f5es necess\u00e1rias para a popula\u00e7\u00e3o.<br \/>\n&#8220;N\u00e3o podemos nos distrair com conflitos desnecess\u00e1rios. O foco deve ser no atendimento \u00e0s necessidades da nossa cidade, especialmente neste ano em que temos a Copa do Mundo e as elei\u00e7\u00f5es pela frente,&#8221; disse o presidente.<\/p>\n<h2>Futuro do Servi\u00e7o P\u00fablico<\/h2>\n<p>Enfrentando as situa\u00e7\u00f5es adversas, Carlin Filho reafirmou sua posi\u00e7\u00e3o de que a instala\u00e7\u00e3o do Posto UAI ser\u00e1 um passo significativo para o desenvolvimento e melhoria do atendimento dos servi\u00e7os p\u00fablicos em Itabira. Ele se comprometeu a trabalhar continuamente para que a popula\u00e7\u00e3o tenha acesso aos servi\u00e7os de forma \u00e1gil e eficiente, almejando uma gest\u00e3o que responda \u00e0s necessidades de todos os cidad\u00e3os.<br \/>\n&#8220;Estamos determinados a fazer com que o UAI atenda todos de maneira justa e eficaz. \u00c9 nosso dever garantir que cada itabirano tenha os servi\u00e7os que lhe s\u00e3o de direito,&#8221; concluiu Carlin Filho, referindo-se ao futuro do Posto UAI e seu papel na melhoria da qualidade de vida na cidade.<\/p>\n","protected":false},"excerpt":{"rendered":"<p>Carlin Filho esclarece quest\u00f5es sobre o Posto UAI e aluguel em Itabira.<\/p>\n","protected":false},"author":1,"featured_media":5944,"comment_status":"open","ping_status":"open","sticky":false,"template":"","format":"standard","meta":{"footnotes":""},"categories":[5],"tags":[],"class_list":["post-5945","post","type-post","status-publish","format-standard","has-post-thumbnail","hentry","category-noticias","has_thumb"],"yoast_head":"<!-- This site is optimized with the Yoast SEO plugin v28.1 - https:\/\/yoast.com\/product\/yoast-seo-wordpress\/ -->\n<title>Carlin Filho rebate acusa\u00e7\u00f5es de Luiz Carlos sobre Posto UAI e aluguel de im\u00f3vel em Itabira | Guia Comercial de Itabira MG<\/title>\n<meta name=\"robots\" content=\"index, follow, max-snippet:-1, max-image-preview:large, max-video-preview:-1\" \/>\n<link rel=\"canonical\" href=\"https:\/\/www.encontraminasgerais.com.br\/itabira\/carlin-filho-rebate-acusacoes-de-luiz-carlos-sobre-posto-uai-e-aluguel-de-imovel-em-itabira\/\" \/>\n<meta property=\"og:locale\" content=\"pt_BR\" \/>\n<meta property=\"og:type\" content=\"article\" \/>\n<meta property=\"og:title\" content=\"Carlin Filho rebate acusa\u00e7\u00f5es de Luiz Carlos sobre Posto UAI e aluguel de im\u00f3vel em Itabira | Guia Comercial de Itabira MG\" \/>\n<meta property=\"og:description\" content=\"Carlin Filho esclarece quest\u00f5es sobre o Posto UAI e aluguel em Itabira.\" \/>\n<meta property=\"og:url\" content=\"https:\/\/www.encontraminasgerais.com.br\/itabira\/carlin-filho-rebate-acusacoes-de-luiz-carlos-sobre-posto-uai-e-aluguel-de-imovel-em-itabira\/\" \/>\n<meta property=\"og:site_name\" content=\"Guia Comercial de Itabira MG\" \/>\n<meta property=\"article:published_time\" content=\"2026-07-01T17:17:02+00:00\" \/>\n<meta property=\"og:image\" content=\"https:\/\/www.encontraminasgerais.com.br\/itabira\/wp-content\/uploads\/2026\/07\/carlin-filho-rebate-acusacoes-de-luiz-carlos-sobre-posto-uai-e-aluguel-de-imovel-em-itabira.webp\" \/>\n<meta name=\"author\" content=\"Encontra Itabira\" \/>\n<meta name=\"twitter:card\" content=\"summary_large_image\" \/>\n<meta name=\"twitter:label1\" content=\"Escrito por\" \/>\n\t<meta name=\"twitter:data1\" content=\"Encontra Itabira\" \/>\n\t<meta name=\"twitter:label2\" content=\"Est. tempo de leitura\" \/>\n\t<meta name=\"twitter:data2\" content=\"5 minutos\" \/>\n<script type=\"application\/ld+json\" class=\"yoast-schema-graph\">{\"@context\":\"https:\\\/\\\/schema.org\",\"@graph\":[{\"@type\":\"Article\",\"@id\":\"https:\\\/\\\/www.encontraminasgerais.com.br\\\/itabira\\\/carlin-filho-rebate-acusacoes-de-luiz-carlos-sobre-posto-uai-e-aluguel-de-imovel-em-itabira\\\/#article\",\"isPartOf\":{\"@id\":\"https:\\\/\\\/www.encontraminasgerais.com.br\\\/itabira\\\/carlin-filho-rebate-acusacoes-de-luiz-carlos-sobre-posto-uai-e-aluguel-de-imovel-em-itabira\\\/\"},\"author\":{\"name\":\"Encontra Itabira\",\"@id\":\"https:\\\/\\\/www.encontraminasgerais.com.br\\\/itabira\\\/#\\\/schema\\\/person\\\/9ae8a8f5ce59322c92e2499b550870b0\"},\"headline\":\"Carlin Filho rebate acusa\u00e7\u00f5es de Luiz Carlos sobre Posto UAI e aluguel de im\u00f3vel em Itabira\",\"datePublished\":\"2026-07-01T17:17:02+00:00\",\"mainEntityOfPage\":{\"@id\":\"https:\\\/\\\/www.encontraminasgerais.com.br\\\/itabira\\\/carlin-filho-rebate-acusacoes-de-luiz-carlos-sobre-posto-uai-e-aluguel-de-imovel-em-itabira\\\/\"},\"wordCount\":1010,\"commentCount\":0,\"image\":{\"@id\":\"https:\\\/\\\/www.encontraminasgerais.com.br\\\/itabira\\\/carlin-filho-rebate-acusacoes-de-luiz-carlos-sobre-posto-uai-e-aluguel-de-imovel-em-itabira\\\/#primaryimage\"},\"thumbnailUrl\":\"https:\\\/\\\/www.encontraminasgerais.com.br\\\/itabira\\\/wp-content\\\/uploads\\\/2026\\\/07\\\/carlin-filho-rebate-acusacoes-de-luiz-carlos-sobre-posto-uai-e-aluguel-de-imovel-em-itabira.webp\",\"articleSection\":[\"Not\u00edcias Itabira\"],\"inLanguage\":\"pt-BR\",\"potentialAction\":[{\"@type\":\"CommentAction\",\"name\":\"Comment\",\"target\":[\"https:\\\/\\\/www.encontraminasgerais.com.br\\\/itabira\\\/carlin-filho-rebate-acusacoes-de-luiz-carlos-sobre-posto-uai-e-aluguel-de-imovel-em-itabira\\\/#respond\"]}]},{\"@type\":\"WebPage\",\"@id\":\"https:\\\/\\\/www.encontraminasgerais.com.br\\\/itabira\\\/carlin-filho-rebate-acusacoes-de-luiz-carlos-sobre-posto-uai-e-aluguel-de-imovel-em-itabira\\\/\",\"url\":\"https:\\\/\\\/www.encontraminasgerais.com.br\\\/itabira\\\/carlin-filho-rebate-acusacoes-de-luiz-carlos-sobre-posto-uai-e-aluguel-de-imovel-em-itabira\\\/\",\"name\":\"Carlin Filho rebate acusa\u00e7\u00f5es de Luiz Carlos sobre Posto UAI e aluguel de im\u00f3vel em Itabira | Guia Comercial de Itabira MG\",\"isPartOf\":{\"@id\":\"https:\\\/\\\/www.encontraminasgerais.com.br\\\/itabira\\\/#website\"},\"primaryImageOfPage\":{\"@id\":\"https:\\\/\\\/www.encontraminasgerais.com.br\\\/itabira\\\/carlin-filho-rebate-acusacoes-de-luiz-carlos-sobre-posto-uai-e-aluguel-de-imovel-em-itabira\\\/#primaryimage\"},\"image\":{\"@id\":\"https:\\\/\\\/www.encontraminasgerais.com.br\\\/itabira\\\/carlin-filho-rebate-acusacoes-de-luiz-carlos-sobre-posto-uai-e-aluguel-de-imovel-em-itabira\\\/#primaryimage\"},\"thumbnailUrl\":\"https:\\\/\\\/www.encontraminasgerais.com.br\\\/itabira\\\/wp-content\\\/uploads\\\/2026\\\/07\\\/carlin-filho-rebate-acusacoes-de-luiz-carlos-sobre-posto-uai-e-aluguel-de-imovel-em-itabira.webp\",\"datePublished\":\"2026-07-01T17:17:02+00:00\",\"author\":{\"@id\":\"https:\\\/\\\/www.encontraminasgerais.com.br\\\/itabira\\\/#\\\/schema\\\/person\\\/9ae8a8f5ce59322c92e2499b550870b0\"},\"inLanguage\":\"pt-BR\",\"potentialAction\":[{\"@type\":\"ReadAction\",\"target\":[\"https:\\\/\\\/www.encontraminasgerais.com.br\\\/itabira\\\/carlin-filho-rebate-acusacoes-de-luiz-carlos-sobre-posto-uai-e-aluguel-de-imovel-em-itabira\\\/\"]}]},{\"@type\":\"ImageObject\",\"inLanguage\":\"pt-BR\",\"@id\":\"https:\\\/\\\/www.encontraminasgerais.com.br\\\/itabira\\\/carlin-filho-rebate-acusacoes-de-luiz-carlos-sobre-posto-uai-e-aluguel-de-imovel-em-itabira\\\/#primaryimage\",\"url\":\"https:\\\/\\\/www.encontraminasgerais.com.br\\\/itabira\\\/wp-content\\\/uploads\\\/2026\\\/07\\\/carlin-filho-rebate-acusacoes-de-luiz-carlos-sobre-posto-uai-e-aluguel-de-imovel-em-itabira.webp\",\"contentUrl\":\"https:\\\/\\\/www.encontraminasgerais.com.br\\\/itabira\\\/wp-content\\\/uploads\\\/2026\\\/07\\\/carlin-filho-rebate-acusacoes-de-luiz-carlos-sobre-posto-uai-e-aluguel-de-imovel-em-itabira.webp\",\"width\":280,\"height\":280,\"caption\":\"Posto UAI\"},{\"@type\":\"WebSite\",\"@id\":\"https:\\\/\\\/www.encontraminasgerais.com.br\\\/itabira\\\/#website\",\"url\":\"https:\\\/\\\/www.encontraminasgerais.com.br\\\/itabira\\\/\",\"name\":\"Guia Comercial de Itabira MG\",\"description\":\"ENCONTRA ITABIRA - O guia comercial de neg\u00f3cios e empresas, cultura e divers\u00e3o na cidade de Itabira. Feito 100% para voc\u00ea morador!\",\"potentialAction\":[{\"@type\":\"SearchAction\",\"target\":{\"@type\":\"EntryPoint\",\"urlTemplate\":\"https:\\\/\\\/www.encontraminasgerais.com.br\\\/itabira\\\/?s={search_term_string}\"},\"query-input\":{\"@type\":\"PropertyValueSpecification\",\"valueRequired\":true,\"valueName\":\"search_term_string\"}}],\"inLanguage\":\"pt-BR\"},{\"@type\":\"Person\",\"@id\":\"https:\\\/\\\/www.encontraminasgerais.com.br\\\/itabira\\\/#\\\/schema\\\/person\\\/9ae8a8f5ce59322c92e2499b550870b0\",\"name\":\"Encontra Itabira\",\"image\":{\"@type\":\"ImageObject\",\"inLanguage\":\"pt-BR\",\"@id\":\"https:\\\/\\\/secure.gravatar.com\\\/avatar\\\/c50c17820bcf322f0a8fd6b110b8c0918141409dc69076470f6fca5fee70a5d4?s=96&d=mm&r=g\",\"url\":\"https:\\\/\\\/secure.gravatar.com\\\/avatar\\\/c50c17820bcf322f0a8fd6b110b8c0918141409dc69076470f6fca5fee70a5d4?s=96&d=mm&r=g\",\"contentUrl\":\"https:\\\/\\\/secure.gravatar.com\\\/avatar\\\/c50c17820bcf322f0a8fd6b110b8c0918141409dc69076470f6fca5fee70a5d4?s=96&d=mm&r=g\",\"caption\":\"Encontra Itabira\"},\"url\":\"https:\\\/\\\/www.encontraminasgerais.com.br\\\/itabira\\\/author\\\/encontraitabira\\\/\"}]}<\/script>\n<!-- \/ Yoast SEO plugin. -->","yoast_head_json":{"title":"Carlin Filho rebate acusa\u00e7\u00f5es de Luiz Carlos sobre Posto UAI e aluguel de im\u00f3vel em Itabira | Guia Comercial de Itabira MG","robots":{"index":"index","follow":"follow","max-snippet":"max-snippet:-1","max-image-preview":"max-image-preview:large","max-video-preview":"max-video-preview:-1"},"canonical":"https:\/\/www.encontraminasgerais.com.br\/itabira\/carlin-filho-rebate-acusacoes-de-luiz-carlos-sobre-posto-uai-e-aluguel-de-imovel-em-itabira\/","og_locale":"pt_BR","og_type":"article","og_title":"Carlin Filho rebate acusa\u00e7\u00f5es de Luiz Carlos sobre Posto UAI e aluguel de im\u00f3vel em Itabira | Guia Comercial de Itabira MG","og_description":"Carlin Filho esclarece quest\u00f5es sobre o Posto UAI e aluguel em Itabira.","og_url":"https:\/\/www.encontraminasgerais.com.br\/itabira\/carlin-filho-rebate-acusacoes-de-luiz-carlos-sobre-posto-uai-e-aluguel-de-imovel-em-itabira\/","og_site_name":"Guia Comercial de Itabira MG","article_published_time":"2026-07-01T17:17:02+00:00","og_image":[{"url":"https:\/\/www.encontraminasgerais.com.br\/itabira\/wp-content\/uploads\/2026\/07\/carlin-filho-rebate-acusacoes-de-luiz-carlos-sobre-posto-uai-e-aluguel-de-imovel-em-itabira.webp","type":"","width":"","height":""}],"author":"Encontra Itabira","twitter_card":"summary_large_image","twitter_misc":{"Escrito por":"Encontra Itabira","Est. tempo de leitura":"5 minutos"},"schema":{"@context":"https:\/\/schema.org","@graph":[{"@type":"Article","@id":"https:\/\/www.encontraminasgerais.com.br\/itabira\/carlin-filho-rebate-acusacoes-de-luiz-carlos-sobre-posto-uai-e-aluguel-de-imovel-em-itabira\/#article","isPartOf":{"@id":"https:\/\/www.encontraminasgerais.com.br\/itabira\/carlin-filho-rebate-acusacoes-de-luiz-carlos-sobre-posto-uai-e-aluguel-de-imovel-em-itabira\/"},"author":{"name":"Encontra Itabira","@id":"https:\/\/www.encontraminasgerais.com.br\/itabira\/#\/schema\/person\/9ae8a8f5ce59322c92e2499b550870b0"},"headline":"Carlin Filho rebate acusa\u00e7\u00f5es de Luiz Carlos sobre Posto UAI e aluguel de im\u00f3vel em Itabira","datePublished":"2026-07-01T17:17:02+00:00","mainEntityOfPage":{"@id":"https:\/\/www.encontraminasgerais.com.br\/itabira\/carlin-filho-rebate-acusacoes-de-luiz-carlos-sobre-posto-uai-e-aluguel-de-imovel-em-itabira\/"},"wordCount":1010,"commentCount":0,"image":{"@id":"https:\/\/www.encontraminasgerais.com.br\/itabira\/carlin-filho-rebate-acusacoes-de-luiz-carlos-sobre-posto-uai-e-aluguel-de-imovel-em-itabira\/#primaryimage"},"thumbnailUrl":"https:\/\/www.encontraminasgerais.com.br\/itabira\/wp-content\/uploads\/2026\/07\/carlin-filho-rebate-acusacoes-de-luiz-carlos-sobre-posto-uai-e-aluguel-de-imovel-em-itabira.webp","articleSection":["Not\u00edcias Itabira"],"inLanguage":"pt-BR","potentialAction":[{"@type":"CommentAction","name":"Comment","target":["https:\/\/www.encontraminasgerais.com.br\/itabira\/carlin-filho-rebate-acusacoes-de-luiz-carlos-sobre-posto-uai-e-aluguel-de-imovel-em-itabira\/#respond"]}]},{"@type":"WebPage","@id":"https:\/\/www.encontraminasgerais.com.br\/itabira\/carlin-filho-rebate-acusacoes-de-luiz-carlos-sobre-posto-uai-e-aluguel-de-imovel-em-itabira\/","url":"https:\/\/www.encontraminasgerais.com.br\/itabira\/carlin-filho-rebate-acusacoes-de-luiz-carlos-sobre-posto-uai-e-aluguel-de-imovel-em-itabira\/","name":"Carlin Filho rebate acusa\u00e7\u00f5es de Luiz Carlos sobre Posto UAI e aluguel de im\u00f3vel em Itabira | Guia Comercial de Itabira MG","isPartOf":{"@id":"https:\/\/www.encontraminasgerais.com.br\/itabira\/#website"},"primaryImageOfPage":{"@id":"https:\/\/www.encontraminasgerais.com.br\/itabira\/carlin-filho-rebate-acusacoes-de-luiz-carlos-sobre-posto-uai-e-aluguel-de-imovel-em-itabira\/#primaryimage"},"image":{"@id":"https:\/\/www.encontraminasgerais.com.br\/itabira\/carlin-filho-rebate-acusacoes-de-luiz-carlos-sobre-posto-uai-e-aluguel-de-imovel-em-itabira\/#primaryimage"},"thumbnailUrl":"https:\/\/www.encontraminasgerais.com.br\/itabira\/wp-content\/uploads\/2026\/07\/carlin-filho-rebate-acusacoes-de-luiz-carlos-sobre-posto-uai-e-aluguel-de-imovel-em-itabira.webp","datePublished":"2026-07-01T17:17:02+00:00","author":{"@id":"https:\/\/www.encontraminasgerais.com.br\/itabira\/#\/schema\/person\/9ae8a8f5ce59322c92e2499b550870b0"},"inLanguage":"pt-BR","potentialAction":[{"@type":"ReadAction","target":["https:\/\/www.encontraminasgerais.com.br\/itabira\/carlin-filho-rebate-acusacoes-de-luiz-carlos-sobre-posto-uai-e-aluguel-de-imovel-em-itabira\/"]}]},{"@type":"ImageObject","inLanguage":"pt-BR","@id":"https:\/\/www.encontraminasgerais.com.br\/itabira\/carlin-filho-rebate-acusacoes-de-luiz-carlos-sobre-posto-uai-e-aluguel-de-imovel-em-itabira\/#primaryimage","url":"https:\/\/www.encontraminasgerais.com.br\/itabira\/wp-content\/uploads\/2026\/07\/carlin-filho-rebate-acusacoes-de-luiz-carlos-sobre-posto-uai-e-aluguel-de-imovel-em-itabira.webp","contentUrl":"https:\/\/www.encontraminasgerais.com.br\/itabira\/wp-content\/uploads\/2026\/07\/carlin-filho-rebate-acusacoes-de-luiz-carlos-sobre-posto-uai-e-aluguel-de-imovel-em-itabira.webp","width":280,"height":280,"caption":"Posto UAI"},{"@type":"WebSite","@id":"https:\/\/www.encontraminasgerais.com.br\/itabira\/#website","url":"https:\/\/www.encontraminasgerais.com.br\/itabira\/","name":"Guia Comercial de Itabira MG","description":"ENCONTRA ITABIRA - O guia comercial de neg\u00f3cios e empresas, cultura e divers\u00e3o na cidade de Itabira. Feito 100% para voc\u00ea morador!","potentialAction":[{"@type":"SearchAction","target":{"@type":"EntryPoint","urlTemplate":"https:\/\/www.encontraminasgerais.com.br\/itabira\/?s={search_term_string}"},"query-input":{"@type":"PropertyValueSpecification","valueRequired":true,"valueName":"search_term_string"}}],"inLanguage":"pt-BR"},{"@type":"Person","@id":"https:\/\/www.encontraminasgerais.com.br\/itabira\/#\/schema\/person\/9ae8a8f5ce59322c92e2499b550870b0","name":"Encontra Itabira","image":{"@type":"ImageObject","inLanguage":"pt-BR","@id":"https:\/\/secure.gravatar.com\/avatar\/c50c17820bcf322f0a8fd6b110b8c0918141409dc69076470f6fca5fee70a5d4?s=96&d=mm&r=g","url":"https:\/\/secure.gravatar.com\/avatar\/c50c17820bcf322f0a8fd6b110b8c0918141409dc69076470f6fca5fee70a5d4?s=96&d=mm&r=g","contentUrl":"https:\/\/secure.gravatar.com\/avatar\/c50c17820bcf322f0a8fd6b110b8c0918141409dc69076470f6fca5fee70a5d4?s=96&d=mm&r=g","caption":"Encontra Itabira"},"url":"https:\/\/www.encontraminasgerais.com.br\/itabira\/author\/encontraitabira\/"}]}},"_links":{"self":[{"href":"https:\/\/www.encontraminasgerais.com.br\/itabira\/wp-json\/wp\/v2\/posts\/5945","targetHints":{"allow":["GET"]}}],"collection":[{"href":"https:\/\/www.encontraminasgerais.com.br\/itabira\/wp-json\/wp\/v2\/posts"}],"about":[{"href":"https:\/\/www.encontraminasgerais.com.br\/itabira\/wp-json\/wp\/v2\/types\/post"}],"author":[{"embeddable":true,"href":"https:\/\/www.encontraminasgerais.com.br\/itabira\/wp-json\/wp\/v2\/users\/1"}],"replies":[{"embeddable":true,"href":"https:\/\/www.encontraminasgerais.com.br\/itabira\/wp-json\/wp\/v2\/comments?post=5945"}],"version-history":[{"count":0,"href":"https:\/\/www.encontraminasgerais.com.br\/itabira\/wp-json\/wp\/v2\/posts\/5945\/revisions"}],"wp:featuredmedia":[{"embeddable":true,"href":"https:\/\/www.encontraminasgerais.com.br\/itabira\/wp-json\/wp\/v2\/media\/5944"}],"wp:attachment":[{"href":"https:\/\/www.encontraminasgerais.com.br\/itabira\/wp-json\/wp\/v2\/media?parent=5945"}],"wp:term":[{"taxonomy":"category","embeddable":true,"href":"https:\/\/www.encontraminasgerais.com.br\/itabira\/wp-json\/wp\/v2\/categories?post=5945"},{"taxonomy":"post_tag","embeddable":true,"href":"https:\/\/www.encontraminasgerais.com.br\/itabira\/wp-json\/wp\/v2\/tags?post=5945"}],"curies":[{"name":"wp","href":"https:\/\/api.w.org\/{rel}","templated":true}]}}