{"id":5947,"date":"2026-07-01T14:17:58","date_gmt":"2026-07-01T17:17:58","guid":{"rendered":"https:\/\/www.encontraminasgerais.com.br\/itabira\/primeira-casa-da-igualdade-racial-de-minas-gerais-e-inaugurada-em-itabira-confira\/"},"modified":"2026-07-01T14:17:58","modified_gmt":"2026-07-01T17:17:58","slug":"primeira-casa-da-igualdade-racial-de-minas-gerais-e-inaugurada-em-itabira-confira","status":"publish","type":"post","link":"https:\/\/www.encontraminasgerais.com.br\/itabira\/primeira-casa-da-igualdade-racial-de-minas-gerais-e-inaugurada-em-itabira-confira\/","title":{"rendered":"Primeira Casa da Igualdade Racial de Minas Gerais \u00e9 inaugurada em Itabira; confira"},"content":{"rendered":"<h2>O que \u00e9 a Casa da Igualdade Racial?<\/h2>\n<p>A Casa da Igualdade Racial, que foi recentemente inaugurada em Itabira, Minas Gerais, \u00e9 uma institui\u00e7\u00e3o voltada para o acolhimento e apoio a pessoas que enfrentam situa\u00e7\u00f5es de discrimina\u00e7\u00e3o racial. O principal objetivo desse espa\u00e7o \u00e9 atuar como uma plataforma de suporte jur\u00eddico, social e psicol\u00f3gico para v\u00edtimas de racismo. Ela tamb\u00e9m se prop\u00f5e a desenvolver a\u00e7\u00f5es de forma\u00e7\u00e3o e promover a valoriza\u00e7\u00e3o da popula\u00e7\u00e3o negra na regi\u00e3o.<\/p>\n<h2>Servi\u00e7os Oferecidos na Casa<\/h2>\n<p>Dentre os servi\u00e7os dispon\u00edveis na Casa da Igualdade Racial, destacam-se:<\/p>\n<ul>\n<li><strong>Acolhimento:<\/strong> Atendimento a v\u00edtimas de discrimina\u00e7\u00e3o racial, proporcionando um ambiente seguro e acolhedor.<\/li>\n<li><strong>Orienta\u00e7\u00e3o Jur\u00eddica:<\/strong> Assessoria para indiv\u00edduos que desejam buscar a justi\u00e7a em casos de racismo.<\/li>\n<li><strong>Assist\u00eancia Social:<\/strong> Suporte a necessidades sociais das v\u00edtimas, ajudando a conectar com servi\u00e7os locais.<\/li>\n<li><strong>Apoio Psicol\u00f3gico:<\/strong> Atendimento psicol\u00f3gico para ajudar no enfrentamento das consequ\u00eancias emocionais da discrimina\u00e7\u00e3o.<\/li>\n<li><strong>A\u00e7\u00f5es de Forma\u00e7\u00e3o:<\/strong> Programas educacionais que visam fortalecer a consci\u00eancia sobre igualdade racial e direitos humanos.<\/li>\n<\/ul>\n<h2>A Inaugura\u00e7\u00e3o e Seus Significados<\/h2>\n<p>A cerim\u00f4nia de inaugura\u00e7\u00e3o da Casa da Igualdade Racial em Itabira foi realizada com a presen\u00e7a de importantes autoridades, incluindo o prefeito da cidade e a ministra da Igualdade Racial. Durante o evento, foram enfatizados os significados hist\u00f3ricos e sociais da casa, que n\u00e3o s\u00f3 representa um espa\u00e7o f\u00edsico, mas tamb\u00e9m um s\u00edmbolo de luta e resist\u00eancia contra o racismo. O prefeito destacou a hist\u00f3ria de Itabira como um centro de minera\u00e7\u00e3o, onde a contribui\u00e7\u00e3o da popula\u00e7\u00e3o negra sempre foi fundamental.<\/p>\n<p><img decoding=\"async\" src=\"https:\/\/www.encontraminasgerais.com.br\/itabira\/wp-content\/uploads\/2026\/07\/primeira-casa-da-igualdade-racial-de-minas-gerais-e-inaugurada-em-itabira-confira.webp\" alt=\"Casa da Igualdade Racial\" loading=\"lazy\" \/><\/p>\n<h2>Import\u00e2ncia da Igualdade Racial em Itabira<\/h2>\n<p>A luta pela igualdade racial \u00e9 extremamente significativa em munic\u00edpios como Itabira, onde a presen\u00e7a de comunidades quilombolas e a hist\u00f3ria de trabalho da popula\u00e7\u00e3o negra est\u00e3o profundamente enraizadas. A Casa da Igualdade Racial tem um papel crucial na promo\u00e7\u00e3o da conscientiza\u00e7\u00e3o sobre a hist\u00f3rica marginaliza\u00e7\u00e3o e na busca por justi\u00e7a e repara\u00e7\u00e3o. Essa iniciativa \u00e9 um passo importante para transformar a cidade em um modelo de antirracismo e equidade.<\/p>\n<h2>Depoimentos de V\u00edtimas e Representantes<\/h2>\n<p>No evento de inaugura\u00e7\u00e3o, diversas personalidades e v\u00edtimas de discrimina\u00e7\u00e3o racial compartilharam suas experi\u00eancias. Seus relatos trouxeram \u00e0 tona a necessidade urgente de espa\u00e7os como a Casa da Igualdade Racial que possam oferecer suporte e recursos. Os discursos enfatizaram a import\u00e2ncia de ouvir as vozes da comunidade e de criar um espa\u00e7o onde possam ser valorizadas e respeitadas.<\/p>\n<h2>A\u00e7\u00f5es de Forma\u00e7\u00e3o e Fortalecimento<\/h2>\n<p>A Casa tamb\u00e9m ser\u00e1 um ponto de partida para diversas a\u00e7\u00f5es educativas focadas na conscientiza\u00e7\u00e3o e forma\u00e7\u00e3o da popula\u00e7\u00e3o sobre quest\u00f5es raciais. Atrav\u00e9s de workshops, palestras e outros eventos, o local visa equipar os cidad\u00e3os com conhecimento e habilidades para lutar contra a discrimina\u00e7\u00e3o e promover a igualdade racial em suas comunidades.<\/p>\n<h2>Integra\u00e7\u00e3o com Outros Servi\u00e7os<\/h2>\n<p>Um dos aspectos mais importantes da Casa da Igualdade Racial \u00e9 a integra\u00e7\u00e3o com outras institui\u00e7\u00f5es, como \u00f3rg\u00e3os de seguran\u00e7a p\u00fablica, justi\u00e7a e assist\u00eancias sociais. Essa colabora\u00e7\u00e3o \u00e9 essencial para criar uma rede de apoio eficaz, garantindo que as v\u00edtimas recebam o suporte necess\u00e1rio de forma abrangente e coordenada. A coordenadora da Casa ressaltou que o trabalho ser\u00e1 feito em conjunto, buscando um atendimento mais eficaz e completo.<\/p>\n<h2>Resultados Esperados com a Casa<\/h2>\n<p>Entre os resultados esperados com a implementa\u00e7\u00e3o da Casa da Igualdade Racial est\u00e3o a redu\u00e7\u00e3o das situa\u00e7\u00f5es de discrimina\u00e7\u00e3o raciais, o aumento da den\u00fancia de casos e a melhoria no suporte \u00e0s v\u00edtimas. Espera-se que esse espa\u00e7o se torne um centro de refer\u00eancia em Minas Gerais, promovendo a inclus\u00e3o e a valoriza\u00e7\u00e3o da cultura negra, e, progressivamente, contribuindo para um ambiente social mais justo e igualit\u00e1rio.<\/p>\n<h2>Hist\u00f3rico do Racismo em Minas Gerais<\/h2>\n<p>Minas Gerais, ao longo de sua hist\u00f3ria, tem sido palco de profundas desigualdades raciais. A presen\u00e7a de comunidades quilombolas, as contribui\u00e7\u00f5es da popula\u00e7\u00e3o negra para a minera\u00e7\u00e3o e outras \u00e1reas do desenvolvimento do estado s\u00e3o muitas vezes esquecidas. A inaugura\u00e7\u00e3o da Casa da Igualdade Racial representa um reconhecimento dessa hist\u00f3ria, e o compromisso com a repara\u00e7\u00e3o hist\u00f3rica \u00e9 fundamental para superar as barreiras do racismo que ainda afetam muitas pessoas.<\/p>\n<h2>Pr\u00f3ximas A\u00e7\u00f5es e Projetos da Casa<\/h2>\n<p>Nos pr\u00f3ximos meses, a Casa da Igualdade Racial planeja desenvolver uma s\u00e9rie de a\u00e7\u00f5es batizadas de \u201cforma\u00e7\u00e3o de l\u00edderes comunit\u00e1rios\u201d e \u201ccirandas culturais\u201d. Essas iniciativas pretendem fortalecer o engajamento da popula\u00e7\u00e3o negra em Itabira, promovendo di\u00e1logos e a\u00e7\u00f5es que celebrem a cultura e a resist\u00eancia contra o racismo. Al\u00e9m disso, pretende-se realizar avalia\u00e7\u00f5es peri\u00f3dicas da atua\u00e7\u00e3o da Casa, assegurando que as necessidades da comunidade continuam a ser atendidas.<\/p>\n","protected":false},"excerpt":{"rendered":"<p>Casa da Igualdade Racial em Itabira inaugura apoio a v\u00edtimas de racismo.<\/p>\n","protected":false},"author":1,"featured_media":5946,"comment_status":"open","ping_status":"open","sticky":false,"template":"","format":"standard","meta":{"footnotes":""},"categories":[5],"tags":[],"class_list":["post-5947","post","type-post","status-publish","format-standard","has-post-thumbnail","hentry","category-noticias","has_thumb"],"yoast_head":"<!-- This site is optimized with the Yoast SEO plugin v28.1 - https:\/\/yoast.com\/product\/yoast-seo-wordpress\/ -->\n<title>Primeira Casa da Igualdade Racial de Minas Gerais \u00e9 inaugurada em Itabira; confira | Guia Comercial de Itabira MG<\/title>\n<meta name=\"robots\" content=\"index, follow, max-snippet:-1, max-image-preview:large, max-video-preview:-1\" \/>\n<link rel=\"canonical\" href=\"https:\/\/www.encontraminasgerais.com.br\/itabira\/primeira-casa-da-igualdade-racial-de-minas-gerais-e-inaugurada-em-itabira-confira\/\" \/>\n<meta property=\"og:locale\" content=\"pt_BR\" \/>\n<meta property=\"og:type\" content=\"article\" \/>\n<meta property=\"og:title\" content=\"Primeira Casa da Igualdade Racial de Minas Gerais \u00e9 inaugurada em Itabira; confira | Guia Comercial de Itabira MG\" \/>\n<meta property=\"og:description\" content=\"Casa da Igualdade Racial em Itabira inaugura apoio a v\u00edtimas de racismo.\" \/>\n<meta property=\"og:url\" content=\"https:\/\/www.encontraminasgerais.com.br\/itabira\/primeira-casa-da-igualdade-racial-de-minas-gerais-e-inaugurada-em-itabira-confira\/\" \/>\n<meta property=\"og:site_name\" content=\"Guia Comercial de Itabira MG\" \/>\n<meta property=\"article:published_time\" content=\"2026-07-01T17:17:58+00:00\" \/>\n<meta property=\"og:image\" content=\"https:\/\/www.encontraminasgerais.com.br\/itabira\/wp-content\/uploads\/2026\/07\/primeira-casa-da-igualdade-racial-de-minas-gerais-e-inaugurada-em-itabira-confira.webp\" \/>\n<meta name=\"author\" content=\"Encontra Itabira\" \/>\n<meta name=\"twitter:card\" content=\"summary_large_image\" \/>\n<meta name=\"twitter:label1\" content=\"Escrito por\" \/>\n\t<meta name=\"twitter:data1\" content=\"Encontra Itabira\" \/>\n\t<meta name=\"twitter:label2\" content=\"Est. tempo de leitura\" \/>\n\t<meta name=\"twitter:data2\" content=\"4 minutos\" \/>\n<script type=\"application\/ld+json\" class=\"yoast-schema-graph\">{\"@context\":\"https:\\\/\\\/schema.org\",\"@graph\":[{\"@type\":\"Article\",\"@id\":\"https:\\\/\\\/www.encontraminasgerais.com.br\\\/itabira\\\/primeira-casa-da-igualdade-racial-de-minas-gerais-e-inaugurada-em-itabira-confira\\\/#article\",\"isPartOf\":{\"@id\":\"https:\\\/\\\/www.encontraminasgerais.com.br\\\/itabira\\\/primeira-casa-da-igualdade-racial-de-minas-gerais-e-inaugurada-em-itabira-confira\\\/\"},\"author\":{\"name\":\"Encontra Itabira\",\"@id\":\"https:\\\/\\\/www.encontraminasgerais.com.br\\\/itabira\\\/#\\\/schema\\\/person\\\/9ae8a8f5ce59322c92e2499b550870b0\"},\"headline\":\"Primeira Casa da Igualdade Racial de Minas Gerais \u00e9 inaugurada em Itabira; confira\",\"datePublished\":\"2026-07-01T17:17:58+00:00\",\"mainEntityOfPage\":{\"@id\":\"https:\\\/\\\/www.encontraminasgerais.com.br\\\/itabira\\\/primeira-casa-da-igualdade-racial-de-minas-gerais-e-inaugurada-em-itabira-confira\\\/\"},\"wordCount\":868,\"commentCount\":0,\"image\":{\"@id\":\"https:\\\/\\\/www.encontraminasgerais.com.br\\\/itabira\\\/primeira-casa-da-igualdade-racial-de-minas-gerais-e-inaugurada-em-itabira-confira\\\/#primaryimage\"},\"thumbnailUrl\":\"https:\\\/\\\/www.encontraminasgerais.com.br\\\/itabira\\\/wp-content\\\/uploads\\\/2026\\\/07\\\/primeira-casa-da-igualdade-racial-de-minas-gerais-e-inaugurada-em-itabira-confira.webp\",\"articleSection\":[\"Not\u00edcias Itabira\"],\"inLanguage\":\"pt-BR\",\"potentialAction\":[{\"@type\":\"CommentAction\",\"name\":\"Comment\",\"target\":[\"https:\\\/\\\/www.encontraminasgerais.com.br\\\/itabira\\\/primeira-casa-da-igualdade-racial-de-minas-gerais-e-inaugurada-em-itabira-confira\\\/#respond\"]}]},{\"@type\":\"WebPage\",\"@id\":\"https:\\\/\\\/www.encontraminasgerais.com.br\\\/itabira\\\/primeira-casa-da-igualdade-racial-de-minas-gerais-e-inaugurada-em-itabira-confira\\\/\",\"url\":\"https:\\\/\\\/www.encontraminasgerais.com.br\\\/itabira\\\/primeira-casa-da-igualdade-racial-de-minas-gerais-e-inaugurada-em-itabira-confira\\\/\",\"name\":\"Primeira Casa da Igualdade Racial de Minas Gerais \u00e9 inaugurada em Itabira; confira | Guia Comercial de Itabira MG\",\"isPartOf\":{\"@id\":\"https:\\\/\\\/www.encontraminasgerais.com.br\\\/itabira\\\/#website\"},\"primaryImageOfPage\":{\"@id\":\"https:\\\/\\\/www.encontraminasgerais.com.br\\\/itabira\\\/primeira-casa-da-igualdade-racial-de-minas-gerais-e-inaugurada-em-itabira-confira\\\/#primaryimage\"},\"image\":{\"@id\":\"https:\\\/\\\/www.encontraminasgerais.com.br\\\/itabira\\\/primeira-casa-da-igualdade-racial-de-minas-gerais-e-inaugurada-em-itabira-confira\\\/#primaryimage\"},\"thumbnailUrl\":\"https:\\\/\\\/www.encontraminasgerais.com.br\\\/itabira\\\/wp-content\\\/uploads\\\/2026\\\/07\\\/primeira-casa-da-igualdade-racial-de-minas-gerais-e-inaugurada-em-itabira-confira.webp\",\"datePublished\":\"2026-07-01T17:17:58+00:00\",\"author\":{\"@id\":\"https:\\\/\\\/www.encontraminasgerais.com.br\\\/itabira\\\/#\\\/schema\\\/person\\\/9ae8a8f5ce59322c92e2499b550870b0\"},\"inLanguage\":\"pt-BR\",\"potentialAction\":[{\"@type\":\"ReadAction\",\"target\":[\"https:\\\/\\\/www.encontraminasgerais.com.br\\\/itabira\\\/primeira-casa-da-igualdade-racial-de-minas-gerais-e-inaugurada-em-itabira-confira\\\/\"]}]},{\"@type\":\"ImageObject\",\"inLanguage\":\"pt-BR\",\"@id\":\"https:\\\/\\\/www.encontraminasgerais.com.br\\\/itabira\\\/primeira-casa-da-igualdade-racial-de-minas-gerais-e-inaugurada-em-itabira-confira\\\/#primaryimage\",\"url\":\"https:\\\/\\\/www.encontraminasgerais.com.br\\\/itabira\\\/wp-content\\\/uploads\\\/2026\\\/07\\\/primeira-casa-da-igualdade-racial-de-minas-gerais-e-inaugurada-em-itabira-confira.webp\",\"contentUrl\":\"https:\\\/\\\/www.encontraminasgerais.com.br\\\/itabira\\\/wp-content\\\/uploads\\\/2026\\\/07\\\/primeira-casa-da-igualdade-racial-de-minas-gerais-e-inaugurada-em-itabira-confira.webp\",\"width\":280,\"height\":280,\"caption\":\"Casa da Igualdade Racial\"},{\"@type\":\"WebSite\",\"@id\":\"https:\\\/\\\/www.encontraminasgerais.com.br\\\/itabira\\\/#website\",\"url\":\"https:\\\/\\\/www.encontraminasgerais.com.br\\\/itabira\\\/\",\"name\":\"Guia Comercial de Itabira MG\",\"description\":\"ENCONTRA ITABIRA - O guia comercial de neg\u00f3cios e empresas, cultura e divers\u00e3o na cidade de Itabira. Feito 100% para voc\u00ea morador!\",\"potentialAction\":[{\"@type\":\"SearchAction\",\"target\":{\"@type\":\"EntryPoint\",\"urlTemplate\":\"https:\\\/\\\/www.encontraminasgerais.com.br\\\/itabira\\\/?s={search_term_string}\"},\"query-input\":{\"@type\":\"PropertyValueSpecification\",\"valueRequired\":true,\"valueName\":\"search_term_string\"}}],\"inLanguage\":\"pt-BR\"},{\"@type\":\"Person\",\"@id\":\"https:\\\/\\\/www.encontraminasgerais.com.br\\\/itabira\\\/#\\\/schema\\\/person\\\/9ae8a8f5ce59322c92e2499b550870b0\",\"name\":\"Encontra Itabira\",\"image\":{\"@type\":\"ImageObject\",\"inLanguage\":\"pt-BR\",\"@id\":\"https:\\\/\\\/secure.gravatar.com\\\/avatar\\\/c50c17820bcf322f0a8fd6b110b8c0918141409dc69076470f6fca5fee70a5d4?s=96&d=mm&r=g\",\"url\":\"https:\\\/\\\/secure.gravatar.com\\\/avatar\\\/c50c17820bcf322f0a8fd6b110b8c0918141409dc69076470f6fca5fee70a5d4?s=96&d=mm&r=g\",\"contentUrl\":\"https:\\\/\\\/secure.gravatar.com\\\/avatar\\\/c50c17820bcf322f0a8fd6b110b8c0918141409dc69076470f6fca5fee70a5d4?s=96&d=mm&r=g\",\"caption\":\"Encontra Itabira\"},\"url\":\"https:\\\/\\\/www.encontraminasgerais.com.br\\\/itabira\\\/author\\\/encontraitabira\\\/\"}]}<\/script>\n<!-- \/ Yoast SEO plugin. -->","yoast_head_json":{"title":"Primeira Casa da Igualdade Racial de Minas Gerais \u00e9 inaugurada em Itabira; confira | Guia Comercial de Itabira MG","robots":{"index":"index","follow":"follow","max-snippet":"max-snippet:-1","max-image-preview":"max-image-preview:large","max-video-preview":"max-video-preview:-1"},"canonical":"https:\/\/www.encontraminasgerais.com.br\/itabira\/primeira-casa-da-igualdade-racial-de-minas-gerais-e-inaugurada-em-itabira-confira\/","og_locale":"pt_BR","og_type":"article","og_title":"Primeira Casa da Igualdade Racial de Minas Gerais \u00e9 inaugurada em Itabira; confira | Guia Comercial de Itabira MG","og_description":"Casa da Igualdade Racial em Itabira inaugura apoio a v\u00edtimas de racismo.","og_url":"https:\/\/www.encontraminasgerais.com.br\/itabira\/primeira-casa-da-igualdade-racial-de-minas-gerais-e-inaugurada-em-itabira-confira\/","og_site_name":"Guia Comercial de Itabira MG","article_published_time":"2026-07-01T17:17:58+00:00","og_image":[{"url":"https:\/\/www.encontraminasgerais.com.br\/itabira\/wp-content\/uploads\/2026\/07\/primeira-casa-da-igualdade-racial-de-minas-gerais-e-inaugurada-em-itabira-confira.webp","type":"","width":"","height":""}],"author":"Encontra Itabira","twitter_card":"summary_large_image","twitter_misc":{"Escrito por":"Encontra Itabira","Est. tempo de leitura":"4 minutos"},"schema":{"@context":"https:\/\/schema.org","@graph":[{"@type":"Article","@id":"https:\/\/www.encontraminasgerais.com.br\/itabira\/primeira-casa-da-igualdade-racial-de-minas-gerais-e-inaugurada-em-itabira-confira\/#article","isPartOf":{"@id":"https:\/\/www.encontraminasgerais.com.br\/itabira\/primeira-casa-da-igualdade-racial-de-minas-gerais-e-inaugurada-em-itabira-confira\/"},"author":{"name":"Encontra Itabira","@id":"https:\/\/www.encontraminasgerais.com.br\/itabira\/#\/schema\/person\/9ae8a8f5ce59322c92e2499b550870b0"},"headline":"Primeira Casa da Igualdade Racial de Minas Gerais \u00e9 inaugurada em Itabira; confira","datePublished":"2026-07-01T17:17:58+00:00","mainEntityOfPage":{"@id":"https:\/\/www.encontraminasgerais.com.br\/itabira\/primeira-casa-da-igualdade-racial-de-minas-gerais-e-inaugurada-em-itabira-confira\/"},"wordCount":868,"commentCount":0,"image":{"@id":"https:\/\/www.encontraminasgerais.com.br\/itabira\/primeira-casa-da-igualdade-racial-de-minas-gerais-e-inaugurada-em-itabira-confira\/#primaryimage"},"thumbnailUrl":"https:\/\/www.encontraminasgerais.com.br\/itabira\/wp-content\/uploads\/2026\/07\/primeira-casa-da-igualdade-racial-de-minas-gerais-e-inaugurada-em-itabira-confira.webp","articleSection":["Not\u00edcias Itabira"],"inLanguage":"pt-BR","potentialAction":[{"@type":"CommentAction","name":"Comment","target":["https:\/\/www.encontraminasgerais.com.br\/itabira\/primeira-casa-da-igualdade-racial-de-minas-gerais-e-inaugurada-em-itabira-confira\/#respond"]}]},{"@type":"WebPage","@id":"https:\/\/www.encontraminasgerais.com.br\/itabira\/primeira-casa-da-igualdade-racial-de-minas-gerais-e-inaugurada-em-itabira-confira\/","url":"https:\/\/www.encontraminasgerais.com.br\/itabira\/primeira-casa-da-igualdade-racial-de-minas-gerais-e-inaugurada-em-itabira-confira\/","name":"Primeira Casa da Igualdade Racial de Minas Gerais \u00e9 inaugurada em Itabira; confira | Guia Comercial de Itabira MG","isPartOf":{"@id":"https:\/\/www.encontraminasgerais.com.br\/itabira\/#website"},"primaryImageOfPage":{"@id":"https:\/\/www.encontraminasgerais.com.br\/itabira\/primeira-casa-da-igualdade-racial-de-minas-gerais-e-inaugurada-em-itabira-confira\/#primaryimage"},"image":{"@id":"https:\/\/www.encontraminasgerais.com.br\/itabira\/primeira-casa-da-igualdade-racial-de-minas-gerais-e-inaugurada-em-itabira-confira\/#primaryimage"},"thumbnailUrl":"https:\/\/www.encontraminasgerais.com.br\/itabira\/wp-content\/uploads\/2026\/07\/primeira-casa-da-igualdade-racial-de-minas-gerais-e-inaugurada-em-itabira-confira.webp","datePublished":"2026-07-01T17:17:58+00:00","author":{"@id":"https:\/\/www.encontraminasgerais.com.br\/itabira\/#\/schema\/person\/9ae8a8f5ce59322c92e2499b550870b0"},"inLanguage":"pt-BR","potentialAction":[{"@type":"ReadAction","target":["https:\/\/www.encontraminasgerais.com.br\/itabira\/primeira-casa-da-igualdade-racial-de-minas-gerais-e-inaugurada-em-itabira-confira\/"]}]},{"@type":"ImageObject","inLanguage":"pt-BR","@id":"https:\/\/www.encontraminasgerais.com.br\/itabira\/primeira-casa-da-igualdade-racial-de-minas-gerais-e-inaugurada-em-itabira-confira\/#primaryimage","url":"https:\/\/www.encontraminasgerais.com.br\/itabira\/wp-content\/uploads\/2026\/07\/primeira-casa-da-igualdade-racial-de-minas-gerais-e-inaugurada-em-itabira-confira.webp","contentUrl":"https:\/\/www.encontraminasgerais.com.br\/itabira\/wp-content\/uploads\/2026\/07\/primeira-casa-da-igualdade-racial-de-minas-gerais-e-inaugurada-em-itabira-confira.webp","width":280,"height":280,"caption":"Casa da Igualdade Racial"},{"@type":"WebSite","@id":"https:\/\/www.encontraminasgerais.com.br\/itabira\/#website","url":"https:\/\/www.encontraminasgerais.com.br\/itabira\/","name":"Guia Comercial de Itabira MG","description":"ENCONTRA ITABIRA - O guia comercial de neg\u00f3cios e empresas, cultura e divers\u00e3o na cidade de Itabira. Feito 100% para voc\u00ea morador!","potentialAction":[{"@type":"SearchAction","target":{"@type":"EntryPoint","urlTemplate":"https:\/\/www.encontraminasgerais.com.br\/itabira\/?s={search_term_string}"},"query-input":{"@type":"PropertyValueSpecification","valueRequired":true,"valueName":"search_term_string"}}],"inLanguage":"pt-BR"},{"@type":"Person","@id":"https:\/\/www.encontraminasgerais.com.br\/itabira\/#\/schema\/person\/9ae8a8f5ce59322c92e2499b550870b0","name":"Encontra Itabira","image":{"@type":"ImageObject","inLanguage":"pt-BR","@id":"https:\/\/secure.gravatar.com\/avatar\/c50c17820bcf322f0a8fd6b110b8c0918141409dc69076470f6fca5fee70a5d4?s=96&d=mm&r=g","url":"https:\/\/secure.gravatar.com\/avatar\/c50c17820bcf322f0a8fd6b110b8c0918141409dc69076470f6fca5fee70a5d4?s=96&d=mm&r=g","contentUrl":"https:\/\/secure.gravatar.com\/avatar\/c50c17820bcf322f0a8fd6b110b8c0918141409dc69076470f6fca5fee70a5d4?s=96&d=mm&r=g","caption":"Encontra Itabira"},"url":"https:\/\/www.encontraminasgerais.com.br\/itabira\/author\/encontraitabira\/"}]}},"_links":{"self":[{"href":"https:\/\/www.encontraminasgerais.com.br\/itabira\/wp-json\/wp\/v2\/posts\/5947","targetHints":{"allow":["GET"]}}],"collection":[{"href":"https:\/\/www.encontraminasgerais.com.br\/itabira\/wp-json\/wp\/v2\/posts"}],"about":[{"href":"https:\/\/www.encontraminasgerais.com.br\/itabira\/wp-json\/wp\/v2\/types\/post"}],"author":[{"embeddable":true,"href":"https:\/\/www.encontraminasgerais.com.br\/itabira\/wp-json\/wp\/v2\/users\/1"}],"replies":[{"embeddable":true,"href":"https:\/\/www.encontraminasgerais.com.br\/itabira\/wp-json\/wp\/v2\/comments?post=5947"}],"version-history":[{"count":0,"href":"https:\/\/www.encontraminasgerais.com.br\/itabira\/wp-json\/wp\/v2\/posts\/5947\/revisions"}],"wp:featuredmedia":[{"embeddable":true,"href":"https:\/\/www.encontraminasgerais.com.br\/itabira\/wp-json\/wp\/v2\/media\/5946"}],"wp:attachment":[{"href":"https:\/\/www.encontraminasgerais.com.br\/itabira\/wp-json\/wp\/v2\/media?parent=5947"}],"wp:term":[{"taxonomy":"category","embeddable":true,"href":"https:\/\/www.encontraminasgerais.com.br\/itabira\/wp-json\/wp\/v2\/categories?post=5947"},{"taxonomy":"post_tag","embeddable":true,"href":"https:\/\/www.encontraminasgerais.com.br\/itabira\/wp-json\/wp\/v2\/tags?post=5947"}],"curies":[{"name":"wp","href":"https:\/\/api.w.org\/{rel}","templated":true}]}}