{"id":5949,"date":"2026-07-02T11:38:38","date_gmt":"2026-07-02T14:38:38","guid":{"rendered":"https:\/\/www.encontraminasgerais.com.br\/itabira\/bom-dia-destaca-nascer-do-sol\/"},"modified":"2026-07-02T11:38:38","modified_gmt":"2026-07-02T14:38:38","slug":"bom-dia-destaca-nascer-do-sol","status":"publish","type":"post","link":"https:\/\/www.encontraminasgerais.com.br\/itabira\/bom-dia-destaca-nascer-do-sol\/","title":{"rendered":"Bom Dia destaca nascer do sol"},"content":{"rendered":"<h2>A Magia do Nascer do Sol<\/h2>\n<p>O amanhecer \u00e9 um fen\u00f4meno que encanta e fascina as pessoas em todo o mundo. A luz suave que se espalha pelo c\u00e9u, revelando gradualmente as formas do horizonte, traz uma sensa\u00e7\u00e3o de renova\u00e7\u00e3o e esperan\u00e7a. Este espet\u00e1culo da natureza, onde o dia se inicia, simboliza novas oportunidades e um recome\u00e7o. Cada amanhecer apresenta uma paleta diferente de cores, desde tons de rosa e laranja at\u00e9 azul e dourado, criando um quadro vibrante que captura a aten\u00e7\u00e3o de todos.<\/p>\n<h2>Imagens Ao Vivo: Uma Janela Para a Natureza<\/h2>\n<p>Ao presenciar o surgimento do sol, muitos recorrem \u00e0s c\u00e2meras para registrar esse momento incr\u00edvel. Imagens ao vivo que capturam o nascer do sol n\u00e3o apenas mostram a beleza da natureza, mas tamb\u00e9m criam uma conex\u00e3o com aqueles que observam. Com as tecnologias de transmiss\u00e3o de v\u00eddeo, agora \u00e9 poss\u00edvel acompanhar o amanhecer em diferentes partes do mundo, permitindo que pessoas se sintam mais pr\u00f3ximas da beleza natural, independentemente de onde estejam.<\/p>\n<h2>Como o Amanhecer Influencia Nossas Emo\u00e7\u00f5es<\/h2>\n<p>O ato de observar o nascer do sol pode ter um impacto profundo em nossas emo\u00e7\u00f5es. Para muitos, esse momento \u00e9 um convite \u00e0 reflex\u00e3o e \u00e0 tranquilidade. Estudos mostram que a luz da manh\u00e3 tem efeitos positivos na produ\u00e7\u00e3o de serotonina, o horm\u00f4nio do bem-estar, o que pode ajudar a melhorar o humor e combater a depress\u00e3o. Al\u00e9m disso, o contato com a natureza pela manh\u00e3 pode proporcionar uma sensa\u00e7\u00e3o de paz interior, ajudando a iniciar o dia com uma perspectiva positiva.<\/p>\n<p><img decoding=\"async\" src=\"https:\/\/www.encontraminasgerais.com.br\/itabira\/wp-content\/uploads\/2026\/07\/bom-dia-destaca-nascer-do-sol.webp\" alt=\"nascer do sol\" loading=\"lazy\" \/><\/p>\n<h2>A Import\u00e2ncia da Manh\u00e3 para um Dia Produtivo<\/h2>\n<p>A manh\u00e3 \u00e9 um per\u00edodo crucial para estabelecer o tom do dia. Quando nos permitimos saborear um amanhecer tranquilo, temos a chance de planejar as atividades do dia com mais clareza e foco. Muitas pessoas que adotam rotinas matinais eficazes relatam um aumento na produtividade. Seja atrav\u00e9s da medita\u00e7\u00e3o, exerc\u00edcio f\u00edsico ou uma refei\u00e7\u00e3o saud\u00e1vel, essas atividades ajudam a otimizar a performance ao longo do dia.<\/p>\n<h2>Rituais Matinais para Come\u00e7ar Bem o Dia<\/h2>\n<p>Estabelecer rituais matinais pode ser uma maneira eficaz de iniciar o dia com energia. Algumas pr\u00e1ticas que podem ser inclu\u00eddas na sua rotina s\u00e3o:<\/p>\n<ul>\n<li><strong>Medita\u00e7\u00e3o:<\/strong> Uma breve medita\u00e7\u00e3o pela manh\u00e3 pode ajudar a acalmar a mente e aumentar a concentra\u00e7\u00e3o.<\/li>\n<li><strong>Exerc\u00edcios F\u00edsicos:<\/strong> Seja uma corrida leve ou uma sess\u00e3o de ioga, a atividade f\u00edsica matinal ativa o corpo e a mente.<\/li>\n<li><strong>Hidrata\u00e7\u00e3o:<\/strong> Come\u00e7ar o dia bebendo \u00e1gua \u00e9 fundamental para reidratar o corpo.<\/li>\n<li><strong>Caf\u00e9 da Manh\u00e3 Nutritivo:<\/strong> Um bom caf\u00e9 da manh\u00e3 fornece a energia necess\u00e1ria para enfrentar o dia.<\/li>\n<\/ul>\n<h2>Dicas para Capturar o Amanhecer em Fotos<\/h2>\n<p>Capturar o nascer do sol em fotografias exige um pouco de planejamento e t\u00e9cnica. Aqui est\u00e3o algumas dicas para conseguir belas imagens:<\/p>\n<ul>\n<li><strong>Escolha o Local Certa:<\/strong> Um ponto alto ou uma vista limpa pode fazer toda a diferen\u00e7a nas suas fotos.<\/li>\n<li><strong>Use um Trip\u00e9:<\/strong> Para longas exposi\u00e7\u00f5es, um trip\u00e9 \u00e9 essencial.<\/li>\n<li><strong>Experimente Diferentes \u00c2ngulos:<\/strong> Testar diferentes composi\u00e7\u00f5es pode resultar em imagens \u00fanicas.<\/li>\n<li><strong>Configura\u00e7\u00f5es da C\u00e2mera:<\/strong> Ajuste a ISO e a abertura para capturar a luz suave do amanhecer.<\/li>\n<\/ul>\n<h2>O Significado Cultural do Nascer do Sol<\/h2>\n<p>A simbologia do amanhecer varia entre culturas. Em muitas tradi\u00e7\u00f5es, sua chegada est\u00e1 ligada \u00e0 esperan\u00e7a e ao renascimento. Em v\u00e1rias mitologias, o sol \u00e9 visto como um deus ou uma deidade, simbolizando a vitalidade e a for\u00e7a. Al\u00e9m disso, o amanhecer \u00e9 frequentemente retratado em obras de arte e poesia, inspirando artistas a expressar a beleza do in\u00edcio de um novo dia.<\/p>\n<h2>Como o Amanhecer Varia em Diferentes Locais<\/h2>\n<p>O nascer do sol \u00e9 um espet\u00e1culo que muda de acordo com a localiza\u00e7\u00e3o geogr\u00e1fica. Em regi\u00f5es pr\u00f3ximas ao equador, o amanhecer ocorre de maneira mais r\u00e1pida, enquanto em locais mais distantes dele, o espet\u00e1culo pode se arrastar por mais tempo. Al\u00e9m disso, fatores como clima, paisagens e a presen\u00e7a de montanhas ou oceanos influenciam na percep\u00e7\u00e3o e na apar\u00eancia desse fen\u00f4meno natural.<\/p>\n<h2>Os Efeitos da Luz da Manh\u00e3 em Nossa Sa\u00fade<\/h2>\n<p>A luz do sol tem um papel fundamental na regula\u00e7\u00e3o de nossos ritmos circadianos. Expor-se \u00e0 luz natural logo pela manh\u00e3 ajuda o corpo a ajustar seu rel\u00f3gio biol\u00f3gico, resultando em um melhor sono \u00e0 noite. Al\u00e9m disso, a luz solar \u00e9 a principal fonte de vitamina D, essencial para a sa\u00fade \u00f3ssea e imunol\u00f3gica. Portanto, um pouco de luz do amanhecer pode beneficiar nossa sa\u00fade de diversas formas.<\/p>\n<h2>Reflex\u00f5es sobre Renova\u00e7\u00e3o e Novos Come\u00e7os<\/h2>\n<p>Cada nascer do sol nos lembra que temos a oportunidade de um novo come\u00e7o. Esse momento de transi\u00e7\u00e3o entre a noite e o dia pode inspirar reflex\u00f5es sobre nossas vidas e escolhas. A simbologia do amanhecer \u00e9 um convite a deixarmos para tr\u00e1s o que n\u00e3o nos serve mais e a abra\u00e7armos novas possibilidades. Muitas pessoas encontram no amanhecer uma oportunidade de medita\u00e7\u00e3o e autoconhecimento, ouvindo seus pr\u00f3prios pensamentos e renovando suas inten\u00e7\u00f5es.<\/p>\n","protected":false},"excerpt":{"rendered":"<p>Bom Dia revela a beleza do amanhecer com imagens ao vivo impressionantes.<\/p>\n","protected":false},"author":1,"featured_media":5948,"comment_status":"open","ping_status":"open","sticky":false,"template":"","format":"standard","meta":{"footnotes":""},"categories":[5],"tags":[],"class_list":["post-5949","post","type-post","status-publish","format-standard","has-post-thumbnail","hentry","category-noticias","has_thumb"],"yoast_head":"<!-- This site is optimized with the Yoast SEO plugin v28.1 - https:\/\/yoast.com\/product\/yoast-seo-wordpress\/ -->\n<title>Bom Dia destaca nascer do sol | Guia Comercial de Itabira MG<\/title>\n<meta name=\"robots\" content=\"index, follow, max-snippet:-1, max-image-preview:large, max-video-preview:-1\" \/>\n<link rel=\"canonical\" href=\"https:\/\/www.encontraminasgerais.com.br\/itabira\/bom-dia-destaca-nascer-do-sol\/\" \/>\n<meta property=\"og:locale\" content=\"pt_BR\" \/>\n<meta property=\"og:type\" content=\"article\" \/>\n<meta property=\"og:title\" content=\"Bom Dia destaca nascer do sol | Guia Comercial de Itabira MG\" \/>\n<meta property=\"og:description\" content=\"Bom Dia revela a beleza do amanhecer com imagens ao vivo impressionantes.\" \/>\n<meta property=\"og:url\" content=\"https:\/\/www.encontraminasgerais.com.br\/itabira\/bom-dia-destaca-nascer-do-sol\/\" \/>\n<meta property=\"og:site_name\" content=\"Guia Comercial de Itabira MG\" \/>\n<meta property=\"article:published_time\" content=\"2026-07-02T14:38:38+00:00\" \/>\n<meta property=\"og:image\" content=\"https:\/\/www.encontraminasgerais.com.br\/itabira\/wp-content\/uploads\/2026\/07\/bom-dia-destaca-nascer-do-sol.webp\" \/>\n<meta name=\"author\" content=\"Encontra Itabira\" \/>\n<meta name=\"twitter:card\" content=\"summary_large_image\" \/>\n<meta name=\"twitter:label1\" content=\"Escrito por\" \/>\n\t<meta name=\"twitter:data1\" content=\"Encontra Itabira\" \/>\n\t<meta name=\"twitter:label2\" content=\"Est. tempo de leitura\" \/>\n\t<meta name=\"twitter:data2\" content=\"4 minutos\" \/>\n<script type=\"application\/ld+json\" class=\"yoast-schema-graph\">{\"@context\":\"https:\\\/\\\/schema.org\",\"@graph\":[{\"@type\":\"Article\",\"@id\":\"https:\\\/\\\/www.encontraminasgerais.com.br\\\/itabira\\\/bom-dia-destaca-nascer-do-sol\\\/#article\",\"isPartOf\":{\"@id\":\"https:\\\/\\\/www.encontraminasgerais.com.br\\\/itabira\\\/bom-dia-destaca-nascer-do-sol\\\/\"},\"author\":{\"name\":\"Encontra Itabira\",\"@id\":\"https:\\\/\\\/www.encontraminasgerais.com.br\\\/itabira\\\/#\\\/schema\\\/person\\\/9ae8a8f5ce59322c92e2499b550870b0\"},\"headline\":\"Bom Dia destaca nascer do sol\",\"datePublished\":\"2026-07-02T14:38:38+00:00\",\"mainEntityOfPage\":{\"@id\":\"https:\\\/\\\/www.encontraminasgerais.com.br\\\/itabira\\\/bom-dia-destaca-nascer-do-sol\\\/\"},\"wordCount\":889,\"commentCount\":0,\"image\":{\"@id\":\"https:\\\/\\\/www.encontraminasgerais.com.br\\\/itabira\\\/bom-dia-destaca-nascer-do-sol\\\/#primaryimage\"},\"thumbnailUrl\":\"https:\\\/\\\/www.encontraminasgerais.com.br\\\/itabira\\\/wp-content\\\/uploads\\\/2026\\\/07\\\/bom-dia-destaca-nascer-do-sol.webp\",\"articleSection\":[\"Not\u00edcias Itabira\"],\"inLanguage\":\"pt-BR\",\"potentialAction\":[{\"@type\":\"CommentAction\",\"name\":\"Comment\",\"target\":[\"https:\\\/\\\/www.encontraminasgerais.com.br\\\/itabira\\\/bom-dia-destaca-nascer-do-sol\\\/#respond\"]}]},{\"@type\":\"WebPage\",\"@id\":\"https:\\\/\\\/www.encontraminasgerais.com.br\\\/itabira\\\/bom-dia-destaca-nascer-do-sol\\\/\",\"url\":\"https:\\\/\\\/www.encontraminasgerais.com.br\\\/itabira\\\/bom-dia-destaca-nascer-do-sol\\\/\",\"name\":\"Bom Dia destaca nascer do sol | Guia Comercial de Itabira MG\",\"isPartOf\":{\"@id\":\"https:\\\/\\\/www.encontraminasgerais.com.br\\\/itabira\\\/#website\"},\"primaryImageOfPage\":{\"@id\":\"https:\\\/\\\/www.encontraminasgerais.com.br\\\/itabira\\\/bom-dia-destaca-nascer-do-sol\\\/#primaryimage\"},\"image\":{\"@id\":\"https:\\\/\\\/www.encontraminasgerais.com.br\\\/itabira\\\/bom-dia-destaca-nascer-do-sol\\\/#primaryimage\"},\"thumbnailUrl\":\"https:\\\/\\\/www.encontraminasgerais.com.br\\\/itabira\\\/wp-content\\\/uploads\\\/2026\\\/07\\\/bom-dia-destaca-nascer-do-sol.webp\",\"datePublished\":\"2026-07-02T14:38:38+00:00\",\"author\":{\"@id\":\"https:\\\/\\\/www.encontraminasgerais.com.br\\\/itabira\\\/#\\\/schema\\\/person\\\/9ae8a8f5ce59322c92e2499b550870b0\"},\"inLanguage\":\"pt-BR\",\"potentialAction\":[{\"@type\":\"ReadAction\",\"target\":[\"https:\\\/\\\/www.encontraminasgerais.com.br\\\/itabira\\\/bom-dia-destaca-nascer-do-sol\\\/\"]}]},{\"@type\":\"ImageObject\",\"inLanguage\":\"pt-BR\",\"@id\":\"https:\\\/\\\/www.encontraminasgerais.com.br\\\/itabira\\\/bom-dia-destaca-nascer-do-sol\\\/#primaryimage\",\"url\":\"https:\\\/\\\/www.encontraminasgerais.com.br\\\/itabira\\\/wp-content\\\/uploads\\\/2026\\\/07\\\/bom-dia-destaca-nascer-do-sol.webp\",\"contentUrl\":\"https:\\\/\\\/www.encontraminasgerais.com.br\\\/itabira\\\/wp-content\\\/uploads\\\/2026\\\/07\\\/bom-dia-destaca-nascer-do-sol.webp\",\"width\":280,\"height\":280,\"caption\":\"nascer do sol\"},{\"@type\":\"WebSite\",\"@id\":\"https:\\\/\\\/www.encontraminasgerais.com.br\\\/itabira\\\/#website\",\"url\":\"https:\\\/\\\/www.encontraminasgerais.com.br\\\/itabira\\\/\",\"name\":\"Guia Comercial de Itabira MG\",\"description\":\"ENCONTRA ITABIRA - O guia comercial de neg\u00f3cios e empresas, cultura e divers\u00e3o na cidade de Itabira. Feito 100% para voc\u00ea morador!\",\"potentialAction\":[{\"@type\":\"SearchAction\",\"target\":{\"@type\":\"EntryPoint\",\"urlTemplate\":\"https:\\\/\\\/www.encontraminasgerais.com.br\\\/itabira\\\/?s={search_term_string}\"},\"query-input\":{\"@type\":\"PropertyValueSpecification\",\"valueRequired\":true,\"valueName\":\"search_term_string\"}}],\"inLanguage\":\"pt-BR\"},{\"@type\":\"Person\",\"@id\":\"https:\\\/\\\/www.encontraminasgerais.com.br\\\/itabira\\\/#\\\/schema\\\/person\\\/9ae8a8f5ce59322c92e2499b550870b0\",\"name\":\"Encontra Itabira\",\"image\":{\"@type\":\"ImageObject\",\"inLanguage\":\"pt-BR\",\"@id\":\"https:\\\/\\\/secure.gravatar.com\\\/avatar\\\/c50c17820bcf322f0a8fd6b110b8c0918141409dc69076470f6fca5fee70a5d4?s=96&d=mm&r=g\",\"url\":\"https:\\\/\\\/secure.gravatar.com\\\/avatar\\\/c50c17820bcf322f0a8fd6b110b8c0918141409dc69076470f6fca5fee70a5d4?s=96&d=mm&r=g\",\"contentUrl\":\"https:\\\/\\\/secure.gravatar.com\\\/avatar\\\/c50c17820bcf322f0a8fd6b110b8c0918141409dc69076470f6fca5fee70a5d4?s=96&d=mm&r=g\",\"caption\":\"Encontra Itabira\"},\"url\":\"https:\\\/\\\/www.encontraminasgerais.com.br\\\/itabira\\\/author\\\/encontraitabira\\\/\"}]}<\/script>\n<!-- \/ Yoast SEO plugin. -->","yoast_head_json":{"title":"Bom Dia destaca nascer do sol | Guia Comercial de Itabira MG","robots":{"index":"index","follow":"follow","max-snippet":"max-snippet:-1","max-image-preview":"max-image-preview:large","max-video-preview":"max-video-preview:-1"},"canonical":"https:\/\/www.encontraminasgerais.com.br\/itabira\/bom-dia-destaca-nascer-do-sol\/","og_locale":"pt_BR","og_type":"article","og_title":"Bom Dia destaca nascer do sol | Guia Comercial de Itabira MG","og_description":"Bom Dia revela a beleza do amanhecer com imagens ao vivo impressionantes.","og_url":"https:\/\/www.encontraminasgerais.com.br\/itabira\/bom-dia-destaca-nascer-do-sol\/","og_site_name":"Guia Comercial de Itabira MG","article_published_time":"2026-07-02T14:38:38+00:00","og_image":[{"url":"https:\/\/www.encontraminasgerais.com.br\/itabira\/wp-content\/uploads\/2026\/07\/bom-dia-destaca-nascer-do-sol.webp","type":"","width":"","height":""}],"author":"Encontra Itabira","twitter_card":"summary_large_image","twitter_misc":{"Escrito por":"Encontra Itabira","Est. tempo de leitura":"4 minutos"},"schema":{"@context":"https:\/\/schema.org","@graph":[{"@type":"Article","@id":"https:\/\/www.encontraminasgerais.com.br\/itabira\/bom-dia-destaca-nascer-do-sol\/#article","isPartOf":{"@id":"https:\/\/www.encontraminasgerais.com.br\/itabira\/bom-dia-destaca-nascer-do-sol\/"},"author":{"name":"Encontra Itabira","@id":"https:\/\/www.encontraminasgerais.com.br\/itabira\/#\/schema\/person\/9ae8a8f5ce59322c92e2499b550870b0"},"headline":"Bom Dia destaca nascer do sol","datePublished":"2026-07-02T14:38:38+00:00","mainEntityOfPage":{"@id":"https:\/\/www.encontraminasgerais.com.br\/itabira\/bom-dia-destaca-nascer-do-sol\/"},"wordCount":889,"commentCount":0,"image":{"@id":"https:\/\/www.encontraminasgerais.com.br\/itabira\/bom-dia-destaca-nascer-do-sol\/#primaryimage"},"thumbnailUrl":"https:\/\/www.encontraminasgerais.com.br\/itabira\/wp-content\/uploads\/2026\/07\/bom-dia-destaca-nascer-do-sol.webp","articleSection":["Not\u00edcias Itabira"],"inLanguage":"pt-BR","potentialAction":[{"@type":"CommentAction","name":"Comment","target":["https:\/\/www.encontraminasgerais.com.br\/itabira\/bom-dia-destaca-nascer-do-sol\/#respond"]}]},{"@type":"WebPage","@id":"https:\/\/www.encontraminasgerais.com.br\/itabira\/bom-dia-destaca-nascer-do-sol\/","url":"https:\/\/www.encontraminasgerais.com.br\/itabira\/bom-dia-destaca-nascer-do-sol\/","name":"Bom Dia destaca nascer do sol | Guia Comercial de Itabira MG","isPartOf":{"@id":"https:\/\/www.encontraminasgerais.com.br\/itabira\/#website"},"primaryImageOfPage":{"@id":"https:\/\/www.encontraminasgerais.com.br\/itabira\/bom-dia-destaca-nascer-do-sol\/#primaryimage"},"image":{"@id":"https:\/\/www.encontraminasgerais.com.br\/itabira\/bom-dia-destaca-nascer-do-sol\/#primaryimage"},"thumbnailUrl":"https:\/\/www.encontraminasgerais.com.br\/itabira\/wp-content\/uploads\/2026\/07\/bom-dia-destaca-nascer-do-sol.webp","datePublished":"2026-07-02T14:38:38+00:00","author":{"@id":"https:\/\/www.encontraminasgerais.com.br\/itabira\/#\/schema\/person\/9ae8a8f5ce59322c92e2499b550870b0"},"inLanguage":"pt-BR","potentialAction":[{"@type":"ReadAction","target":["https:\/\/www.encontraminasgerais.com.br\/itabira\/bom-dia-destaca-nascer-do-sol\/"]}]},{"@type":"ImageObject","inLanguage":"pt-BR","@id":"https:\/\/www.encontraminasgerais.com.br\/itabira\/bom-dia-destaca-nascer-do-sol\/#primaryimage","url":"https:\/\/www.encontraminasgerais.com.br\/itabira\/wp-content\/uploads\/2026\/07\/bom-dia-destaca-nascer-do-sol.webp","contentUrl":"https:\/\/www.encontraminasgerais.com.br\/itabira\/wp-content\/uploads\/2026\/07\/bom-dia-destaca-nascer-do-sol.webp","width":280,"height":280,"caption":"nascer do sol"},{"@type":"WebSite","@id":"https:\/\/www.encontraminasgerais.com.br\/itabira\/#website","url":"https:\/\/www.encontraminasgerais.com.br\/itabira\/","name":"Guia Comercial de Itabira MG","description":"ENCONTRA ITABIRA - O guia comercial de neg\u00f3cios e empresas, cultura e divers\u00e3o na cidade de Itabira. Feito 100% para voc\u00ea morador!","potentialAction":[{"@type":"SearchAction","target":{"@type":"EntryPoint","urlTemplate":"https:\/\/www.encontraminasgerais.com.br\/itabira\/?s={search_term_string}"},"query-input":{"@type":"PropertyValueSpecification","valueRequired":true,"valueName":"search_term_string"}}],"inLanguage":"pt-BR"},{"@type":"Person","@id":"https:\/\/www.encontraminasgerais.com.br\/itabira\/#\/schema\/person\/9ae8a8f5ce59322c92e2499b550870b0","name":"Encontra Itabira","image":{"@type":"ImageObject","inLanguage":"pt-BR","@id":"https:\/\/secure.gravatar.com\/avatar\/c50c17820bcf322f0a8fd6b110b8c0918141409dc69076470f6fca5fee70a5d4?s=96&d=mm&r=g","url":"https:\/\/secure.gravatar.com\/avatar\/c50c17820bcf322f0a8fd6b110b8c0918141409dc69076470f6fca5fee70a5d4?s=96&d=mm&r=g","contentUrl":"https:\/\/secure.gravatar.com\/avatar\/c50c17820bcf322f0a8fd6b110b8c0918141409dc69076470f6fca5fee70a5d4?s=96&d=mm&r=g","caption":"Encontra Itabira"},"url":"https:\/\/www.encontraminasgerais.com.br\/itabira\/author\/encontraitabira\/"}]}},"_links":{"self":[{"href":"https:\/\/www.encontraminasgerais.com.br\/itabira\/wp-json\/wp\/v2\/posts\/5949","targetHints":{"allow":["GET"]}}],"collection":[{"href":"https:\/\/www.encontraminasgerais.com.br\/itabira\/wp-json\/wp\/v2\/posts"}],"about":[{"href":"https:\/\/www.encontraminasgerais.com.br\/itabira\/wp-json\/wp\/v2\/types\/post"}],"author":[{"embeddable":true,"href":"https:\/\/www.encontraminasgerais.com.br\/itabira\/wp-json\/wp\/v2\/users\/1"}],"replies":[{"embeddable":true,"href":"https:\/\/www.encontraminasgerais.com.br\/itabira\/wp-json\/wp\/v2\/comments?post=5949"}],"version-history":[{"count":0,"href":"https:\/\/www.encontraminasgerais.com.br\/itabira\/wp-json\/wp\/v2\/posts\/5949\/revisions"}],"wp:featuredmedia":[{"embeddable":true,"href":"https:\/\/www.encontraminasgerais.com.br\/itabira\/wp-json\/wp\/v2\/media\/5948"}],"wp:attachment":[{"href":"https:\/\/www.encontraminasgerais.com.br\/itabira\/wp-json\/wp\/v2\/media?parent=5949"}],"wp:term":[{"taxonomy":"category","embeddable":true,"href":"https:\/\/www.encontraminasgerais.com.br\/itabira\/wp-json\/wp\/v2\/categories?post=5949"},{"taxonomy":"post_tag","embeddable":true,"href":"https:\/\/www.encontraminasgerais.com.br\/itabira\/wp-json\/wp\/v2\/tags?post=5949"}],"curies":[{"name":"wp","href":"https:\/\/api.w.org\/{rel}","templated":true}]}}