{"id":5953,"date":"2026-07-02T11:41:52","date_gmt":"2026-07-02T14:41:52","guid":{"rendered":"https:\/\/www.encontraminasgerais.com.br\/itabira\/primeira-casa-da-igualdade-racial-de-minas-gerais-e-inaugurada-em-itabira\/"},"modified":"2026-07-02T11:41:52","modified_gmt":"2026-07-02T14:41:52","slug":"primeira-casa-da-igualdade-racial-de-minas-gerais-e-inaugurada-em-itabira","status":"publish","type":"post","link":"https:\/\/www.encontraminasgerais.com.br\/itabira\/primeira-casa-da-igualdade-racial-de-minas-gerais-e-inaugurada-em-itabira\/","title":{"rendered":"Primeira Casa da Igualdade Racial de Minas Gerais \u00e9 inaugurada em Itabira"},"content":{"rendered":"<h2>O que \u00e9 a Casa da Igualdade Racial?<\/h2>\n<p>A Casa da Igualdade Racial \u00e9 uma iniciativa p\u00fablica criada para promover a equidade racial e proporcionar apoio a pessoas que enfrentam discrimina\u00e7\u00e3o racial. Essa unidade, agora em funcionamento em Itabira, Minas Gerais, representa um espa\u00e7o de acolhimento e atendimento voltado para v\u00edtimas de racismo, oferecendo uma variedade de servi\u00e7os essenciais.<\/p>\n<h2>Import\u00e2ncia do Acolhimento para V\u00edtimas de Racismo<\/h2>\n<p>O acolhimento \u00e9 crucial para v\u00edtimas de racismo, uma vez que esses indiv\u00edduos frequentemente enfrentam n\u00e3o apenas a discrimina\u00e7\u00e3o social, mas tamb\u00e9m traumas emocionais e psicol\u00f3gicos. Ao oferecer um ambiente seguro, a Casa da Igualdade Racial atua como um ponto de suporte e recupera\u00e7\u00e3o, ajudando a restaurar a dignidade e a autoestima de quem foi prejudicado por preconceito. Al\u00e9m disso, esse acolhimento \u00e9 uma valida\u00e7\u00e3o das experi\u00eancias vividas, mostrando que as dores e dificuldades enfrentadas pela popula\u00e7\u00e3o negra s\u00e3o reconhecidas e dignas de aten\u00e7\u00e3o.<\/p>\n<h2>Servi\u00e7os Oferecidos pela Nova Casa<\/h2>\n<p>A Casa da Igualdade Racial proporciona uma ampla gama de servi\u00e7os, incluindo:<\/p>\n<p><img decoding=\"async\" src=\"https:\/\/www.encontraminasgerais.com.br\/itabira\/wp-content\/uploads\/2026\/07\/primeira-casa-da-igualdade-racial-de-minas-gerais-e-inaugurada-em-itabira.webp\" alt=\"Casa da Igualdade Racial\" loading=\"lazy\" \/><\/p>\n<ul>\n<li><strong>Apoio Psicol\u00f3gico:<\/strong> Onde profissionais capacitados oferecem assist\u00eancia psicol\u00f3gica para ajudar as v\u00edtimas a superar traumas.<\/li>\n<li><strong>Orienta\u00e7\u00e3o Jur\u00eddica:<\/strong> Consultoria legal para orientar sobre direitos e possibilidades de a\u00e7\u00e3o contra discrimina\u00e7\u00e3o racial.<\/li>\n<li><strong>Apoio Social:<\/strong> Informa\u00e7\u00e3o e encaminhamento para servi\u00e7os sociais dispon\u00edveis na regi\u00e3o.<\/li>\n<li><strong>Programas de Capacita\u00e7\u00e3o:<\/strong> Cursos e oficinas voltados para o desenvolvimento pessoal e profissional da popula\u00e7\u00e3o negra.<\/li>\n<\/ul>\n<h2>A Iniciativa do Minist\u00e9rio da Igualdade Racial<\/h2>\n<p>O projeto da Casa da Igualdade Racial em Itabira \u00e9 uma a\u00e7\u00e3o do Minist\u00e9rio da Igualdade Racial (MIR), que visa fortalecer pol\u00edticas p\u00fablicas de promo\u00e7\u00e3o da igualdade racial em todo o Brasil. Essa iniciativa reflete o compromisso do governo em combater a desigualdade e fomentar uma sociedade mais justa, onde todos possam ter acesso a direitos e oportunidades iguais.<\/p>\n<h2>Localiza\u00e7\u00e3o e Acesso ao Espa\u00e7o<\/h2>\n<p>A nova unidade est\u00e1 situada na Pra\u00e7a Dr. Acr\u00edsio Alvarenga, no centro de Itabira, o que facilita o acesso da popula\u00e7\u00e3o local e a torna um ponto estrat\u00e9gico para o acolhimento de v\u00edtimas de racismo e discrimina\u00e7\u00e3o. A localiza\u00e7\u00e3o central \u00e9 fundamental para garantir que as pessoas facilmente cheguem ao local e obtenham o apoio necess\u00e1rio.<\/p>\n<h2>Apoio Psicol\u00f3gico e Social Dispon\u00edvel<\/h2>\n<p>O apoio psicol\u00f3gico \u00e9 um dos pilares da Casa da Igualdade Racial, pois os profissionais atuam n\u00e3o s\u00f3 no tratamento de traumas, mas tamb\u00e9m na promo\u00e7\u00e3o da sa\u00fade mental. Com sess\u00f5es regulares e poss\u00edveis grupos de apoio, as v\u00edtimas s\u00e3o incentivadas a compartilhar suas experi\u00eancias e a construir um network de suporte entre os pares. O apoio social complementa essa ajuda, fornecendo os recursos necess\u00e1rios para acesso a v\u00e1rios servi\u00e7os p\u00fablicos e comunit\u00e1rios.<\/p>\n<h2>Educa\u00e7\u00e3o e Cultura Afro-brasileira<\/h2>\n<p>A promo\u00e7\u00e3o da cultura afro-brasileira \u00e9 outro aspecto enfatizado pela Casa da Igualdade Racial. Atrav\u00e9s de atividades educativas, os visitantes ter\u00e3o a oportunidade de aprender sobre as ra\u00edzes e contribui\u00e7\u00f5es da cultura negra no Brasil. Essas iniciativas buscam promover o respeito, a igualdade e a valoriza\u00e7\u00e3o das tradi\u00e7\u00f5es afro-brasileiras, contribuindo para a constru\u00e7\u00e3o de uma identidade mais inclusiva e justa.<\/p>\n<h2>Desenvolvimento Profissional da Popula\u00e7\u00e3o Negra<\/h2>\n<p>A Casa n\u00e3o apenas apoia o bem-estar emocional e cultural, mas tamb\u00e9m foca no desenvolvimento profissional dos indiv\u00edduos. Por meio de oficinas, cursos e programas de capacita\u00e7\u00e3o, busca-se aumentar as qualidades e habilidades da popula\u00e7\u00e3o negra, preparando-os melhor para o mercado de trabalho. Essa abordagem pode ajudar a reduzir desempregos e subempregos nesse grupo, promovendo maior equidade econ\u00f4mica.<\/p>\n<h2>Impacto na Comunidade de Itabira<\/h2>\n<p>A inaugura\u00e7\u00e3o da Casa da Igualdade Racial traz um impacto significativo para a comunidade de Itabira. Antes da cria\u00e7\u00e3o desse espa\u00e7o, muitos indiv\u00edduos que enfrentavam discrimina\u00e7\u00e3o n\u00e3o sabiam onde buscar ajuda ou apoio. Agora, essa unidade se torna um s\u00edmbolo de esperan\u00e7a e resili\u00eancia, mostrando que a luta pela igualdade \u00e9 constante e poss\u00edvel atrav\u00e9s da coletividade e do apoio m\u00fatuo.<\/p>\n<h2>Uma Contribui\u00e7\u00e3o para a Igualdade Racial<\/h2>\n<p>A Casa da Igualdade Racial n\u00e3o apenas representa a cria\u00e7\u00e3o de um espa\u00e7o f\u00edsico, mas tamb\u00e9m simboliza um passo significativo na luta cont\u00ednua por igualdade racial em Minas Gerais e no Brasil. Com o apoio de diversas pol\u00edticas p\u00fablicas e o envolvimento da comunidade, espera-se que a unidade sirva como um modelo a ser seguido em outras partes do pa\u00eds, promovendo uma sociedade onde todos sejam tratados com dignidade e respeito, independentemente de sua cor ou origem.<\/p>\n","protected":false},"excerpt":{"rendered":"<p>Casa da Igualdade Racial em Itabira promove inclus\u00e3o e acolhimento contra o racismo.<\/p>\n","protected":false},"author":1,"featured_media":5952,"comment_status":"open","ping_status":"open","sticky":false,"template":"","format":"standard","meta":{"footnotes":""},"categories":[5],"tags":[],"class_list":["post-5953","post","type-post","status-publish","format-standard","has-post-thumbnail","hentry","category-noticias","has_thumb"],"yoast_head":"<!-- This site is optimized with the Yoast SEO plugin v28.1 - https:\/\/yoast.com\/product\/yoast-seo-wordpress\/ -->\n<title>Primeira Casa da Igualdade Racial de Minas Gerais \u00e9 inaugurada em Itabira | Guia Comercial de Itabira MG<\/title>\n<meta name=\"robots\" content=\"index, follow, max-snippet:-1, max-image-preview:large, max-video-preview:-1\" \/>\n<link rel=\"canonical\" href=\"https:\/\/www.encontraminasgerais.com.br\/itabira\/primeira-casa-da-igualdade-racial-de-minas-gerais-e-inaugurada-em-itabira\/\" \/>\n<meta property=\"og:locale\" content=\"pt_BR\" \/>\n<meta property=\"og:type\" content=\"article\" \/>\n<meta property=\"og:title\" content=\"Primeira Casa da Igualdade Racial de Minas Gerais \u00e9 inaugurada em Itabira | Guia Comercial de Itabira MG\" \/>\n<meta property=\"og:description\" content=\"Casa da Igualdade Racial em Itabira promove inclus\u00e3o e acolhimento contra o racismo.\" \/>\n<meta property=\"og:url\" content=\"https:\/\/www.encontraminasgerais.com.br\/itabira\/primeira-casa-da-igualdade-racial-de-minas-gerais-e-inaugurada-em-itabira\/\" \/>\n<meta property=\"og:site_name\" content=\"Guia Comercial de Itabira MG\" \/>\n<meta property=\"article:published_time\" content=\"2026-07-02T14:41:52+00:00\" \/>\n<meta property=\"og:image\" content=\"https:\/\/www.encontraminasgerais.com.br\/itabira\/wp-content\/uploads\/2026\/07\/primeira-casa-da-igualdade-racial-de-minas-gerais-e-inaugurada-em-itabira.webp\" \/>\n<meta name=\"author\" content=\"Encontra Itabira\" \/>\n<meta name=\"twitter:card\" content=\"summary_large_image\" \/>\n<meta name=\"twitter:label1\" content=\"Escrito por\" \/>\n\t<meta name=\"twitter:data1\" content=\"Encontra Itabira\" \/>\n\t<meta name=\"twitter:label2\" content=\"Est. tempo de leitura\" \/>\n\t<meta name=\"twitter:data2\" content=\"4 minutos\" \/>\n<script type=\"application\/ld+json\" class=\"yoast-schema-graph\">{\"@context\":\"https:\\\/\\\/schema.org\",\"@graph\":[{\"@type\":\"Article\",\"@id\":\"https:\\\/\\\/www.encontraminasgerais.com.br\\\/itabira\\\/primeira-casa-da-igualdade-racial-de-minas-gerais-e-inaugurada-em-itabira\\\/#article\",\"isPartOf\":{\"@id\":\"https:\\\/\\\/www.encontraminasgerais.com.br\\\/itabira\\\/primeira-casa-da-igualdade-racial-de-minas-gerais-e-inaugurada-em-itabira\\\/\"},\"author\":{\"name\":\"Encontra Itabira\",\"@id\":\"https:\\\/\\\/www.encontraminasgerais.com.br\\\/itabira\\\/#\\\/schema\\\/person\\\/9ae8a8f5ce59322c92e2499b550870b0\"},\"headline\":\"Primeira Casa da Igualdade Racial de Minas Gerais \u00e9 inaugurada em Itabira\",\"datePublished\":\"2026-07-02T14:41:52+00:00\",\"mainEntityOfPage\":{\"@id\":\"https:\\\/\\\/www.encontraminasgerais.com.br\\\/itabira\\\/primeira-casa-da-igualdade-racial-de-minas-gerais-e-inaugurada-em-itabira\\\/\"},\"wordCount\":814,\"commentCount\":0,\"image\":{\"@id\":\"https:\\\/\\\/www.encontraminasgerais.com.br\\\/itabira\\\/primeira-casa-da-igualdade-racial-de-minas-gerais-e-inaugurada-em-itabira\\\/#primaryimage\"},\"thumbnailUrl\":\"https:\\\/\\\/www.encontraminasgerais.com.br\\\/itabira\\\/wp-content\\\/uploads\\\/2026\\\/07\\\/primeira-casa-da-igualdade-racial-de-minas-gerais-e-inaugurada-em-itabira.webp\",\"articleSection\":[\"Not\u00edcias Itabira\"],\"inLanguage\":\"pt-BR\",\"potentialAction\":[{\"@type\":\"CommentAction\",\"name\":\"Comment\",\"target\":[\"https:\\\/\\\/www.encontraminasgerais.com.br\\\/itabira\\\/primeira-casa-da-igualdade-racial-de-minas-gerais-e-inaugurada-em-itabira\\\/#respond\"]}]},{\"@type\":\"WebPage\",\"@id\":\"https:\\\/\\\/www.encontraminasgerais.com.br\\\/itabira\\\/primeira-casa-da-igualdade-racial-de-minas-gerais-e-inaugurada-em-itabira\\\/\",\"url\":\"https:\\\/\\\/www.encontraminasgerais.com.br\\\/itabira\\\/primeira-casa-da-igualdade-racial-de-minas-gerais-e-inaugurada-em-itabira\\\/\",\"name\":\"Primeira Casa da Igualdade Racial de Minas Gerais \u00e9 inaugurada em Itabira | Guia Comercial de Itabira MG\",\"isPartOf\":{\"@id\":\"https:\\\/\\\/www.encontraminasgerais.com.br\\\/itabira\\\/#website\"},\"primaryImageOfPage\":{\"@id\":\"https:\\\/\\\/www.encontraminasgerais.com.br\\\/itabira\\\/primeira-casa-da-igualdade-racial-de-minas-gerais-e-inaugurada-em-itabira\\\/#primaryimage\"},\"image\":{\"@id\":\"https:\\\/\\\/www.encontraminasgerais.com.br\\\/itabira\\\/primeira-casa-da-igualdade-racial-de-minas-gerais-e-inaugurada-em-itabira\\\/#primaryimage\"},\"thumbnailUrl\":\"https:\\\/\\\/www.encontraminasgerais.com.br\\\/itabira\\\/wp-content\\\/uploads\\\/2026\\\/07\\\/primeira-casa-da-igualdade-racial-de-minas-gerais-e-inaugurada-em-itabira.webp\",\"datePublished\":\"2026-07-02T14:41:52+00:00\",\"author\":{\"@id\":\"https:\\\/\\\/www.encontraminasgerais.com.br\\\/itabira\\\/#\\\/schema\\\/person\\\/9ae8a8f5ce59322c92e2499b550870b0\"},\"inLanguage\":\"pt-BR\",\"potentialAction\":[{\"@type\":\"ReadAction\",\"target\":[\"https:\\\/\\\/www.encontraminasgerais.com.br\\\/itabira\\\/primeira-casa-da-igualdade-racial-de-minas-gerais-e-inaugurada-em-itabira\\\/\"]}]},{\"@type\":\"ImageObject\",\"inLanguage\":\"pt-BR\",\"@id\":\"https:\\\/\\\/www.encontraminasgerais.com.br\\\/itabira\\\/primeira-casa-da-igualdade-racial-de-minas-gerais-e-inaugurada-em-itabira\\\/#primaryimage\",\"url\":\"https:\\\/\\\/www.encontraminasgerais.com.br\\\/itabira\\\/wp-content\\\/uploads\\\/2026\\\/07\\\/primeira-casa-da-igualdade-racial-de-minas-gerais-e-inaugurada-em-itabira.webp\",\"contentUrl\":\"https:\\\/\\\/www.encontraminasgerais.com.br\\\/itabira\\\/wp-content\\\/uploads\\\/2026\\\/07\\\/primeira-casa-da-igualdade-racial-de-minas-gerais-e-inaugurada-em-itabira.webp\",\"width\":280,\"height\":280,\"caption\":\"Casa da Igualdade Racial\"},{\"@type\":\"WebSite\",\"@id\":\"https:\\\/\\\/www.encontraminasgerais.com.br\\\/itabira\\\/#website\",\"url\":\"https:\\\/\\\/www.encontraminasgerais.com.br\\\/itabira\\\/\",\"name\":\"Guia Comercial de Itabira MG\",\"description\":\"ENCONTRA ITABIRA - O guia comercial de neg\u00f3cios e empresas, cultura e divers\u00e3o na cidade de Itabira. Feito 100% para voc\u00ea morador!\",\"potentialAction\":[{\"@type\":\"SearchAction\",\"target\":{\"@type\":\"EntryPoint\",\"urlTemplate\":\"https:\\\/\\\/www.encontraminasgerais.com.br\\\/itabira\\\/?s={search_term_string}\"},\"query-input\":{\"@type\":\"PropertyValueSpecification\",\"valueRequired\":true,\"valueName\":\"search_term_string\"}}],\"inLanguage\":\"pt-BR\"},{\"@type\":\"Person\",\"@id\":\"https:\\\/\\\/www.encontraminasgerais.com.br\\\/itabira\\\/#\\\/schema\\\/person\\\/9ae8a8f5ce59322c92e2499b550870b0\",\"name\":\"Encontra Itabira\",\"image\":{\"@type\":\"ImageObject\",\"inLanguage\":\"pt-BR\",\"@id\":\"https:\\\/\\\/secure.gravatar.com\\\/avatar\\\/c50c17820bcf322f0a8fd6b110b8c0918141409dc69076470f6fca5fee70a5d4?s=96&d=mm&r=g\",\"url\":\"https:\\\/\\\/secure.gravatar.com\\\/avatar\\\/c50c17820bcf322f0a8fd6b110b8c0918141409dc69076470f6fca5fee70a5d4?s=96&d=mm&r=g\",\"contentUrl\":\"https:\\\/\\\/secure.gravatar.com\\\/avatar\\\/c50c17820bcf322f0a8fd6b110b8c0918141409dc69076470f6fca5fee70a5d4?s=96&d=mm&r=g\",\"caption\":\"Encontra Itabira\"},\"url\":\"https:\\\/\\\/www.encontraminasgerais.com.br\\\/itabira\\\/author\\\/encontraitabira\\\/\"}]}<\/script>\n<!-- \/ Yoast SEO plugin. -->","yoast_head_json":{"title":"Primeira Casa da Igualdade Racial de Minas Gerais \u00e9 inaugurada em Itabira | Guia Comercial de Itabira MG","robots":{"index":"index","follow":"follow","max-snippet":"max-snippet:-1","max-image-preview":"max-image-preview:large","max-video-preview":"max-video-preview:-1"},"canonical":"https:\/\/www.encontraminasgerais.com.br\/itabira\/primeira-casa-da-igualdade-racial-de-minas-gerais-e-inaugurada-em-itabira\/","og_locale":"pt_BR","og_type":"article","og_title":"Primeira Casa da Igualdade Racial de Minas Gerais \u00e9 inaugurada em Itabira | Guia Comercial de Itabira MG","og_description":"Casa da Igualdade Racial em Itabira promove inclus\u00e3o e acolhimento contra o racismo.","og_url":"https:\/\/www.encontraminasgerais.com.br\/itabira\/primeira-casa-da-igualdade-racial-de-minas-gerais-e-inaugurada-em-itabira\/","og_site_name":"Guia Comercial de Itabira MG","article_published_time":"2026-07-02T14:41:52+00:00","og_image":[{"url":"https:\/\/www.encontraminasgerais.com.br\/itabira\/wp-content\/uploads\/2026\/07\/primeira-casa-da-igualdade-racial-de-minas-gerais-e-inaugurada-em-itabira.webp","type":"","width":"","height":""}],"author":"Encontra Itabira","twitter_card":"summary_large_image","twitter_misc":{"Escrito por":"Encontra Itabira","Est. tempo de leitura":"4 minutos"},"schema":{"@context":"https:\/\/schema.org","@graph":[{"@type":"Article","@id":"https:\/\/www.encontraminasgerais.com.br\/itabira\/primeira-casa-da-igualdade-racial-de-minas-gerais-e-inaugurada-em-itabira\/#article","isPartOf":{"@id":"https:\/\/www.encontraminasgerais.com.br\/itabira\/primeira-casa-da-igualdade-racial-de-minas-gerais-e-inaugurada-em-itabira\/"},"author":{"name":"Encontra Itabira","@id":"https:\/\/www.encontraminasgerais.com.br\/itabira\/#\/schema\/person\/9ae8a8f5ce59322c92e2499b550870b0"},"headline":"Primeira Casa da Igualdade Racial de Minas Gerais \u00e9 inaugurada em Itabira","datePublished":"2026-07-02T14:41:52+00:00","mainEntityOfPage":{"@id":"https:\/\/www.encontraminasgerais.com.br\/itabira\/primeira-casa-da-igualdade-racial-de-minas-gerais-e-inaugurada-em-itabira\/"},"wordCount":814,"commentCount":0,"image":{"@id":"https:\/\/www.encontraminasgerais.com.br\/itabira\/primeira-casa-da-igualdade-racial-de-minas-gerais-e-inaugurada-em-itabira\/#primaryimage"},"thumbnailUrl":"https:\/\/www.encontraminasgerais.com.br\/itabira\/wp-content\/uploads\/2026\/07\/primeira-casa-da-igualdade-racial-de-minas-gerais-e-inaugurada-em-itabira.webp","articleSection":["Not\u00edcias Itabira"],"inLanguage":"pt-BR","potentialAction":[{"@type":"CommentAction","name":"Comment","target":["https:\/\/www.encontraminasgerais.com.br\/itabira\/primeira-casa-da-igualdade-racial-de-minas-gerais-e-inaugurada-em-itabira\/#respond"]}]},{"@type":"WebPage","@id":"https:\/\/www.encontraminasgerais.com.br\/itabira\/primeira-casa-da-igualdade-racial-de-minas-gerais-e-inaugurada-em-itabira\/","url":"https:\/\/www.encontraminasgerais.com.br\/itabira\/primeira-casa-da-igualdade-racial-de-minas-gerais-e-inaugurada-em-itabira\/","name":"Primeira Casa da Igualdade Racial de Minas Gerais \u00e9 inaugurada em Itabira | Guia Comercial de Itabira MG","isPartOf":{"@id":"https:\/\/www.encontraminasgerais.com.br\/itabira\/#website"},"primaryImageOfPage":{"@id":"https:\/\/www.encontraminasgerais.com.br\/itabira\/primeira-casa-da-igualdade-racial-de-minas-gerais-e-inaugurada-em-itabira\/#primaryimage"},"image":{"@id":"https:\/\/www.encontraminasgerais.com.br\/itabira\/primeira-casa-da-igualdade-racial-de-minas-gerais-e-inaugurada-em-itabira\/#primaryimage"},"thumbnailUrl":"https:\/\/www.encontraminasgerais.com.br\/itabira\/wp-content\/uploads\/2026\/07\/primeira-casa-da-igualdade-racial-de-minas-gerais-e-inaugurada-em-itabira.webp","datePublished":"2026-07-02T14:41:52+00:00","author":{"@id":"https:\/\/www.encontraminasgerais.com.br\/itabira\/#\/schema\/person\/9ae8a8f5ce59322c92e2499b550870b0"},"inLanguage":"pt-BR","potentialAction":[{"@type":"ReadAction","target":["https:\/\/www.encontraminasgerais.com.br\/itabira\/primeira-casa-da-igualdade-racial-de-minas-gerais-e-inaugurada-em-itabira\/"]}]},{"@type":"ImageObject","inLanguage":"pt-BR","@id":"https:\/\/www.encontraminasgerais.com.br\/itabira\/primeira-casa-da-igualdade-racial-de-minas-gerais-e-inaugurada-em-itabira\/#primaryimage","url":"https:\/\/www.encontraminasgerais.com.br\/itabira\/wp-content\/uploads\/2026\/07\/primeira-casa-da-igualdade-racial-de-minas-gerais-e-inaugurada-em-itabira.webp","contentUrl":"https:\/\/www.encontraminasgerais.com.br\/itabira\/wp-content\/uploads\/2026\/07\/primeira-casa-da-igualdade-racial-de-minas-gerais-e-inaugurada-em-itabira.webp","width":280,"height":280,"caption":"Casa da Igualdade Racial"},{"@type":"WebSite","@id":"https:\/\/www.encontraminasgerais.com.br\/itabira\/#website","url":"https:\/\/www.encontraminasgerais.com.br\/itabira\/","name":"Guia Comercial de Itabira MG","description":"ENCONTRA ITABIRA - O guia comercial de neg\u00f3cios e empresas, cultura e divers\u00e3o na cidade de Itabira. Feito 100% para voc\u00ea morador!","potentialAction":[{"@type":"SearchAction","target":{"@type":"EntryPoint","urlTemplate":"https:\/\/www.encontraminasgerais.com.br\/itabira\/?s={search_term_string}"},"query-input":{"@type":"PropertyValueSpecification","valueRequired":true,"valueName":"search_term_string"}}],"inLanguage":"pt-BR"},{"@type":"Person","@id":"https:\/\/www.encontraminasgerais.com.br\/itabira\/#\/schema\/person\/9ae8a8f5ce59322c92e2499b550870b0","name":"Encontra Itabira","image":{"@type":"ImageObject","inLanguage":"pt-BR","@id":"https:\/\/secure.gravatar.com\/avatar\/c50c17820bcf322f0a8fd6b110b8c0918141409dc69076470f6fca5fee70a5d4?s=96&d=mm&r=g","url":"https:\/\/secure.gravatar.com\/avatar\/c50c17820bcf322f0a8fd6b110b8c0918141409dc69076470f6fca5fee70a5d4?s=96&d=mm&r=g","contentUrl":"https:\/\/secure.gravatar.com\/avatar\/c50c17820bcf322f0a8fd6b110b8c0918141409dc69076470f6fca5fee70a5d4?s=96&d=mm&r=g","caption":"Encontra Itabira"},"url":"https:\/\/www.encontraminasgerais.com.br\/itabira\/author\/encontraitabira\/"}]}},"_links":{"self":[{"href":"https:\/\/www.encontraminasgerais.com.br\/itabira\/wp-json\/wp\/v2\/posts\/5953","targetHints":{"allow":["GET"]}}],"collection":[{"href":"https:\/\/www.encontraminasgerais.com.br\/itabira\/wp-json\/wp\/v2\/posts"}],"about":[{"href":"https:\/\/www.encontraminasgerais.com.br\/itabira\/wp-json\/wp\/v2\/types\/post"}],"author":[{"embeddable":true,"href":"https:\/\/www.encontraminasgerais.com.br\/itabira\/wp-json\/wp\/v2\/users\/1"}],"replies":[{"embeddable":true,"href":"https:\/\/www.encontraminasgerais.com.br\/itabira\/wp-json\/wp\/v2\/comments?post=5953"}],"version-history":[{"count":0,"href":"https:\/\/www.encontraminasgerais.com.br\/itabira\/wp-json\/wp\/v2\/posts\/5953\/revisions"}],"wp:featuredmedia":[{"embeddable":true,"href":"https:\/\/www.encontraminasgerais.com.br\/itabira\/wp-json\/wp\/v2\/media\/5952"}],"wp:attachment":[{"href":"https:\/\/www.encontraminasgerais.com.br\/itabira\/wp-json\/wp\/v2\/media?parent=5953"}],"wp:term":[{"taxonomy":"category","embeddable":true,"href":"https:\/\/www.encontraminasgerais.com.br\/itabira\/wp-json\/wp\/v2\/categories?post=5953"},{"taxonomy":"post_tag","embeddable":true,"href":"https:\/\/www.encontraminasgerais.com.br\/itabira\/wp-json\/wp\/v2\/tags?post=5953"}],"curies":[{"name":"wp","href":"https:\/\/api.w.org\/{rel}","templated":true}]}}