{"id":5955,"date":"2026-07-03T13:21:24","date_gmt":"2026-07-03T16:21:24","guid":{"rendered":"https:\/\/www.encontraminasgerais.com.br\/itabira\/prefeitura-de-itabira-confirma-saida-de-natalia-lacerda-da-secretaria-de-desenvolvimento-economico-e-urbano\/"},"modified":"2026-07-03T13:21:24","modified_gmt":"2026-07-03T16:21:24","slug":"prefeitura-de-itabira-confirma-saida-de-natalia-lacerda-da-secretaria-de-desenvolvimento-economico-e-urbano","status":"publish","type":"post","link":"https:\/\/www.encontraminasgerais.com.br\/itabira\/prefeitura-de-itabira-confirma-saida-de-natalia-lacerda-da-secretaria-de-desenvolvimento-economico-e-urbano\/","title":{"rendered":"Prefeitura de Itabira confirma sa\u00edda de Nat\u00e1lia Lacerda da Secretaria de Desenvolvimento Econ\u00f4mico e Urbano"},"content":{"rendered":"<h2>O Papel de Nat\u00e1lia Lacerda na Prefeitura<\/h2>\n<p>A gest\u00e3o da Prefeitura de Itabira foi enriquecida pela contribui\u00e7\u00e3o da secret\u00e1ria Nat\u00e1lia Lacerda Faria, que ocupou a fun\u00e7\u00e3o na Secretaria Municipal de Desenvolvimento Econ\u00f4mico e Desenvolvimento Urbano. Com uma trajet\u00f3ria marcada por diversas fun\u00e7\u00f5es estrat\u00e9gicas, ela fez parte do governo desde os primeiros dias da administra\u00e7\u00e3o do prefeito Marco Ant\u00f4nio Lage.<\/p>\n<h2>Hist\u00f3rico de Contribui\u00e7\u00f5es de Nat\u00e1lia<\/h2>\n<p>Nat\u00e1lia Lacerda trouxe uma vasta experi\u00eancia ao seu cargo, tendo desempenhado pap\u00e9is como chefe de Gabinete e secret\u00e1ria da Administra\u00e7\u00e3o antes de assumir a lideran\u00e7a das secretarias atual.<\/p>\n<p>Nos anos em que atuou na administra\u00e7\u00e3o municipal, Nat\u00e1lia se destacou pela capacidade de gest\u00e3o e pela implementa\u00e7\u00e3o de inova\u00e7\u00f5es. Al\u00e9m disso, supervisionou v\u00e1rias iniciativas que visavam a diversifica\u00e7\u00e3o da economia local e o aprimoramento do planejamento urbano.<\/p>\n<p><img decoding=\"async\" src=\"https:\/\/www.encontraminasgerais.com.br\/itabira\/wp-content\/uploads\/2026\/07\/prefeitura-de-itabira-confirma-saida-de-natalia-lacerda-da-secretaria-de-desenvolvimento-economico-e.webp\" alt=\"Prefeitura de Itabira\" loading=\"lazy\" \/><\/p>\n<h2>Projetos Estrat\u00e9gicos em Itabira<\/h2>\n<p>Enquanto esteve \u00e0 frente das Secretarias de Desenvolvimento Econ\u00f4mico e Desenvolvimento Urbano, Nat\u00e1lia participou ativamente da implementa\u00e7\u00e3o de projetos que visavam \u00e0 moderniza\u00e7\u00e3o da gest\u00e3o p\u00fablica. Esses projetos n\u00e3o apenas abordaram a economia, mas tamb\u00e9m fomentaram a infraestrutura urbana e a qualidade de vida dos cidad\u00e3os.<\/p>\n<p>Um dos projetos mais not\u00e1veis durante sua gest\u00e3o foi a cria\u00e7\u00e3o de estrat\u00e9gias que orientaram a cidade na transi\u00e7\u00e3o econ\u00f4mica, especialmente considerando o contexto p\u00f3s-minera\u00e7\u00e3o. Este trabalho harmonizou as a\u00e7\u00f5es governamentais com as necessidades da comunidade, resultando em novas oportunidades de desenvolvimento.<\/p>\n<h2>O Futuro do Programa Itabira Sustent\u00e1vel<\/h2>\n<p>Apesar de sua sa\u00edda da administra\u00e7\u00e3o direta da Prefeitura, Nat\u00e1lia Lacerda continuar\u00e1 colaborando com a iniciativa Itabira Sustent\u00e1vel. Este programa \u00e9 considerado essencial para o futuro do munic\u00edpio, visando preparar a cidade para um contexto econ\u00f4mico diversificado.<\/p>\n<p>A nova fun\u00e7\u00e3o de Nat\u00e1lia como consultora t\u00e9cnica permitir\u00e1 que ela continue influenciando positivamente a evolu\u00e7\u00e3o das pol\u00edticas p\u00fablicas, especialmente nas \u00e1reas de atra\u00e7\u00e3o de investimentos e inova\u00e7\u00e3o.<\/p>\n<h2>Agradecimentos do Prefeito Marco Ant\u00f4nio Lage<\/h2>\n<p>Na ocasi\u00e3o do an\u00fancio da sa\u00edda de Nat\u00e1lia, o prefeito Marco Ant\u00f4nio Lage expressou gratid\u00e3o pelo comprometimento e colabora\u00e7\u00e3o da secret\u00e1ria ao longo de sua gest\u00e3o. Ele ressaltou a import\u00e2ncia das contribui\u00e7\u00f5es de Nat\u00e1lia para a administra\u00e7\u00e3o municipal e a transforma\u00e7\u00e3o que ela proporcionou em Itabira.<\/p>\n<p>&#8220;Nat\u00e1lia foi uma pe\u00e7a fundamental na constru\u00e7\u00e3o do nosso governo. Sua dedica\u00e7\u00e3o e compet\u00eancia foram evidentes em todos os projetos que tocou&#8221;, afirmou o prefeito, destacando que sua sa\u00edda representa uma perda significativa para a equipe.<\/p>\n<h2>Impacto da Sa\u00edda de Nat\u00e1lia Lacerda<\/h2>\n<p>A sa\u00edda da secret\u00e1ria pode ser vista como um desafio para a gest\u00e3o municipal, uma vez que Nat\u00e1lia desempenhou um papel crucial na execu\u00e7\u00e3o de estrat\u00e9gias que moldaram a economia e o desenvolvimento urbano de Itabira. Sua experi\u00eancia e abordagem inovadora foram fatores determinantes para o progresso que a cidade vivenciou.<\/p>\n<h2>Novo Rumo da Atua\u00e7\u00e3o da Secret\u00e1ria<\/h2>\n<p>Ao aceitar o novo papel na iniciativa privada, Nat\u00e1lia abre portas para novas experi\u00eancias, mas tamb\u00e9m deixa um legado de transforma\u00e7\u00e3o e dedica\u00e7\u00e3o \u00e0 cidade. Sua escolha por atuar em consultoria \u00e9 uma estrat\u00e9gia v\u00e1lida, considerando seu conhecimento acumulado e sua expertise.<\/p>\n<p>Com esta nova etapa profissional, espera-se que ela contribua ainda mais para o desenvolvimento sustent\u00e1vel da regi\u00e3o, utilizando suas habilidades e conhecimentos adquiridos ao longo dos anos na gest\u00e3o p\u00fablica.<\/p>\n<h2>Desafios da Gest\u00e3o P\u00fablica em Itabira<\/h2>\n<p>A gest\u00e3o p\u00fablica em Itabira enfrenta desafios complexos, especialmente no que diz respeito \u00e0 transi\u00e7\u00e3o econ\u00f4mica e diversifica\u00e7\u00e3o da fontes de receita. As recentes mudan\u00e7as no cen\u00e1rio econ\u00f4mico global e regional, somadas \u00e0s demandas locais, exigem respostas \u00e1geis e efetivas.<\/p>\n<p>Os projetos que visam modernizar a estrutura administrativa s\u00e3o cruciais, pois garantem que a cidade n\u00e3o apenas responda \u00e0s necessidades atuais de seus cidad\u00e3os, mas que tamb\u00e9m se prepare adequadamente para um futuro em constante transforma\u00e7\u00e3o.<\/p>\n<h2>Vis\u00e3o sobre Desenvolvimento Urbano<\/h2>\n<p>O desenvolvimento urbano de Itabira \u00e9 uma quest\u00e3o central nas discuss\u00f5es sobre o futuro da cidade. Com um planejamento urbano eficaz, \u00e9 poss\u00edvel promover a revitaliza\u00e7\u00e3o de \u00e1reas e garantir a qualidade de vida dos habitantes.<\/p>\n<p>Nat\u00e1lia desempenhou um papel importante ao articular diferentes iniciativas que buscavam melhorar a infraestrutura e servi\u00e7os p\u00fablicos, visando um crescimento harm\u00f4nico e sustent\u00e1vel. O impacto de suas a\u00e7\u00f5es ainda dever\u00e1 ser sentido nos projetos desenvolvidos posteriormente.<\/p>\n<h2>Repercuss\u00e3o na Comunidade Local<\/h2>\n<p>A sa\u00edda de Nat\u00e1lia Lacerda certamente ser\u00e1 sentida pela comunidade local. Sua presen\u00e7a, conhecimento e habilidades contribu\u00edram para o fortalecimento das pol\u00edticas p\u00fablicas na cidade. O envolvimento de Nat\u00e1lia em causas que visam o bem-estar da popula\u00e7\u00e3o gerou confian\u00e7a e um sentimento de esperan\u00e7a na transforma\u00e7\u00e3o social.<\/p>\n<p>A expectativa \u00e9 que sua nova fun\u00e7\u00e3o n\u00e3o apenas acompanhe, mas tamb\u00e9m amplifique as iniciativas destinadas ao desenvolvimento de Itabira. O equil\u00edbrio entre a gest\u00e3o p\u00fablica e a\u00e7\u00f5es do setor privado pode resultar em melhores oportunidades e uma resposta mais eficiente \u00e0s demandas da sociedade.<\/p>\n","protected":false},"excerpt":{"rendered":"<p>Nat\u00e1lia Lacerda deixa a Prefeitura de Itabira para consultoria.<\/p>\n","protected":false},"author":1,"featured_media":5954,"comment_status":"open","ping_status":"open","sticky":false,"template":"","format":"standard","meta":{"footnotes":""},"categories":[5],"tags":[],"class_list":["post-5955","post","type-post","status-publish","format-standard","has-post-thumbnail","hentry","category-noticias","has_thumb"],"yoast_head":"<!-- This site is optimized with the Yoast SEO plugin v28.1 - https:\/\/yoast.com\/product\/yoast-seo-wordpress\/ -->\n<title>Prefeitura de Itabira confirma sa\u00edda de Nat\u00e1lia Lacerda da Secretaria de Desenvolvimento Econ\u00f4mico e Urbano | Guia Comercial de Itabira MG<\/title>\n<meta name=\"robots\" content=\"index, follow, max-snippet:-1, max-image-preview:large, max-video-preview:-1\" \/>\n<link rel=\"canonical\" href=\"https:\/\/www.encontraminasgerais.com.br\/itabira\/prefeitura-de-itabira-confirma-saida-de-natalia-lacerda-da-secretaria-de-desenvolvimento-economico-e-urbano\/\" \/>\n<meta property=\"og:locale\" content=\"pt_BR\" \/>\n<meta property=\"og:type\" content=\"article\" \/>\n<meta property=\"og:title\" content=\"Prefeitura de Itabira confirma sa\u00edda de Nat\u00e1lia Lacerda da Secretaria de Desenvolvimento Econ\u00f4mico e Urbano | Guia Comercial de Itabira MG\" \/>\n<meta property=\"og:description\" content=\"Nat\u00e1lia Lacerda deixa a Prefeitura de Itabira para consultoria.\" \/>\n<meta property=\"og:url\" content=\"https:\/\/www.encontraminasgerais.com.br\/itabira\/prefeitura-de-itabira-confirma-saida-de-natalia-lacerda-da-secretaria-de-desenvolvimento-economico-e-urbano\/\" \/>\n<meta property=\"og:site_name\" content=\"Guia Comercial de Itabira MG\" \/>\n<meta property=\"article:published_time\" content=\"2026-07-03T16:21:24+00:00\" \/>\n<meta property=\"og:image\" content=\"https:\/\/www.encontraminasgerais.com.br\/itabira\/wp-content\/uploads\/2026\/07\/prefeitura-de-itabira-confirma-saida-de-natalia-lacerda-da-secretaria-de-desenvolvimento-economico-e.webp\" \/>\n<meta name=\"author\" content=\"Encontra Itabira\" \/>\n<meta name=\"twitter:card\" content=\"summary_large_image\" \/>\n<meta name=\"twitter:label1\" content=\"Escrito por\" \/>\n\t<meta name=\"twitter:data1\" content=\"Encontra Itabira\" \/>\n\t<meta name=\"twitter:label2\" content=\"Est. tempo de leitura\" \/>\n\t<meta name=\"twitter:data2\" content=\"5 minutos\" \/>\n<script type=\"application\/ld+json\" class=\"yoast-schema-graph\">{\"@context\":\"https:\\\/\\\/schema.org\",\"@graph\":[{\"@type\":\"Article\",\"@id\":\"https:\\\/\\\/www.encontraminasgerais.com.br\\\/itabira\\\/prefeitura-de-itabira-confirma-saida-de-natalia-lacerda-da-secretaria-de-desenvolvimento-economico-e-urbano\\\/#article\",\"isPartOf\":{\"@id\":\"https:\\\/\\\/www.encontraminasgerais.com.br\\\/itabira\\\/prefeitura-de-itabira-confirma-saida-de-natalia-lacerda-da-secretaria-de-desenvolvimento-economico-e-urbano\\\/\"},\"author\":{\"name\":\"Encontra Itabira\",\"@id\":\"https:\\\/\\\/www.encontraminasgerais.com.br\\\/itabira\\\/#\\\/schema\\\/person\\\/9ae8a8f5ce59322c92e2499b550870b0\"},\"headline\":\"Prefeitura de Itabira confirma sa\u00edda de Nat\u00e1lia Lacerda da Secretaria de Desenvolvimento Econ\u00f4mico e Urbano\",\"datePublished\":\"2026-07-03T16:21:24+00:00\",\"mainEntityOfPage\":{\"@id\":\"https:\\\/\\\/www.encontraminasgerais.com.br\\\/itabira\\\/prefeitura-de-itabira-confirma-saida-de-natalia-lacerda-da-secretaria-de-desenvolvimento-economico-e-urbano\\\/\"},\"wordCount\":930,\"commentCount\":0,\"image\":{\"@id\":\"https:\\\/\\\/www.encontraminasgerais.com.br\\\/itabira\\\/prefeitura-de-itabira-confirma-saida-de-natalia-lacerda-da-secretaria-de-desenvolvimento-economico-e-urbano\\\/#primaryimage\"},\"thumbnailUrl\":\"https:\\\/\\\/www.encontraminasgerais.com.br\\\/itabira\\\/wp-content\\\/uploads\\\/2026\\\/07\\\/prefeitura-de-itabira-confirma-saida-de-natalia-lacerda-da-secretaria-de-desenvolvimento-economico-e.webp\",\"articleSection\":[\"Not\u00edcias Itabira\"],\"inLanguage\":\"pt-BR\",\"potentialAction\":[{\"@type\":\"CommentAction\",\"name\":\"Comment\",\"target\":[\"https:\\\/\\\/www.encontraminasgerais.com.br\\\/itabira\\\/prefeitura-de-itabira-confirma-saida-de-natalia-lacerda-da-secretaria-de-desenvolvimento-economico-e-urbano\\\/#respond\"]}]},{\"@type\":\"WebPage\",\"@id\":\"https:\\\/\\\/www.encontraminasgerais.com.br\\\/itabira\\\/prefeitura-de-itabira-confirma-saida-de-natalia-lacerda-da-secretaria-de-desenvolvimento-economico-e-urbano\\\/\",\"url\":\"https:\\\/\\\/www.encontraminasgerais.com.br\\\/itabira\\\/prefeitura-de-itabira-confirma-saida-de-natalia-lacerda-da-secretaria-de-desenvolvimento-economico-e-urbano\\\/\",\"name\":\"Prefeitura de Itabira confirma sa\u00edda de Nat\u00e1lia Lacerda da Secretaria de Desenvolvimento Econ\u00f4mico e Urbano | Guia Comercial de Itabira MG\",\"isPartOf\":{\"@id\":\"https:\\\/\\\/www.encontraminasgerais.com.br\\\/itabira\\\/#website\"},\"primaryImageOfPage\":{\"@id\":\"https:\\\/\\\/www.encontraminasgerais.com.br\\\/itabira\\\/prefeitura-de-itabira-confirma-saida-de-natalia-lacerda-da-secretaria-de-desenvolvimento-economico-e-urbano\\\/#primaryimage\"},\"image\":{\"@id\":\"https:\\\/\\\/www.encontraminasgerais.com.br\\\/itabira\\\/prefeitura-de-itabira-confirma-saida-de-natalia-lacerda-da-secretaria-de-desenvolvimento-economico-e-urbano\\\/#primaryimage\"},\"thumbnailUrl\":\"https:\\\/\\\/www.encontraminasgerais.com.br\\\/itabira\\\/wp-content\\\/uploads\\\/2026\\\/07\\\/prefeitura-de-itabira-confirma-saida-de-natalia-lacerda-da-secretaria-de-desenvolvimento-economico-e.webp\",\"datePublished\":\"2026-07-03T16:21:24+00:00\",\"author\":{\"@id\":\"https:\\\/\\\/www.encontraminasgerais.com.br\\\/itabira\\\/#\\\/schema\\\/person\\\/9ae8a8f5ce59322c92e2499b550870b0\"},\"inLanguage\":\"pt-BR\",\"potentialAction\":[{\"@type\":\"ReadAction\",\"target\":[\"https:\\\/\\\/www.encontraminasgerais.com.br\\\/itabira\\\/prefeitura-de-itabira-confirma-saida-de-natalia-lacerda-da-secretaria-de-desenvolvimento-economico-e-urbano\\\/\"]}]},{\"@type\":\"ImageObject\",\"inLanguage\":\"pt-BR\",\"@id\":\"https:\\\/\\\/www.encontraminasgerais.com.br\\\/itabira\\\/prefeitura-de-itabira-confirma-saida-de-natalia-lacerda-da-secretaria-de-desenvolvimento-economico-e-urbano\\\/#primaryimage\",\"url\":\"https:\\\/\\\/www.encontraminasgerais.com.br\\\/itabira\\\/wp-content\\\/uploads\\\/2026\\\/07\\\/prefeitura-de-itabira-confirma-saida-de-natalia-lacerda-da-secretaria-de-desenvolvimento-economico-e.webp\",\"contentUrl\":\"https:\\\/\\\/www.encontraminasgerais.com.br\\\/itabira\\\/wp-content\\\/uploads\\\/2026\\\/07\\\/prefeitura-de-itabira-confirma-saida-de-natalia-lacerda-da-secretaria-de-desenvolvimento-economico-e.webp\",\"width\":280,\"height\":280,\"caption\":\"Prefeitura de Itabira\"},{\"@type\":\"WebSite\",\"@id\":\"https:\\\/\\\/www.encontraminasgerais.com.br\\\/itabira\\\/#website\",\"url\":\"https:\\\/\\\/www.encontraminasgerais.com.br\\\/itabira\\\/\",\"name\":\"Guia Comercial de Itabira MG\",\"description\":\"ENCONTRA ITABIRA - O guia comercial de neg\u00f3cios e empresas, cultura e divers\u00e3o na cidade de Itabira. Feito 100% para voc\u00ea morador!\",\"potentialAction\":[{\"@type\":\"SearchAction\",\"target\":{\"@type\":\"EntryPoint\",\"urlTemplate\":\"https:\\\/\\\/www.encontraminasgerais.com.br\\\/itabira\\\/?s={search_term_string}\"},\"query-input\":{\"@type\":\"PropertyValueSpecification\",\"valueRequired\":true,\"valueName\":\"search_term_string\"}}],\"inLanguage\":\"pt-BR\"},{\"@type\":\"Person\",\"@id\":\"https:\\\/\\\/www.encontraminasgerais.com.br\\\/itabira\\\/#\\\/schema\\\/person\\\/9ae8a8f5ce59322c92e2499b550870b0\",\"name\":\"Encontra Itabira\",\"image\":{\"@type\":\"ImageObject\",\"inLanguage\":\"pt-BR\",\"@id\":\"https:\\\/\\\/secure.gravatar.com\\\/avatar\\\/c50c17820bcf322f0a8fd6b110b8c0918141409dc69076470f6fca5fee70a5d4?s=96&d=mm&r=g\",\"url\":\"https:\\\/\\\/secure.gravatar.com\\\/avatar\\\/c50c17820bcf322f0a8fd6b110b8c0918141409dc69076470f6fca5fee70a5d4?s=96&d=mm&r=g\",\"contentUrl\":\"https:\\\/\\\/secure.gravatar.com\\\/avatar\\\/c50c17820bcf322f0a8fd6b110b8c0918141409dc69076470f6fca5fee70a5d4?s=96&d=mm&r=g\",\"caption\":\"Encontra Itabira\"},\"url\":\"https:\\\/\\\/www.encontraminasgerais.com.br\\\/itabira\\\/author\\\/encontraitabira\\\/\"}]}<\/script>\n<!-- \/ Yoast SEO plugin. -->","yoast_head_json":{"title":"Prefeitura de Itabira confirma sa\u00edda de Nat\u00e1lia Lacerda da Secretaria de Desenvolvimento Econ\u00f4mico e Urbano | Guia Comercial de Itabira MG","robots":{"index":"index","follow":"follow","max-snippet":"max-snippet:-1","max-image-preview":"max-image-preview:large","max-video-preview":"max-video-preview:-1"},"canonical":"https:\/\/www.encontraminasgerais.com.br\/itabira\/prefeitura-de-itabira-confirma-saida-de-natalia-lacerda-da-secretaria-de-desenvolvimento-economico-e-urbano\/","og_locale":"pt_BR","og_type":"article","og_title":"Prefeitura de Itabira confirma sa\u00edda de Nat\u00e1lia Lacerda da Secretaria de Desenvolvimento Econ\u00f4mico e Urbano | Guia Comercial de Itabira MG","og_description":"Nat\u00e1lia Lacerda deixa a Prefeitura de Itabira para consultoria.","og_url":"https:\/\/www.encontraminasgerais.com.br\/itabira\/prefeitura-de-itabira-confirma-saida-de-natalia-lacerda-da-secretaria-de-desenvolvimento-economico-e-urbano\/","og_site_name":"Guia Comercial de Itabira MG","article_published_time":"2026-07-03T16:21:24+00:00","og_image":[{"url":"https:\/\/www.encontraminasgerais.com.br\/itabira\/wp-content\/uploads\/2026\/07\/prefeitura-de-itabira-confirma-saida-de-natalia-lacerda-da-secretaria-de-desenvolvimento-economico-e.webp","type":"","width":"","height":""}],"author":"Encontra Itabira","twitter_card":"summary_large_image","twitter_misc":{"Escrito por":"Encontra Itabira","Est. tempo de leitura":"5 minutos"},"schema":{"@context":"https:\/\/schema.org","@graph":[{"@type":"Article","@id":"https:\/\/www.encontraminasgerais.com.br\/itabira\/prefeitura-de-itabira-confirma-saida-de-natalia-lacerda-da-secretaria-de-desenvolvimento-economico-e-urbano\/#article","isPartOf":{"@id":"https:\/\/www.encontraminasgerais.com.br\/itabira\/prefeitura-de-itabira-confirma-saida-de-natalia-lacerda-da-secretaria-de-desenvolvimento-economico-e-urbano\/"},"author":{"name":"Encontra Itabira","@id":"https:\/\/www.encontraminasgerais.com.br\/itabira\/#\/schema\/person\/9ae8a8f5ce59322c92e2499b550870b0"},"headline":"Prefeitura de Itabira confirma sa\u00edda de Nat\u00e1lia Lacerda da Secretaria de Desenvolvimento Econ\u00f4mico e Urbano","datePublished":"2026-07-03T16:21:24+00:00","mainEntityOfPage":{"@id":"https:\/\/www.encontraminasgerais.com.br\/itabira\/prefeitura-de-itabira-confirma-saida-de-natalia-lacerda-da-secretaria-de-desenvolvimento-economico-e-urbano\/"},"wordCount":930,"commentCount":0,"image":{"@id":"https:\/\/www.encontraminasgerais.com.br\/itabira\/prefeitura-de-itabira-confirma-saida-de-natalia-lacerda-da-secretaria-de-desenvolvimento-economico-e-urbano\/#primaryimage"},"thumbnailUrl":"https:\/\/www.encontraminasgerais.com.br\/itabira\/wp-content\/uploads\/2026\/07\/prefeitura-de-itabira-confirma-saida-de-natalia-lacerda-da-secretaria-de-desenvolvimento-economico-e.webp","articleSection":["Not\u00edcias Itabira"],"inLanguage":"pt-BR","potentialAction":[{"@type":"CommentAction","name":"Comment","target":["https:\/\/www.encontraminasgerais.com.br\/itabira\/prefeitura-de-itabira-confirma-saida-de-natalia-lacerda-da-secretaria-de-desenvolvimento-economico-e-urbano\/#respond"]}]},{"@type":"WebPage","@id":"https:\/\/www.encontraminasgerais.com.br\/itabira\/prefeitura-de-itabira-confirma-saida-de-natalia-lacerda-da-secretaria-de-desenvolvimento-economico-e-urbano\/","url":"https:\/\/www.encontraminasgerais.com.br\/itabira\/prefeitura-de-itabira-confirma-saida-de-natalia-lacerda-da-secretaria-de-desenvolvimento-economico-e-urbano\/","name":"Prefeitura de Itabira confirma sa\u00edda de Nat\u00e1lia Lacerda da Secretaria de Desenvolvimento Econ\u00f4mico e Urbano | Guia Comercial de Itabira MG","isPartOf":{"@id":"https:\/\/www.encontraminasgerais.com.br\/itabira\/#website"},"primaryImageOfPage":{"@id":"https:\/\/www.encontraminasgerais.com.br\/itabira\/prefeitura-de-itabira-confirma-saida-de-natalia-lacerda-da-secretaria-de-desenvolvimento-economico-e-urbano\/#primaryimage"},"image":{"@id":"https:\/\/www.encontraminasgerais.com.br\/itabira\/prefeitura-de-itabira-confirma-saida-de-natalia-lacerda-da-secretaria-de-desenvolvimento-economico-e-urbano\/#primaryimage"},"thumbnailUrl":"https:\/\/www.encontraminasgerais.com.br\/itabira\/wp-content\/uploads\/2026\/07\/prefeitura-de-itabira-confirma-saida-de-natalia-lacerda-da-secretaria-de-desenvolvimento-economico-e.webp","datePublished":"2026-07-03T16:21:24+00:00","author":{"@id":"https:\/\/www.encontraminasgerais.com.br\/itabira\/#\/schema\/person\/9ae8a8f5ce59322c92e2499b550870b0"},"inLanguage":"pt-BR","potentialAction":[{"@type":"ReadAction","target":["https:\/\/www.encontraminasgerais.com.br\/itabira\/prefeitura-de-itabira-confirma-saida-de-natalia-lacerda-da-secretaria-de-desenvolvimento-economico-e-urbano\/"]}]},{"@type":"ImageObject","inLanguage":"pt-BR","@id":"https:\/\/www.encontraminasgerais.com.br\/itabira\/prefeitura-de-itabira-confirma-saida-de-natalia-lacerda-da-secretaria-de-desenvolvimento-economico-e-urbano\/#primaryimage","url":"https:\/\/www.encontraminasgerais.com.br\/itabira\/wp-content\/uploads\/2026\/07\/prefeitura-de-itabira-confirma-saida-de-natalia-lacerda-da-secretaria-de-desenvolvimento-economico-e.webp","contentUrl":"https:\/\/www.encontraminasgerais.com.br\/itabira\/wp-content\/uploads\/2026\/07\/prefeitura-de-itabira-confirma-saida-de-natalia-lacerda-da-secretaria-de-desenvolvimento-economico-e.webp","width":280,"height":280,"caption":"Prefeitura de Itabira"},{"@type":"WebSite","@id":"https:\/\/www.encontraminasgerais.com.br\/itabira\/#website","url":"https:\/\/www.encontraminasgerais.com.br\/itabira\/","name":"Guia Comercial de Itabira MG","description":"ENCONTRA ITABIRA - O guia comercial de neg\u00f3cios e empresas, cultura e divers\u00e3o na cidade de Itabira. Feito 100% para voc\u00ea morador!","potentialAction":[{"@type":"SearchAction","target":{"@type":"EntryPoint","urlTemplate":"https:\/\/www.encontraminasgerais.com.br\/itabira\/?s={search_term_string}"},"query-input":{"@type":"PropertyValueSpecification","valueRequired":true,"valueName":"search_term_string"}}],"inLanguage":"pt-BR"},{"@type":"Person","@id":"https:\/\/www.encontraminasgerais.com.br\/itabira\/#\/schema\/person\/9ae8a8f5ce59322c92e2499b550870b0","name":"Encontra Itabira","image":{"@type":"ImageObject","inLanguage":"pt-BR","@id":"https:\/\/secure.gravatar.com\/avatar\/c50c17820bcf322f0a8fd6b110b8c0918141409dc69076470f6fca5fee70a5d4?s=96&d=mm&r=g","url":"https:\/\/secure.gravatar.com\/avatar\/c50c17820bcf322f0a8fd6b110b8c0918141409dc69076470f6fca5fee70a5d4?s=96&d=mm&r=g","contentUrl":"https:\/\/secure.gravatar.com\/avatar\/c50c17820bcf322f0a8fd6b110b8c0918141409dc69076470f6fca5fee70a5d4?s=96&d=mm&r=g","caption":"Encontra Itabira"},"url":"https:\/\/www.encontraminasgerais.com.br\/itabira\/author\/encontraitabira\/"}]}},"_links":{"self":[{"href":"https:\/\/www.encontraminasgerais.com.br\/itabira\/wp-json\/wp\/v2\/posts\/5955","targetHints":{"allow":["GET"]}}],"collection":[{"href":"https:\/\/www.encontraminasgerais.com.br\/itabira\/wp-json\/wp\/v2\/posts"}],"about":[{"href":"https:\/\/www.encontraminasgerais.com.br\/itabira\/wp-json\/wp\/v2\/types\/post"}],"author":[{"embeddable":true,"href":"https:\/\/www.encontraminasgerais.com.br\/itabira\/wp-json\/wp\/v2\/users\/1"}],"replies":[{"embeddable":true,"href":"https:\/\/www.encontraminasgerais.com.br\/itabira\/wp-json\/wp\/v2\/comments?post=5955"}],"version-history":[{"count":0,"href":"https:\/\/www.encontraminasgerais.com.br\/itabira\/wp-json\/wp\/v2\/posts\/5955\/revisions"}],"wp:featuredmedia":[{"embeddable":true,"href":"https:\/\/www.encontraminasgerais.com.br\/itabira\/wp-json\/wp\/v2\/media\/5954"}],"wp:attachment":[{"href":"https:\/\/www.encontraminasgerais.com.br\/itabira\/wp-json\/wp\/v2\/media?parent=5955"}],"wp:term":[{"taxonomy":"category","embeddable":true,"href":"https:\/\/www.encontraminasgerais.com.br\/itabira\/wp-json\/wp\/v2\/categories?post=5955"},{"taxonomy":"post_tag","embeddable":true,"href":"https:\/\/www.encontraminasgerais.com.br\/itabira\/wp-json\/wp\/v2\/tags?post=5955"}],"curies":[{"name":"wp","href":"https:\/\/api.w.org\/{rel}","templated":true}]}}