{"id":5971,"date":"2026-07-04T15:59:50","date_gmt":"2026-07-04T18:59:50","guid":{"rendered":"https:\/\/www.encontraminasgerais.com.br\/itabira\/melissa-barcellos-assume-secretarias-de-desenvolvimento-urbano-e-economico-de-itabira\/"},"modified":"2026-07-04T15:59:50","modified_gmt":"2026-07-04T18:59:50","slug":"melissa-barcellos-assume-secretarias-de-desenvolvimento-urbano-e-economico-de-itabira","status":"publish","type":"post","link":"https:\/\/www.encontraminasgerais.com.br\/itabira\/melissa-barcellos-assume-secretarias-de-desenvolvimento-urbano-e-economico-de-itabira\/","title":{"rendered":"Melissa Barcellos assume secretarias de Desenvolvimento Urbano e Econ\u00f4mico de Itabira"},"content":{"rendered":"<h2>Quem \u00e9 Melissa Barcellos?<\/h2>\n<p>Melissa Barcellos Martinelle \u00e9 uma advogada com uma carreira reconhecida na gest\u00e3o p\u00fablica, recentemente nomeada pelo prefeito Marco Ant\u00f4nio Lage para liderar as secretarias de Desenvolvimento Urbano e Desenvolvimento Econ\u00f4mico da cidade de Itabira. Com uma s\u00f3lida forma\u00e7\u00e3o acad\u00eamica e uma vasta experi\u00eancia em administra\u00e7\u00e3o p\u00fablica, ela \u00e9 vista como uma lideran\u00e7a qualificada para impulsionar \u00e1reas estrat\u00e9gicas que impactam o futuro do munic\u00edpio.<\/p>\n<h2>Experi\u00eancia e Forma\u00e7\u00e3o Acad\u00eamica<\/h2>\n<p>Melissa Barcellos possui um hist\u00f3rico substancial na administra\u00e7\u00e3o p\u00fablica e experi\u00eancia pr\u00e1tica em v\u00e1rios setores relacionados ao desenvolvimento econ\u00f4mico e urbano. Anteriormente, ocupou a fun\u00e7\u00e3o de Assessora de Projetos e Capta\u00e7\u00e3o de Recursos, onde atuou desde janeiro deste ano. Sua trajet\u00f3ria inclui posi\u00e7\u00f5es significativas, como a de subsecret\u00e1ria de Gest\u00e3o de Im\u00f3veis do Estado de Minas Gerais, onde foi respons\u00e1vel por pol\u00edticas p\u00fablicas relacionadas ao desenvolvimento territorial e planejamento urbano. Al\u00e9m disso, foi gerente de Assuntos Estrat\u00e9gicos da GASMIG e diretora-geral do IPEM-MG. Formada em Direito pela Universidade FUMEC e em Administra\u00e7\u00e3o com \u00eanfase em Com\u00e9rcio Exterior pela UNA Educa\u00e7\u00e3o, \u00e9 tamb\u00e9m especialista em Direito Constitucional e Tribut\u00e1rio, com um mestrado em Direito e Economia de Empresas pela Funda\u00e7\u00e3o Getulio Vargas (FGV). Atualmente, ela \u00e9 doutoranda em Ci\u00eancias Sociais e Jur\u00eddicas pela Universidad del Museo Social Argentino.<\/p>\n<h2>Mudan\u00e7as nas Secretarias de Itabira<\/h2>\n<p>Com a sa\u00edda de Nat\u00e1lia Lacerda, que atuou nas secretarias durante cinco anos, Melissa Barcellos traz uma nova abordagem \u00e0 administra\u00e7\u00e3o, prometendo continuidade em projetos cruciais enquanto implementa novas estrat\u00e9gias focadas no desenvolvimento sustent\u00e1vel. Essa mudan\u00e7a na lideran\u00e7a \u00e9 vista pela comunidade e por especialistas como uma oportunidade de renova\u00e7\u00e3o e aprimoramento nas pr\u00e1ticas administrativas da cidade.<\/p>\n<p><img decoding=\"async\" src=\"https:\/\/www.encontraminasgerais.com.br\/itabira\/wp-content\/uploads\/2026\/07\/melissa-barcellos-assume-secretarias-de-desenvolvimento-urbano-e-economico-de-itabira.webp\" alt=\"Melissa Barcellos assume secretarias de Desenvolvimento Urbano e Econ\u00f4mico de Itabira\" loading=\"lazy\" \/><\/p>\n<h2>Desafios da Gest\u00e3o P\u00fablica<\/h2>\n<p>A nova secret\u00e1ria enfrenta desafios significativos, incluindo a necessidade de promover crescimento econ\u00f4mico em um cen\u00e1rio p\u00f3s-pandemia, melhorar a infraestrutura urbana e garantir que os projetos de desenvolvimento respeitem as necessidades ambientais. A gest\u00e3o p\u00fablica atual demanda habilidades em articula\u00e7\u00e3o e inova\u00e7\u00e3o para lidar com as demandas da popula\u00e7\u00e3o e as exig\u00eancias do desenvolvimento sustent\u00e1vel.<\/p>\n<h2>Objetivos de Melissa \u00e0 Frente das Secretarias<\/h2>\n<p>Na sua nova fun\u00e7\u00e3o, Melissa Barcellos se compromete a focar em v\u00e1rias \u00e1reas. Entre seus objetivos est\u00e3o:<\/p>\n<ul>\n<li><strong>Fortalecer a Economia Local:<\/strong> Implementar pol\u00edticas que incentivem os neg\u00f3cios locais e combinem desenvolvimento urbano com planejamento econ\u00f4mico.<\/li>\n<li><strong>Planejamento Territorial:<\/strong> Promover a ocupa\u00e7\u00e3o ordenada do espa\u00e7o urbano, buscando a melhoria na qualidade de vida para todos os cidad\u00e3os.<\/li>\n<li><strong>Desenvolvimento Sustent\u00e1vel:<\/strong> Combinar crescimento econ\u00f4mico com pr\u00e1ticas que preservem o meio ambiente e respeitem os recursos naturais.<\/li>\n<\/ul>\n<h2>A Import\u00e2ncia do Desenvolvimento Urbano<\/h2>\n<p>O desenvolvimento urbano \u00e9 uma pe\u00e7a-chave para o sucesso de qualquer munic\u00edpio. Ele influencia diretamente a qualidade de vida dos cidad\u00e3os, acessibilidade a servi\u00e7os p\u00fablicos, habita\u00e7\u00e3o e infraestrutura. Uma gest\u00e3o eficaz em desenvolvimento urbano pode transformar a realidade local, criando espa\u00e7os mais inclusivos e sustent\u00e1veis.<\/p>\n<h2>Promo\u00e7\u00e3o do Desenvolvimento Econ\u00f4mico Local<\/h2>\n<p>Para promover o desenvolvimento econ\u00f4mico local, Melissa pretende explorar parcerias p\u00fablico-privadas e integrar o setor privado em suas iniciativas. Incentivos fiscais e programas de capacita\u00e7\u00e3o tamb\u00e9m s\u00e3o partes de sua estrat\u00e9gia para fortalecer a economia da cidade.<\/p>\n<h2>Iniciativas para Fortalecer a Economia<\/h2>\n<p>Melissa Barcellos est\u00e1 projetando um conjunto de iniciativas que visam n\u00e3o apenas a atra\u00e7\u00e3o de novos investimentos, mas tamb\u00e9m a valoriza\u00e7\u00e3o das empresas locais. Entre as estrat\u00e9gias est\u00e3o:<\/p>\n<ul>\n<li><strong>Cria\u00e7\u00e3o de Programas de Incentivo:<\/strong> Propostas para redu\u00e7\u00e3o de impostos e est\u00edmulo ao empreendedorismo local.<\/li>\n<li><strong>Desenvolvimento de Infraestrutura:<\/strong> Investmentos em infraestrutura para facilitar o acesso e melhorar as condi\u00e7\u00f5es de trabalho e moradia.<\/li>\n<li><strong>Fomento a Cooperativas e Associa\u00e7\u00f5es:<\/strong> Apoio a organiza\u00e7\u00f5es que promovem o trabalho em conjunto e a gera\u00e7\u00e3o de renda.<\/li>\n<\/ul>\n<h2>Articula\u00e7\u00e3o com Projetos P\u00fablicos<\/h2>\n<p>Outra \u00e1rea em que Melissa Barcellos se destacou \u00e9 na articula\u00e7\u00e3o de projetos p\u00fablicos. Ela planeja trabalhar em conjunto com outras secretarias e \u00f3rg\u00e3os estaduais para garantir que os projetos de Itabira sejam integrados \u00e0s pol\u00edticas e estrat\u00e9gias de desenvolvimento mais amplas. Essa colabora\u00e7\u00e3o buscar\u00e1 otimizar recursos e potencializar resultados.<\/p>\n<h2>Expectativas da Comunidade de Itabira<\/h2>\n<p>A comunidade de Itabira aguarda com expectativa as a\u00e7\u00f5es de Melissa Barcellos. Espera-se que sua vasta experi\u00eancia e forma\u00e7\u00e3o ajudem a trazer melhorias significativas para a cidade, refletindo um compromisso com o bem-estar dos cidad\u00e3os e o desenvolvimento sustent\u00e1vel.<\/p>\n<p>Em resumo, a nomea\u00e7\u00e3o de Melissa Barcellos como secret\u00e1ria de Desenvolvimento Urbano e Econ\u00f4mico de Itabira representa uma esperan\u00e7a renovada para iniciativas que busquem a melhoria da qualidade de vida, mediante pr\u00e1ticas de gest\u00e3o que respeitem os valores sociais e ambientais da regi\u00e3o, al\u00e9m de fomentar o crescimento econ\u00f4mico.<\/p>\n","protected":false},"excerpt":{"rendered":"<p>Melissa Barcellos \u00e9 a nova titular das secretarias de Desenvolvimento Urbano e Econ\u00f4mico de Itabira.<\/p>\n","protected":false},"author":1,"featured_media":5970,"comment_status":"open","ping_status":"open","sticky":false,"template":"","format":"standard","meta":{"footnotes":""},"categories":[5],"tags":[],"class_list":["post-5971","post","type-post","status-publish","format-standard","has-post-thumbnail","hentry","category-noticias","has_thumb"],"yoast_head":"<!-- This site is optimized with the Yoast SEO plugin v28.1 - https:\/\/yoast.com\/product\/yoast-seo-wordpress\/ -->\n<title>Melissa Barcellos assume secretarias de Desenvolvimento Urbano e Econ\u00f4mico de Itabira | Guia Comercial de Itabira MG<\/title>\n<meta name=\"robots\" content=\"index, follow, max-snippet:-1, max-image-preview:large, max-video-preview:-1\" \/>\n<link rel=\"canonical\" href=\"https:\/\/www.encontraminasgerais.com.br\/itabira\/melissa-barcellos-assume-secretarias-de-desenvolvimento-urbano-e-economico-de-itabira\/\" \/>\n<meta property=\"og:locale\" content=\"pt_BR\" \/>\n<meta property=\"og:type\" content=\"article\" \/>\n<meta property=\"og:title\" content=\"Melissa Barcellos assume secretarias de Desenvolvimento Urbano e Econ\u00f4mico de Itabira | Guia Comercial de Itabira MG\" \/>\n<meta property=\"og:description\" content=\"Melissa Barcellos \u00e9 a nova titular das secretarias de Desenvolvimento Urbano e Econ\u00f4mico de Itabira.\" \/>\n<meta property=\"og:url\" content=\"https:\/\/www.encontraminasgerais.com.br\/itabira\/melissa-barcellos-assume-secretarias-de-desenvolvimento-urbano-e-economico-de-itabira\/\" \/>\n<meta property=\"og:site_name\" content=\"Guia Comercial de Itabira MG\" \/>\n<meta property=\"article:published_time\" content=\"2026-07-04T18:59:50+00:00\" \/>\n<meta property=\"og:image\" content=\"https:\/\/www.encontraminasgerais.com.br\/itabira\/wp-content\/uploads\/2026\/07\/melissa-barcellos-assume-secretarias-de-desenvolvimento-urbano-e-economico-de-itabira.webp\" \/>\n<meta name=\"author\" content=\"Encontra Itabira\" \/>\n<meta name=\"twitter:card\" content=\"summary_large_image\" \/>\n<meta name=\"twitter:label1\" content=\"Escrito por\" \/>\n\t<meta name=\"twitter:data1\" content=\"Encontra Itabira\" \/>\n\t<meta name=\"twitter:label2\" content=\"Est. tempo de leitura\" \/>\n\t<meta name=\"twitter:data2\" content=\"4 minutos\" \/>\n<script type=\"application\/ld+json\" class=\"yoast-schema-graph\">{\"@context\":\"https:\\\/\\\/schema.org\",\"@graph\":[{\"@type\":\"Article\",\"@id\":\"https:\\\/\\\/www.encontraminasgerais.com.br\\\/itabira\\\/melissa-barcellos-assume-secretarias-de-desenvolvimento-urbano-e-economico-de-itabira\\\/#article\",\"isPartOf\":{\"@id\":\"https:\\\/\\\/www.encontraminasgerais.com.br\\\/itabira\\\/melissa-barcellos-assume-secretarias-de-desenvolvimento-urbano-e-economico-de-itabira\\\/\"},\"author\":{\"name\":\"Encontra Itabira\",\"@id\":\"https:\\\/\\\/www.encontraminasgerais.com.br\\\/itabira\\\/#\\\/schema\\\/person\\\/9ae8a8f5ce59322c92e2499b550870b0\"},\"headline\":\"Melissa Barcellos assume secretarias de Desenvolvimento Urbano e Econ\u00f4mico de Itabira\",\"datePublished\":\"2026-07-04T18:59:50+00:00\",\"mainEntityOfPage\":{\"@id\":\"https:\\\/\\\/www.encontraminasgerais.com.br\\\/itabira\\\/melissa-barcellos-assume-secretarias-de-desenvolvimento-urbano-e-economico-de-itabira\\\/\"},\"wordCount\":865,\"commentCount\":0,\"image\":{\"@id\":\"https:\\\/\\\/www.encontraminasgerais.com.br\\\/itabira\\\/melissa-barcellos-assume-secretarias-de-desenvolvimento-urbano-e-economico-de-itabira\\\/#primaryimage\"},\"thumbnailUrl\":\"https:\\\/\\\/www.encontraminasgerais.com.br\\\/itabira\\\/wp-content\\\/uploads\\\/2026\\\/07\\\/melissa-barcellos-assume-secretarias-de-desenvolvimento-urbano-e-economico-de-itabira.webp\",\"articleSection\":[\"Not\u00edcias Itabira\"],\"inLanguage\":\"pt-BR\",\"potentialAction\":[{\"@type\":\"CommentAction\",\"name\":\"Comment\",\"target\":[\"https:\\\/\\\/www.encontraminasgerais.com.br\\\/itabira\\\/melissa-barcellos-assume-secretarias-de-desenvolvimento-urbano-e-economico-de-itabira\\\/#respond\"]}]},{\"@type\":\"WebPage\",\"@id\":\"https:\\\/\\\/www.encontraminasgerais.com.br\\\/itabira\\\/melissa-barcellos-assume-secretarias-de-desenvolvimento-urbano-e-economico-de-itabira\\\/\",\"url\":\"https:\\\/\\\/www.encontraminasgerais.com.br\\\/itabira\\\/melissa-barcellos-assume-secretarias-de-desenvolvimento-urbano-e-economico-de-itabira\\\/\",\"name\":\"Melissa Barcellos assume secretarias de Desenvolvimento Urbano e Econ\u00f4mico de Itabira | Guia Comercial de Itabira MG\",\"isPartOf\":{\"@id\":\"https:\\\/\\\/www.encontraminasgerais.com.br\\\/itabira\\\/#website\"},\"primaryImageOfPage\":{\"@id\":\"https:\\\/\\\/www.encontraminasgerais.com.br\\\/itabira\\\/melissa-barcellos-assume-secretarias-de-desenvolvimento-urbano-e-economico-de-itabira\\\/#primaryimage\"},\"image\":{\"@id\":\"https:\\\/\\\/www.encontraminasgerais.com.br\\\/itabira\\\/melissa-barcellos-assume-secretarias-de-desenvolvimento-urbano-e-economico-de-itabira\\\/#primaryimage\"},\"thumbnailUrl\":\"https:\\\/\\\/www.encontraminasgerais.com.br\\\/itabira\\\/wp-content\\\/uploads\\\/2026\\\/07\\\/melissa-barcellos-assume-secretarias-de-desenvolvimento-urbano-e-economico-de-itabira.webp\",\"datePublished\":\"2026-07-04T18:59:50+00:00\",\"author\":{\"@id\":\"https:\\\/\\\/www.encontraminasgerais.com.br\\\/itabira\\\/#\\\/schema\\\/person\\\/9ae8a8f5ce59322c92e2499b550870b0\"},\"inLanguage\":\"pt-BR\",\"potentialAction\":[{\"@type\":\"ReadAction\",\"target\":[\"https:\\\/\\\/www.encontraminasgerais.com.br\\\/itabira\\\/melissa-barcellos-assume-secretarias-de-desenvolvimento-urbano-e-economico-de-itabira\\\/\"]}]},{\"@type\":\"ImageObject\",\"inLanguage\":\"pt-BR\",\"@id\":\"https:\\\/\\\/www.encontraminasgerais.com.br\\\/itabira\\\/melissa-barcellos-assume-secretarias-de-desenvolvimento-urbano-e-economico-de-itabira\\\/#primaryimage\",\"url\":\"https:\\\/\\\/www.encontraminasgerais.com.br\\\/itabira\\\/wp-content\\\/uploads\\\/2026\\\/07\\\/melissa-barcellos-assume-secretarias-de-desenvolvimento-urbano-e-economico-de-itabira.webp\",\"contentUrl\":\"https:\\\/\\\/www.encontraminasgerais.com.br\\\/itabira\\\/wp-content\\\/uploads\\\/2026\\\/07\\\/melissa-barcellos-assume-secretarias-de-desenvolvimento-urbano-e-economico-de-itabira.webp\",\"width\":280,\"height\":280,\"caption\":\"Melissa Barcellos assume secretarias de Desenvolvimento Urbano e Econ\u00f4mico de Itabira\"},{\"@type\":\"WebSite\",\"@id\":\"https:\\\/\\\/www.encontraminasgerais.com.br\\\/itabira\\\/#website\",\"url\":\"https:\\\/\\\/www.encontraminasgerais.com.br\\\/itabira\\\/\",\"name\":\"Guia Comercial de Itabira MG\",\"description\":\"ENCONTRA ITABIRA - O guia comercial de neg\u00f3cios e empresas, cultura e divers\u00e3o na cidade de Itabira. Feito 100% para voc\u00ea morador!\",\"potentialAction\":[{\"@type\":\"SearchAction\",\"target\":{\"@type\":\"EntryPoint\",\"urlTemplate\":\"https:\\\/\\\/www.encontraminasgerais.com.br\\\/itabira\\\/?s={search_term_string}\"},\"query-input\":{\"@type\":\"PropertyValueSpecification\",\"valueRequired\":true,\"valueName\":\"search_term_string\"}}],\"inLanguage\":\"pt-BR\"},{\"@type\":\"Person\",\"@id\":\"https:\\\/\\\/www.encontraminasgerais.com.br\\\/itabira\\\/#\\\/schema\\\/person\\\/9ae8a8f5ce59322c92e2499b550870b0\",\"name\":\"Encontra Itabira\",\"image\":{\"@type\":\"ImageObject\",\"inLanguage\":\"pt-BR\",\"@id\":\"https:\\\/\\\/secure.gravatar.com\\\/avatar\\\/c50c17820bcf322f0a8fd6b110b8c0918141409dc69076470f6fca5fee70a5d4?s=96&d=mm&r=g\",\"url\":\"https:\\\/\\\/secure.gravatar.com\\\/avatar\\\/c50c17820bcf322f0a8fd6b110b8c0918141409dc69076470f6fca5fee70a5d4?s=96&d=mm&r=g\",\"contentUrl\":\"https:\\\/\\\/secure.gravatar.com\\\/avatar\\\/c50c17820bcf322f0a8fd6b110b8c0918141409dc69076470f6fca5fee70a5d4?s=96&d=mm&r=g\",\"caption\":\"Encontra Itabira\"},\"url\":\"https:\\\/\\\/www.encontraminasgerais.com.br\\\/itabira\\\/author\\\/encontraitabira\\\/\"}]}<\/script>\n<!-- \/ Yoast SEO plugin. -->","yoast_head_json":{"title":"Melissa Barcellos assume secretarias de Desenvolvimento Urbano e Econ\u00f4mico de Itabira | Guia Comercial de Itabira MG","robots":{"index":"index","follow":"follow","max-snippet":"max-snippet:-1","max-image-preview":"max-image-preview:large","max-video-preview":"max-video-preview:-1"},"canonical":"https:\/\/www.encontraminasgerais.com.br\/itabira\/melissa-barcellos-assume-secretarias-de-desenvolvimento-urbano-e-economico-de-itabira\/","og_locale":"pt_BR","og_type":"article","og_title":"Melissa Barcellos assume secretarias de Desenvolvimento Urbano e Econ\u00f4mico de Itabira | Guia Comercial de Itabira MG","og_description":"Melissa Barcellos \u00e9 a nova titular das secretarias de Desenvolvimento Urbano e Econ\u00f4mico de Itabira.","og_url":"https:\/\/www.encontraminasgerais.com.br\/itabira\/melissa-barcellos-assume-secretarias-de-desenvolvimento-urbano-e-economico-de-itabira\/","og_site_name":"Guia Comercial de Itabira MG","article_published_time":"2026-07-04T18:59:50+00:00","og_image":[{"url":"https:\/\/www.encontraminasgerais.com.br\/itabira\/wp-content\/uploads\/2026\/07\/melissa-barcellos-assume-secretarias-de-desenvolvimento-urbano-e-economico-de-itabira.webp","type":"","width":"","height":""}],"author":"Encontra Itabira","twitter_card":"summary_large_image","twitter_misc":{"Escrito por":"Encontra Itabira","Est. tempo de leitura":"4 minutos"},"schema":{"@context":"https:\/\/schema.org","@graph":[{"@type":"Article","@id":"https:\/\/www.encontraminasgerais.com.br\/itabira\/melissa-barcellos-assume-secretarias-de-desenvolvimento-urbano-e-economico-de-itabira\/#article","isPartOf":{"@id":"https:\/\/www.encontraminasgerais.com.br\/itabira\/melissa-barcellos-assume-secretarias-de-desenvolvimento-urbano-e-economico-de-itabira\/"},"author":{"name":"Encontra Itabira","@id":"https:\/\/www.encontraminasgerais.com.br\/itabira\/#\/schema\/person\/9ae8a8f5ce59322c92e2499b550870b0"},"headline":"Melissa Barcellos assume secretarias de Desenvolvimento Urbano e Econ\u00f4mico de Itabira","datePublished":"2026-07-04T18:59:50+00:00","mainEntityOfPage":{"@id":"https:\/\/www.encontraminasgerais.com.br\/itabira\/melissa-barcellos-assume-secretarias-de-desenvolvimento-urbano-e-economico-de-itabira\/"},"wordCount":865,"commentCount":0,"image":{"@id":"https:\/\/www.encontraminasgerais.com.br\/itabira\/melissa-barcellos-assume-secretarias-de-desenvolvimento-urbano-e-economico-de-itabira\/#primaryimage"},"thumbnailUrl":"https:\/\/www.encontraminasgerais.com.br\/itabira\/wp-content\/uploads\/2026\/07\/melissa-barcellos-assume-secretarias-de-desenvolvimento-urbano-e-economico-de-itabira.webp","articleSection":["Not\u00edcias Itabira"],"inLanguage":"pt-BR","potentialAction":[{"@type":"CommentAction","name":"Comment","target":["https:\/\/www.encontraminasgerais.com.br\/itabira\/melissa-barcellos-assume-secretarias-de-desenvolvimento-urbano-e-economico-de-itabira\/#respond"]}]},{"@type":"WebPage","@id":"https:\/\/www.encontraminasgerais.com.br\/itabira\/melissa-barcellos-assume-secretarias-de-desenvolvimento-urbano-e-economico-de-itabira\/","url":"https:\/\/www.encontraminasgerais.com.br\/itabira\/melissa-barcellos-assume-secretarias-de-desenvolvimento-urbano-e-economico-de-itabira\/","name":"Melissa Barcellos assume secretarias de Desenvolvimento Urbano e Econ\u00f4mico de Itabira | Guia Comercial de Itabira MG","isPartOf":{"@id":"https:\/\/www.encontraminasgerais.com.br\/itabira\/#website"},"primaryImageOfPage":{"@id":"https:\/\/www.encontraminasgerais.com.br\/itabira\/melissa-barcellos-assume-secretarias-de-desenvolvimento-urbano-e-economico-de-itabira\/#primaryimage"},"image":{"@id":"https:\/\/www.encontraminasgerais.com.br\/itabira\/melissa-barcellos-assume-secretarias-de-desenvolvimento-urbano-e-economico-de-itabira\/#primaryimage"},"thumbnailUrl":"https:\/\/www.encontraminasgerais.com.br\/itabira\/wp-content\/uploads\/2026\/07\/melissa-barcellos-assume-secretarias-de-desenvolvimento-urbano-e-economico-de-itabira.webp","datePublished":"2026-07-04T18:59:50+00:00","author":{"@id":"https:\/\/www.encontraminasgerais.com.br\/itabira\/#\/schema\/person\/9ae8a8f5ce59322c92e2499b550870b0"},"inLanguage":"pt-BR","potentialAction":[{"@type":"ReadAction","target":["https:\/\/www.encontraminasgerais.com.br\/itabira\/melissa-barcellos-assume-secretarias-de-desenvolvimento-urbano-e-economico-de-itabira\/"]}]},{"@type":"ImageObject","inLanguage":"pt-BR","@id":"https:\/\/www.encontraminasgerais.com.br\/itabira\/melissa-barcellos-assume-secretarias-de-desenvolvimento-urbano-e-economico-de-itabira\/#primaryimage","url":"https:\/\/www.encontraminasgerais.com.br\/itabira\/wp-content\/uploads\/2026\/07\/melissa-barcellos-assume-secretarias-de-desenvolvimento-urbano-e-economico-de-itabira.webp","contentUrl":"https:\/\/www.encontraminasgerais.com.br\/itabira\/wp-content\/uploads\/2026\/07\/melissa-barcellos-assume-secretarias-de-desenvolvimento-urbano-e-economico-de-itabira.webp","width":280,"height":280,"caption":"Melissa Barcellos assume secretarias de Desenvolvimento Urbano e Econ\u00f4mico de Itabira"},{"@type":"WebSite","@id":"https:\/\/www.encontraminasgerais.com.br\/itabira\/#website","url":"https:\/\/www.encontraminasgerais.com.br\/itabira\/","name":"Guia Comercial de Itabira MG","description":"ENCONTRA ITABIRA - O guia comercial de neg\u00f3cios e empresas, cultura e divers\u00e3o na cidade de Itabira. Feito 100% para voc\u00ea morador!","potentialAction":[{"@type":"SearchAction","target":{"@type":"EntryPoint","urlTemplate":"https:\/\/www.encontraminasgerais.com.br\/itabira\/?s={search_term_string}"},"query-input":{"@type":"PropertyValueSpecification","valueRequired":true,"valueName":"search_term_string"}}],"inLanguage":"pt-BR"},{"@type":"Person","@id":"https:\/\/www.encontraminasgerais.com.br\/itabira\/#\/schema\/person\/9ae8a8f5ce59322c92e2499b550870b0","name":"Encontra Itabira","image":{"@type":"ImageObject","inLanguage":"pt-BR","@id":"https:\/\/secure.gravatar.com\/avatar\/c50c17820bcf322f0a8fd6b110b8c0918141409dc69076470f6fca5fee70a5d4?s=96&d=mm&r=g","url":"https:\/\/secure.gravatar.com\/avatar\/c50c17820bcf322f0a8fd6b110b8c0918141409dc69076470f6fca5fee70a5d4?s=96&d=mm&r=g","contentUrl":"https:\/\/secure.gravatar.com\/avatar\/c50c17820bcf322f0a8fd6b110b8c0918141409dc69076470f6fca5fee70a5d4?s=96&d=mm&r=g","caption":"Encontra Itabira"},"url":"https:\/\/www.encontraminasgerais.com.br\/itabira\/author\/encontraitabira\/"}]}},"_links":{"self":[{"href":"https:\/\/www.encontraminasgerais.com.br\/itabira\/wp-json\/wp\/v2\/posts\/5971","targetHints":{"allow":["GET"]}}],"collection":[{"href":"https:\/\/www.encontraminasgerais.com.br\/itabira\/wp-json\/wp\/v2\/posts"}],"about":[{"href":"https:\/\/www.encontraminasgerais.com.br\/itabira\/wp-json\/wp\/v2\/types\/post"}],"author":[{"embeddable":true,"href":"https:\/\/www.encontraminasgerais.com.br\/itabira\/wp-json\/wp\/v2\/users\/1"}],"replies":[{"embeddable":true,"href":"https:\/\/www.encontraminasgerais.com.br\/itabira\/wp-json\/wp\/v2\/comments?post=5971"}],"version-history":[{"count":0,"href":"https:\/\/www.encontraminasgerais.com.br\/itabira\/wp-json\/wp\/v2\/posts\/5971\/revisions"}],"wp:featuredmedia":[{"embeddable":true,"href":"https:\/\/www.encontraminasgerais.com.br\/itabira\/wp-json\/wp\/v2\/media\/5970"}],"wp:attachment":[{"href":"https:\/\/www.encontraminasgerais.com.br\/itabira\/wp-json\/wp\/v2\/media?parent=5971"}],"wp:term":[{"taxonomy":"category","embeddable":true,"href":"https:\/\/www.encontraminasgerais.com.br\/itabira\/wp-json\/wp\/v2\/categories?post=5971"},{"taxonomy":"post_tag","embeddable":true,"href":"https:\/\/www.encontraminasgerais.com.br\/itabira\/wp-json\/wp\/v2\/tags?post=5971"}],"curies":[{"name":"wp","href":"https:\/\/api.w.org\/{rel}","templated":true}]}}