{"id":6001,"date":"2026-07-09T21:25:04","date_gmt":"2026-07-10T00:25:04","guid":{"rendered":"https:\/\/www.encontraminasgerais.com.br\/itabira\/bernardo-rosa-propoe-audiencia-publica-para-discutir-o-futuro-economico-de-itabira-no-cenario-pos\/"},"modified":"2026-07-09T21:25:04","modified_gmt":"2026-07-10T00:25:04","slug":"bernardo-rosa-propoe-audiencia-publica-para-discutir-o-futuro-economico-de-itabira-no-cenario-pos","status":"publish","type":"post","link":"https:\/\/www.encontraminasgerais.com.br\/itabira\/bernardo-rosa-propoe-audiencia-publica-para-discutir-o-futuro-economico-de-itabira-no-cenario-pos\/","title":{"rendered":"Bernardo Rosa prop\u00f5e audi\u00eancia p\u00fablica para discutir o futuro econ\u00f4mico de Itabira no cen\u00e1rio p\u00f3s"},"content":{"rendered":"<h2>Objetivo da Audi\u00eancia P\u00fablica<\/h2>\n<p>A audi\u00eancia p\u00fablica proposta visa discutir o futuro econ\u00f4mico de Itabira em um cen\u00e1rio em que a minera\u00e7\u00e3o, fundamental para a economia local, deve sofrer uma redu\u00e7\u00e3o significativa nas pr\u00f3ximas d\u00e9cadas. A iniciativa busca incluir a popula\u00e7\u00e3o nas decis\u00f5es sobre o desenvolvimento econ\u00f4mico e alternativas sustent\u00e1veis para a cidade, proporcionando um espa\u00e7o de di\u00e1logo entre diferentes setores da sociedade.<\/p>\n<h2>Import\u00e2ncia do Planejamento Econ\u00f4mico<\/h2>\n<p>O planejamento econ\u00f4mico \u00e9 crucial para garantir a transi\u00e7\u00e3o suave da economia de Itabira, que historicamente depende da minera\u00e7\u00e3o. A proposta de audi\u00eancia p\u00fablica \u00e9 uma resposta \u00e0 necessidade de tra\u00e7ar um novo caminho, com alternativas vi\u00e1veis que garantam a sustentabilidade e a gera\u00e7\u00e3o de empregos. A participa\u00e7\u00e3o da comunidade neste processo \u00e9 vital para construir um futuro que atenda \u00e0s necessidades tanto atuais quanto futuras.<\/p>\n<h2>Impactos da Minera\u00e7\u00e3o em Itabira<\/h2>\n<p>A minera\u00e7\u00e3o tem, por muitos anos, sido a espinha dorsal da economia de Itabira, proporcionando empregos e desenvolvendo a infraestrutura local. No entanto, a depend\u00eancia excessiva desta atividade pode levar a consequ\u00eancias adversas, como a desindustrializa\u00e7\u00e3o e a fragilidade econ\u00f4mica quando a minera\u00e7\u00e3o n\u00e3o for mais vi\u00e1vel. \u00c9 fundamental que a cidade comece a se preparar agora para diversificar sua economia, explorando outras ind\u00fastrias e servi\u00e7os que possam garantir a prosperidade a longo prazo.<\/p>\n<p><img decoding=\"async\" src=\"https:\/\/www.encontraminasgerais.com.br\/itabira\/wp-content\/uploads\/2026\/07\/bernardo-rosa-propoe-audiencia-publica-para-discutir-o-futuro-economico-de-itabira-no-cenario-pos.webp\" alt=\"futuro econ\u00f4mico de Itabira\" loading=\"lazy\" \/><\/p>\n<h2>Quem Participar\u00e1 do Debate?<\/h2>\n<p>A audi\u00eancia p\u00fablica ser\u00e1 uma oportunidade para que diversos stakeholders se re\u00fanam, incluindo:<\/p>\n<ul>\n<li><strong>Poder P\u00fablico:<\/strong> Representantes de diferentes n\u00edveis do governo, que podem trazer diretrizes e pol\u00edticas p\u00fablicas.<\/li>\n<li><strong>Setor Produtivo:<\/strong> Empres\u00e1rios locais e representantes de associa\u00e7\u00f5es comerciais est\u00e3o convidados a debater sobre projetos vi\u00e1veis.<\/li>\n<li><strong>Universidades e Especialistas:<\/strong> Acad\u00eamicos e profissionais que podem fornecer insights e dados essenciais para fundamentar as discuss\u00f5es.<\/li>\n<li><strong>Comunidade:<\/strong> A sociedade civil \u00e9 essencial para que a discuss\u00e3o reflita as demandas e expectativas do povo itabirano.<\/li>\n<\/ul>\n<h2>Alternativas para o Desenvolvimento<\/h2>\n<p>\u00c9 vital que a audi\u00eancia p\u00fablica n\u00e3o apenas analise os problemas, mas tamb\u00e9m proponha alternativas pr\u00e1ticas para o desenvolvimento econ\u00f4mico de Itabira. Algumas sugest\u00f5es incluem:<\/p>\n<ul>\n<li><strong>Incentivo a Pequenas e M\u00e9dias Empresas:<\/strong> Promover um ambiente prop\u00edcio para a instala\u00e7\u00e3o de startups e pequenas ind\u00fastrias pode gerar empregos e reduzir a depend\u00eancia da minera\u00e7\u00e3o.<\/li>\n<li><strong>Turismo Sustent\u00e1vel:<\/strong> Explorar o potencial tur\u00edstico da regi\u00e3o, valorizando o patrim\u00f4nio cultural e natural pode diversificar a fonte de renda da cidade.<\/li>\n<li><strong>Inova\u00e7\u00e3o e Tecnologia:<\/strong> Investir em tecnologia e inova\u00e7\u00e3o para atrair empresas do setor de tecnologia e conhecimento pode criar novas oportunidades de emprego.<\/li>\n<li><strong>Educa\u00e7\u00e3o e Capacita\u00e7\u00e3o:<\/strong> Programas que capacitem a m\u00e3o de obra local em novas \u00e1reas ser\u00e3o essenciais para a transi\u00e7\u00e3o econ\u00f4mica.<\/li>\n<\/ul>\n<h2>Pedido de Esclarecimento<\/h2>\n<p>Com a proposta da audi\u00eancia p\u00fablica, o vereador Bernardo Rosa ressalta a import\u00e2ncia do esclarecimento de como a transi\u00e7\u00e3o ser\u00e1 gerida. Quest\u00f5es precisam ser levantadas sobre o cronograma de implementa\u00e7\u00e3o das novas pol\u00edticas e a aloca\u00e7\u00e3o de recursos, bem como quem ser\u00e1 respons\u00e1vel por cada fase do processo.<\/p>\n<h2>Destaque para a Iniciativa Legislativa<\/h2>\n<p>A iniciativa do vereador Bernardo Rosa para realizar a audi\u00eancia p\u00fablica demonstra uma abordagem proativa em rela\u00e7\u00e3o \u00e0 crise iminente. Ele elucida que a\u00e7\u00f5es concretas s\u00e3o necess\u00e1rias para garantir um futuro economicamente vi\u00e1vel em Itabira, enfatizando que o planejamento n\u00e3o pode ser apenas uma s\u00e9rie de conversas sem a\u00e7\u00e3o efetiva.<\/p>\n<h2>Como a Popula\u00e7\u00e3o Pode Contribuir<\/h2>\n<p>A participa\u00e7\u00e3o do cidad\u00e3o ser\u00e1 fundamental para a efetividade da audi\u00eancia p\u00fablica. Os itabiranos s\u00e3o encorajados a:<\/p>\n<ul>\n<li>Apresentar sugest\u00f5es e ideias que possam ser discutidas na audi\u00eancia.<\/li>\n<li>Participar ativamente, expressando suas preocupa\u00e7\u00f5es e expectativas.<\/li>\n<li>Formar grupos de discuss\u00e3o para uma melhor organiza\u00e7\u00e3o e representa\u00e7\u00e3o de suas vis\u00f5es sobre o futuro econ\u00f4mico.<\/li>\n<\/ul>\n<h2>Novas Frentes de Trabalho em Itabira<\/h2>\n<p>Al\u00e9m das reformas e dos novos investimentos, Itabira deve buscar diversificar suas atividades econ\u00f4micas. Novas frentes de trabalho podem incluir o desenvolvimento de:<\/p>\n<ul>\n<li><strong>Agroneg\u00f3cio:<\/strong> Incentivar pr\u00e1ticas sustent\u00e1veis e promover a agricultura local.<\/li>\n<li><strong>Servi\u00e7os Ambientais:<\/strong> Proteger e explorar os recursos naturais de forma sustent\u00e1vel, gerando receitas sem comprometer a ecologia.<\/li>\n<li><strong>Cultura e Artesanato:<\/strong> Fomentar iniciativas que destaquem a cultura local e o artesanato, atraindo turistas e valorizando a identidade da cidade.<\/li>\n<\/ul>\n<h2>Futuro Sustent\u00e1vel para a Cidade<\/h2>\n<p>O futuro econ\u00f4mico de Itabira deve ser baseado em um modelo sustent\u00e1vel, que respeite o meio ambiente e promova a inclus\u00e3o social. A audi\u00eancia p\u00fablica pode ser o primeiro passo para a cidade estabelecer diretrizes que contemplem n\u00e3o apenas a sobreviv\u00eancia econ\u00f4mica, mas uma prosperidade que seja perene e justa.<\/p>\n","protected":false},"excerpt":{"rendered":"<p>Bernardo Rosa prop\u00f5e audi\u00eancia p\u00fablica para discutir o futuro econ\u00f4mico de Itabira.<\/p>\n","protected":false},"author":1,"featured_media":6000,"comment_status":"open","ping_status":"open","sticky":false,"template":"","format":"standard","meta":{"footnotes":""},"categories":[5],"tags":[],"class_list":["post-6001","post","type-post","status-publish","format-standard","has-post-thumbnail","hentry","category-noticias","has_thumb"],"yoast_head":"<!-- This site is optimized with the Yoast SEO plugin v28.1 - https:\/\/yoast.com\/product\/yoast-seo-wordpress\/ -->\n<title>Bernardo Rosa prop\u00f5e audi\u00eancia p\u00fablica para discutir o futuro econ\u00f4mico de Itabira no cen\u00e1rio p\u00f3s | Guia Comercial de Itabira MG<\/title>\n<meta name=\"robots\" content=\"index, follow, max-snippet:-1, max-image-preview:large, max-video-preview:-1\" \/>\n<link rel=\"canonical\" href=\"https:\/\/www.encontraminasgerais.com.br\/itabira\/bernardo-rosa-propoe-audiencia-publica-para-discutir-o-futuro-economico-de-itabira-no-cenario-pos\/\" \/>\n<meta property=\"og:locale\" content=\"pt_BR\" \/>\n<meta property=\"og:type\" content=\"article\" \/>\n<meta property=\"og:title\" content=\"Bernardo Rosa prop\u00f5e audi\u00eancia p\u00fablica para discutir o futuro econ\u00f4mico de Itabira no cen\u00e1rio p\u00f3s | Guia Comercial de Itabira MG\" \/>\n<meta property=\"og:description\" content=\"Bernardo Rosa prop\u00f5e audi\u00eancia p\u00fablica para discutir o futuro econ\u00f4mico de Itabira.\" \/>\n<meta property=\"og:url\" content=\"https:\/\/www.encontraminasgerais.com.br\/itabira\/bernardo-rosa-propoe-audiencia-publica-para-discutir-o-futuro-economico-de-itabira-no-cenario-pos\/\" \/>\n<meta property=\"og:site_name\" content=\"Guia Comercial de Itabira MG\" \/>\n<meta property=\"article:published_time\" content=\"2026-07-10T00:25:04+00:00\" \/>\n<meta property=\"og:image\" content=\"https:\/\/www.encontraminasgerais.com.br\/itabira\/wp-content\/uploads\/2026\/07\/bernardo-rosa-propoe-audiencia-publica-para-discutir-o-futuro-economico-de-itabira-no-cenario-pos.webp\" \/>\n<meta name=\"author\" content=\"Encontra Itabira\" \/>\n<meta name=\"twitter:card\" content=\"summary_large_image\" \/>\n<meta name=\"twitter:label1\" content=\"Escrito por\" \/>\n\t<meta name=\"twitter:data1\" content=\"Encontra Itabira\" \/>\n\t<meta name=\"twitter:label2\" content=\"Est. tempo de leitura\" \/>\n\t<meta name=\"twitter:data2\" content=\"4 minutos\" \/>\n<script type=\"application\/ld+json\" class=\"yoast-schema-graph\">{\"@context\":\"https:\\\/\\\/schema.org\",\"@graph\":[{\"@type\":\"Article\",\"@id\":\"https:\\\/\\\/www.encontraminasgerais.com.br\\\/itabira\\\/bernardo-rosa-propoe-audiencia-publica-para-discutir-o-futuro-economico-de-itabira-no-cenario-pos\\\/#article\",\"isPartOf\":{\"@id\":\"https:\\\/\\\/www.encontraminasgerais.com.br\\\/itabira\\\/bernardo-rosa-propoe-audiencia-publica-para-discutir-o-futuro-economico-de-itabira-no-cenario-pos\\\/\"},\"author\":{\"name\":\"Encontra Itabira\",\"@id\":\"https:\\\/\\\/www.encontraminasgerais.com.br\\\/itabira\\\/#\\\/schema\\\/person\\\/9ae8a8f5ce59322c92e2499b550870b0\"},\"headline\":\"Bernardo Rosa prop\u00f5e audi\u00eancia p\u00fablica para discutir o futuro econ\u00f4mico de Itabira no cen\u00e1rio p\u00f3s\",\"datePublished\":\"2026-07-10T00:25:04+00:00\",\"mainEntityOfPage\":{\"@id\":\"https:\\\/\\\/www.encontraminasgerais.com.br\\\/itabira\\\/bernardo-rosa-propoe-audiencia-publica-para-discutir-o-futuro-economico-de-itabira-no-cenario-pos\\\/\"},\"wordCount\":848,\"commentCount\":0,\"image\":{\"@id\":\"https:\\\/\\\/www.encontraminasgerais.com.br\\\/itabira\\\/bernardo-rosa-propoe-audiencia-publica-para-discutir-o-futuro-economico-de-itabira-no-cenario-pos\\\/#primaryimage\"},\"thumbnailUrl\":\"https:\\\/\\\/www.encontraminasgerais.com.br\\\/itabira\\\/wp-content\\\/uploads\\\/2026\\\/07\\\/bernardo-rosa-propoe-audiencia-publica-para-discutir-o-futuro-economico-de-itabira-no-cenario-pos.webp\",\"articleSection\":[\"Not\u00edcias Itabira\"],\"inLanguage\":\"pt-BR\",\"potentialAction\":[{\"@type\":\"CommentAction\",\"name\":\"Comment\",\"target\":[\"https:\\\/\\\/www.encontraminasgerais.com.br\\\/itabira\\\/bernardo-rosa-propoe-audiencia-publica-para-discutir-o-futuro-economico-de-itabira-no-cenario-pos\\\/#respond\"]}]},{\"@type\":\"WebPage\",\"@id\":\"https:\\\/\\\/www.encontraminasgerais.com.br\\\/itabira\\\/bernardo-rosa-propoe-audiencia-publica-para-discutir-o-futuro-economico-de-itabira-no-cenario-pos\\\/\",\"url\":\"https:\\\/\\\/www.encontraminasgerais.com.br\\\/itabira\\\/bernardo-rosa-propoe-audiencia-publica-para-discutir-o-futuro-economico-de-itabira-no-cenario-pos\\\/\",\"name\":\"Bernardo Rosa prop\u00f5e audi\u00eancia p\u00fablica para discutir o futuro econ\u00f4mico de Itabira no cen\u00e1rio p\u00f3s | Guia Comercial de Itabira MG\",\"isPartOf\":{\"@id\":\"https:\\\/\\\/www.encontraminasgerais.com.br\\\/itabira\\\/#website\"},\"primaryImageOfPage\":{\"@id\":\"https:\\\/\\\/www.encontraminasgerais.com.br\\\/itabira\\\/bernardo-rosa-propoe-audiencia-publica-para-discutir-o-futuro-economico-de-itabira-no-cenario-pos\\\/#primaryimage\"},\"image\":{\"@id\":\"https:\\\/\\\/www.encontraminasgerais.com.br\\\/itabira\\\/bernardo-rosa-propoe-audiencia-publica-para-discutir-o-futuro-economico-de-itabira-no-cenario-pos\\\/#primaryimage\"},\"thumbnailUrl\":\"https:\\\/\\\/www.encontraminasgerais.com.br\\\/itabira\\\/wp-content\\\/uploads\\\/2026\\\/07\\\/bernardo-rosa-propoe-audiencia-publica-para-discutir-o-futuro-economico-de-itabira-no-cenario-pos.webp\",\"datePublished\":\"2026-07-10T00:25:04+00:00\",\"author\":{\"@id\":\"https:\\\/\\\/www.encontraminasgerais.com.br\\\/itabira\\\/#\\\/schema\\\/person\\\/9ae8a8f5ce59322c92e2499b550870b0\"},\"inLanguage\":\"pt-BR\",\"potentialAction\":[{\"@type\":\"ReadAction\",\"target\":[\"https:\\\/\\\/www.encontraminasgerais.com.br\\\/itabira\\\/bernardo-rosa-propoe-audiencia-publica-para-discutir-o-futuro-economico-de-itabira-no-cenario-pos\\\/\"]}]},{\"@type\":\"ImageObject\",\"inLanguage\":\"pt-BR\",\"@id\":\"https:\\\/\\\/www.encontraminasgerais.com.br\\\/itabira\\\/bernardo-rosa-propoe-audiencia-publica-para-discutir-o-futuro-economico-de-itabira-no-cenario-pos\\\/#primaryimage\",\"url\":\"https:\\\/\\\/www.encontraminasgerais.com.br\\\/itabira\\\/wp-content\\\/uploads\\\/2026\\\/07\\\/bernardo-rosa-propoe-audiencia-publica-para-discutir-o-futuro-economico-de-itabira-no-cenario-pos.webp\",\"contentUrl\":\"https:\\\/\\\/www.encontraminasgerais.com.br\\\/itabira\\\/wp-content\\\/uploads\\\/2026\\\/07\\\/bernardo-rosa-propoe-audiencia-publica-para-discutir-o-futuro-economico-de-itabira-no-cenario-pos.webp\",\"width\":280,\"height\":280,\"caption\":\"futuro econ\u00f4mico de Itabira\"},{\"@type\":\"WebSite\",\"@id\":\"https:\\\/\\\/www.encontraminasgerais.com.br\\\/itabira\\\/#website\",\"url\":\"https:\\\/\\\/www.encontraminasgerais.com.br\\\/itabira\\\/\",\"name\":\"Guia Comercial de Itabira MG\",\"description\":\"ENCONTRA ITABIRA - O guia comercial de neg\u00f3cios e empresas, cultura e divers\u00e3o na cidade de Itabira. Feito 100% para voc\u00ea morador!\",\"potentialAction\":[{\"@type\":\"SearchAction\",\"target\":{\"@type\":\"EntryPoint\",\"urlTemplate\":\"https:\\\/\\\/www.encontraminasgerais.com.br\\\/itabira\\\/?s={search_term_string}\"},\"query-input\":{\"@type\":\"PropertyValueSpecification\",\"valueRequired\":true,\"valueName\":\"search_term_string\"}}],\"inLanguage\":\"pt-BR\"},{\"@type\":\"Person\",\"@id\":\"https:\\\/\\\/www.encontraminasgerais.com.br\\\/itabira\\\/#\\\/schema\\\/person\\\/9ae8a8f5ce59322c92e2499b550870b0\",\"name\":\"Encontra Itabira\",\"image\":{\"@type\":\"ImageObject\",\"inLanguage\":\"pt-BR\",\"@id\":\"https:\\\/\\\/secure.gravatar.com\\\/avatar\\\/c50c17820bcf322f0a8fd6b110b8c0918141409dc69076470f6fca5fee70a5d4?s=96&d=mm&r=g\",\"url\":\"https:\\\/\\\/secure.gravatar.com\\\/avatar\\\/c50c17820bcf322f0a8fd6b110b8c0918141409dc69076470f6fca5fee70a5d4?s=96&d=mm&r=g\",\"contentUrl\":\"https:\\\/\\\/secure.gravatar.com\\\/avatar\\\/c50c17820bcf322f0a8fd6b110b8c0918141409dc69076470f6fca5fee70a5d4?s=96&d=mm&r=g\",\"caption\":\"Encontra Itabira\"},\"url\":\"https:\\\/\\\/www.encontraminasgerais.com.br\\\/itabira\\\/author\\\/encontraitabira\\\/\"}]}<\/script>\n<!-- \/ Yoast SEO plugin. -->","yoast_head_json":{"title":"Bernardo Rosa prop\u00f5e audi\u00eancia p\u00fablica para discutir o futuro econ\u00f4mico de Itabira no cen\u00e1rio p\u00f3s | Guia Comercial de Itabira MG","robots":{"index":"index","follow":"follow","max-snippet":"max-snippet:-1","max-image-preview":"max-image-preview:large","max-video-preview":"max-video-preview:-1"},"canonical":"https:\/\/www.encontraminasgerais.com.br\/itabira\/bernardo-rosa-propoe-audiencia-publica-para-discutir-o-futuro-economico-de-itabira-no-cenario-pos\/","og_locale":"pt_BR","og_type":"article","og_title":"Bernardo Rosa prop\u00f5e audi\u00eancia p\u00fablica para discutir o futuro econ\u00f4mico de Itabira no cen\u00e1rio p\u00f3s | Guia Comercial de Itabira MG","og_description":"Bernardo Rosa prop\u00f5e audi\u00eancia p\u00fablica para discutir o futuro econ\u00f4mico de Itabira.","og_url":"https:\/\/www.encontraminasgerais.com.br\/itabira\/bernardo-rosa-propoe-audiencia-publica-para-discutir-o-futuro-economico-de-itabira-no-cenario-pos\/","og_site_name":"Guia Comercial de Itabira MG","article_published_time":"2026-07-10T00:25:04+00:00","og_image":[{"url":"https:\/\/www.encontraminasgerais.com.br\/itabira\/wp-content\/uploads\/2026\/07\/bernardo-rosa-propoe-audiencia-publica-para-discutir-o-futuro-economico-de-itabira-no-cenario-pos.webp","type":"","width":"","height":""}],"author":"Encontra Itabira","twitter_card":"summary_large_image","twitter_misc":{"Escrito por":"Encontra Itabira","Est. tempo de leitura":"4 minutos"},"schema":{"@context":"https:\/\/schema.org","@graph":[{"@type":"Article","@id":"https:\/\/www.encontraminasgerais.com.br\/itabira\/bernardo-rosa-propoe-audiencia-publica-para-discutir-o-futuro-economico-de-itabira-no-cenario-pos\/#article","isPartOf":{"@id":"https:\/\/www.encontraminasgerais.com.br\/itabira\/bernardo-rosa-propoe-audiencia-publica-para-discutir-o-futuro-economico-de-itabira-no-cenario-pos\/"},"author":{"name":"Encontra Itabira","@id":"https:\/\/www.encontraminasgerais.com.br\/itabira\/#\/schema\/person\/9ae8a8f5ce59322c92e2499b550870b0"},"headline":"Bernardo Rosa prop\u00f5e audi\u00eancia p\u00fablica para discutir o futuro econ\u00f4mico de Itabira no cen\u00e1rio p\u00f3s","datePublished":"2026-07-10T00:25:04+00:00","mainEntityOfPage":{"@id":"https:\/\/www.encontraminasgerais.com.br\/itabira\/bernardo-rosa-propoe-audiencia-publica-para-discutir-o-futuro-economico-de-itabira-no-cenario-pos\/"},"wordCount":848,"commentCount":0,"image":{"@id":"https:\/\/www.encontraminasgerais.com.br\/itabira\/bernardo-rosa-propoe-audiencia-publica-para-discutir-o-futuro-economico-de-itabira-no-cenario-pos\/#primaryimage"},"thumbnailUrl":"https:\/\/www.encontraminasgerais.com.br\/itabira\/wp-content\/uploads\/2026\/07\/bernardo-rosa-propoe-audiencia-publica-para-discutir-o-futuro-economico-de-itabira-no-cenario-pos.webp","articleSection":["Not\u00edcias Itabira"],"inLanguage":"pt-BR","potentialAction":[{"@type":"CommentAction","name":"Comment","target":["https:\/\/www.encontraminasgerais.com.br\/itabira\/bernardo-rosa-propoe-audiencia-publica-para-discutir-o-futuro-economico-de-itabira-no-cenario-pos\/#respond"]}]},{"@type":"WebPage","@id":"https:\/\/www.encontraminasgerais.com.br\/itabira\/bernardo-rosa-propoe-audiencia-publica-para-discutir-o-futuro-economico-de-itabira-no-cenario-pos\/","url":"https:\/\/www.encontraminasgerais.com.br\/itabira\/bernardo-rosa-propoe-audiencia-publica-para-discutir-o-futuro-economico-de-itabira-no-cenario-pos\/","name":"Bernardo Rosa prop\u00f5e audi\u00eancia p\u00fablica para discutir o futuro econ\u00f4mico de Itabira no cen\u00e1rio p\u00f3s | Guia Comercial de Itabira MG","isPartOf":{"@id":"https:\/\/www.encontraminasgerais.com.br\/itabira\/#website"},"primaryImageOfPage":{"@id":"https:\/\/www.encontraminasgerais.com.br\/itabira\/bernardo-rosa-propoe-audiencia-publica-para-discutir-o-futuro-economico-de-itabira-no-cenario-pos\/#primaryimage"},"image":{"@id":"https:\/\/www.encontraminasgerais.com.br\/itabira\/bernardo-rosa-propoe-audiencia-publica-para-discutir-o-futuro-economico-de-itabira-no-cenario-pos\/#primaryimage"},"thumbnailUrl":"https:\/\/www.encontraminasgerais.com.br\/itabira\/wp-content\/uploads\/2026\/07\/bernardo-rosa-propoe-audiencia-publica-para-discutir-o-futuro-economico-de-itabira-no-cenario-pos.webp","datePublished":"2026-07-10T00:25:04+00:00","author":{"@id":"https:\/\/www.encontraminasgerais.com.br\/itabira\/#\/schema\/person\/9ae8a8f5ce59322c92e2499b550870b0"},"inLanguage":"pt-BR","potentialAction":[{"@type":"ReadAction","target":["https:\/\/www.encontraminasgerais.com.br\/itabira\/bernardo-rosa-propoe-audiencia-publica-para-discutir-o-futuro-economico-de-itabira-no-cenario-pos\/"]}]},{"@type":"ImageObject","inLanguage":"pt-BR","@id":"https:\/\/www.encontraminasgerais.com.br\/itabira\/bernardo-rosa-propoe-audiencia-publica-para-discutir-o-futuro-economico-de-itabira-no-cenario-pos\/#primaryimage","url":"https:\/\/www.encontraminasgerais.com.br\/itabira\/wp-content\/uploads\/2026\/07\/bernardo-rosa-propoe-audiencia-publica-para-discutir-o-futuro-economico-de-itabira-no-cenario-pos.webp","contentUrl":"https:\/\/www.encontraminasgerais.com.br\/itabira\/wp-content\/uploads\/2026\/07\/bernardo-rosa-propoe-audiencia-publica-para-discutir-o-futuro-economico-de-itabira-no-cenario-pos.webp","width":280,"height":280,"caption":"futuro econ\u00f4mico de Itabira"},{"@type":"WebSite","@id":"https:\/\/www.encontraminasgerais.com.br\/itabira\/#website","url":"https:\/\/www.encontraminasgerais.com.br\/itabira\/","name":"Guia Comercial de Itabira MG","description":"ENCONTRA ITABIRA - O guia comercial de neg\u00f3cios e empresas, cultura e divers\u00e3o na cidade de Itabira. Feito 100% para voc\u00ea morador!","potentialAction":[{"@type":"SearchAction","target":{"@type":"EntryPoint","urlTemplate":"https:\/\/www.encontraminasgerais.com.br\/itabira\/?s={search_term_string}"},"query-input":{"@type":"PropertyValueSpecification","valueRequired":true,"valueName":"search_term_string"}}],"inLanguage":"pt-BR"},{"@type":"Person","@id":"https:\/\/www.encontraminasgerais.com.br\/itabira\/#\/schema\/person\/9ae8a8f5ce59322c92e2499b550870b0","name":"Encontra Itabira","image":{"@type":"ImageObject","inLanguage":"pt-BR","@id":"https:\/\/secure.gravatar.com\/avatar\/c50c17820bcf322f0a8fd6b110b8c0918141409dc69076470f6fca5fee70a5d4?s=96&d=mm&r=g","url":"https:\/\/secure.gravatar.com\/avatar\/c50c17820bcf322f0a8fd6b110b8c0918141409dc69076470f6fca5fee70a5d4?s=96&d=mm&r=g","contentUrl":"https:\/\/secure.gravatar.com\/avatar\/c50c17820bcf322f0a8fd6b110b8c0918141409dc69076470f6fca5fee70a5d4?s=96&d=mm&r=g","caption":"Encontra Itabira"},"url":"https:\/\/www.encontraminasgerais.com.br\/itabira\/author\/encontraitabira\/"}]}},"_links":{"self":[{"href":"https:\/\/www.encontraminasgerais.com.br\/itabira\/wp-json\/wp\/v2\/posts\/6001","targetHints":{"allow":["GET"]}}],"collection":[{"href":"https:\/\/www.encontraminasgerais.com.br\/itabira\/wp-json\/wp\/v2\/posts"}],"about":[{"href":"https:\/\/www.encontraminasgerais.com.br\/itabira\/wp-json\/wp\/v2\/types\/post"}],"author":[{"embeddable":true,"href":"https:\/\/www.encontraminasgerais.com.br\/itabira\/wp-json\/wp\/v2\/users\/1"}],"replies":[{"embeddable":true,"href":"https:\/\/www.encontraminasgerais.com.br\/itabira\/wp-json\/wp\/v2\/comments?post=6001"}],"version-history":[{"count":0,"href":"https:\/\/www.encontraminasgerais.com.br\/itabira\/wp-json\/wp\/v2\/posts\/6001\/revisions"}],"wp:featuredmedia":[{"embeddable":true,"href":"https:\/\/www.encontraminasgerais.com.br\/itabira\/wp-json\/wp\/v2\/media\/6000"}],"wp:attachment":[{"href":"https:\/\/www.encontraminasgerais.com.br\/itabira\/wp-json\/wp\/v2\/media?parent=6001"}],"wp:term":[{"taxonomy":"category","embeddable":true,"href":"https:\/\/www.encontraminasgerais.com.br\/itabira\/wp-json\/wp\/v2\/categories?post=6001"},{"taxonomy":"post_tag","embeddable":true,"href":"https:\/\/www.encontraminasgerais.com.br\/itabira\/wp-json\/wp\/v2\/tags?post=6001"}],"curies":[{"name":"wp","href":"https:\/\/api.w.org\/{rel}","templated":true}]}}