{"id":6017,"date":"2026-07-13T03:50:39","date_gmt":"2026-07-13T06:50:39","guid":{"rendered":"https:\/\/www.encontraminasgerais.com.br\/itabira\/marcos-torres-gervasio-e-reeleito-presidente-do-crea\/"},"modified":"2026-07-13T03:50:39","modified_gmt":"2026-07-13T06:50:39","slug":"marcos-torres-gervasio-e-reeleito-presidente-do-crea","status":"publish","type":"post","link":"https:\/\/www.encontraminasgerais.com.br\/itabira\/marcos-torres-gervasio-e-reeleito-presidente-do-crea\/","title":{"rendered":"Marcos Torres Gerv\u00e1sio \u00e9 reeleito presidente do Crea"},"content":{"rendered":"<h2>O Processo Eleitoral no Crea-MG<\/h2>\n<p>A elei\u00e7\u00e3o para a presid\u00eancia do Conselho Regional de Engenharia e Agronomia de Minas Gerais, conhecido como Crea-MG, realizou-se de forma inovadora, com um sistema completamente online, permitindo maior acessibilidade aos participantes. Essa abordagem digital garantiu uma participa\u00e7\u00e3o robusta dos profissionais registrados no conselho. O engenheiro civil Marcos Torres Gerv\u00e1sio foi reeleito para presidir a entidade durante o tri\u00eanio 2027-2029, um fato que j\u00e1 demonstra um novo padr\u00e3o nas pr\u00e1ticas eleitorais da institui\u00e7\u00e3o.<\/p>\n<h2>Participa\u00e7\u00e3o dos Profissionais nas Elei\u00e7\u00f5es<\/h2>\n<p>Com mais de 15 mil profissionais das \u00e1reas de engenharia, agronomia e geoci\u00eancias participando do pleito, a vota\u00e7\u00e3o expressou uma forte mobiliza\u00e7\u00e3o dos membros, algo crucial para representatividade e legitimidade das escolhas feitas. Para votar, os participantes precisaram estar em dia com suas obriga\u00e7\u00f5es junto ao Sistema Confea\/Crea, o que garante uma participa\u00e7\u00e3o ativa e consciente da classe.<\/p>\n<h2>Resultados e Vota\u00e7\u00f5es da Elei\u00e7\u00e3o<\/h2>\n<p>O resultado foi amplamente favor\u00e1vel a Gerv\u00e1sio, que obteve mais de 80% dos votos, consolidando sua posi\u00e7\u00e3o e reconhecendo o trabalho desenvolvido na gest\u00e3o anterior. Essa vota\u00e7\u00e3o hist\u00f3rica n\u00e3o apenas confirma a aceita\u00e7\u00e3o de sua lideran\u00e7a, mas tamb\u00e9m exp\u00f5e a necessidade de continuidade em uma \u00e9poca que demanda uma gest\u00e3o robusta e integrada com os profissionais e \u00e0s demandas da sociedade.<\/p>\n<p><img decoding=\"async\" src=\"https:\/\/www.encontraminasgerais.com.br\/itabira\/wp-content\/uploads\/2026\/07\/marcos-torres-gervasio-e-reeleito-presidente-do-crea.webp\" alt=\"Marcos Torres Gerv\u00e1sio reelei\u00e7\u00e3o Crea-MG\" loading=\"lazy\" \/><\/p>\n<h2>O Compromisso de Gerv\u00e1sio com a Classe<\/h2>\n<p>Ap\u00f3s a reelei\u00e7\u00e3o, Gerv\u00e1sio ressaltou que seu novo mandato ser\u00e1 pautado pelo compromisso cont\u00ednuo de aproxima\u00e7\u00e3o das necessidades dos engenheiros com a administra\u00e7\u00e3o p\u00fablica. A sua vis\u00e3o busca promover um canal de comunica\u00e7\u00e3o eficaz que permita aos profissionais expressar suas preocupa\u00e7\u00f5es e sugest\u00f5es, assegurando que a gest\u00e3o do Crea-MG seja realmente representativa.<\/p>\n<h2>Desafios Enfrentados no Tri\u00eanio Anterior<\/h2>\n<p>No tri\u00eanio anterior, Gerv\u00e1sio enfrentou desafios significativos, como a adapta\u00e7\u00e3o \u00e0s novas tecnologias e a necessidade de implementar uma gest\u00e3o mais transparente. Problemas estruturais dentro dos setores representados e as flutua\u00e7\u00f5es no mercado de trabalho em engenharia e agronomia foram pontos cruciais a serem abordados. A supera\u00e7\u00e3o desses obst\u00e1culos foi fundamental para consolidar sua reelei\u00e7\u00e3o.<\/p>\n<h2>Inova\u00e7\u00f5es no Conselho para o Futuro<\/h2>\n<p>A reelei\u00e7\u00e3o de Gerv\u00e1sio tamb\u00e9m traz uma expectativa de inova\u00e7\u00f5es no Crea-MG. Ele planeja introduzir novas plataformas digitais para facilitar a intera\u00e7\u00e3o entre os profissionais e o conselho, al\u00e9m de programas de capacita\u00e7\u00e3o que visem a atualiza\u00e7\u00e3o cont\u00ednua dos membros. A inova\u00e7\u00e3o ser\u00e1 um pilar para responder \u00e0s demandas contempor\u00e2neas do setor, promovendo tamb\u00e9m a inclus\u00e3o de uma gama mais ampla de profissionais na tomada de decis\u00f5es.<\/p>\n<h2>A Import\u00e2ncia da Representatividade Regional<\/h2>\n<p>A reelei\u00e7\u00e3o de Gerv\u00e1sio \u00e9 um reflexo da representatividade desejada para a regi\u00e3o do M\u00e9dio Piracicaba. O fortalecimento das vozes regionais dentro de uma estrutura como o Crea-MG \u00e9 vital para assegurar que as especificidades locais sejam consideradas nas delibera\u00e7\u00f5es e pol\u00edticas do conselho. Gerv\u00e1sio tem demonstrado ao longo dos anos a import\u00e2ncia dessa conex\u00e3o, garantindo que as necessidades regionais sejam levadas em conta nas decis\u00f5es importantes.<\/p>\n<h2>Candidatos e a Competi\u00e7\u00e3o nas Elei\u00e7\u00f5es<\/h2>\n<p>Na corrida eleitoral, Gerv\u00e1sio competiu contra outros dois candidatos, mas a confian\u00e7a expressa pela maioria dos eleitores reflete uma decis\u00e3o coletiva que valorizou a experi\u00eancia e as propostas alinhadas \u00e0s expectativas dos profissionais. Este cen\u00e1rio refor\u00e7a a import\u00e2ncia da prepara\u00e7\u00e3o e do comprometimento na apresenta\u00e7\u00e3o de propostas significativas para a classe, caracter\u00edsticas que Gerv\u00e1sio trouxe \u00e0 mesa.<\/p>\n<h2>Expectativas para o Novo Mandato<\/h2>\n<p>Entrando em seu novo mandato, Gerv\u00e1sio apresenta uma lista de expectativas que inclui o fortalecimento do di\u00e1logo com as entidades formadoras, aprimoramento das condi\u00e7\u00f5es de trabalho dos profissionais e aumento na busca por parcerias que tragam benef\u00edcios diretos \u00e0 categoria. Essa perspectiva de foco em resultados concretos \u00e9 o que sua base de apoio valoriza, denotando uma busca constante pela evolu\u00e7\u00e3o do setor.<\/p>\n<h2>A Relev\u00e2ncia da Gest\u00e3o Digital no Crea-MG<\/h2>\n<p>A gest\u00e3o digital desempenha um papel central no futuro do Crea-MG sob a lideran\u00e7a de Gerv\u00e1sio. O uso de ferramentas digitais n\u00e3o s\u00f3 facilitar\u00e1 processos internos, mas tamb\u00e9m melhorar\u00e1 a comunica\u00e7\u00e3o com os profissionais. A expectativa \u00e9 que essa moderniza\u00e7\u00e3o permita \u00e0 entidade responder de forma mais \u00e1gil \u00e0s demandas do mercado, promovendo uma melhor gest\u00e3o dos recursos e ampliando o alcance das a\u00e7\u00f5es do conselho.<\/p>\n","protected":false},"excerpt":{"rendered":"<p>Marcos Torres Gerv\u00e1sio \u00e9 reeleito presidente do Crea-MG em vota\u00e7\u00e3o hist\u00f3rica.<\/p>\n","protected":false},"author":1,"featured_media":6016,"comment_status":"open","ping_status":"open","sticky":false,"template":"","format":"standard","meta":{"footnotes":""},"categories":[5],"tags":[],"class_list":["post-6017","post","type-post","status-publish","format-standard","has-post-thumbnail","hentry","category-noticias","has_thumb"],"yoast_head":"<!-- This site is optimized with the Yoast SEO plugin v28.1 - https:\/\/yoast.com\/product\/yoast-seo-wordpress\/ -->\n<title>Marcos Torres Gerv\u00e1sio \u00e9 reeleito presidente do Crea | Guia Comercial de Itabira MG<\/title>\n<meta name=\"robots\" content=\"index, follow, max-snippet:-1, max-image-preview:large, max-video-preview:-1\" \/>\n<link rel=\"canonical\" href=\"https:\/\/www.encontraminasgerais.com.br\/itabira\/marcos-torres-gervasio-e-reeleito-presidente-do-crea\/\" \/>\n<meta property=\"og:locale\" content=\"pt_BR\" \/>\n<meta property=\"og:type\" content=\"article\" \/>\n<meta property=\"og:title\" content=\"Marcos Torres Gerv\u00e1sio \u00e9 reeleito presidente do Crea | Guia Comercial de Itabira MG\" \/>\n<meta property=\"og:description\" content=\"Marcos Torres Gerv\u00e1sio \u00e9 reeleito presidente do Crea-MG em vota\u00e7\u00e3o hist\u00f3rica.\" \/>\n<meta property=\"og:url\" content=\"https:\/\/www.encontraminasgerais.com.br\/itabira\/marcos-torres-gervasio-e-reeleito-presidente-do-crea\/\" \/>\n<meta property=\"og:site_name\" content=\"Guia Comercial de Itabira MG\" \/>\n<meta property=\"article:published_time\" content=\"2026-07-13T06:50:39+00:00\" \/>\n<meta property=\"og:image\" content=\"https:\/\/www.encontraminasgerais.com.br\/itabira\/wp-content\/uploads\/2026\/07\/marcos-torres-gervasio-e-reeleito-presidente-do-crea.webp\" \/>\n<meta name=\"author\" content=\"Encontra Itabira\" \/>\n<meta name=\"twitter:card\" content=\"summary_large_image\" \/>\n<meta name=\"twitter:label1\" content=\"Escrito por\" \/>\n\t<meta name=\"twitter:data1\" content=\"Encontra Itabira\" \/>\n\t<meta name=\"twitter:label2\" content=\"Est. tempo de leitura\" \/>\n\t<meta name=\"twitter:data2\" content=\"4 minutos\" \/>\n<script type=\"application\/ld+json\" class=\"yoast-schema-graph\">{\"@context\":\"https:\\\/\\\/schema.org\",\"@graph\":[{\"@type\":\"Article\",\"@id\":\"https:\\\/\\\/www.encontraminasgerais.com.br\\\/itabira\\\/marcos-torres-gervasio-e-reeleito-presidente-do-crea\\\/#article\",\"isPartOf\":{\"@id\":\"https:\\\/\\\/www.encontraminasgerais.com.br\\\/itabira\\\/marcos-torres-gervasio-e-reeleito-presidente-do-crea\\\/\"},\"author\":{\"name\":\"Encontra Itabira\",\"@id\":\"https:\\\/\\\/www.encontraminasgerais.com.br\\\/itabira\\\/#\\\/schema\\\/person\\\/9ae8a8f5ce59322c92e2499b550870b0\"},\"headline\":\"Marcos Torres Gerv\u00e1sio \u00e9 reeleito presidente do Crea\",\"datePublished\":\"2026-07-13T06:50:39+00:00\",\"mainEntityOfPage\":{\"@id\":\"https:\\\/\\\/www.encontraminasgerais.com.br\\\/itabira\\\/marcos-torres-gervasio-e-reeleito-presidente-do-crea\\\/\"},\"wordCount\":781,\"commentCount\":0,\"image\":{\"@id\":\"https:\\\/\\\/www.encontraminasgerais.com.br\\\/itabira\\\/marcos-torres-gervasio-e-reeleito-presidente-do-crea\\\/#primaryimage\"},\"thumbnailUrl\":\"https:\\\/\\\/www.encontraminasgerais.com.br\\\/itabira\\\/wp-content\\\/uploads\\\/2026\\\/07\\\/marcos-torres-gervasio-e-reeleito-presidente-do-crea.webp\",\"articleSection\":[\"Not\u00edcias Itabira\"],\"inLanguage\":\"pt-BR\",\"potentialAction\":[{\"@type\":\"CommentAction\",\"name\":\"Comment\",\"target\":[\"https:\\\/\\\/www.encontraminasgerais.com.br\\\/itabira\\\/marcos-torres-gervasio-e-reeleito-presidente-do-crea\\\/#respond\"]}]},{\"@type\":\"WebPage\",\"@id\":\"https:\\\/\\\/www.encontraminasgerais.com.br\\\/itabira\\\/marcos-torres-gervasio-e-reeleito-presidente-do-crea\\\/\",\"url\":\"https:\\\/\\\/www.encontraminasgerais.com.br\\\/itabira\\\/marcos-torres-gervasio-e-reeleito-presidente-do-crea\\\/\",\"name\":\"Marcos Torres Gerv\u00e1sio \u00e9 reeleito presidente do Crea | Guia Comercial de Itabira MG\",\"isPartOf\":{\"@id\":\"https:\\\/\\\/www.encontraminasgerais.com.br\\\/itabira\\\/#website\"},\"primaryImageOfPage\":{\"@id\":\"https:\\\/\\\/www.encontraminasgerais.com.br\\\/itabira\\\/marcos-torres-gervasio-e-reeleito-presidente-do-crea\\\/#primaryimage\"},\"image\":{\"@id\":\"https:\\\/\\\/www.encontraminasgerais.com.br\\\/itabira\\\/marcos-torres-gervasio-e-reeleito-presidente-do-crea\\\/#primaryimage\"},\"thumbnailUrl\":\"https:\\\/\\\/www.encontraminasgerais.com.br\\\/itabira\\\/wp-content\\\/uploads\\\/2026\\\/07\\\/marcos-torres-gervasio-e-reeleito-presidente-do-crea.webp\",\"datePublished\":\"2026-07-13T06:50:39+00:00\",\"author\":{\"@id\":\"https:\\\/\\\/www.encontraminasgerais.com.br\\\/itabira\\\/#\\\/schema\\\/person\\\/9ae8a8f5ce59322c92e2499b550870b0\"},\"inLanguage\":\"pt-BR\",\"potentialAction\":[{\"@type\":\"ReadAction\",\"target\":[\"https:\\\/\\\/www.encontraminasgerais.com.br\\\/itabira\\\/marcos-torres-gervasio-e-reeleito-presidente-do-crea\\\/\"]}]},{\"@type\":\"ImageObject\",\"inLanguage\":\"pt-BR\",\"@id\":\"https:\\\/\\\/www.encontraminasgerais.com.br\\\/itabira\\\/marcos-torres-gervasio-e-reeleito-presidente-do-crea\\\/#primaryimage\",\"url\":\"https:\\\/\\\/www.encontraminasgerais.com.br\\\/itabira\\\/wp-content\\\/uploads\\\/2026\\\/07\\\/marcos-torres-gervasio-e-reeleito-presidente-do-crea.webp\",\"contentUrl\":\"https:\\\/\\\/www.encontraminasgerais.com.br\\\/itabira\\\/wp-content\\\/uploads\\\/2026\\\/07\\\/marcos-torres-gervasio-e-reeleito-presidente-do-crea.webp\",\"width\":280,\"height\":280,\"caption\":\"Marcos Torres Gerv\u00e1sio reelei\u00e7\u00e3o Crea-MG\"},{\"@type\":\"WebSite\",\"@id\":\"https:\\\/\\\/www.encontraminasgerais.com.br\\\/itabira\\\/#website\",\"url\":\"https:\\\/\\\/www.encontraminasgerais.com.br\\\/itabira\\\/\",\"name\":\"Guia Comercial de Itabira MG\",\"description\":\"ENCONTRA ITABIRA - O guia comercial de neg\u00f3cios e empresas, cultura e divers\u00e3o na cidade de Itabira. Feito 100% para voc\u00ea morador!\",\"potentialAction\":[{\"@type\":\"SearchAction\",\"target\":{\"@type\":\"EntryPoint\",\"urlTemplate\":\"https:\\\/\\\/www.encontraminasgerais.com.br\\\/itabira\\\/?s={search_term_string}\"},\"query-input\":{\"@type\":\"PropertyValueSpecification\",\"valueRequired\":true,\"valueName\":\"search_term_string\"}}],\"inLanguage\":\"pt-BR\"},{\"@type\":\"Person\",\"@id\":\"https:\\\/\\\/www.encontraminasgerais.com.br\\\/itabira\\\/#\\\/schema\\\/person\\\/9ae8a8f5ce59322c92e2499b550870b0\",\"name\":\"Encontra Itabira\",\"image\":{\"@type\":\"ImageObject\",\"inLanguage\":\"pt-BR\",\"@id\":\"https:\\\/\\\/secure.gravatar.com\\\/avatar\\\/c50c17820bcf322f0a8fd6b110b8c0918141409dc69076470f6fca5fee70a5d4?s=96&d=mm&r=g\",\"url\":\"https:\\\/\\\/secure.gravatar.com\\\/avatar\\\/c50c17820bcf322f0a8fd6b110b8c0918141409dc69076470f6fca5fee70a5d4?s=96&d=mm&r=g\",\"contentUrl\":\"https:\\\/\\\/secure.gravatar.com\\\/avatar\\\/c50c17820bcf322f0a8fd6b110b8c0918141409dc69076470f6fca5fee70a5d4?s=96&d=mm&r=g\",\"caption\":\"Encontra Itabira\"},\"url\":\"https:\\\/\\\/www.encontraminasgerais.com.br\\\/itabira\\\/author\\\/encontraitabira\\\/\"}]}<\/script>\n<!-- \/ Yoast SEO plugin. -->","yoast_head_json":{"title":"Marcos Torres Gerv\u00e1sio \u00e9 reeleito presidente do Crea | Guia Comercial de Itabira MG","robots":{"index":"index","follow":"follow","max-snippet":"max-snippet:-1","max-image-preview":"max-image-preview:large","max-video-preview":"max-video-preview:-1"},"canonical":"https:\/\/www.encontraminasgerais.com.br\/itabira\/marcos-torres-gervasio-e-reeleito-presidente-do-crea\/","og_locale":"pt_BR","og_type":"article","og_title":"Marcos Torres Gerv\u00e1sio \u00e9 reeleito presidente do Crea | Guia Comercial de Itabira MG","og_description":"Marcos Torres Gerv\u00e1sio \u00e9 reeleito presidente do Crea-MG em vota\u00e7\u00e3o hist\u00f3rica.","og_url":"https:\/\/www.encontraminasgerais.com.br\/itabira\/marcos-torres-gervasio-e-reeleito-presidente-do-crea\/","og_site_name":"Guia Comercial de Itabira MG","article_published_time":"2026-07-13T06:50:39+00:00","og_image":[{"url":"https:\/\/www.encontraminasgerais.com.br\/itabira\/wp-content\/uploads\/2026\/07\/marcos-torres-gervasio-e-reeleito-presidente-do-crea.webp","type":"","width":"","height":""}],"author":"Encontra Itabira","twitter_card":"summary_large_image","twitter_misc":{"Escrito por":"Encontra Itabira","Est. tempo de leitura":"4 minutos"},"schema":{"@context":"https:\/\/schema.org","@graph":[{"@type":"Article","@id":"https:\/\/www.encontraminasgerais.com.br\/itabira\/marcos-torres-gervasio-e-reeleito-presidente-do-crea\/#article","isPartOf":{"@id":"https:\/\/www.encontraminasgerais.com.br\/itabira\/marcos-torres-gervasio-e-reeleito-presidente-do-crea\/"},"author":{"name":"Encontra Itabira","@id":"https:\/\/www.encontraminasgerais.com.br\/itabira\/#\/schema\/person\/9ae8a8f5ce59322c92e2499b550870b0"},"headline":"Marcos Torres Gerv\u00e1sio \u00e9 reeleito presidente do Crea","datePublished":"2026-07-13T06:50:39+00:00","mainEntityOfPage":{"@id":"https:\/\/www.encontraminasgerais.com.br\/itabira\/marcos-torres-gervasio-e-reeleito-presidente-do-crea\/"},"wordCount":781,"commentCount":0,"image":{"@id":"https:\/\/www.encontraminasgerais.com.br\/itabira\/marcos-torres-gervasio-e-reeleito-presidente-do-crea\/#primaryimage"},"thumbnailUrl":"https:\/\/www.encontraminasgerais.com.br\/itabira\/wp-content\/uploads\/2026\/07\/marcos-torres-gervasio-e-reeleito-presidente-do-crea.webp","articleSection":["Not\u00edcias Itabira"],"inLanguage":"pt-BR","potentialAction":[{"@type":"CommentAction","name":"Comment","target":["https:\/\/www.encontraminasgerais.com.br\/itabira\/marcos-torres-gervasio-e-reeleito-presidente-do-crea\/#respond"]}]},{"@type":"WebPage","@id":"https:\/\/www.encontraminasgerais.com.br\/itabira\/marcos-torres-gervasio-e-reeleito-presidente-do-crea\/","url":"https:\/\/www.encontraminasgerais.com.br\/itabira\/marcos-torres-gervasio-e-reeleito-presidente-do-crea\/","name":"Marcos Torres Gerv\u00e1sio \u00e9 reeleito presidente do Crea | Guia Comercial de Itabira MG","isPartOf":{"@id":"https:\/\/www.encontraminasgerais.com.br\/itabira\/#website"},"primaryImageOfPage":{"@id":"https:\/\/www.encontraminasgerais.com.br\/itabira\/marcos-torres-gervasio-e-reeleito-presidente-do-crea\/#primaryimage"},"image":{"@id":"https:\/\/www.encontraminasgerais.com.br\/itabira\/marcos-torres-gervasio-e-reeleito-presidente-do-crea\/#primaryimage"},"thumbnailUrl":"https:\/\/www.encontraminasgerais.com.br\/itabira\/wp-content\/uploads\/2026\/07\/marcos-torres-gervasio-e-reeleito-presidente-do-crea.webp","datePublished":"2026-07-13T06:50:39+00:00","author":{"@id":"https:\/\/www.encontraminasgerais.com.br\/itabira\/#\/schema\/person\/9ae8a8f5ce59322c92e2499b550870b0"},"inLanguage":"pt-BR","potentialAction":[{"@type":"ReadAction","target":["https:\/\/www.encontraminasgerais.com.br\/itabira\/marcos-torres-gervasio-e-reeleito-presidente-do-crea\/"]}]},{"@type":"ImageObject","inLanguage":"pt-BR","@id":"https:\/\/www.encontraminasgerais.com.br\/itabira\/marcos-torres-gervasio-e-reeleito-presidente-do-crea\/#primaryimage","url":"https:\/\/www.encontraminasgerais.com.br\/itabira\/wp-content\/uploads\/2026\/07\/marcos-torres-gervasio-e-reeleito-presidente-do-crea.webp","contentUrl":"https:\/\/www.encontraminasgerais.com.br\/itabira\/wp-content\/uploads\/2026\/07\/marcos-torres-gervasio-e-reeleito-presidente-do-crea.webp","width":280,"height":280,"caption":"Marcos Torres Gerv\u00e1sio reelei\u00e7\u00e3o Crea-MG"},{"@type":"WebSite","@id":"https:\/\/www.encontraminasgerais.com.br\/itabira\/#website","url":"https:\/\/www.encontraminasgerais.com.br\/itabira\/","name":"Guia Comercial de Itabira MG","description":"ENCONTRA ITABIRA - O guia comercial de neg\u00f3cios e empresas, cultura e divers\u00e3o na cidade de Itabira. Feito 100% para voc\u00ea morador!","potentialAction":[{"@type":"SearchAction","target":{"@type":"EntryPoint","urlTemplate":"https:\/\/www.encontraminasgerais.com.br\/itabira\/?s={search_term_string}"},"query-input":{"@type":"PropertyValueSpecification","valueRequired":true,"valueName":"search_term_string"}}],"inLanguage":"pt-BR"},{"@type":"Person","@id":"https:\/\/www.encontraminasgerais.com.br\/itabira\/#\/schema\/person\/9ae8a8f5ce59322c92e2499b550870b0","name":"Encontra Itabira","image":{"@type":"ImageObject","inLanguage":"pt-BR","@id":"https:\/\/secure.gravatar.com\/avatar\/c50c17820bcf322f0a8fd6b110b8c0918141409dc69076470f6fca5fee70a5d4?s=96&d=mm&r=g","url":"https:\/\/secure.gravatar.com\/avatar\/c50c17820bcf322f0a8fd6b110b8c0918141409dc69076470f6fca5fee70a5d4?s=96&d=mm&r=g","contentUrl":"https:\/\/secure.gravatar.com\/avatar\/c50c17820bcf322f0a8fd6b110b8c0918141409dc69076470f6fca5fee70a5d4?s=96&d=mm&r=g","caption":"Encontra Itabira"},"url":"https:\/\/www.encontraminasgerais.com.br\/itabira\/author\/encontraitabira\/"}]}},"_links":{"self":[{"href":"https:\/\/www.encontraminasgerais.com.br\/itabira\/wp-json\/wp\/v2\/posts\/6017","targetHints":{"allow":["GET"]}}],"collection":[{"href":"https:\/\/www.encontraminasgerais.com.br\/itabira\/wp-json\/wp\/v2\/posts"}],"about":[{"href":"https:\/\/www.encontraminasgerais.com.br\/itabira\/wp-json\/wp\/v2\/types\/post"}],"author":[{"embeddable":true,"href":"https:\/\/www.encontraminasgerais.com.br\/itabira\/wp-json\/wp\/v2\/users\/1"}],"replies":[{"embeddable":true,"href":"https:\/\/www.encontraminasgerais.com.br\/itabira\/wp-json\/wp\/v2\/comments?post=6017"}],"version-history":[{"count":0,"href":"https:\/\/www.encontraminasgerais.com.br\/itabira\/wp-json\/wp\/v2\/posts\/6017\/revisions"}],"wp:featuredmedia":[{"embeddable":true,"href":"https:\/\/www.encontraminasgerais.com.br\/itabira\/wp-json\/wp\/v2\/media\/6016"}],"wp:attachment":[{"href":"https:\/\/www.encontraminasgerais.com.br\/itabira\/wp-json\/wp\/v2\/media?parent=6017"}],"wp:term":[{"taxonomy":"category","embeddable":true,"href":"https:\/\/www.encontraminasgerais.com.br\/itabira\/wp-json\/wp\/v2\/categories?post=6017"},{"taxonomy":"post_tag","embeddable":true,"href":"https:\/\/www.encontraminasgerais.com.br\/itabira\/wp-json\/wp\/v2\/tags?post=6017"}],"curies":[{"name":"wp","href":"https:\/\/api.w.org\/{rel}","templated":true}]}}