{"id":6045,"date":"2026-07-16T14:19:34","date_gmt":"2026-07-16T17:19:34","guid":{"rendered":"https:\/\/www.encontraminasgerais.com.br\/itabira\/prefeito-de-itabira-transfere-simbolicamente-sede-da-prefeitura-para-o-distrito-do-carmo-no-dia-da-padroeira\/"},"modified":"2026-07-16T14:19:34","modified_gmt":"2026-07-16T17:19:34","slug":"prefeito-de-itabira-transfere-simbolicamente-sede-da-prefeitura-para-o-distrito-do-carmo-no-dia-da-padroeira","status":"publish","type":"post","link":"https:\/\/www.encontraminasgerais.com.br\/itabira\/prefeito-de-itabira-transfere-simbolicamente-sede-da-prefeitura-para-o-distrito-do-carmo-no-dia-da-padroeira\/","title":{"rendered":"Prefeito de Itabira transfere simbolicamente sede da Prefeitura para o distrito do Carmo no Dia da Padroeira"},"content":{"rendered":"<h2>O Dia de Nossa Senhora do Carmo<\/h2>\n<p>No dia 16 de julho, as comunidades do distrito do Carmo celebram uma data significativa, o Dia de Nossa Senhora do Carmo, que \u00e9 a padroeira dessa localidade. Este evento \u00e9 uma ocasi\u00e3o especial n\u00e3o apenas para os fi\u00e9is, mas tamb\u00e9m para a gest\u00e3o municipal, que v\u00ea na celebra\u00e7\u00e3o uma oportunidade de refor\u00e7o \u00e0 valoriza\u00e7\u00e3o das tradi\u00e7\u00f5es locais e o fortalecimento dos la\u00e7os comunit\u00e1rios. As festividades normalmente incluem eventos religiosos e culturais, unindo os moradores e promovendo um sentimento de pertencimento e identidade local.<\/p>\n<h2>A Import\u00e2ncia da Transfer\u00eancia Simb\u00f3lica<\/h2>\n<p>A transfer\u00eancia simb\u00f3lica da sede administrativa da Prefeitura de Itabira para o distrito do Carmo, realizada pelo prefeito Marco Ant\u00f4nio Lage, \u00e9 um gesto que vai al\u00e9m de um simples ato cerimonial. Essa a\u00e7\u00e3o exemplifica o compromisso do governo municipal com uma managemento mais inclusiva e descentralizada. A proposta \u00e9 garantir que as comunidades mais distantes da sede municipal n\u00e3o sejam esquecidas e recebam a mesma aten\u00e7\u00e3o que \u00e1reas centrais. Essa estrat\u00e9gia busca atender as necessidades e solicita\u00e7\u00f5es espec\u00edficas dos distritos, promovendo um governo que n\u00e3o esteja apenas distante, mas pr\u00f3ximo aos cidad\u00e3os, seu cotidiano e suas demandas.<\/p>\n<h2>Atividades Administrativas no Distrito do Carmo<\/h2>\n<p>Durante o dia de celebra\u00e7\u00e3o, o prefeito e os secret\u00e1rios municipais visitaram diversas instala\u00e7\u00f5es da comunidade, iniciando uma s\u00e9rie de atividades programadas. Essas visitas t\u00eam como objetivo entender melhor as realidades locais, diagnosticar problemas e planejar interven\u00e7\u00f5es necess\u00e1rias. O dia come\u00e7ou com um encontro entre os l\u00edderes municipais para um di\u00e1logo aberto sobre as prioridades do Carmo, onde ideias e solu\u00e7\u00f5es para melhorar as condi\u00e7\u00f5es de vida da popula\u00e7\u00e3o foram discutidas.<\/p>\n<p><img decoding=\"async\" src=\"https:\/\/www.encontraminasgerais.com.br\/itabira\/wp-content\/uploads\/2026\/07\/prefeito-de-itabira-transfere-simbolicamente-sede-da-prefeitura-para-o-distrito-do-carmo-no-dia-da-p.webp\" alt=\"Prefeito de Itabira\" loading=\"lazy\" \/><\/p>\n<h2>Di\u00e1logo entre Administra\u00e7\u00e3o e Comunidade<\/h2>\n<p>Um dos pontos centrais do dia foi o di\u00e1logo direto entre a administra\u00e7\u00e3o e os cidad\u00e3os. Durante as visitas e intera\u00e7\u00f5es, o prefeito e os secret\u00e1rios ouviram as queixas e sugest\u00f5es dos moradores, criando um espa\u00e7o de troca que favorece a constru\u00e7\u00e3o coletiva de solu\u00e7\u00f5es. Essa pr\u00e1tica n\u00e3o apenas informa a gest\u00e3o sobre as reais necessidades da popula\u00e7\u00e3o, mas tamb\u00e9m incentiva o engajamento c\u00edvico, onde os moradores sentem que fazem parte do processo decis\u00f3rio e t\u00eam voz ativa na administra\u00e7\u00e3o local.<\/p>\n<h2>Reuni\u00e3o entre Prefeito e Secret\u00e1rios<\/h2>\n<p>A condu\u00e7\u00e3o das reuni\u00f5es administrativas no distrito foi uma parte importante para o planejamento das a\u00e7\u00f5es do governo no Carmo. Durante o encontro realizado na Administra\u00e7\u00e3o Distrital, os secret\u00e1rios apresentaram relat\u00f3rios sobre a\u00e7\u00f5es anteriores e discutiram novos projetos que podem ser implementados. A participa\u00e7\u00e3o dos vereadores tamb\u00e9m foi fundamental, pois trazia uma perspectiva pol\u00edtica que ajuda a unir as demandas da comunidade com as a\u00e7\u00f5es governamentais propostas.<\/p>\n<h2>Almo\u00e7o de Confraterniza\u00e7\u00e3o na Lua<\/h2>\n<p>Ap\u00f3s as reuni\u00f5es e atividades administrativas, foi realizado um almo\u00e7o de confraterniza\u00e7\u00e3o, uma excelente oportunidade para fortalecer la\u00e7os entre os membros da administra\u00e7\u00e3o e os cidad\u00e3os. Esse momento foi destinado a celebrar n\u00e3o apenas as conquistas passadas, mas tamb\u00e9m os projetos futuros e a continuidade do trabalho em conjunto. Esse tipo de evento pode ser crucial para construir uma base s\u00f3lida de confian\u00e7a entre a comunidade e seus l\u00edderes, essencial para o sucesso de qualquer iniciativa p\u00fablica.<\/p>\n<h2>A Missa em Homenagem \u00e0 Padroeira<\/h2>\n<p>Encerrando o dia, a participa\u00e7\u00e3o na missa em homenagem \u00e0 Nossa Senhora do Carmo, na Igreja que leva seu nome, destacou a relev\u00e2ncia da f\u00e9 na vida dos moradores. Este evento religioso n\u00e3o representa somente uma rica tradi\u00e7\u00e3o cultural, mas tamb\u00e9m uma oportunidade de uni\u00e3o dos cidad\u00e3os em torno de um prop\u00f3sito maior, fortalecendo a espiritualidade e a coes\u00e3o social. A presen\u00e7a do prefeito e de outros l\u00edderes da comunidade na liturgia evidencia a import\u00e2ncia do suporte institucional \u00e0s manifesta\u00e7\u00f5es religiosas locais.<\/p>\n<h2>Valoriza\u00e7\u00e3o das Tradi\u00e7\u00f5es Locais<\/h2>\n<p>Esse gesto de transferir a sede administrativa representa um compromisso em preservar e valorizar as tradi\u00e7\u00f5es locais que moldam a identidade do bairro. Itabira, rica em cultura e hist\u00f3ria, encontra nas suas celebra\u00e7\u00f5es, como o dia de Nossa Senhora do Carmo, a for\u00e7a que une suas comunidades. Este tipo de celebra\u00e7\u00e3o ajuda a transmitir valores importantes para as gera\u00e7\u00f5es futuras, preservando a heran\u00e7a cultural que \u00e9 essencial para a diversidade do munic\u00edpio.<\/p>\n<h2>A Proposta de Gest\u00e3o Integrada<\/h2>\n<p>A gest\u00e3o integrada promovida pela administra\u00e7\u00e3o de Itabira busca um desenvolvimento que seja sustent\u00e1vel e abrangente. A inten\u00e7\u00e3o \u00e9 garantir que todos os cidad\u00e3os, independentemente de onde residam, possam usufruir dos servi\u00e7os e pol\u00edticas p\u00fablicas de forma igualit\u00e1ria. A intera\u00e7\u00e3o dos gestores com a comunidade \u00e9 parte desse modelo, que prop\u00f5e a descentraliza\u00e7\u00e3o como ferramenta para incluir vozes que normalmente ficam \u00e0 margem das decis\u00f5es administrativas.<\/p>\n<h2>Compromisso com as Comunidades Rurais<\/h2>\n<p>A presen\u00e7a da administra\u00e7\u00e3o municipal no Carmo representa um marco no compromisso reconhecido com as comunidades rurais. Ao destinar esfor\u00e7os a esses locais, a prefeitura reafirma que todas as partes do munic\u00edpio s\u00e3o igualmente importantes. O trato com os distritos visa garantir que as a\u00e7\u00f5es de governo cheguem a todos os cidad\u00e3os, contribuindo para um Itabira mais justo, incluindo a promo\u00e7\u00e3o de infraestrutura, sa\u00fade e educa\u00e7\u00e3o adequadas.<\/p>\n<h2>A Influ\u00eancia no Desenvolvimento Municipal<\/h2>\n<p>A transfer\u00eancia simb\u00f3lica da sede administrativa, portanto, n\u00e3o \u00e9 meramente uma formalidade. Ela revitaliza a ideia de que cada canto de Itabira deve ser ouvido e considerado. As a\u00e7\u00f5es planejadas a partir dessa iniciativa n\u00e3o s\u00f3 t\u00eam o potencial de melhorar a qualidade de vida dos cidad\u00e3os do Carmo, mas tamb\u00e9m podem servir como modelo para outras localidades do munic\u00edpio, demonstrando que um governo pr\u00f3ximo, acess\u00edvel e colaborativo pode transformar realidades.<\/p>\n<h2>Conclus\u00e3o das Atividades<\/h2>\n<p>Ao final do dia, as expectativas criadas em torno da transfer\u00eancia simb\u00f3lica da sede administrativa se concretizam atrav\u00e9s das a\u00e7\u00f5es e dos compromissos assumidos pela administra\u00e7\u00e3o municipal. O di\u00e1logo fluido entre o governo e a comunidade do Carmo serve como um exemplo a ser seguido em outros distritos, enfatizando que a constru\u00e7\u00e3o de uma Itabira melhor depende do envolvimento e da participa\u00e7\u00e3o de todos os seus habitantes.<\/p>\n","protected":false},"excerpt":{"rendered":"<p>Prefeito de Itabira transfere sede da Prefeitura para o distrito do Carmo em homenagem \u00e0 padroeira.<\/p>\n","protected":false},"author":1,"featured_media":6044,"comment_status":"open","ping_status":"open","sticky":false,"template":"","format":"standard","meta":{"footnotes":""},"categories":[5],"tags":[],"class_list":["post-6045","post","type-post","status-publish","format-standard","has-post-thumbnail","hentry","category-noticias","has_thumb"],"yoast_head":"<!-- This site is optimized with the Yoast SEO plugin v28.1 - https:\/\/yoast.com\/product\/yoast-seo-wordpress\/ -->\n<title>Prefeito de Itabira transfere simbolicamente sede da Prefeitura para o distrito do Carmo no Dia da Padroeira | Guia Comercial de Itabira MG<\/title>\n<meta name=\"robots\" content=\"index, follow, max-snippet:-1, max-image-preview:large, max-video-preview:-1\" \/>\n<link rel=\"canonical\" href=\"https:\/\/www.encontraminasgerais.com.br\/itabira\/prefeito-de-itabira-transfere-simbolicamente-sede-da-prefeitura-para-o-distrito-do-carmo-no-dia-da-padroeira\/\" \/>\n<meta property=\"og:locale\" content=\"pt_BR\" \/>\n<meta property=\"og:type\" content=\"article\" \/>\n<meta property=\"og:title\" content=\"Prefeito de Itabira transfere simbolicamente sede da Prefeitura para o distrito do Carmo no Dia da Padroeira | Guia Comercial de Itabira MG\" \/>\n<meta property=\"og:description\" content=\"Prefeito de Itabira transfere sede da Prefeitura para o distrito do Carmo em homenagem \u00e0 padroeira.\" \/>\n<meta property=\"og:url\" content=\"https:\/\/www.encontraminasgerais.com.br\/itabira\/prefeito-de-itabira-transfere-simbolicamente-sede-da-prefeitura-para-o-distrito-do-carmo-no-dia-da-padroeira\/\" \/>\n<meta property=\"og:site_name\" content=\"Guia Comercial de Itabira MG\" \/>\n<meta property=\"article:published_time\" content=\"2026-07-16T17:19:34+00:00\" \/>\n<meta property=\"og:image\" content=\"https:\/\/www.encontraminasgerais.com.br\/itabira\/wp-content\/uploads\/2026\/07\/prefeito-de-itabira-transfere-simbolicamente-sede-da-prefeitura-para-o-distrito-do-carmo-no-dia-da-p.webp\" \/>\n<meta name=\"author\" content=\"Encontra Itabira\" \/>\n<meta name=\"twitter:card\" content=\"summary_large_image\" \/>\n<meta name=\"twitter:label1\" content=\"Escrito por\" \/>\n\t<meta name=\"twitter:data1\" content=\"Encontra Itabira\" \/>\n\t<meta name=\"twitter:label2\" content=\"Est. tempo de leitura\" \/>\n\t<meta name=\"twitter:data2\" content=\"5 minutos\" \/>\n<script type=\"application\/ld+json\" class=\"yoast-schema-graph\">{\"@context\":\"https:\\\/\\\/schema.org\",\"@graph\":[{\"@type\":\"Article\",\"@id\":\"https:\\\/\\\/www.encontraminasgerais.com.br\\\/itabira\\\/prefeito-de-itabira-transfere-simbolicamente-sede-da-prefeitura-para-o-distrito-do-carmo-no-dia-da-padroeira\\\/#article\",\"isPartOf\":{\"@id\":\"https:\\\/\\\/www.encontraminasgerais.com.br\\\/itabira\\\/prefeito-de-itabira-transfere-simbolicamente-sede-da-prefeitura-para-o-distrito-do-carmo-no-dia-da-padroeira\\\/\"},\"author\":{\"name\":\"Encontra Itabira\",\"@id\":\"https:\\\/\\\/www.encontraminasgerais.com.br\\\/itabira\\\/#\\\/schema\\\/person\\\/9ae8a8f5ce59322c92e2499b550870b0\"},\"headline\":\"Prefeito de Itabira transfere simbolicamente sede da Prefeitura para o distrito do Carmo no Dia da Padroeira\",\"datePublished\":\"2026-07-16T17:19:34+00:00\",\"mainEntityOfPage\":{\"@id\":\"https:\\\/\\\/www.encontraminasgerais.com.br\\\/itabira\\\/prefeito-de-itabira-transfere-simbolicamente-sede-da-prefeitura-para-o-distrito-do-carmo-no-dia-da-padroeira\\\/\"},\"wordCount\":1124,\"commentCount\":0,\"image\":{\"@id\":\"https:\\\/\\\/www.encontraminasgerais.com.br\\\/itabira\\\/prefeito-de-itabira-transfere-simbolicamente-sede-da-prefeitura-para-o-distrito-do-carmo-no-dia-da-padroeira\\\/#primaryimage\"},\"thumbnailUrl\":\"https:\\\/\\\/www.encontraminasgerais.com.br\\\/itabira\\\/wp-content\\\/uploads\\\/2026\\\/07\\\/prefeito-de-itabira-transfere-simbolicamente-sede-da-prefeitura-para-o-distrito-do-carmo-no-dia-da-p.webp\",\"articleSection\":[\"Not\u00edcias Itabira\"],\"inLanguage\":\"pt-BR\",\"potentialAction\":[{\"@type\":\"CommentAction\",\"name\":\"Comment\",\"target\":[\"https:\\\/\\\/www.encontraminasgerais.com.br\\\/itabira\\\/prefeito-de-itabira-transfere-simbolicamente-sede-da-prefeitura-para-o-distrito-do-carmo-no-dia-da-padroeira\\\/#respond\"]}]},{\"@type\":\"WebPage\",\"@id\":\"https:\\\/\\\/www.encontraminasgerais.com.br\\\/itabira\\\/prefeito-de-itabira-transfere-simbolicamente-sede-da-prefeitura-para-o-distrito-do-carmo-no-dia-da-padroeira\\\/\",\"url\":\"https:\\\/\\\/www.encontraminasgerais.com.br\\\/itabira\\\/prefeito-de-itabira-transfere-simbolicamente-sede-da-prefeitura-para-o-distrito-do-carmo-no-dia-da-padroeira\\\/\",\"name\":\"Prefeito de Itabira transfere simbolicamente sede da Prefeitura para o distrito do Carmo no Dia da Padroeira | Guia Comercial de Itabira MG\",\"isPartOf\":{\"@id\":\"https:\\\/\\\/www.encontraminasgerais.com.br\\\/itabira\\\/#website\"},\"primaryImageOfPage\":{\"@id\":\"https:\\\/\\\/www.encontraminasgerais.com.br\\\/itabira\\\/prefeito-de-itabira-transfere-simbolicamente-sede-da-prefeitura-para-o-distrito-do-carmo-no-dia-da-padroeira\\\/#primaryimage\"},\"image\":{\"@id\":\"https:\\\/\\\/www.encontraminasgerais.com.br\\\/itabira\\\/prefeito-de-itabira-transfere-simbolicamente-sede-da-prefeitura-para-o-distrito-do-carmo-no-dia-da-padroeira\\\/#primaryimage\"},\"thumbnailUrl\":\"https:\\\/\\\/www.encontraminasgerais.com.br\\\/itabira\\\/wp-content\\\/uploads\\\/2026\\\/07\\\/prefeito-de-itabira-transfere-simbolicamente-sede-da-prefeitura-para-o-distrito-do-carmo-no-dia-da-p.webp\",\"datePublished\":\"2026-07-16T17:19:34+00:00\",\"author\":{\"@id\":\"https:\\\/\\\/www.encontraminasgerais.com.br\\\/itabira\\\/#\\\/schema\\\/person\\\/9ae8a8f5ce59322c92e2499b550870b0\"},\"inLanguage\":\"pt-BR\",\"potentialAction\":[{\"@type\":\"ReadAction\",\"target\":[\"https:\\\/\\\/www.encontraminasgerais.com.br\\\/itabira\\\/prefeito-de-itabira-transfere-simbolicamente-sede-da-prefeitura-para-o-distrito-do-carmo-no-dia-da-padroeira\\\/\"]}]},{\"@type\":\"ImageObject\",\"inLanguage\":\"pt-BR\",\"@id\":\"https:\\\/\\\/www.encontraminasgerais.com.br\\\/itabira\\\/prefeito-de-itabira-transfere-simbolicamente-sede-da-prefeitura-para-o-distrito-do-carmo-no-dia-da-padroeira\\\/#primaryimage\",\"url\":\"https:\\\/\\\/www.encontraminasgerais.com.br\\\/itabira\\\/wp-content\\\/uploads\\\/2026\\\/07\\\/prefeito-de-itabira-transfere-simbolicamente-sede-da-prefeitura-para-o-distrito-do-carmo-no-dia-da-p.webp\",\"contentUrl\":\"https:\\\/\\\/www.encontraminasgerais.com.br\\\/itabira\\\/wp-content\\\/uploads\\\/2026\\\/07\\\/prefeito-de-itabira-transfere-simbolicamente-sede-da-prefeitura-para-o-distrito-do-carmo-no-dia-da-p.webp\",\"width\":280,\"height\":280,\"caption\":\"Prefeito de Itabira\"},{\"@type\":\"WebSite\",\"@id\":\"https:\\\/\\\/www.encontraminasgerais.com.br\\\/itabira\\\/#website\",\"url\":\"https:\\\/\\\/www.encontraminasgerais.com.br\\\/itabira\\\/\",\"name\":\"Guia Comercial de Itabira MG\",\"description\":\"ENCONTRA ITABIRA - O guia comercial de neg\u00f3cios e empresas, cultura e divers\u00e3o na cidade de Itabira. Feito 100% para voc\u00ea morador!\",\"potentialAction\":[{\"@type\":\"SearchAction\",\"target\":{\"@type\":\"EntryPoint\",\"urlTemplate\":\"https:\\\/\\\/www.encontraminasgerais.com.br\\\/itabira\\\/?s={search_term_string}\"},\"query-input\":{\"@type\":\"PropertyValueSpecification\",\"valueRequired\":true,\"valueName\":\"search_term_string\"}}],\"inLanguage\":\"pt-BR\"},{\"@type\":\"Person\",\"@id\":\"https:\\\/\\\/www.encontraminasgerais.com.br\\\/itabira\\\/#\\\/schema\\\/person\\\/9ae8a8f5ce59322c92e2499b550870b0\",\"name\":\"Encontra Itabira\",\"image\":{\"@type\":\"ImageObject\",\"inLanguage\":\"pt-BR\",\"@id\":\"https:\\\/\\\/secure.gravatar.com\\\/avatar\\\/c50c17820bcf322f0a8fd6b110b8c0918141409dc69076470f6fca5fee70a5d4?s=96&d=mm&r=g\",\"url\":\"https:\\\/\\\/secure.gravatar.com\\\/avatar\\\/c50c17820bcf322f0a8fd6b110b8c0918141409dc69076470f6fca5fee70a5d4?s=96&d=mm&r=g\",\"contentUrl\":\"https:\\\/\\\/secure.gravatar.com\\\/avatar\\\/c50c17820bcf322f0a8fd6b110b8c0918141409dc69076470f6fca5fee70a5d4?s=96&d=mm&r=g\",\"caption\":\"Encontra Itabira\"},\"url\":\"https:\\\/\\\/www.encontraminasgerais.com.br\\\/itabira\\\/author\\\/encontraitabira\\\/\"}]}<\/script>\n<!-- \/ Yoast SEO plugin. -->","yoast_head_json":{"title":"Prefeito de Itabira transfere simbolicamente sede da Prefeitura para o distrito do Carmo no Dia da Padroeira | Guia Comercial de Itabira MG","robots":{"index":"index","follow":"follow","max-snippet":"max-snippet:-1","max-image-preview":"max-image-preview:large","max-video-preview":"max-video-preview:-1"},"canonical":"https:\/\/www.encontraminasgerais.com.br\/itabira\/prefeito-de-itabira-transfere-simbolicamente-sede-da-prefeitura-para-o-distrito-do-carmo-no-dia-da-padroeira\/","og_locale":"pt_BR","og_type":"article","og_title":"Prefeito de Itabira transfere simbolicamente sede da Prefeitura para o distrito do Carmo no Dia da Padroeira | Guia Comercial de Itabira MG","og_description":"Prefeito de Itabira transfere sede da Prefeitura para o distrito do Carmo em homenagem \u00e0 padroeira.","og_url":"https:\/\/www.encontraminasgerais.com.br\/itabira\/prefeito-de-itabira-transfere-simbolicamente-sede-da-prefeitura-para-o-distrito-do-carmo-no-dia-da-padroeira\/","og_site_name":"Guia Comercial de Itabira MG","article_published_time":"2026-07-16T17:19:34+00:00","og_image":[{"url":"https:\/\/www.encontraminasgerais.com.br\/itabira\/wp-content\/uploads\/2026\/07\/prefeito-de-itabira-transfere-simbolicamente-sede-da-prefeitura-para-o-distrito-do-carmo-no-dia-da-p.webp","type":"","width":"","height":""}],"author":"Encontra Itabira","twitter_card":"summary_large_image","twitter_misc":{"Escrito por":"Encontra Itabira","Est. tempo de leitura":"5 minutos"},"schema":{"@context":"https:\/\/schema.org","@graph":[{"@type":"Article","@id":"https:\/\/www.encontraminasgerais.com.br\/itabira\/prefeito-de-itabira-transfere-simbolicamente-sede-da-prefeitura-para-o-distrito-do-carmo-no-dia-da-padroeira\/#article","isPartOf":{"@id":"https:\/\/www.encontraminasgerais.com.br\/itabira\/prefeito-de-itabira-transfere-simbolicamente-sede-da-prefeitura-para-o-distrito-do-carmo-no-dia-da-padroeira\/"},"author":{"name":"Encontra Itabira","@id":"https:\/\/www.encontraminasgerais.com.br\/itabira\/#\/schema\/person\/9ae8a8f5ce59322c92e2499b550870b0"},"headline":"Prefeito de Itabira transfere simbolicamente sede da Prefeitura para o distrito do Carmo no Dia da Padroeira","datePublished":"2026-07-16T17:19:34+00:00","mainEntityOfPage":{"@id":"https:\/\/www.encontraminasgerais.com.br\/itabira\/prefeito-de-itabira-transfere-simbolicamente-sede-da-prefeitura-para-o-distrito-do-carmo-no-dia-da-padroeira\/"},"wordCount":1124,"commentCount":0,"image":{"@id":"https:\/\/www.encontraminasgerais.com.br\/itabira\/prefeito-de-itabira-transfere-simbolicamente-sede-da-prefeitura-para-o-distrito-do-carmo-no-dia-da-padroeira\/#primaryimage"},"thumbnailUrl":"https:\/\/www.encontraminasgerais.com.br\/itabira\/wp-content\/uploads\/2026\/07\/prefeito-de-itabira-transfere-simbolicamente-sede-da-prefeitura-para-o-distrito-do-carmo-no-dia-da-p.webp","articleSection":["Not\u00edcias Itabira"],"inLanguage":"pt-BR","potentialAction":[{"@type":"CommentAction","name":"Comment","target":["https:\/\/www.encontraminasgerais.com.br\/itabira\/prefeito-de-itabira-transfere-simbolicamente-sede-da-prefeitura-para-o-distrito-do-carmo-no-dia-da-padroeira\/#respond"]}]},{"@type":"WebPage","@id":"https:\/\/www.encontraminasgerais.com.br\/itabira\/prefeito-de-itabira-transfere-simbolicamente-sede-da-prefeitura-para-o-distrito-do-carmo-no-dia-da-padroeira\/","url":"https:\/\/www.encontraminasgerais.com.br\/itabira\/prefeito-de-itabira-transfere-simbolicamente-sede-da-prefeitura-para-o-distrito-do-carmo-no-dia-da-padroeira\/","name":"Prefeito de Itabira transfere simbolicamente sede da Prefeitura para o distrito do Carmo no Dia da Padroeira | Guia Comercial de Itabira MG","isPartOf":{"@id":"https:\/\/www.encontraminasgerais.com.br\/itabira\/#website"},"primaryImageOfPage":{"@id":"https:\/\/www.encontraminasgerais.com.br\/itabira\/prefeito-de-itabira-transfere-simbolicamente-sede-da-prefeitura-para-o-distrito-do-carmo-no-dia-da-padroeira\/#primaryimage"},"image":{"@id":"https:\/\/www.encontraminasgerais.com.br\/itabira\/prefeito-de-itabira-transfere-simbolicamente-sede-da-prefeitura-para-o-distrito-do-carmo-no-dia-da-padroeira\/#primaryimage"},"thumbnailUrl":"https:\/\/www.encontraminasgerais.com.br\/itabira\/wp-content\/uploads\/2026\/07\/prefeito-de-itabira-transfere-simbolicamente-sede-da-prefeitura-para-o-distrito-do-carmo-no-dia-da-p.webp","datePublished":"2026-07-16T17:19:34+00:00","author":{"@id":"https:\/\/www.encontraminasgerais.com.br\/itabira\/#\/schema\/person\/9ae8a8f5ce59322c92e2499b550870b0"},"inLanguage":"pt-BR","potentialAction":[{"@type":"ReadAction","target":["https:\/\/www.encontraminasgerais.com.br\/itabira\/prefeito-de-itabira-transfere-simbolicamente-sede-da-prefeitura-para-o-distrito-do-carmo-no-dia-da-padroeira\/"]}]},{"@type":"ImageObject","inLanguage":"pt-BR","@id":"https:\/\/www.encontraminasgerais.com.br\/itabira\/prefeito-de-itabira-transfere-simbolicamente-sede-da-prefeitura-para-o-distrito-do-carmo-no-dia-da-padroeira\/#primaryimage","url":"https:\/\/www.encontraminasgerais.com.br\/itabira\/wp-content\/uploads\/2026\/07\/prefeito-de-itabira-transfere-simbolicamente-sede-da-prefeitura-para-o-distrito-do-carmo-no-dia-da-p.webp","contentUrl":"https:\/\/www.encontraminasgerais.com.br\/itabira\/wp-content\/uploads\/2026\/07\/prefeito-de-itabira-transfere-simbolicamente-sede-da-prefeitura-para-o-distrito-do-carmo-no-dia-da-p.webp","width":280,"height":280,"caption":"Prefeito de Itabira"},{"@type":"WebSite","@id":"https:\/\/www.encontraminasgerais.com.br\/itabira\/#website","url":"https:\/\/www.encontraminasgerais.com.br\/itabira\/","name":"Guia Comercial de Itabira MG","description":"ENCONTRA ITABIRA - O guia comercial de neg\u00f3cios e empresas, cultura e divers\u00e3o na cidade de Itabira. Feito 100% para voc\u00ea morador!","potentialAction":[{"@type":"SearchAction","target":{"@type":"EntryPoint","urlTemplate":"https:\/\/www.encontraminasgerais.com.br\/itabira\/?s={search_term_string}"},"query-input":{"@type":"PropertyValueSpecification","valueRequired":true,"valueName":"search_term_string"}}],"inLanguage":"pt-BR"},{"@type":"Person","@id":"https:\/\/www.encontraminasgerais.com.br\/itabira\/#\/schema\/person\/9ae8a8f5ce59322c92e2499b550870b0","name":"Encontra Itabira","image":{"@type":"ImageObject","inLanguage":"pt-BR","@id":"https:\/\/secure.gravatar.com\/avatar\/c50c17820bcf322f0a8fd6b110b8c0918141409dc69076470f6fca5fee70a5d4?s=96&d=mm&r=g","url":"https:\/\/secure.gravatar.com\/avatar\/c50c17820bcf322f0a8fd6b110b8c0918141409dc69076470f6fca5fee70a5d4?s=96&d=mm&r=g","contentUrl":"https:\/\/secure.gravatar.com\/avatar\/c50c17820bcf322f0a8fd6b110b8c0918141409dc69076470f6fca5fee70a5d4?s=96&d=mm&r=g","caption":"Encontra Itabira"},"url":"https:\/\/www.encontraminasgerais.com.br\/itabira\/author\/encontraitabira\/"}]}},"_links":{"self":[{"href":"https:\/\/www.encontraminasgerais.com.br\/itabira\/wp-json\/wp\/v2\/posts\/6045","targetHints":{"allow":["GET"]}}],"collection":[{"href":"https:\/\/www.encontraminasgerais.com.br\/itabira\/wp-json\/wp\/v2\/posts"}],"about":[{"href":"https:\/\/www.encontraminasgerais.com.br\/itabira\/wp-json\/wp\/v2\/types\/post"}],"author":[{"embeddable":true,"href":"https:\/\/www.encontraminasgerais.com.br\/itabira\/wp-json\/wp\/v2\/users\/1"}],"replies":[{"embeddable":true,"href":"https:\/\/www.encontraminasgerais.com.br\/itabira\/wp-json\/wp\/v2\/comments?post=6045"}],"version-history":[{"count":0,"href":"https:\/\/www.encontraminasgerais.com.br\/itabira\/wp-json\/wp\/v2\/posts\/6045\/revisions"}],"wp:featuredmedia":[{"embeddable":true,"href":"https:\/\/www.encontraminasgerais.com.br\/itabira\/wp-json\/wp\/v2\/media\/6044"}],"wp:attachment":[{"href":"https:\/\/www.encontraminasgerais.com.br\/itabira\/wp-json\/wp\/v2\/media?parent=6045"}],"wp:term":[{"taxonomy":"category","embeddable":true,"href":"https:\/\/www.encontraminasgerais.com.br\/itabira\/wp-json\/wp\/v2\/categories?post=6045"},{"taxonomy":"post_tag","embeddable":true,"href":"https:\/\/www.encontraminasgerais.com.br\/itabira\/wp-json\/wp\/v2\/tags?post=6045"}],"curies":[{"name":"wp","href":"https:\/\/api.w.org\/{rel}","templated":true}]}}