{"id":6107,"date":"2026-07-26T01:56:11","date_gmt":"2026-07-26T04:56:11","guid":{"rendered":"https:\/\/www.encontraminasgerais.com.br\/itabira\/praca-da-vila-marilia-costa-passa-a-receber-o-nome-de-claudio-vieira-o-cacaio-em-homenagem-promovida-pela-prefeitura-de-santa-maria-de-itabira\/"},"modified":"2026-07-26T01:56:11","modified_gmt":"2026-07-26T04:56:11","slug":"praca-da-vila-marilia-costa-passa-a-receber-o-nome-de-claudio-vieira-o-cacaio-em-homenagem-promovida-pela-prefeitura-de-santa-maria-de-itabira","status":"publish","type":"post","link":"https:\/\/www.encontraminasgerais.com.br\/itabira\/praca-da-vila-marilia-costa-passa-a-receber-o-nome-de-claudio-vieira-o-cacaio-em-homenagem-promovida-pela-prefeitura-de-santa-maria-de-itabira\/","title":{"rendered":"Pra\u00e7a da Vila Mar\u00edlia Costa passa a receber o nome de Cl\u00e1udio Vieira, o Cacaio, em homenagem promovida pela Prefeitura de Santa Maria de Itabira"},"content":{"rendered":"<h2>A Hist\u00f3rica Pra\u00e7a da Vila Mar\u00edlia Costa<\/h2>\n<p>A Pra\u00e7a da Vila Mar\u00edlia Costa \u00e9 um espa\u00e7o significativo e muito querido na cidade de Santa Maria de Itabira. Frequentemente, ela serve como um LOCAL DE ENCONTRO para a comunidade local, onde fam\u00edlias se re\u00fanem, eventos s\u00e3o realizados e a vida social da regi\u00e3o pulsa. A hist\u00f3ria deste local \u00e9 marcada por diversas atividades e tradi\u00e7\u00f5es que fortaleceram os la\u00e7os entre os moradores, tornando-a um verdadeiro PATRIM\u00d4NIO da cidade.<\/p>\n<h2>Cl\u00e1udio Vieira: O Legado de Cacaio<\/h2>\n<p>Cl\u00e1udio Vieira, carinhosamente conhecido como &#8220;Cacaio&#8221;, foi uma figura ic\u00f4nica da comunidade santamariense. Ele era uma pessoa extremamente soci\u00e1vel, sendo f\u00e1cil encontr\u00e1-lo caminhando pelas ruas com sua caracter\u00edstica caixa de som. Cacaio tinha o dom de criar conex\u00f5es e trazer alegria aos que o cercavam por meio da m\u00fasica. Sua presen\u00e7a se tornou sin\u00f4nimo de felicidade, contribuindo para a cria\u00e7\u00e3o de mem\u00f3rias que ficaram gravadas nos cora\u00e7\u00f5es dos cidad\u00e3os de Santa Maria.<\/p>\n<h2>Revitaliza\u00e7\u00e3o e Seus Benef\u00edcios<\/h2>\n<p>A proposta de revitaliza\u00e7\u00e3o da Pra\u00e7a da Vila Mar\u00edlia Costa, que agora leva o nome de Pra\u00e7a Cl\u00e1udio Vieira (Cacaio), foi uma a\u00e7\u00e3o da Prefeitura de Santa Maria de Itabira visando n\u00e3o apenas melhorar a infraestrutura do local, mas tamb\u00e9m commemor\u00e1-lo como um s\u00edmbolo da amizade e da camaradagem que Cl\u00e1udio representava. Com melhorias implementadas, a pra\u00e7a oferece um ambiente mais acolhedor e funcional, garantindo seguran\u00e7a e conforto aos frequentadores.<\/p>\n<p><img decoding=\"async\" src=\"https:\/\/www.encontraminasgerais.com.br\/itabira\/wp-content\/uploads\/2026\/07\/praca-da-vila-marilia-costa-passa-a-receber-o-nome-de-claudio-vieira-o-cacaio-em-homenagem-promovida.webp\" alt=\"Pra\u00e7a Cl\u00e1udio Vieira\" loading=\"lazy\" \/><\/p>\n<h2>Uma Comunidade em Luto<\/h2>\n<p>A tr\u00e1gica perda de Cl\u00e1udio Vieira, em um acidente de tr\u00e2nsito em 2020, deixou a comunidade em luto. Sua morte gerou um forte sentimento de perda em toda a popula\u00e7\u00e3o, que relembra o calor humano e o amor que ele espalhou por onde passava. A homenagem que a cidade presta com a nova denomina\u00e7\u00e3o da pra\u00e7a \u00e9 uma maneira de manter viva sua lembran\u00e7a e o impacto positivo que ele teve na vida de tantas pessoas.<\/p>\n<h2>Import\u00e2ncia da Mem\u00f3ria Coletiva<\/h2>\n<p>O ato de renomear a pra\u00e7a em homenagem a Cacaio vai muito al\u00e9m de uma simples nomenclatura; \u00e9 um reconocimiento \u00e0 import\u00e2ncia da mem\u00f3ria coletiva. Lembran\u00e7as e homenagens s\u00e3o fundamentais para fortalecer os la\u00e7os comunit\u00e1rios e preservar a hist\u00f3ria de pessoas que fazem a diferen\u00e7a. A Pra\u00e7a Cl\u00e1udio Vieira (Cacaio) dever\u00e1 ser um espa\u00e7o onde todos podem reunir-se, partilhar experi\u00eancias e recordar os momentos alegres que Cla\u00fadio proporcionou.<\/p>\n<h2>Celebra\u00e7\u00e3o da Vida e Amizade<\/h2>\n<p>A cerim\u00f4nia de inaugura\u00e7\u00e3o da revitaliza\u00e7\u00e3o e da nova denomina\u00e7\u00e3o da pra\u00e7a n\u00e3o ser\u00e1 apenas um evento formal, mas uma verdadeira celebra\u00e7\u00e3o da vida e da amizade. Espera-se que o evento atraia n\u00e3o apenas amigos e familiares de Cl\u00e1udio, mas toda a comunidade, que poder\u00e1 se unir em homenagem a uma figura que realmente deixou um legado positivo. M\u00fasica, momentos de lembran\u00e7a e confraterniza\u00e7\u00e3o estar\u00e3o presentes, tornando a cerim\u00f4nia um evento memor\u00e1vel.<\/p>\n<h2>Detalhes da Cerim\u00f4nia<\/h2>\n<p>A cerim\u00f4nia est\u00e1 marcada para acontecer no dia 24 de julho, \u00e0s 18 horas, na pr\u00f3pria pra\u00e7a agora chamada de Pra\u00e7a Cl\u00e1udio Vieira (Cacaio). A prefeitura convida todos os cidad\u00e3os para comparecerem, trazendo suas hist\u00f3rias e lembran\u00e7as, fazendo parte desse momento t\u00e3o significativo. A expectativa \u00e9 de que o evento proporcione v\u00e1rias oportunidades de intera\u00e7\u00e3o e celebra\u00e7\u00e3o entre os presentes.<\/p>\n<h2>Expectativa da Comunidade<\/h2>\n<p>A rea\u00e7\u00e3o da comunidade em rela\u00e7\u00e3o \u00e0 revitaliza\u00e7\u00e3o e \u00e0 homenagem tem sido esmagadoramente positiva. Os moradores expressam seu entusiasmo tanto pela melhoria do espa\u00e7o p\u00fablico quanto pela maneira carinhosa de lembrar de Cl\u00e1udio Vieira. A participa\u00e7\u00e3o de todos \u00e9 esperada, pois testemunhar o renascimento de um espa\u00e7o t\u00e3o estimado gera esperan\u00e7a e alegria.<\/p>\n<h2>Um S\u00edmbolo de Gratid\u00e3o<\/h2>\n<p>A nova Pra\u00e7a Cl\u00e1udio Vieira (Cacaio) representa n\u00e3o apenas um local f\u00edsico dentro da cidade, mas um verdadeiro s\u00edmbolo de gratid\u00e3o da comunidade pelos valores que Cl\u00e1udio personificou. Ela se tornar\u00e1 um ponto de refer\u00eancia, onde hist\u00f3rias ser\u00e3o contadas, novos la\u00e7os ser\u00e3o formados e a hist\u00f3ria de Cacaio continuar\u00e1 viva nas mem\u00f3rias de todos.<\/p>\n<h2>Os Pr\u00f3ximos Passos para a Pra\u00e7a<\/h2>\n<p>Ap\u00f3s a revitaliza\u00e7\u00e3o, a pra\u00e7a dever\u00e1 receber eventos comunit\u00e1rios regulares, que ajudar\u00e3o a manter o esp\u00edrito de Cl\u00e1udio vivo. A prefeitura planeja integrar melhorias cont\u00ednuas na manuten\u00e7\u00e3o e na programa\u00e7\u00e3o do espa\u00e7o, garantindo que ele se torne um ponto de encontro vibrante e alegre para as futuras gera\u00e7\u00f5es. O futuro da Pra\u00e7a Cl\u00e1udio Vieira \u00e9 promissor, prometendo ser um local onde a comunidade pode sempre se reunir para celebrar a vida e a amizade.<\/p>\n","protected":false},"excerpt":{"rendered":"<p>Pra\u00e7a Cl\u00e1udio Vieira \u00e9 revitalizada e homenageia um querido morador.<\/p>\n","protected":false},"author":1,"featured_media":6106,"comment_status":"open","ping_status":"open","sticky":false,"template":"","format":"standard","meta":{"footnotes":""},"categories":[5],"tags":[],"class_list":["post-6107","post","type-post","status-publish","format-standard","has-post-thumbnail","hentry","category-noticias","has_thumb"],"yoast_head":"<!-- This site is optimized with the Yoast SEO plugin v28.1 - https:\/\/yoast.com\/product\/yoast-seo-wordpress\/ -->\n<title>Pra\u00e7a da Vila Mar\u00edlia Costa passa a receber o nome de Cl\u00e1udio Vieira, o Cacaio, em homenagem promovida pela Prefeitura de Santa Maria de Itabira | Guia Comercial de Itabira MG<\/title>\n<meta name=\"robots\" content=\"index, follow, max-snippet:-1, max-image-preview:large, max-video-preview:-1\" \/>\n<link rel=\"canonical\" href=\"https:\/\/www.encontraminasgerais.com.br\/itabira\/praca-da-vila-marilia-costa-passa-a-receber-o-nome-de-claudio-vieira-o-cacaio-em-homenagem-promovida-pela-prefeitura-de-santa-maria-de-itabira\/\" \/>\n<meta property=\"og:locale\" content=\"pt_BR\" \/>\n<meta property=\"og:type\" content=\"article\" \/>\n<meta property=\"og:title\" content=\"Pra\u00e7a da Vila Mar\u00edlia Costa passa a receber o nome de Cl\u00e1udio Vieira, o Cacaio, em homenagem promovida pela Prefeitura de Santa Maria de Itabira | Guia Comercial de Itabira MG\" \/>\n<meta property=\"og:description\" content=\"Pra\u00e7a Cl\u00e1udio Vieira \u00e9 revitalizada e homenageia um querido morador.\" \/>\n<meta property=\"og:url\" content=\"https:\/\/www.encontraminasgerais.com.br\/itabira\/praca-da-vila-marilia-costa-passa-a-receber-o-nome-de-claudio-vieira-o-cacaio-em-homenagem-promovida-pela-prefeitura-de-santa-maria-de-itabira\/\" \/>\n<meta property=\"og:site_name\" content=\"Guia Comercial de Itabira MG\" \/>\n<meta property=\"article:published_time\" content=\"2026-07-26T04:56:11+00:00\" \/>\n<meta property=\"og:image\" content=\"https:\/\/www.encontraminasgerais.com.br\/itabira\/wp-content\/uploads\/2026\/07\/praca-da-vila-marilia-costa-passa-a-receber-o-nome-de-claudio-vieira-o-cacaio-em-homenagem-promovida.webp\" \/>\n<meta name=\"author\" content=\"Encontra Itabira\" \/>\n<meta name=\"twitter:card\" content=\"summary_large_image\" \/>\n<meta name=\"twitter:label1\" content=\"Escrito por\" \/>\n\t<meta name=\"twitter:data1\" content=\"Encontra Itabira\" \/>\n\t<meta name=\"twitter:label2\" content=\"Est. tempo de leitura\" \/>\n\t<meta name=\"twitter:data2\" content=\"4 minutos\" \/>\n<script type=\"application\/ld+json\" class=\"yoast-schema-graph\">{\"@context\":\"https:\\\/\\\/schema.org\",\"@graph\":[{\"@type\":\"Article\",\"@id\":\"https:\\\/\\\/www.encontraminasgerais.com.br\\\/itabira\\\/praca-da-vila-marilia-costa-passa-a-receber-o-nome-de-claudio-vieira-o-cacaio-em-homenagem-promovida-pela-prefeitura-de-santa-maria-de-itabira\\\/#article\",\"isPartOf\":{\"@id\":\"https:\\\/\\\/www.encontraminasgerais.com.br\\\/itabira\\\/praca-da-vila-marilia-costa-passa-a-receber-o-nome-de-claudio-vieira-o-cacaio-em-homenagem-promovida-pela-prefeitura-de-santa-maria-de-itabira\\\/\"},\"author\":{\"name\":\"Encontra Itabira\",\"@id\":\"https:\\\/\\\/www.encontraminasgerais.com.br\\\/itabira\\\/#\\\/schema\\\/person\\\/9ae8a8f5ce59322c92e2499b550870b0\"},\"headline\":\"Pra\u00e7a da Vila Mar\u00edlia Costa passa a receber o nome de Cl\u00e1udio Vieira, o Cacaio, em homenagem promovida pela Prefeitura de Santa Maria de Itabira\",\"datePublished\":\"2026-07-26T04:56:11+00:00\",\"mainEntityOfPage\":{\"@id\":\"https:\\\/\\\/www.encontraminasgerais.com.br\\\/itabira\\\/praca-da-vila-marilia-costa-passa-a-receber-o-nome-de-claudio-vieira-o-cacaio-em-homenagem-promovida-pela-prefeitura-de-santa-maria-de-itabira\\\/\"},\"wordCount\":870,\"commentCount\":0,\"image\":{\"@id\":\"https:\\\/\\\/www.encontraminasgerais.com.br\\\/itabira\\\/praca-da-vila-marilia-costa-passa-a-receber-o-nome-de-claudio-vieira-o-cacaio-em-homenagem-promovida-pela-prefeitura-de-santa-maria-de-itabira\\\/#primaryimage\"},\"thumbnailUrl\":\"https:\\\/\\\/www.encontraminasgerais.com.br\\\/itabira\\\/wp-content\\\/uploads\\\/2026\\\/07\\\/praca-da-vila-marilia-costa-passa-a-receber-o-nome-de-claudio-vieira-o-cacaio-em-homenagem-promovida.webp\",\"articleSection\":[\"Not\u00edcias Itabira\"],\"inLanguage\":\"pt-BR\",\"potentialAction\":[{\"@type\":\"CommentAction\",\"name\":\"Comment\",\"target\":[\"https:\\\/\\\/www.encontraminasgerais.com.br\\\/itabira\\\/praca-da-vila-marilia-costa-passa-a-receber-o-nome-de-claudio-vieira-o-cacaio-em-homenagem-promovida-pela-prefeitura-de-santa-maria-de-itabira\\\/#respond\"]}]},{\"@type\":\"WebPage\",\"@id\":\"https:\\\/\\\/www.encontraminasgerais.com.br\\\/itabira\\\/praca-da-vila-marilia-costa-passa-a-receber-o-nome-de-claudio-vieira-o-cacaio-em-homenagem-promovida-pela-prefeitura-de-santa-maria-de-itabira\\\/\",\"url\":\"https:\\\/\\\/www.encontraminasgerais.com.br\\\/itabira\\\/praca-da-vila-marilia-costa-passa-a-receber-o-nome-de-claudio-vieira-o-cacaio-em-homenagem-promovida-pela-prefeitura-de-santa-maria-de-itabira\\\/\",\"name\":\"Pra\u00e7a da Vila Mar\u00edlia Costa passa a receber o nome de Cl\u00e1udio Vieira, o Cacaio, em homenagem promovida pela Prefeitura de Santa Maria de Itabira | Guia Comercial de Itabira MG\",\"isPartOf\":{\"@id\":\"https:\\\/\\\/www.encontraminasgerais.com.br\\\/itabira\\\/#website\"},\"primaryImageOfPage\":{\"@id\":\"https:\\\/\\\/www.encontraminasgerais.com.br\\\/itabira\\\/praca-da-vila-marilia-costa-passa-a-receber-o-nome-de-claudio-vieira-o-cacaio-em-homenagem-promovida-pela-prefeitura-de-santa-maria-de-itabira\\\/#primaryimage\"},\"image\":{\"@id\":\"https:\\\/\\\/www.encontraminasgerais.com.br\\\/itabira\\\/praca-da-vila-marilia-costa-passa-a-receber-o-nome-de-claudio-vieira-o-cacaio-em-homenagem-promovida-pela-prefeitura-de-santa-maria-de-itabira\\\/#primaryimage\"},\"thumbnailUrl\":\"https:\\\/\\\/www.encontraminasgerais.com.br\\\/itabira\\\/wp-content\\\/uploads\\\/2026\\\/07\\\/praca-da-vila-marilia-costa-passa-a-receber-o-nome-de-claudio-vieira-o-cacaio-em-homenagem-promovida.webp\",\"datePublished\":\"2026-07-26T04:56:11+00:00\",\"author\":{\"@id\":\"https:\\\/\\\/www.encontraminasgerais.com.br\\\/itabira\\\/#\\\/schema\\\/person\\\/9ae8a8f5ce59322c92e2499b550870b0\"},\"inLanguage\":\"pt-BR\",\"potentialAction\":[{\"@type\":\"ReadAction\",\"target\":[\"https:\\\/\\\/www.encontraminasgerais.com.br\\\/itabira\\\/praca-da-vila-marilia-costa-passa-a-receber-o-nome-de-claudio-vieira-o-cacaio-em-homenagem-promovida-pela-prefeitura-de-santa-maria-de-itabira\\\/\"]}]},{\"@type\":\"ImageObject\",\"inLanguage\":\"pt-BR\",\"@id\":\"https:\\\/\\\/www.encontraminasgerais.com.br\\\/itabira\\\/praca-da-vila-marilia-costa-passa-a-receber-o-nome-de-claudio-vieira-o-cacaio-em-homenagem-promovida-pela-prefeitura-de-santa-maria-de-itabira\\\/#primaryimage\",\"url\":\"https:\\\/\\\/www.encontraminasgerais.com.br\\\/itabira\\\/wp-content\\\/uploads\\\/2026\\\/07\\\/praca-da-vila-marilia-costa-passa-a-receber-o-nome-de-claudio-vieira-o-cacaio-em-homenagem-promovida.webp\",\"contentUrl\":\"https:\\\/\\\/www.encontraminasgerais.com.br\\\/itabira\\\/wp-content\\\/uploads\\\/2026\\\/07\\\/praca-da-vila-marilia-costa-passa-a-receber-o-nome-de-claudio-vieira-o-cacaio-em-homenagem-promovida.webp\",\"width\":280,\"height\":280,\"caption\":\"Pra\u00e7a Cl\u00e1udio Vieira\"},{\"@type\":\"WebSite\",\"@id\":\"https:\\\/\\\/www.encontraminasgerais.com.br\\\/itabira\\\/#website\",\"url\":\"https:\\\/\\\/www.encontraminasgerais.com.br\\\/itabira\\\/\",\"name\":\"Guia Comercial de Itabira MG\",\"description\":\"ENCONTRA ITABIRA - O guia comercial de neg\u00f3cios e empresas, cultura e divers\u00e3o na cidade de Itabira. Feito 100% para voc\u00ea morador!\",\"potentialAction\":[{\"@type\":\"SearchAction\",\"target\":{\"@type\":\"EntryPoint\",\"urlTemplate\":\"https:\\\/\\\/www.encontraminasgerais.com.br\\\/itabira\\\/?s={search_term_string}\"},\"query-input\":{\"@type\":\"PropertyValueSpecification\",\"valueRequired\":true,\"valueName\":\"search_term_string\"}}],\"inLanguage\":\"pt-BR\"},{\"@type\":\"Person\",\"@id\":\"https:\\\/\\\/www.encontraminasgerais.com.br\\\/itabira\\\/#\\\/schema\\\/person\\\/9ae8a8f5ce59322c92e2499b550870b0\",\"name\":\"Encontra Itabira\",\"image\":{\"@type\":\"ImageObject\",\"inLanguage\":\"pt-BR\",\"@id\":\"https:\\\/\\\/secure.gravatar.com\\\/avatar\\\/c50c17820bcf322f0a8fd6b110b8c0918141409dc69076470f6fca5fee70a5d4?s=96&d=mm&r=g\",\"url\":\"https:\\\/\\\/secure.gravatar.com\\\/avatar\\\/c50c17820bcf322f0a8fd6b110b8c0918141409dc69076470f6fca5fee70a5d4?s=96&d=mm&r=g\",\"contentUrl\":\"https:\\\/\\\/secure.gravatar.com\\\/avatar\\\/c50c17820bcf322f0a8fd6b110b8c0918141409dc69076470f6fca5fee70a5d4?s=96&d=mm&r=g\",\"caption\":\"Encontra Itabira\"},\"url\":\"https:\\\/\\\/www.encontraminasgerais.com.br\\\/itabira\\\/author\\\/encontraitabira\\\/\"}]}<\/script>\n<!-- \/ Yoast SEO plugin. -->","yoast_head_json":{"title":"Pra\u00e7a da Vila Mar\u00edlia Costa passa a receber o nome de Cl\u00e1udio Vieira, o Cacaio, em homenagem promovida pela Prefeitura de Santa Maria de Itabira | Guia Comercial de Itabira MG","robots":{"index":"index","follow":"follow","max-snippet":"max-snippet:-1","max-image-preview":"max-image-preview:large","max-video-preview":"max-video-preview:-1"},"canonical":"https:\/\/www.encontraminasgerais.com.br\/itabira\/praca-da-vila-marilia-costa-passa-a-receber-o-nome-de-claudio-vieira-o-cacaio-em-homenagem-promovida-pela-prefeitura-de-santa-maria-de-itabira\/","og_locale":"pt_BR","og_type":"article","og_title":"Pra\u00e7a da Vila Mar\u00edlia Costa passa a receber o nome de Cl\u00e1udio Vieira, o Cacaio, em homenagem promovida pela Prefeitura de Santa Maria de Itabira | Guia Comercial de Itabira MG","og_description":"Pra\u00e7a Cl\u00e1udio Vieira \u00e9 revitalizada e homenageia um querido morador.","og_url":"https:\/\/www.encontraminasgerais.com.br\/itabira\/praca-da-vila-marilia-costa-passa-a-receber-o-nome-de-claudio-vieira-o-cacaio-em-homenagem-promovida-pela-prefeitura-de-santa-maria-de-itabira\/","og_site_name":"Guia Comercial de Itabira MG","article_published_time":"2026-07-26T04:56:11+00:00","og_image":[{"url":"https:\/\/www.encontraminasgerais.com.br\/itabira\/wp-content\/uploads\/2026\/07\/praca-da-vila-marilia-costa-passa-a-receber-o-nome-de-claudio-vieira-o-cacaio-em-homenagem-promovida.webp","type":"","width":"","height":""}],"author":"Encontra Itabira","twitter_card":"summary_large_image","twitter_misc":{"Escrito por":"Encontra Itabira","Est. tempo de leitura":"4 minutos"},"schema":{"@context":"https:\/\/schema.org","@graph":[{"@type":"Article","@id":"https:\/\/www.encontraminasgerais.com.br\/itabira\/praca-da-vila-marilia-costa-passa-a-receber-o-nome-de-claudio-vieira-o-cacaio-em-homenagem-promovida-pela-prefeitura-de-santa-maria-de-itabira\/#article","isPartOf":{"@id":"https:\/\/www.encontraminasgerais.com.br\/itabira\/praca-da-vila-marilia-costa-passa-a-receber-o-nome-de-claudio-vieira-o-cacaio-em-homenagem-promovida-pela-prefeitura-de-santa-maria-de-itabira\/"},"author":{"name":"Encontra Itabira","@id":"https:\/\/www.encontraminasgerais.com.br\/itabira\/#\/schema\/person\/9ae8a8f5ce59322c92e2499b550870b0"},"headline":"Pra\u00e7a da Vila Mar\u00edlia Costa passa a receber o nome de Cl\u00e1udio Vieira, o Cacaio, em homenagem promovida pela Prefeitura de Santa Maria de Itabira","datePublished":"2026-07-26T04:56:11+00:00","mainEntityOfPage":{"@id":"https:\/\/www.encontraminasgerais.com.br\/itabira\/praca-da-vila-marilia-costa-passa-a-receber-o-nome-de-claudio-vieira-o-cacaio-em-homenagem-promovida-pela-prefeitura-de-santa-maria-de-itabira\/"},"wordCount":870,"commentCount":0,"image":{"@id":"https:\/\/www.encontraminasgerais.com.br\/itabira\/praca-da-vila-marilia-costa-passa-a-receber-o-nome-de-claudio-vieira-o-cacaio-em-homenagem-promovida-pela-prefeitura-de-santa-maria-de-itabira\/#primaryimage"},"thumbnailUrl":"https:\/\/www.encontraminasgerais.com.br\/itabira\/wp-content\/uploads\/2026\/07\/praca-da-vila-marilia-costa-passa-a-receber-o-nome-de-claudio-vieira-o-cacaio-em-homenagem-promovida.webp","articleSection":["Not\u00edcias Itabira"],"inLanguage":"pt-BR","potentialAction":[{"@type":"CommentAction","name":"Comment","target":["https:\/\/www.encontraminasgerais.com.br\/itabira\/praca-da-vila-marilia-costa-passa-a-receber-o-nome-de-claudio-vieira-o-cacaio-em-homenagem-promovida-pela-prefeitura-de-santa-maria-de-itabira\/#respond"]}]},{"@type":"WebPage","@id":"https:\/\/www.encontraminasgerais.com.br\/itabira\/praca-da-vila-marilia-costa-passa-a-receber-o-nome-de-claudio-vieira-o-cacaio-em-homenagem-promovida-pela-prefeitura-de-santa-maria-de-itabira\/","url":"https:\/\/www.encontraminasgerais.com.br\/itabira\/praca-da-vila-marilia-costa-passa-a-receber-o-nome-de-claudio-vieira-o-cacaio-em-homenagem-promovida-pela-prefeitura-de-santa-maria-de-itabira\/","name":"Pra\u00e7a da Vila Mar\u00edlia Costa passa a receber o nome de Cl\u00e1udio Vieira, o Cacaio, em homenagem promovida pela Prefeitura de Santa Maria de Itabira | Guia Comercial de Itabira MG","isPartOf":{"@id":"https:\/\/www.encontraminasgerais.com.br\/itabira\/#website"},"primaryImageOfPage":{"@id":"https:\/\/www.encontraminasgerais.com.br\/itabira\/praca-da-vila-marilia-costa-passa-a-receber-o-nome-de-claudio-vieira-o-cacaio-em-homenagem-promovida-pela-prefeitura-de-santa-maria-de-itabira\/#primaryimage"},"image":{"@id":"https:\/\/www.encontraminasgerais.com.br\/itabira\/praca-da-vila-marilia-costa-passa-a-receber-o-nome-de-claudio-vieira-o-cacaio-em-homenagem-promovida-pela-prefeitura-de-santa-maria-de-itabira\/#primaryimage"},"thumbnailUrl":"https:\/\/www.encontraminasgerais.com.br\/itabira\/wp-content\/uploads\/2026\/07\/praca-da-vila-marilia-costa-passa-a-receber-o-nome-de-claudio-vieira-o-cacaio-em-homenagem-promovida.webp","datePublished":"2026-07-26T04:56:11+00:00","author":{"@id":"https:\/\/www.encontraminasgerais.com.br\/itabira\/#\/schema\/person\/9ae8a8f5ce59322c92e2499b550870b0"},"inLanguage":"pt-BR","potentialAction":[{"@type":"ReadAction","target":["https:\/\/www.encontraminasgerais.com.br\/itabira\/praca-da-vila-marilia-costa-passa-a-receber-o-nome-de-claudio-vieira-o-cacaio-em-homenagem-promovida-pela-prefeitura-de-santa-maria-de-itabira\/"]}]},{"@type":"ImageObject","inLanguage":"pt-BR","@id":"https:\/\/www.encontraminasgerais.com.br\/itabira\/praca-da-vila-marilia-costa-passa-a-receber-o-nome-de-claudio-vieira-o-cacaio-em-homenagem-promovida-pela-prefeitura-de-santa-maria-de-itabira\/#primaryimage","url":"https:\/\/www.encontraminasgerais.com.br\/itabira\/wp-content\/uploads\/2026\/07\/praca-da-vila-marilia-costa-passa-a-receber-o-nome-de-claudio-vieira-o-cacaio-em-homenagem-promovida.webp","contentUrl":"https:\/\/www.encontraminasgerais.com.br\/itabira\/wp-content\/uploads\/2026\/07\/praca-da-vila-marilia-costa-passa-a-receber-o-nome-de-claudio-vieira-o-cacaio-em-homenagem-promovida.webp","width":280,"height":280,"caption":"Pra\u00e7a Cl\u00e1udio Vieira"},{"@type":"WebSite","@id":"https:\/\/www.encontraminasgerais.com.br\/itabira\/#website","url":"https:\/\/www.encontraminasgerais.com.br\/itabira\/","name":"Guia Comercial de Itabira MG","description":"ENCONTRA ITABIRA - O guia comercial de neg\u00f3cios e empresas, cultura e divers\u00e3o na cidade de Itabira. Feito 100% para voc\u00ea morador!","potentialAction":[{"@type":"SearchAction","target":{"@type":"EntryPoint","urlTemplate":"https:\/\/www.encontraminasgerais.com.br\/itabira\/?s={search_term_string}"},"query-input":{"@type":"PropertyValueSpecification","valueRequired":true,"valueName":"search_term_string"}}],"inLanguage":"pt-BR"},{"@type":"Person","@id":"https:\/\/www.encontraminasgerais.com.br\/itabira\/#\/schema\/person\/9ae8a8f5ce59322c92e2499b550870b0","name":"Encontra Itabira","image":{"@type":"ImageObject","inLanguage":"pt-BR","@id":"https:\/\/secure.gravatar.com\/avatar\/c50c17820bcf322f0a8fd6b110b8c0918141409dc69076470f6fca5fee70a5d4?s=96&d=mm&r=g","url":"https:\/\/secure.gravatar.com\/avatar\/c50c17820bcf322f0a8fd6b110b8c0918141409dc69076470f6fca5fee70a5d4?s=96&d=mm&r=g","contentUrl":"https:\/\/secure.gravatar.com\/avatar\/c50c17820bcf322f0a8fd6b110b8c0918141409dc69076470f6fca5fee70a5d4?s=96&d=mm&r=g","caption":"Encontra Itabira"},"url":"https:\/\/www.encontraminasgerais.com.br\/itabira\/author\/encontraitabira\/"}]}},"_links":{"self":[{"href":"https:\/\/www.encontraminasgerais.com.br\/itabira\/wp-json\/wp\/v2\/posts\/6107","targetHints":{"allow":["GET"]}}],"collection":[{"href":"https:\/\/www.encontraminasgerais.com.br\/itabira\/wp-json\/wp\/v2\/posts"}],"about":[{"href":"https:\/\/www.encontraminasgerais.com.br\/itabira\/wp-json\/wp\/v2\/types\/post"}],"author":[{"embeddable":true,"href":"https:\/\/www.encontraminasgerais.com.br\/itabira\/wp-json\/wp\/v2\/users\/1"}],"replies":[{"embeddable":true,"href":"https:\/\/www.encontraminasgerais.com.br\/itabira\/wp-json\/wp\/v2\/comments?post=6107"}],"version-history":[{"count":0,"href":"https:\/\/www.encontraminasgerais.com.br\/itabira\/wp-json\/wp\/v2\/posts\/6107\/revisions"}],"wp:featuredmedia":[{"embeddable":true,"href":"https:\/\/www.encontraminasgerais.com.br\/itabira\/wp-json\/wp\/v2\/media\/6106"}],"wp:attachment":[{"href":"https:\/\/www.encontraminasgerais.com.br\/itabira\/wp-json\/wp\/v2\/media?parent=6107"}],"wp:term":[{"taxonomy":"category","embeddable":true,"href":"https:\/\/www.encontraminasgerais.com.br\/itabira\/wp-json\/wp\/v2\/categories?post=6107"},{"taxonomy":"post_tag","embeddable":true,"href":"https:\/\/www.encontraminasgerais.com.br\/itabira\/wp-json\/wp\/v2\/tags?post=6107"}],"curies":[{"name":"wp","href":"https:\/\/api.w.org\/{rel}","templated":true}]}}