{"id":6113,"date":"2026-07-26T02:00:24","date_gmt":"2026-07-26T05:00:24","guid":{"rendered":"https:\/\/www.encontraminasgerais.com.br\/itabira\/quincas-da-viola-e-diego-goncalves-comandam-a-proxima-roda-de-viola-em-ipoema\/"},"modified":"2026-07-26T02:00:24","modified_gmt":"2026-07-26T05:00:24","slug":"quincas-da-viola-e-diego-goncalves-comandam-a-proxima-roda-de-viola-em-ipoema","status":"publish","type":"post","link":"https:\/\/www.encontraminasgerais.com.br\/itabira\/quincas-da-viola-e-diego-goncalves-comandam-a-proxima-roda-de-viola-em-ipoema\/","title":{"rendered":"Quincas da Viola e Diego Gon\u00e7alves comandam a pr\u00f3xima Roda de Viola em Ipoema"},"content":{"rendered":"<h2>Atra\u00e7\u00f5es Imperd\u00edveis da Roda de Viola<\/h2>\n<p>A Roda de Viola \u00e9 uma celebra\u00e7\u00e3o vibrante e rica em cultura que promete entreter a todos os participantes. Nesta edi\u00e7\u00e3o, o evento ter\u00e1 apresenta\u00e7\u00f5es de artistas renomados que representam a ess\u00eancia da m\u00fasica sertaneja de raiz. Entre as atra\u00e7\u00f5es principais da noite, est\u00e3o Quincas da Viola e Diego Gon\u00e7alves, dois nomes respeitados no cen\u00e1rio musical, que trar\u00e3o ao p\u00fablico n\u00e3o s\u00f3 suas can\u00e7\u00f5es, mas tamb\u00e9m um pedacinho da tradi\u00e7\u00e3o e da hist\u00f3ria musical do Brasil.<\/p>\n<h2>Data e Local do Evento<\/h2>\n<p>A pr\u00f3xima Roda de Viola est\u00e1 marcada para o dia 25 de julho de 2026, come\u00e7ando \u00e0s 20h. O evento ocorrer\u00e1 na Pra\u00e7a Augusto Guerra, situada no distrito de Ipoema, em Itabira. Este local \u00e9 ideal para a realiza\u00e7\u00e3o da atividade, proporcionando um ambiente acolhedor e agrad\u00e1vel para os presentes.<\/p>\n<h2>Visite a Pra\u00e7a Augusto Guerra<\/h2>\n<p>A Pra\u00e7a Augusto Guerra \u00e9 um espa\u00e7o emblem\u00e1tico e um dos pontos de encontro mais queridos da comunidade local. Sua estrutura e espa\u00e7o aberto tornam o local perfeito para eventos ao ar livre. Durante a Roda de Viola, os visitantes poder\u00e3o desfrutar n\u00e3o apenas das performances musicais, mas tamb\u00e9m do convivio social, que \u00e9 uma das maiores riquezas desse tipo de evento.<\/p>\n<p><img decoding=\"async\" src=\"https:\/\/www.encontraminasgerais.com.br\/itabira\/wp-content\/uploads\/2026\/07\/quincas-da-viola-e-diego-goncalves-comandam-a-proxima-roda-de-viola-em-ipoema.webp\" alt=\"Roda de Viola\" loading=\"lazy\" \/><\/p>\n<h2>Quincas da Viola: O Guardi\u00e3o da M\u00fasica Caipira<\/h2>\n<p>Quincas da Viola \u00e9 uma figura destacada na cena da m\u00fasica caipira, conhecido por seu talento e paix\u00e3o pela cultura popular. Seu repert\u00f3rio abrange os cl\u00e1ssicos da m\u00fasica sertaneja, que ressoam com as tradi\u00e7\u00f5es e hist\u00f3rias do campo brasileiro. Ele tem se dedicado por anos \u00e0 preserva\u00e7\u00e3o da m\u00fasica de raiz, e sua apresenta\u00e7\u00e3o promete encantar e emocionar todos os presentes.<\/p>\n<h2>Diego Gon\u00e7alves: Sucessos Sertanejos ao Vivo<\/h2>\n<p>Diego Gon\u00e7alves \u00e9 um cantor e compositor que conquistou o p\u00fablico com seu estilo aut\u00eantico e suas letras que refratam o cotidiano brasileiro. Sua performance na Roda de Viola ir\u00e1 incluir sucessos que s\u00e3o querid\u00edssimos entre os f\u00e3s do g\u00eanero, fazendo todos se levantarem e cantarem juntos. \u00c9 uma oportunidade imperd\u00edvel para desfrutar de uma noite de boa m\u00fasica e boas energias.<\/p>\n<h2>Cultura Tropeira: Uma Tradi\u00e7\u00e3o Mineira<\/h2>\n<p>A Roda de Viola celebra a rica tradi\u00e7\u00e3o tropeira de Minas Gerais, um elemento cultural que \u00e9 fundamental para a identidade do estado. Ipoema \u00e9 reconhecido como um dos principais ber\u00e7os dessa tradi\u00e7\u00e3o, e o evento serve como um meio de preserv\u00e1-la e divulg\u00e1-la para as novas gera\u00e7\u00f5es. O encontro de diversas culturas e hist\u00f3rias dentro da m\u00fasica sertaneja evidencia esse importante aspecto cultural da regi\u00e3o.<\/p>\n<h2>Import\u00e2ncia do Evento para a Comunidade<\/h2>\n<p>Mais do que apenas um evento musical, a Roda de Viola desempenha um papel significativo na promo\u00e7\u00e3o da identidade cultural local. Ao reunir moradores e visitantes, ela cria um espa\u00e7o de intera\u00e7\u00e3o social e cultural, fortalecendo la\u00e7os comunit\u00e1rios. A programa\u00e7\u00e3o gratuita tamb\u00e9m democratiza o acesso \u00e0 cultura, permitindo que todos, independentemente de sua condi\u00e7\u00e3o financeira, possam participar e desfrutar da m\u00fasica e da tradi\u00e7\u00e3o.<\/p>\n<h2>Como Participar da Roda de Viola<\/h2>\n<p>Para participar da Roda de Viola, basta comparecer ao evento na data programada. N\u00e3o h\u00e1 necessidade de inscri\u00e7\u00e3o pr\u00e9via ou bilhetes, oferecendo uma experi\u00eancia acess\u00edvel a todos. Recomendamos que os visitantes cheguem cedo para garantir um bom lugar e aproveitar as melhores performances. Vestir-se confortavelmente e trazer um esp\u00edrito festivo s\u00e3o boas dicas para desfrutar ao m\u00e1ximo do evento.<\/p>\n<h2>Impacto do Turismo na Regi\u00e3o<\/h2>\n<p>A realiza\u00e7\u00e3o da Roda de Viola tamb\u00e9m \u00e9 uma importante iniciativa de fomento ao turismo em Ipoema. O evento atrai visitantes de diversas localidades, o que favorece a economia local, estimulando o com\u00e9rcio e os servi\u00e7os, como restaurantes e pousadas. Entretanto, mais do que isso, ele gera uma oportunidade de promover o patrim\u00f4nio cultural da regi\u00e3o, evidenciando a riqueza das tradi\u00e7\u00f5es mineiras e atraindo a aten\u00e7\u00e3o para as belezas naturais e culturais do munic\u00edpio.<\/p>\n<h2>Apoio da Prefeitura ao Evento<\/h2>\n<p>O evento \u00e9 uma iniciativa da Prefeitura de Itabira, que, por meio do Museu do Tropeiro, se empenha em fomentar a cultura e as tradi\u00e7\u00f5es locais. Essa a\u00e7\u00e3o demonstra o comprometimento da gest\u00e3o municipal em preservar e promover a hist\u00f3ria cultural de Ipoema, promovendo eventos que ajudem a integrar a comunidade e dar visibilidade a artistas locais. O apoio institucional \u00e9 fundamental para a continuidade de iniciativas que valorizam a cultura regional e possibilitam a sua divulga\u00e7\u00e3o abrangente.<\/p>\n","protected":false},"excerpt":{"rendered":"<p>Roda de Viola em Ipoema promete um evento cultural de m\u00fasica sertaneja com Quincas da Viola e Diego Gon\u00e7alves.<\/p>\n","protected":false},"author":1,"featured_media":6112,"comment_status":"open","ping_status":"open","sticky":false,"template":"","format":"standard","meta":{"footnotes":""},"categories":[902],"tags":[],"class_list":["post-6113","post","type-post","status-publish","format-standard","has-post-thumbnail","hentry","category-shows","has_thumb"],"yoast_head":"<!-- This site is optimized with the Yoast SEO plugin v28.1 - https:\/\/yoast.com\/product\/yoast-seo-wordpress\/ -->\n<title>Quincas da Viola e Diego Gon\u00e7alves comandam a pr\u00f3xima Roda de Viola em Ipoema | Guia Comercial de Itabira MG<\/title>\n<meta name=\"robots\" content=\"index, follow, max-snippet:-1, max-image-preview:large, max-video-preview:-1\" \/>\n<link rel=\"canonical\" href=\"https:\/\/www.encontraminasgerais.com.br\/itabira\/quincas-da-viola-e-diego-goncalves-comandam-a-proxima-roda-de-viola-em-ipoema\/\" \/>\n<meta property=\"og:locale\" content=\"pt_BR\" \/>\n<meta property=\"og:type\" content=\"article\" \/>\n<meta property=\"og:title\" content=\"Quincas da Viola e Diego Gon\u00e7alves comandam a pr\u00f3xima Roda de Viola em Ipoema | Guia Comercial de Itabira MG\" \/>\n<meta property=\"og:description\" content=\"Roda de Viola em Ipoema promete um evento cultural de m\u00fasica sertaneja com Quincas da Viola e Diego Gon\u00e7alves.\" \/>\n<meta property=\"og:url\" content=\"https:\/\/www.encontraminasgerais.com.br\/itabira\/quincas-da-viola-e-diego-goncalves-comandam-a-proxima-roda-de-viola-em-ipoema\/\" \/>\n<meta property=\"og:site_name\" content=\"Guia Comercial de Itabira MG\" \/>\n<meta property=\"article:published_time\" content=\"2026-07-26T05:00:24+00:00\" \/>\n<meta property=\"og:image\" content=\"https:\/\/www.encontraminasgerais.com.br\/itabira\/wp-content\/uploads\/2026\/07\/quincas-da-viola-e-diego-goncalves-comandam-a-proxima-roda-de-viola-em-ipoema.webp\" \/>\n<meta name=\"author\" content=\"Encontra Itabira\" \/>\n<meta name=\"twitter:card\" content=\"summary_large_image\" \/>\n<meta name=\"twitter:label1\" content=\"Escrito por\" \/>\n\t<meta name=\"twitter:data1\" content=\"Encontra Itabira\" \/>\n\t<meta name=\"twitter:label2\" content=\"Est. tempo de leitura\" \/>\n\t<meta name=\"twitter:data2\" content=\"4 minutos\" \/>\n<script type=\"application\/ld+json\" class=\"yoast-schema-graph\">{\"@context\":\"https:\\\/\\\/schema.org\",\"@graph\":[{\"@type\":\"Article\",\"@id\":\"https:\\\/\\\/www.encontraminasgerais.com.br\\\/itabira\\\/quincas-da-viola-e-diego-goncalves-comandam-a-proxima-roda-de-viola-em-ipoema\\\/#article\",\"isPartOf\":{\"@id\":\"https:\\\/\\\/www.encontraminasgerais.com.br\\\/itabira\\\/quincas-da-viola-e-diego-goncalves-comandam-a-proxima-roda-de-viola-em-ipoema\\\/\"},\"author\":{\"name\":\"Encontra Itabira\",\"@id\":\"https:\\\/\\\/www.encontraminasgerais.com.br\\\/itabira\\\/#\\\/schema\\\/person\\\/9ae8a8f5ce59322c92e2499b550870b0\"},\"headline\":\"Quincas da Viola e Diego Gon\u00e7alves comandam a pr\u00f3xima Roda de Viola em Ipoema\",\"datePublished\":\"2026-07-26T05:00:24+00:00\",\"mainEntityOfPage\":{\"@id\":\"https:\\\/\\\/www.encontraminasgerais.com.br\\\/itabira\\\/quincas-da-viola-e-diego-goncalves-comandam-a-proxima-roda-de-viola-em-ipoema\\\/\"},\"wordCount\":806,\"commentCount\":0,\"image\":{\"@id\":\"https:\\\/\\\/www.encontraminasgerais.com.br\\\/itabira\\\/quincas-da-viola-e-diego-goncalves-comandam-a-proxima-roda-de-viola-em-ipoema\\\/#primaryimage\"},\"thumbnailUrl\":\"https:\\\/\\\/www.encontraminasgerais.com.br\\\/itabira\\\/wp-content\\\/uploads\\\/2026\\\/07\\\/quincas-da-viola-e-diego-goncalves-comandam-a-proxima-roda-de-viola-em-ipoema.webp\",\"articleSection\":[\"Shows Itabira\"],\"inLanguage\":\"pt-BR\",\"potentialAction\":[{\"@type\":\"CommentAction\",\"name\":\"Comment\",\"target\":[\"https:\\\/\\\/www.encontraminasgerais.com.br\\\/itabira\\\/quincas-da-viola-e-diego-goncalves-comandam-a-proxima-roda-de-viola-em-ipoema\\\/#respond\"]}]},{\"@type\":\"WebPage\",\"@id\":\"https:\\\/\\\/www.encontraminasgerais.com.br\\\/itabira\\\/quincas-da-viola-e-diego-goncalves-comandam-a-proxima-roda-de-viola-em-ipoema\\\/\",\"url\":\"https:\\\/\\\/www.encontraminasgerais.com.br\\\/itabira\\\/quincas-da-viola-e-diego-goncalves-comandam-a-proxima-roda-de-viola-em-ipoema\\\/\",\"name\":\"Quincas da Viola e Diego Gon\u00e7alves comandam a pr\u00f3xima Roda de Viola em Ipoema | Guia Comercial de Itabira MG\",\"isPartOf\":{\"@id\":\"https:\\\/\\\/www.encontraminasgerais.com.br\\\/itabira\\\/#website\"},\"primaryImageOfPage\":{\"@id\":\"https:\\\/\\\/www.encontraminasgerais.com.br\\\/itabira\\\/quincas-da-viola-e-diego-goncalves-comandam-a-proxima-roda-de-viola-em-ipoema\\\/#primaryimage\"},\"image\":{\"@id\":\"https:\\\/\\\/www.encontraminasgerais.com.br\\\/itabira\\\/quincas-da-viola-e-diego-goncalves-comandam-a-proxima-roda-de-viola-em-ipoema\\\/#primaryimage\"},\"thumbnailUrl\":\"https:\\\/\\\/www.encontraminasgerais.com.br\\\/itabira\\\/wp-content\\\/uploads\\\/2026\\\/07\\\/quincas-da-viola-e-diego-goncalves-comandam-a-proxima-roda-de-viola-em-ipoema.webp\",\"datePublished\":\"2026-07-26T05:00:24+00:00\",\"author\":{\"@id\":\"https:\\\/\\\/www.encontraminasgerais.com.br\\\/itabira\\\/#\\\/schema\\\/person\\\/9ae8a8f5ce59322c92e2499b550870b0\"},\"inLanguage\":\"pt-BR\",\"potentialAction\":[{\"@type\":\"ReadAction\",\"target\":[\"https:\\\/\\\/www.encontraminasgerais.com.br\\\/itabira\\\/quincas-da-viola-e-diego-goncalves-comandam-a-proxima-roda-de-viola-em-ipoema\\\/\"]}]},{\"@type\":\"ImageObject\",\"inLanguage\":\"pt-BR\",\"@id\":\"https:\\\/\\\/www.encontraminasgerais.com.br\\\/itabira\\\/quincas-da-viola-e-diego-goncalves-comandam-a-proxima-roda-de-viola-em-ipoema\\\/#primaryimage\",\"url\":\"https:\\\/\\\/www.encontraminasgerais.com.br\\\/itabira\\\/wp-content\\\/uploads\\\/2026\\\/07\\\/quincas-da-viola-e-diego-goncalves-comandam-a-proxima-roda-de-viola-em-ipoema.webp\",\"contentUrl\":\"https:\\\/\\\/www.encontraminasgerais.com.br\\\/itabira\\\/wp-content\\\/uploads\\\/2026\\\/07\\\/quincas-da-viola-e-diego-goncalves-comandam-a-proxima-roda-de-viola-em-ipoema.webp\",\"width\":280,\"height\":280,\"caption\":\"Roda de Viola\"},{\"@type\":\"WebSite\",\"@id\":\"https:\\\/\\\/www.encontraminasgerais.com.br\\\/itabira\\\/#website\",\"url\":\"https:\\\/\\\/www.encontraminasgerais.com.br\\\/itabira\\\/\",\"name\":\"Guia Comercial de Itabira MG\",\"description\":\"ENCONTRA ITABIRA - O guia comercial de neg\u00f3cios e empresas, cultura e divers\u00e3o na cidade de Itabira. Feito 100% para voc\u00ea morador!\",\"potentialAction\":[{\"@type\":\"SearchAction\",\"target\":{\"@type\":\"EntryPoint\",\"urlTemplate\":\"https:\\\/\\\/www.encontraminasgerais.com.br\\\/itabira\\\/?s={search_term_string}\"},\"query-input\":{\"@type\":\"PropertyValueSpecification\",\"valueRequired\":true,\"valueName\":\"search_term_string\"}}],\"inLanguage\":\"pt-BR\"},{\"@type\":\"Person\",\"@id\":\"https:\\\/\\\/www.encontraminasgerais.com.br\\\/itabira\\\/#\\\/schema\\\/person\\\/9ae8a8f5ce59322c92e2499b550870b0\",\"name\":\"Encontra Itabira\",\"image\":{\"@type\":\"ImageObject\",\"inLanguage\":\"pt-BR\",\"@id\":\"https:\\\/\\\/secure.gravatar.com\\\/avatar\\\/c50c17820bcf322f0a8fd6b110b8c0918141409dc69076470f6fca5fee70a5d4?s=96&d=mm&r=g\",\"url\":\"https:\\\/\\\/secure.gravatar.com\\\/avatar\\\/c50c17820bcf322f0a8fd6b110b8c0918141409dc69076470f6fca5fee70a5d4?s=96&d=mm&r=g\",\"contentUrl\":\"https:\\\/\\\/secure.gravatar.com\\\/avatar\\\/c50c17820bcf322f0a8fd6b110b8c0918141409dc69076470f6fca5fee70a5d4?s=96&d=mm&r=g\",\"caption\":\"Encontra Itabira\"},\"url\":\"https:\\\/\\\/www.encontraminasgerais.com.br\\\/itabira\\\/author\\\/encontraitabira\\\/\"}]}<\/script>\n<!-- \/ Yoast SEO plugin. -->","yoast_head_json":{"title":"Quincas da Viola e Diego Gon\u00e7alves comandam a pr\u00f3xima Roda de Viola em Ipoema | Guia Comercial de Itabira MG","robots":{"index":"index","follow":"follow","max-snippet":"max-snippet:-1","max-image-preview":"max-image-preview:large","max-video-preview":"max-video-preview:-1"},"canonical":"https:\/\/www.encontraminasgerais.com.br\/itabira\/quincas-da-viola-e-diego-goncalves-comandam-a-proxima-roda-de-viola-em-ipoema\/","og_locale":"pt_BR","og_type":"article","og_title":"Quincas da Viola e Diego Gon\u00e7alves comandam a pr\u00f3xima Roda de Viola em Ipoema | Guia Comercial de Itabira MG","og_description":"Roda de Viola em Ipoema promete um evento cultural de m\u00fasica sertaneja com Quincas da Viola e Diego Gon\u00e7alves.","og_url":"https:\/\/www.encontraminasgerais.com.br\/itabira\/quincas-da-viola-e-diego-goncalves-comandam-a-proxima-roda-de-viola-em-ipoema\/","og_site_name":"Guia Comercial de Itabira MG","article_published_time":"2026-07-26T05:00:24+00:00","og_image":[{"url":"https:\/\/www.encontraminasgerais.com.br\/itabira\/wp-content\/uploads\/2026\/07\/quincas-da-viola-e-diego-goncalves-comandam-a-proxima-roda-de-viola-em-ipoema.webp","type":"","width":"","height":""}],"author":"Encontra Itabira","twitter_card":"summary_large_image","twitter_misc":{"Escrito por":"Encontra Itabira","Est. tempo de leitura":"4 minutos"},"schema":{"@context":"https:\/\/schema.org","@graph":[{"@type":"Article","@id":"https:\/\/www.encontraminasgerais.com.br\/itabira\/quincas-da-viola-e-diego-goncalves-comandam-a-proxima-roda-de-viola-em-ipoema\/#article","isPartOf":{"@id":"https:\/\/www.encontraminasgerais.com.br\/itabira\/quincas-da-viola-e-diego-goncalves-comandam-a-proxima-roda-de-viola-em-ipoema\/"},"author":{"name":"Encontra Itabira","@id":"https:\/\/www.encontraminasgerais.com.br\/itabira\/#\/schema\/person\/9ae8a8f5ce59322c92e2499b550870b0"},"headline":"Quincas da Viola e Diego Gon\u00e7alves comandam a pr\u00f3xima Roda de Viola em Ipoema","datePublished":"2026-07-26T05:00:24+00:00","mainEntityOfPage":{"@id":"https:\/\/www.encontraminasgerais.com.br\/itabira\/quincas-da-viola-e-diego-goncalves-comandam-a-proxima-roda-de-viola-em-ipoema\/"},"wordCount":806,"commentCount":0,"image":{"@id":"https:\/\/www.encontraminasgerais.com.br\/itabira\/quincas-da-viola-e-diego-goncalves-comandam-a-proxima-roda-de-viola-em-ipoema\/#primaryimage"},"thumbnailUrl":"https:\/\/www.encontraminasgerais.com.br\/itabira\/wp-content\/uploads\/2026\/07\/quincas-da-viola-e-diego-goncalves-comandam-a-proxima-roda-de-viola-em-ipoema.webp","articleSection":["Shows Itabira"],"inLanguage":"pt-BR","potentialAction":[{"@type":"CommentAction","name":"Comment","target":["https:\/\/www.encontraminasgerais.com.br\/itabira\/quincas-da-viola-e-diego-goncalves-comandam-a-proxima-roda-de-viola-em-ipoema\/#respond"]}]},{"@type":"WebPage","@id":"https:\/\/www.encontraminasgerais.com.br\/itabira\/quincas-da-viola-e-diego-goncalves-comandam-a-proxima-roda-de-viola-em-ipoema\/","url":"https:\/\/www.encontraminasgerais.com.br\/itabira\/quincas-da-viola-e-diego-goncalves-comandam-a-proxima-roda-de-viola-em-ipoema\/","name":"Quincas da Viola e Diego Gon\u00e7alves comandam a pr\u00f3xima Roda de Viola em Ipoema | Guia Comercial de Itabira MG","isPartOf":{"@id":"https:\/\/www.encontraminasgerais.com.br\/itabira\/#website"},"primaryImageOfPage":{"@id":"https:\/\/www.encontraminasgerais.com.br\/itabira\/quincas-da-viola-e-diego-goncalves-comandam-a-proxima-roda-de-viola-em-ipoema\/#primaryimage"},"image":{"@id":"https:\/\/www.encontraminasgerais.com.br\/itabira\/quincas-da-viola-e-diego-goncalves-comandam-a-proxima-roda-de-viola-em-ipoema\/#primaryimage"},"thumbnailUrl":"https:\/\/www.encontraminasgerais.com.br\/itabira\/wp-content\/uploads\/2026\/07\/quincas-da-viola-e-diego-goncalves-comandam-a-proxima-roda-de-viola-em-ipoema.webp","datePublished":"2026-07-26T05:00:24+00:00","author":{"@id":"https:\/\/www.encontraminasgerais.com.br\/itabira\/#\/schema\/person\/9ae8a8f5ce59322c92e2499b550870b0"},"inLanguage":"pt-BR","potentialAction":[{"@type":"ReadAction","target":["https:\/\/www.encontraminasgerais.com.br\/itabira\/quincas-da-viola-e-diego-goncalves-comandam-a-proxima-roda-de-viola-em-ipoema\/"]}]},{"@type":"ImageObject","inLanguage":"pt-BR","@id":"https:\/\/www.encontraminasgerais.com.br\/itabira\/quincas-da-viola-e-diego-goncalves-comandam-a-proxima-roda-de-viola-em-ipoema\/#primaryimage","url":"https:\/\/www.encontraminasgerais.com.br\/itabira\/wp-content\/uploads\/2026\/07\/quincas-da-viola-e-diego-goncalves-comandam-a-proxima-roda-de-viola-em-ipoema.webp","contentUrl":"https:\/\/www.encontraminasgerais.com.br\/itabira\/wp-content\/uploads\/2026\/07\/quincas-da-viola-e-diego-goncalves-comandam-a-proxima-roda-de-viola-em-ipoema.webp","width":280,"height":280,"caption":"Roda de Viola"},{"@type":"WebSite","@id":"https:\/\/www.encontraminasgerais.com.br\/itabira\/#website","url":"https:\/\/www.encontraminasgerais.com.br\/itabira\/","name":"Guia Comercial de Itabira MG","description":"ENCONTRA ITABIRA - O guia comercial de neg\u00f3cios e empresas, cultura e divers\u00e3o na cidade de Itabira. Feito 100% para voc\u00ea morador!","potentialAction":[{"@type":"SearchAction","target":{"@type":"EntryPoint","urlTemplate":"https:\/\/www.encontraminasgerais.com.br\/itabira\/?s={search_term_string}"},"query-input":{"@type":"PropertyValueSpecification","valueRequired":true,"valueName":"search_term_string"}}],"inLanguage":"pt-BR"},{"@type":"Person","@id":"https:\/\/www.encontraminasgerais.com.br\/itabira\/#\/schema\/person\/9ae8a8f5ce59322c92e2499b550870b0","name":"Encontra Itabira","image":{"@type":"ImageObject","inLanguage":"pt-BR","@id":"https:\/\/secure.gravatar.com\/avatar\/c50c17820bcf322f0a8fd6b110b8c0918141409dc69076470f6fca5fee70a5d4?s=96&d=mm&r=g","url":"https:\/\/secure.gravatar.com\/avatar\/c50c17820bcf322f0a8fd6b110b8c0918141409dc69076470f6fca5fee70a5d4?s=96&d=mm&r=g","contentUrl":"https:\/\/secure.gravatar.com\/avatar\/c50c17820bcf322f0a8fd6b110b8c0918141409dc69076470f6fca5fee70a5d4?s=96&d=mm&r=g","caption":"Encontra Itabira"},"url":"https:\/\/www.encontraminasgerais.com.br\/itabira\/author\/encontraitabira\/"}]}},"_links":{"self":[{"href":"https:\/\/www.encontraminasgerais.com.br\/itabira\/wp-json\/wp\/v2\/posts\/6113","targetHints":{"allow":["GET"]}}],"collection":[{"href":"https:\/\/www.encontraminasgerais.com.br\/itabira\/wp-json\/wp\/v2\/posts"}],"about":[{"href":"https:\/\/www.encontraminasgerais.com.br\/itabira\/wp-json\/wp\/v2\/types\/post"}],"author":[{"embeddable":true,"href":"https:\/\/www.encontraminasgerais.com.br\/itabira\/wp-json\/wp\/v2\/users\/1"}],"replies":[{"embeddable":true,"href":"https:\/\/www.encontraminasgerais.com.br\/itabira\/wp-json\/wp\/v2\/comments?post=6113"}],"version-history":[{"count":0,"href":"https:\/\/www.encontraminasgerais.com.br\/itabira\/wp-json\/wp\/v2\/posts\/6113\/revisions"}],"wp:featuredmedia":[{"embeddable":true,"href":"https:\/\/www.encontraminasgerais.com.br\/itabira\/wp-json\/wp\/v2\/media\/6112"}],"wp:attachment":[{"href":"https:\/\/www.encontraminasgerais.com.br\/itabira\/wp-json\/wp\/v2\/media?parent=6113"}],"wp:term":[{"taxonomy":"category","embeddable":true,"href":"https:\/\/www.encontraminasgerais.com.br\/itabira\/wp-json\/wp\/v2\/categories?post=6113"},{"taxonomy":"post_tag","embeddable":true,"href":"https:\/\/www.encontraminasgerais.com.br\/itabira\/wp-json\/wp\/v2\/tags?post=6113"}],"curies":[{"name":"wp","href":"https:\/\/api.w.org\/{rel}","templated":true}]}}